{"id":21256,"date":"2022-06-07T09:00:23","date_gmt":"2022-06-07T12:00:23","guid":{"rendered":"http:\/\/ubanews.com\/site\/?p=21256"},"modified":"2022-06-23T13:31:14","modified_gmt":"2022-06-23T16:31:14","slug":"aguas-de-uba-e-vencedor-do-premio-de-boas-praticas-da-amm","status":"publish","type":"post","link":"https:\/\/ubanews.com\/site\/2022\/06\/07\/aguas-de-uba-e-vencedor-do-premio-de-boas-praticas-da-amm\/","title":{"rendered":"\u00c1GUAS DE UB\u00c1 \u00c9 VENCEDOR DO PR\u00caMIO DE BOAS PR\u00c1TICAS DA AMM"},"content":{"rendered":"<p style=\"font-weight: 400;\">Com &nbsp;o projeto&nbsp;<strong><em>&#8220;\u00c1guas de Ub\u00e1: Revitaliza\u00e7\u00e3o de Bacias Hidrogr\u00e1ficas e Pagamento por Servi\u00e7os Ambientais (PSA)&#8221;<\/em><\/strong>, o munic\u00edpio de Ub\u00e1 foi o vencedor do eixo Meio Ambiente do X Pr\u00eamio Mineiro de Boas Pr\u00e1ticas na Gest\u00e3o Municipal, promovido pela Associa\u00e7\u00e3o Mineira de Munic\u00edpios (AMM). A premia\u00e7\u00e3o foi realizada na \u00faltima &nbsp;quarta-feira, dia 1\u00ba de junho, durante a programa\u00e7\u00e3o do 37\u00ba &nbsp;Congresso Mineiro de Munic\u00edpios, em Belo Horizonte.<\/p>\n<p style=\"font-weight: 400;\">Tr\u00eas projetos finalistas em cada um dos nove eixos (Assist\u00eancia Social, Cultura, Economia, Educa\u00e7\u00e3o, Esporte, Governan\u00e7a, Meio Ambiente, Sa\u00fade e Turismo) j\u00e1 haviam sido anunciados no dia 25\/03. Com recorde de inscritos, a edi\u00e7\u00e3o de 2022 do Pr\u00eamio contou com mais de 420 projetos apresentados.<\/p>\n<p style=\"font-weight: 400;\">O Prefeito Edson Teixeira Filho, acompanhado de equipe t\u00e9cnica das secretarias de Ambiente e de Planejamento, participou da premia\u00e7\u00e3o e recebeu, sob aplausos, o trof\u00e9u em reconhecimento \u00e0 melhor pr\u00e1tica apresentada.<\/p>\n<p><a href=\"https:\/\/ubanews.com\/site\/wp-content\/uploads\/2022\/06\/FOTO-1.jpeg\"><img decoding=\"async\" class=\"aligncenter size-full wp-image-21257 lazyload\" data-src=\"https:\/\/ubanews.com\/site\/wp-content\/uploads\/2022\/06\/FOTO-1.jpeg\" alt=\"\" width=\"1600\" height=\"1200\" data-srcset=\"https:\/\/ubanews.com\/site\/wp-content\/uploads\/2022\/06\/FOTO-1.jpeg 1600w, https:\/\/ubanews.com\/site\/wp-content\/uploads\/2022\/06\/FOTO-1-300x225.jpeg 300w, https:\/\/ubanews.com\/site\/wp-content\/uploads\/2022\/06\/FOTO-1-1024x768.jpeg 1024w, https:\/\/ubanews.com\/site\/wp-content\/uploads\/2022\/06\/FOTO-1-768x576.jpeg 768w, https:\/\/ubanews.com\/site\/wp-content\/uploads\/2022\/06\/FOTO-1-1536x1152.jpeg 1536w\" data-sizes=\"(max-width: 1600px) 100vw, 1600px\" src=\"data:image\/svg+xml;base64,PHN2ZyB3aWR0aD0iMSIgaGVpZ2h0PSIxIiB4bWxucz0iaHR0cDovL3d3dy53My5vcmcvMjAwMC9zdmciPjwvc3ZnPg==\" style=\"--smush-placeholder-width: 1600px; --smush-placeholder-aspect-ratio: 1600\/1200;\" \/><\/a><\/p>\n<p style=\"font-weight: 400;\">Ao longo da programa\u00e7\u00e3o do Congresso, Kits com produtos da agricultura familiar e da ind\u00fastria local foram distribu\u00eddos aos participantes do evento como forma de divulgar a produ\u00e7\u00e3o do munic\u00edpio.<\/p>\n<p style=\"font-weight: 400;\">\u201cUb\u00e1 recebe esse pr\u00eamio com muita alegria. Esse reconhecimento demonstra que estamos no caminho certo e que o nosso munic\u00edpio pode se orgulhar desta iniciativa, que \u00e9 refer\u00eancia para toda Minas Gerais e j\u00e1 traz resultados concretos para a vida dos produtores rurais contratados e para a produ\u00e7\u00e3o de \u00e1gua da nossa cidade. Agrade\u00e7o \u00e0 AMM por essa oportunidade e parabenizo a todos que participaram desse grande pr\u00eamio. Esse evento nos proporcionou grandes aprendizados e trocas com os demais munic\u00edpios participantes e com as pr\u00e1ticas aqui apresentadas. Agrade\u00e7o a toda nossa equipe, aos parceiros do PSA, e principalmente aos produtores rurais que abriram as suas propriedades para a Prefeitura e confiaram no nosso projeto, que e tornou-se objeto do nosso plano de governo como uma meta a ser perseguida\u201d, declarou o prefeito Edson Teixeira Filho, engenheiro agr\u00f4nomo e um dos principais idealizadores do projeto.<\/p>\n<p><a href=\"https:\/\/ubanews.com\/site\/wp-content\/uploads\/2022\/06\/FOTO-2.jpeg\"><img decoding=\"async\" class=\"aligncenter size-full wp-image-21258 lazyload\" data-src=\"https:\/\/ubanews.com\/site\/wp-content\/uploads\/2022\/06\/FOTO-2.jpeg\" alt=\"\" width=\"1200\" height=\"1600\" data-srcset=\"https:\/\/ubanews.com\/site\/wp-content\/uploads\/2022\/06\/FOTO-2.jpeg 1200w, https:\/\/ubanews.com\/site\/wp-content\/uploads\/2022\/06\/FOTO-2-225x300.jpeg 225w, https:\/\/ubanews.com\/site\/wp-content\/uploads\/2022\/06\/FOTO-2-768x1024.jpeg 768w, https:\/\/ubanews.com\/site\/wp-content\/uploads\/2022\/06\/FOTO-2-1152x1536.jpeg 1152w\" data-sizes=\"(max-width: 1200px) 100vw, 1200px\" src=\"data:image\/svg+xml;base64,PHN2ZyB3aWR0aD0iMSIgaGVpZ2h0PSIxIiB4bWxucz0iaHR0cDovL3d3dy53My5vcmcvMjAwMC9zdmciPjwvc3ZnPg==\" style=\"--smush-placeholder-width: 1200px; --smush-placeholder-aspect-ratio: 1200\/1600;\" \/><\/a><\/p>\n<p style=\"font-weight: 400;\"><strong>&#8220;\u00c1guas de Ub\u00e1: Revitaliza\u00e7\u00e3o de Bacias Hidrogr\u00e1ficas e Pagamentos por Servi\u00e7os Ambientais (PSA)&#8221;<\/strong><\/p>\n<p style=\"font-weight: 400;\">O projeto &#8220;\u00c1guas de Ub\u00e1&#8221; destaca as iniciativas implementadas pela Prefeitura de Ub\u00e1, desde 2017, visando a revers\u00e3o do hist\u00f3rico de crises h\u00eddricas atrav\u00e9s de pr\u00e1ticas de conserva\u00e7\u00e3o de \u00e1gua e solo em propriedades rurais inseridas em \u00e1reas de cabeceira do Ribeir\u00e3o Ub\u00e1. Al\u00e9m disso, apresenta o uso do PSA (Pagamentos por Servi\u00e7os Ambientais) como ferramenta de est\u00edmulo aos produtores rurais no trato com as \u00e1guas, recebendo apoio t\u00e9cnico e financeiro.<\/p>\n<p style=\"font-weight: 400;\">No primeiro semestre de 2021, o PSA de Ub\u00e1 j\u00e1 havia alcan\u00e7ado destaque nacional atrav\u00e9s de reportagem veiculada no programa de TV Globo Rural (<strong><a href=\"https:\/\/www.youtube.com\/watch?v=KMazo5F2oZU\" data-saferedirecturl=\"https:\/\/www.google.com\/url?q=https:\/\/www.youtube.com\/watch?v%3DKMazo5F2oZU&amp;source=gmail&amp;ust=1656083744698000&amp;usg=AOvVaw0bXHkRodgZ9QqZ4Z9_WW-O\">CLIQUE AQUI<\/a><\/strong>&nbsp;para assistir). Em novembro de 2021, sagrou-se&nbsp;<strong><a href=\"https:\/\/www.uba.mg.gov.br\/detalhe-da-materia\/info\/psa-conquista-1o-lugar-em-premiacao-estadual-de-boas-praticas-ambientais\/185298\" data-saferedirecturl=\"https:\/\/www.google.com\/url?q=https:\/\/www.uba.mg.gov.br\/detalhe-da-materia\/info\/psa-conquista-1o-lugar-em-premiacao-estadual-de-boas-praticas-ambientais\/185298&amp;source=gmail&amp;ust=1656083744698000&amp;usg=AOvVaw0LTGOpwUsyE2Fi17M7eR4O\">vencedor do Pr\u00eamio de Boas Pr\u00e1ticas Ambientais da Secretaria de Estado de Meio Ambiente<\/a><\/strong>. Mais recentemente, em mar\u00e7o de 2022, foi destaque na programa\u00e7\u00e3o do Canal do Boi (<strong><a href=\"https:\/\/sba1.com\/noticias\/noticia\/18911\/Produtores-rurais-garantem-agua-para-rio-que-abastece-municipio-de-MG\" data-saferedirecturl=\"https:\/\/www.google.com\/url?q=https:\/\/sba1.com\/noticias\/noticia\/18911\/Produtores-rurais-garantem-agua-para-rio-que-abastece-municipio-de-MG&amp;source=gmail&amp;ust=1656083744698000&amp;usg=AOvVaw2NZ62AqRUXPl8ooHZAgIzR\">CLIQUE AQUI<\/a><\/strong>&nbsp;para assistir).<\/p>\n<p><a href=\"https:\/\/ubanews.com\/site\/wp-content\/uploads\/2022\/06\/FOTO-4.jpeg\"><img decoding=\"async\" class=\"aligncenter size-full wp-image-21259 lazyload\" data-src=\"https:\/\/ubanews.com\/site\/wp-content\/uploads\/2022\/06\/FOTO-4.jpeg\" alt=\"\" width=\"1600\" height=\"720\" data-srcset=\"https:\/\/ubanews.com\/site\/wp-content\/uploads\/2022\/06\/FOTO-4.jpeg 1600w, https:\/\/ubanews.com\/site\/wp-content\/uploads\/2022\/06\/FOTO-4-300x135.jpeg 300w, https:\/\/ubanews.com\/site\/wp-content\/uploads\/2022\/06\/FOTO-4-1024x461.jpeg 1024w, https:\/\/ubanews.com\/site\/wp-content\/uploads\/2022\/06\/FOTO-4-768x346.jpeg 768w, https:\/\/ubanews.com\/site\/wp-content\/uploads\/2022\/06\/FOTO-4-1536x691.jpeg 1536w\" data-sizes=\"(max-width: 1600px) 100vw, 1600px\" src=\"data:image\/svg+xml;base64,PHN2ZyB3aWR0aD0iMSIgaGVpZ2h0PSIxIiB4bWxucz0iaHR0cDovL3d3dy53My5vcmcvMjAwMC9zdmciPjwvc3ZnPg==\" style=\"--smush-placeholder-width: 1600px; --smush-placeholder-aspect-ratio: 1600\/720;\" \/><\/a><\/p>\n<p style=\"font-weight: 400;\">Para saber mais sobre o PSA de Ub\u00e1,&nbsp;<strong><a href=\"https:\/\/www.uba.mg.gov.br\/detalhe-da-materia\/info\/conheca-o-programa-municipal-de-pagamento-por-servicos-ambientais-psa\/174516\" data-saferedirecturl=\"https:\/\/www.google.com\/url?q=https:\/\/www.uba.mg.gov.br\/detalhe-da-materia\/info\/conheca-o-programa-municipal-de-pagamento-por-servicos-ambientais-psa\/174516&amp;source=gmail&amp;ust=1656083744698000&amp;usg=AOvVaw26zkQCkQbtVq4sZMYNkbPe\">CLIQUE AQUI<\/a><\/strong>.<\/p>\n<p style=\"font-weight: 400;\">Assessoria de Comunica\u00e7\u00e3o<\/p>\n<p style=\"font-weight: 400;\">Prefeitura de Ub\u00e1<\/p>\n","protected":false},"excerpt":{"rendered":"<p>Com &nbsp;o projeto&nbsp;&#8220;\u00c1guas de Ub\u00e1: Revitaliza\u00e7\u00e3o de Bacias Hidrogr\u00e1ficas e<\/p>\n","protected":false},"author":2,"featured_media":21260,"comment_status":"open","ping_status":"open","sticky":false,"template":"","format":"standard","meta":{"footnotes":""},"categories":[15,3],"tags":[],"class_list":["post-21256","post","type-post","status-publish","format-standard","has-post-thumbnail","hentry","category-prefeitura-municipal","category-slide"],"yoast_head":"<!-- This site is optimized with the Yoast SEO plugin v27.2 - https:\/\/yoast.com\/product\/yoast-seo-wordpress\/ -->\n<title>\u00c1GUAS DE UB\u00c1 \u00c9 VENCEDOR DO PR\u00caMIO DE BOAS PR\u00c1TICAS DA AMM - Ub\u00e1 News<\/title>\n<meta name=\"robots\" content=\"index, follow, max-snippet:-1, max-image-preview:large, max-video-preview:-1\" \/>\n<link rel=\"canonical\" href=\"https:\/\/ubanews.com\/site\/2022\/06\/07\/aguas-de-uba-e-vencedor-do-premio-de-boas-praticas-da-amm\/\" \/>\n<meta property=\"og:locale\" content=\"pt_BR\" \/>\n<meta property=\"og:type\" content=\"article\" \/>\n<meta property=\"og:title\" content=\"\u00c1GUAS DE UB\u00c1 \u00c9 VENCEDOR DO PR\u00caMIO DE BOAS PR\u00c1TICAS DA AMM - Ub\u00e1 News\" \/>\n<meta property=\"og:description\" content=\"Com &nbsp;o projeto&nbsp;&#8220;\u00c1guas de Ub\u00e1: Revitaliza\u00e7\u00e3o de Bacias Hidrogr\u00e1ficas e\" \/>\n<meta property=\"og:url\" content=\"https:\/\/ubanews.com\/site\/2022\/06\/07\/aguas-de-uba-e-vencedor-do-premio-de-boas-praticas-da-amm\/\" \/>\n<meta property=\"og:site_name\" content=\"Ub\u00e1 News\" \/>\n<meta property=\"article:publisher\" content=\"https:\/\/www.facebook.com\/Ub%c3%a1News-Carlos-Roberto-Sodr%c3%a9-418778301977370\" \/>\n<meta property=\"article:author\" content=\"https:\/\/www.facebook.com\/carosroberto.sodre.5\/\" \/>\n<meta property=\"article:published_time\" content=\"2022-06-07T12:00:23+00:00\" \/>\n<meta property=\"article:modified_time\" content=\"2022-06-23T16:31:14+00:00\" \/>\n<meta property=\"og:image\" content=\"https:\/\/ubanews.com\/site\/wp-content\/uploads\/2022\/06\/Sem-titulo.jpg\" \/>\n\t<meta property=\"og:image:width\" content=\"1000\" \/>\n\t<meta property=\"og:image:height\" content=\"500\" \/>\n\t<meta property=\"og:image:type\" content=\"image\/jpeg\" \/>\n<meta name=\"author\" content=\"Sodr\u00e9\" \/>\n<meta name=\"twitter:card\" content=\"summary_large_image\" \/>\n<meta name=\"twitter:label1\" content=\"Escrito por\" \/>\n\t<meta name=\"twitter:data1\" content=\"Sodr\u00e9\" \/>\n\t<meta name=\"twitter:label2\" content=\"Est. tempo de leitura\" \/>\n\t<meta name=\"twitter:data2\" content=\"3 minutos\" \/>\n<script type=\"application\/ld+json\" class=\"yoast-schema-graph\">{\"@context\":\"https:\/\/schema.org\",\"@graph\":[{\"@type\":\"Article\",\"@id\":\"https:\/\/ubanews.com\/site\/2022\/06\/07\/aguas-de-uba-e-vencedor-do-premio-de-boas-praticas-da-amm\/#article\",\"isPartOf\":{\"@id\":\"https:\/\/ubanews.com\/site\/2022\/06\/07\/aguas-de-uba-e-vencedor-do-premio-de-boas-praticas-da-amm\/\"},\"author\":{\"name\":\"Sodr\u00e9\",\"@id\":\"https:\/\/ubanews.com\/site\/#\/schema\/person\/d90c9e47252fbb63dcc969fe4c8b9d10\"},\"headline\":\"\u00c1GUAS DE UB\u00c1 \u00c9 VENCEDOR DO PR\u00caMIO DE BOAS PR\u00c1TICAS DA AMM\",\"datePublished\":\"2022-06-07T12:00:23+00:00\",\"dateModified\":\"2022-06-23T16:31:14+00:00\",\"mainEntityOfPage\":{\"@id\":\"https:\/\/ubanews.com\/site\/2022\/06\/07\/aguas-de-uba-e-vencedor-do-premio-de-boas-praticas-da-amm\/\"},\"wordCount\":550,\"commentCount\":0,\"publisher\":{\"@id\":\"https:\/\/ubanews.com\/site\/#organization\"},\"image\":{\"@id\":\"https:\/\/ubanews.com\/site\/2022\/06\/07\/aguas-de-uba-e-vencedor-do-premio-de-boas-praticas-da-amm\/#primaryimage\"},\"thumbnailUrl\":\"https:\/\/ubanews.com\/site\/wp-content\/uploads\/2022\/06\/Sem-titulo.jpg\",\"articleSection\":[\"Prefeitura Municipal\",\"Slide\"],\"inLanguage\":\"pt-BR\",\"potentialAction\":[{\"@type\":\"CommentAction\",\"name\":\"Comment\",\"target\":[\"https:\/\/ubanews.com\/site\/2022\/06\/07\/aguas-de-uba-e-vencedor-do-premio-de-boas-praticas-da-amm\/#respond\"]}]},{\"@type\":\"WebPage\",\"@id\":\"https:\/\/ubanews.com\/site\/2022\/06\/07\/aguas-de-uba-e-vencedor-do-premio-de-boas-praticas-da-amm\/\",\"url\":\"https:\/\/ubanews.com\/site\/2022\/06\/07\/aguas-de-uba-e-vencedor-do-premio-de-boas-praticas-da-amm\/\",\"name\":\"\u00c1GUAS DE UB\u00c1 \u00c9 VENCEDOR DO PR\u00caMIO DE BOAS PR\u00c1TICAS DA AMM - Ub\u00e1 News\",\"isPartOf\":{\"@id\":\"https:\/\/ubanews.com\/site\/#website\"},\"primaryImageOfPage\":{\"@id\":\"https:\/\/ubanews.com\/site\/2022\/06\/07\/aguas-de-uba-e-vencedor-do-premio-de-boas-praticas-da-amm\/#primaryimage\"},\"image\":{\"@id\":\"https:\/\/ubanews.com\/site\/2022\/06\/07\/aguas-de-uba-e-vencedor-do-premio-de-boas-praticas-da-amm\/#primaryimage\"},\"thumbnailUrl\":\"https:\/\/ubanews.com\/site\/wp-content\/uploads\/2022\/06\/Sem-titulo.jpg\",\"datePublished\":\"2022-06-07T12:00:23+00:00\",\"dateModified\":\"2022-06-23T16:31:14+00:00\",\"breadcrumb\":{\"@id\":\"https:\/\/ubanews.com\/site\/2022\/06\/07\/aguas-de-uba-e-vencedor-do-premio-de-boas-praticas-da-amm\/#breadcrumb\"},\"inLanguage\":\"pt-BR\",\"potentialAction\":[{\"@type\":\"ReadAction\",\"target\":[\"https:\/\/ubanews.com\/site\/2022\/06\/07\/aguas-de-uba-e-vencedor-do-premio-de-boas-praticas-da-amm\/\"]}]},{\"@type\":\"ImageObject\",\"inLanguage\":\"pt-BR\",\"@id\":\"https:\/\/ubanews.com\/site\/2022\/06\/07\/aguas-de-uba-e-vencedor-do-premio-de-boas-praticas-da-amm\/#primaryimage\",\"url\":\"https:\/\/ubanews.com\/site\/wp-content\/uploads\/2022\/06\/Sem-titulo.jpg\",\"contentUrl\":\"https:\/\/ubanews.com\/site\/wp-content\/uploads\/2022\/06\/Sem-titulo.jpg\",\"width\":1000,\"height\":500},{\"@type\":\"BreadcrumbList\",\"@id\":\"https:\/\/ubanews.com\/site\/2022\/06\/07\/aguas-de-uba-e-vencedor-do-premio-de-boas-praticas-da-amm\/#breadcrumb\",\"itemListElement\":[{\"@type\":\"ListItem\",\"position\":1,\"name\":\"Home\",\"item\":\"https:\/\/ubanews.com\/site\/\"},{\"@type\":\"ListItem\",\"position\":2,\"name\":\"\u00c1GUAS DE UB\u00c1 \u00c9 VENCEDOR DO PR\u00caMIO DE BOAS PR\u00c1TICAS DA AMM\"}]},{\"@type\":\"WebSite\",\"@id\":\"https:\/\/ubanews.com\/site\/#website\",\"url\":\"https:\/\/ubanews.com\/site\/\",\"name\":\"Ub\u00e1 News\",\"description\":\"\",\"publisher\":{\"@id\":\"https:\/\/ubanews.com\/site\/#organization\"},\"potentialAction\":[{\"@type\":\"SearchAction\",\"target\":{\"@type\":\"EntryPoint\",\"urlTemplate\":\"https:\/\/ubanews.com\/site\/?s={search_term_string}\"},\"query-input\":{\"@type\":\"PropertyValueSpecification\",\"valueRequired\":true,\"valueName\":\"search_term_string\"}}],\"inLanguage\":\"pt-BR\"},{\"@type\":\"Organization\",\"@id\":\"https:\/\/ubanews.com\/site\/#organization\",\"name\":\"Ub\u00e1 News\",\"url\":\"https:\/\/ubanews.com\/site\/\",\"logo\":{\"@type\":\"ImageObject\",\"inLanguage\":\"pt-BR\",\"@id\":\"https:\/\/ubanews.com\/site\/#\/schema\/logo\/image\/\",\"url\":\"https:\/\/ubanews.com\/site\/wp-content\/uploads\/2018\/01\/logoubanews.png\",\"contentUrl\":\"https:\/\/ubanews.com\/site\/wp-content\/uploads\/2018\/01\/logoubanews.png\",\"width\":261,\"height\":99,\"caption\":\"Ub\u00e1 News\"},\"image\":{\"@id\":\"https:\/\/ubanews.com\/site\/#\/schema\/logo\/image\/\"},\"sameAs\":[\"https:\/\/www.facebook.com\/Ub\u00e1News-Carlos-Roberto-Sodr\u00e9-418778301977370\"]},{\"@type\":\"Person\",\"@id\":\"https:\/\/ubanews.com\/site\/#\/schema\/person\/d90c9e47252fbb63dcc969fe4c8b9d10\",\"name\":\"Sodr\u00e9\",\"image\":{\"@type\":\"ImageObject\",\"inLanguage\":\"pt-BR\",\"@id\":\"https:\/\/secure.gravatar.com\/avatar\/5ba2793f0590b9dbfad3fdec4ee714485b3eef211c9b32ee53d414060454a56c?s=96&d=mm&r=g\",\"url\":\"https:\/\/secure.gravatar.com\/avatar\/5ba2793f0590b9dbfad3fdec4ee714485b3eef211c9b32ee53d414060454a56c?s=96&d=mm&r=g\",\"contentUrl\":\"https:\/\/secure.gravatar.com\/avatar\/5ba2793f0590b9dbfad3fdec4ee714485b3eef211c9b32ee53d414060454a56c?s=96&d=mm&r=g\",\"caption\":\"Sodr\u00e9\"},\"sameAs\":[\"https:\/\/www.facebook.com\/carosroberto.sodre.5\/\"],\"url\":\"https:\/\/ubanews.com\/site\/author\/felipe\/\"}]}<\/script>\n<!-- \/ Yoast SEO plugin. -->","yoast_head_json":{"title":"\u00c1GUAS DE UB\u00c1 \u00c9 VENCEDOR DO PR\u00caMIO DE BOAS PR\u00c1TICAS DA AMM - Ub\u00e1 News","robots":{"index":"index","follow":"follow","max-snippet":"max-snippet:-1","max-image-preview":"max-image-preview:large","max-video-preview":"max-video-preview:-1"},"canonical":"https:\/\/ubanews.com\/site\/2022\/06\/07\/aguas-de-uba-e-vencedor-do-premio-de-boas-praticas-da-amm\/","og_locale":"pt_BR","og_type":"article","og_title":"\u00c1GUAS DE UB\u00c1 \u00c9 VENCEDOR DO PR\u00caMIO DE BOAS PR\u00c1TICAS DA AMM - Ub\u00e1 News","og_description":"Com &nbsp;o projeto&nbsp;&#8220;\u00c1guas de Ub\u00e1: Revitaliza\u00e7\u00e3o de Bacias Hidrogr\u00e1ficas e","og_url":"https:\/\/ubanews.com\/site\/2022\/06\/07\/aguas-de-uba-e-vencedor-do-premio-de-boas-praticas-da-amm\/","og_site_name":"Ub\u00e1 News","article_publisher":"https:\/\/www.facebook.com\/Ub%c3%a1News-Carlos-Roberto-Sodr%c3%a9-418778301977370","article_author":"https:\/\/www.facebook.com\/carosroberto.sodre.5\/","article_published_time":"2022-06-07T12:00:23+00:00","article_modified_time":"2022-06-23T16:31:14+00:00","og_image":[{"width":1000,"height":500,"url":"https:\/\/ubanews.com\/site\/wp-content\/uploads\/2022\/06\/Sem-titulo.jpg","type":"image\/jpeg"}],"author":"Sodr\u00e9","twitter_card":"summary_large_image","twitter_misc":{"Escrito por":"Sodr\u00e9","Est. tempo de leitura":"3 minutos"},"schema":{"@context":"https:\/\/schema.org","@graph":[{"@type":"Article","@id":"https:\/\/ubanews.com\/site\/2022\/06\/07\/aguas-de-uba-e-vencedor-do-premio-de-boas-praticas-da-amm\/#article","isPartOf":{"@id":"https:\/\/ubanews.com\/site\/2022\/06\/07\/aguas-de-uba-e-vencedor-do-premio-de-boas-praticas-da-amm\/"},"author":{"name":"Sodr\u00e9","@id":"https:\/\/ubanews.com\/site\/#\/schema\/person\/d90c9e47252fbb63dcc969fe4c8b9d10"},"headline":"\u00c1GUAS DE UB\u00c1 \u00c9 VENCEDOR DO PR\u00caMIO DE BOAS PR\u00c1TICAS DA AMM","datePublished":"2022-06-07T12:00:23+00:00","dateModified":"2022-06-23T16:31:14+00:00","mainEntityOfPage":{"@id":"https:\/\/ubanews.com\/site\/2022\/06\/07\/aguas-de-uba-e-vencedor-do-premio-de-boas-praticas-da-amm\/"},"wordCount":550,"commentCount":0,"publisher":{"@id":"https:\/\/ubanews.com\/site\/#organization"},"image":{"@id":"https:\/\/ubanews.com\/site\/2022\/06\/07\/aguas-de-uba-e-vencedor-do-premio-de-boas-praticas-da-amm\/#primaryimage"},"thumbnailUrl":"https:\/\/ubanews.com\/site\/wp-content\/uploads\/2022\/06\/Sem-titulo.jpg","articleSection":["Prefeitura Municipal","Slide"],"inLanguage":"pt-BR","potentialAction":[{"@type":"CommentAction","name":"Comment","target":["https:\/\/ubanews.com\/site\/2022\/06\/07\/aguas-de-uba-e-vencedor-do-premio-de-boas-praticas-da-amm\/#respond"]}]},{"@type":"WebPage","@id":"https:\/\/ubanews.com\/site\/2022\/06\/07\/aguas-de-uba-e-vencedor-do-premio-de-boas-praticas-da-amm\/","url":"https:\/\/ubanews.com\/site\/2022\/06\/07\/aguas-de-uba-e-vencedor-do-premio-de-boas-praticas-da-amm\/","name":"\u00c1GUAS DE UB\u00c1 \u00c9 VENCEDOR DO PR\u00caMIO DE BOAS PR\u00c1TICAS DA AMM - Ub\u00e1 News","isPartOf":{"@id":"https:\/\/ubanews.com\/site\/#website"},"primaryImageOfPage":{"@id":"https:\/\/ubanews.com\/site\/2022\/06\/07\/aguas-de-uba-e-vencedor-do-premio-de-boas-praticas-da-amm\/#primaryimage"},"image":{"@id":"https:\/\/ubanews.com\/site\/2022\/06\/07\/aguas-de-uba-e-vencedor-do-premio-de-boas-praticas-da-amm\/#primaryimage"},"thumbnailUrl":"https:\/\/ubanews.com\/site\/wp-content\/uploads\/2022\/06\/Sem-titulo.jpg","datePublished":"2022-06-07T12:00:23+00:00","dateModified":"2022-06-23T16:31:14+00:00","breadcrumb":{"@id":"https:\/\/ubanews.com\/site\/2022\/06\/07\/aguas-de-uba-e-vencedor-do-premio-de-boas-praticas-da-amm\/#breadcrumb"},"inLanguage":"pt-BR","potentialAction":[{"@type":"ReadAction","target":["https:\/\/ubanews.com\/site\/2022\/06\/07\/aguas-de-uba-e-vencedor-do-premio-de-boas-praticas-da-amm\/"]}]},{"@type":"ImageObject","inLanguage":"pt-BR","@id":"https:\/\/ubanews.com\/site\/2022\/06\/07\/aguas-de-uba-e-vencedor-do-premio-de-boas-praticas-da-amm\/#primaryimage","url":"https:\/\/ubanews.com\/site\/wp-content\/uploads\/2022\/06\/Sem-titulo.jpg","contentUrl":"https:\/\/ubanews.com\/site\/wp-content\/uploads\/2022\/06\/Sem-titulo.jpg","width":1000,"height":500},{"@type":"BreadcrumbList","@id":"https:\/\/ubanews.com\/site\/2022\/06\/07\/aguas-de-uba-e-vencedor-do-premio-de-boas-praticas-da-amm\/#breadcrumb","itemListElement":[{"@type":"ListItem","position":1,"name":"Home","item":"https:\/\/ubanews.com\/site\/"},{"@type":"ListItem","position":2,"name":"\u00c1GUAS DE UB\u00c1 \u00c9 VENCEDOR DO PR\u00caMIO DE BOAS PR\u00c1TICAS DA AMM"}]},{"@type":"WebSite","@id":"https:\/\/ubanews.com\/site\/#website","url":"https:\/\/ubanews.com\/site\/","name":"Ub\u00e1 News","description":"","publisher":{"@id":"https:\/\/ubanews.com\/site\/#organization"},"potentialAction":[{"@type":"SearchAction","target":{"@type":"EntryPoint","urlTemplate":"https:\/\/ubanews.com\/site\/?s={search_term_string}"},"query-input":{"@type":"PropertyValueSpecification","valueRequired":true,"valueName":"search_term_string"}}],"inLanguage":"pt-BR"},{"@type":"Organization","@id":"https:\/\/ubanews.com\/site\/#organization","name":"Ub\u00e1 News","url":"https:\/\/ubanews.com\/site\/","logo":{"@type":"ImageObject","inLanguage":"pt-BR","@id":"https:\/\/ubanews.com\/site\/#\/schema\/logo\/image\/","url":"https:\/\/ubanews.com\/site\/wp-content\/uploads\/2018\/01\/logoubanews.png","contentUrl":"https:\/\/ubanews.com\/site\/wp-content\/uploads\/2018\/01\/logoubanews.png","width":261,"height":99,"caption":"Ub\u00e1 News"},"image":{"@id":"https:\/\/ubanews.com\/site\/#\/schema\/logo\/image\/"},"sameAs":["https:\/\/www.facebook.com\/Ub\u00e1News-Carlos-Roberto-Sodr\u00e9-418778301977370"]},{"@type":"Person","@id":"https:\/\/ubanews.com\/site\/#\/schema\/person\/d90c9e47252fbb63dcc969fe4c8b9d10","name":"Sodr\u00e9","image":{"@type":"ImageObject","inLanguage":"pt-BR","@id":"https:\/\/secure.gravatar.com\/avatar\/5ba2793f0590b9dbfad3fdec4ee714485b3eef211c9b32ee53d414060454a56c?s=96&d=mm&r=g","url":"https:\/\/secure.gravatar.com\/avatar\/5ba2793f0590b9dbfad3fdec4ee714485b3eef211c9b32ee53d414060454a56c?s=96&d=mm&r=g","contentUrl":"https:\/\/secure.gravatar.com\/avatar\/5ba2793f0590b9dbfad3fdec4ee714485b3eef211c9b32ee53d414060454a56c?s=96&d=mm&r=g","caption":"Sodr\u00e9"},"sameAs":["https:\/\/www.facebook.com\/carosroberto.sodre.5\/"],"url":"https:\/\/ubanews.com\/site\/author\/felipe\/"}]}},"_links":{"self":[{"href":"https:\/\/ubanews.com\/site\/wp-json\/wp\/v2\/posts\/21256","targetHints":{"allow":["GET"]}}],"collection":[{"href":"https:\/\/ubanews.com\/site\/wp-json\/wp\/v2\/posts"}],"about":[{"href":"https:\/\/ubanews.com\/site\/wp-json\/wp\/v2\/types\/post"}],"author":[{"embeddable":true,"href":"https:\/\/ubanews.com\/site\/wp-json\/wp\/v2\/users\/2"}],"replies":[{"embeddable":true,"href":"https:\/\/ubanews.com\/site\/wp-json\/wp\/v2\/comments?post=21256"}],"version-history":[{"count":0,"href":"https:\/\/ubanews.com\/site\/wp-json\/wp\/v2\/posts\/21256\/revisions"}],"wp:featuredmedia":[{"embeddable":true,"href":"https:\/\/ubanews.com\/site\/wp-json\/wp\/v2\/media\/21260"}],"wp:attachment":[{"href":"https:\/\/ubanews.com\/site\/wp-json\/wp\/v2\/media?parent=21256"}],"wp:term":[{"taxonomy":"category","embeddable":true,"href":"https:\/\/ubanews.com\/site\/wp-json\/wp\/v2\/categories?post=21256"},{"taxonomy":"post_tag","embeddable":true,"href":"https:\/\/ubanews.com\/site\/wp-json\/wp\/v2\/tags?post=21256"}],"curies":[{"name":"wp","href":"https:\/\/api.w.org\/{rel}","templated":true}]}}