{"id":21253,"date":"2022-06-03T16:00:36","date_gmt":"2022-06-03T19:00:36","guid":{"rendered":"http:\/\/ubanews.com\/site\/?p=21253"},"modified":"2022-06-23T13:17:32","modified_gmt":"2022-06-23T16:17:32","slug":"aguas-de-uba-prefeitura-realiza-pagamento-das-parcelas-do-psa","status":"publish","type":"post","link":"https:\/\/ubanews.com\/site\/2022\/06\/03\/aguas-de-uba-prefeitura-realiza-pagamento-das-parcelas-do-psa\/","title":{"rendered":"\u00c1GUAS DE UB\u00c1: PREFEITURA REALIZA PAGAMENTO DAS PARCELAS DO PSA"},"content":{"rendered":"<p style=\"font-weight: 400;\">Na pr\u00f3xima segunda-feira, dia 06 de junho, a Prefeitura de Ub\u00e1, por meio da Secretaria de Agricultura, Ambiente e Mobilidade Urbana, realiza a solenidade de assinatura de contratos e de pagamento das parcelas do Programa Municipal de Pagamento por Servi\u00e7os Ambientais (PSA) para os produtores rurais participantes do Projeto \u201c\u00c1guas de Ub\u00e1\u201d.<\/p>\n<p style=\"font-weight: 400;\">O evento, que comp\u00f5e a programa\u00e7\u00e3o da Semana Municipal do Meio Ambiente 2022, acontece a partir das 14h30, na sala Chiquinha Dias Paes, no F\u00f3rum Cultural de Ub\u00e1, situado na Pra\u00e7a S\u00e3o Janu\u00e1rio, n\u00ba 28 &#8211; Centro.<\/p>\n<p style=\"font-weight: 400;\">Em 2022, o total pago aos mais de 150 produtores rurais participantes ser\u00e1 de mais de R$ 140 mil reais. O valor da remunera\u00e7\u00e3o depende da \u00e1rea total disponibilizada pelo produtor para a execu\u00e7\u00e3o das a\u00e7\u00f5es de produ\u00e7\u00e3o de \u00e1gua e preserva\u00e7\u00e3o ambiental como cercamento de nascentes e \u00e1reas de prote\u00e7\u00e3o, constru\u00e7\u00e3o de barraginhas, terra\u00e7os, caixas secas, reflorestamento, dentre outras.<\/p>\n<p><a href=\"https:\/\/ubanews.com\/site\/wp-content\/uploads\/2022\/06\/WhatsApp-Image-2022-06-03-at-15.16.02.jpeg\"><img decoding=\"async\" class=\"aligncenter size-full wp-image-21254 lazyload\" data-src=\"https:\/\/ubanews.com\/site\/wp-content\/uploads\/2022\/06\/WhatsApp-Image-2022-06-03-at-15.16.02.jpeg\" alt=\"\" width=\"1271\" height=\"1280\" data-srcset=\"https:\/\/ubanews.com\/site\/wp-content\/uploads\/2022\/06\/WhatsApp-Image-2022-06-03-at-15.16.02.jpeg 1271w, https:\/\/ubanews.com\/site\/wp-content\/uploads\/2022\/06\/WhatsApp-Image-2022-06-03-at-15.16.02-298x300.jpeg 298w, https:\/\/ubanews.com\/site\/wp-content\/uploads\/2022\/06\/WhatsApp-Image-2022-06-03-at-15.16.02-1017x1024.jpeg 1017w, https:\/\/ubanews.com\/site\/wp-content\/uploads\/2022\/06\/WhatsApp-Image-2022-06-03-at-15.16.02-150x150.jpeg 150w, https:\/\/ubanews.com\/site\/wp-content\/uploads\/2022\/06\/WhatsApp-Image-2022-06-03-at-15.16.02-768x773.jpeg 768w\" data-sizes=\"(max-width: 1271px) 100vw, 1271px\" src=\"data:image\/svg+xml;base64,PHN2ZyB3aWR0aD0iMSIgaGVpZ2h0PSIxIiB4bWxucz0iaHR0cDovL3d3dy53My5vcmcvMjAwMC9zdmciPjwvc3ZnPg==\" style=\"--smush-placeholder-width: 1271px; --smush-placeholder-aspect-ratio: 1271\/1280;\" \/><\/a><\/p>\n","protected":false},"excerpt":{"rendered":"<p>Na pr\u00f3xima segunda-feira, dia 06 de junho, a Prefeitura de<\/p>\n","protected":false},"author":2,"featured_media":21255,"comment_status":"open","ping_status":"open","sticky":false,"template":"","format":"standard","meta":{"footnotes":""},"categories":[15,3],"tags":[],"class_list":["post-21253","post","type-post","status-publish","format-standard","has-post-thumbnail","hentry","category-prefeitura-municipal","category-slide"],"yoast_head":"<!-- This site is optimized with the Yoast SEO plugin v27.2 - https:\/\/yoast.com\/product\/yoast-seo-wordpress\/ -->\n<title>\u00c1GUAS DE UB\u00c1: PREFEITURA REALIZA PAGAMENTO DAS PARCELAS DO PSA - Ub\u00e1 News<\/title>\n<meta name=\"robots\" content=\"index, follow, max-snippet:-1, max-image-preview:large, max-video-preview:-1\" \/>\n<link rel=\"canonical\" href=\"https:\/\/ubanews.com\/site\/2022\/06\/03\/aguas-de-uba-prefeitura-realiza-pagamento-das-parcelas-do-psa\/\" \/>\n<meta property=\"og:locale\" content=\"pt_BR\" \/>\n<meta property=\"og:type\" content=\"article\" \/>\n<meta property=\"og:title\" content=\"\u00c1GUAS DE UB\u00c1: PREFEITURA REALIZA PAGAMENTO DAS PARCELAS DO PSA - Ub\u00e1 News\" \/>\n<meta property=\"og:description\" content=\"Na pr\u00f3xima segunda-feira, dia 06 de junho, a Prefeitura de\" \/>\n<meta property=\"og:url\" content=\"https:\/\/ubanews.com\/site\/2022\/06\/03\/aguas-de-uba-prefeitura-realiza-pagamento-das-parcelas-do-psa\/\" \/>\n<meta property=\"og:site_name\" content=\"Ub\u00e1 News\" \/>\n<meta property=\"article:publisher\" content=\"https:\/\/www.facebook.com\/Ub%c3%a1News-Carlos-Roberto-Sodr%c3%a9-418778301977370\" \/>\n<meta property=\"article:author\" content=\"https:\/\/www.facebook.com\/carosroberto.sodre.5\/\" \/>\n<meta property=\"article:published_time\" content=\"2022-06-03T19:00:36+00:00\" \/>\n<meta property=\"article:modified_time\" content=\"2022-06-23T16:17:32+00:00\" \/>\n<meta property=\"og:image\" content=\"https:\/\/ubanews.com\/site\/wp-content\/uploads\/2022\/06\/WhatsApp-Image-2022-06-03-at-15.16.02-1.jpeg\" \/>\n\t<meta property=\"og:image:width\" content=\"1000\" \/>\n\t<meta property=\"og:image:height\" content=\"500\" \/>\n\t<meta property=\"og:image:type\" content=\"image\/jpeg\" \/>\n<meta name=\"author\" content=\"Sodr\u00e9\" \/>\n<meta name=\"twitter:card\" content=\"summary_large_image\" \/>\n<meta name=\"twitter:label1\" content=\"Escrito por\" \/>\n\t<meta name=\"twitter:data1\" content=\"Sodr\u00e9\" \/>\n\t<meta name=\"twitter:label2\" content=\"Est. tempo de leitura\" \/>\n\t<meta name=\"twitter:data2\" content=\"1 minuto\" \/>\n<script type=\"application\/ld+json\" class=\"yoast-schema-graph\">{\"@context\":\"https:\/\/schema.org\",\"@graph\":[{\"@type\":\"Article\",\"@id\":\"https:\/\/ubanews.com\/site\/2022\/06\/03\/aguas-de-uba-prefeitura-realiza-pagamento-das-parcelas-do-psa\/#article\",\"isPartOf\":{\"@id\":\"https:\/\/ubanews.com\/site\/2022\/06\/03\/aguas-de-uba-prefeitura-realiza-pagamento-das-parcelas-do-psa\/\"},\"author\":{\"name\":\"Sodr\u00e9\",\"@id\":\"https:\/\/ubanews.com\/site\/#\/schema\/person\/d90c9e47252fbb63dcc969fe4c8b9d10\"},\"headline\":\"\u00c1GUAS DE UB\u00c1: PREFEITURA REALIZA PAGAMENTO DAS PARCELAS DO PSA\",\"datePublished\":\"2022-06-03T19:00:36+00:00\",\"dateModified\":\"2022-06-23T16:17:32+00:00\",\"mainEntityOfPage\":{\"@id\":\"https:\/\/ubanews.com\/site\/2022\/06\/03\/aguas-de-uba-prefeitura-realiza-pagamento-das-parcelas-do-psa\/\"},\"wordCount\":169,\"commentCount\":0,\"publisher\":{\"@id\":\"https:\/\/ubanews.com\/site\/#organization\"},\"image\":{\"@id\":\"https:\/\/ubanews.com\/site\/2022\/06\/03\/aguas-de-uba-prefeitura-realiza-pagamento-das-parcelas-do-psa\/#primaryimage\"},\"thumbnailUrl\":\"https:\/\/ubanews.com\/site\/wp-content\/uploads\/2022\/06\/WhatsApp-Image-2022-06-03-at-15.16.02-1.jpeg\",\"articleSection\":[\"Prefeitura Municipal\",\"Slide\"],\"inLanguage\":\"pt-BR\",\"potentialAction\":[{\"@type\":\"CommentAction\",\"name\":\"Comment\",\"target\":[\"https:\/\/ubanews.com\/site\/2022\/06\/03\/aguas-de-uba-prefeitura-realiza-pagamento-das-parcelas-do-psa\/#respond\"]}]},{\"@type\":\"WebPage\",\"@id\":\"https:\/\/ubanews.com\/site\/2022\/06\/03\/aguas-de-uba-prefeitura-realiza-pagamento-das-parcelas-do-psa\/\",\"url\":\"https:\/\/ubanews.com\/site\/2022\/06\/03\/aguas-de-uba-prefeitura-realiza-pagamento-das-parcelas-do-psa\/\",\"name\":\"\u00c1GUAS DE UB\u00c1: PREFEITURA REALIZA PAGAMENTO DAS PARCELAS DO PSA - Ub\u00e1 News\",\"isPartOf\":{\"@id\":\"https:\/\/ubanews.com\/site\/#website\"},\"primaryImageOfPage\":{\"@id\":\"https:\/\/ubanews.com\/site\/2022\/06\/03\/aguas-de-uba-prefeitura-realiza-pagamento-das-parcelas-do-psa\/#primaryimage\"},\"image\":{\"@id\":\"https:\/\/ubanews.com\/site\/2022\/06\/03\/aguas-de-uba-prefeitura-realiza-pagamento-das-parcelas-do-psa\/#primaryimage\"},\"thumbnailUrl\":\"https:\/\/ubanews.com\/site\/wp-content\/uploads\/2022\/06\/WhatsApp-Image-2022-06-03-at-15.16.02-1.jpeg\",\"datePublished\":\"2022-06-03T19:00:36+00:00\",\"dateModified\":\"2022-06-23T16:17:32+00:00\",\"breadcrumb\":{\"@id\":\"https:\/\/ubanews.com\/site\/2022\/06\/03\/aguas-de-uba-prefeitura-realiza-pagamento-das-parcelas-do-psa\/#breadcrumb\"},\"inLanguage\":\"pt-BR\",\"potentialAction\":[{\"@type\":\"ReadAction\",\"target\":[\"https:\/\/ubanews.com\/site\/2022\/06\/03\/aguas-de-uba-prefeitura-realiza-pagamento-das-parcelas-do-psa\/\"]}]},{\"@type\":\"ImageObject\",\"inLanguage\":\"pt-BR\",\"@id\":\"https:\/\/ubanews.com\/site\/2022\/06\/03\/aguas-de-uba-prefeitura-realiza-pagamento-das-parcelas-do-psa\/#primaryimage\",\"url\":\"https:\/\/ubanews.com\/site\/wp-content\/uploads\/2022\/06\/WhatsApp-Image-2022-06-03-at-15.16.02-1.jpeg\",\"contentUrl\":\"https:\/\/ubanews.com\/site\/wp-content\/uploads\/2022\/06\/WhatsApp-Image-2022-06-03-at-15.16.02-1.jpeg\",\"width\":1000,\"height\":500},{\"@type\":\"BreadcrumbList\",\"@id\":\"https:\/\/ubanews.com\/site\/2022\/06\/03\/aguas-de-uba-prefeitura-realiza-pagamento-das-parcelas-do-psa\/#breadcrumb\",\"itemListElement\":[{\"@type\":\"ListItem\",\"position\":1,\"name\":\"Home\",\"item\":\"https:\/\/ubanews.com\/site\/\"},{\"@type\":\"ListItem\",\"position\":2,\"name\":\"\u00c1GUAS DE UB\u00c1: PREFEITURA REALIZA PAGAMENTO DAS PARCELAS DO PSA\"}]},{\"@type\":\"WebSite\",\"@id\":\"https:\/\/ubanews.com\/site\/#website\",\"url\":\"https:\/\/ubanews.com\/site\/\",\"name\":\"Ub\u00e1 News\",\"description\":\"\",\"publisher\":{\"@id\":\"https:\/\/ubanews.com\/site\/#organization\"},\"potentialAction\":[{\"@type\":\"SearchAction\",\"target\":{\"@type\":\"EntryPoint\",\"urlTemplate\":\"https:\/\/ubanews.com\/site\/?s={search_term_string}\"},\"query-input\":{\"@type\":\"PropertyValueSpecification\",\"valueRequired\":true,\"valueName\":\"search_term_string\"}}],\"inLanguage\":\"pt-BR\"},{\"@type\":\"Organization\",\"@id\":\"https:\/\/ubanews.com\/site\/#organization\",\"name\":\"Ub\u00e1 News\",\"url\":\"https:\/\/ubanews.com\/site\/\",\"logo\":{\"@type\":\"ImageObject\",\"inLanguage\":\"pt-BR\",\"@id\":\"https:\/\/ubanews.com\/site\/#\/schema\/logo\/image\/\",\"url\":\"https:\/\/ubanews.com\/site\/wp-content\/uploads\/2018\/01\/logoubanews.png\",\"contentUrl\":\"https:\/\/ubanews.com\/site\/wp-content\/uploads\/2018\/01\/logoubanews.png\",\"width\":261,\"height\":99,\"caption\":\"Ub\u00e1 News\"},\"image\":{\"@id\":\"https:\/\/ubanews.com\/site\/#\/schema\/logo\/image\/\"},\"sameAs\":[\"https:\/\/www.facebook.com\/Ub\u00e1News-Carlos-Roberto-Sodr\u00e9-418778301977370\"]},{\"@type\":\"Person\",\"@id\":\"https:\/\/ubanews.com\/site\/#\/schema\/person\/d90c9e47252fbb63dcc969fe4c8b9d10\",\"name\":\"Sodr\u00e9\",\"image\":{\"@type\":\"ImageObject\",\"inLanguage\":\"pt-BR\",\"@id\":\"https:\/\/secure.gravatar.com\/avatar\/5ba2793f0590b9dbfad3fdec4ee714485b3eef211c9b32ee53d414060454a56c?s=96&d=mm&r=g\",\"url\":\"https:\/\/secure.gravatar.com\/avatar\/5ba2793f0590b9dbfad3fdec4ee714485b3eef211c9b32ee53d414060454a56c?s=96&d=mm&r=g\",\"contentUrl\":\"https:\/\/secure.gravatar.com\/avatar\/5ba2793f0590b9dbfad3fdec4ee714485b3eef211c9b32ee53d414060454a56c?s=96&d=mm&r=g\",\"caption\":\"Sodr\u00e9\"},\"sameAs\":[\"https:\/\/www.facebook.com\/carosroberto.sodre.5\/\"],\"url\":\"https:\/\/ubanews.com\/site\/author\/felipe\/\"}]}<\/script>\n<!-- \/ Yoast SEO plugin. -->","yoast_head_json":{"title":"\u00c1GUAS DE UB\u00c1: PREFEITURA REALIZA PAGAMENTO DAS PARCELAS DO PSA - Ub\u00e1 News","robots":{"index":"index","follow":"follow","max-snippet":"max-snippet:-1","max-image-preview":"max-image-preview:large","max-video-preview":"max-video-preview:-1"},"canonical":"https:\/\/ubanews.com\/site\/2022\/06\/03\/aguas-de-uba-prefeitura-realiza-pagamento-das-parcelas-do-psa\/","og_locale":"pt_BR","og_type":"article","og_title":"\u00c1GUAS DE UB\u00c1: PREFEITURA REALIZA PAGAMENTO DAS PARCELAS DO PSA - Ub\u00e1 News","og_description":"Na pr\u00f3xima segunda-feira, dia 06 de junho, a Prefeitura de","og_url":"https:\/\/ubanews.com\/site\/2022\/06\/03\/aguas-de-uba-prefeitura-realiza-pagamento-das-parcelas-do-psa\/","og_site_name":"Ub\u00e1 News","article_publisher":"https:\/\/www.facebook.com\/Ub%c3%a1News-Carlos-Roberto-Sodr%c3%a9-418778301977370","article_author":"https:\/\/www.facebook.com\/carosroberto.sodre.5\/","article_published_time":"2022-06-03T19:00:36+00:00","article_modified_time":"2022-06-23T16:17:32+00:00","og_image":[{"width":1000,"height":500,"url":"https:\/\/ubanews.com\/site\/wp-content\/uploads\/2022\/06\/WhatsApp-Image-2022-06-03-at-15.16.02-1.jpeg","type":"image\/jpeg"}],"author":"Sodr\u00e9","twitter_card":"summary_large_image","twitter_misc":{"Escrito por":"Sodr\u00e9","Est. tempo de leitura":"1 minuto"},"schema":{"@context":"https:\/\/schema.org","@graph":[{"@type":"Article","@id":"https:\/\/ubanews.com\/site\/2022\/06\/03\/aguas-de-uba-prefeitura-realiza-pagamento-das-parcelas-do-psa\/#article","isPartOf":{"@id":"https:\/\/ubanews.com\/site\/2022\/06\/03\/aguas-de-uba-prefeitura-realiza-pagamento-das-parcelas-do-psa\/"},"author":{"name":"Sodr\u00e9","@id":"https:\/\/ubanews.com\/site\/#\/schema\/person\/d90c9e47252fbb63dcc969fe4c8b9d10"},"headline":"\u00c1GUAS DE UB\u00c1: PREFEITURA REALIZA PAGAMENTO DAS PARCELAS DO PSA","datePublished":"2022-06-03T19:00:36+00:00","dateModified":"2022-06-23T16:17:32+00:00","mainEntityOfPage":{"@id":"https:\/\/ubanews.com\/site\/2022\/06\/03\/aguas-de-uba-prefeitura-realiza-pagamento-das-parcelas-do-psa\/"},"wordCount":169,"commentCount":0,"publisher":{"@id":"https:\/\/ubanews.com\/site\/#organization"},"image":{"@id":"https:\/\/ubanews.com\/site\/2022\/06\/03\/aguas-de-uba-prefeitura-realiza-pagamento-das-parcelas-do-psa\/#primaryimage"},"thumbnailUrl":"https:\/\/ubanews.com\/site\/wp-content\/uploads\/2022\/06\/WhatsApp-Image-2022-06-03-at-15.16.02-1.jpeg","articleSection":["Prefeitura Municipal","Slide"],"inLanguage":"pt-BR","potentialAction":[{"@type":"CommentAction","name":"Comment","target":["https:\/\/ubanews.com\/site\/2022\/06\/03\/aguas-de-uba-prefeitura-realiza-pagamento-das-parcelas-do-psa\/#respond"]}]},{"@type":"WebPage","@id":"https:\/\/ubanews.com\/site\/2022\/06\/03\/aguas-de-uba-prefeitura-realiza-pagamento-das-parcelas-do-psa\/","url":"https:\/\/ubanews.com\/site\/2022\/06\/03\/aguas-de-uba-prefeitura-realiza-pagamento-das-parcelas-do-psa\/","name":"\u00c1GUAS DE UB\u00c1: PREFEITURA REALIZA PAGAMENTO DAS PARCELAS DO PSA - Ub\u00e1 News","isPartOf":{"@id":"https:\/\/ubanews.com\/site\/#website"},"primaryImageOfPage":{"@id":"https:\/\/ubanews.com\/site\/2022\/06\/03\/aguas-de-uba-prefeitura-realiza-pagamento-das-parcelas-do-psa\/#primaryimage"},"image":{"@id":"https:\/\/ubanews.com\/site\/2022\/06\/03\/aguas-de-uba-prefeitura-realiza-pagamento-das-parcelas-do-psa\/#primaryimage"},"thumbnailUrl":"https:\/\/ubanews.com\/site\/wp-content\/uploads\/2022\/06\/WhatsApp-Image-2022-06-03-at-15.16.02-1.jpeg","datePublished":"2022-06-03T19:00:36+00:00","dateModified":"2022-06-23T16:17:32+00:00","breadcrumb":{"@id":"https:\/\/ubanews.com\/site\/2022\/06\/03\/aguas-de-uba-prefeitura-realiza-pagamento-das-parcelas-do-psa\/#breadcrumb"},"inLanguage":"pt-BR","potentialAction":[{"@type":"ReadAction","target":["https:\/\/ubanews.com\/site\/2022\/06\/03\/aguas-de-uba-prefeitura-realiza-pagamento-das-parcelas-do-psa\/"]}]},{"@type":"ImageObject","inLanguage":"pt-BR","@id":"https:\/\/ubanews.com\/site\/2022\/06\/03\/aguas-de-uba-prefeitura-realiza-pagamento-das-parcelas-do-psa\/#primaryimage","url":"https:\/\/ubanews.com\/site\/wp-content\/uploads\/2022\/06\/WhatsApp-Image-2022-06-03-at-15.16.02-1.jpeg","contentUrl":"https:\/\/ubanews.com\/site\/wp-content\/uploads\/2022\/06\/WhatsApp-Image-2022-06-03-at-15.16.02-1.jpeg","width":1000,"height":500},{"@type":"BreadcrumbList","@id":"https:\/\/ubanews.com\/site\/2022\/06\/03\/aguas-de-uba-prefeitura-realiza-pagamento-das-parcelas-do-psa\/#breadcrumb","itemListElement":[{"@type":"ListItem","position":1,"name":"Home","item":"https:\/\/ubanews.com\/site\/"},{"@type":"ListItem","position":2,"name":"\u00c1GUAS DE UB\u00c1: PREFEITURA REALIZA PAGAMENTO DAS PARCELAS DO PSA"}]},{"@type":"WebSite","@id":"https:\/\/ubanews.com\/site\/#website","url":"https:\/\/ubanews.com\/site\/","name":"Ub\u00e1 News","description":"","publisher":{"@id":"https:\/\/ubanews.com\/site\/#organization"},"potentialAction":[{"@type":"SearchAction","target":{"@type":"EntryPoint","urlTemplate":"https:\/\/ubanews.com\/site\/?s={search_term_string}"},"query-input":{"@type":"PropertyValueSpecification","valueRequired":true,"valueName":"search_term_string"}}],"inLanguage":"pt-BR"},{"@type":"Organization","@id":"https:\/\/ubanews.com\/site\/#organization","name":"Ub\u00e1 News","url":"https:\/\/ubanews.com\/site\/","logo":{"@type":"ImageObject","inLanguage":"pt-BR","@id":"https:\/\/ubanews.com\/site\/#\/schema\/logo\/image\/","url":"https:\/\/ubanews.com\/site\/wp-content\/uploads\/2018\/01\/logoubanews.png","contentUrl":"https:\/\/ubanews.com\/site\/wp-content\/uploads\/2018\/01\/logoubanews.png","width":261,"height":99,"caption":"Ub\u00e1 News"},"image":{"@id":"https:\/\/ubanews.com\/site\/#\/schema\/logo\/image\/"},"sameAs":["https:\/\/www.facebook.com\/Ub\u00e1News-Carlos-Roberto-Sodr\u00e9-418778301977370"]},{"@type":"Person","@id":"https:\/\/ubanews.com\/site\/#\/schema\/person\/d90c9e47252fbb63dcc969fe4c8b9d10","name":"Sodr\u00e9","image":{"@type":"ImageObject","inLanguage":"pt-BR","@id":"https:\/\/secure.gravatar.com\/avatar\/5ba2793f0590b9dbfad3fdec4ee714485b3eef211c9b32ee53d414060454a56c?s=96&d=mm&r=g","url":"https:\/\/secure.gravatar.com\/avatar\/5ba2793f0590b9dbfad3fdec4ee714485b3eef211c9b32ee53d414060454a56c?s=96&d=mm&r=g","contentUrl":"https:\/\/secure.gravatar.com\/avatar\/5ba2793f0590b9dbfad3fdec4ee714485b3eef211c9b32ee53d414060454a56c?s=96&d=mm&r=g","caption":"Sodr\u00e9"},"sameAs":["https:\/\/www.facebook.com\/carosroberto.sodre.5\/"],"url":"https:\/\/ubanews.com\/site\/author\/felipe\/"}]}},"_links":{"self":[{"href":"https:\/\/ubanews.com\/site\/wp-json\/wp\/v2\/posts\/21253","targetHints":{"allow":["GET"]}}],"collection":[{"href":"https:\/\/ubanews.com\/site\/wp-json\/wp\/v2\/posts"}],"about":[{"href":"https:\/\/ubanews.com\/site\/wp-json\/wp\/v2\/types\/post"}],"author":[{"embeddable":true,"href":"https:\/\/ubanews.com\/site\/wp-json\/wp\/v2\/users\/2"}],"replies":[{"embeddable":true,"href":"https:\/\/ubanews.com\/site\/wp-json\/wp\/v2\/comments?post=21253"}],"version-history":[{"count":0,"href":"https:\/\/ubanews.com\/site\/wp-json\/wp\/v2\/posts\/21253\/revisions"}],"wp:featuredmedia":[{"embeddable":true,"href":"https:\/\/ubanews.com\/site\/wp-json\/wp\/v2\/media\/21255"}],"wp:attachment":[{"href":"https:\/\/ubanews.com\/site\/wp-json\/wp\/v2\/media?parent=21253"}],"wp:term":[{"taxonomy":"category","embeddable":true,"href":"https:\/\/ubanews.com\/site\/wp-json\/wp\/v2\/categories?post=21253"},{"taxonomy":"post_tag","embeddable":true,"href":"https:\/\/ubanews.com\/site\/wp-json\/wp\/v2\/tags?post=21253"}],"curies":[{"name":"wp","href":"https:\/\/api.w.org\/{rel}","templated":true}]}}