{"id":21250,"date":"2022-06-14T11:00:39","date_gmt":"2022-06-14T14:00:39","guid":{"rendered":"http:\/\/ubanews.com\/site\/?p=21250"},"modified":"2022-06-23T13:13:12","modified_gmt":"2022-06-23T16:13:12","slug":"pcmg-conclui-inquerito-que-investigava-organizacao-criminosa-em-muriae","status":"publish","type":"post","link":"https:\/\/ubanews.com\/site\/2022\/06\/14\/pcmg-conclui-inquerito-que-investigava-organizacao-criminosa-em-muriae\/","title":{"rendered":"PCMG CONCLUI INQU\u00c9RITO QUE INVESTIGAVA ORGANIZA\u00c7\u00c3O CRIMINOSA EM MURIA\u00c9"},"content":{"rendered":"<div>\n<p><em>Dezenove suspeitos foram indiciados. Em abril, trabalhos investigativos resultaram na realiza\u00e7\u00e3o da opera\u00e7\u00e3o Castelo de Areia, deflagrada em Minas e no Rio.<\/em><\/p>\n<p>A Pol\u00edcia Civil de Minas Gerais (PCMG) concluiu o inqu\u00e9rito policial que investigava uma organiza\u00e7\u00e3o criminosa voltada ao tr\u00e1fico de drogas e \u00e0 lavagem de dinheiro, no munic\u00edpio de Muria\u00e9, na Zona da Mata mineira. O procedimento foi encaminhado \u00e0 Justi\u00e7a. Em abril, as apura\u00e7\u00f5es resultaram na realiza\u00e7\u00e3o da opera\u00e7\u00e3o Castelo de Areia, deflagrada em Minas e no Rio.<\/p>\n<p>Dezenove suspeitos foram indiciados por diversos crimes, tais como organiza\u00e7\u00e3o criminosa, associa\u00e7\u00e3o para o tr\u00e1fico de drogas, tr\u00e1fico de drogas majorado, lavagem de dinheiro, corrup\u00e7\u00e3o ativa e corrup\u00e7\u00e3o, mas tamb\u00e9m por entrada irregular de celular em estabelecimento prisional.<\/p>\n<p>Um dos investigados por ser o l\u00edder do grupo responder\u00e1 pela pr\u00e1tica do crime de organiza\u00e7\u00e3o criminosa duplamente majorada e duplamente agravada, bem como por cinco crimes de tr\u00e1fico de drogas, corrup\u00e7\u00e3o ativa e lavagem de dinheiro.<\/p>\n<p>J\u00e1 um policial militar &#8211; que tamb\u00e9m foi preso durante a apura\u00e7\u00e3o &#8211; foi indiciado pelos crimes de organiza\u00e7\u00e3o criminosa duplamente majorada, por seis crimes de corrup\u00e7\u00e3o passiva e por associa\u00e7\u00e3o para o tr\u00e1fico de drogas.<\/p>\n<p>A investiga\u00e7\u00e3o foi conclu\u00edda pela Delegacia de Homic\u00eddios e pela Ag\u00eancia de Informa\u00e7\u00e3o e Intelig\u00eancia Policial (AIP), unidades que integram a 4\u00aa Delegacia Regional de Pol\u00edcia Civil em Muria\u00e9, pertencente ao 4\u00ba Departamento da PCMG. As apura\u00e7\u00f5es contaram com o apoio operacional do Laborat\u00f3rio de Tecnologia Contra Lavagem de Dinheiro da Pol\u00edcia Civil de Minas Gerais (LAB-DL-PCMG).<\/p>\n<p><strong>Opera\u00e7\u00e3o Castelo de Areia<\/strong><\/p>\n<p>Em abril, durante o tr\u00e2mite do inqu\u00e9rito policial, a investiga\u00e7\u00e3o resultou na realiza\u00e7\u00e3o da opera\u00e7\u00e3o Castelo de Areia, deflagrada em Muria\u00e9, na Zona da Mata mineira, e em Rio das Ostras, no estado do Rio de Janeiro. Na \u00e9poca, a a\u00e7\u00e3o culminou na pris\u00e3o de 16 investigados, bem como no cumprimento de medidas cautelares diversas da pris\u00e3o.<\/p>\n<p>De acordo com o delegado Glaydson Souza, as investiga\u00e7\u00f5es duraram cerca de um ano. &nbsp;Durante a investiga\u00e7\u00e3o, a Pol\u00edcia Civil apreendeu a quantia de R$120.250, quatro armas de fogo, diversas muni\u00e7\u00f5es, drogas diversas, bem como dez ve\u00edculos avaliados em, aproximadamente, R$ 900 mil.<\/p>\n<p>\u201cEntre os carros apreendidos, h\u00e1 ve\u00edculos blindados, de luxo e um caminh\u00e3o utilizado para o transporte de drogas. Foi formalizada tamb\u00e9m a medida cautelar de sequestro de tr\u00eas im\u00f3veis avaliados em R$1.400.000, bem como bloqueados valores em conta banc\u00e1ria dos investigados\u201d, finaliza.<\/p>\n<p>Outras informa\u00e7\u00f5es sobre a opera\u00e7\u00e3o Castelo de Areia em:&nbsp;<a href=\"https:\/\/www.policiacivil.mg.gov.br\/noticia\/exibir?id=3312929\" target=\"_blank\" rel=\"noopener noreferrer\" data-saferedirecturl=\"https:\/\/www.google.com\/url?q=https:\/\/www.policiacivil.mg.gov.br\/noticia\/exibir?id%3D3312929&amp;source=gmail&amp;ust=1656083726192000&amp;usg=AOvVaw1TWsDEyj9jYr7UXTPxzExb\">https:\/\/www.policiacivil.mg.<wbr>gov.br\/noticia\/exibir?id=<wbr>3312929<\/a><\/p>\n<\/div>\n<div>Assessoria de Comunica\u00e7\u00e3o PCMG<\/div>\n","protected":false},"excerpt":{"rendered":"<p>Dezenove suspeitos foram indiciados. Em abril, trabalhos investigativos resultaram na<\/p>\n","protected":false},"author":2,"featured_media":21251,"comment_status":"open","ping_status":"open","sticky":false,"template":"","format":"standard","meta":{"footnotes":""},"categories":[1],"tags":[],"class_list":["post-21250","post","type-post","status-publish","format-standard","has-post-thumbnail","hentry","category-sem-categoria"],"yoast_head":"<!-- This site is optimized with the Yoast SEO plugin v27.2 - https:\/\/yoast.com\/product\/yoast-seo-wordpress\/ -->\n<title>PCMG CONCLUI INQU\u00c9RITO QUE INVESTIGAVA ORGANIZA\u00c7\u00c3O CRIMINOSA EM MURIA\u00c9 - Ub\u00e1 News<\/title>\n<meta name=\"robots\" content=\"index, follow, max-snippet:-1, max-image-preview:large, max-video-preview:-1\" \/>\n<link rel=\"canonical\" href=\"https:\/\/ubanews.com\/site\/2022\/06\/14\/pcmg-conclui-inquerito-que-investigava-organizacao-criminosa-em-muriae\/\" \/>\n<meta property=\"og:locale\" content=\"pt_BR\" \/>\n<meta property=\"og:type\" content=\"article\" \/>\n<meta property=\"og:title\" content=\"PCMG CONCLUI INQU\u00c9RITO QUE INVESTIGAVA ORGANIZA\u00c7\u00c3O CRIMINOSA EM MURIA\u00c9 - Ub\u00e1 News\" \/>\n<meta property=\"og:description\" content=\"Dezenove suspeitos foram indiciados. Em abril, trabalhos investigativos resultaram na\" \/>\n<meta property=\"og:url\" content=\"https:\/\/ubanews.com\/site\/2022\/06\/14\/pcmg-conclui-inquerito-que-investigava-organizacao-criminosa-em-muriae\/\" \/>\n<meta property=\"og:site_name\" content=\"Ub\u00e1 News\" \/>\n<meta property=\"article:publisher\" content=\"https:\/\/www.facebook.com\/Ub%c3%a1News-Carlos-Roberto-Sodr%c3%a9-418778301977370\" \/>\n<meta property=\"article:author\" content=\"https:\/\/www.facebook.com\/carosroberto.sodre.5\/\" \/>\n<meta property=\"article:published_time\" content=\"2022-06-14T14:00:39+00:00\" \/>\n<meta property=\"article:modified_time\" content=\"2022-06-23T16:13:12+00:00\" \/>\n<meta property=\"og:image\" content=\"https:\/\/ubanews.com\/site\/wp-content\/uploads\/2022\/06\/WhatsApp-Image-2022-06-14-at-10.29.44.jpeg\" \/>\n\t<meta property=\"og:image:width\" content=\"1000\" \/>\n\t<meta property=\"og:image:height\" content=\"500\" \/>\n\t<meta property=\"og:image:type\" content=\"image\/jpeg\" \/>\n<meta name=\"author\" content=\"Sodr\u00e9\" \/>\n<meta name=\"twitter:card\" content=\"summary_large_image\" \/>\n<meta name=\"twitter:label1\" content=\"Escrito por\" \/>\n\t<meta name=\"twitter:data1\" content=\"Sodr\u00e9\" \/>\n\t<meta name=\"twitter:label2\" content=\"Est. tempo de leitura\" \/>\n\t<meta name=\"twitter:data2\" content=\"2 minutos\" \/>\n<script type=\"application\/ld+json\" class=\"yoast-schema-graph\">{\"@context\":\"https:\/\/schema.org\",\"@graph\":[{\"@type\":\"Article\",\"@id\":\"https:\/\/ubanews.com\/site\/2022\/06\/14\/pcmg-conclui-inquerito-que-investigava-organizacao-criminosa-em-muriae\/#article\",\"isPartOf\":{\"@id\":\"https:\/\/ubanews.com\/site\/2022\/06\/14\/pcmg-conclui-inquerito-que-investigava-organizacao-criminosa-em-muriae\/\"},\"author\":{\"name\":\"Sodr\u00e9\",\"@id\":\"https:\/\/ubanews.com\/site\/#\/schema\/person\/d90c9e47252fbb63dcc969fe4c8b9d10\"},\"headline\":\"PCMG CONCLUI INQU\u00c9RITO QUE INVESTIGAVA ORGANIZA\u00c7\u00c3O CRIMINOSA EM MURIA\u00c9\",\"datePublished\":\"2022-06-14T14:00:39+00:00\",\"dateModified\":\"2022-06-23T16:13:12+00:00\",\"mainEntityOfPage\":{\"@id\":\"https:\/\/ubanews.com\/site\/2022\/06\/14\/pcmg-conclui-inquerito-que-investigava-organizacao-criminosa-em-muriae\/\"},\"wordCount\":486,\"commentCount\":0,\"publisher\":{\"@id\":\"https:\/\/ubanews.com\/site\/#organization\"},\"image\":{\"@id\":\"https:\/\/ubanews.com\/site\/2022\/06\/14\/pcmg-conclui-inquerito-que-investigava-organizacao-criminosa-em-muriae\/#primaryimage\"},\"thumbnailUrl\":\"https:\/\/ubanews.com\/site\/wp-content\/uploads\/2022\/06\/WhatsApp-Image-2022-06-14-at-10.29.44.jpeg\",\"articleSection\":[\"Geral\"],\"inLanguage\":\"pt-BR\",\"potentialAction\":[{\"@type\":\"CommentAction\",\"name\":\"Comment\",\"target\":[\"https:\/\/ubanews.com\/site\/2022\/06\/14\/pcmg-conclui-inquerito-que-investigava-organizacao-criminosa-em-muriae\/#respond\"]}]},{\"@type\":\"WebPage\",\"@id\":\"https:\/\/ubanews.com\/site\/2022\/06\/14\/pcmg-conclui-inquerito-que-investigava-organizacao-criminosa-em-muriae\/\",\"url\":\"https:\/\/ubanews.com\/site\/2022\/06\/14\/pcmg-conclui-inquerito-que-investigava-organizacao-criminosa-em-muriae\/\",\"name\":\"PCMG CONCLUI INQU\u00c9RITO QUE INVESTIGAVA ORGANIZA\u00c7\u00c3O CRIMINOSA EM MURIA\u00c9 - Ub\u00e1 News\",\"isPartOf\":{\"@id\":\"https:\/\/ubanews.com\/site\/#website\"},\"primaryImageOfPage\":{\"@id\":\"https:\/\/ubanews.com\/site\/2022\/06\/14\/pcmg-conclui-inquerito-que-investigava-organizacao-criminosa-em-muriae\/#primaryimage\"},\"image\":{\"@id\":\"https:\/\/ubanews.com\/site\/2022\/06\/14\/pcmg-conclui-inquerito-que-investigava-organizacao-criminosa-em-muriae\/#primaryimage\"},\"thumbnailUrl\":\"https:\/\/ubanews.com\/site\/wp-content\/uploads\/2022\/06\/WhatsApp-Image-2022-06-14-at-10.29.44.jpeg\",\"datePublished\":\"2022-06-14T14:00:39+00:00\",\"dateModified\":\"2022-06-23T16:13:12+00:00\",\"breadcrumb\":{\"@id\":\"https:\/\/ubanews.com\/site\/2022\/06\/14\/pcmg-conclui-inquerito-que-investigava-organizacao-criminosa-em-muriae\/#breadcrumb\"},\"inLanguage\":\"pt-BR\",\"potentialAction\":[{\"@type\":\"ReadAction\",\"target\":[\"https:\/\/ubanews.com\/site\/2022\/06\/14\/pcmg-conclui-inquerito-que-investigava-organizacao-criminosa-em-muriae\/\"]}]},{\"@type\":\"ImageObject\",\"inLanguage\":\"pt-BR\",\"@id\":\"https:\/\/ubanews.com\/site\/2022\/06\/14\/pcmg-conclui-inquerito-que-investigava-organizacao-criminosa-em-muriae\/#primaryimage\",\"url\":\"https:\/\/ubanews.com\/site\/wp-content\/uploads\/2022\/06\/WhatsApp-Image-2022-06-14-at-10.29.44.jpeg\",\"contentUrl\":\"https:\/\/ubanews.com\/site\/wp-content\/uploads\/2022\/06\/WhatsApp-Image-2022-06-14-at-10.29.44.jpeg\",\"width\":1000,\"height\":500},{\"@type\":\"BreadcrumbList\",\"@id\":\"https:\/\/ubanews.com\/site\/2022\/06\/14\/pcmg-conclui-inquerito-que-investigava-organizacao-criminosa-em-muriae\/#breadcrumb\",\"itemListElement\":[{\"@type\":\"ListItem\",\"position\":1,\"name\":\"Home\",\"item\":\"https:\/\/ubanews.com\/site\/\"},{\"@type\":\"ListItem\",\"position\":2,\"name\":\"PCMG CONCLUI INQU\u00c9RITO QUE INVESTIGAVA ORGANIZA\u00c7\u00c3O CRIMINOSA EM MURIA\u00c9\"}]},{\"@type\":\"WebSite\",\"@id\":\"https:\/\/ubanews.com\/site\/#website\",\"url\":\"https:\/\/ubanews.com\/site\/\",\"name\":\"Ub\u00e1 News\",\"description\":\"\",\"publisher\":{\"@id\":\"https:\/\/ubanews.com\/site\/#organization\"},\"potentialAction\":[{\"@type\":\"SearchAction\",\"target\":{\"@type\":\"EntryPoint\",\"urlTemplate\":\"https:\/\/ubanews.com\/site\/?s={search_term_string}\"},\"query-input\":{\"@type\":\"PropertyValueSpecification\",\"valueRequired\":true,\"valueName\":\"search_term_string\"}}],\"inLanguage\":\"pt-BR\"},{\"@type\":\"Organization\",\"@id\":\"https:\/\/ubanews.com\/site\/#organization\",\"name\":\"Ub\u00e1 News\",\"url\":\"https:\/\/ubanews.com\/site\/\",\"logo\":{\"@type\":\"ImageObject\",\"inLanguage\":\"pt-BR\",\"@id\":\"https:\/\/ubanews.com\/site\/#\/schema\/logo\/image\/\",\"url\":\"https:\/\/ubanews.com\/site\/wp-content\/uploads\/2018\/01\/logoubanews.png\",\"contentUrl\":\"https:\/\/ubanews.com\/site\/wp-content\/uploads\/2018\/01\/logoubanews.png\",\"width\":261,\"height\":99,\"caption\":\"Ub\u00e1 News\"},\"image\":{\"@id\":\"https:\/\/ubanews.com\/site\/#\/schema\/logo\/image\/\"},\"sameAs\":[\"https:\/\/www.facebook.com\/Ub\u00e1News-Carlos-Roberto-Sodr\u00e9-418778301977370\"]},{\"@type\":\"Person\",\"@id\":\"https:\/\/ubanews.com\/site\/#\/schema\/person\/d90c9e47252fbb63dcc969fe4c8b9d10\",\"name\":\"Sodr\u00e9\",\"image\":{\"@type\":\"ImageObject\",\"inLanguage\":\"pt-BR\",\"@id\":\"https:\/\/secure.gravatar.com\/avatar\/5ba2793f0590b9dbfad3fdec4ee714485b3eef211c9b32ee53d414060454a56c?s=96&d=mm&r=g\",\"url\":\"https:\/\/secure.gravatar.com\/avatar\/5ba2793f0590b9dbfad3fdec4ee714485b3eef211c9b32ee53d414060454a56c?s=96&d=mm&r=g\",\"contentUrl\":\"https:\/\/secure.gravatar.com\/avatar\/5ba2793f0590b9dbfad3fdec4ee714485b3eef211c9b32ee53d414060454a56c?s=96&d=mm&r=g\",\"caption\":\"Sodr\u00e9\"},\"sameAs\":[\"https:\/\/www.facebook.com\/carosroberto.sodre.5\/\"],\"url\":\"https:\/\/ubanews.com\/site\/author\/felipe\/\"}]}<\/script>\n<!-- \/ Yoast SEO plugin. -->","yoast_head_json":{"title":"PCMG CONCLUI INQU\u00c9RITO QUE INVESTIGAVA ORGANIZA\u00c7\u00c3O CRIMINOSA EM MURIA\u00c9 - Ub\u00e1 News","robots":{"index":"index","follow":"follow","max-snippet":"max-snippet:-1","max-image-preview":"max-image-preview:large","max-video-preview":"max-video-preview:-1"},"canonical":"https:\/\/ubanews.com\/site\/2022\/06\/14\/pcmg-conclui-inquerito-que-investigava-organizacao-criminosa-em-muriae\/","og_locale":"pt_BR","og_type":"article","og_title":"PCMG CONCLUI INQU\u00c9RITO QUE INVESTIGAVA ORGANIZA\u00c7\u00c3O CRIMINOSA EM MURIA\u00c9 - Ub\u00e1 News","og_description":"Dezenove suspeitos foram indiciados. Em abril, trabalhos investigativos resultaram na","og_url":"https:\/\/ubanews.com\/site\/2022\/06\/14\/pcmg-conclui-inquerito-que-investigava-organizacao-criminosa-em-muriae\/","og_site_name":"Ub\u00e1 News","article_publisher":"https:\/\/www.facebook.com\/Ub%c3%a1News-Carlos-Roberto-Sodr%c3%a9-418778301977370","article_author":"https:\/\/www.facebook.com\/carosroberto.sodre.5\/","article_published_time":"2022-06-14T14:00:39+00:00","article_modified_time":"2022-06-23T16:13:12+00:00","og_image":[{"width":1000,"height":500,"url":"https:\/\/ubanews.com\/site\/wp-content\/uploads\/2022\/06\/WhatsApp-Image-2022-06-14-at-10.29.44.jpeg","type":"image\/jpeg"}],"author":"Sodr\u00e9","twitter_card":"summary_large_image","twitter_misc":{"Escrito por":"Sodr\u00e9","Est. tempo de leitura":"2 minutos"},"schema":{"@context":"https:\/\/schema.org","@graph":[{"@type":"Article","@id":"https:\/\/ubanews.com\/site\/2022\/06\/14\/pcmg-conclui-inquerito-que-investigava-organizacao-criminosa-em-muriae\/#article","isPartOf":{"@id":"https:\/\/ubanews.com\/site\/2022\/06\/14\/pcmg-conclui-inquerito-que-investigava-organizacao-criminosa-em-muriae\/"},"author":{"name":"Sodr\u00e9","@id":"https:\/\/ubanews.com\/site\/#\/schema\/person\/d90c9e47252fbb63dcc969fe4c8b9d10"},"headline":"PCMG CONCLUI INQU\u00c9RITO QUE INVESTIGAVA ORGANIZA\u00c7\u00c3O CRIMINOSA EM MURIA\u00c9","datePublished":"2022-06-14T14:00:39+00:00","dateModified":"2022-06-23T16:13:12+00:00","mainEntityOfPage":{"@id":"https:\/\/ubanews.com\/site\/2022\/06\/14\/pcmg-conclui-inquerito-que-investigava-organizacao-criminosa-em-muriae\/"},"wordCount":486,"commentCount":0,"publisher":{"@id":"https:\/\/ubanews.com\/site\/#organization"},"image":{"@id":"https:\/\/ubanews.com\/site\/2022\/06\/14\/pcmg-conclui-inquerito-que-investigava-organizacao-criminosa-em-muriae\/#primaryimage"},"thumbnailUrl":"https:\/\/ubanews.com\/site\/wp-content\/uploads\/2022\/06\/WhatsApp-Image-2022-06-14-at-10.29.44.jpeg","articleSection":["Geral"],"inLanguage":"pt-BR","potentialAction":[{"@type":"CommentAction","name":"Comment","target":["https:\/\/ubanews.com\/site\/2022\/06\/14\/pcmg-conclui-inquerito-que-investigava-organizacao-criminosa-em-muriae\/#respond"]}]},{"@type":"WebPage","@id":"https:\/\/ubanews.com\/site\/2022\/06\/14\/pcmg-conclui-inquerito-que-investigava-organizacao-criminosa-em-muriae\/","url":"https:\/\/ubanews.com\/site\/2022\/06\/14\/pcmg-conclui-inquerito-que-investigava-organizacao-criminosa-em-muriae\/","name":"PCMG CONCLUI INQU\u00c9RITO QUE INVESTIGAVA ORGANIZA\u00c7\u00c3O CRIMINOSA EM MURIA\u00c9 - Ub\u00e1 News","isPartOf":{"@id":"https:\/\/ubanews.com\/site\/#website"},"primaryImageOfPage":{"@id":"https:\/\/ubanews.com\/site\/2022\/06\/14\/pcmg-conclui-inquerito-que-investigava-organizacao-criminosa-em-muriae\/#primaryimage"},"image":{"@id":"https:\/\/ubanews.com\/site\/2022\/06\/14\/pcmg-conclui-inquerito-que-investigava-organizacao-criminosa-em-muriae\/#primaryimage"},"thumbnailUrl":"https:\/\/ubanews.com\/site\/wp-content\/uploads\/2022\/06\/WhatsApp-Image-2022-06-14-at-10.29.44.jpeg","datePublished":"2022-06-14T14:00:39+00:00","dateModified":"2022-06-23T16:13:12+00:00","breadcrumb":{"@id":"https:\/\/ubanews.com\/site\/2022\/06\/14\/pcmg-conclui-inquerito-que-investigava-organizacao-criminosa-em-muriae\/#breadcrumb"},"inLanguage":"pt-BR","potentialAction":[{"@type":"ReadAction","target":["https:\/\/ubanews.com\/site\/2022\/06\/14\/pcmg-conclui-inquerito-que-investigava-organizacao-criminosa-em-muriae\/"]}]},{"@type":"ImageObject","inLanguage":"pt-BR","@id":"https:\/\/ubanews.com\/site\/2022\/06\/14\/pcmg-conclui-inquerito-que-investigava-organizacao-criminosa-em-muriae\/#primaryimage","url":"https:\/\/ubanews.com\/site\/wp-content\/uploads\/2022\/06\/WhatsApp-Image-2022-06-14-at-10.29.44.jpeg","contentUrl":"https:\/\/ubanews.com\/site\/wp-content\/uploads\/2022\/06\/WhatsApp-Image-2022-06-14-at-10.29.44.jpeg","width":1000,"height":500},{"@type":"BreadcrumbList","@id":"https:\/\/ubanews.com\/site\/2022\/06\/14\/pcmg-conclui-inquerito-que-investigava-organizacao-criminosa-em-muriae\/#breadcrumb","itemListElement":[{"@type":"ListItem","position":1,"name":"Home","item":"https:\/\/ubanews.com\/site\/"},{"@type":"ListItem","position":2,"name":"PCMG CONCLUI INQU\u00c9RITO QUE INVESTIGAVA ORGANIZA\u00c7\u00c3O CRIMINOSA EM MURIA\u00c9"}]},{"@type":"WebSite","@id":"https:\/\/ubanews.com\/site\/#website","url":"https:\/\/ubanews.com\/site\/","name":"Ub\u00e1 News","description":"","publisher":{"@id":"https:\/\/ubanews.com\/site\/#organization"},"potentialAction":[{"@type":"SearchAction","target":{"@type":"EntryPoint","urlTemplate":"https:\/\/ubanews.com\/site\/?s={search_term_string}"},"query-input":{"@type":"PropertyValueSpecification","valueRequired":true,"valueName":"search_term_string"}}],"inLanguage":"pt-BR"},{"@type":"Organization","@id":"https:\/\/ubanews.com\/site\/#organization","name":"Ub\u00e1 News","url":"https:\/\/ubanews.com\/site\/","logo":{"@type":"ImageObject","inLanguage":"pt-BR","@id":"https:\/\/ubanews.com\/site\/#\/schema\/logo\/image\/","url":"https:\/\/ubanews.com\/site\/wp-content\/uploads\/2018\/01\/logoubanews.png","contentUrl":"https:\/\/ubanews.com\/site\/wp-content\/uploads\/2018\/01\/logoubanews.png","width":261,"height":99,"caption":"Ub\u00e1 News"},"image":{"@id":"https:\/\/ubanews.com\/site\/#\/schema\/logo\/image\/"},"sameAs":["https:\/\/www.facebook.com\/Ub\u00e1News-Carlos-Roberto-Sodr\u00e9-418778301977370"]},{"@type":"Person","@id":"https:\/\/ubanews.com\/site\/#\/schema\/person\/d90c9e47252fbb63dcc969fe4c8b9d10","name":"Sodr\u00e9","image":{"@type":"ImageObject","inLanguage":"pt-BR","@id":"https:\/\/secure.gravatar.com\/avatar\/5ba2793f0590b9dbfad3fdec4ee714485b3eef211c9b32ee53d414060454a56c?s=96&d=mm&r=g","url":"https:\/\/secure.gravatar.com\/avatar\/5ba2793f0590b9dbfad3fdec4ee714485b3eef211c9b32ee53d414060454a56c?s=96&d=mm&r=g","contentUrl":"https:\/\/secure.gravatar.com\/avatar\/5ba2793f0590b9dbfad3fdec4ee714485b3eef211c9b32ee53d414060454a56c?s=96&d=mm&r=g","caption":"Sodr\u00e9"},"sameAs":["https:\/\/www.facebook.com\/carosroberto.sodre.5\/"],"url":"https:\/\/ubanews.com\/site\/author\/felipe\/"}]}},"_links":{"self":[{"href":"https:\/\/ubanews.com\/site\/wp-json\/wp\/v2\/posts\/21250","targetHints":{"allow":["GET"]}}],"collection":[{"href":"https:\/\/ubanews.com\/site\/wp-json\/wp\/v2\/posts"}],"about":[{"href":"https:\/\/ubanews.com\/site\/wp-json\/wp\/v2\/types\/post"}],"author":[{"embeddable":true,"href":"https:\/\/ubanews.com\/site\/wp-json\/wp\/v2\/users\/2"}],"replies":[{"embeddable":true,"href":"https:\/\/ubanews.com\/site\/wp-json\/wp\/v2\/comments?post=21250"}],"version-history":[{"count":0,"href":"https:\/\/ubanews.com\/site\/wp-json\/wp\/v2\/posts\/21250\/revisions"}],"wp:featuredmedia":[{"embeddable":true,"href":"https:\/\/ubanews.com\/site\/wp-json\/wp\/v2\/media\/21251"}],"wp:attachment":[{"href":"https:\/\/ubanews.com\/site\/wp-json\/wp\/v2\/media?parent=21250"}],"wp:term":[{"taxonomy":"category","embeddable":true,"href":"https:\/\/ubanews.com\/site\/wp-json\/wp\/v2\/categories?post=21250"},{"taxonomy":"post_tag","embeddable":true,"href":"https:\/\/ubanews.com\/site\/wp-json\/wp\/v2\/tags?post=21250"}],"curies":[{"name":"wp","href":"https:\/\/api.w.org\/{rel}","templated":true}]}}