{"id":21248,"date":"2022-06-15T13:30:22","date_gmt":"2022-06-15T16:30:22","guid":{"rendered":"http:\/\/ubanews.com\/site\/?p=21248"},"modified":"2022-06-23T13:09:56","modified_gmt":"2022-06-23T16:09:56","slug":"confira-o-funcionamento-dos-servicos-publicos-neste-feriado-de-corpus-christi","status":"publish","type":"post","link":"https:\/\/ubanews.com\/site\/2022\/06\/15\/confira-o-funcionamento-dos-servicos-publicos-neste-feriado-de-corpus-christi\/","title":{"rendered":"CONFIRA O FUNCIONAMENTO DOS SERVI\u00c7OS P\u00daBLICOS NESTE FERIADO DE CORPUS CHRISTI"},"content":{"rendered":"<p style=\"font-weight: 400;\"><strong>Confira o funcionamento dos servi\u00e7os p\u00fablicos neste feriado de<\/strong><strong>&nbsp;Corpus Christi<\/strong><\/p>\n<p style=\"font-weight: 400;\">Nesta quinta-feira (16), feriado municipal de Corpus Christi, e na sexta-feira (17), &nbsp;ponto facultativo decretado pela Prefeitura de Ub\u00e1, conforme Decreto Municipal 6.721\/2022, n\u00e3o haver\u00e1 expediente nas reparti\u00e7\u00f5es p\u00fablicas do munic\u00edpio (\u00f3rg\u00e3os da Administra\u00e7\u00e3o Direta, Aut\u00e1rquica e Fundacional do Munic\u00edpio), sem preju\u00edzo da presta\u00e7\u00e3o de servi\u00e7os considerados essenciais.<\/p>\n<p style=\"font-weight: 400;\"><strong><em>16\/06 (quinta-feira) Feriado Municipal &#8211;&nbsp;<\/em><\/strong><strong><em>Corpus Christi<\/em><\/strong><\/p>\n<p style=\"font-weight: 400;\"><strong><em>17\/06 (sexta-feira) Recesso &#8211; Ponto Facultativo<\/em><\/strong><\/p>\n<p style=\"font-weight: 400;\">Confira os servi\u00e7os p\u00fablicos de responsabilidade da Prefeitura que funcionar\u00e3o neste per\u00edodo:<\/p>\n<p style=\"font-weight: 400;\"><strong>&#8211;<\/strong>&nbsp;<strong>Farm\u00e1cia Municipal:<\/strong>&nbsp;N\u00e3o haver\u00e1 funcionamento no dia 16\/06 (quinta-feira). Nos dias 17 e 18\/06 (sexta-feira e s\u00e1bado) o atendimento ser\u00e1 em regime de plant\u00e3o, no hor\u00e1rio de 8h \u00e0s 12h;<\/p>\n<p style=\"font-weight: 400;\">&nbsp;<strong>-Transportes Assistenciais (Ambul\u00e2ncias):&nbsp;<\/strong>Haver\u00e1 atendimento em regime de plant\u00e3o &#8211; Contato: (32) 3539-6173 e 3531-8192;<\/p>\n<p style=\"font-weight: 400;\"><strong>&nbsp;&#8211; Limpeza urbana e coleta de lixo:<\/strong>&nbsp;Funcionamento conforme programa\u00e7\u00e3o regular;<\/p>\n<p style=\"font-weight: 400;\"><strong>&nbsp;&#8211; Luz de Ub\u00e1:<\/strong>&nbsp;Solicita\u00e7\u00e3o de servi\u00e7os atrav\u00e9s do Whatsapp (32) 3532-3319 ou pelo site&nbsp;<a href=\"http:\/\/www.uba.mg.gov.br\/\" data-saferedirecturl=\"https:\/\/www.google.com\/url?q=http:\/\/www.uba.mg.gov.br&amp;source=gmail&amp;ust=1656083621488000&amp;usg=AOvVaw0V_gHfDXVHtmVTpU29uCAK\">www.uba.mg.gov.br<\/a>, no link Luz de Ub\u00e1;<\/p>\n<p style=\"font-weight: 400;\">&nbsp;<strong>&#8211; Conselho Tutelar:<\/strong>&nbsp;Haver\u00e1 atendimento em regime de plant\u00e3o&nbsp;&#8211; Contato: (32) 98892-5467;<\/p>\n<p style=\"font-weight: 400;\"><strong>-Centro Pop:&nbsp;<\/strong>N\u00e3o haver\u00e1 funcionamento no dia 16\/06 (quinta-feira). No dia 17\/06 (sexta-feira) o atendimento ser\u00e1 no hor\u00e1rio de 07h \u00e0s 13h. O setor retoma seu funcionamento normal a partir do dia 20\/06 (segunda-feira).<\/p>\n<p style=\"font-weight: 400;\"><strong><em>&nbsp;OBS:<\/em><\/strong><em>&nbsp;N\u00e3o haver\u00e1 vacina\u00e7\u00e3o contra a Gripe e a Covid-19 neste per\u00edodo.<\/em><\/p>\n<p style=\"font-weight: 400;\">Assessoria de Comunica\u00e7\u00e3o<\/p>\n<p style=\"font-weight: 400;\">Prefeitura de Ub\u00e1<\/p>\n","protected":false},"excerpt":{"rendered":"<p>Confira o funcionamento dos servi\u00e7os p\u00fablicos neste feriado de&nbsp;Corpus Christi<\/p>\n","protected":false},"author":2,"featured_media":21249,"comment_status":"open","ping_status":"open","sticky":false,"template":"","format":"standard","meta":{"footnotes":""},"categories":[15,3],"tags":[],"class_list":["post-21248","post","type-post","status-publish","format-standard","has-post-thumbnail","hentry","category-prefeitura-municipal","category-slide"],"yoast_head":"<!-- This site is optimized with the Yoast SEO plugin v27.2 - https:\/\/yoast.com\/product\/yoast-seo-wordpress\/ -->\n<title>CONFIRA O FUNCIONAMENTO DOS SERVI\u00c7OS P\u00daBLICOS NESTE FERIADO DE CORPUS CHRISTI - Ub\u00e1 News<\/title>\n<meta name=\"robots\" content=\"index, follow, max-snippet:-1, max-image-preview:large, max-video-preview:-1\" \/>\n<link rel=\"canonical\" href=\"https:\/\/ubanews.com\/site\/2022\/06\/15\/confira-o-funcionamento-dos-servicos-publicos-neste-feriado-de-corpus-christi\/\" \/>\n<meta property=\"og:locale\" content=\"pt_BR\" \/>\n<meta property=\"og:type\" content=\"article\" \/>\n<meta property=\"og:title\" content=\"CONFIRA O FUNCIONAMENTO DOS SERVI\u00c7OS P\u00daBLICOS NESTE FERIADO DE CORPUS CHRISTI - Ub\u00e1 News\" \/>\n<meta property=\"og:description\" content=\"Confira o funcionamento dos servi\u00e7os p\u00fablicos neste feriado de&nbsp;Corpus Christi\" \/>\n<meta property=\"og:url\" content=\"https:\/\/ubanews.com\/site\/2022\/06\/15\/confira-o-funcionamento-dos-servicos-publicos-neste-feriado-de-corpus-christi\/\" \/>\n<meta property=\"og:site_name\" content=\"Ub\u00e1 News\" \/>\n<meta property=\"article:publisher\" content=\"https:\/\/www.facebook.com\/Ub%c3%a1News-Carlos-Roberto-Sodr%c3%a9-418778301977370\" \/>\n<meta property=\"article:author\" content=\"https:\/\/www.facebook.com\/carosroberto.sodre.5\/\" \/>\n<meta property=\"article:published_time\" content=\"2022-06-15T16:30:22+00:00\" \/>\n<meta property=\"article:modified_time\" content=\"2022-06-23T16:09:56+00:00\" \/>\n<meta property=\"og:image\" content=\"https:\/\/ubanews.com\/site\/wp-content\/uploads\/2022\/06\/WhatsApp-Image-2022-06-15-at-12.56.06.jpeg\" \/>\n\t<meta property=\"og:image:width\" content=\"1280\" \/>\n\t<meta property=\"og:image:height\" content=\"680\" \/>\n\t<meta property=\"og:image:type\" content=\"image\/jpeg\" \/>\n<meta name=\"author\" content=\"Sodr\u00e9\" \/>\n<meta name=\"twitter:card\" content=\"summary_large_image\" \/>\n<meta name=\"twitter:label1\" content=\"Escrito por\" \/>\n\t<meta name=\"twitter:data1\" content=\"Sodr\u00e9\" \/>\n\t<meta name=\"twitter:label2\" content=\"Est. tempo de leitura\" \/>\n\t<meta name=\"twitter:data2\" content=\"1 minuto\" \/>\n<script type=\"application\/ld+json\" class=\"yoast-schema-graph\">{\"@context\":\"https:\/\/schema.org\",\"@graph\":[{\"@type\":\"Article\",\"@id\":\"https:\/\/ubanews.com\/site\/2022\/06\/15\/confira-o-funcionamento-dos-servicos-publicos-neste-feriado-de-corpus-christi\/#article\",\"isPartOf\":{\"@id\":\"https:\/\/ubanews.com\/site\/2022\/06\/15\/confira-o-funcionamento-dos-servicos-publicos-neste-feriado-de-corpus-christi\/\"},\"author\":{\"name\":\"Sodr\u00e9\",\"@id\":\"https:\/\/ubanews.com\/site\/#\/schema\/person\/d90c9e47252fbb63dcc969fe4c8b9d10\"},\"headline\":\"CONFIRA O FUNCIONAMENTO DOS SERVI\u00c7OS P\u00daBLICOS NESTE FERIADO DE CORPUS CHRISTI\",\"datePublished\":\"2022-06-15T16:30:22+00:00\",\"dateModified\":\"2022-06-23T16:09:56+00:00\",\"mainEntityOfPage\":{\"@id\":\"https:\/\/ubanews.com\/site\/2022\/06\/15\/confira-o-funcionamento-dos-servicos-publicos-neste-feriado-de-corpus-christi\/\"},\"wordCount\":283,\"commentCount\":0,\"publisher\":{\"@id\":\"https:\/\/ubanews.com\/site\/#organization\"},\"image\":{\"@id\":\"https:\/\/ubanews.com\/site\/2022\/06\/15\/confira-o-funcionamento-dos-servicos-publicos-neste-feriado-de-corpus-christi\/#primaryimage\"},\"thumbnailUrl\":\"https:\/\/ubanews.com\/site\/wp-content\/uploads\/2022\/06\/WhatsApp-Image-2022-06-15-at-12.56.06.jpeg\",\"articleSection\":[\"Prefeitura Municipal\",\"Slide\"],\"inLanguage\":\"pt-BR\",\"potentialAction\":[{\"@type\":\"CommentAction\",\"name\":\"Comment\",\"target\":[\"https:\/\/ubanews.com\/site\/2022\/06\/15\/confira-o-funcionamento-dos-servicos-publicos-neste-feriado-de-corpus-christi\/#respond\"]}]},{\"@type\":\"WebPage\",\"@id\":\"https:\/\/ubanews.com\/site\/2022\/06\/15\/confira-o-funcionamento-dos-servicos-publicos-neste-feriado-de-corpus-christi\/\",\"url\":\"https:\/\/ubanews.com\/site\/2022\/06\/15\/confira-o-funcionamento-dos-servicos-publicos-neste-feriado-de-corpus-christi\/\",\"name\":\"CONFIRA O FUNCIONAMENTO DOS SERVI\u00c7OS P\u00daBLICOS NESTE FERIADO DE CORPUS CHRISTI - Ub\u00e1 News\",\"isPartOf\":{\"@id\":\"https:\/\/ubanews.com\/site\/#website\"},\"primaryImageOfPage\":{\"@id\":\"https:\/\/ubanews.com\/site\/2022\/06\/15\/confira-o-funcionamento-dos-servicos-publicos-neste-feriado-de-corpus-christi\/#primaryimage\"},\"image\":{\"@id\":\"https:\/\/ubanews.com\/site\/2022\/06\/15\/confira-o-funcionamento-dos-servicos-publicos-neste-feriado-de-corpus-christi\/#primaryimage\"},\"thumbnailUrl\":\"https:\/\/ubanews.com\/site\/wp-content\/uploads\/2022\/06\/WhatsApp-Image-2022-06-15-at-12.56.06.jpeg\",\"datePublished\":\"2022-06-15T16:30:22+00:00\",\"dateModified\":\"2022-06-23T16:09:56+00:00\",\"breadcrumb\":{\"@id\":\"https:\/\/ubanews.com\/site\/2022\/06\/15\/confira-o-funcionamento-dos-servicos-publicos-neste-feriado-de-corpus-christi\/#breadcrumb\"},\"inLanguage\":\"pt-BR\",\"potentialAction\":[{\"@type\":\"ReadAction\",\"target\":[\"https:\/\/ubanews.com\/site\/2022\/06\/15\/confira-o-funcionamento-dos-servicos-publicos-neste-feriado-de-corpus-christi\/\"]}]},{\"@type\":\"ImageObject\",\"inLanguage\":\"pt-BR\",\"@id\":\"https:\/\/ubanews.com\/site\/2022\/06\/15\/confira-o-funcionamento-dos-servicos-publicos-neste-feriado-de-corpus-christi\/#primaryimage\",\"url\":\"https:\/\/ubanews.com\/site\/wp-content\/uploads\/2022\/06\/WhatsApp-Image-2022-06-15-at-12.56.06.jpeg\",\"contentUrl\":\"https:\/\/ubanews.com\/site\/wp-content\/uploads\/2022\/06\/WhatsApp-Image-2022-06-15-at-12.56.06.jpeg\",\"width\":1280,\"height\":680},{\"@type\":\"BreadcrumbList\",\"@id\":\"https:\/\/ubanews.com\/site\/2022\/06\/15\/confira-o-funcionamento-dos-servicos-publicos-neste-feriado-de-corpus-christi\/#breadcrumb\",\"itemListElement\":[{\"@type\":\"ListItem\",\"position\":1,\"name\":\"Home\",\"item\":\"https:\/\/ubanews.com\/site\/\"},{\"@type\":\"ListItem\",\"position\":2,\"name\":\"CONFIRA O FUNCIONAMENTO DOS SERVI\u00c7OS P\u00daBLICOS NESTE FERIADO DE CORPUS CHRISTI\"}]},{\"@type\":\"WebSite\",\"@id\":\"https:\/\/ubanews.com\/site\/#website\",\"url\":\"https:\/\/ubanews.com\/site\/\",\"name\":\"Ub\u00e1 News\",\"description\":\"\",\"publisher\":{\"@id\":\"https:\/\/ubanews.com\/site\/#organization\"},\"potentialAction\":[{\"@type\":\"SearchAction\",\"target\":{\"@type\":\"EntryPoint\",\"urlTemplate\":\"https:\/\/ubanews.com\/site\/?s={search_term_string}\"},\"query-input\":{\"@type\":\"PropertyValueSpecification\",\"valueRequired\":true,\"valueName\":\"search_term_string\"}}],\"inLanguage\":\"pt-BR\"},{\"@type\":\"Organization\",\"@id\":\"https:\/\/ubanews.com\/site\/#organization\",\"name\":\"Ub\u00e1 News\",\"url\":\"https:\/\/ubanews.com\/site\/\",\"logo\":{\"@type\":\"ImageObject\",\"inLanguage\":\"pt-BR\",\"@id\":\"https:\/\/ubanews.com\/site\/#\/schema\/logo\/image\/\",\"url\":\"https:\/\/ubanews.com\/site\/wp-content\/uploads\/2018\/01\/logoubanews.png\",\"contentUrl\":\"https:\/\/ubanews.com\/site\/wp-content\/uploads\/2018\/01\/logoubanews.png\",\"width\":261,\"height\":99,\"caption\":\"Ub\u00e1 News\"},\"image\":{\"@id\":\"https:\/\/ubanews.com\/site\/#\/schema\/logo\/image\/\"},\"sameAs\":[\"https:\/\/www.facebook.com\/Ub\u00e1News-Carlos-Roberto-Sodr\u00e9-418778301977370\"]},{\"@type\":\"Person\",\"@id\":\"https:\/\/ubanews.com\/site\/#\/schema\/person\/d90c9e47252fbb63dcc969fe4c8b9d10\",\"name\":\"Sodr\u00e9\",\"image\":{\"@type\":\"ImageObject\",\"inLanguage\":\"pt-BR\",\"@id\":\"https:\/\/secure.gravatar.com\/avatar\/5ba2793f0590b9dbfad3fdec4ee714485b3eef211c9b32ee53d414060454a56c?s=96&d=mm&r=g\",\"url\":\"https:\/\/secure.gravatar.com\/avatar\/5ba2793f0590b9dbfad3fdec4ee714485b3eef211c9b32ee53d414060454a56c?s=96&d=mm&r=g\",\"contentUrl\":\"https:\/\/secure.gravatar.com\/avatar\/5ba2793f0590b9dbfad3fdec4ee714485b3eef211c9b32ee53d414060454a56c?s=96&d=mm&r=g\",\"caption\":\"Sodr\u00e9\"},\"sameAs\":[\"https:\/\/www.facebook.com\/carosroberto.sodre.5\/\"],\"url\":\"https:\/\/ubanews.com\/site\/author\/felipe\/\"}]}<\/script>\n<!-- \/ Yoast SEO plugin. -->","yoast_head_json":{"title":"CONFIRA O FUNCIONAMENTO DOS SERVI\u00c7OS P\u00daBLICOS NESTE FERIADO DE CORPUS CHRISTI - Ub\u00e1 News","robots":{"index":"index","follow":"follow","max-snippet":"max-snippet:-1","max-image-preview":"max-image-preview:large","max-video-preview":"max-video-preview:-1"},"canonical":"https:\/\/ubanews.com\/site\/2022\/06\/15\/confira-o-funcionamento-dos-servicos-publicos-neste-feriado-de-corpus-christi\/","og_locale":"pt_BR","og_type":"article","og_title":"CONFIRA O FUNCIONAMENTO DOS SERVI\u00c7OS P\u00daBLICOS NESTE FERIADO DE CORPUS CHRISTI - Ub\u00e1 News","og_description":"Confira o funcionamento dos servi\u00e7os p\u00fablicos neste feriado de&nbsp;Corpus Christi","og_url":"https:\/\/ubanews.com\/site\/2022\/06\/15\/confira-o-funcionamento-dos-servicos-publicos-neste-feriado-de-corpus-christi\/","og_site_name":"Ub\u00e1 News","article_publisher":"https:\/\/www.facebook.com\/Ub%c3%a1News-Carlos-Roberto-Sodr%c3%a9-418778301977370","article_author":"https:\/\/www.facebook.com\/carosroberto.sodre.5\/","article_published_time":"2022-06-15T16:30:22+00:00","article_modified_time":"2022-06-23T16:09:56+00:00","og_image":[{"width":1280,"height":680,"url":"https:\/\/ubanews.com\/site\/wp-content\/uploads\/2022\/06\/WhatsApp-Image-2022-06-15-at-12.56.06.jpeg","type":"image\/jpeg"}],"author":"Sodr\u00e9","twitter_card":"summary_large_image","twitter_misc":{"Escrito por":"Sodr\u00e9","Est. tempo de leitura":"1 minuto"},"schema":{"@context":"https:\/\/schema.org","@graph":[{"@type":"Article","@id":"https:\/\/ubanews.com\/site\/2022\/06\/15\/confira-o-funcionamento-dos-servicos-publicos-neste-feriado-de-corpus-christi\/#article","isPartOf":{"@id":"https:\/\/ubanews.com\/site\/2022\/06\/15\/confira-o-funcionamento-dos-servicos-publicos-neste-feriado-de-corpus-christi\/"},"author":{"name":"Sodr\u00e9","@id":"https:\/\/ubanews.com\/site\/#\/schema\/person\/d90c9e47252fbb63dcc969fe4c8b9d10"},"headline":"CONFIRA O FUNCIONAMENTO DOS SERVI\u00c7OS P\u00daBLICOS NESTE FERIADO DE CORPUS CHRISTI","datePublished":"2022-06-15T16:30:22+00:00","dateModified":"2022-06-23T16:09:56+00:00","mainEntityOfPage":{"@id":"https:\/\/ubanews.com\/site\/2022\/06\/15\/confira-o-funcionamento-dos-servicos-publicos-neste-feriado-de-corpus-christi\/"},"wordCount":283,"commentCount":0,"publisher":{"@id":"https:\/\/ubanews.com\/site\/#organization"},"image":{"@id":"https:\/\/ubanews.com\/site\/2022\/06\/15\/confira-o-funcionamento-dos-servicos-publicos-neste-feriado-de-corpus-christi\/#primaryimage"},"thumbnailUrl":"https:\/\/ubanews.com\/site\/wp-content\/uploads\/2022\/06\/WhatsApp-Image-2022-06-15-at-12.56.06.jpeg","articleSection":["Prefeitura Municipal","Slide"],"inLanguage":"pt-BR","potentialAction":[{"@type":"CommentAction","name":"Comment","target":["https:\/\/ubanews.com\/site\/2022\/06\/15\/confira-o-funcionamento-dos-servicos-publicos-neste-feriado-de-corpus-christi\/#respond"]}]},{"@type":"WebPage","@id":"https:\/\/ubanews.com\/site\/2022\/06\/15\/confira-o-funcionamento-dos-servicos-publicos-neste-feriado-de-corpus-christi\/","url":"https:\/\/ubanews.com\/site\/2022\/06\/15\/confira-o-funcionamento-dos-servicos-publicos-neste-feriado-de-corpus-christi\/","name":"CONFIRA O FUNCIONAMENTO DOS SERVI\u00c7OS P\u00daBLICOS NESTE FERIADO DE CORPUS CHRISTI - Ub\u00e1 News","isPartOf":{"@id":"https:\/\/ubanews.com\/site\/#website"},"primaryImageOfPage":{"@id":"https:\/\/ubanews.com\/site\/2022\/06\/15\/confira-o-funcionamento-dos-servicos-publicos-neste-feriado-de-corpus-christi\/#primaryimage"},"image":{"@id":"https:\/\/ubanews.com\/site\/2022\/06\/15\/confira-o-funcionamento-dos-servicos-publicos-neste-feriado-de-corpus-christi\/#primaryimage"},"thumbnailUrl":"https:\/\/ubanews.com\/site\/wp-content\/uploads\/2022\/06\/WhatsApp-Image-2022-06-15-at-12.56.06.jpeg","datePublished":"2022-06-15T16:30:22+00:00","dateModified":"2022-06-23T16:09:56+00:00","breadcrumb":{"@id":"https:\/\/ubanews.com\/site\/2022\/06\/15\/confira-o-funcionamento-dos-servicos-publicos-neste-feriado-de-corpus-christi\/#breadcrumb"},"inLanguage":"pt-BR","potentialAction":[{"@type":"ReadAction","target":["https:\/\/ubanews.com\/site\/2022\/06\/15\/confira-o-funcionamento-dos-servicos-publicos-neste-feriado-de-corpus-christi\/"]}]},{"@type":"ImageObject","inLanguage":"pt-BR","@id":"https:\/\/ubanews.com\/site\/2022\/06\/15\/confira-o-funcionamento-dos-servicos-publicos-neste-feriado-de-corpus-christi\/#primaryimage","url":"https:\/\/ubanews.com\/site\/wp-content\/uploads\/2022\/06\/WhatsApp-Image-2022-06-15-at-12.56.06.jpeg","contentUrl":"https:\/\/ubanews.com\/site\/wp-content\/uploads\/2022\/06\/WhatsApp-Image-2022-06-15-at-12.56.06.jpeg","width":1280,"height":680},{"@type":"BreadcrumbList","@id":"https:\/\/ubanews.com\/site\/2022\/06\/15\/confira-o-funcionamento-dos-servicos-publicos-neste-feriado-de-corpus-christi\/#breadcrumb","itemListElement":[{"@type":"ListItem","position":1,"name":"Home","item":"https:\/\/ubanews.com\/site\/"},{"@type":"ListItem","position":2,"name":"CONFIRA O FUNCIONAMENTO DOS SERVI\u00c7OS P\u00daBLICOS NESTE FERIADO DE CORPUS CHRISTI"}]},{"@type":"WebSite","@id":"https:\/\/ubanews.com\/site\/#website","url":"https:\/\/ubanews.com\/site\/","name":"Ub\u00e1 News","description":"","publisher":{"@id":"https:\/\/ubanews.com\/site\/#organization"},"potentialAction":[{"@type":"SearchAction","target":{"@type":"EntryPoint","urlTemplate":"https:\/\/ubanews.com\/site\/?s={search_term_string}"},"query-input":{"@type":"PropertyValueSpecification","valueRequired":true,"valueName":"search_term_string"}}],"inLanguage":"pt-BR"},{"@type":"Organization","@id":"https:\/\/ubanews.com\/site\/#organization","name":"Ub\u00e1 News","url":"https:\/\/ubanews.com\/site\/","logo":{"@type":"ImageObject","inLanguage":"pt-BR","@id":"https:\/\/ubanews.com\/site\/#\/schema\/logo\/image\/","url":"https:\/\/ubanews.com\/site\/wp-content\/uploads\/2018\/01\/logoubanews.png","contentUrl":"https:\/\/ubanews.com\/site\/wp-content\/uploads\/2018\/01\/logoubanews.png","width":261,"height":99,"caption":"Ub\u00e1 News"},"image":{"@id":"https:\/\/ubanews.com\/site\/#\/schema\/logo\/image\/"},"sameAs":["https:\/\/www.facebook.com\/Ub\u00e1News-Carlos-Roberto-Sodr\u00e9-418778301977370"]},{"@type":"Person","@id":"https:\/\/ubanews.com\/site\/#\/schema\/person\/d90c9e47252fbb63dcc969fe4c8b9d10","name":"Sodr\u00e9","image":{"@type":"ImageObject","inLanguage":"pt-BR","@id":"https:\/\/secure.gravatar.com\/avatar\/5ba2793f0590b9dbfad3fdec4ee714485b3eef211c9b32ee53d414060454a56c?s=96&d=mm&r=g","url":"https:\/\/secure.gravatar.com\/avatar\/5ba2793f0590b9dbfad3fdec4ee714485b3eef211c9b32ee53d414060454a56c?s=96&d=mm&r=g","contentUrl":"https:\/\/secure.gravatar.com\/avatar\/5ba2793f0590b9dbfad3fdec4ee714485b3eef211c9b32ee53d414060454a56c?s=96&d=mm&r=g","caption":"Sodr\u00e9"},"sameAs":["https:\/\/www.facebook.com\/carosroberto.sodre.5\/"],"url":"https:\/\/ubanews.com\/site\/author\/felipe\/"}]}},"_links":{"self":[{"href":"https:\/\/ubanews.com\/site\/wp-json\/wp\/v2\/posts\/21248","targetHints":{"allow":["GET"]}}],"collection":[{"href":"https:\/\/ubanews.com\/site\/wp-json\/wp\/v2\/posts"}],"about":[{"href":"https:\/\/ubanews.com\/site\/wp-json\/wp\/v2\/types\/post"}],"author":[{"embeddable":true,"href":"https:\/\/ubanews.com\/site\/wp-json\/wp\/v2\/users\/2"}],"replies":[{"embeddable":true,"href":"https:\/\/ubanews.com\/site\/wp-json\/wp\/v2\/comments?post=21248"}],"version-history":[{"count":0,"href":"https:\/\/ubanews.com\/site\/wp-json\/wp\/v2\/posts\/21248\/revisions"}],"wp:featuredmedia":[{"embeddable":true,"href":"https:\/\/ubanews.com\/site\/wp-json\/wp\/v2\/media\/21249"}],"wp:attachment":[{"href":"https:\/\/ubanews.com\/site\/wp-json\/wp\/v2\/media?parent=21248"}],"wp:term":[{"taxonomy":"category","embeddable":true,"href":"https:\/\/ubanews.com\/site\/wp-json\/wp\/v2\/categories?post=21248"},{"taxonomy":"post_tag","embeddable":true,"href":"https:\/\/ubanews.com\/site\/wp-json\/wp\/v2\/tags?post=21248"}],"curies":[{"name":"wp","href":"https:\/\/api.w.org\/{rel}","templated":true}]}}