{"id":21243,"date":"2022-05-03T08:00:46","date_gmt":"2022-05-03T11:00:46","guid":{"rendered":"http:\/\/ubanews.com\/site\/?p=21243"},"modified":"2022-06-02T13:29:26","modified_gmt":"2022-06-02T16:29:26","slug":"dia-internacional-da-liberdade-de-imprensa","status":"publish","type":"post","link":"https:\/\/ubanews.com\/site\/2022\/05\/03\/dia-internacional-da-liberdade-de-imprensa\/","title":{"rendered":"Dia Internacional da Liberdade de Imprensa"},"content":{"rendered":"<p>O&nbsp;<strong>Dia Internacional da Liberdade de Imprensa<\/strong>&nbsp;\u00e9 comemorado no dia&nbsp;<strong>03 de maio<\/strong>.<\/p>\n<p>A data celebra o direito de todos os profissionais da m\u00eddia de investigar e publicar informa\u00e7\u00f5es de forma livre.<\/p>\n<p>Informa\u00e7\u00e3o \u00e9 poder, e por isso a tentativa de controlar os meios de comunica\u00e7\u00e3o sempre existiu e se chama&nbsp;<strong>censura<\/strong>. A Censura \u00e9 o contr\u00e1rio da Liberdade de Imprensa, e \u00e9 comum nos regimes ditatoriais n\u00e3o democr\u00e1ticos. Mas a luta pela liberdade de imprensa \u00e9 constante, porque mesmo nos regimes democr\u00e1ticos a censura pode aparecer, de variadas maneiras.<\/p>\n<p>Historicamente foram cometidos muitos crimes contra a liberdade de imprensa, principalmente durante a Ditadura Militar no Brasil.<\/p>\n<h2>Origem do Dia Mundial da Liberdade de Imprensa<\/h2>\n<p>O Dia Mundial da Liberdade de Imprensa foi criado pela UNESCO &#8211; Organiza\u00e7\u00e3o das Na\u00e7\u00f5es Unidas para a Educa\u00e7\u00e3o, Ci\u00eancia e Cultura atrav\u00e9s da Decis\u00e3o A\/DEC\/48\/432 de 1993.<\/p>\n<p>A data foi criada para alertar sobre as impunidades cometidas contra centenas de jornalistas que s\u00e3o torturados ou assassinados como consequ\u00eancia de persegui\u00e7\u00f5es por informa\u00e7\u00f5es apuradas e publicadas por estes profissionais.<\/p>\n","protected":false},"excerpt":{"rendered":"<p>O&nbsp;Dia Internacional da Liberdade de Imprensa&nbsp;\u00e9 comemorado no dia&nbsp;03 de<\/p>\n","protected":false},"author":2,"featured_media":21245,"comment_status":"open","ping_status":"open","sticky":false,"template":"","format":"standard","meta":{"footnotes":""},"categories":[1],"tags":[],"class_list":["post-21243","post","type-post","status-publish","format-standard","has-post-thumbnail","hentry","category-sem-categoria"],"yoast_head":"<!-- This site is optimized with the Yoast SEO plugin v27.2 - https:\/\/yoast.com\/product\/yoast-seo-wordpress\/ -->\n<title>Dia Internacional da Liberdade de Imprensa - Ub\u00e1 News<\/title>\n<meta name=\"robots\" content=\"index, follow, max-snippet:-1, max-image-preview:large, max-video-preview:-1\" \/>\n<link rel=\"canonical\" href=\"https:\/\/ubanews.com\/site\/2022\/05\/03\/dia-internacional-da-liberdade-de-imprensa\/\" \/>\n<meta property=\"og:locale\" content=\"pt_BR\" \/>\n<meta property=\"og:type\" content=\"article\" \/>\n<meta property=\"og:title\" content=\"Dia Internacional da Liberdade de Imprensa - Ub\u00e1 News\" \/>\n<meta property=\"og:description\" content=\"O&nbsp;Dia Internacional da Liberdade de Imprensa&nbsp;\u00e9 comemorado no dia&nbsp;03 de\" \/>\n<meta property=\"og:url\" content=\"https:\/\/ubanews.com\/site\/2022\/05\/03\/dia-internacional-da-liberdade-de-imprensa\/\" \/>\n<meta property=\"og:site_name\" content=\"Ub\u00e1 News\" \/>\n<meta property=\"article:publisher\" content=\"https:\/\/www.facebook.com\/Ub%c3%a1News-Carlos-Roberto-Sodr%c3%a9-418778301977370\" \/>\n<meta property=\"article:author\" content=\"https:\/\/www.facebook.com\/carosroberto.sodre.5\/\" \/>\n<meta property=\"article:published_time\" content=\"2022-05-03T11:00:46+00:00\" \/>\n<meta property=\"article:modified_time\" content=\"2022-06-02T16:29:26+00:00\" \/>\n<meta property=\"og:image\" content=\"https:\/\/ubanews.com\/site\/wp-content\/uploads\/2022\/06\/LIBERDADE-DE-IMPRENSA-INTERNACIONAL.jpg\" \/>\n\t<meta property=\"og:image:width\" content=\"1000\" \/>\n\t<meta property=\"og:image:height\" content=\"500\" \/>\n\t<meta property=\"og:image:type\" content=\"image\/jpeg\" \/>\n<meta name=\"author\" content=\"Sodr\u00e9\" \/>\n<meta name=\"twitter:card\" content=\"summary_large_image\" \/>\n<meta name=\"twitter:label1\" content=\"Escrito por\" \/>\n\t<meta name=\"twitter:data1\" content=\"Sodr\u00e9\" \/>\n\t<meta name=\"twitter:label2\" content=\"Est. tempo de leitura\" \/>\n\t<meta name=\"twitter:data2\" content=\"1 minuto\" \/>\n<script type=\"application\/ld+json\" class=\"yoast-schema-graph\">{\"@context\":\"https:\/\/schema.org\",\"@graph\":[{\"@type\":\"Article\",\"@id\":\"https:\/\/ubanews.com\/site\/2022\/05\/03\/dia-internacional-da-liberdade-de-imprensa\/#article\",\"isPartOf\":{\"@id\":\"https:\/\/ubanews.com\/site\/2022\/05\/03\/dia-internacional-da-liberdade-de-imprensa\/\"},\"author\":{\"name\":\"Sodr\u00e9\",\"@id\":\"https:\/\/ubanews.com\/site\/#\/schema\/person\/d90c9e47252fbb63dcc969fe4c8b9d10\"},\"headline\":\"Dia Internacional da Liberdade de Imprensa\",\"datePublished\":\"2022-05-03T11:00:46+00:00\",\"dateModified\":\"2022-06-02T16:29:26+00:00\",\"mainEntityOfPage\":{\"@id\":\"https:\/\/ubanews.com\/site\/2022\/05\/03\/dia-internacional-da-liberdade-de-imprensa\/\"},\"wordCount\":197,\"commentCount\":0,\"publisher\":{\"@id\":\"https:\/\/ubanews.com\/site\/#organization\"},\"image\":{\"@id\":\"https:\/\/ubanews.com\/site\/2022\/05\/03\/dia-internacional-da-liberdade-de-imprensa\/#primaryimage\"},\"thumbnailUrl\":\"https:\/\/ubanews.com\/site\/wp-content\/uploads\/2022\/06\/LIBERDADE-DE-IMPRENSA-INTERNACIONAL.jpg\",\"articleSection\":[\"Geral\"],\"inLanguage\":\"pt-BR\",\"potentialAction\":[{\"@type\":\"CommentAction\",\"name\":\"Comment\",\"target\":[\"https:\/\/ubanews.com\/site\/2022\/05\/03\/dia-internacional-da-liberdade-de-imprensa\/#respond\"]}]},{\"@type\":\"WebPage\",\"@id\":\"https:\/\/ubanews.com\/site\/2022\/05\/03\/dia-internacional-da-liberdade-de-imprensa\/\",\"url\":\"https:\/\/ubanews.com\/site\/2022\/05\/03\/dia-internacional-da-liberdade-de-imprensa\/\",\"name\":\"Dia Internacional da Liberdade de Imprensa - Ub\u00e1 News\",\"isPartOf\":{\"@id\":\"https:\/\/ubanews.com\/site\/#website\"},\"primaryImageOfPage\":{\"@id\":\"https:\/\/ubanews.com\/site\/2022\/05\/03\/dia-internacional-da-liberdade-de-imprensa\/#primaryimage\"},\"image\":{\"@id\":\"https:\/\/ubanews.com\/site\/2022\/05\/03\/dia-internacional-da-liberdade-de-imprensa\/#primaryimage\"},\"thumbnailUrl\":\"https:\/\/ubanews.com\/site\/wp-content\/uploads\/2022\/06\/LIBERDADE-DE-IMPRENSA-INTERNACIONAL.jpg\",\"datePublished\":\"2022-05-03T11:00:46+00:00\",\"dateModified\":\"2022-06-02T16:29:26+00:00\",\"breadcrumb\":{\"@id\":\"https:\/\/ubanews.com\/site\/2022\/05\/03\/dia-internacional-da-liberdade-de-imprensa\/#breadcrumb\"},\"inLanguage\":\"pt-BR\",\"potentialAction\":[{\"@type\":\"ReadAction\",\"target\":[\"https:\/\/ubanews.com\/site\/2022\/05\/03\/dia-internacional-da-liberdade-de-imprensa\/\"]}]},{\"@type\":\"ImageObject\",\"inLanguage\":\"pt-BR\",\"@id\":\"https:\/\/ubanews.com\/site\/2022\/05\/03\/dia-internacional-da-liberdade-de-imprensa\/#primaryimage\",\"url\":\"https:\/\/ubanews.com\/site\/wp-content\/uploads\/2022\/06\/LIBERDADE-DE-IMPRENSA-INTERNACIONAL.jpg\",\"contentUrl\":\"https:\/\/ubanews.com\/site\/wp-content\/uploads\/2022\/06\/LIBERDADE-DE-IMPRENSA-INTERNACIONAL.jpg\",\"width\":1000,\"height\":500},{\"@type\":\"BreadcrumbList\",\"@id\":\"https:\/\/ubanews.com\/site\/2022\/05\/03\/dia-internacional-da-liberdade-de-imprensa\/#breadcrumb\",\"itemListElement\":[{\"@type\":\"ListItem\",\"position\":1,\"name\":\"Home\",\"item\":\"https:\/\/ubanews.com\/site\/\"},{\"@type\":\"ListItem\",\"position\":2,\"name\":\"Dia Internacional da Liberdade de Imprensa\"}]},{\"@type\":\"WebSite\",\"@id\":\"https:\/\/ubanews.com\/site\/#website\",\"url\":\"https:\/\/ubanews.com\/site\/\",\"name\":\"Ub\u00e1 News\",\"description\":\"\",\"publisher\":{\"@id\":\"https:\/\/ubanews.com\/site\/#organization\"},\"potentialAction\":[{\"@type\":\"SearchAction\",\"target\":{\"@type\":\"EntryPoint\",\"urlTemplate\":\"https:\/\/ubanews.com\/site\/?s={search_term_string}\"},\"query-input\":{\"@type\":\"PropertyValueSpecification\",\"valueRequired\":true,\"valueName\":\"search_term_string\"}}],\"inLanguage\":\"pt-BR\"},{\"@type\":\"Organization\",\"@id\":\"https:\/\/ubanews.com\/site\/#organization\",\"name\":\"Ub\u00e1 News\",\"url\":\"https:\/\/ubanews.com\/site\/\",\"logo\":{\"@type\":\"ImageObject\",\"inLanguage\":\"pt-BR\",\"@id\":\"https:\/\/ubanews.com\/site\/#\/schema\/logo\/image\/\",\"url\":\"https:\/\/ubanews.com\/site\/wp-content\/uploads\/2018\/01\/logoubanews.png\",\"contentUrl\":\"https:\/\/ubanews.com\/site\/wp-content\/uploads\/2018\/01\/logoubanews.png\",\"width\":261,\"height\":99,\"caption\":\"Ub\u00e1 News\"},\"image\":{\"@id\":\"https:\/\/ubanews.com\/site\/#\/schema\/logo\/image\/\"},\"sameAs\":[\"https:\/\/www.facebook.com\/Ub\u00e1News-Carlos-Roberto-Sodr\u00e9-418778301977370\"]},{\"@type\":\"Person\",\"@id\":\"https:\/\/ubanews.com\/site\/#\/schema\/person\/d90c9e47252fbb63dcc969fe4c8b9d10\",\"name\":\"Sodr\u00e9\",\"image\":{\"@type\":\"ImageObject\",\"inLanguage\":\"pt-BR\",\"@id\":\"https:\/\/secure.gravatar.com\/avatar\/5ba2793f0590b9dbfad3fdec4ee714485b3eef211c9b32ee53d414060454a56c?s=96&d=mm&r=g\",\"url\":\"https:\/\/secure.gravatar.com\/avatar\/5ba2793f0590b9dbfad3fdec4ee714485b3eef211c9b32ee53d414060454a56c?s=96&d=mm&r=g\",\"contentUrl\":\"https:\/\/secure.gravatar.com\/avatar\/5ba2793f0590b9dbfad3fdec4ee714485b3eef211c9b32ee53d414060454a56c?s=96&d=mm&r=g\",\"caption\":\"Sodr\u00e9\"},\"sameAs\":[\"https:\/\/www.facebook.com\/carosroberto.sodre.5\/\"],\"url\":\"https:\/\/ubanews.com\/site\/author\/felipe\/\"}]}<\/script>\n<!-- \/ Yoast SEO plugin. -->","yoast_head_json":{"title":"Dia Internacional da Liberdade de Imprensa - Ub\u00e1 News","robots":{"index":"index","follow":"follow","max-snippet":"max-snippet:-1","max-image-preview":"max-image-preview:large","max-video-preview":"max-video-preview:-1"},"canonical":"https:\/\/ubanews.com\/site\/2022\/05\/03\/dia-internacional-da-liberdade-de-imprensa\/","og_locale":"pt_BR","og_type":"article","og_title":"Dia Internacional da Liberdade de Imprensa - Ub\u00e1 News","og_description":"O&nbsp;Dia Internacional da Liberdade de Imprensa&nbsp;\u00e9 comemorado no dia&nbsp;03 de","og_url":"https:\/\/ubanews.com\/site\/2022\/05\/03\/dia-internacional-da-liberdade-de-imprensa\/","og_site_name":"Ub\u00e1 News","article_publisher":"https:\/\/www.facebook.com\/Ub%c3%a1News-Carlos-Roberto-Sodr%c3%a9-418778301977370","article_author":"https:\/\/www.facebook.com\/carosroberto.sodre.5\/","article_published_time":"2022-05-03T11:00:46+00:00","article_modified_time":"2022-06-02T16:29:26+00:00","og_image":[{"width":1000,"height":500,"url":"https:\/\/ubanews.com\/site\/wp-content\/uploads\/2022\/06\/LIBERDADE-DE-IMPRENSA-INTERNACIONAL.jpg","type":"image\/jpeg"}],"author":"Sodr\u00e9","twitter_card":"summary_large_image","twitter_misc":{"Escrito por":"Sodr\u00e9","Est. tempo de leitura":"1 minuto"},"schema":{"@context":"https:\/\/schema.org","@graph":[{"@type":"Article","@id":"https:\/\/ubanews.com\/site\/2022\/05\/03\/dia-internacional-da-liberdade-de-imprensa\/#article","isPartOf":{"@id":"https:\/\/ubanews.com\/site\/2022\/05\/03\/dia-internacional-da-liberdade-de-imprensa\/"},"author":{"name":"Sodr\u00e9","@id":"https:\/\/ubanews.com\/site\/#\/schema\/person\/d90c9e47252fbb63dcc969fe4c8b9d10"},"headline":"Dia Internacional da Liberdade de Imprensa","datePublished":"2022-05-03T11:00:46+00:00","dateModified":"2022-06-02T16:29:26+00:00","mainEntityOfPage":{"@id":"https:\/\/ubanews.com\/site\/2022\/05\/03\/dia-internacional-da-liberdade-de-imprensa\/"},"wordCount":197,"commentCount":0,"publisher":{"@id":"https:\/\/ubanews.com\/site\/#organization"},"image":{"@id":"https:\/\/ubanews.com\/site\/2022\/05\/03\/dia-internacional-da-liberdade-de-imprensa\/#primaryimage"},"thumbnailUrl":"https:\/\/ubanews.com\/site\/wp-content\/uploads\/2022\/06\/LIBERDADE-DE-IMPRENSA-INTERNACIONAL.jpg","articleSection":["Geral"],"inLanguage":"pt-BR","potentialAction":[{"@type":"CommentAction","name":"Comment","target":["https:\/\/ubanews.com\/site\/2022\/05\/03\/dia-internacional-da-liberdade-de-imprensa\/#respond"]}]},{"@type":"WebPage","@id":"https:\/\/ubanews.com\/site\/2022\/05\/03\/dia-internacional-da-liberdade-de-imprensa\/","url":"https:\/\/ubanews.com\/site\/2022\/05\/03\/dia-internacional-da-liberdade-de-imprensa\/","name":"Dia Internacional da Liberdade de Imprensa - Ub\u00e1 News","isPartOf":{"@id":"https:\/\/ubanews.com\/site\/#website"},"primaryImageOfPage":{"@id":"https:\/\/ubanews.com\/site\/2022\/05\/03\/dia-internacional-da-liberdade-de-imprensa\/#primaryimage"},"image":{"@id":"https:\/\/ubanews.com\/site\/2022\/05\/03\/dia-internacional-da-liberdade-de-imprensa\/#primaryimage"},"thumbnailUrl":"https:\/\/ubanews.com\/site\/wp-content\/uploads\/2022\/06\/LIBERDADE-DE-IMPRENSA-INTERNACIONAL.jpg","datePublished":"2022-05-03T11:00:46+00:00","dateModified":"2022-06-02T16:29:26+00:00","breadcrumb":{"@id":"https:\/\/ubanews.com\/site\/2022\/05\/03\/dia-internacional-da-liberdade-de-imprensa\/#breadcrumb"},"inLanguage":"pt-BR","potentialAction":[{"@type":"ReadAction","target":["https:\/\/ubanews.com\/site\/2022\/05\/03\/dia-internacional-da-liberdade-de-imprensa\/"]}]},{"@type":"ImageObject","inLanguage":"pt-BR","@id":"https:\/\/ubanews.com\/site\/2022\/05\/03\/dia-internacional-da-liberdade-de-imprensa\/#primaryimage","url":"https:\/\/ubanews.com\/site\/wp-content\/uploads\/2022\/06\/LIBERDADE-DE-IMPRENSA-INTERNACIONAL.jpg","contentUrl":"https:\/\/ubanews.com\/site\/wp-content\/uploads\/2022\/06\/LIBERDADE-DE-IMPRENSA-INTERNACIONAL.jpg","width":1000,"height":500},{"@type":"BreadcrumbList","@id":"https:\/\/ubanews.com\/site\/2022\/05\/03\/dia-internacional-da-liberdade-de-imprensa\/#breadcrumb","itemListElement":[{"@type":"ListItem","position":1,"name":"Home","item":"https:\/\/ubanews.com\/site\/"},{"@type":"ListItem","position":2,"name":"Dia Internacional da Liberdade de Imprensa"}]},{"@type":"WebSite","@id":"https:\/\/ubanews.com\/site\/#website","url":"https:\/\/ubanews.com\/site\/","name":"Ub\u00e1 News","description":"","publisher":{"@id":"https:\/\/ubanews.com\/site\/#organization"},"potentialAction":[{"@type":"SearchAction","target":{"@type":"EntryPoint","urlTemplate":"https:\/\/ubanews.com\/site\/?s={search_term_string}"},"query-input":{"@type":"PropertyValueSpecification","valueRequired":true,"valueName":"search_term_string"}}],"inLanguage":"pt-BR"},{"@type":"Organization","@id":"https:\/\/ubanews.com\/site\/#organization","name":"Ub\u00e1 News","url":"https:\/\/ubanews.com\/site\/","logo":{"@type":"ImageObject","inLanguage":"pt-BR","@id":"https:\/\/ubanews.com\/site\/#\/schema\/logo\/image\/","url":"https:\/\/ubanews.com\/site\/wp-content\/uploads\/2018\/01\/logoubanews.png","contentUrl":"https:\/\/ubanews.com\/site\/wp-content\/uploads\/2018\/01\/logoubanews.png","width":261,"height":99,"caption":"Ub\u00e1 News"},"image":{"@id":"https:\/\/ubanews.com\/site\/#\/schema\/logo\/image\/"},"sameAs":["https:\/\/www.facebook.com\/Ub\u00e1News-Carlos-Roberto-Sodr\u00e9-418778301977370"]},{"@type":"Person","@id":"https:\/\/ubanews.com\/site\/#\/schema\/person\/d90c9e47252fbb63dcc969fe4c8b9d10","name":"Sodr\u00e9","image":{"@type":"ImageObject","inLanguage":"pt-BR","@id":"https:\/\/secure.gravatar.com\/avatar\/5ba2793f0590b9dbfad3fdec4ee714485b3eef211c9b32ee53d414060454a56c?s=96&d=mm&r=g","url":"https:\/\/secure.gravatar.com\/avatar\/5ba2793f0590b9dbfad3fdec4ee714485b3eef211c9b32ee53d414060454a56c?s=96&d=mm&r=g","contentUrl":"https:\/\/secure.gravatar.com\/avatar\/5ba2793f0590b9dbfad3fdec4ee714485b3eef211c9b32ee53d414060454a56c?s=96&d=mm&r=g","caption":"Sodr\u00e9"},"sameAs":["https:\/\/www.facebook.com\/carosroberto.sodre.5\/"],"url":"https:\/\/ubanews.com\/site\/author\/felipe\/"}]}},"_links":{"self":[{"href":"https:\/\/ubanews.com\/site\/wp-json\/wp\/v2\/posts\/21243","targetHints":{"allow":["GET"]}}],"collection":[{"href":"https:\/\/ubanews.com\/site\/wp-json\/wp\/v2\/posts"}],"about":[{"href":"https:\/\/ubanews.com\/site\/wp-json\/wp\/v2\/types\/post"}],"author":[{"embeddable":true,"href":"https:\/\/ubanews.com\/site\/wp-json\/wp\/v2\/users\/2"}],"replies":[{"embeddable":true,"href":"https:\/\/ubanews.com\/site\/wp-json\/wp\/v2\/comments?post=21243"}],"version-history":[{"count":0,"href":"https:\/\/ubanews.com\/site\/wp-json\/wp\/v2\/posts\/21243\/revisions"}],"wp:featuredmedia":[{"embeddable":true,"href":"https:\/\/ubanews.com\/site\/wp-json\/wp\/v2\/media\/21245"}],"wp:attachment":[{"href":"https:\/\/ubanews.com\/site\/wp-json\/wp\/v2\/media?parent=21243"}],"wp:term":[{"taxonomy":"category","embeddable":true,"href":"https:\/\/ubanews.com\/site\/wp-json\/wp\/v2\/categories?post=21243"},{"taxonomy":"post_tag","embeddable":true,"href":"https:\/\/ubanews.com\/site\/wp-json\/wp\/v2\/tags?post=21243"}],"curies":[{"name":"wp","href":"https:\/\/api.w.org\/{rel}","templated":true}]}}