{"id":21241,"date":"2022-02-16T08:00:20","date_gmt":"2022-02-16T11:00:20","guid":{"rendered":"http:\/\/ubanews.com\/site\/?p=21241"},"modified":"2022-06-02T13:13:25","modified_gmt":"2022-06-02T16:13:25","slug":"dia-do-reporter","status":"publish","type":"post","link":"https:\/\/ubanews.com\/site\/2022\/02\/16\/dia-do-reporter\/","title":{"rendered":"Dia do Rep\u00f3rter"},"content":{"rendered":"<p>O<strong>&nbsp;Dia Nacional do Rep\u00f3rter<\/strong>&nbsp;\u00e9 comemorado anualmente em&nbsp;<strong>16 de fevereiro<\/strong>&nbsp;no Brasil.<\/p>\n<p>A data homenageia os profissionais respons\u00e1veis por transmitir atrav\u00e9s dos meios de comunica\u00e7\u00e3o fatos e informa\u00e7\u00f5es de interesse p\u00fablico. Todo o rep\u00f3rter \u00e9 jornalista, mas n\u00e3o s\u00e3o todos os jornalistas obrigatoriamente rep\u00f3rteres.<\/p>\n<p>O rep\u00f3rter \u00e9 um cargo que pode ser ocupado por um profissional que foi habilitado, atrav\u00e9s do curso de Jornalismo, para desempenhar a comunica\u00e7\u00e3o social por meio das m\u00eddias.<\/p>\n<p>A principal tarefa do rep\u00f3rter \u00e9 a cobertura de pautas e not\u00edcias, com investiga\u00e7\u00e3o profunda dos fatos, entrevistas e produ\u00e7\u00e3o de um texto explicativo, imparcial e direto para o leitor ou telespectador.<\/p>\n<p>O cargo de rep\u00f3rter est\u00e1 presente em todas as \u00e1reas da comunica\u00e7\u00e3o social, seja na televis\u00e3o, r\u00e1dio, internet ou jornalismo impresso. A figura do rep\u00f3rter \u00e9 imprescind\u00edvel para a produ\u00e7\u00e3o de conte\u00fados apurados e com qualidade profissional.<\/p>\n<p>No Brasil ainda s\u00e3o comemoradas datas espec\u00edficas para o&nbsp;<strong>Dia do Rep\u00f3rter Fotogr\u00e1fico<\/strong>&nbsp;(2 de setembro) e o&nbsp;<strong>Dia do Rep\u00f3rter Policial<\/strong>&nbsp;(31 de outubro).<\/p>\n<h2>Mensagem para o Dia do Rep\u00f3rter<\/h2>\n<p><em>&#8220;Um rep\u00f3rter deve trabalhar com \u00e9tica, buscando sempre a verdade sobre a not\u00edcia, sem fazer alarde ou sensacionalismo com a mesma! Parab\u00e9ns pelo seu dia, rep\u00f3rter!&#8221;<\/em><\/p>\n<p><em>&#8220;O rep\u00f3rter \u00e9 o profissional ca\u00e7ador de not\u00edcias que nos informa a cada dia de todos os fatos ocorridos no mundo&#8221;.<\/em><\/p>\n","protected":false},"excerpt":{"rendered":"<p>O&nbsp;Dia Nacional do Rep\u00f3rter&nbsp;\u00e9 comemorado anualmente em&nbsp;16 de fevereiro&nbsp;no Brasil.<\/p>\n","protected":false},"author":2,"featured_media":21242,"comment_status":"open","ping_status":"open","sticky":false,"template":"","format":"standard","meta":{"footnotes":""},"categories":[1],"tags":[],"class_list":["post-21241","post","type-post","status-publish","format-standard","has-post-thumbnail","hentry","category-sem-categoria"],"yoast_head":"<!-- This site is optimized with the Yoast SEO plugin v27.2 - https:\/\/yoast.com\/product\/yoast-seo-wordpress\/ -->\n<title>Dia do Rep\u00f3rter - Ub\u00e1 News<\/title>\n<meta name=\"robots\" content=\"index, follow, max-snippet:-1, max-image-preview:large, max-video-preview:-1\" \/>\n<link rel=\"canonical\" href=\"https:\/\/ubanews.com\/site\/2022\/02\/16\/dia-do-reporter\/\" \/>\n<meta property=\"og:locale\" content=\"pt_BR\" \/>\n<meta property=\"og:type\" content=\"article\" \/>\n<meta property=\"og:title\" content=\"Dia do Rep\u00f3rter - Ub\u00e1 News\" \/>\n<meta property=\"og:description\" content=\"O&nbsp;Dia Nacional do Rep\u00f3rter&nbsp;\u00e9 comemorado anualmente em&nbsp;16 de fevereiro&nbsp;no Brasil.\" \/>\n<meta property=\"og:url\" content=\"https:\/\/ubanews.com\/site\/2022\/02\/16\/dia-do-reporter\/\" \/>\n<meta property=\"og:site_name\" content=\"Ub\u00e1 News\" \/>\n<meta property=\"article:publisher\" content=\"https:\/\/www.facebook.com\/Ub%c3%a1News-Carlos-Roberto-Sodr%c3%a9-418778301977370\" \/>\n<meta property=\"article:author\" content=\"https:\/\/www.facebook.com\/carosroberto.sodre.5\/\" \/>\n<meta property=\"article:published_time\" content=\"2022-02-16T11:00:20+00:00\" \/>\n<meta property=\"article:modified_time\" content=\"2022-06-02T16:13:25+00:00\" \/>\n<meta property=\"og:image\" content=\"https:\/\/ubanews.com\/site\/wp-content\/uploads\/2022\/06\/REPORTER.jpg\" \/>\n\t<meta property=\"og:image:width\" content=\"1000\" \/>\n\t<meta property=\"og:image:height\" content=\"500\" \/>\n\t<meta property=\"og:image:type\" content=\"image\/jpeg\" \/>\n<meta name=\"author\" content=\"Sodr\u00e9\" \/>\n<meta name=\"twitter:card\" content=\"summary_large_image\" \/>\n<meta name=\"twitter:label1\" content=\"Escrito por\" \/>\n\t<meta name=\"twitter:data1\" content=\"Sodr\u00e9\" \/>\n\t<meta name=\"twitter:label2\" content=\"Est. tempo de leitura\" \/>\n\t<meta name=\"twitter:data2\" content=\"1 minuto\" \/>\n<script type=\"application\/ld+json\" class=\"yoast-schema-graph\">{\"@context\":\"https:\/\/schema.org\",\"@graph\":[{\"@type\":\"Article\",\"@id\":\"https:\/\/ubanews.com\/site\/2022\/02\/16\/dia-do-reporter\/#article\",\"isPartOf\":{\"@id\":\"https:\/\/ubanews.com\/site\/2022\/02\/16\/dia-do-reporter\/\"},\"author\":{\"name\":\"Sodr\u00e9\",\"@id\":\"https:\/\/ubanews.com\/site\/#\/schema\/person\/d90c9e47252fbb63dcc969fe4c8b9d10\"},\"headline\":\"Dia do Rep\u00f3rter\",\"datePublished\":\"2022-02-16T11:00:20+00:00\",\"dateModified\":\"2022-06-02T16:13:25+00:00\",\"mainEntityOfPage\":{\"@id\":\"https:\/\/ubanews.com\/site\/2022\/02\/16\/dia-do-reporter\/\"},\"wordCount\":264,\"commentCount\":0,\"publisher\":{\"@id\":\"https:\/\/ubanews.com\/site\/#organization\"},\"image\":{\"@id\":\"https:\/\/ubanews.com\/site\/2022\/02\/16\/dia-do-reporter\/#primaryimage\"},\"thumbnailUrl\":\"https:\/\/ubanews.com\/site\/wp-content\/uploads\/2022\/06\/REPORTER.jpg\",\"articleSection\":[\"Geral\"],\"inLanguage\":\"pt-BR\",\"potentialAction\":[{\"@type\":\"CommentAction\",\"name\":\"Comment\",\"target\":[\"https:\/\/ubanews.com\/site\/2022\/02\/16\/dia-do-reporter\/#respond\"]}]},{\"@type\":\"WebPage\",\"@id\":\"https:\/\/ubanews.com\/site\/2022\/02\/16\/dia-do-reporter\/\",\"url\":\"https:\/\/ubanews.com\/site\/2022\/02\/16\/dia-do-reporter\/\",\"name\":\"Dia do Rep\u00f3rter - Ub\u00e1 News\",\"isPartOf\":{\"@id\":\"https:\/\/ubanews.com\/site\/#website\"},\"primaryImageOfPage\":{\"@id\":\"https:\/\/ubanews.com\/site\/2022\/02\/16\/dia-do-reporter\/#primaryimage\"},\"image\":{\"@id\":\"https:\/\/ubanews.com\/site\/2022\/02\/16\/dia-do-reporter\/#primaryimage\"},\"thumbnailUrl\":\"https:\/\/ubanews.com\/site\/wp-content\/uploads\/2022\/06\/REPORTER.jpg\",\"datePublished\":\"2022-02-16T11:00:20+00:00\",\"dateModified\":\"2022-06-02T16:13:25+00:00\",\"breadcrumb\":{\"@id\":\"https:\/\/ubanews.com\/site\/2022\/02\/16\/dia-do-reporter\/#breadcrumb\"},\"inLanguage\":\"pt-BR\",\"potentialAction\":[{\"@type\":\"ReadAction\",\"target\":[\"https:\/\/ubanews.com\/site\/2022\/02\/16\/dia-do-reporter\/\"]}]},{\"@type\":\"ImageObject\",\"inLanguage\":\"pt-BR\",\"@id\":\"https:\/\/ubanews.com\/site\/2022\/02\/16\/dia-do-reporter\/#primaryimage\",\"url\":\"https:\/\/ubanews.com\/site\/wp-content\/uploads\/2022\/06\/REPORTER.jpg\",\"contentUrl\":\"https:\/\/ubanews.com\/site\/wp-content\/uploads\/2022\/06\/REPORTER.jpg\",\"width\":1000,\"height\":500},{\"@type\":\"BreadcrumbList\",\"@id\":\"https:\/\/ubanews.com\/site\/2022\/02\/16\/dia-do-reporter\/#breadcrumb\",\"itemListElement\":[{\"@type\":\"ListItem\",\"position\":1,\"name\":\"Home\",\"item\":\"https:\/\/ubanews.com\/site\/\"},{\"@type\":\"ListItem\",\"position\":2,\"name\":\"Dia do Rep\u00f3rter\"}]},{\"@type\":\"WebSite\",\"@id\":\"https:\/\/ubanews.com\/site\/#website\",\"url\":\"https:\/\/ubanews.com\/site\/\",\"name\":\"Ub\u00e1 News\",\"description\":\"\",\"publisher\":{\"@id\":\"https:\/\/ubanews.com\/site\/#organization\"},\"potentialAction\":[{\"@type\":\"SearchAction\",\"target\":{\"@type\":\"EntryPoint\",\"urlTemplate\":\"https:\/\/ubanews.com\/site\/?s={search_term_string}\"},\"query-input\":{\"@type\":\"PropertyValueSpecification\",\"valueRequired\":true,\"valueName\":\"search_term_string\"}}],\"inLanguage\":\"pt-BR\"},{\"@type\":\"Organization\",\"@id\":\"https:\/\/ubanews.com\/site\/#organization\",\"name\":\"Ub\u00e1 News\",\"url\":\"https:\/\/ubanews.com\/site\/\",\"logo\":{\"@type\":\"ImageObject\",\"inLanguage\":\"pt-BR\",\"@id\":\"https:\/\/ubanews.com\/site\/#\/schema\/logo\/image\/\",\"url\":\"https:\/\/ubanews.com\/site\/wp-content\/uploads\/2018\/01\/logoubanews.png\",\"contentUrl\":\"https:\/\/ubanews.com\/site\/wp-content\/uploads\/2018\/01\/logoubanews.png\",\"width\":261,\"height\":99,\"caption\":\"Ub\u00e1 News\"},\"image\":{\"@id\":\"https:\/\/ubanews.com\/site\/#\/schema\/logo\/image\/\"},\"sameAs\":[\"https:\/\/www.facebook.com\/Ub\u00e1News-Carlos-Roberto-Sodr\u00e9-418778301977370\"]},{\"@type\":\"Person\",\"@id\":\"https:\/\/ubanews.com\/site\/#\/schema\/person\/d90c9e47252fbb63dcc969fe4c8b9d10\",\"name\":\"Sodr\u00e9\",\"image\":{\"@type\":\"ImageObject\",\"inLanguage\":\"pt-BR\",\"@id\":\"https:\/\/secure.gravatar.com\/avatar\/5ba2793f0590b9dbfad3fdec4ee714485b3eef211c9b32ee53d414060454a56c?s=96&d=mm&r=g\",\"url\":\"https:\/\/secure.gravatar.com\/avatar\/5ba2793f0590b9dbfad3fdec4ee714485b3eef211c9b32ee53d414060454a56c?s=96&d=mm&r=g\",\"contentUrl\":\"https:\/\/secure.gravatar.com\/avatar\/5ba2793f0590b9dbfad3fdec4ee714485b3eef211c9b32ee53d414060454a56c?s=96&d=mm&r=g\",\"caption\":\"Sodr\u00e9\"},\"sameAs\":[\"https:\/\/www.facebook.com\/carosroberto.sodre.5\/\"],\"url\":\"https:\/\/ubanews.com\/site\/author\/felipe\/\"}]}<\/script>\n<!-- \/ Yoast SEO plugin. -->","yoast_head_json":{"title":"Dia do Rep\u00f3rter - Ub\u00e1 News","robots":{"index":"index","follow":"follow","max-snippet":"max-snippet:-1","max-image-preview":"max-image-preview:large","max-video-preview":"max-video-preview:-1"},"canonical":"https:\/\/ubanews.com\/site\/2022\/02\/16\/dia-do-reporter\/","og_locale":"pt_BR","og_type":"article","og_title":"Dia do Rep\u00f3rter - Ub\u00e1 News","og_description":"O&nbsp;Dia Nacional do Rep\u00f3rter&nbsp;\u00e9 comemorado anualmente em&nbsp;16 de fevereiro&nbsp;no Brasil.","og_url":"https:\/\/ubanews.com\/site\/2022\/02\/16\/dia-do-reporter\/","og_site_name":"Ub\u00e1 News","article_publisher":"https:\/\/www.facebook.com\/Ub%c3%a1News-Carlos-Roberto-Sodr%c3%a9-418778301977370","article_author":"https:\/\/www.facebook.com\/carosroberto.sodre.5\/","article_published_time":"2022-02-16T11:00:20+00:00","article_modified_time":"2022-06-02T16:13:25+00:00","og_image":[{"width":1000,"height":500,"url":"https:\/\/ubanews.com\/site\/wp-content\/uploads\/2022\/06\/REPORTER.jpg","type":"image\/jpeg"}],"author":"Sodr\u00e9","twitter_card":"summary_large_image","twitter_misc":{"Escrito por":"Sodr\u00e9","Est. tempo de leitura":"1 minuto"},"schema":{"@context":"https:\/\/schema.org","@graph":[{"@type":"Article","@id":"https:\/\/ubanews.com\/site\/2022\/02\/16\/dia-do-reporter\/#article","isPartOf":{"@id":"https:\/\/ubanews.com\/site\/2022\/02\/16\/dia-do-reporter\/"},"author":{"name":"Sodr\u00e9","@id":"https:\/\/ubanews.com\/site\/#\/schema\/person\/d90c9e47252fbb63dcc969fe4c8b9d10"},"headline":"Dia do Rep\u00f3rter","datePublished":"2022-02-16T11:00:20+00:00","dateModified":"2022-06-02T16:13:25+00:00","mainEntityOfPage":{"@id":"https:\/\/ubanews.com\/site\/2022\/02\/16\/dia-do-reporter\/"},"wordCount":264,"commentCount":0,"publisher":{"@id":"https:\/\/ubanews.com\/site\/#organization"},"image":{"@id":"https:\/\/ubanews.com\/site\/2022\/02\/16\/dia-do-reporter\/#primaryimage"},"thumbnailUrl":"https:\/\/ubanews.com\/site\/wp-content\/uploads\/2022\/06\/REPORTER.jpg","articleSection":["Geral"],"inLanguage":"pt-BR","potentialAction":[{"@type":"CommentAction","name":"Comment","target":["https:\/\/ubanews.com\/site\/2022\/02\/16\/dia-do-reporter\/#respond"]}]},{"@type":"WebPage","@id":"https:\/\/ubanews.com\/site\/2022\/02\/16\/dia-do-reporter\/","url":"https:\/\/ubanews.com\/site\/2022\/02\/16\/dia-do-reporter\/","name":"Dia do Rep\u00f3rter - Ub\u00e1 News","isPartOf":{"@id":"https:\/\/ubanews.com\/site\/#website"},"primaryImageOfPage":{"@id":"https:\/\/ubanews.com\/site\/2022\/02\/16\/dia-do-reporter\/#primaryimage"},"image":{"@id":"https:\/\/ubanews.com\/site\/2022\/02\/16\/dia-do-reporter\/#primaryimage"},"thumbnailUrl":"https:\/\/ubanews.com\/site\/wp-content\/uploads\/2022\/06\/REPORTER.jpg","datePublished":"2022-02-16T11:00:20+00:00","dateModified":"2022-06-02T16:13:25+00:00","breadcrumb":{"@id":"https:\/\/ubanews.com\/site\/2022\/02\/16\/dia-do-reporter\/#breadcrumb"},"inLanguage":"pt-BR","potentialAction":[{"@type":"ReadAction","target":["https:\/\/ubanews.com\/site\/2022\/02\/16\/dia-do-reporter\/"]}]},{"@type":"ImageObject","inLanguage":"pt-BR","@id":"https:\/\/ubanews.com\/site\/2022\/02\/16\/dia-do-reporter\/#primaryimage","url":"https:\/\/ubanews.com\/site\/wp-content\/uploads\/2022\/06\/REPORTER.jpg","contentUrl":"https:\/\/ubanews.com\/site\/wp-content\/uploads\/2022\/06\/REPORTER.jpg","width":1000,"height":500},{"@type":"BreadcrumbList","@id":"https:\/\/ubanews.com\/site\/2022\/02\/16\/dia-do-reporter\/#breadcrumb","itemListElement":[{"@type":"ListItem","position":1,"name":"Home","item":"https:\/\/ubanews.com\/site\/"},{"@type":"ListItem","position":2,"name":"Dia do Rep\u00f3rter"}]},{"@type":"WebSite","@id":"https:\/\/ubanews.com\/site\/#website","url":"https:\/\/ubanews.com\/site\/","name":"Ub\u00e1 News","description":"","publisher":{"@id":"https:\/\/ubanews.com\/site\/#organization"},"potentialAction":[{"@type":"SearchAction","target":{"@type":"EntryPoint","urlTemplate":"https:\/\/ubanews.com\/site\/?s={search_term_string}"},"query-input":{"@type":"PropertyValueSpecification","valueRequired":true,"valueName":"search_term_string"}}],"inLanguage":"pt-BR"},{"@type":"Organization","@id":"https:\/\/ubanews.com\/site\/#organization","name":"Ub\u00e1 News","url":"https:\/\/ubanews.com\/site\/","logo":{"@type":"ImageObject","inLanguage":"pt-BR","@id":"https:\/\/ubanews.com\/site\/#\/schema\/logo\/image\/","url":"https:\/\/ubanews.com\/site\/wp-content\/uploads\/2018\/01\/logoubanews.png","contentUrl":"https:\/\/ubanews.com\/site\/wp-content\/uploads\/2018\/01\/logoubanews.png","width":261,"height":99,"caption":"Ub\u00e1 News"},"image":{"@id":"https:\/\/ubanews.com\/site\/#\/schema\/logo\/image\/"},"sameAs":["https:\/\/www.facebook.com\/Ub\u00e1News-Carlos-Roberto-Sodr\u00e9-418778301977370"]},{"@type":"Person","@id":"https:\/\/ubanews.com\/site\/#\/schema\/person\/d90c9e47252fbb63dcc969fe4c8b9d10","name":"Sodr\u00e9","image":{"@type":"ImageObject","inLanguage":"pt-BR","@id":"https:\/\/secure.gravatar.com\/avatar\/5ba2793f0590b9dbfad3fdec4ee714485b3eef211c9b32ee53d414060454a56c?s=96&d=mm&r=g","url":"https:\/\/secure.gravatar.com\/avatar\/5ba2793f0590b9dbfad3fdec4ee714485b3eef211c9b32ee53d414060454a56c?s=96&d=mm&r=g","contentUrl":"https:\/\/secure.gravatar.com\/avatar\/5ba2793f0590b9dbfad3fdec4ee714485b3eef211c9b32ee53d414060454a56c?s=96&d=mm&r=g","caption":"Sodr\u00e9"},"sameAs":["https:\/\/www.facebook.com\/carosroberto.sodre.5\/"],"url":"https:\/\/ubanews.com\/site\/author\/felipe\/"}]}},"_links":{"self":[{"href":"https:\/\/ubanews.com\/site\/wp-json\/wp\/v2\/posts\/21241","targetHints":{"allow":["GET"]}}],"collection":[{"href":"https:\/\/ubanews.com\/site\/wp-json\/wp\/v2\/posts"}],"about":[{"href":"https:\/\/ubanews.com\/site\/wp-json\/wp\/v2\/types\/post"}],"author":[{"embeddable":true,"href":"https:\/\/ubanews.com\/site\/wp-json\/wp\/v2\/users\/2"}],"replies":[{"embeddable":true,"href":"https:\/\/ubanews.com\/site\/wp-json\/wp\/v2\/comments?post=21241"}],"version-history":[{"count":0,"href":"https:\/\/ubanews.com\/site\/wp-json\/wp\/v2\/posts\/21241\/revisions"}],"wp:featuredmedia":[{"embeddable":true,"href":"https:\/\/ubanews.com\/site\/wp-json\/wp\/v2\/media\/21242"}],"wp:attachment":[{"href":"https:\/\/ubanews.com\/site\/wp-json\/wp\/v2\/media?parent=21241"}],"wp:term":[{"taxonomy":"category","embeddable":true,"href":"https:\/\/ubanews.com\/site\/wp-json\/wp\/v2\/categories?post=21241"},{"taxonomy":"post_tag","embeddable":true,"href":"https:\/\/ubanews.com\/site\/wp-json\/wp\/v2\/tags?post=21241"}],"curies":[{"name":"wp","href":"https:\/\/api.w.org\/{rel}","templated":true}]}}