{"id":21239,"date":"2022-04-07T08:00:38","date_gmt":"2022-04-07T11:00:38","guid":{"rendered":"http:\/\/ubanews.com\/site\/?p=21239"},"modified":"2022-06-02T13:09:48","modified_gmt":"2022-06-02T16:09:48","slug":"dia-do-jornalista","status":"publish","type":"post","link":"https:\/\/ubanews.com\/site\/2022\/04\/07\/dia-do-jornalista\/","title":{"rendered":"Dia do Jornalista"},"content":{"rendered":"<p>O&nbsp;<strong>Dia do Jornalista<\/strong>&nbsp;\u00e9 comemorado anualmente em&nbsp;<strong>7 de Abril<\/strong>.<\/p>\n<p>A data homenageia o trabalho dos profissionais da m\u00eddia, respons\u00e1veis por apurar fatos e levar as informa\u00e7\u00f5es sobre os acontecimentos locais, regionais, nacionais e internacionais para as pessoas, de maneira imparcial e \u00e9tica. Seja na r\u00e1dio, na televis\u00e3o ou nos jornais impressos, o jornalista deve sempre trabalhar tendo como base a imparcialidade e fontes de informa\u00e7\u00e3o confi\u00e1veis.<\/p>\n<h2>Origem do Dia do Jornalista<\/h2>\n<p>O Dia do Jornalista foi criado pela&nbsp;<strong>Associa\u00e7\u00e3o Brasileira de Imprensa (ABI)<\/strong>&nbsp;como uma homenagem a&nbsp;<strong>Giovanni&nbsp;<\/strong><strong>Battista<\/strong><strong>&nbsp;Libero Badar\u00f3<\/strong>, importante personalidade na luta pelo fim da monarquia portuguesa e Independ\u00eancia do Brasil.<\/p>\n<p>Giovanni Badar\u00f3 foi m\u00e9dico e jornalista, e foi assassinado no dia 22 de novembro de 1830, em S\u00e3o Paulo, por alguns dos seus inimigos pol\u00edticos. O movimento popular que se gerou por causa do seu assassinato levou D. Pedro I a abdicar do trono em 1831, no dia 7 de abril, deixando o lugar para seu D. Pedro II, seu filho, com apenas 14 anos de idade.<\/p>\n<p>Foi s\u00f3 em 1931, cem anos depois do acontecimento, que surgiu a homenagem e o dia 7 de abril passou a ser Dia do Jornalista.<\/p>\n<p>Foi tamb\u00e9m no dia 7 de Abril que a Associa\u00e7\u00e3o Brasileira de Imprensa foi fundada, em 1908, com o objetivo de assegurar aos jornalistas todos os seus direitos.<\/p>\n<h2>Mensagens e Frases para o Dia do Jornalista<\/h2>\n<p><em>&#8220;Mais do que transformar os fatos em not\u00edcias, voc\u00ea \u00e9 respons\u00e1vel por perpetuar os acontecimentos na hist\u00f3ria.&#8221;<\/em><\/p>\n<p><em>&#8220;Jornalismo \u00e9 publicar aquilo que algu\u00e9m n\u00e3o quer que se publique. Todo o resto \u00e9 publicidade.&#8221; (George Orwell)<\/em><\/p>\n<p><em>&#8220;Voc\u00ea nos d\u00e1 ouvidos. Voc\u00ea nos d\u00e1 olhos. Voc\u00ea nos d\u00e1 voz. E n\u00f3s damos os parab\u00e9ns!&#8221;<\/em><\/p>\n","protected":false},"excerpt":{"rendered":"<p>O&nbsp;Dia do Jornalista&nbsp;\u00e9 comemorado anualmente em&nbsp;7 de Abril. A data<\/p>\n","protected":false},"author":2,"featured_media":21240,"comment_status":"open","ping_status":"open","sticky":false,"template":"","format":"standard","meta":{"footnotes":""},"categories":[1],"tags":[],"class_list":["post-21239","post","type-post","status-publish","format-standard","has-post-thumbnail","hentry","category-sem-categoria"],"yoast_head":"<!-- This site is optimized with the Yoast SEO plugin v27.2 - https:\/\/yoast.com\/product\/yoast-seo-wordpress\/ -->\n<title>Dia do Jornalista - Ub\u00e1 News<\/title>\n<meta name=\"robots\" content=\"index, follow, max-snippet:-1, max-image-preview:large, max-video-preview:-1\" \/>\n<link rel=\"canonical\" href=\"https:\/\/ubanews.com\/site\/2022\/04\/07\/dia-do-jornalista\/\" \/>\n<meta property=\"og:locale\" content=\"pt_BR\" \/>\n<meta property=\"og:type\" content=\"article\" \/>\n<meta property=\"og:title\" content=\"Dia do Jornalista - Ub\u00e1 News\" \/>\n<meta property=\"og:description\" content=\"O&nbsp;Dia do Jornalista&nbsp;\u00e9 comemorado anualmente em&nbsp;7 de Abril. A data\" \/>\n<meta property=\"og:url\" content=\"https:\/\/ubanews.com\/site\/2022\/04\/07\/dia-do-jornalista\/\" \/>\n<meta property=\"og:site_name\" content=\"Ub\u00e1 News\" \/>\n<meta property=\"article:publisher\" content=\"https:\/\/www.facebook.com\/Ub%c3%a1News-Carlos-Roberto-Sodr%c3%a9-418778301977370\" \/>\n<meta property=\"article:author\" content=\"https:\/\/www.facebook.com\/carosroberto.sodre.5\/\" \/>\n<meta property=\"article:published_time\" content=\"2022-04-07T11:00:38+00:00\" \/>\n<meta property=\"article:modified_time\" content=\"2022-06-02T16:09:48+00:00\" \/>\n<meta property=\"og:image\" content=\"https:\/\/ubanews.com\/site\/wp-content\/uploads\/2022\/06\/JORNALISTA.jpg\" \/>\n\t<meta property=\"og:image:width\" content=\"1000\" \/>\n\t<meta property=\"og:image:height\" content=\"500\" \/>\n\t<meta property=\"og:image:type\" content=\"image\/jpeg\" \/>\n<meta name=\"author\" content=\"Sodr\u00e9\" \/>\n<meta name=\"twitter:card\" content=\"summary_large_image\" \/>\n<meta name=\"twitter:label1\" content=\"Escrito por\" \/>\n\t<meta name=\"twitter:data1\" content=\"Sodr\u00e9\" \/>\n\t<meta name=\"twitter:label2\" content=\"Est. tempo de leitura\" \/>\n\t<meta name=\"twitter:data2\" content=\"2 minutos\" \/>\n<script type=\"application\/ld+json\" class=\"yoast-schema-graph\">{\"@context\":\"https:\/\/schema.org\",\"@graph\":[{\"@type\":\"Article\",\"@id\":\"https:\/\/ubanews.com\/site\/2022\/04\/07\/dia-do-jornalista\/#article\",\"isPartOf\":{\"@id\":\"https:\/\/ubanews.com\/site\/2022\/04\/07\/dia-do-jornalista\/\"},\"author\":{\"name\":\"Sodr\u00e9\",\"@id\":\"https:\/\/ubanews.com\/site\/#\/schema\/person\/d90c9e47252fbb63dcc969fe4c8b9d10\"},\"headline\":\"Dia do Jornalista\",\"datePublished\":\"2022-04-07T11:00:38+00:00\",\"dateModified\":\"2022-06-02T16:09:48+00:00\",\"mainEntityOfPage\":{\"@id\":\"https:\/\/ubanews.com\/site\/2022\/04\/07\/dia-do-jornalista\/\"},\"wordCount\":304,\"commentCount\":0,\"publisher\":{\"@id\":\"https:\/\/ubanews.com\/site\/#organization\"},\"image\":{\"@id\":\"https:\/\/ubanews.com\/site\/2022\/04\/07\/dia-do-jornalista\/#primaryimage\"},\"thumbnailUrl\":\"https:\/\/ubanews.com\/site\/wp-content\/uploads\/2022\/06\/JORNALISTA.jpg\",\"articleSection\":[\"Geral\"],\"inLanguage\":\"pt-BR\",\"potentialAction\":[{\"@type\":\"CommentAction\",\"name\":\"Comment\",\"target\":[\"https:\/\/ubanews.com\/site\/2022\/04\/07\/dia-do-jornalista\/#respond\"]}]},{\"@type\":\"WebPage\",\"@id\":\"https:\/\/ubanews.com\/site\/2022\/04\/07\/dia-do-jornalista\/\",\"url\":\"https:\/\/ubanews.com\/site\/2022\/04\/07\/dia-do-jornalista\/\",\"name\":\"Dia do Jornalista - Ub\u00e1 News\",\"isPartOf\":{\"@id\":\"https:\/\/ubanews.com\/site\/#website\"},\"primaryImageOfPage\":{\"@id\":\"https:\/\/ubanews.com\/site\/2022\/04\/07\/dia-do-jornalista\/#primaryimage\"},\"image\":{\"@id\":\"https:\/\/ubanews.com\/site\/2022\/04\/07\/dia-do-jornalista\/#primaryimage\"},\"thumbnailUrl\":\"https:\/\/ubanews.com\/site\/wp-content\/uploads\/2022\/06\/JORNALISTA.jpg\",\"datePublished\":\"2022-04-07T11:00:38+00:00\",\"dateModified\":\"2022-06-02T16:09:48+00:00\",\"breadcrumb\":{\"@id\":\"https:\/\/ubanews.com\/site\/2022\/04\/07\/dia-do-jornalista\/#breadcrumb\"},\"inLanguage\":\"pt-BR\",\"potentialAction\":[{\"@type\":\"ReadAction\",\"target\":[\"https:\/\/ubanews.com\/site\/2022\/04\/07\/dia-do-jornalista\/\"]}]},{\"@type\":\"ImageObject\",\"inLanguage\":\"pt-BR\",\"@id\":\"https:\/\/ubanews.com\/site\/2022\/04\/07\/dia-do-jornalista\/#primaryimage\",\"url\":\"https:\/\/ubanews.com\/site\/wp-content\/uploads\/2022\/06\/JORNALISTA.jpg\",\"contentUrl\":\"https:\/\/ubanews.com\/site\/wp-content\/uploads\/2022\/06\/JORNALISTA.jpg\",\"width\":1000,\"height\":500},{\"@type\":\"BreadcrumbList\",\"@id\":\"https:\/\/ubanews.com\/site\/2022\/04\/07\/dia-do-jornalista\/#breadcrumb\",\"itemListElement\":[{\"@type\":\"ListItem\",\"position\":1,\"name\":\"Home\",\"item\":\"https:\/\/ubanews.com\/site\/\"},{\"@type\":\"ListItem\",\"position\":2,\"name\":\"Dia do Jornalista\"}]},{\"@type\":\"WebSite\",\"@id\":\"https:\/\/ubanews.com\/site\/#website\",\"url\":\"https:\/\/ubanews.com\/site\/\",\"name\":\"Ub\u00e1 News\",\"description\":\"\",\"publisher\":{\"@id\":\"https:\/\/ubanews.com\/site\/#organization\"},\"potentialAction\":[{\"@type\":\"SearchAction\",\"target\":{\"@type\":\"EntryPoint\",\"urlTemplate\":\"https:\/\/ubanews.com\/site\/?s={search_term_string}\"},\"query-input\":{\"@type\":\"PropertyValueSpecification\",\"valueRequired\":true,\"valueName\":\"search_term_string\"}}],\"inLanguage\":\"pt-BR\"},{\"@type\":\"Organization\",\"@id\":\"https:\/\/ubanews.com\/site\/#organization\",\"name\":\"Ub\u00e1 News\",\"url\":\"https:\/\/ubanews.com\/site\/\",\"logo\":{\"@type\":\"ImageObject\",\"inLanguage\":\"pt-BR\",\"@id\":\"https:\/\/ubanews.com\/site\/#\/schema\/logo\/image\/\",\"url\":\"https:\/\/ubanews.com\/site\/wp-content\/uploads\/2018\/01\/logoubanews.png\",\"contentUrl\":\"https:\/\/ubanews.com\/site\/wp-content\/uploads\/2018\/01\/logoubanews.png\",\"width\":261,\"height\":99,\"caption\":\"Ub\u00e1 News\"},\"image\":{\"@id\":\"https:\/\/ubanews.com\/site\/#\/schema\/logo\/image\/\"},\"sameAs\":[\"https:\/\/www.facebook.com\/Ub\u00e1News-Carlos-Roberto-Sodr\u00e9-418778301977370\"]},{\"@type\":\"Person\",\"@id\":\"https:\/\/ubanews.com\/site\/#\/schema\/person\/d90c9e47252fbb63dcc969fe4c8b9d10\",\"name\":\"Sodr\u00e9\",\"image\":{\"@type\":\"ImageObject\",\"inLanguage\":\"pt-BR\",\"@id\":\"https:\/\/secure.gravatar.com\/avatar\/5ba2793f0590b9dbfad3fdec4ee714485b3eef211c9b32ee53d414060454a56c?s=96&d=mm&r=g\",\"url\":\"https:\/\/secure.gravatar.com\/avatar\/5ba2793f0590b9dbfad3fdec4ee714485b3eef211c9b32ee53d414060454a56c?s=96&d=mm&r=g\",\"contentUrl\":\"https:\/\/secure.gravatar.com\/avatar\/5ba2793f0590b9dbfad3fdec4ee714485b3eef211c9b32ee53d414060454a56c?s=96&d=mm&r=g\",\"caption\":\"Sodr\u00e9\"},\"sameAs\":[\"https:\/\/www.facebook.com\/carosroberto.sodre.5\/\"],\"url\":\"https:\/\/ubanews.com\/site\/author\/felipe\/\"}]}<\/script>\n<!-- \/ Yoast SEO plugin. -->","yoast_head_json":{"title":"Dia do Jornalista - Ub\u00e1 News","robots":{"index":"index","follow":"follow","max-snippet":"max-snippet:-1","max-image-preview":"max-image-preview:large","max-video-preview":"max-video-preview:-1"},"canonical":"https:\/\/ubanews.com\/site\/2022\/04\/07\/dia-do-jornalista\/","og_locale":"pt_BR","og_type":"article","og_title":"Dia do Jornalista - Ub\u00e1 News","og_description":"O&nbsp;Dia do Jornalista&nbsp;\u00e9 comemorado anualmente em&nbsp;7 de Abril. A data","og_url":"https:\/\/ubanews.com\/site\/2022\/04\/07\/dia-do-jornalista\/","og_site_name":"Ub\u00e1 News","article_publisher":"https:\/\/www.facebook.com\/Ub%c3%a1News-Carlos-Roberto-Sodr%c3%a9-418778301977370","article_author":"https:\/\/www.facebook.com\/carosroberto.sodre.5\/","article_published_time":"2022-04-07T11:00:38+00:00","article_modified_time":"2022-06-02T16:09:48+00:00","og_image":[{"width":1000,"height":500,"url":"https:\/\/ubanews.com\/site\/wp-content\/uploads\/2022\/06\/JORNALISTA.jpg","type":"image\/jpeg"}],"author":"Sodr\u00e9","twitter_card":"summary_large_image","twitter_misc":{"Escrito por":"Sodr\u00e9","Est. tempo de leitura":"2 minutos"},"schema":{"@context":"https:\/\/schema.org","@graph":[{"@type":"Article","@id":"https:\/\/ubanews.com\/site\/2022\/04\/07\/dia-do-jornalista\/#article","isPartOf":{"@id":"https:\/\/ubanews.com\/site\/2022\/04\/07\/dia-do-jornalista\/"},"author":{"name":"Sodr\u00e9","@id":"https:\/\/ubanews.com\/site\/#\/schema\/person\/d90c9e47252fbb63dcc969fe4c8b9d10"},"headline":"Dia do Jornalista","datePublished":"2022-04-07T11:00:38+00:00","dateModified":"2022-06-02T16:09:48+00:00","mainEntityOfPage":{"@id":"https:\/\/ubanews.com\/site\/2022\/04\/07\/dia-do-jornalista\/"},"wordCount":304,"commentCount":0,"publisher":{"@id":"https:\/\/ubanews.com\/site\/#organization"},"image":{"@id":"https:\/\/ubanews.com\/site\/2022\/04\/07\/dia-do-jornalista\/#primaryimage"},"thumbnailUrl":"https:\/\/ubanews.com\/site\/wp-content\/uploads\/2022\/06\/JORNALISTA.jpg","articleSection":["Geral"],"inLanguage":"pt-BR","potentialAction":[{"@type":"CommentAction","name":"Comment","target":["https:\/\/ubanews.com\/site\/2022\/04\/07\/dia-do-jornalista\/#respond"]}]},{"@type":"WebPage","@id":"https:\/\/ubanews.com\/site\/2022\/04\/07\/dia-do-jornalista\/","url":"https:\/\/ubanews.com\/site\/2022\/04\/07\/dia-do-jornalista\/","name":"Dia do Jornalista - Ub\u00e1 News","isPartOf":{"@id":"https:\/\/ubanews.com\/site\/#website"},"primaryImageOfPage":{"@id":"https:\/\/ubanews.com\/site\/2022\/04\/07\/dia-do-jornalista\/#primaryimage"},"image":{"@id":"https:\/\/ubanews.com\/site\/2022\/04\/07\/dia-do-jornalista\/#primaryimage"},"thumbnailUrl":"https:\/\/ubanews.com\/site\/wp-content\/uploads\/2022\/06\/JORNALISTA.jpg","datePublished":"2022-04-07T11:00:38+00:00","dateModified":"2022-06-02T16:09:48+00:00","breadcrumb":{"@id":"https:\/\/ubanews.com\/site\/2022\/04\/07\/dia-do-jornalista\/#breadcrumb"},"inLanguage":"pt-BR","potentialAction":[{"@type":"ReadAction","target":["https:\/\/ubanews.com\/site\/2022\/04\/07\/dia-do-jornalista\/"]}]},{"@type":"ImageObject","inLanguage":"pt-BR","@id":"https:\/\/ubanews.com\/site\/2022\/04\/07\/dia-do-jornalista\/#primaryimage","url":"https:\/\/ubanews.com\/site\/wp-content\/uploads\/2022\/06\/JORNALISTA.jpg","contentUrl":"https:\/\/ubanews.com\/site\/wp-content\/uploads\/2022\/06\/JORNALISTA.jpg","width":1000,"height":500},{"@type":"BreadcrumbList","@id":"https:\/\/ubanews.com\/site\/2022\/04\/07\/dia-do-jornalista\/#breadcrumb","itemListElement":[{"@type":"ListItem","position":1,"name":"Home","item":"https:\/\/ubanews.com\/site\/"},{"@type":"ListItem","position":2,"name":"Dia do Jornalista"}]},{"@type":"WebSite","@id":"https:\/\/ubanews.com\/site\/#website","url":"https:\/\/ubanews.com\/site\/","name":"Ub\u00e1 News","description":"","publisher":{"@id":"https:\/\/ubanews.com\/site\/#organization"},"potentialAction":[{"@type":"SearchAction","target":{"@type":"EntryPoint","urlTemplate":"https:\/\/ubanews.com\/site\/?s={search_term_string}"},"query-input":{"@type":"PropertyValueSpecification","valueRequired":true,"valueName":"search_term_string"}}],"inLanguage":"pt-BR"},{"@type":"Organization","@id":"https:\/\/ubanews.com\/site\/#organization","name":"Ub\u00e1 News","url":"https:\/\/ubanews.com\/site\/","logo":{"@type":"ImageObject","inLanguage":"pt-BR","@id":"https:\/\/ubanews.com\/site\/#\/schema\/logo\/image\/","url":"https:\/\/ubanews.com\/site\/wp-content\/uploads\/2018\/01\/logoubanews.png","contentUrl":"https:\/\/ubanews.com\/site\/wp-content\/uploads\/2018\/01\/logoubanews.png","width":261,"height":99,"caption":"Ub\u00e1 News"},"image":{"@id":"https:\/\/ubanews.com\/site\/#\/schema\/logo\/image\/"},"sameAs":["https:\/\/www.facebook.com\/Ub\u00e1News-Carlos-Roberto-Sodr\u00e9-418778301977370"]},{"@type":"Person","@id":"https:\/\/ubanews.com\/site\/#\/schema\/person\/d90c9e47252fbb63dcc969fe4c8b9d10","name":"Sodr\u00e9","image":{"@type":"ImageObject","inLanguage":"pt-BR","@id":"https:\/\/secure.gravatar.com\/avatar\/5ba2793f0590b9dbfad3fdec4ee714485b3eef211c9b32ee53d414060454a56c?s=96&d=mm&r=g","url":"https:\/\/secure.gravatar.com\/avatar\/5ba2793f0590b9dbfad3fdec4ee714485b3eef211c9b32ee53d414060454a56c?s=96&d=mm&r=g","contentUrl":"https:\/\/secure.gravatar.com\/avatar\/5ba2793f0590b9dbfad3fdec4ee714485b3eef211c9b32ee53d414060454a56c?s=96&d=mm&r=g","caption":"Sodr\u00e9"},"sameAs":["https:\/\/www.facebook.com\/carosroberto.sodre.5\/"],"url":"https:\/\/ubanews.com\/site\/author\/felipe\/"}]}},"_links":{"self":[{"href":"https:\/\/ubanews.com\/site\/wp-json\/wp\/v2\/posts\/21239","targetHints":{"allow":["GET"]}}],"collection":[{"href":"https:\/\/ubanews.com\/site\/wp-json\/wp\/v2\/posts"}],"about":[{"href":"https:\/\/ubanews.com\/site\/wp-json\/wp\/v2\/types\/post"}],"author":[{"embeddable":true,"href":"https:\/\/ubanews.com\/site\/wp-json\/wp\/v2\/users\/2"}],"replies":[{"embeddable":true,"href":"https:\/\/ubanews.com\/site\/wp-json\/wp\/v2\/comments?post=21239"}],"version-history":[{"count":0,"href":"https:\/\/ubanews.com\/site\/wp-json\/wp\/v2\/posts\/21239\/revisions"}],"wp:featuredmedia":[{"embeddable":true,"href":"https:\/\/ubanews.com\/site\/wp-json\/wp\/v2\/media\/21240"}],"wp:attachment":[{"href":"https:\/\/ubanews.com\/site\/wp-json\/wp\/v2\/media?parent=21239"}],"wp:term":[{"taxonomy":"category","embeddable":true,"href":"https:\/\/ubanews.com\/site\/wp-json\/wp\/v2\/categories?post=21239"},{"taxonomy":"post_tag","embeddable":true,"href":"https:\/\/ubanews.com\/site\/wp-json\/wp\/v2\/tags?post=21239"}],"curies":[{"name":"wp","href":"https:\/\/api.w.org\/{rel}","templated":true}]}}