{"id":21233,"date":"2022-05-17T11:41:28","date_gmt":"2022-05-17T14:41:28","guid":{"rendered":"http:\/\/ubanews.com\/site\/?p=21233"},"modified":"2022-06-02T12:44:19","modified_gmt":"2022-06-02T15:44:19","slug":"policia-civil-identifica-abatedouro-clandestino-em-merces","status":"publish","type":"post","link":"https:\/\/ubanews.com\/site\/2022\/05\/17\/policia-civil-identifica-abatedouro-clandestino-em-merces\/","title":{"rendered":"POL\u00cdCIA CIVIL IDENTIFICA ABATEDOURO CLANDESTINO EM MERC\u00caS"},"content":{"rendered":"<p><em>Quatro suspeitos foram presos, na segunda-feira (16\/5). A A\u00e7\u00e3o contou com o apoio da Pol\u00edcia Militar.<br \/>\n<\/em>&nbsp;<br \/>\nA Pol\u00edcia Civil de Minas Gerais (PCMG) identificou, na segunda-feira (16\/5), um abatedouro clandestino, no munic\u00edpio de Merc\u00eas, na Zona da Mata mineira. Na ocasi\u00e3o, quatro suspeitos, de 28, 29, 42 e 44 anos, foram presos em flagrante por falsifica\u00e7\u00e3o, corrup\u00e7\u00e3o, adultera\u00e7\u00e3o ou altera\u00e7\u00e3o de subst\u00e2ncia ou produtos aliment\u00edcios.&nbsp;<\/p>\n<p><a href=\"https:\/\/ubanews.com\/site\/wp-content\/uploads\/2022\/06\/WhatsApp-Image-2022-05-17-at-10.37.38.jpeg\"><img decoding=\"async\" class=\"aligncenter size-full wp-image-21234 lazyload\" data-src=\"https:\/\/ubanews.com\/site\/wp-content\/uploads\/2022\/06\/WhatsApp-Image-2022-05-17-at-10.37.38.jpeg\" alt=\"\" width=\"958\" height=\"1280\" data-srcset=\"https:\/\/ubanews.com\/site\/wp-content\/uploads\/2022\/06\/WhatsApp-Image-2022-05-17-at-10.37.38.jpeg 958w, https:\/\/ubanews.com\/site\/wp-content\/uploads\/2022\/06\/WhatsApp-Image-2022-05-17-at-10.37.38-225x300.jpeg 225w, https:\/\/ubanews.com\/site\/wp-content\/uploads\/2022\/06\/WhatsApp-Image-2022-05-17-at-10.37.38-766x1024.jpeg 766w, https:\/\/ubanews.com\/site\/wp-content\/uploads\/2022\/06\/WhatsApp-Image-2022-05-17-at-10.37.38-768x1026.jpeg 768w\" data-sizes=\"(max-width: 958px) 100vw, 958px\" src=\"data:image\/svg+xml;base64,PHN2ZyB3aWR0aD0iMSIgaGVpZ2h0PSIxIiB4bWxucz0iaHR0cDovL3d3dy53My5vcmcvMjAwMC9zdmciPjwvc3ZnPg==\" style=\"--smush-placeholder-width: 958px; --smush-placeholder-aspect-ratio: 958\/1280;\" \/><\/a><\/p>\n<p>A a\u00e7\u00e3o tamb\u00e9m contou com o apoio da Pol\u00edcia Militar e foi deflagrada sob a coordena\u00e7\u00e3o do delegado regional em Ub\u00e1, Di\u00eago Candian Alves.<\/p>\n<p>Ap\u00f3s levantamentos e campana realizados pela Pol\u00edcia Civil para apura\u00e7\u00e3o de uma den\u00fancia, os policiais conseguiram constatar que o im\u00f3vel estaria sendo utilizado para o abate ilegal de equinos. Dois animais, que j\u00e1 haviam sido abatidos, foram encontrados no momento da a\u00e7\u00e3o policial.<\/p>\n<p>Conforme informa\u00e7\u00f5es do delegado Yury Bueno Campos, um dos presos na a\u00e7\u00e3o confessou ter levado esses animais ao local com esse prop\u00f3sito e, posteriormente, a carne seria supostamente vendida a um a\u00e7ougue da regi\u00e3o de Ub\u00e1.<\/p>\n<p><a href=\"https:\/\/ubanews.com\/site\/wp-content\/uploads\/2022\/06\/WhatsApp-Image-2022-05-17-at-10.34.55.jpeg\"><img decoding=\"async\" class=\"aligncenter size-full wp-image-21235 lazyload\" data-src=\"https:\/\/ubanews.com\/site\/wp-content\/uploads\/2022\/06\/WhatsApp-Image-2022-05-17-at-10.34.55.jpeg\" alt=\"\" width=\"958\" height=\"1280\" data-srcset=\"https:\/\/ubanews.com\/site\/wp-content\/uploads\/2022\/06\/WhatsApp-Image-2022-05-17-at-10.34.55.jpeg 958w, https:\/\/ubanews.com\/site\/wp-content\/uploads\/2022\/06\/WhatsApp-Image-2022-05-17-at-10.34.55-225x300.jpeg 225w, https:\/\/ubanews.com\/site\/wp-content\/uploads\/2022\/06\/WhatsApp-Image-2022-05-17-at-10.34.55-766x1024.jpeg 766w, https:\/\/ubanews.com\/site\/wp-content\/uploads\/2022\/06\/WhatsApp-Image-2022-05-17-at-10.34.55-768x1026.jpeg 768w\" data-sizes=\"(max-width: 958px) 100vw, 958px\" src=\"data:image\/svg+xml;base64,PHN2ZyB3aWR0aD0iMSIgaGVpZ2h0PSIxIiB4bWxucz0iaHR0cDovL3d3dy53My5vcmcvMjAwMC9zdmciPjwvc3ZnPg==\" style=\"--smush-placeholder-width: 958px; --smush-placeholder-aspect-ratio: 958\/1280;\" \/><\/a><\/p>\n<p>Al\u00e9m disso, investiga\u00e7\u00f5es apontaram que a carne de animais doentes estaria sendo comercializada. \u201cOs animais tamb\u00e9m estavam em situa\u00e7\u00e3o de vulnerabilidade e n\u00e3o havia o cumprimento das normas vigentes\u201d, explica Di\u00eago Candian. &nbsp;&nbsp;<\/p>\n<p>As investiga\u00e7\u00f5es prosseguem na Delegacia de Pol\u00edcia Civil em Merc\u00eas, unidade que entrega a 2\u00aa Delegacia Regional em Ub\u00e1, pertencente ao 4\u00ba Departamento de Pol\u00edcia Civil.<\/p>\n<p>Segundo o delegado, h\u00e1 a possibilidade de indiciamento dos suspeitos por associa\u00e7\u00e3o criminosa.<\/p>\n<p>Os quatro homens foram encaminhados \u00e0 delegacia, onde os flagrantes foram ratificados. Em seguida, eles foram encaminhados ao sistema prisional e permanecem \u00e0 disposi\u00e7\u00e3o da Justi\u00e7a. A pena para o crime varia de 4 a 8 anos de reclus\u00e3o e multa.<\/p>\n<div>\n<div>Assessoria de Comunica\u00e7\u00e3o PCMG<\/div>\n<\/div>\n","protected":false},"excerpt":{"rendered":"<p>Quatro suspeitos foram presos, na segunda-feira (16\/5). A A\u00e7\u00e3o contou<\/p>\n","protected":false},"author":2,"featured_media":21236,"comment_status":"open","ping_status":"open","sticky":false,"template":"","format":"standard","meta":{"footnotes":""},"categories":[1],"tags":[],"class_list":["post-21233","post","type-post","status-publish","format-standard","has-post-thumbnail","hentry","category-sem-categoria"],"yoast_head":"<!-- This site is optimized with the Yoast SEO plugin v27.2 - https:\/\/yoast.com\/product\/yoast-seo-wordpress\/ -->\n<title>POL\u00cdCIA CIVIL IDENTIFICA ABATEDOURO CLANDESTINO EM MERC\u00caS - Ub\u00e1 News<\/title>\n<meta name=\"robots\" content=\"index, follow, max-snippet:-1, max-image-preview:large, max-video-preview:-1\" \/>\n<link rel=\"canonical\" href=\"https:\/\/ubanews.com\/site\/2022\/05\/17\/policia-civil-identifica-abatedouro-clandestino-em-merces\/\" \/>\n<meta property=\"og:locale\" content=\"pt_BR\" \/>\n<meta property=\"og:type\" content=\"article\" \/>\n<meta property=\"og:title\" content=\"POL\u00cdCIA CIVIL IDENTIFICA ABATEDOURO CLANDESTINO EM MERC\u00caS - Ub\u00e1 News\" \/>\n<meta property=\"og:description\" content=\"Quatro suspeitos foram presos, na segunda-feira (16\/5). A A\u00e7\u00e3o contou\" \/>\n<meta property=\"og:url\" content=\"https:\/\/ubanews.com\/site\/2022\/05\/17\/policia-civil-identifica-abatedouro-clandestino-em-merces\/\" \/>\n<meta property=\"og:site_name\" content=\"Ub\u00e1 News\" \/>\n<meta property=\"article:publisher\" content=\"https:\/\/www.facebook.com\/Ub%c3%a1News-Carlos-Roberto-Sodr%c3%a9-418778301977370\" \/>\n<meta property=\"article:author\" content=\"https:\/\/www.facebook.com\/carosroberto.sodre.5\/\" \/>\n<meta property=\"article:published_time\" content=\"2022-05-17T14:41:28+00:00\" \/>\n<meta property=\"article:modified_time\" content=\"2022-06-02T15:44:19+00:00\" \/>\n<meta property=\"og:image\" content=\"https:\/\/ubanews.com\/site\/wp-content\/uploads\/2022\/06\/WhatsApp-Image-2022-05-17-at-10.38.43.jpeg\" \/>\n\t<meta property=\"og:image:width\" content=\"1600\" \/>\n\t<meta property=\"og:image:height\" content=\"1200\" \/>\n\t<meta property=\"og:image:type\" content=\"image\/jpeg\" \/>\n<meta name=\"author\" content=\"Sodr\u00e9\" \/>\n<meta name=\"twitter:card\" content=\"summary_large_image\" \/>\n<meta name=\"twitter:label1\" content=\"Escrito por\" \/>\n\t<meta name=\"twitter:data1\" content=\"Sodr\u00e9\" \/>\n\t<meta name=\"twitter:label2\" content=\"Est. tempo de leitura\" \/>\n\t<meta name=\"twitter:data2\" content=\"2 minutos\" \/>\n<script type=\"application\/ld+json\" class=\"yoast-schema-graph\">{\"@context\":\"https:\/\/schema.org\",\"@graph\":[{\"@type\":\"Article\",\"@id\":\"https:\/\/ubanews.com\/site\/2022\/05\/17\/policia-civil-identifica-abatedouro-clandestino-em-merces\/#article\",\"isPartOf\":{\"@id\":\"https:\/\/ubanews.com\/site\/2022\/05\/17\/policia-civil-identifica-abatedouro-clandestino-em-merces\/\"},\"author\":{\"name\":\"Sodr\u00e9\",\"@id\":\"https:\/\/ubanews.com\/site\/#\/schema\/person\/d90c9e47252fbb63dcc969fe4c8b9d10\"},\"headline\":\"POL\u00cdCIA CIVIL IDENTIFICA ABATEDOURO CLANDESTINO EM MERC\u00caS\",\"datePublished\":\"2022-05-17T14:41:28+00:00\",\"dateModified\":\"2022-06-02T15:44:19+00:00\",\"mainEntityOfPage\":{\"@id\":\"https:\/\/ubanews.com\/site\/2022\/05\/17\/policia-civil-identifica-abatedouro-clandestino-em-merces\/\"},\"wordCount\":328,\"commentCount\":0,\"publisher\":{\"@id\":\"https:\/\/ubanews.com\/site\/#organization\"},\"image\":{\"@id\":\"https:\/\/ubanews.com\/site\/2022\/05\/17\/policia-civil-identifica-abatedouro-clandestino-em-merces\/#primaryimage\"},\"thumbnailUrl\":\"https:\/\/ubanews.com\/site\/wp-content\/uploads\/2022\/06\/WhatsApp-Image-2022-05-17-at-10.38.43.jpeg\",\"articleSection\":[\"Geral\"],\"inLanguage\":\"pt-BR\",\"potentialAction\":[{\"@type\":\"CommentAction\",\"name\":\"Comment\",\"target\":[\"https:\/\/ubanews.com\/site\/2022\/05\/17\/policia-civil-identifica-abatedouro-clandestino-em-merces\/#respond\"]}]},{\"@type\":\"WebPage\",\"@id\":\"https:\/\/ubanews.com\/site\/2022\/05\/17\/policia-civil-identifica-abatedouro-clandestino-em-merces\/\",\"url\":\"https:\/\/ubanews.com\/site\/2022\/05\/17\/policia-civil-identifica-abatedouro-clandestino-em-merces\/\",\"name\":\"POL\u00cdCIA CIVIL IDENTIFICA ABATEDOURO CLANDESTINO EM MERC\u00caS - Ub\u00e1 News\",\"isPartOf\":{\"@id\":\"https:\/\/ubanews.com\/site\/#website\"},\"primaryImageOfPage\":{\"@id\":\"https:\/\/ubanews.com\/site\/2022\/05\/17\/policia-civil-identifica-abatedouro-clandestino-em-merces\/#primaryimage\"},\"image\":{\"@id\":\"https:\/\/ubanews.com\/site\/2022\/05\/17\/policia-civil-identifica-abatedouro-clandestino-em-merces\/#primaryimage\"},\"thumbnailUrl\":\"https:\/\/ubanews.com\/site\/wp-content\/uploads\/2022\/06\/WhatsApp-Image-2022-05-17-at-10.38.43.jpeg\",\"datePublished\":\"2022-05-17T14:41:28+00:00\",\"dateModified\":\"2022-06-02T15:44:19+00:00\",\"breadcrumb\":{\"@id\":\"https:\/\/ubanews.com\/site\/2022\/05\/17\/policia-civil-identifica-abatedouro-clandestino-em-merces\/#breadcrumb\"},\"inLanguage\":\"pt-BR\",\"potentialAction\":[{\"@type\":\"ReadAction\",\"target\":[\"https:\/\/ubanews.com\/site\/2022\/05\/17\/policia-civil-identifica-abatedouro-clandestino-em-merces\/\"]}]},{\"@type\":\"ImageObject\",\"inLanguage\":\"pt-BR\",\"@id\":\"https:\/\/ubanews.com\/site\/2022\/05\/17\/policia-civil-identifica-abatedouro-clandestino-em-merces\/#primaryimage\",\"url\":\"https:\/\/ubanews.com\/site\/wp-content\/uploads\/2022\/06\/WhatsApp-Image-2022-05-17-at-10.38.43.jpeg\",\"contentUrl\":\"https:\/\/ubanews.com\/site\/wp-content\/uploads\/2022\/06\/WhatsApp-Image-2022-05-17-at-10.38.43.jpeg\",\"width\":1600,\"height\":1200},{\"@type\":\"BreadcrumbList\",\"@id\":\"https:\/\/ubanews.com\/site\/2022\/05\/17\/policia-civil-identifica-abatedouro-clandestino-em-merces\/#breadcrumb\",\"itemListElement\":[{\"@type\":\"ListItem\",\"position\":1,\"name\":\"Home\",\"item\":\"https:\/\/ubanews.com\/site\/\"},{\"@type\":\"ListItem\",\"position\":2,\"name\":\"POL\u00cdCIA CIVIL IDENTIFICA ABATEDOURO CLANDESTINO EM MERC\u00caS\"}]},{\"@type\":\"WebSite\",\"@id\":\"https:\/\/ubanews.com\/site\/#website\",\"url\":\"https:\/\/ubanews.com\/site\/\",\"name\":\"Ub\u00e1 News\",\"description\":\"\",\"publisher\":{\"@id\":\"https:\/\/ubanews.com\/site\/#organization\"},\"potentialAction\":[{\"@type\":\"SearchAction\",\"target\":{\"@type\":\"EntryPoint\",\"urlTemplate\":\"https:\/\/ubanews.com\/site\/?s={search_term_string}\"},\"query-input\":{\"@type\":\"PropertyValueSpecification\",\"valueRequired\":true,\"valueName\":\"search_term_string\"}}],\"inLanguage\":\"pt-BR\"},{\"@type\":\"Organization\",\"@id\":\"https:\/\/ubanews.com\/site\/#organization\",\"name\":\"Ub\u00e1 News\",\"url\":\"https:\/\/ubanews.com\/site\/\",\"logo\":{\"@type\":\"ImageObject\",\"inLanguage\":\"pt-BR\",\"@id\":\"https:\/\/ubanews.com\/site\/#\/schema\/logo\/image\/\",\"url\":\"https:\/\/ubanews.com\/site\/wp-content\/uploads\/2018\/01\/logoubanews.png\",\"contentUrl\":\"https:\/\/ubanews.com\/site\/wp-content\/uploads\/2018\/01\/logoubanews.png\",\"width\":261,\"height\":99,\"caption\":\"Ub\u00e1 News\"},\"image\":{\"@id\":\"https:\/\/ubanews.com\/site\/#\/schema\/logo\/image\/\"},\"sameAs\":[\"https:\/\/www.facebook.com\/Ub\u00e1News-Carlos-Roberto-Sodr\u00e9-418778301977370\"]},{\"@type\":\"Person\",\"@id\":\"https:\/\/ubanews.com\/site\/#\/schema\/person\/d90c9e47252fbb63dcc969fe4c8b9d10\",\"name\":\"Sodr\u00e9\",\"image\":{\"@type\":\"ImageObject\",\"inLanguage\":\"pt-BR\",\"@id\":\"https:\/\/secure.gravatar.com\/avatar\/5ba2793f0590b9dbfad3fdec4ee714485b3eef211c9b32ee53d414060454a56c?s=96&d=mm&r=g\",\"url\":\"https:\/\/secure.gravatar.com\/avatar\/5ba2793f0590b9dbfad3fdec4ee714485b3eef211c9b32ee53d414060454a56c?s=96&d=mm&r=g\",\"contentUrl\":\"https:\/\/secure.gravatar.com\/avatar\/5ba2793f0590b9dbfad3fdec4ee714485b3eef211c9b32ee53d414060454a56c?s=96&d=mm&r=g\",\"caption\":\"Sodr\u00e9\"},\"sameAs\":[\"https:\/\/www.facebook.com\/carosroberto.sodre.5\/\"],\"url\":\"https:\/\/ubanews.com\/site\/author\/felipe\/\"}]}<\/script>\n<!-- \/ Yoast SEO plugin. -->","yoast_head_json":{"title":"POL\u00cdCIA CIVIL IDENTIFICA ABATEDOURO CLANDESTINO EM MERC\u00caS - Ub\u00e1 News","robots":{"index":"index","follow":"follow","max-snippet":"max-snippet:-1","max-image-preview":"max-image-preview:large","max-video-preview":"max-video-preview:-1"},"canonical":"https:\/\/ubanews.com\/site\/2022\/05\/17\/policia-civil-identifica-abatedouro-clandestino-em-merces\/","og_locale":"pt_BR","og_type":"article","og_title":"POL\u00cdCIA CIVIL IDENTIFICA ABATEDOURO CLANDESTINO EM MERC\u00caS - Ub\u00e1 News","og_description":"Quatro suspeitos foram presos, na segunda-feira (16\/5). A A\u00e7\u00e3o contou","og_url":"https:\/\/ubanews.com\/site\/2022\/05\/17\/policia-civil-identifica-abatedouro-clandestino-em-merces\/","og_site_name":"Ub\u00e1 News","article_publisher":"https:\/\/www.facebook.com\/Ub%c3%a1News-Carlos-Roberto-Sodr%c3%a9-418778301977370","article_author":"https:\/\/www.facebook.com\/carosroberto.sodre.5\/","article_published_time":"2022-05-17T14:41:28+00:00","article_modified_time":"2022-06-02T15:44:19+00:00","og_image":[{"width":1600,"height":1200,"url":"https:\/\/ubanews.com\/site\/wp-content\/uploads\/2022\/06\/WhatsApp-Image-2022-05-17-at-10.38.43.jpeg","type":"image\/jpeg"}],"author":"Sodr\u00e9","twitter_card":"summary_large_image","twitter_misc":{"Escrito por":"Sodr\u00e9","Est. tempo de leitura":"2 minutos"},"schema":{"@context":"https:\/\/schema.org","@graph":[{"@type":"Article","@id":"https:\/\/ubanews.com\/site\/2022\/05\/17\/policia-civil-identifica-abatedouro-clandestino-em-merces\/#article","isPartOf":{"@id":"https:\/\/ubanews.com\/site\/2022\/05\/17\/policia-civil-identifica-abatedouro-clandestino-em-merces\/"},"author":{"name":"Sodr\u00e9","@id":"https:\/\/ubanews.com\/site\/#\/schema\/person\/d90c9e47252fbb63dcc969fe4c8b9d10"},"headline":"POL\u00cdCIA CIVIL IDENTIFICA ABATEDOURO CLANDESTINO EM MERC\u00caS","datePublished":"2022-05-17T14:41:28+00:00","dateModified":"2022-06-02T15:44:19+00:00","mainEntityOfPage":{"@id":"https:\/\/ubanews.com\/site\/2022\/05\/17\/policia-civil-identifica-abatedouro-clandestino-em-merces\/"},"wordCount":328,"commentCount":0,"publisher":{"@id":"https:\/\/ubanews.com\/site\/#organization"},"image":{"@id":"https:\/\/ubanews.com\/site\/2022\/05\/17\/policia-civil-identifica-abatedouro-clandestino-em-merces\/#primaryimage"},"thumbnailUrl":"https:\/\/ubanews.com\/site\/wp-content\/uploads\/2022\/06\/WhatsApp-Image-2022-05-17-at-10.38.43.jpeg","articleSection":["Geral"],"inLanguage":"pt-BR","potentialAction":[{"@type":"CommentAction","name":"Comment","target":["https:\/\/ubanews.com\/site\/2022\/05\/17\/policia-civil-identifica-abatedouro-clandestino-em-merces\/#respond"]}]},{"@type":"WebPage","@id":"https:\/\/ubanews.com\/site\/2022\/05\/17\/policia-civil-identifica-abatedouro-clandestino-em-merces\/","url":"https:\/\/ubanews.com\/site\/2022\/05\/17\/policia-civil-identifica-abatedouro-clandestino-em-merces\/","name":"POL\u00cdCIA CIVIL IDENTIFICA ABATEDOURO CLANDESTINO EM MERC\u00caS - Ub\u00e1 News","isPartOf":{"@id":"https:\/\/ubanews.com\/site\/#website"},"primaryImageOfPage":{"@id":"https:\/\/ubanews.com\/site\/2022\/05\/17\/policia-civil-identifica-abatedouro-clandestino-em-merces\/#primaryimage"},"image":{"@id":"https:\/\/ubanews.com\/site\/2022\/05\/17\/policia-civil-identifica-abatedouro-clandestino-em-merces\/#primaryimage"},"thumbnailUrl":"https:\/\/ubanews.com\/site\/wp-content\/uploads\/2022\/06\/WhatsApp-Image-2022-05-17-at-10.38.43.jpeg","datePublished":"2022-05-17T14:41:28+00:00","dateModified":"2022-06-02T15:44:19+00:00","breadcrumb":{"@id":"https:\/\/ubanews.com\/site\/2022\/05\/17\/policia-civil-identifica-abatedouro-clandestino-em-merces\/#breadcrumb"},"inLanguage":"pt-BR","potentialAction":[{"@type":"ReadAction","target":["https:\/\/ubanews.com\/site\/2022\/05\/17\/policia-civil-identifica-abatedouro-clandestino-em-merces\/"]}]},{"@type":"ImageObject","inLanguage":"pt-BR","@id":"https:\/\/ubanews.com\/site\/2022\/05\/17\/policia-civil-identifica-abatedouro-clandestino-em-merces\/#primaryimage","url":"https:\/\/ubanews.com\/site\/wp-content\/uploads\/2022\/06\/WhatsApp-Image-2022-05-17-at-10.38.43.jpeg","contentUrl":"https:\/\/ubanews.com\/site\/wp-content\/uploads\/2022\/06\/WhatsApp-Image-2022-05-17-at-10.38.43.jpeg","width":1600,"height":1200},{"@type":"BreadcrumbList","@id":"https:\/\/ubanews.com\/site\/2022\/05\/17\/policia-civil-identifica-abatedouro-clandestino-em-merces\/#breadcrumb","itemListElement":[{"@type":"ListItem","position":1,"name":"Home","item":"https:\/\/ubanews.com\/site\/"},{"@type":"ListItem","position":2,"name":"POL\u00cdCIA CIVIL IDENTIFICA ABATEDOURO CLANDESTINO EM MERC\u00caS"}]},{"@type":"WebSite","@id":"https:\/\/ubanews.com\/site\/#website","url":"https:\/\/ubanews.com\/site\/","name":"Ub\u00e1 News","description":"","publisher":{"@id":"https:\/\/ubanews.com\/site\/#organization"},"potentialAction":[{"@type":"SearchAction","target":{"@type":"EntryPoint","urlTemplate":"https:\/\/ubanews.com\/site\/?s={search_term_string}"},"query-input":{"@type":"PropertyValueSpecification","valueRequired":true,"valueName":"search_term_string"}}],"inLanguage":"pt-BR"},{"@type":"Organization","@id":"https:\/\/ubanews.com\/site\/#organization","name":"Ub\u00e1 News","url":"https:\/\/ubanews.com\/site\/","logo":{"@type":"ImageObject","inLanguage":"pt-BR","@id":"https:\/\/ubanews.com\/site\/#\/schema\/logo\/image\/","url":"https:\/\/ubanews.com\/site\/wp-content\/uploads\/2018\/01\/logoubanews.png","contentUrl":"https:\/\/ubanews.com\/site\/wp-content\/uploads\/2018\/01\/logoubanews.png","width":261,"height":99,"caption":"Ub\u00e1 News"},"image":{"@id":"https:\/\/ubanews.com\/site\/#\/schema\/logo\/image\/"},"sameAs":["https:\/\/www.facebook.com\/Ub\u00e1News-Carlos-Roberto-Sodr\u00e9-418778301977370"]},{"@type":"Person","@id":"https:\/\/ubanews.com\/site\/#\/schema\/person\/d90c9e47252fbb63dcc969fe4c8b9d10","name":"Sodr\u00e9","image":{"@type":"ImageObject","inLanguage":"pt-BR","@id":"https:\/\/secure.gravatar.com\/avatar\/5ba2793f0590b9dbfad3fdec4ee714485b3eef211c9b32ee53d414060454a56c?s=96&d=mm&r=g","url":"https:\/\/secure.gravatar.com\/avatar\/5ba2793f0590b9dbfad3fdec4ee714485b3eef211c9b32ee53d414060454a56c?s=96&d=mm&r=g","contentUrl":"https:\/\/secure.gravatar.com\/avatar\/5ba2793f0590b9dbfad3fdec4ee714485b3eef211c9b32ee53d414060454a56c?s=96&d=mm&r=g","caption":"Sodr\u00e9"},"sameAs":["https:\/\/www.facebook.com\/carosroberto.sodre.5\/"],"url":"https:\/\/ubanews.com\/site\/author\/felipe\/"}]}},"_links":{"self":[{"href":"https:\/\/ubanews.com\/site\/wp-json\/wp\/v2\/posts\/21233","targetHints":{"allow":["GET"]}}],"collection":[{"href":"https:\/\/ubanews.com\/site\/wp-json\/wp\/v2\/posts"}],"about":[{"href":"https:\/\/ubanews.com\/site\/wp-json\/wp\/v2\/types\/post"}],"author":[{"embeddable":true,"href":"https:\/\/ubanews.com\/site\/wp-json\/wp\/v2\/users\/2"}],"replies":[{"embeddable":true,"href":"https:\/\/ubanews.com\/site\/wp-json\/wp\/v2\/comments?post=21233"}],"version-history":[{"count":0,"href":"https:\/\/ubanews.com\/site\/wp-json\/wp\/v2\/posts\/21233\/revisions"}],"wp:featuredmedia":[{"embeddable":true,"href":"https:\/\/ubanews.com\/site\/wp-json\/wp\/v2\/media\/21236"}],"wp:attachment":[{"href":"https:\/\/ubanews.com\/site\/wp-json\/wp\/v2\/media?parent=21233"}],"wp:term":[{"taxonomy":"category","embeddable":true,"href":"https:\/\/ubanews.com\/site\/wp-json\/wp\/v2\/categories?post=21233"},{"taxonomy":"post_tag","embeddable":true,"href":"https:\/\/ubanews.com\/site\/wp-json\/wp\/v2\/tags?post=21233"}],"curies":[{"name":"wp","href":"https:\/\/api.w.org\/{rel}","templated":true}]}}