{"id":21220,"date":"2022-05-24T16:48:38","date_gmt":"2022-05-24T19:48:38","guid":{"rendered":"http:\/\/ubanews.com\/site\/?p=21220"},"modified":"2022-06-02T12:37:02","modified_gmt":"2022-06-02T15:37:02","slug":"homem-e-preso-pela-pcmg-em-uba-por-maus-tratos-a-animais","status":"publish","type":"post","link":"https:\/\/ubanews.com\/site\/2022\/05\/24\/homem-e-preso-pela-pcmg-em-uba-por-maus-tratos-a-animais\/","title":{"rendered":"HOMEM \u00c9 PRESO PELA PCMG EM UB\u00c1 POR MAUS-TRATOS A ANIMAIS"},"content":{"rendered":"<p><em>A pris\u00e3o foi efetuada na cidade da Zona da Mata mineira, durante a opera\u00e7\u00e3o Divisas Integradas VI.<\/em><\/p>\n<p><a href=\"https:\/\/ubanews.com\/site\/wp-content\/uploads\/2022\/06\/WhatsApp-Image-2022-05-24-at-12.48.19-Copia.jpeg\"><img decoding=\"async\" class=\"aligncenter size-full wp-image-21221 lazyload\" data-src=\"https:\/\/ubanews.com\/site\/wp-content\/uploads\/2022\/06\/WhatsApp-Image-2022-05-24-at-12.48.19-Copia.jpeg\" alt=\"\" width=\"459\" height=\"816\" data-srcset=\"https:\/\/ubanews.com\/site\/wp-content\/uploads\/2022\/06\/WhatsApp-Image-2022-05-24-at-12.48.19-Copia.jpeg 459w, https:\/\/ubanews.com\/site\/wp-content\/uploads\/2022\/06\/WhatsApp-Image-2022-05-24-at-12.48.19-Copia-169x300.jpeg 169w\" data-sizes=\"(max-width: 459px) 100vw, 459px\" src=\"data:image\/svg+xml;base64,PHN2ZyB3aWR0aD0iMSIgaGVpZ2h0PSIxIiB4bWxucz0iaHR0cDovL3d3dy53My5vcmcvMjAwMC9zdmciPjwvc3ZnPg==\" style=\"--smush-placeholder-width: 459px; --smush-placeholder-aspect-ratio: 459\/816;\" \/><\/a> <a href=\"https:\/\/ubanews.com\/site\/wp-content\/uploads\/2022\/06\/WhatsApp-Image-2022-05-24-at-12.48.191-Copia.jpeg\"><img decoding=\"async\" class=\"aligncenter size-full wp-image-21222 lazyload\" data-src=\"https:\/\/ubanews.com\/site\/wp-content\/uploads\/2022\/06\/WhatsApp-Image-2022-05-24-at-12.48.191-Copia.jpeg\" alt=\"\" width=\"459\" height=\"816\" data-srcset=\"https:\/\/ubanews.com\/site\/wp-content\/uploads\/2022\/06\/WhatsApp-Image-2022-05-24-at-12.48.191-Copia.jpeg 459w, https:\/\/ubanews.com\/site\/wp-content\/uploads\/2022\/06\/WhatsApp-Image-2022-05-24-at-12.48.191-Copia-169x300.jpeg 169w\" data-sizes=\"(max-width: 459px) 100vw, 459px\" src=\"data:image\/svg+xml;base64,PHN2ZyB3aWR0aD0iMSIgaGVpZ2h0PSIxIiB4bWxucz0iaHR0cDovL3d3dy53My5vcmcvMjAwMC9zdmciPjwvc3ZnPg==\" style=\"--smush-placeholder-width: 459px; --smush-placeholder-aspect-ratio: 459\/816;\" \/><\/a><\/p>\n<p>A Pol\u00edcia Civil de Minas Gerais (PCMG) prendeu, nesta ter\u00e7a-feira (24\/5), um homem, de 44 anos, suspeito de praticar o crime de maus-tratos a animais, no munic\u00edpio de Ub\u00e1, na Zona da Mata mineira. Al\u00e9m da pris\u00e3o, tr\u00eas c\u00e3es foram resgatados, durante a opera\u00e7\u00e3o Divisas Integradas VI, deflagrada na regi\u00e3o e em outras localidades do estado, com o intuito de combater crimes contra o agroneg\u00f3cio e crimes ambientais.<\/p>\n<p><a href=\"https:\/\/ubanews.com\/site\/wp-content\/uploads\/2022\/06\/WhatsApp-Image-2022-05-24-at-12.48.15.jpeg\"><img decoding=\"async\" class=\"aligncenter size-full wp-image-21223 lazyload\" data-src=\"https:\/\/ubanews.com\/site\/wp-content\/uploads\/2022\/06\/WhatsApp-Image-2022-05-24-at-12.48.15.jpeg\" alt=\"\" width=\"459\" height=\"816\" data-srcset=\"https:\/\/ubanews.com\/site\/wp-content\/uploads\/2022\/06\/WhatsApp-Image-2022-05-24-at-12.48.15.jpeg 459w, https:\/\/ubanews.com\/site\/wp-content\/uploads\/2022\/06\/WhatsApp-Image-2022-05-24-at-12.48.15-169x300.jpeg 169w\" data-sizes=\"(max-width: 459px) 100vw, 459px\" src=\"data:image\/svg+xml;base64,PHN2ZyB3aWR0aD0iMSIgaGVpZ2h0PSIxIiB4bWxucz0iaHR0cDovL3d3dy53My5vcmcvMjAwMC9zdmciPjwvc3ZnPg==\" style=\"--smush-placeholder-width: 459px; --smush-placeholder-aspect-ratio: 459\/816;\" \/><\/a> <a href=\"https:\/\/ubanews.com\/site\/wp-content\/uploads\/2022\/06\/WhatsApp-Image-2022-05-24-at-12.48.14.jpeg\"><img decoding=\"async\" class=\"aligncenter size-full wp-image-21224 lazyload\" data-src=\"https:\/\/ubanews.com\/site\/wp-content\/uploads\/2022\/06\/WhatsApp-Image-2022-05-24-at-12.48.14.jpeg\" alt=\"\" width=\"816\" height=\"459\" data-srcset=\"https:\/\/ubanews.com\/site\/wp-content\/uploads\/2022\/06\/WhatsApp-Image-2022-05-24-at-12.48.14.jpeg 816w, https:\/\/ubanews.com\/site\/wp-content\/uploads\/2022\/06\/WhatsApp-Image-2022-05-24-at-12.48.14-300x169.jpeg 300w, https:\/\/ubanews.com\/site\/wp-content\/uploads\/2022\/06\/WhatsApp-Image-2022-05-24-at-12.48.14-768x432.jpeg 768w\" data-sizes=\"(max-width: 816px) 100vw, 816px\" src=\"data:image\/svg+xml;base64,PHN2ZyB3aWR0aD0iMSIgaGVpZ2h0PSIxIiB4bWxucz0iaHR0cDovL3d3dy53My5vcmcvMjAwMC9zdmciPjwvc3ZnPg==\" style=\"--smush-placeholder-width: 816px; --smush-placeholder-aspect-ratio: 816\/459;\" \/><\/a><\/p>\n<p>Segundo o delegado Douglas Mota, buscas foram realizadas na resid\u00eancia do investigado, ap\u00f3s cumprimento de mandado de busca e apreens\u00e3o. &nbsp;\u201cConstatou-se que o indiv\u00edduo vivia em uma condi\u00e7\u00e3o insalubre, tanto para o conv\u00edvio humano quanto para o conv\u00edvio animal. Em sua resid\u00eancia, ele mantinha tr\u00eas c\u00e3es em condi\u00e7\u00f5es de maus-tratos: sem higieniza\u00e7\u00e3o e alimenta\u00e7\u00e3o adequadas e sem \u00e1gua. Tamb\u00e9m foram constatados materiais biol\u00f3gicos &#8211; seja de animais, seja de humano &#8211; espalhados por toda a resid\u00eancia\u201d, conta.<\/p>\n<p><a href=\"https:\/\/ubanews.com\/site\/wp-content\/uploads\/2022\/06\/WhatsApp-Image-2022-05-24-at-12.48.10-Copia.jpeg\"><img decoding=\"async\" class=\"aligncenter size-full wp-image-21225 lazyload\" data-src=\"https:\/\/ubanews.com\/site\/wp-content\/uploads\/2022\/06\/WhatsApp-Image-2022-05-24-at-12.48.10-Copia.jpeg\" alt=\"\" width=\"960\" height=\"1280\" data-srcset=\"https:\/\/ubanews.com\/site\/wp-content\/uploads\/2022\/06\/WhatsApp-Image-2022-05-24-at-12.48.10-Copia.jpeg 960w, https:\/\/ubanews.com\/site\/wp-content\/uploads\/2022\/06\/WhatsApp-Image-2022-05-24-at-12.48.10-Copia-225x300.jpeg 225w, https:\/\/ubanews.com\/site\/wp-content\/uploads\/2022\/06\/WhatsApp-Image-2022-05-24-at-12.48.10-Copia-768x1024.jpeg 768w\" data-sizes=\"(max-width: 960px) 100vw, 960px\" src=\"data:image\/svg+xml;base64,PHN2ZyB3aWR0aD0iMSIgaGVpZ2h0PSIxIiB4bWxucz0iaHR0cDovL3d3dy53My5vcmcvMjAwMC9zdmciPjwvc3ZnPg==\" style=\"--smush-placeholder-width: 960px; --smush-placeholder-aspect-ratio: 960\/1280;\" \/><\/a> <a href=\"https:\/\/ubanews.com\/site\/wp-content\/uploads\/2022\/06\/WhatsApp-Image-2022-05-24-at-12.48.11.jpeg\"><img decoding=\"async\" class=\"aligncenter size-full wp-image-21226 lazyload\" data-src=\"https:\/\/ubanews.com\/site\/wp-content\/uploads\/2022\/06\/WhatsApp-Image-2022-05-24-at-12.48.11.jpeg\" alt=\"\" width=\"960\" height=\"1280\" data-srcset=\"https:\/\/ubanews.com\/site\/wp-content\/uploads\/2022\/06\/WhatsApp-Image-2022-05-24-at-12.48.11.jpeg 960w, https:\/\/ubanews.com\/site\/wp-content\/uploads\/2022\/06\/WhatsApp-Image-2022-05-24-at-12.48.11-225x300.jpeg 225w, https:\/\/ubanews.com\/site\/wp-content\/uploads\/2022\/06\/WhatsApp-Image-2022-05-24-at-12.48.11-768x1024.jpeg 768w\" data-sizes=\"(max-width: 960px) 100vw, 960px\" src=\"data:image\/svg+xml;base64,PHN2ZyB3aWR0aD0iMSIgaGVpZ2h0PSIxIiB4bWxucz0iaHR0cDovL3d3dy53My5vcmcvMjAwMC9zdmciPjwvc3ZnPg==\" style=\"--smush-placeholder-width: 960px; --smush-placeholder-aspect-ratio: 960\/1280;\" \/><\/a><\/p>\n<p>O suspeito foi autuado pelo crime de maus-tratos e, ap\u00f3s a formaliza\u00e7\u00e3o dos procedimentos, encaminhado ao sistema prisional. Os animais foram entregues \u00e0 Sociedade Ubaense de Prote\u00e7\u00e3o aos Animais.<\/p>\n<p><a href=\"https:\/\/ubanews.com\/site\/wp-content\/uploads\/2022\/06\/WhatsApp-Image-2022-05-24-at-12.48.122-Copia.jpeg\"><img decoding=\"async\" class=\"aligncenter size-full wp-image-21227 lazyload\" data-src=\"https:\/\/ubanews.com\/site\/wp-content\/uploads\/2022\/06\/WhatsApp-Image-2022-05-24-at-12.48.122-Copia.jpeg\" alt=\"\" width=\"960\" height=\"1032\" data-srcset=\"https:\/\/ubanews.com\/site\/wp-content\/uploads\/2022\/06\/WhatsApp-Image-2022-05-24-at-12.48.122-Copia.jpeg 960w, https:\/\/ubanews.com\/site\/wp-content\/uploads\/2022\/06\/WhatsApp-Image-2022-05-24-at-12.48.122-Copia-279x300.jpeg 279w, https:\/\/ubanews.com\/site\/wp-content\/uploads\/2022\/06\/WhatsApp-Image-2022-05-24-at-12.48.122-Copia-953x1024.jpeg 953w, https:\/\/ubanews.com\/site\/wp-content\/uploads\/2022\/06\/WhatsApp-Image-2022-05-24-at-12.48.122-Copia-768x826.jpeg 768w\" data-sizes=\"(max-width: 960px) 100vw, 960px\" src=\"data:image\/svg+xml;base64,PHN2ZyB3aWR0aD0iMSIgaGVpZ2h0PSIxIiB4bWxucz0iaHR0cDovL3d3dy53My5vcmcvMjAwMC9zdmciPjwvc3ZnPg==\" style=\"--smush-placeholder-width: 960px; --smush-placeholder-aspect-ratio: 960\/1032;\" \/><\/a><\/p>\n<p>A a\u00e7\u00e3o foi realizada por policiais civis da 2\u00aa Delegacia Regional de Pol\u00edcia Civil em Ub\u00e1, pertencente ao 4\u00ba Departamento da PCMG.<\/p>\n<div>\n<div>Assessoria de Comunica\u00e7\u00e3o PCMG<\/div>\n<\/div>\n","protected":false},"excerpt":{"rendered":"<p>A pris\u00e3o foi efetuada na cidade da Zona da Mata<\/p>\n","protected":false},"author":2,"featured_media":21228,"comment_status":"open","ping_status":"open","sticky":false,"template":"","format":"standard","meta":{"footnotes":""},"categories":[1],"tags":[],"class_list":["post-21220","post","type-post","status-publish","format-standard","has-post-thumbnail","hentry","category-sem-categoria"],"yoast_head":"<!-- This site is optimized with the Yoast SEO plugin v27.2 - https:\/\/yoast.com\/product\/yoast-seo-wordpress\/ -->\n<title>HOMEM \u00c9 PRESO PELA PCMG EM UB\u00c1 POR MAUS-TRATOS A ANIMAIS - Ub\u00e1 News<\/title>\n<meta name=\"robots\" content=\"index, follow, max-snippet:-1, max-image-preview:large, max-video-preview:-1\" \/>\n<link rel=\"canonical\" href=\"https:\/\/ubanews.com\/site\/2022\/05\/24\/homem-e-preso-pela-pcmg-em-uba-por-maus-tratos-a-animais\/\" \/>\n<meta property=\"og:locale\" content=\"pt_BR\" \/>\n<meta property=\"og:type\" content=\"article\" \/>\n<meta property=\"og:title\" content=\"HOMEM \u00c9 PRESO PELA PCMG EM UB\u00c1 POR MAUS-TRATOS A ANIMAIS - Ub\u00e1 News\" \/>\n<meta property=\"og:description\" content=\"A pris\u00e3o foi efetuada na cidade da Zona da Mata\" \/>\n<meta property=\"og:url\" content=\"https:\/\/ubanews.com\/site\/2022\/05\/24\/homem-e-preso-pela-pcmg-em-uba-por-maus-tratos-a-animais\/\" \/>\n<meta property=\"og:site_name\" content=\"Ub\u00e1 News\" \/>\n<meta property=\"article:publisher\" content=\"https:\/\/www.facebook.com\/Ub%c3%a1News-Carlos-Roberto-Sodr%c3%a9-418778301977370\" \/>\n<meta property=\"article:author\" content=\"https:\/\/www.facebook.com\/carosroberto.sodre.5\/\" \/>\n<meta property=\"article:published_time\" content=\"2022-05-24T19:48:38+00:00\" \/>\n<meta property=\"article:modified_time\" content=\"2022-06-02T15:37:02+00:00\" \/>\n<meta property=\"og:image\" content=\"https:\/\/ubanews.com\/site\/wp-content\/uploads\/2022\/06\/WhatsApp-Image-2022-05-24-at-12.48.131.jpeg\" \/>\n\t<meta property=\"og:image:width\" content=\"845\" \/>\n\t<meta property=\"og:image:height\" content=\"568\" \/>\n\t<meta property=\"og:image:type\" content=\"image\/jpeg\" \/>\n<meta name=\"author\" content=\"Sodr\u00e9\" \/>\n<meta name=\"twitter:card\" content=\"summary_large_image\" \/>\n<meta name=\"twitter:label1\" content=\"Escrito por\" \/>\n\t<meta name=\"twitter:data1\" content=\"Sodr\u00e9\" \/>\n\t<meta name=\"twitter:label2\" content=\"Est. tempo de leitura\" \/>\n\t<meta name=\"twitter:data2\" content=\"3 minutos\" \/>\n<script type=\"application\/ld+json\" class=\"yoast-schema-graph\">{\"@context\":\"https:\/\/schema.org\",\"@graph\":[{\"@type\":\"Article\",\"@id\":\"https:\/\/ubanews.com\/site\/2022\/05\/24\/homem-e-preso-pela-pcmg-em-uba-por-maus-tratos-a-animais\/#article\",\"isPartOf\":{\"@id\":\"https:\/\/ubanews.com\/site\/2022\/05\/24\/homem-e-preso-pela-pcmg-em-uba-por-maus-tratos-a-animais\/\"},\"author\":{\"name\":\"Sodr\u00e9\",\"@id\":\"https:\/\/ubanews.com\/site\/#\/schema\/person\/d90c9e47252fbb63dcc969fe4c8b9d10\"},\"headline\":\"HOMEM \u00c9 PRESO PELA PCMG EM UB\u00c1 POR MAUS-TRATOS A ANIMAIS\",\"datePublished\":\"2022-05-24T19:48:38+00:00\",\"dateModified\":\"2022-06-02T15:37:02+00:00\",\"mainEntityOfPage\":{\"@id\":\"https:\/\/ubanews.com\/site\/2022\/05\/24\/homem-e-preso-pela-pcmg-em-uba-por-maus-tratos-a-animais\/\"},\"wordCount\":257,\"commentCount\":0,\"publisher\":{\"@id\":\"https:\/\/ubanews.com\/site\/#organization\"},\"image\":{\"@id\":\"https:\/\/ubanews.com\/site\/2022\/05\/24\/homem-e-preso-pela-pcmg-em-uba-por-maus-tratos-a-animais\/#primaryimage\"},\"thumbnailUrl\":\"https:\/\/ubanews.com\/site\/wp-content\/uploads\/2022\/06\/WhatsApp-Image-2022-05-24-at-12.48.131.jpeg\",\"articleSection\":[\"Geral\"],\"inLanguage\":\"pt-BR\",\"potentialAction\":[{\"@type\":\"CommentAction\",\"name\":\"Comment\",\"target\":[\"https:\/\/ubanews.com\/site\/2022\/05\/24\/homem-e-preso-pela-pcmg-em-uba-por-maus-tratos-a-animais\/#respond\"]}]},{\"@type\":\"WebPage\",\"@id\":\"https:\/\/ubanews.com\/site\/2022\/05\/24\/homem-e-preso-pela-pcmg-em-uba-por-maus-tratos-a-animais\/\",\"url\":\"https:\/\/ubanews.com\/site\/2022\/05\/24\/homem-e-preso-pela-pcmg-em-uba-por-maus-tratos-a-animais\/\",\"name\":\"HOMEM \u00c9 PRESO PELA PCMG EM UB\u00c1 POR MAUS-TRATOS A ANIMAIS - Ub\u00e1 News\",\"isPartOf\":{\"@id\":\"https:\/\/ubanews.com\/site\/#website\"},\"primaryImageOfPage\":{\"@id\":\"https:\/\/ubanews.com\/site\/2022\/05\/24\/homem-e-preso-pela-pcmg-em-uba-por-maus-tratos-a-animais\/#primaryimage\"},\"image\":{\"@id\":\"https:\/\/ubanews.com\/site\/2022\/05\/24\/homem-e-preso-pela-pcmg-em-uba-por-maus-tratos-a-animais\/#primaryimage\"},\"thumbnailUrl\":\"https:\/\/ubanews.com\/site\/wp-content\/uploads\/2022\/06\/WhatsApp-Image-2022-05-24-at-12.48.131.jpeg\",\"datePublished\":\"2022-05-24T19:48:38+00:00\",\"dateModified\":\"2022-06-02T15:37:02+00:00\",\"breadcrumb\":{\"@id\":\"https:\/\/ubanews.com\/site\/2022\/05\/24\/homem-e-preso-pela-pcmg-em-uba-por-maus-tratos-a-animais\/#breadcrumb\"},\"inLanguage\":\"pt-BR\",\"potentialAction\":[{\"@type\":\"ReadAction\",\"target\":[\"https:\/\/ubanews.com\/site\/2022\/05\/24\/homem-e-preso-pela-pcmg-em-uba-por-maus-tratos-a-animais\/\"]}]},{\"@type\":\"ImageObject\",\"inLanguage\":\"pt-BR\",\"@id\":\"https:\/\/ubanews.com\/site\/2022\/05\/24\/homem-e-preso-pela-pcmg-em-uba-por-maus-tratos-a-animais\/#primaryimage\",\"url\":\"https:\/\/ubanews.com\/site\/wp-content\/uploads\/2022\/06\/WhatsApp-Image-2022-05-24-at-12.48.131.jpeg\",\"contentUrl\":\"https:\/\/ubanews.com\/site\/wp-content\/uploads\/2022\/06\/WhatsApp-Image-2022-05-24-at-12.48.131.jpeg\",\"width\":845,\"height\":568},{\"@type\":\"BreadcrumbList\",\"@id\":\"https:\/\/ubanews.com\/site\/2022\/05\/24\/homem-e-preso-pela-pcmg-em-uba-por-maus-tratos-a-animais\/#breadcrumb\",\"itemListElement\":[{\"@type\":\"ListItem\",\"position\":1,\"name\":\"Home\",\"item\":\"https:\/\/ubanews.com\/site\/\"},{\"@type\":\"ListItem\",\"position\":2,\"name\":\"HOMEM \u00c9 PRESO PELA PCMG EM UB\u00c1 POR MAUS-TRATOS A ANIMAIS\"}]},{\"@type\":\"WebSite\",\"@id\":\"https:\/\/ubanews.com\/site\/#website\",\"url\":\"https:\/\/ubanews.com\/site\/\",\"name\":\"Ub\u00e1 News\",\"description\":\"\",\"publisher\":{\"@id\":\"https:\/\/ubanews.com\/site\/#organization\"},\"potentialAction\":[{\"@type\":\"SearchAction\",\"target\":{\"@type\":\"EntryPoint\",\"urlTemplate\":\"https:\/\/ubanews.com\/site\/?s={search_term_string}\"},\"query-input\":{\"@type\":\"PropertyValueSpecification\",\"valueRequired\":true,\"valueName\":\"search_term_string\"}}],\"inLanguage\":\"pt-BR\"},{\"@type\":\"Organization\",\"@id\":\"https:\/\/ubanews.com\/site\/#organization\",\"name\":\"Ub\u00e1 News\",\"url\":\"https:\/\/ubanews.com\/site\/\",\"logo\":{\"@type\":\"ImageObject\",\"inLanguage\":\"pt-BR\",\"@id\":\"https:\/\/ubanews.com\/site\/#\/schema\/logo\/image\/\",\"url\":\"https:\/\/ubanews.com\/site\/wp-content\/uploads\/2018\/01\/logoubanews.png\",\"contentUrl\":\"https:\/\/ubanews.com\/site\/wp-content\/uploads\/2018\/01\/logoubanews.png\",\"width\":261,\"height\":99,\"caption\":\"Ub\u00e1 News\"},\"image\":{\"@id\":\"https:\/\/ubanews.com\/site\/#\/schema\/logo\/image\/\"},\"sameAs\":[\"https:\/\/www.facebook.com\/Ub\u00e1News-Carlos-Roberto-Sodr\u00e9-418778301977370\"]},{\"@type\":\"Person\",\"@id\":\"https:\/\/ubanews.com\/site\/#\/schema\/person\/d90c9e47252fbb63dcc969fe4c8b9d10\",\"name\":\"Sodr\u00e9\",\"image\":{\"@type\":\"ImageObject\",\"inLanguage\":\"pt-BR\",\"@id\":\"https:\/\/secure.gravatar.com\/avatar\/5ba2793f0590b9dbfad3fdec4ee714485b3eef211c9b32ee53d414060454a56c?s=96&d=mm&r=g\",\"url\":\"https:\/\/secure.gravatar.com\/avatar\/5ba2793f0590b9dbfad3fdec4ee714485b3eef211c9b32ee53d414060454a56c?s=96&d=mm&r=g\",\"contentUrl\":\"https:\/\/secure.gravatar.com\/avatar\/5ba2793f0590b9dbfad3fdec4ee714485b3eef211c9b32ee53d414060454a56c?s=96&d=mm&r=g\",\"caption\":\"Sodr\u00e9\"},\"sameAs\":[\"https:\/\/www.facebook.com\/carosroberto.sodre.5\/\"],\"url\":\"https:\/\/ubanews.com\/site\/author\/felipe\/\"}]}<\/script>\n<!-- \/ Yoast SEO plugin. -->","yoast_head_json":{"title":"HOMEM \u00c9 PRESO PELA PCMG EM UB\u00c1 POR MAUS-TRATOS A ANIMAIS - Ub\u00e1 News","robots":{"index":"index","follow":"follow","max-snippet":"max-snippet:-1","max-image-preview":"max-image-preview:large","max-video-preview":"max-video-preview:-1"},"canonical":"https:\/\/ubanews.com\/site\/2022\/05\/24\/homem-e-preso-pela-pcmg-em-uba-por-maus-tratos-a-animais\/","og_locale":"pt_BR","og_type":"article","og_title":"HOMEM \u00c9 PRESO PELA PCMG EM UB\u00c1 POR MAUS-TRATOS A ANIMAIS - Ub\u00e1 News","og_description":"A pris\u00e3o foi efetuada na cidade da Zona da Mata","og_url":"https:\/\/ubanews.com\/site\/2022\/05\/24\/homem-e-preso-pela-pcmg-em-uba-por-maus-tratos-a-animais\/","og_site_name":"Ub\u00e1 News","article_publisher":"https:\/\/www.facebook.com\/Ub%c3%a1News-Carlos-Roberto-Sodr%c3%a9-418778301977370","article_author":"https:\/\/www.facebook.com\/carosroberto.sodre.5\/","article_published_time":"2022-05-24T19:48:38+00:00","article_modified_time":"2022-06-02T15:37:02+00:00","og_image":[{"width":845,"height":568,"url":"https:\/\/ubanews.com\/site\/wp-content\/uploads\/2022\/06\/WhatsApp-Image-2022-05-24-at-12.48.131.jpeg","type":"image\/jpeg"}],"author":"Sodr\u00e9","twitter_card":"summary_large_image","twitter_misc":{"Escrito por":"Sodr\u00e9","Est. tempo de leitura":"3 minutos"},"schema":{"@context":"https:\/\/schema.org","@graph":[{"@type":"Article","@id":"https:\/\/ubanews.com\/site\/2022\/05\/24\/homem-e-preso-pela-pcmg-em-uba-por-maus-tratos-a-animais\/#article","isPartOf":{"@id":"https:\/\/ubanews.com\/site\/2022\/05\/24\/homem-e-preso-pela-pcmg-em-uba-por-maus-tratos-a-animais\/"},"author":{"name":"Sodr\u00e9","@id":"https:\/\/ubanews.com\/site\/#\/schema\/person\/d90c9e47252fbb63dcc969fe4c8b9d10"},"headline":"HOMEM \u00c9 PRESO PELA PCMG EM UB\u00c1 POR MAUS-TRATOS A ANIMAIS","datePublished":"2022-05-24T19:48:38+00:00","dateModified":"2022-06-02T15:37:02+00:00","mainEntityOfPage":{"@id":"https:\/\/ubanews.com\/site\/2022\/05\/24\/homem-e-preso-pela-pcmg-em-uba-por-maus-tratos-a-animais\/"},"wordCount":257,"commentCount":0,"publisher":{"@id":"https:\/\/ubanews.com\/site\/#organization"},"image":{"@id":"https:\/\/ubanews.com\/site\/2022\/05\/24\/homem-e-preso-pela-pcmg-em-uba-por-maus-tratos-a-animais\/#primaryimage"},"thumbnailUrl":"https:\/\/ubanews.com\/site\/wp-content\/uploads\/2022\/06\/WhatsApp-Image-2022-05-24-at-12.48.131.jpeg","articleSection":["Geral"],"inLanguage":"pt-BR","potentialAction":[{"@type":"CommentAction","name":"Comment","target":["https:\/\/ubanews.com\/site\/2022\/05\/24\/homem-e-preso-pela-pcmg-em-uba-por-maus-tratos-a-animais\/#respond"]}]},{"@type":"WebPage","@id":"https:\/\/ubanews.com\/site\/2022\/05\/24\/homem-e-preso-pela-pcmg-em-uba-por-maus-tratos-a-animais\/","url":"https:\/\/ubanews.com\/site\/2022\/05\/24\/homem-e-preso-pela-pcmg-em-uba-por-maus-tratos-a-animais\/","name":"HOMEM \u00c9 PRESO PELA PCMG EM UB\u00c1 POR MAUS-TRATOS A ANIMAIS - Ub\u00e1 News","isPartOf":{"@id":"https:\/\/ubanews.com\/site\/#website"},"primaryImageOfPage":{"@id":"https:\/\/ubanews.com\/site\/2022\/05\/24\/homem-e-preso-pela-pcmg-em-uba-por-maus-tratos-a-animais\/#primaryimage"},"image":{"@id":"https:\/\/ubanews.com\/site\/2022\/05\/24\/homem-e-preso-pela-pcmg-em-uba-por-maus-tratos-a-animais\/#primaryimage"},"thumbnailUrl":"https:\/\/ubanews.com\/site\/wp-content\/uploads\/2022\/06\/WhatsApp-Image-2022-05-24-at-12.48.131.jpeg","datePublished":"2022-05-24T19:48:38+00:00","dateModified":"2022-06-02T15:37:02+00:00","breadcrumb":{"@id":"https:\/\/ubanews.com\/site\/2022\/05\/24\/homem-e-preso-pela-pcmg-em-uba-por-maus-tratos-a-animais\/#breadcrumb"},"inLanguage":"pt-BR","potentialAction":[{"@type":"ReadAction","target":["https:\/\/ubanews.com\/site\/2022\/05\/24\/homem-e-preso-pela-pcmg-em-uba-por-maus-tratos-a-animais\/"]}]},{"@type":"ImageObject","inLanguage":"pt-BR","@id":"https:\/\/ubanews.com\/site\/2022\/05\/24\/homem-e-preso-pela-pcmg-em-uba-por-maus-tratos-a-animais\/#primaryimage","url":"https:\/\/ubanews.com\/site\/wp-content\/uploads\/2022\/06\/WhatsApp-Image-2022-05-24-at-12.48.131.jpeg","contentUrl":"https:\/\/ubanews.com\/site\/wp-content\/uploads\/2022\/06\/WhatsApp-Image-2022-05-24-at-12.48.131.jpeg","width":845,"height":568},{"@type":"BreadcrumbList","@id":"https:\/\/ubanews.com\/site\/2022\/05\/24\/homem-e-preso-pela-pcmg-em-uba-por-maus-tratos-a-animais\/#breadcrumb","itemListElement":[{"@type":"ListItem","position":1,"name":"Home","item":"https:\/\/ubanews.com\/site\/"},{"@type":"ListItem","position":2,"name":"HOMEM \u00c9 PRESO PELA PCMG EM UB\u00c1 POR MAUS-TRATOS A ANIMAIS"}]},{"@type":"WebSite","@id":"https:\/\/ubanews.com\/site\/#website","url":"https:\/\/ubanews.com\/site\/","name":"Ub\u00e1 News","description":"","publisher":{"@id":"https:\/\/ubanews.com\/site\/#organization"},"potentialAction":[{"@type":"SearchAction","target":{"@type":"EntryPoint","urlTemplate":"https:\/\/ubanews.com\/site\/?s={search_term_string}"},"query-input":{"@type":"PropertyValueSpecification","valueRequired":true,"valueName":"search_term_string"}}],"inLanguage":"pt-BR"},{"@type":"Organization","@id":"https:\/\/ubanews.com\/site\/#organization","name":"Ub\u00e1 News","url":"https:\/\/ubanews.com\/site\/","logo":{"@type":"ImageObject","inLanguage":"pt-BR","@id":"https:\/\/ubanews.com\/site\/#\/schema\/logo\/image\/","url":"https:\/\/ubanews.com\/site\/wp-content\/uploads\/2018\/01\/logoubanews.png","contentUrl":"https:\/\/ubanews.com\/site\/wp-content\/uploads\/2018\/01\/logoubanews.png","width":261,"height":99,"caption":"Ub\u00e1 News"},"image":{"@id":"https:\/\/ubanews.com\/site\/#\/schema\/logo\/image\/"},"sameAs":["https:\/\/www.facebook.com\/Ub\u00e1News-Carlos-Roberto-Sodr\u00e9-418778301977370"]},{"@type":"Person","@id":"https:\/\/ubanews.com\/site\/#\/schema\/person\/d90c9e47252fbb63dcc969fe4c8b9d10","name":"Sodr\u00e9","image":{"@type":"ImageObject","inLanguage":"pt-BR","@id":"https:\/\/secure.gravatar.com\/avatar\/5ba2793f0590b9dbfad3fdec4ee714485b3eef211c9b32ee53d414060454a56c?s=96&d=mm&r=g","url":"https:\/\/secure.gravatar.com\/avatar\/5ba2793f0590b9dbfad3fdec4ee714485b3eef211c9b32ee53d414060454a56c?s=96&d=mm&r=g","contentUrl":"https:\/\/secure.gravatar.com\/avatar\/5ba2793f0590b9dbfad3fdec4ee714485b3eef211c9b32ee53d414060454a56c?s=96&d=mm&r=g","caption":"Sodr\u00e9"},"sameAs":["https:\/\/www.facebook.com\/carosroberto.sodre.5\/"],"url":"https:\/\/ubanews.com\/site\/author\/felipe\/"}]}},"_links":{"self":[{"href":"https:\/\/ubanews.com\/site\/wp-json\/wp\/v2\/posts\/21220","targetHints":{"allow":["GET"]}}],"collection":[{"href":"https:\/\/ubanews.com\/site\/wp-json\/wp\/v2\/posts"}],"about":[{"href":"https:\/\/ubanews.com\/site\/wp-json\/wp\/v2\/types\/post"}],"author":[{"embeddable":true,"href":"https:\/\/ubanews.com\/site\/wp-json\/wp\/v2\/users\/2"}],"replies":[{"embeddable":true,"href":"https:\/\/ubanews.com\/site\/wp-json\/wp\/v2\/comments?post=21220"}],"version-history":[{"count":0,"href":"https:\/\/ubanews.com\/site\/wp-json\/wp\/v2\/posts\/21220\/revisions"}],"wp:featuredmedia":[{"embeddable":true,"href":"https:\/\/ubanews.com\/site\/wp-json\/wp\/v2\/media\/21228"}],"wp:attachment":[{"href":"https:\/\/ubanews.com\/site\/wp-json\/wp\/v2\/media?parent=21220"}],"wp:term":[{"taxonomy":"category","embeddable":true,"href":"https:\/\/ubanews.com\/site\/wp-json\/wp\/v2\/categories?post=21220"},{"taxonomy":"post_tag","embeddable":true,"href":"https:\/\/ubanews.com\/site\/wp-json\/wp\/v2\/tags?post=21220"}],"curies":[{"name":"wp","href":"https:\/\/api.w.org\/{rel}","templated":true}]}}