{"id":21215,"date":"2022-03-15T17:06:45","date_gmt":"2022-03-15T20:06:45","guid":{"rendered":"http:\/\/ubanews.com\/site\/?p=21215"},"modified":"2022-06-02T12:18:24","modified_gmt":"2022-06-02T15:18:24","slug":"uba-dispensa-uso-de-mascaras-em-locais-abertos","status":"publish","type":"post","link":"https:\/\/ubanews.com\/site\/2022\/03\/15\/uba-dispensa-uso-de-mascaras-em-locais-abertos\/","title":{"rendered":"UB\u00c1 DISPENSA USO DE M\u00c1SCARAS EM LOCAIS ABERTOS"},"content":{"rendered":"<p style=\"font-weight: 400;\"><em>Novo decreto foi publicado ap\u00f3s fim do Minas Consciente<\/em><\/p>\n<p style=\"font-weight: 400;\">A Prefeitura de Ub\u00e1 publicou nesta ter\u00e7a-feira (15) o&nbsp;<strong><a href=\"https:\/\/www.uba.mg.gov.br\/abrir_arquivo.aspx?cdLocal=12&amp;arquivo=%7BC4722ADD-A70A-8A5D-CCAA-0EDEAABAD88A%7D.pdf\" data-saferedirecturl=\"https:\/\/www.google.com\/url?q=https:\/\/www.uba.mg.gov.br\/abrir_arquivo.aspx?cdLocal%3D12%26arquivo%3D%257BC4722ADD-A70A-8A5D-CCAA-0EDEAABAD88A%257D.pdf&amp;source=gmail&amp;ust=1654268260653000&amp;usg=AOvVaw30SuywOvQjj1Sgyx1lhha-\">Decreto Municipal N\u00ba 6.740<\/a><\/strong>. O documento estabelece as normas de preven\u00e7\u00e3o \u00e0 Covid-19 que ser\u00e3o adotadas no munic\u00edpio ap\u00f3s o fim do Plano Minas Consciente.<\/p>\n<p style=\"font-weight: 400;\">Com o novo decreto, o uso de m\u00e1scara fica dispensado em locais completamente abertos. No entanto, o uso do equipamento de prote\u00e7\u00e3o, mesmo em locais abertos, continua recomendado para pessoas que integram o grupo de risco ou que apresentem sintomas gripais.<\/p>\n<p style=\"font-weight: 400;\">J\u00e1 em ambientes fechados (n\u00e3o domiciliares), a utiliza\u00e7\u00e3o de m\u00e1scara facial \u00e9 obrigat\u00f3ria. Tamb\u00e9m ficam mantidas a obrigatoriedade das seguintes medidas sanit\u00e1rias de preven\u00e7\u00e3o \u00e0 Covid-19: a disponibiliza\u00e7\u00e3o de \u00e1lcool 70% para higieniza\u00e7\u00e3o das m\u00e3o em locais de acesso ao p\u00fablico e a exig\u00eancia de comprova\u00e7\u00e3o de vacina\u00e7\u00e3o ou de laudo m\u00e9dico ou exame PCR para acesso \u00e0 eventos.<\/p>\n<p style=\"font-weight: 400;\">Ainda conforme o documento, grandes eventos (com p\u00fablico superior a 600 pessoas), que dependam de alvar\u00e1 municipal, dever\u00e3o ser protocolizados na Casa do Empreendedor com pelo menos 15 dias de anteced\u00eancia.<\/p>\n<p><a href=\"https:\/\/ubanews.com\/site\/wp-content\/uploads\/2022\/06\/WhatsApp-Image-2022-03-15-at-15.27.07.jpeg\"><img decoding=\"async\" class=\"aligncenter size-full wp-image-21216 lazyload\" data-src=\"https:\/\/ubanews.com\/site\/wp-content\/uploads\/2022\/06\/WhatsApp-Image-2022-03-15-at-15.27.07.jpeg\" alt=\"\" width=\"1280\" height=\"1274\" data-srcset=\"https:\/\/ubanews.com\/site\/wp-content\/uploads\/2022\/06\/WhatsApp-Image-2022-03-15-at-15.27.07.jpeg 1280w, https:\/\/ubanews.com\/site\/wp-content\/uploads\/2022\/06\/WhatsApp-Image-2022-03-15-at-15.27.07-300x300.jpeg 300w, https:\/\/ubanews.com\/site\/wp-content\/uploads\/2022\/06\/WhatsApp-Image-2022-03-15-at-15.27.07-1024x1019.jpeg 1024w, https:\/\/ubanews.com\/site\/wp-content\/uploads\/2022\/06\/WhatsApp-Image-2022-03-15-at-15.27.07-150x150.jpeg 150w, https:\/\/ubanews.com\/site\/wp-content\/uploads\/2022\/06\/WhatsApp-Image-2022-03-15-at-15.27.07-768x764.jpeg 768w\" data-sizes=\"(max-width: 1280px) 100vw, 1280px\" src=\"data:image\/svg+xml;base64,PHN2ZyB3aWR0aD0iMSIgaGVpZ2h0PSIxIiB4bWxucz0iaHR0cDovL3d3dy53My5vcmcvMjAwMC9zdmciPjwvc3ZnPg==\" style=\"--smush-placeholder-width: 1280px; --smush-placeholder-aspect-ratio: 1280\/1274;\" \/><\/a><\/p>\n<p style=\"font-weight: 400;\">\u201cAvan\u00e7amos muito no enfrentamento \u00e0 pandemia e, neste momento, j\u00e1 podemos flexibilizar algumas medidas de combate ao coronav\u00edrus. Esse avan\u00e7o foi poss\u00edvel gra\u00e7as ao trabalho incans\u00e1vel dos nossos profissionais de sa\u00fade e de fiscaliza\u00e7\u00e3o e \u00e0 vacina\u00e7\u00e3o de grande parte da nossa popula\u00e7\u00e3o. Por isso, fa\u00e7o um apelo aos ubaenses que ainda n\u00e3o completaram o esquema vacinal ou ainda n\u00e3o tomaram a dose de refor\u00e7o, que se vacinem. Hoje o munic\u00edpio conta com equipes exclusivas para a aplica\u00e7\u00e3o das vacinas contra a Covid-19 e tem disponibilidade de doses para a imuniza\u00e7\u00e3o de todos os ubaenses acima dos 05 anos de idade. Confiram a programa\u00e7\u00e3o de vacina\u00e7\u00e3o no site e nas redes sociais da Prefeitura e se imunizem para que Ub\u00e1 possa continuar avan\u00e7ando na luta contra a Covid-19\u201d, disse o Prefeito Edson Teixeira Filho.<\/p>\n<p style=\"font-weight: 400;\"><strong>Uso de m\u00e1scara em locais fechados<\/strong><\/p>\n<p style=\"font-weight: 400;\">Conforme orienta\u00e7\u00e3o da Secretaria Estadual de Sa\u00fade de Minas Gerais (SES\/MG), a libera\u00e7\u00e3o do uso de m\u00e1scaras em locais fechados vai obedecer a meta de vacina\u00e7\u00e3o contra a Covid-19, ou seja, a desobriga\u00e7\u00e3o da utiliza\u00e7\u00e3o do equipamento de prote\u00e7\u00e3o em ambientes fechados s\u00f3 ser\u00e1 recomendada quando o munic\u00edpio atingir 80% da popula\u00e7\u00e3o acima de 05 anos imunizada com as duas doses da vacina e pelo menos 70% das pessoas com mais de 18 anos vacinadas com a dose de refor\u00e7o.<\/p>\n<p><a href=\"https:\/\/ubanews.com\/site\/wp-content\/uploads\/2022\/06\/WhatsApp-Image-2022-03-15-at-15.24.50.jpeg\"><img decoding=\"async\" class=\"aligncenter size-full wp-image-21217 lazyload\" data-src=\"https:\/\/ubanews.com\/site\/wp-content\/uploads\/2022\/06\/WhatsApp-Image-2022-03-15-at-15.24.50.jpeg\" alt=\"\" width=\"1280\" height=\"1274\" data-srcset=\"https:\/\/ubanews.com\/site\/wp-content\/uploads\/2022\/06\/WhatsApp-Image-2022-03-15-at-15.24.50.jpeg 1280w, https:\/\/ubanews.com\/site\/wp-content\/uploads\/2022\/06\/WhatsApp-Image-2022-03-15-at-15.24.50-300x300.jpeg 300w, https:\/\/ubanews.com\/site\/wp-content\/uploads\/2022\/06\/WhatsApp-Image-2022-03-15-at-15.24.50-1024x1019.jpeg 1024w, https:\/\/ubanews.com\/site\/wp-content\/uploads\/2022\/06\/WhatsApp-Image-2022-03-15-at-15.24.50-150x150.jpeg 150w, https:\/\/ubanews.com\/site\/wp-content\/uploads\/2022\/06\/WhatsApp-Image-2022-03-15-at-15.24.50-768x764.jpeg 768w\" data-sizes=\"(max-width: 1280px) 100vw, 1280px\" src=\"data:image\/svg+xml;base64,PHN2ZyB3aWR0aD0iMSIgaGVpZ2h0PSIxIiB4bWxucz0iaHR0cDovL3d3dy53My5vcmcvMjAwMC9zdmciPjwvc3ZnPg==\" style=\"--smush-placeholder-width: 1280px; --smush-placeholder-aspect-ratio: 1280\/1274;\" \/><\/a><\/p>\n<p style=\"font-weight: 400;\"><strong>Fim do Minas Consciente<\/strong><\/p>\n<p style=\"font-weight: 400;\">O plano Minas Consciente, elaborado pelo estado para o acompanhamento da pandemia e para a cria\u00e7\u00e3o de protocolos para a retomada das atividades econ\u00f4micas, foi finalizado no \u00faltimo s\u00e1bado (12\/03). A decis\u00e3o se deu a partir do avan\u00e7o da vacina\u00e7\u00e3o e a queda no n\u00famero de casos e taxa de \u00f3bitos pela covid-19 no estado.<\/p>\n<p style=\"font-weight: 400;\">A partir de agora, em vez das ondas amarela, verde, vermelha e roxa, o estado vai avaliar indicadores como m\u00e9dia m\u00f3vel de casos e ocupa\u00e7\u00e3o de leitos para estabelecer restri\u00e7\u00f5es pontuais em cada local, quando necess\u00e1rio.<\/p>\n<p><a href=\"https:\/\/ubanews.com\/site\/wp-content\/uploads\/2022\/06\/WhatsApp-Image-2022-03-15-at-15.24.49.jpeg\"><img decoding=\"async\" class=\"aligncenter size-full wp-image-21218 lazyload\" data-src=\"https:\/\/ubanews.com\/site\/wp-content\/uploads\/2022\/06\/WhatsApp-Image-2022-03-15-at-15.24.49.jpeg\" alt=\"\" width=\"1280\" height=\"1274\" data-srcset=\"https:\/\/ubanews.com\/site\/wp-content\/uploads\/2022\/06\/WhatsApp-Image-2022-03-15-at-15.24.49.jpeg 1280w, https:\/\/ubanews.com\/site\/wp-content\/uploads\/2022\/06\/WhatsApp-Image-2022-03-15-at-15.24.49-300x300.jpeg 300w, https:\/\/ubanews.com\/site\/wp-content\/uploads\/2022\/06\/WhatsApp-Image-2022-03-15-at-15.24.49-1024x1019.jpeg 1024w, https:\/\/ubanews.com\/site\/wp-content\/uploads\/2022\/06\/WhatsApp-Image-2022-03-15-at-15.24.49-150x150.jpeg 150w, https:\/\/ubanews.com\/site\/wp-content\/uploads\/2022\/06\/WhatsApp-Image-2022-03-15-at-15.24.49-768x764.jpeg 768w\" data-sizes=\"(max-width: 1280px) 100vw, 1280px\" src=\"data:image\/svg+xml;base64,PHN2ZyB3aWR0aD0iMSIgaGVpZ2h0PSIxIiB4bWxucz0iaHR0cDovL3d3dy53My5vcmcvMjAwMC9zdmciPjwvc3ZnPg==\" style=\"--smush-placeholder-width: 1280px; --smush-placeholder-aspect-ratio: 1280\/1274;\" \/><\/a><\/p>\n<p style=\"font-weight: 400;\">Assessoria de Comunica\u00e7\u00e3o Prefeitura de Ub\u00e1<\/p>\n","protected":false},"excerpt":{"rendered":"<p>Novo decreto foi publicado ap\u00f3s fim do Minas Consciente A<\/p>\n","protected":false},"author":2,"featured_media":21219,"comment_status":"open","ping_status":"open","sticky":false,"template":"","format":"standard","meta":{"footnotes":""},"categories":[1,3],"tags":[],"class_list":["post-21215","post","type-post","status-publish","format-standard","has-post-thumbnail","hentry","category-sem-categoria","category-slide"],"yoast_head":"<!-- This site is optimized with the Yoast SEO plugin v27.2 - https:\/\/yoast.com\/product\/yoast-seo-wordpress\/ -->\n<title>UB\u00c1 DISPENSA USO DE M\u00c1SCARAS EM LOCAIS ABERTOS - Ub\u00e1 News<\/title>\n<meta name=\"robots\" content=\"index, follow, max-snippet:-1, max-image-preview:large, max-video-preview:-1\" \/>\n<link rel=\"canonical\" href=\"https:\/\/ubanews.com\/site\/2022\/03\/15\/uba-dispensa-uso-de-mascaras-em-locais-abertos\/\" \/>\n<meta property=\"og:locale\" content=\"pt_BR\" \/>\n<meta property=\"og:type\" content=\"article\" \/>\n<meta property=\"og:title\" content=\"UB\u00c1 DISPENSA USO DE M\u00c1SCARAS EM LOCAIS ABERTOS - Ub\u00e1 News\" \/>\n<meta property=\"og:description\" content=\"Novo decreto foi publicado ap\u00f3s fim do Minas Consciente A\" \/>\n<meta property=\"og:url\" content=\"https:\/\/ubanews.com\/site\/2022\/03\/15\/uba-dispensa-uso-de-mascaras-em-locais-abertos\/\" \/>\n<meta property=\"og:site_name\" content=\"Ub\u00e1 News\" \/>\n<meta property=\"article:publisher\" content=\"https:\/\/www.facebook.com\/Ub%c3%a1News-Carlos-Roberto-Sodr%c3%a9-418778301977370\" \/>\n<meta property=\"article:author\" content=\"https:\/\/www.facebook.com\/carosroberto.sodre.5\/\" \/>\n<meta property=\"article:published_time\" content=\"2022-03-15T20:06:45+00:00\" \/>\n<meta property=\"article:modified_time\" content=\"2022-06-02T15:18:24+00:00\" \/>\n<meta property=\"og:image\" content=\"https:\/\/ubanews.com\/site\/wp-content\/uploads\/2022\/06\/hoje.jpg\" \/>\n\t<meta property=\"og:image:width\" content=\"1000\" \/>\n\t<meta property=\"og:image:height\" content=\"500\" \/>\n\t<meta property=\"og:image:type\" content=\"image\/jpeg\" \/>\n<meta name=\"author\" content=\"Sodr\u00e9\" \/>\n<meta name=\"twitter:card\" content=\"summary_large_image\" \/>\n<meta name=\"twitter:label1\" content=\"Escrito por\" \/>\n\t<meta name=\"twitter:data1\" content=\"Sodr\u00e9\" \/>\n\t<meta name=\"twitter:label2\" content=\"Est. tempo de leitura\" \/>\n\t<meta name=\"twitter:data2\" content=\"3 minutos\" \/>\n<script type=\"application\/ld+json\" class=\"yoast-schema-graph\">{\"@context\":\"https:\/\/schema.org\",\"@graph\":[{\"@type\":\"Article\",\"@id\":\"https:\/\/ubanews.com\/site\/2022\/03\/15\/uba-dispensa-uso-de-mascaras-em-locais-abertos\/#article\",\"isPartOf\":{\"@id\":\"https:\/\/ubanews.com\/site\/2022\/03\/15\/uba-dispensa-uso-de-mascaras-em-locais-abertos\/\"},\"author\":{\"name\":\"Sodr\u00e9\",\"@id\":\"https:\/\/ubanews.com\/site\/#\/schema\/person\/d90c9e47252fbb63dcc969fe4c8b9d10\"},\"headline\":\"UB\u00c1 DISPENSA USO DE M\u00c1SCARAS EM LOCAIS ABERTOS\",\"datePublished\":\"2022-03-15T20:06:45+00:00\",\"dateModified\":\"2022-06-02T15:18:24+00:00\",\"mainEntityOfPage\":{\"@id\":\"https:\/\/ubanews.com\/site\/2022\/03\/15\/uba-dispensa-uso-de-mascaras-em-locais-abertos\/\"},\"wordCount\":560,\"commentCount\":0,\"publisher\":{\"@id\":\"https:\/\/ubanews.com\/site\/#organization\"},\"image\":{\"@id\":\"https:\/\/ubanews.com\/site\/2022\/03\/15\/uba-dispensa-uso-de-mascaras-em-locais-abertos\/#primaryimage\"},\"thumbnailUrl\":\"https:\/\/ubanews.com\/site\/wp-content\/uploads\/2022\/06\/hoje.jpg\",\"articleSection\":[\"Geral\",\"Slide\"],\"inLanguage\":\"pt-BR\",\"potentialAction\":[{\"@type\":\"CommentAction\",\"name\":\"Comment\",\"target\":[\"https:\/\/ubanews.com\/site\/2022\/03\/15\/uba-dispensa-uso-de-mascaras-em-locais-abertos\/#respond\"]}]},{\"@type\":\"WebPage\",\"@id\":\"https:\/\/ubanews.com\/site\/2022\/03\/15\/uba-dispensa-uso-de-mascaras-em-locais-abertos\/\",\"url\":\"https:\/\/ubanews.com\/site\/2022\/03\/15\/uba-dispensa-uso-de-mascaras-em-locais-abertos\/\",\"name\":\"UB\u00c1 DISPENSA USO DE M\u00c1SCARAS EM LOCAIS ABERTOS - Ub\u00e1 News\",\"isPartOf\":{\"@id\":\"https:\/\/ubanews.com\/site\/#website\"},\"primaryImageOfPage\":{\"@id\":\"https:\/\/ubanews.com\/site\/2022\/03\/15\/uba-dispensa-uso-de-mascaras-em-locais-abertos\/#primaryimage\"},\"image\":{\"@id\":\"https:\/\/ubanews.com\/site\/2022\/03\/15\/uba-dispensa-uso-de-mascaras-em-locais-abertos\/#primaryimage\"},\"thumbnailUrl\":\"https:\/\/ubanews.com\/site\/wp-content\/uploads\/2022\/06\/hoje.jpg\",\"datePublished\":\"2022-03-15T20:06:45+00:00\",\"dateModified\":\"2022-06-02T15:18:24+00:00\",\"breadcrumb\":{\"@id\":\"https:\/\/ubanews.com\/site\/2022\/03\/15\/uba-dispensa-uso-de-mascaras-em-locais-abertos\/#breadcrumb\"},\"inLanguage\":\"pt-BR\",\"potentialAction\":[{\"@type\":\"ReadAction\",\"target\":[\"https:\/\/ubanews.com\/site\/2022\/03\/15\/uba-dispensa-uso-de-mascaras-em-locais-abertos\/\"]}]},{\"@type\":\"ImageObject\",\"inLanguage\":\"pt-BR\",\"@id\":\"https:\/\/ubanews.com\/site\/2022\/03\/15\/uba-dispensa-uso-de-mascaras-em-locais-abertos\/#primaryimage\",\"url\":\"https:\/\/ubanews.com\/site\/wp-content\/uploads\/2022\/06\/hoje.jpg\",\"contentUrl\":\"https:\/\/ubanews.com\/site\/wp-content\/uploads\/2022\/06\/hoje.jpg\",\"width\":1000,\"height\":500},{\"@type\":\"BreadcrumbList\",\"@id\":\"https:\/\/ubanews.com\/site\/2022\/03\/15\/uba-dispensa-uso-de-mascaras-em-locais-abertos\/#breadcrumb\",\"itemListElement\":[{\"@type\":\"ListItem\",\"position\":1,\"name\":\"Home\",\"item\":\"https:\/\/ubanews.com\/site\/\"},{\"@type\":\"ListItem\",\"position\":2,\"name\":\"UB\u00c1 DISPENSA USO DE M\u00c1SCARAS EM LOCAIS ABERTOS\"}]},{\"@type\":\"WebSite\",\"@id\":\"https:\/\/ubanews.com\/site\/#website\",\"url\":\"https:\/\/ubanews.com\/site\/\",\"name\":\"Ub\u00e1 News\",\"description\":\"\",\"publisher\":{\"@id\":\"https:\/\/ubanews.com\/site\/#organization\"},\"potentialAction\":[{\"@type\":\"SearchAction\",\"target\":{\"@type\":\"EntryPoint\",\"urlTemplate\":\"https:\/\/ubanews.com\/site\/?s={search_term_string}\"},\"query-input\":{\"@type\":\"PropertyValueSpecification\",\"valueRequired\":true,\"valueName\":\"search_term_string\"}}],\"inLanguage\":\"pt-BR\"},{\"@type\":\"Organization\",\"@id\":\"https:\/\/ubanews.com\/site\/#organization\",\"name\":\"Ub\u00e1 News\",\"url\":\"https:\/\/ubanews.com\/site\/\",\"logo\":{\"@type\":\"ImageObject\",\"inLanguage\":\"pt-BR\",\"@id\":\"https:\/\/ubanews.com\/site\/#\/schema\/logo\/image\/\",\"url\":\"https:\/\/ubanews.com\/site\/wp-content\/uploads\/2018\/01\/logoubanews.png\",\"contentUrl\":\"https:\/\/ubanews.com\/site\/wp-content\/uploads\/2018\/01\/logoubanews.png\",\"width\":261,\"height\":99,\"caption\":\"Ub\u00e1 News\"},\"image\":{\"@id\":\"https:\/\/ubanews.com\/site\/#\/schema\/logo\/image\/\"},\"sameAs\":[\"https:\/\/www.facebook.com\/Ub\u00e1News-Carlos-Roberto-Sodr\u00e9-418778301977370\"]},{\"@type\":\"Person\",\"@id\":\"https:\/\/ubanews.com\/site\/#\/schema\/person\/d90c9e47252fbb63dcc969fe4c8b9d10\",\"name\":\"Sodr\u00e9\",\"image\":{\"@type\":\"ImageObject\",\"inLanguage\":\"pt-BR\",\"@id\":\"https:\/\/secure.gravatar.com\/avatar\/5ba2793f0590b9dbfad3fdec4ee714485b3eef211c9b32ee53d414060454a56c?s=96&d=mm&r=g\",\"url\":\"https:\/\/secure.gravatar.com\/avatar\/5ba2793f0590b9dbfad3fdec4ee714485b3eef211c9b32ee53d414060454a56c?s=96&d=mm&r=g\",\"contentUrl\":\"https:\/\/secure.gravatar.com\/avatar\/5ba2793f0590b9dbfad3fdec4ee714485b3eef211c9b32ee53d414060454a56c?s=96&d=mm&r=g\",\"caption\":\"Sodr\u00e9\"},\"sameAs\":[\"https:\/\/www.facebook.com\/carosroberto.sodre.5\/\"],\"url\":\"https:\/\/ubanews.com\/site\/author\/felipe\/\"}]}<\/script>\n<!-- \/ Yoast SEO plugin. -->","yoast_head_json":{"title":"UB\u00c1 DISPENSA USO DE M\u00c1SCARAS EM LOCAIS ABERTOS - Ub\u00e1 News","robots":{"index":"index","follow":"follow","max-snippet":"max-snippet:-1","max-image-preview":"max-image-preview:large","max-video-preview":"max-video-preview:-1"},"canonical":"https:\/\/ubanews.com\/site\/2022\/03\/15\/uba-dispensa-uso-de-mascaras-em-locais-abertos\/","og_locale":"pt_BR","og_type":"article","og_title":"UB\u00c1 DISPENSA USO DE M\u00c1SCARAS EM LOCAIS ABERTOS - Ub\u00e1 News","og_description":"Novo decreto foi publicado ap\u00f3s fim do Minas Consciente A","og_url":"https:\/\/ubanews.com\/site\/2022\/03\/15\/uba-dispensa-uso-de-mascaras-em-locais-abertos\/","og_site_name":"Ub\u00e1 News","article_publisher":"https:\/\/www.facebook.com\/Ub%c3%a1News-Carlos-Roberto-Sodr%c3%a9-418778301977370","article_author":"https:\/\/www.facebook.com\/carosroberto.sodre.5\/","article_published_time":"2022-03-15T20:06:45+00:00","article_modified_time":"2022-06-02T15:18:24+00:00","og_image":[{"width":1000,"height":500,"url":"https:\/\/ubanews.com\/site\/wp-content\/uploads\/2022\/06\/hoje.jpg","type":"image\/jpeg"}],"author":"Sodr\u00e9","twitter_card":"summary_large_image","twitter_misc":{"Escrito por":"Sodr\u00e9","Est. tempo de leitura":"3 minutos"},"schema":{"@context":"https:\/\/schema.org","@graph":[{"@type":"Article","@id":"https:\/\/ubanews.com\/site\/2022\/03\/15\/uba-dispensa-uso-de-mascaras-em-locais-abertos\/#article","isPartOf":{"@id":"https:\/\/ubanews.com\/site\/2022\/03\/15\/uba-dispensa-uso-de-mascaras-em-locais-abertos\/"},"author":{"name":"Sodr\u00e9","@id":"https:\/\/ubanews.com\/site\/#\/schema\/person\/d90c9e47252fbb63dcc969fe4c8b9d10"},"headline":"UB\u00c1 DISPENSA USO DE M\u00c1SCARAS EM LOCAIS ABERTOS","datePublished":"2022-03-15T20:06:45+00:00","dateModified":"2022-06-02T15:18:24+00:00","mainEntityOfPage":{"@id":"https:\/\/ubanews.com\/site\/2022\/03\/15\/uba-dispensa-uso-de-mascaras-em-locais-abertos\/"},"wordCount":560,"commentCount":0,"publisher":{"@id":"https:\/\/ubanews.com\/site\/#organization"},"image":{"@id":"https:\/\/ubanews.com\/site\/2022\/03\/15\/uba-dispensa-uso-de-mascaras-em-locais-abertos\/#primaryimage"},"thumbnailUrl":"https:\/\/ubanews.com\/site\/wp-content\/uploads\/2022\/06\/hoje.jpg","articleSection":["Geral","Slide"],"inLanguage":"pt-BR","potentialAction":[{"@type":"CommentAction","name":"Comment","target":["https:\/\/ubanews.com\/site\/2022\/03\/15\/uba-dispensa-uso-de-mascaras-em-locais-abertos\/#respond"]}]},{"@type":"WebPage","@id":"https:\/\/ubanews.com\/site\/2022\/03\/15\/uba-dispensa-uso-de-mascaras-em-locais-abertos\/","url":"https:\/\/ubanews.com\/site\/2022\/03\/15\/uba-dispensa-uso-de-mascaras-em-locais-abertos\/","name":"UB\u00c1 DISPENSA USO DE M\u00c1SCARAS EM LOCAIS ABERTOS - Ub\u00e1 News","isPartOf":{"@id":"https:\/\/ubanews.com\/site\/#website"},"primaryImageOfPage":{"@id":"https:\/\/ubanews.com\/site\/2022\/03\/15\/uba-dispensa-uso-de-mascaras-em-locais-abertos\/#primaryimage"},"image":{"@id":"https:\/\/ubanews.com\/site\/2022\/03\/15\/uba-dispensa-uso-de-mascaras-em-locais-abertos\/#primaryimage"},"thumbnailUrl":"https:\/\/ubanews.com\/site\/wp-content\/uploads\/2022\/06\/hoje.jpg","datePublished":"2022-03-15T20:06:45+00:00","dateModified":"2022-06-02T15:18:24+00:00","breadcrumb":{"@id":"https:\/\/ubanews.com\/site\/2022\/03\/15\/uba-dispensa-uso-de-mascaras-em-locais-abertos\/#breadcrumb"},"inLanguage":"pt-BR","potentialAction":[{"@type":"ReadAction","target":["https:\/\/ubanews.com\/site\/2022\/03\/15\/uba-dispensa-uso-de-mascaras-em-locais-abertos\/"]}]},{"@type":"ImageObject","inLanguage":"pt-BR","@id":"https:\/\/ubanews.com\/site\/2022\/03\/15\/uba-dispensa-uso-de-mascaras-em-locais-abertos\/#primaryimage","url":"https:\/\/ubanews.com\/site\/wp-content\/uploads\/2022\/06\/hoje.jpg","contentUrl":"https:\/\/ubanews.com\/site\/wp-content\/uploads\/2022\/06\/hoje.jpg","width":1000,"height":500},{"@type":"BreadcrumbList","@id":"https:\/\/ubanews.com\/site\/2022\/03\/15\/uba-dispensa-uso-de-mascaras-em-locais-abertos\/#breadcrumb","itemListElement":[{"@type":"ListItem","position":1,"name":"Home","item":"https:\/\/ubanews.com\/site\/"},{"@type":"ListItem","position":2,"name":"UB\u00c1 DISPENSA USO DE M\u00c1SCARAS EM LOCAIS ABERTOS"}]},{"@type":"WebSite","@id":"https:\/\/ubanews.com\/site\/#website","url":"https:\/\/ubanews.com\/site\/","name":"Ub\u00e1 News","description":"","publisher":{"@id":"https:\/\/ubanews.com\/site\/#organization"},"potentialAction":[{"@type":"SearchAction","target":{"@type":"EntryPoint","urlTemplate":"https:\/\/ubanews.com\/site\/?s={search_term_string}"},"query-input":{"@type":"PropertyValueSpecification","valueRequired":true,"valueName":"search_term_string"}}],"inLanguage":"pt-BR"},{"@type":"Organization","@id":"https:\/\/ubanews.com\/site\/#organization","name":"Ub\u00e1 News","url":"https:\/\/ubanews.com\/site\/","logo":{"@type":"ImageObject","inLanguage":"pt-BR","@id":"https:\/\/ubanews.com\/site\/#\/schema\/logo\/image\/","url":"https:\/\/ubanews.com\/site\/wp-content\/uploads\/2018\/01\/logoubanews.png","contentUrl":"https:\/\/ubanews.com\/site\/wp-content\/uploads\/2018\/01\/logoubanews.png","width":261,"height":99,"caption":"Ub\u00e1 News"},"image":{"@id":"https:\/\/ubanews.com\/site\/#\/schema\/logo\/image\/"},"sameAs":["https:\/\/www.facebook.com\/Ub\u00e1News-Carlos-Roberto-Sodr\u00e9-418778301977370"]},{"@type":"Person","@id":"https:\/\/ubanews.com\/site\/#\/schema\/person\/d90c9e47252fbb63dcc969fe4c8b9d10","name":"Sodr\u00e9","image":{"@type":"ImageObject","inLanguage":"pt-BR","@id":"https:\/\/secure.gravatar.com\/avatar\/5ba2793f0590b9dbfad3fdec4ee714485b3eef211c9b32ee53d414060454a56c?s=96&d=mm&r=g","url":"https:\/\/secure.gravatar.com\/avatar\/5ba2793f0590b9dbfad3fdec4ee714485b3eef211c9b32ee53d414060454a56c?s=96&d=mm&r=g","contentUrl":"https:\/\/secure.gravatar.com\/avatar\/5ba2793f0590b9dbfad3fdec4ee714485b3eef211c9b32ee53d414060454a56c?s=96&d=mm&r=g","caption":"Sodr\u00e9"},"sameAs":["https:\/\/www.facebook.com\/carosroberto.sodre.5\/"],"url":"https:\/\/ubanews.com\/site\/author\/felipe\/"}]}},"_links":{"self":[{"href":"https:\/\/ubanews.com\/site\/wp-json\/wp\/v2\/posts\/21215","targetHints":{"allow":["GET"]}}],"collection":[{"href":"https:\/\/ubanews.com\/site\/wp-json\/wp\/v2\/posts"}],"about":[{"href":"https:\/\/ubanews.com\/site\/wp-json\/wp\/v2\/types\/post"}],"author":[{"embeddable":true,"href":"https:\/\/ubanews.com\/site\/wp-json\/wp\/v2\/users\/2"}],"replies":[{"embeddable":true,"href":"https:\/\/ubanews.com\/site\/wp-json\/wp\/v2\/comments?post=21215"}],"version-history":[{"count":0,"href":"https:\/\/ubanews.com\/site\/wp-json\/wp\/v2\/posts\/21215\/revisions"}],"wp:featuredmedia":[{"embeddable":true,"href":"https:\/\/ubanews.com\/site\/wp-json\/wp\/v2\/media\/21219"}],"wp:attachment":[{"href":"https:\/\/ubanews.com\/site\/wp-json\/wp\/v2\/media?parent=21215"}],"wp:term":[{"taxonomy":"category","embeddable":true,"href":"https:\/\/ubanews.com\/site\/wp-json\/wp\/v2\/categories?post=21215"},{"taxonomy":"post_tag","embeddable":true,"href":"https:\/\/ubanews.com\/site\/wp-json\/wp\/v2\/tags?post=21215"}],"curies":[{"name":"wp","href":"https:\/\/api.w.org\/{rel}","templated":true}]}}