{"id":21210,"date":"2022-06-01T12:08:49","date_gmt":"2022-06-01T15:08:49","guid":{"rendered":"http:\/\/ubanews.com\/site\/?p=21210"},"modified":"2022-06-02T11:23:10","modified_gmt":"2022-06-02T14:23:10","slug":"pcmg-prende-suspeito-por-roubo-e-recupera-joias-em-vicosa","status":"publish","type":"post","link":"https:\/\/ubanews.com\/site\/2022\/06\/01\/pcmg-prende-suspeito-por-roubo-e-recupera-joias-em-vicosa\/","title":{"rendered":"PCMG PRENDE SUSPEITO POR ROUBO E RECUPERA JOIAS EM VI\u00c7OSA"},"content":{"rendered":"<p><em>Desdobramento da a\u00e7\u00e3o resultou na pris\u00e3o de outro investigado por tr\u00e1fico. Um adolescente e drogas tamb\u00e9m foram apreendidos.<\/em><\/p>\n<p>A Pol\u00edcia Civil de Minas Gerais (PCMG) prendeu em flagrante, nessa ter\u00e7a-feira (31\/5), um jovem, de 22 anos, suspeito de ter cometido o crime de roubo, ocorrido no dia anterior (30\/5), em uma joalheria localizada na \u00e1rea central do munic\u00edpio de Vi\u00e7osa, na Zona da Mata mineira.&nbsp;<\/p>\n<p>Por meio de ininterruptos levantamentos, a equipe da Delegacia de Furtos e Roubos da 5\u00aa Delegacia Regional em Vi\u00e7osa, pertencente ao 4\u00ba Departamento da PCMG, conseguiu identificar e prender um dos suspeitos respons\u00e1veis pelo crime, recuperando tamb\u00e9m parte das joias que haviam sido roubadas.&nbsp;<\/p>\n<p>Ap\u00f3s a formaliza\u00e7\u00e3o do flagrante, o suspeito foi encaminhado ao sistema prisional, onde permanece \u00e0 disposi\u00e7\u00e3o da Justi\u00e7a. Outro investigado por participa\u00e7\u00e3o no roubo est\u00e1 foragido, mas os trabalhos investigativos prosseguem visando capturar o suspeito.<\/p>\n<p><strong>Desdobramentos da a\u00e7\u00e3o<\/strong><\/p>\n<p>Ainda na mesma a\u00e7\u00e3o, os policiais civis tamb\u00e9m abordaram outro indiv\u00edduo, de 19 anos, e um adolescente, de 17, com 38 de pinos de coca\u00edna, por\u00e7\u00e3o de maconha, buchas e material para fabrica\u00e7\u00e3o de &#8216;lol\u00f3&#8217;. Tamb\u00e9m foram apreendidos 100 pinos vazios utilizados para armazenamento de coca\u00edna, al\u00e9m de balan\u00e7a de precis\u00e3o, m\u00e1quina de cart\u00e3o de cr\u00e9dito, entre outros materiais.&nbsp;<\/p>\n<p>O jovem de 19 anos tamb\u00e9m foi encaminhado ao sistema prisional, onde permanece \u00e0 disposi\u00e7\u00e3o da Justi\u00e7a. Ap\u00f3s a realiza\u00e7\u00e3o das medidas legais, o adolescente foi entregue ao respons\u00e1vel.<\/p>\n<div>\n<div>Assessoria de Comunica\u00e7\u00e3o PCMG<\/div>\n<\/div>\n","protected":false},"excerpt":{"rendered":"<p>Desdobramento da a\u00e7\u00e3o resultou na pris\u00e3o de outro investigado por<\/p>\n","protected":false},"author":2,"featured_media":21212,"comment_status":"open","ping_status":"open","sticky":false,"template":"","format":"standard","meta":{"footnotes":""},"categories":[1],"tags":[],"class_list":["post-21210","post","type-post","status-publish","format-standard","has-post-thumbnail","hentry","category-sem-categoria"],"yoast_head":"<!-- This site is optimized with the Yoast SEO plugin v27.2 - https:\/\/yoast.com\/product\/yoast-seo-wordpress\/ -->\n<title>PCMG PRENDE SUSPEITO POR ROUBO E RECUPERA JOIAS EM VI\u00c7OSA - Ub\u00e1 News<\/title>\n<meta name=\"robots\" content=\"index, follow, max-snippet:-1, max-image-preview:large, max-video-preview:-1\" \/>\n<link rel=\"canonical\" href=\"https:\/\/ubanews.com\/site\/2022\/06\/01\/pcmg-prende-suspeito-por-roubo-e-recupera-joias-em-vicosa\/\" \/>\n<meta property=\"og:locale\" content=\"pt_BR\" \/>\n<meta property=\"og:type\" content=\"article\" \/>\n<meta property=\"og:title\" content=\"PCMG PRENDE SUSPEITO POR ROUBO E RECUPERA JOIAS EM VI\u00c7OSA - Ub\u00e1 News\" \/>\n<meta property=\"og:description\" content=\"Desdobramento da a\u00e7\u00e3o resultou na pris\u00e3o de outro investigado por\" \/>\n<meta property=\"og:url\" content=\"https:\/\/ubanews.com\/site\/2022\/06\/01\/pcmg-prende-suspeito-por-roubo-e-recupera-joias-em-vicosa\/\" \/>\n<meta property=\"og:site_name\" content=\"Ub\u00e1 News\" \/>\n<meta property=\"article:publisher\" content=\"https:\/\/www.facebook.com\/Ub%c3%a1News-Carlos-Roberto-Sodr%c3%a9-418778301977370\" \/>\n<meta property=\"article:author\" content=\"https:\/\/www.facebook.com\/carosroberto.sodre.5\/\" \/>\n<meta property=\"article:published_time\" content=\"2022-06-01T15:08:49+00:00\" \/>\n<meta property=\"article:modified_time\" content=\"2022-06-02T14:23:10+00:00\" \/>\n<meta property=\"og:image\" content=\"https:\/\/ubanews.com\/site\/wp-content\/uploads\/2022\/06\/02-06.jpeg\" \/>\n\t<meta property=\"og:image:width\" content=\"1000\" \/>\n\t<meta property=\"og:image:height\" content=\"500\" \/>\n\t<meta property=\"og:image:type\" content=\"image\/jpeg\" \/>\n<meta name=\"author\" content=\"Sodr\u00e9\" \/>\n<meta name=\"twitter:card\" content=\"summary_large_image\" \/>\n<meta name=\"twitter:label1\" content=\"Escrito por\" \/>\n\t<meta name=\"twitter:data1\" content=\"Sodr\u00e9\" \/>\n\t<meta name=\"twitter:label2\" content=\"Est. tempo de leitura\" \/>\n\t<meta name=\"twitter:data2\" content=\"2 minutos\" \/>\n<script type=\"application\/ld+json\" class=\"yoast-schema-graph\">{\"@context\":\"https:\/\/schema.org\",\"@graph\":[{\"@type\":\"Article\",\"@id\":\"https:\/\/ubanews.com\/site\/2022\/06\/01\/pcmg-prende-suspeito-por-roubo-e-recupera-joias-em-vicosa\/#article\",\"isPartOf\":{\"@id\":\"https:\/\/ubanews.com\/site\/2022\/06\/01\/pcmg-prende-suspeito-por-roubo-e-recupera-joias-em-vicosa\/\"},\"author\":{\"name\":\"Sodr\u00e9\",\"@id\":\"https:\/\/ubanews.com\/site\/#\/schema\/person\/d90c9e47252fbb63dcc969fe4c8b9d10\"},\"headline\":\"PCMG PRENDE SUSPEITO POR ROUBO E RECUPERA JOIAS EM VI\u00c7OSA\",\"datePublished\":\"2022-06-01T15:08:49+00:00\",\"dateModified\":\"2022-06-02T14:23:10+00:00\",\"mainEntityOfPage\":{\"@id\":\"https:\/\/ubanews.com\/site\/2022\/06\/01\/pcmg-prende-suspeito-por-roubo-e-recupera-joias-em-vicosa\/\"},\"wordCount\":279,\"commentCount\":0,\"publisher\":{\"@id\":\"https:\/\/ubanews.com\/site\/#organization\"},\"image\":{\"@id\":\"https:\/\/ubanews.com\/site\/2022\/06\/01\/pcmg-prende-suspeito-por-roubo-e-recupera-joias-em-vicosa\/#primaryimage\"},\"thumbnailUrl\":\"https:\/\/ubanews.com\/site\/wp-content\/uploads\/2022\/06\/02-06.jpeg\",\"articleSection\":[\"Geral\"],\"inLanguage\":\"pt-BR\",\"potentialAction\":[{\"@type\":\"CommentAction\",\"name\":\"Comment\",\"target\":[\"https:\/\/ubanews.com\/site\/2022\/06\/01\/pcmg-prende-suspeito-por-roubo-e-recupera-joias-em-vicosa\/#respond\"]}]},{\"@type\":\"WebPage\",\"@id\":\"https:\/\/ubanews.com\/site\/2022\/06\/01\/pcmg-prende-suspeito-por-roubo-e-recupera-joias-em-vicosa\/\",\"url\":\"https:\/\/ubanews.com\/site\/2022\/06\/01\/pcmg-prende-suspeito-por-roubo-e-recupera-joias-em-vicosa\/\",\"name\":\"PCMG PRENDE SUSPEITO POR ROUBO E RECUPERA JOIAS EM VI\u00c7OSA - Ub\u00e1 News\",\"isPartOf\":{\"@id\":\"https:\/\/ubanews.com\/site\/#website\"},\"primaryImageOfPage\":{\"@id\":\"https:\/\/ubanews.com\/site\/2022\/06\/01\/pcmg-prende-suspeito-por-roubo-e-recupera-joias-em-vicosa\/#primaryimage\"},\"image\":{\"@id\":\"https:\/\/ubanews.com\/site\/2022\/06\/01\/pcmg-prende-suspeito-por-roubo-e-recupera-joias-em-vicosa\/#primaryimage\"},\"thumbnailUrl\":\"https:\/\/ubanews.com\/site\/wp-content\/uploads\/2022\/06\/02-06.jpeg\",\"datePublished\":\"2022-06-01T15:08:49+00:00\",\"dateModified\":\"2022-06-02T14:23:10+00:00\",\"breadcrumb\":{\"@id\":\"https:\/\/ubanews.com\/site\/2022\/06\/01\/pcmg-prende-suspeito-por-roubo-e-recupera-joias-em-vicosa\/#breadcrumb\"},\"inLanguage\":\"pt-BR\",\"potentialAction\":[{\"@type\":\"ReadAction\",\"target\":[\"https:\/\/ubanews.com\/site\/2022\/06\/01\/pcmg-prende-suspeito-por-roubo-e-recupera-joias-em-vicosa\/\"]}]},{\"@type\":\"ImageObject\",\"inLanguage\":\"pt-BR\",\"@id\":\"https:\/\/ubanews.com\/site\/2022\/06\/01\/pcmg-prende-suspeito-por-roubo-e-recupera-joias-em-vicosa\/#primaryimage\",\"url\":\"https:\/\/ubanews.com\/site\/wp-content\/uploads\/2022\/06\/02-06.jpeg\",\"contentUrl\":\"https:\/\/ubanews.com\/site\/wp-content\/uploads\/2022\/06\/02-06.jpeg\",\"width\":1000,\"height\":500},{\"@type\":\"BreadcrumbList\",\"@id\":\"https:\/\/ubanews.com\/site\/2022\/06\/01\/pcmg-prende-suspeito-por-roubo-e-recupera-joias-em-vicosa\/#breadcrumb\",\"itemListElement\":[{\"@type\":\"ListItem\",\"position\":1,\"name\":\"Home\",\"item\":\"https:\/\/ubanews.com\/site\/\"},{\"@type\":\"ListItem\",\"position\":2,\"name\":\"PCMG PRENDE SUSPEITO POR ROUBO E RECUPERA JOIAS EM VI\u00c7OSA\"}]},{\"@type\":\"WebSite\",\"@id\":\"https:\/\/ubanews.com\/site\/#website\",\"url\":\"https:\/\/ubanews.com\/site\/\",\"name\":\"Ub\u00e1 News\",\"description\":\"\",\"publisher\":{\"@id\":\"https:\/\/ubanews.com\/site\/#organization\"},\"potentialAction\":[{\"@type\":\"SearchAction\",\"target\":{\"@type\":\"EntryPoint\",\"urlTemplate\":\"https:\/\/ubanews.com\/site\/?s={search_term_string}\"},\"query-input\":{\"@type\":\"PropertyValueSpecification\",\"valueRequired\":true,\"valueName\":\"search_term_string\"}}],\"inLanguage\":\"pt-BR\"},{\"@type\":\"Organization\",\"@id\":\"https:\/\/ubanews.com\/site\/#organization\",\"name\":\"Ub\u00e1 News\",\"url\":\"https:\/\/ubanews.com\/site\/\",\"logo\":{\"@type\":\"ImageObject\",\"inLanguage\":\"pt-BR\",\"@id\":\"https:\/\/ubanews.com\/site\/#\/schema\/logo\/image\/\",\"url\":\"https:\/\/ubanews.com\/site\/wp-content\/uploads\/2018\/01\/logoubanews.png\",\"contentUrl\":\"https:\/\/ubanews.com\/site\/wp-content\/uploads\/2018\/01\/logoubanews.png\",\"width\":261,\"height\":99,\"caption\":\"Ub\u00e1 News\"},\"image\":{\"@id\":\"https:\/\/ubanews.com\/site\/#\/schema\/logo\/image\/\"},\"sameAs\":[\"https:\/\/www.facebook.com\/Ub\u00e1News-Carlos-Roberto-Sodr\u00e9-418778301977370\"]},{\"@type\":\"Person\",\"@id\":\"https:\/\/ubanews.com\/site\/#\/schema\/person\/d90c9e47252fbb63dcc969fe4c8b9d10\",\"name\":\"Sodr\u00e9\",\"image\":{\"@type\":\"ImageObject\",\"inLanguage\":\"pt-BR\",\"@id\":\"https:\/\/secure.gravatar.com\/avatar\/5ba2793f0590b9dbfad3fdec4ee714485b3eef211c9b32ee53d414060454a56c?s=96&d=mm&r=g\",\"url\":\"https:\/\/secure.gravatar.com\/avatar\/5ba2793f0590b9dbfad3fdec4ee714485b3eef211c9b32ee53d414060454a56c?s=96&d=mm&r=g\",\"contentUrl\":\"https:\/\/secure.gravatar.com\/avatar\/5ba2793f0590b9dbfad3fdec4ee714485b3eef211c9b32ee53d414060454a56c?s=96&d=mm&r=g\",\"caption\":\"Sodr\u00e9\"},\"sameAs\":[\"https:\/\/www.facebook.com\/carosroberto.sodre.5\/\"],\"url\":\"https:\/\/ubanews.com\/site\/author\/felipe\/\"}]}<\/script>\n<!-- \/ Yoast SEO plugin. -->","yoast_head_json":{"title":"PCMG PRENDE SUSPEITO POR ROUBO E RECUPERA JOIAS EM VI\u00c7OSA - Ub\u00e1 News","robots":{"index":"index","follow":"follow","max-snippet":"max-snippet:-1","max-image-preview":"max-image-preview:large","max-video-preview":"max-video-preview:-1"},"canonical":"https:\/\/ubanews.com\/site\/2022\/06\/01\/pcmg-prende-suspeito-por-roubo-e-recupera-joias-em-vicosa\/","og_locale":"pt_BR","og_type":"article","og_title":"PCMG PRENDE SUSPEITO POR ROUBO E RECUPERA JOIAS EM VI\u00c7OSA - Ub\u00e1 News","og_description":"Desdobramento da a\u00e7\u00e3o resultou na pris\u00e3o de outro investigado por","og_url":"https:\/\/ubanews.com\/site\/2022\/06\/01\/pcmg-prende-suspeito-por-roubo-e-recupera-joias-em-vicosa\/","og_site_name":"Ub\u00e1 News","article_publisher":"https:\/\/www.facebook.com\/Ub%c3%a1News-Carlos-Roberto-Sodr%c3%a9-418778301977370","article_author":"https:\/\/www.facebook.com\/carosroberto.sodre.5\/","article_published_time":"2022-06-01T15:08:49+00:00","article_modified_time":"2022-06-02T14:23:10+00:00","og_image":[{"width":1000,"height":500,"url":"https:\/\/ubanews.com\/site\/wp-content\/uploads\/2022\/06\/02-06.jpeg","type":"image\/jpeg"}],"author":"Sodr\u00e9","twitter_card":"summary_large_image","twitter_misc":{"Escrito por":"Sodr\u00e9","Est. tempo de leitura":"2 minutos"},"schema":{"@context":"https:\/\/schema.org","@graph":[{"@type":"Article","@id":"https:\/\/ubanews.com\/site\/2022\/06\/01\/pcmg-prende-suspeito-por-roubo-e-recupera-joias-em-vicosa\/#article","isPartOf":{"@id":"https:\/\/ubanews.com\/site\/2022\/06\/01\/pcmg-prende-suspeito-por-roubo-e-recupera-joias-em-vicosa\/"},"author":{"name":"Sodr\u00e9","@id":"https:\/\/ubanews.com\/site\/#\/schema\/person\/d90c9e47252fbb63dcc969fe4c8b9d10"},"headline":"PCMG PRENDE SUSPEITO POR ROUBO E RECUPERA JOIAS EM VI\u00c7OSA","datePublished":"2022-06-01T15:08:49+00:00","dateModified":"2022-06-02T14:23:10+00:00","mainEntityOfPage":{"@id":"https:\/\/ubanews.com\/site\/2022\/06\/01\/pcmg-prende-suspeito-por-roubo-e-recupera-joias-em-vicosa\/"},"wordCount":279,"commentCount":0,"publisher":{"@id":"https:\/\/ubanews.com\/site\/#organization"},"image":{"@id":"https:\/\/ubanews.com\/site\/2022\/06\/01\/pcmg-prende-suspeito-por-roubo-e-recupera-joias-em-vicosa\/#primaryimage"},"thumbnailUrl":"https:\/\/ubanews.com\/site\/wp-content\/uploads\/2022\/06\/02-06.jpeg","articleSection":["Geral"],"inLanguage":"pt-BR","potentialAction":[{"@type":"CommentAction","name":"Comment","target":["https:\/\/ubanews.com\/site\/2022\/06\/01\/pcmg-prende-suspeito-por-roubo-e-recupera-joias-em-vicosa\/#respond"]}]},{"@type":"WebPage","@id":"https:\/\/ubanews.com\/site\/2022\/06\/01\/pcmg-prende-suspeito-por-roubo-e-recupera-joias-em-vicosa\/","url":"https:\/\/ubanews.com\/site\/2022\/06\/01\/pcmg-prende-suspeito-por-roubo-e-recupera-joias-em-vicosa\/","name":"PCMG PRENDE SUSPEITO POR ROUBO E RECUPERA JOIAS EM VI\u00c7OSA - Ub\u00e1 News","isPartOf":{"@id":"https:\/\/ubanews.com\/site\/#website"},"primaryImageOfPage":{"@id":"https:\/\/ubanews.com\/site\/2022\/06\/01\/pcmg-prende-suspeito-por-roubo-e-recupera-joias-em-vicosa\/#primaryimage"},"image":{"@id":"https:\/\/ubanews.com\/site\/2022\/06\/01\/pcmg-prende-suspeito-por-roubo-e-recupera-joias-em-vicosa\/#primaryimage"},"thumbnailUrl":"https:\/\/ubanews.com\/site\/wp-content\/uploads\/2022\/06\/02-06.jpeg","datePublished":"2022-06-01T15:08:49+00:00","dateModified":"2022-06-02T14:23:10+00:00","breadcrumb":{"@id":"https:\/\/ubanews.com\/site\/2022\/06\/01\/pcmg-prende-suspeito-por-roubo-e-recupera-joias-em-vicosa\/#breadcrumb"},"inLanguage":"pt-BR","potentialAction":[{"@type":"ReadAction","target":["https:\/\/ubanews.com\/site\/2022\/06\/01\/pcmg-prende-suspeito-por-roubo-e-recupera-joias-em-vicosa\/"]}]},{"@type":"ImageObject","inLanguage":"pt-BR","@id":"https:\/\/ubanews.com\/site\/2022\/06\/01\/pcmg-prende-suspeito-por-roubo-e-recupera-joias-em-vicosa\/#primaryimage","url":"https:\/\/ubanews.com\/site\/wp-content\/uploads\/2022\/06\/02-06.jpeg","contentUrl":"https:\/\/ubanews.com\/site\/wp-content\/uploads\/2022\/06\/02-06.jpeg","width":1000,"height":500},{"@type":"BreadcrumbList","@id":"https:\/\/ubanews.com\/site\/2022\/06\/01\/pcmg-prende-suspeito-por-roubo-e-recupera-joias-em-vicosa\/#breadcrumb","itemListElement":[{"@type":"ListItem","position":1,"name":"Home","item":"https:\/\/ubanews.com\/site\/"},{"@type":"ListItem","position":2,"name":"PCMG PRENDE SUSPEITO POR ROUBO E RECUPERA JOIAS EM VI\u00c7OSA"}]},{"@type":"WebSite","@id":"https:\/\/ubanews.com\/site\/#website","url":"https:\/\/ubanews.com\/site\/","name":"Ub\u00e1 News","description":"","publisher":{"@id":"https:\/\/ubanews.com\/site\/#organization"},"potentialAction":[{"@type":"SearchAction","target":{"@type":"EntryPoint","urlTemplate":"https:\/\/ubanews.com\/site\/?s={search_term_string}"},"query-input":{"@type":"PropertyValueSpecification","valueRequired":true,"valueName":"search_term_string"}}],"inLanguage":"pt-BR"},{"@type":"Organization","@id":"https:\/\/ubanews.com\/site\/#organization","name":"Ub\u00e1 News","url":"https:\/\/ubanews.com\/site\/","logo":{"@type":"ImageObject","inLanguage":"pt-BR","@id":"https:\/\/ubanews.com\/site\/#\/schema\/logo\/image\/","url":"https:\/\/ubanews.com\/site\/wp-content\/uploads\/2018\/01\/logoubanews.png","contentUrl":"https:\/\/ubanews.com\/site\/wp-content\/uploads\/2018\/01\/logoubanews.png","width":261,"height":99,"caption":"Ub\u00e1 News"},"image":{"@id":"https:\/\/ubanews.com\/site\/#\/schema\/logo\/image\/"},"sameAs":["https:\/\/www.facebook.com\/Ub\u00e1News-Carlos-Roberto-Sodr\u00e9-418778301977370"]},{"@type":"Person","@id":"https:\/\/ubanews.com\/site\/#\/schema\/person\/d90c9e47252fbb63dcc969fe4c8b9d10","name":"Sodr\u00e9","image":{"@type":"ImageObject","inLanguage":"pt-BR","@id":"https:\/\/secure.gravatar.com\/avatar\/5ba2793f0590b9dbfad3fdec4ee714485b3eef211c9b32ee53d414060454a56c?s=96&d=mm&r=g","url":"https:\/\/secure.gravatar.com\/avatar\/5ba2793f0590b9dbfad3fdec4ee714485b3eef211c9b32ee53d414060454a56c?s=96&d=mm&r=g","contentUrl":"https:\/\/secure.gravatar.com\/avatar\/5ba2793f0590b9dbfad3fdec4ee714485b3eef211c9b32ee53d414060454a56c?s=96&d=mm&r=g","caption":"Sodr\u00e9"},"sameAs":["https:\/\/www.facebook.com\/carosroberto.sodre.5\/"],"url":"https:\/\/ubanews.com\/site\/author\/felipe\/"}]}},"_links":{"self":[{"href":"https:\/\/ubanews.com\/site\/wp-json\/wp\/v2\/posts\/21210","targetHints":{"allow":["GET"]}}],"collection":[{"href":"https:\/\/ubanews.com\/site\/wp-json\/wp\/v2\/posts"}],"about":[{"href":"https:\/\/ubanews.com\/site\/wp-json\/wp\/v2\/types\/post"}],"author":[{"embeddable":true,"href":"https:\/\/ubanews.com\/site\/wp-json\/wp\/v2\/users\/2"}],"replies":[{"embeddable":true,"href":"https:\/\/ubanews.com\/site\/wp-json\/wp\/v2\/comments?post=21210"}],"version-history":[{"count":0,"href":"https:\/\/ubanews.com\/site\/wp-json\/wp\/v2\/posts\/21210\/revisions"}],"wp:featuredmedia":[{"embeddable":true,"href":"https:\/\/ubanews.com\/site\/wp-json\/wp\/v2\/media\/21212"}],"wp:attachment":[{"href":"https:\/\/ubanews.com\/site\/wp-json\/wp\/v2\/media?parent=21210"}],"wp:term":[{"taxonomy":"category","embeddable":true,"href":"https:\/\/ubanews.com\/site\/wp-json\/wp\/v2\/categories?post=21210"},{"taxonomy":"post_tag","embeddable":true,"href":"https:\/\/ubanews.com\/site\/wp-json\/wp\/v2\/tags?post=21210"}],"curies":[{"name":"wp","href":"https:\/\/api.w.org\/{rel}","templated":true}]}}