{"id":21205,"date":"2022-05-24T11:12:10","date_gmt":"2022-05-24T14:12:10","guid":{"rendered":"http:\/\/ubanews.com\/site\/?p=21205"},"modified":"2022-05-31T18:14:29","modified_gmt":"2022-05-31T21:14:29","slug":"pcmg-estoura-deposito-clandestino-de-medicamentos-em-uba","status":"publish","type":"post","link":"https:\/\/ubanews.com\/site\/2022\/05\/24\/pcmg-estoura-deposito-clandestino-de-medicamentos-em-uba\/","title":{"rendered":"PCMG ESTOURA DEP\u00d3SITO CLANDESTINO DE MEDICAMENTOS EM UB\u00c1"},"content":{"rendered":"<p>A Pol\u00edcia Civil de Minas Gerais (PCMG) deflagrou, na segunda-feira (23\/5), a opera\u00e7\u00e3o Drug Stored, visando combater a corrup\u00e7\u00e3o de produtos destinados a fins terap\u00eauticos e medicinais, como tamb\u00e9m o crime de estelionato, na cidade de Ub\u00e1, Zona da Mata mineira.<\/p>\n<p>Na ocasi\u00e3o, um dep\u00f3sito de medicamento clandestino foi identificado na \u00e1rea central da cidade. A a\u00e7\u00e3o contou com apoio de fiscais da Vigil\u00e2ncia Sanit\u00e1ria do munic\u00edpio e resultou na apreens\u00e3o de cerca de R$1,5 milh\u00e3o em produtos ilegais.<\/p>\n<p>&#8220;Nessa opera\u00e7\u00e3o, foram apreendidos diversos medicamentos de uso restrito \u2014 sem registro da Ag\u00eancia Nacional de Vigil\u00e2ncia Sanit\u00e1ria (Anvisa) \u2014 e de origem ignorada, com informa\u00e7\u00f5es de fabrica\u00e7\u00e3o em diversos pa\u00edses como Irlanda, \u00cdndia e R\u00fassia, sem nenhum registro no Brasil. Levantamentos preliminares revelam que os valores dos golpes aplicados e das mercadorias corrompidas podem ultrapassar R$ 1,5 milh\u00e3o&#8221;, explica o delegado Douglas Mota, respons\u00e1vel pela investiga\u00e7\u00e3o.<\/p>\n<p>Segundo ele, foram apreendidos 400 frascos de subst\u00e2ncia que tem valor de mercado unit\u00e1rio de R$ 1.350, al\u00e9m de outras subst\u00e2ncias sem registro na Anvisa e consideradas de alto custo. Al\u00e9m disso, foram apreendidas, aproximadamente, 400 mil luvas de l\u00e1tex, sendo a maioria sem registro nos \u00f3rg\u00e3os de controle.<\/p>\n<p><a href=\"https:\/\/ubanews.com\/site\/wp-content\/uploads\/2022\/05\/WhatsApp-Image-2022-05-23-at-22.51.23.jpeg\"><img decoding=\"async\" class=\"aligncenter size-full wp-image-21206 lazyload\" data-src=\"https:\/\/ubanews.com\/site\/wp-content\/uploads\/2022\/05\/WhatsApp-Image-2022-05-23-at-22.51.23.jpeg\" alt=\"\" width=\"960\" height=\"1280\" data-srcset=\"https:\/\/ubanews.com\/site\/wp-content\/uploads\/2022\/05\/WhatsApp-Image-2022-05-23-at-22.51.23.jpeg 960w, https:\/\/ubanews.com\/site\/wp-content\/uploads\/2022\/05\/WhatsApp-Image-2022-05-23-at-22.51.23-225x300.jpeg 225w, https:\/\/ubanews.com\/site\/wp-content\/uploads\/2022\/05\/WhatsApp-Image-2022-05-23-at-22.51.23-768x1024.jpeg 768w\" data-sizes=\"(max-width: 960px) 100vw, 960px\" src=\"data:image\/svg+xml;base64,PHN2ZyB3aWR0aD0iMSIgaGVpZ2h0PSIxIiB4bWxucz0iaHR0cDovL3d3dy53My5vcmcvMjAwMC9zdmciPjwvc3ZnPg==\" style=\"--smush-placeholder-width: 960px; --smush-placeholder-aspect-ratio: 960\/1280;\" \/><\/a> <a href=\"https:\/\/ubanews.com\/site\/wp-content\/uploads\/2022\/05\/WhatsApp-Image-2022-05-23-at-22.51.23.jpg\"><img decoding=\"async\" class=\"aligncenter size-full wp-image-21207 lazyload\" data-src=\"https:\/\/ubanews.com\/site\/wp-content\/uploads\/2022\/05\/WhatsApp-Image-2022-05-23-at-22.51.23.jpg\" alt=\"\" width=\"1280\" height=\"960\" data-srcset=\"https:\/\/ubanews.com\/site\/wp-content\/uploads\/2022\/05\/WhatsApp-Image-2022-05-23-at-22.51.23.jpg 1280w, https:\/\/ubanews.com\/site\/wp-content\/uploads\/2022\/05\/WhatsApp-Image-2022-05-23-at-22.51.23-300x225.jpg 300w, https:\/\/ubanews.com\/site\/wp-content\/uploads\/2022\/05\/WhatsApp-Image-2022-05-23-at-22.51.23-1024x768.jpg 1024w, https:\/\/ubanews.com\/site\/wp-content\/uploads\/2022\/05\/WhatsApp-Image-2022-05-23-at-22.51.23-768x576.jpg 768w\" data-sizes=\"(max-width: 1280px) 100vw, 1280px\" src=\"data:image\/svg+xml;base64,PHN2ZyB3aWR0aD0iMSIgaGVpZ2h0PSIxIiB4bWxucz0iaHR0cDovL3d3dy53My5vcmcvMjAwMC9zdmciPjwvc3ZnPg==\" style=\"--smush-placeholder-width: 1280px; --smush-placeholder-aspect-ratio: 1280\/960;\" \/><\/a><\/p>\n<p>Apura\u00e7\u00e3o<\/p>\n<p>De acordo com as investiga\u00e7\u00f5es, uma suposta organiza\u00e7\u00e3o criminosa \u2014 com atua\u00e7\u00e3o nos estados de Minas Gerais, S\u00e3o Paulo, Rio de Janeiro e Esp\u00edrito Santo \u2014 instalou-se na cidade, onde integrantes do grupo estariam utilizando uma empresa de fachada para aplicar estelionato em distribuidoras de medicamentos e de Equipamentos de Prote\u00e7\u00e3o Individual (EPIs) hospitalares.<\/p>\n<p>As apura\u00e7\u00f5es indicam, ainda, que eles realizavam o armazenamento e a distribui\u00e7\u00e3o de medicamentos de uso restrito de proced\u00eancia ignorada e sem registro na Anvisa.<\/p>\n<p>Conforme informa\u00e7\u00f5es do delegado, os investigados, pelas pr\u00e1ticas criminosas, est\u00e3o sujeitos \u00e0s penas que, se somadas, podem alcan\u00e7ar 31 anos de pris\u00e3o.<\/p>\n<p>As investiga\u00e7\u00f5es prosseguem pela Delegacia de Narc\u00f3ticos, unidade que integra a 2\u00aa Delegacia Regional de Pol\u00edcia Civil em Ub\u00e1, pertencente ao 4\u00ba Departamento da PCMG.<\/p>\n<p>Opera\u00e7\u00e3o Drug Stored: o nome da opera\u00e7\u00e3o, da L\u00edngua Inglesa, faz refer\u00eancia ao armazenamento de drogas.<\/p>\n","protected":false},"excerpt":{"rendered":"<p>A Pol\u00edcia Civil de Minas Gerais (PCMG) deflagrou, na segunda-feira<\/p>\n","protected":false},"author":2,"featured_media":21208,"comment_status":"open","ping_status":"open","sticky":false,"template":"","format":"standard","meta":{"footnotes":""},"categories":[1],"tags":[],"class_list":["post-21205","post","type-post","status-publish","format-standard","has-post-thumbnail","hentry","category-sem-categoria"],"yoast_head":"<!-- This site is optimized with the Yoast SEO plugin v27.2 - https:\/\/yoast.com\/product\/yoast-seo-wordpress\/ -->\n<title>PCMG ESTOURA DEP\u00d3SITO CLANDESTINO DE MEDICAMENTOS EM UB\u00c1 - Ub\u00e1 News<\/title>\n<meta name=\"robots\" content=\"index, follow, max-snippet:-1, max-image-preview:large, max-video-preview:-1\" \/>\n<link rel=\"canonical\" href=\"https:\/\/ubanews.com\/site\/2022\/05\/24\/pcmg-estoura-deposito-clandestino-de-medicamentos-em-uba\/\" \/>\n<meta property=\"og:locale\" content=\"pt_BR\" \/>\n<meta property=\"og:type\" content=\"article\" \/>\n<meta property=\"og:title\" content=\"PCMG ESTOURA DEP\u00d3SITO CLANDESTINO DE MEDICAMENTOS EM UB\u00c1 - Ub\u00e1 News\" \/>\n<meta property=\"og:description\" content=\"A Pol\u00edcia Civil de Minas Gerais (PCMG) deflagrou, na segunda-feira\" \/>\n<meta property=\"og:url\" content=\"https:\/\/ubanews.com\/site\/2022\/05\/24\/pcmg-estoura-deposito-clandestino-de-medicamentos-em-uba\/\" \/>\n<meta property=\"og:site_name\" content=\"Ub\u00e1 News\" \/>\n<meta property=\"article:publisher\" content=\"https:\/\/www.facebook.com\/Ub%c3%a1News-Carlos-Roberto-Sodr%c3%a9-418778301977370\" \/>\n<meta property=\"article:author\" content=\"https:\/\/www.facebook.com\/carosroberto.sodre.5\/\" \/>\n<meta property=\"article:published_time\" content=\"2022-05-24T14:12:10+00:00\" \/>\n<meta property=\"article:modified_time\" content=\"2022-05-31T21:14:29+00:00\" \/>\n<meta property=\"og:image\" content=\"https:\/\/ubanews.com\/site\/wp-content\/uploads\/2022\/05\/WhatsApp-Image-2022-05-23-at-22.51.22.jpg\" \/>\n\t<meta property=\"og:image:width\" content=\"1280\" \/>\n\t<meta property=\"og:image:height\" content=\"960\" \/>\n\t<meta property=\"og:image:type\" content=\"image\/jpeg\" \/>\n<meta name=\"author\" content=\"Sodr\u00e9\" \/>\n<meta name=\"twitter:card\" content=\"summary_large_image\" \/>\n<meta name=\"twitter:label1\" content=\"Escrito por\" \/>\n\t<meta name=\"twitter:data1\" content=\"Sodr\u00e9\" \/>\n\t<meta name=\"twitter:label2\" content=\"Est. tempo de leitura\" \/>\n\t<meta name=\"twitter:data2\" content=\"2 minutos\" \/>\n<script type=\"application\/ld+json\" class=\"yoast-schema-graph\">{\"@context\":\"https:\/\/schema.org\",\"@graph\":[{\"@type\":\"Article\",\"@id\":\"https:\/\/ubanews.com\/site\/2022\/05\/24\/pcmg-estoura-deposito-clandestino-de-medicamentos-em-uba\/#article\",\"isPartOf\":{\"@id\":\"https:\/\/ubanews.com\/site\/2022\/05\/24\/pcmg-estoura-deposito-clandestino-de-medicamentos-em-uba\/\"},\"author\":{\"name\":\"Sodr\u00e9\",\"@id\":\"https:\/\/ubanews.com\/site\/#\/schema\/person\/d90c9e47252fbb63dcc969fe4c8b9d10\"},\"headline\":\"PCMG ESTOURA DEP\u00d3SITO CLANDESTINO DE MEDICAMENTOS EM UB\u00c1\",\"datePublished\":\"2022-05-24T14:12:10+00:00\",\"dateModified\":\"2022-05-31T21:14:29+00:00\",\"mainEntityOfPage\":{\"@id\":\"https:\/\/ubanews.com\/site\/2022\/05\/24\/pcmg-estoura-deposito-clandestino-de-medicamentos-em-uba\/\"},\"wordCount\":388,\"commentCount\":0,\"publisher\":{\"@id\":\"https:\/\/ubanews.com\/site\/#organization\"},\"image\":{\"@id\":\"https:\/\/ubanews.com\/site\/2022\/05\/24\/pcmg-estoura-deposito-clandestino-de-medicamentos-em-uba\/#primaryimage\"},\"thumbnailUrl\":\"https:\/\/ubanews.com\/site\/wp-content\/uploads\/2022\/05\/WhatsApp-Image-2022-05-23-at-22.51.22.jpg\",\"articleSection\":[\"Geral\"],\"inLanguage\":\"pt-BR\",\"potentialAction\":[{\"@type\":\"CommentAction\",\"name\":\"Comment\",\"target\":[\"https:\/\/ubanews.com\/site\/2022\/05\/24\/pcmg-estoura-deposito-clandestino-de-medicamentos-em-uba\/#respond\"]}]},{\"@type\":\"WebPage\",\"@id\":\"https:\/\/ubanews.com\/site\/2022\/05\/24\/pcmg-estoura-deposito-clandestino-de-medicamentos-em-uba\/\",\"url\":\"https:\/\/ubanews.com\/site\/2022\/05\/24\/pcmg-estoura-deposito-clandestino-de-medicamentos-em-uba\/\",\"name\":\"PCMG ESTOURA DEP\u00d3SITO CLANDESTINO DE MEDICAMENTOS EM UB\u00c1 - Ub\u00e1 News\",\"isPartOf\":{\"@id\":\"https:\/\/ubanews.com\/site\/#website\"},\"primaryImageOfPage\":{\"@id\":\"https:\/\/ubanews.com\/site\/2022\/05\/24\/pcmg-estoura-deposito-clandestino-de-medicamentos-em-uba\/#primaryimage\"},\"image\":{\"@id\":\"https:\/\/ubanews.com\/site\/2022\/05\/24\/pcmg-estoura-deposito-clandestino-de-medicamentos-em-uba\/#primaryimage\"},\"thumbnailUrl\":\"https:\/\/ubanews.com\/site\/wp-content\/uploads\/2022\/05\/WhatsApp-Image-2022-05-23-at-22.51.22.jpg\",\"datePublished\":\"2022-05-24T14:12:10+00:00\",\"dateModified\":\"2022-05-31T21:14:29+00:00\",\"breadcrumb\":{\"@id\":\"https:\/\/ubanews.com\/site\/2022\/05\/24\/pcmg-estoura-deposito-clandestino-de-medicamentos-em-uba\/#breadcrumb\"},\"inLanguage\":\"pt-BR\",\"potentialAction\":[{\"@type\":\"ReadAction\",\"target\":[\"https:\/\/ubanews.com\/site\/2022\/05\/24\/pcmg-estoura-deposito-clandestino-de-medicamentos-em-uba\/\"]}]},{\"@type\":\"ImageObject\",\"inLanguage\":\"pt-BR\",\"@id\":\"https:\/\/ubanews.com\/site\/2022\/05\/24\/pcmg-estoura-deposito-clandestino-de-medicamentos-em-uba\/#primaryimage\",\"url\":\"https:\/\/ubanews.com\/site\/wp-content\/uploads\/2022\/05\/WhatsApp-Image-2022-05-23-at-22.51.22.jpg\",\"contentUrl\":\"https:\/\/ubanews.com\/site\/wp-content\/uploads\/2022\/05\/WhatsApp-Image-2022-05-23-at-22.51.22.jpg\",\"width\":1280,\"height\":960},{\"@type\":\"BreadcrumbList\",\"@id\":\"https:\/\/ubanews.com\/site\/2022\/05\/24\/pcmg-estoura-deposito-clandestino-de-medicamentos-em-uba\/#breadcrumb\",\"itemListElement\":[{\"@type\":\"ListItem\",\"position\":1,\"name\":\"Home\",\"item\":\"https:\/\/ubanews.com\/site\/\"},{\"@type\":\"ListItem\",\"position\":2,\"name\":\"PCMG ESTOURA DEP\u00d3SITO CLANDESTINO DE MEDICAMENTOS EM UB\u00c1\"}]},{\"@type\":\"WebSite\",\"@id\":\"https:\/\/ubanews.com\/site\/#website\",\"url\":\"https:\/\/ubanews.com\/site\/\",\"name\":\"Ub\u00e1 News\",\"description\":\"\",\"publisher\":{\"@id\":\"https:\/\/ubanews.com\/site\/#organization\"},\"potentialAction\":[{\"@type\":\"SearchAction\",\"target\":{\"@type\":\"EntryPoint\",\"urlTemplate\":\"https:\/\/ubanews.com\/site\/?s={search_term_string}\"},\"query-input\":{\"@type\":\"PropertyValueSpecification\",\"valueRequired\":true,\"valueName\":\"search_term_string\"}}],\"inLanguage\":\"pt-BR\"},{\"@type\":\"Organization\",\"@id\":\"https:\/\/ubanews.com\/site\/#organization\",\"name\":\"Ub\u00e1 News\",\"url\":\"https:\/\/ubanews.com\/site\/\",\"logo\":{\"@type\":\"ImageObject\",\"inLanguage\":\"pt-BR\",\"@id\":\"https:\/\/ubanews.com\/site\/#\/schema\/logo\/image\/\",\"url\":\"https:\/\/ubanews.com\/site\/wp-content\/uploads\/2018\/01\/logoubanews.png\",\"contentUrl\":\"https:\/\/ubanews.com\/site\/wp-content\/uploads\/2018\/01\/logoubanews.png\",\"width\":261,\"height\":99,\"caption\":\"Ub\u00e1 News\"},\"image\":{\"@id\":\"https:\/\/ubanews.com\/site\/#\/schema\/logo\/image\/\"},\"sameAs\":[\"https:\/\/www.facebook.com\/Ub\u00e1News-Carlos-Roberto-Sodr\u00e9-418778301977370\"]},{\"@type\":\"Person\",\"@id\":\"https:\/\/ubanews.com\/site\/#\/schema\/person\/d90c9e47252fbb63dcc969fe4c8b9d10\",\"name\":\"Sodr\u00e9\",\"image\":{\"@type\":\"ImageObject\",\"inLanguage\":\"pt-BR\",\"@id\":\"https:\/\/secure.gravatar.com\/avatar\/5ba2793f0590b9dbfad3fdec4ee714485b3eef211c9b32ee53d414060454a56c?s=96&d=mm&r=g\",\"url\":\"https:\/\/secure.gravatar.com\/avatar\/5ba2793f0590b9dbfad3fdec4ee714485b3eef211c9b32ee53d414060454a56c?s=96&d=mm&r=g\",\"contentUrl\":\"https:\/\/secure.gravatar.com\/avatar\/5ba2793f0590b9dbfad3fdec4ee714485b3eef211c9b32ee53d414060454a56c?s=96&d=mm&r=g\",\"caption\":\"Sodr\u00e9\"},\"sameAs\":[\"https:\/\/www.facebook.com\/carosroberto.sodre.5\/\"],\"url\":\"https:\/\/ubanews.com\/site\/author\/felipe\/\"}]}<\/script>\n<!-- \/ Yoast SEO plugin. -->","yoast_head_json":{"title":"PCMG ESTOURA DEP\u00d3SITO CLANDESTINO DE MEDICAMENTOS EM UB\u00c1 - Ub\u00e1 News","robots":{"index":"index","follow":"follow","max-snippet":"max-snippet:-1","max-image-preview":"max-image-preview:large","max-video-preview":"max-video-preview:-1"},"canonical":"https:\/\/ubanews.com\/site\/2022\/05\/24\/pcmg-estoura-deposito-clandestino-de-medicamentos-em-uba\/","og_locale":"pt_BR","og_type":"article","og_title":"PCMG ESTOURA DEP\u00d3SITO CLANDESTINO DE MEDICAMENTOS EM UB\u00c1 - Ub\u00e1 News","og_description":"A Pol\u00edcia Civil de Minas Gerais (PCMG) deflagrou, na segunda-feira","og_url":"https:\/\/ubanews.com\/site\/2022\/05\/24\/pcmg-estoura-deposito-clandestino-de-medicamentos-em-uba\/","og_site_name":"Ub\u00e1 News","article_publisher":"https:\/\/www.facebook.com\/Ub%c3%a1News-Carlos-Roberto-Sodr%c3%a9-418778301977370","article_author":"https:\/\/www.facebook.com\/carosroberto.sodre.5\/","article_published_time":"2022-05-24T14:12:10+00:00","article_modified_time":"2022-05-31T21:14:29+00:00","og_image":[{"width":1280,"height":960,"url":"https:\/\/ubanews.com\/site\/wp-content\/uploads\/2022\/05\/WhatsApp-Image-2022-05-23-at-22.51.22.jpg","type":"image\/jpeg"}],"author":"Sodr\u00e9","twitter_card":"summary_large_image","twitter_misc":{"Escrito por":"Sodr\u00e9","Est. tempo de leitura":"2 minutos"},"schema":{"@context":"https:\/\/schema.org","@graph":[{"@type":"Article","@id":"https:\/\/ubanews.com\/site\/2022\/05\/24\/pcmg-estoura-deposito-clandestino-de-medicamentos-em-uba\/#article","isPartOf":{"@id":"https:\/\/ubanews.com\/site\/2022\/05\/24\/pcmg-estoura-deposito-clandestino-de-medicamentos-em-uba\/"},"author":{"name":"Sodr\u00e9","@id":"https:\/\/ubanews.com\/site\/#\/schema\/person\/d90c9e47252fbb63dcc969fe4c8b9d10"},"headline":"PCMG ESTOURA DEP\u00d3SITO CLANDESTINO DE MEDICAMENTOS EM UB\u00c1","datePublished":"2022-05-24T14:12:10+00:00","dateModified":"2022-05-31T21:14:29+00:00","mainEntityOfPage":{"@id":"https:\/\/ubanews.com\/site\/2022\/05\/24\/pcmg-estoura-deposito-clandestino-de-medicamentos-em-uba\/"},"wordCount":388,"commentCount":0,"publisher":{"@id":"https:\/\/ubanews.com\/site\/#organization"},"image":{"@id":"https:\/\/ubanews.com\/site\/2022\/05\/24\/pcmg-estoura-deposito-clandestino-de-medicamentos-em-uba\/#primaryimage"},"thumbnailUrl":"https:\/\/ubanews.com\/site\/wp-content\/uploads\/2022\/05\/WhatsApp-Image-2022-05-23-at-22.51.22.jpg","articleSection":["Geral"],"inLanguage":"pt-BR","potentialAction":[{"@type":"CommentAction","name":"Comment","target":["https:\/\/ubanews.com\/site\/2022\/05\/24\/pcmg-estoura-deposito-clandestino-de-medicamentos-em-uba\/#respond"]}]},{"@type":"WebPage","@id":"https:\/\/ubanews.com\/site\/2022\/05\/24\/pcmg-estoura-deposito-clandestino-de-medicamentos-em-uba\/","url":"https:\/\/ubanews.com\/site\/2022\/05\/24\/pcmg-estoura-deposito-clandestino-de-medicamentos-em-uba\/","name":"PCMG ESTOURA DEP\u00d3SITO CLANDESTINO DE MEDICAMENTOS EM UB\u00c1 - Ub\u00e1 News","isPartOf":{"@id":"https:\/\/ubanews.com\/site\/#website"},"primaryImageOfPage":{"@id":"https:\/\/ubanews.com\/site\/2022\/05\/24\/pcmg-estoura-deposito-clandestino-de-medicamentos-em-uba\/#primaryimage"},"image":{"@id":"https:\/\/ubanews.com\/site\/2022\/05\/24\/pcmg-estoura-deposito-clandestino-de-medicamentos-em-uba\/#primaryimage"},"thumbnailUrl":"https:\/\/ubanews.com\/site\/wp-content\/uploads\/2022\/05\/WhatsApp-Image-2022-05-23-at-22.51.22.jpg","datePublished":"2022-05-24T14:12:10+00:00","dateModified":"2022-05-31T21:14:29+00:00","breadcrumb":{"@id":"https:\/\/ubanews.com\/site\/2022\/05\/24\/pcmg-estoura-deposito-clandestino-de-medicamentos-em-uba\/#breadcrumb"},"inLanguage":"pt-BR","potentialAction":[{"@type":"ReadAction","target":["https:\/\/ubanews.com\/site\/2022\/05\/24\/pcmg-estoura-deposito-clandestino-de-medicamentos-em-uba\/"]}]},{"@type":"ImageObject","inLanguage":"pt-BR","@id":"https:\/\/ubanews.com\/site\/2022\/05\/24\/pcmg-estoura-deposito-clandestino-de-medicamentos-em-uba\/#primaryimage","url":"https:\/\/ubanews.com\/site\/wp-content\/uploads\/2022\/05\/WhatsApp-Image-2022-05-23-at-22.51.22.jpg","contentUrl":"https:\/\/ubanews.com\/site\/wp-content\/uploads\/2022\/05\/WhatsApp-Image-2022-05-23-at-22.51.22.jpg","width":1280,"height":960},{"@type":"BreadcrumbList","@id":"https:\/\/ubanews.com\/site\/2022\/05\/24\/pcmg-estoura-deposito-clandestino-de-medicamentos-em-uba\/#breadcrumb","itemListElement":[{"@type":"ListItem","position":1,"name":"Home","item":"https:\/\/ubanews.com\/site\/"},{"@type":"ListItem","position":2,"name":"PCMG ESTOURA DEP\u00d3SITO CLANDESTINO DE MEDICAMENTOS EM UB\u00c1"}]},{"@type":"WebSite","@id":"https:\/\/ubanews.com\/site\/#website","url":"https:\/\/ubanews.com\/site\/","name":"Ub\u00e1 News","description":"","publisher":{"@id":"https:\/\/ubanews.com\/site\/#organization"},"potentialAction":[{"@type":"SearchAction","target":{"@type":"EntryPoint","urlTemplate":"https:\/\/ubanews.com\/site\/?s={search_term_string}"},"query-input":{"@type":"PropertyValueSpecification","valueRequired":true,"valueName":"search_term_string"}}],"inLanguage":"pt-BR"},{"@type":"Organization","@id":"https:\/\/ubanews.com\/site\/#organization","name":"Ub\u00e1 News","url":"https:\/\/ubanews.com\/site\/","logo":{"@type":"ImageObject","inLanguage":"pt-BR","@id":"https:\/\/ubanews.com\/site\/#\/schema\/logo\/image\/","url":"https:\/\/ubanews.com\/site\/wp-content\/uploads\/2018\/01\/logoubanews.png","contentUrl":"https:\/\/ubanews.com\/site\/wp-content\/uploads\/2018\/01\/logoubanews.png","width":261,"height":99,"caption":"Ub\u00e1 News"},"image":{"@id":"https:\/\/ubanews.com\/site\/#\/schema\/logo\/image\/"},"sameAs":["https:\/\/www.facebook.com\/Ub\u00e1News-Carlos-Roberto-Sodr\u00e9-418778301977370"]},{"@type":"Person","@id":"https:\/\/ubanews.com\/site\/#\/schema\/person\/d90c9e47252fbb63dcc969fe4c8b9d10","name":"Sodr\u00e9","image":{"@type":"ImageObject","inLanguage":"pt-BR","@id":"https:\/\/secure.gravatar.com\/avatar\/5ba2793f0590b9dbfad3fdec4ee714485b3eef211c9b32ee53d414060454a56c?s=96&d=mm&r=g","url":"https:\/\/secure.gravatar.com\/avatar\/5ba2793f0590b9dbfad3fdec4ee714485b3eef211c9b32ee53d414060454a56c?s=96&d=mm&r=g","contentUrl":"https:\/\/secure.gravatar.com\/avatar\/5ba2793f0590b9dbfad3fdec4ee714485b3eef211c9b32ee53d414060454a56c?s=96&d=mm&r=g","caption":"Sodr\u00e9"},"sameAs":["https:\/\/www.facebook.com\/carosroberto.sodre.5\/"],"url":"https:\/\/ubanews.com\/site\/author\/felipe\/"}]}},"_links":{"self":[{"href":"https:\/\/ubanews.com\/site\/wp-json\/wp\/v2\/posts\/21205","targetHints":{"allow":["GET"]}}],"collection":[{"href":"https:\/\/ubanews.com\/site\/wp-json\/wp\/v2\/posts"}],"about":[{"href":"https:\/\/ubanews.com\/site\/wp-json\/wp\/v2\/types\/post"}],"author":[{"embeddable":true,"href":"https:\/\/ubanews.com\/site\/wp-json\/wp\/v2\/users\/2"}],"replies":[{"embeddable":true,"href":"https:\/\/ubanews.com\/site\/wp-json\/wp\/v2\/comments?post=21205"}],"version-history":[{"count":0,"href":"https:\/\/ubanews.com\/site\/wp-json\/wp\/v2\/posts\/21205\/revisions"}],"wp:featuredmedia":[{"embeddable":true,"href":"https:\/\/ubanews.com\/site\/wp-json\/wp\/v2\/media\/21208"}],"wp:attachment":[{"href":"https:\/\/ubanews.com\/site\/wp-json\/wp\/v2\/media?parent=21205"}],"wp:term":[{"taxonomy":"category","embeddable":true,"href":"https:\/\/ubanews.com\/site\/wp-json\/wp\/v2\/categories?post=21205"},{"taxonomy":"post_tag","embeddable":true,"href":"https:\/\/ubanews.com\/site\/wp-json\/wp\/v2\/tags?post=21205"}],"curies":[{"name":"wp","href":"https:\/\/api.w.org\/{rel}","templated":true}]}}