{"id":21197,"date":"2022-05-31T17:47:44","date_gmt":"2022-05-31T20:47:44","guid":{"rendered":"http:\/\/ubanews.com\/site\/?p=21197"},"modified":"2022-05-31T17:49:27","modified_gmt":"2022-05-31T20:49:27","slug":"sancionada-lei-que-reduz-valor-da-taxa-de-licenciamento","status":"publish","type":"post","link":"https:\/\/ubanews.com\/site\/2022\/05\/31\/sancionada-lei-que-reduz-valor-da-taxa-de-licenciamento\/","title":{"rendered":"SANCIONADA LEI QUE REDUZ VALOR DA TAXA DE LICENCIAMENTO"},"content":{"rendered":"<h2 style=\"text-align: left;\" align=\"center\"><i>Nova forma de c\u00e1lculo leva em conta o or\u00e7amento do Detran-MG dividido pela frota de ve\u00edculos<\/i><i><u><\/u><u><\/u><\/i><\/h2>\n<p style=\"text-align: left;\">O governador Romeu Zema sancionou a Lei 24.112, publicada no&nbsp;<a href=\"http:\/\/www.jornalminasgerais.mg.gov.br\/\" target=\"_blank\" rel=\"noopener noreferrer\" data-saferedirecturl=\"https:\/\/www.google.com\/url?q=http:\/\/www.jornalminasgerais.mg.gov.br\/&amp;source=gmail&amp;ust=1654116166663000&amp;usg=AOvVaw1MQFgxbs0RdykMT810a6w8\">Di\u00e1rio Oficial<\/a>&nbsp;desta ter\u00e7a-feira (31\/5), que reduz o valor da Taxa de Renova\u00e7\u00e3o do Licenciamento Anual de Ve\u00edculo (TRLAV). De acordo com o texto, a partir de 2023, a TRLAV deixar\u00e1 de ser calculada pela Unidade Fiscal do Estado de Minas Gerais (Ufemg) e passar\u00e1 a ser definida pela divis\u00e3o do valor do or\u00e7amento fiscal do&nbsp;<a href=\"http:\/\/www.detran.mg.gov.br\/\" target=\"_blank\" rel=\"noopener noreferrer\" data-saferedirecturl=\"https:\/\/www.google.com\/url?q=http:\/\/www.detran.mg.gov.br\/&amp;source=gmail&amp;ust=1654116166663000&amp;usg=AOvVaw1mgRGBkmRW2ukS4eOXzCOV\">Departamento de Tr\u00e2nsito de Minas Gerais (Detran-MG)<\/a>&nbsp;pelo n\u00famero de ve\u00edculos da frota do Estado.<\/p>\n<p>A expectativa \u00e9 que haja uma queda significativa do valor pago pelos propriet\u00e1rios de ve\u00edculos, mas o real impacto no bolso dos contribuintes e na arrecada\u00e7\u00e3o do Estado somente ser\u00e1 conhecido ap\u00f3s a regulamenta\u00e7\u00e3o da lei pela&nbsp;<a href=\"http:\/\/www.fazenda.mg.gov.br\/\" target=\"_blank\" rel=\"noopener noreferrer\" data-saferedirecturl=\"https:\/\/www.google.com\/url?q=http:\/\/www.fazenda.mg.gov.br\/&amp;source=gmail&amp;ust=1654116166663000&amp;usg=AOvVaw3kqcfDvDt7MMK_NtA4KtxU\">Secretaria de Estado de Fazenda (SEF)<\/a>.<\/p>\n<p>A lei determina ainda que o valor da taxa seja divulgado em dezembro do ano anterior \u00e0 cobran\u00e7a. J\u00e1 a data de vencimento dever\u00e1 ser ap\u00f3s 30 dias contados da divulga\u00e7\u00e3o do valor.<\/p>\n<p>FONTE: imprensa@governo.mg.gov.br<\/p>\n","protected":false},"excerpt":{"rendered":"<p>Nova forma de c\u00e1lculo leva em conta o or\u00e7amento do<\/p>\n","protected":false},"author":2,"featured_media":20381,"comment_status":"open","ping_status":"open","sticky":false,"template":"","format":"standard","meta":{"footnotes":""},"categories":[1,19,3],"tags":[],"class_list":["post-21197","post","type-post","status-publish","format-standard","has-post-thumbnail","hentry","category-sem-categoria","category-politica","category-slide"],"yoast_head":"<!-- This site is optimized with the Yoast SEO plugin v27.2 - https:\/\/yoast.com\/product\/yoast-seo-wordpress\/ -->\n<title>SANCIONADA LEI QUE REDUZ VALOR DA TAXA DE LICENCIAMENTO - Ub\u00e1 News<\/title>\n<meta name=\"robots\" content=\"index, follow, max-snippet:-1, max-image-preview:large, max-video-preview:-1\" \/>\n<link rel=\"canonical\" href=\"https:\/\/ubanews.com\/site\/2022\/05\/31\/sancionada-lei-que-reduz-valor-da-taxa-de-licenciamento\/\" \/>\n<meta property=\"og:locale\" content=\"pt_BR\" \/>\n<meta property=\"og:type\" content=\"article\" \/>\n<meta property=\"og:title\" content=\"SANCIONADA LEI QUE REDUZ VALOR DA TAXA DE LICENCIAMENTO - Ub\u00e1 News\" \/>\n<meta property=\"og:description\" content=\"Nova forma de c\u00e1lculo leva em conta o or\u00e7amento do\" \/>\n<meta property=\"og:url\" content=\"https:\/\/ubanews.com\/site\/2022\/05\/31\/sancionada-lei-que-reduz-valor-da-taxa-de-licenciamento\/\" \/>\n<meta property=\"og:site_name\" content=\"Ub\u00e1 News\" \/>\n<meta property=\"article:publisher\" content=\"https:\/\/www.facebook.com\/Ub%c3%a1News-Carlos-Roberto-Sodr%c3%a9-418778301977370\" \/>\n<meta property=\"article:author\" content=\"https:\/\/www.facebook.com\/carosroberto.sodre.5\/\" \/>\n<meta property=\"article:published_time\" content=\"2022-05-31T20:47:44+00:00\" \/>\n<meta property=\"article:modified_time\" content=\"2022-05-31T20:49:27+00:00\" \/>\n<meta property=\"og:image\" content=\"https:\/\/ubanews.com\/site\/wp-content\/uploads\/2021\/08\/Romeu-Zema.jpg\" \/>\n\t<meta property=\"og:image:width\" content=\"1000\" \/>\n\t<meta property=\"og:image:height\" content=\"500\" \/>\n\t<meta property=\"og:image:type\" content=\"image\/jpeg\" \/>\n<meta name=\"author\" content=\"Sodr\u00e9\" \/>\n<meta name=\"twitter:card\" content=\"summary_large_image\" \/>\n<meta name=\"twitter:label1\" content=\"Escrito por\" \/>\n\t<meta name=\"twitter:data1\" content=\"Sodr\u00e9\" \/>\n\t<meta name=\"twitter:label2\" content=\"Est. tempo de leitura\" \/>\n\t<meta name=\"twitter:data2\" content=\"1 minuto\" \/>\n<script type=\"application\/ld+json\" class=\"yoast-schema-graph\">{\"@context\":\"https:\/\/schema.org\",\"@graph\":[{\"@type\":\"Article\",\"@id\":\"https:\/\/ubanews.com\/site\/2022\/05\/31\/sancionada-lei-que-reduz-valor-da-taxa-de-licenciamento\/#article\",\"isPartOf\":{\"@id\":\"https:\/\/ubanews.com\/site\/2022\/05\/31\/sancionada-lei-que-reduz-valor-da-taxa-de-licenciamento\/\"},\"author\":{\"name\":\"Sodr\u00e9\",\"@id\":\"https:\/\/ubanews.com\/site\/#\/schema\/person\/d90c9e47252fbb63dcc969fe4c8b9d10\"},\"headline\":\"SANCIONADA LEI QUE REDUZ VALOR DA TAXA DE LICENCIAMENTO\",\"datePublished\":\"2022-05-31T20:47:44+00:00\",\"dateModified\":\"2022-05-31T20:49:27+00:00\",\"mainEntityOfPage\":{\"@id\":\"https:\/\/ubanews.com\/site\/2022\/05\/31\/sancionada-lei-que-reduz-valor-da-taxa-de-licenciamento\/\"},\"wordCount\":207,\"commentCount\":0,\"publisher\":{\"@id\":\"https:\/\/ubanews.com\/site\/#organization\"},\"image\":{\"@id\":\"https:\/\/ubanews.com\/site\/2022\/05\/31\/sancionada-lei-que-reduz-valor-da-taxa-de-licenciamento\/#primaryimage\"},\"thumbnailUrl\":\"https:\/\/ubanews.com\/site\/wp-content\/uploads\/2021\/08\/Romeu-Zema.jpg\",\"articleSection\":[\"Geral\",\"Pol\u00edtica\",\"Slide\"],\"inLanguage\":\"pt-BR\",\"potentialAction\":[{\"@type\":\"CommentAction\",\"name\":\"Comment\",\"target\":[\"https:\/\/ubanews.com\/site\/2022\/05\/31\/sancionada-lei-que-reduz-valor-da-taxa-de-licenciamento\/#respond\"]}]},{\"@type\":\"WebPage\",\"@id\":\"https:\/\/ubanews.com\/site\/2022\/05\/31\/sancionada-lei-que-reduz-valor-da-taxa-de-licenciamento\/\",\"url\":\"https:\/\/ubanews.com\/site\/2022\/05\/31\/sancionada-lei-que-reduz-valor-da-taxa-de-licenciamento\/\",\"name\":\"SANCIONADA LEI QUE REDUZ VALOR DA TAXA DE LICENCIAMENTO - Ub\u00e1 News\",\"isPartOf\":{\"@id\":\"https:\/\/ubanews.com\/site\/#website\"},\"primaryImageOfPage\":{\"@id\":\"https:\/\/ubanews.com\/site\/2022\/05\/31\/sancionada-lei-que-reduz-valor-da-taxa-de-licenciamento\/#primaryimage\"},\"image\":{\"@id\":\"https:\/\/ubanews.com\/site\/2022\/05\/31\/sancionada-lei-que-reduz-valor-da-taxa-de-licenciamento\/#primaryimage\"},\"thumbnailUrl\":\"https:\/\/ubanews.com\/site\/wp-content\/uploads\/2021\/08\/Romeu-Zema.jpg\",\"datePublished\":\"2022-05-31T20:47:44+00:00\",\"dateModified\":\"2022-05-31T20:49:27+00:00\",\"breadcrumb\":{\"@id\":\"https:\/\/ubanews.com\/site\/2022\/05\/31\/sancionada-lei-que-reduz-valor-da-taxa-de-licenciamento\/#breadcrumb\"},\"inLanguage\":\"pt-BR\",\"potentialAction\":[{\"@type\":\"ReadAction\",\"target\":[\"https:\/\/ubanews.com\/site\/2022\/05\/31\/sancionada-lei-que-reduz-valor-da-taxa-de-licenciamento\/\"]}]},{\"@type\":\"ImageObject\",\"inLanguage\":\"pt-BR\",\"@id\":\"https:\/\/ubanews.com\/site\/2022\/05\/31\/sancionada-lei-que-reduz-valor-da-taxa-de-licenciamento\/#primaryimage\",\"url\":\"https:\/\/ubanews.com\/site\/wp-content\/uploads\/2021\/08\/Romeu-Zema.jpg\",\"contentUrl\":\"https:\/\/ubanews.com\/site\/wp-content\/uploads\/2021\/08\/Romeu-Zema.jpg\",\"width\":1000,\"height\":500},{\"@type\":\"BreadcrumbList\",\"@id\":\"https:\/\/ubanews.com\/site\/2022\/05\/31\/sancionada-lei-que-reduz-valor-da-taxa-de-licenciamento\/#breadcrumb\",\"itemListElement\":[{\"@type\":\"ListItem\",\"position\":1,\"name\":\"Home\",\"item\":\"https:\/\/ubanews.com\/site\/\"},{\"@type\":\"ListItem\",\"position\":2,\"name\":\"SANCIONADA LEI QUE REDUZ VALOR DA TAXA DE LICENCIAMENTO\"}]},{\"@type\":\"WebSite\",\"@id\":\"https:\/\/ubanews.com\/site\/#website\",\"url\":\"https:\/\/ubanews.com\/site\/\",\"name\":\"Ub\u00e1 News\",\"description\":\"\",\"publisher\":{\"@id\":\"https:\/\/ubanews.com\/site\/#organization\"},\"potentialAction\":[{\"@type\":\"SearchAction\",\"target\":{\"@type\":\"EntryPoint\",\"urlTemplate\":\"https:\/\/ubanews.com\/site\/?s={search_term_string}\"},\"query-input\":{\"@type\":\"PropertyValueSpecification\",\"valueRequired\":true,\"valueName\":\"search_term_string\"}}],\"inLanguage\":\"pt-BR\"},{\"@type\":\"Organization\",\"@id\":\"https:\/\/ubanews.com\/site\/#organization\",\"name\":\"Ub\u00e1 News\",\"url\":\"https:\/\/ubanews.com\/site\/\",\"logo\":{\"@type\":\"ImageObject\",\"inLanguage\":\"pt-BR\",\"@id\":\"https:\/\/ubanews.com\/site\/#\/schema\/logo\/image\/\",\"url\":\"https:\/\/ubanews.com\/site\/wp-content\/uploads\/2018\/01\/logoubanews.png\",\"contentUrl\":\"https:\/\/ubanews.com\/site\/wp-content\/uploads\/2018\/01\/logoubanews.png\",\"width\":261,\"height\":99,\"caption\":\"Ub\u00e1 News\"},\"image\":{\"@id\":\"https:\/\/ubanews.com\/site\/#\/schema\/logo\/image\/\"},\"sameAs\":[\"https:\/\/www.facebook.com\/Ub\u00e1News-Carlos-Roberto-Sodr\u00e9-418778301977370\"]},{\"@type\":\"Person\",\"@id\":\"https:\/\/ubanews.com\/site\/#\/schema\/person\/d90c9e47252fbb63dcc969fe4c8b9d10\",\"name\":\"Sodr\u00e9\",\"image\":{\"@type\":\"ImageObject\",\"inLanguage\":\"pt-BR\",\"@id\":\"https:\/\/secure.gravatar.com\/avatar\/5ba2793f0590b9dbfad3fdec4ee714485b3eef211c9b32ee53d414060454a56c?s=96&d=mm&r=g\",\"url\":\"https:\/\/secure.gravatar.com\/avatar\/5ba2793f0590b9dbfad3fdec4ee714485b3eef211c9b32ee53d414060454a56c?s=96&d=mm&r=g\",\"contentUrl\":\"https:\/\/secure.gravatar.com\/avatar\/5ba2793f0590b9dbfad3fdec4ee714485b3eef211c9b32ee53d414060454a56c?s=96&d=mm&r=g\",\"caption\":\"Sodr\u00e9\"},\"sameAs\":[\"https:\/\/www.facebook.com\/carosroberto.sodre.5\/\"],\"url\":\"https:\/\/ubanews.com\/site\/author\/felipe\/\"}]}<\/script>\n<!-- \/ Yoast SEO plugin. -->","yoast_head_json":{"title":"SANCIONADA LEI QUE REDUZ VALOR DA TAXA DE LICENCIAMENTO - Ub\u00e1 News","robots":{"index":"index","follow":"follow","max-snippet":"max-snippet:-1","max-image-preview":"max-image-preview:large","max-video-preview":"max-video-preview:-1"},"canonical":"https:\/\/ubanews.com\/site\/2022\/05\/31\/sancionada-lei-que-reduz-valor-da-taxa-de-licenciamento\/","og_locale":"pt_BR","og_type":"article","og_title":"SANCIONADA LEI QUE REDUZ VALOR DA TAXA DE LICENCIAMENTO - Ub\u00e1 News","og_description":"Nova forma de c\u00e1lculo leva em conta o or\u00e7amento do","og_url":"https:\/\/ubanews.com\/site\/2022\/05\/31\/sancionada-lei-que-reduz-valor-da-taxa-de-licenciamento\/","og_site_name":"Ub\u00e1 News","article_publisher":"https:\/\/www.facebook.com\/Ub%c3%a1News-Carlos-Roberto-Sodr%c3%a9-418778301977370","article_author":"https:\/\/www.facebook.com\/carosroberto.sodre.5\/","article_published_time":"2022-05-31T20:47:44+00:00","article_modified_time":"2022-05-31T20:49:27+00:00","og_image":[{"width":1000,"height":500,"url":"https:\/\/ubanews.com\/site\/wp-content\/uploads\/2021\/08\/Romeu-Zema.jpg","type":"image\/jpeg"}],"author":"Sodr\u00e9","twitter_card":"summary_large_image","twitter_misc":{"Escrito por":"Sodr\u00e9","Est. tempo de leitura":"1 minuto"},"schema":{"@context":"https:\/\/schema.org","@graph":[{"@type":"Article","@id":"https:\/\/ubanews.com\/site\/2022\/05\/31\/sancionada-lei-que-reduz-valor-da-taxa-de-licenciamento\/#article","isPartOf":{"@id":"https:\/\/ubanews.com\/site\/2022\/05\/31\/sancionada-lei-que-reduz-valor-da-taxa-de-licenciamento\/"},"author":{"name":"Sodr\u00e9","@id":"https:\/\/ubanews.com\/site\/#\/schema\/person\/d90c9e47252fbb63dcc969fe4c8b9d10"},"headline":"SANCIONADA LEI QUE REDUZ VALOR DA TAXA DE LICENCIAMENTO","datePublished":"2022-05-31T20:47:44+00:00","dateModified":"2022-05-31T20:49:27+00:00","mainEntityOfPage":{"@id":"https:\/\/ubanews.com\/site\/2022\/05\/31\/sancionada-lei-que-reduz-valor-da-taxa-de-licenciamento\/"},"wordCount":207,"commentCount":0,"publisher":{"@id":"https:\/\/ubanews.com\/site\/#organization"},"image":{"@id":"https:\/\/ubanews.com\/site\/2022\/05\/31\/sancionada-lei-que-reduz-valor-da-taxa-de-licenciamento\/#primaryimage"},"thumbnailUrl":"https:\/\/ubanews.com\/site\/wp-content\/uploads\/2021\/08\/Romeu-Zema.jpg","articleSection":["Geral","Pol\u00edtica","Slide"],"inLanguage":"pt-BR","potentialAction":[{"@type":"CommentAction","name":"Comment","target":["https:\/\/ubanews.com\/site\/2022\/05\/31\/sancionada-lei-que-reduz-valor-da-taxa-de-licenciamento\/#respond"]}]},{"@type":"WebPage","@id":"https:\/\/ubanews.com\/site\/2022\/05\/31\/sancionada-lei-que-reduz-valor-da-taxa-de-licenciamento\/","url":"https:\/\/ubanews.com\/site\/2022\/05\/31\/sancionada-lei-que-reduz-valor-da-taxa-de-licenciamento\/","name":"SANCIONADA LEI QUE REDUZ VALOR DA TAXA DE LICENCIAMENTO - Ub\u00e1 News","isPartOf":{"@id":"https:\/\/ubanews.com\/site\/#website"},"primaryImageOfPage":{"@id":"https:\/\/ubanews.com\/site\/2022\/05\/31\/sancionada-lei-que-reduz-valor-da-taxa-de-licenciamento\/#primaryimage"},"image":{"@id":"https:\/\/ubanews.com\/site\/2022\/05\/31\/sancionada-lei-que-reduz-valor-da-taxa-de-licenciamento\/#primaryimage"},"thumbnailUrl":"https:\/\/ubanews.com\/site\/wp-content\/uploads\/2021\/08\/Romeu-Zema.jpg","datePublished":"2022-05-31T20:47:44+00:00","dateModified":"2022-05-31T20:49:27+00:00","breadcrumb":{"@id":"https:\/\/ubanews.com\/site\/2022\/05\/31\/sancionada-lei-que-reduz-valor-da-taxa-de-licenciamento\/#breadcrumb"},"inLanguage":"pt-BR","potentialAction":[{"@type":"ReadAction","target":["https:\/\/ubanews.com\/site\/2022\/05\/31\/sancionada-lei-que-reduz-valor-da-taxa-de-licenciamento\/"]}]},{"@type":"ImageObject","inLanguage":"pt-BR","@id":"https:\/\/ubanews.com\/site\/2022\/05\/31\/sancionada-lei-que-reduz-valor-da-taxa-de-licenciamento\/#primaryimage","url":"https:\/\/ubanews.com\/site\/wp-content\/uploads\/2021\/08\/Romeu-Zema.jpg","contentUrl":"https:\/\/ubanews.com\/site\/wp-content\/uploads\/2021\/08\/Romeu-Zema.jpg","width":1000,"height":500},{"@type":"BreadcrumbList","@id":"https:\/\/ubanews.com\/site\/2022\/05\/31\/sancionada-lei-que-reduz-valor-da-taxa-de-licenciamento\/#breadcrumb","itemListElement":[{"@type":"ListItem","position":1,"name":"Home","item":"https:\/\/ubanews.com\/site\/"},{"@type":"ListItem","position":2,"name":"SANCIONADA LEI QUE REDUZ VALOR DA TAXA DE LICENCIAMENTO"}]},{"@type":"WebSite","@id":"https:\/\/ubanews.com\/site\/#website","url":"https:\/\/ubanews.com\/site\/","name":"Ub\u00e1 News","description":"","publisher":{"@id":"https:\/\/ubanews.com\/site\/#organization"},"potentialAction":[{"@type":"SearchAction","target":{"@type":"EntryPoint","urlTemplate":"https:\/\/ubanews.com\/site\/?s={search_term_string}"},"query-input":{"@type":"PropertyValueSpecification","valueRequired":true,"valueName":"search_term_string"}}],"inLanguage":"pt-BR"},{"@type":"Organization","@id":"https:\/\/ubanews.com\/site\/#organization","name":"Ub\u00e1 News","url":"https:\/\/ubanews.com\/site\/","logo":{"@type":"ImageObject","inLanguage":"pt-BR","@id":"https:\/\/ubanews.com\/site\/#\/schema\/logo\/image\/","url":"https:\/\/ubanews.com\/site\/wp-content\/uploads\/2018\/01\/logoubanews.png","contentUrl":"https:\/\/ubanews.com\/site\/wp-content\/uploads\/2018\/01\/logoubanews.png","width":261,"height":99,"caption":"Ub\u00e1 News"},"image":{"@id":"https:\/\/ubanews.com\/site\/#\/schema\/logo\/image\/"},"sameAs":["https:\/\/www.facebook.com\/Ub\u00e1News-Carlos-Roberto-Sodr\u00e9-418778301977370"]},{"@type":"Person","@id":"https:\/\/ubanews.com\/site\/#\/schema\/person\/d90c9e47252fbb63dcc969fe4c8b9d10","name":"Sodr\u00e9","image":{"@type":"ImageObject","inLanguage":"pt-BR","@id":"https:\/\/secure.gravatar.com\/avatar\/5ba2793f0590b9dbfad3fdec4ee714485b3eef211c9b32ee53d414060454a56c?s=96&d=mm&r=g","url":"https:\/\/secure.gravatar.com\/avatar\/5ba2793f0590b9dbfad3fdec4ee714485b3eef211c9b32ee53d414060454a56c?s=96&d=mm&r=g","contentUrl":"https:\/\/secure.gravatar.com\/avatar\/5ba2793f0590b9dbfad3fdec4ee714485b3eef211c9b32ee53d414060454a56c?s=96&d=mm&r=g","caption":"Sodr\u00e9"},"sameAs":["https:\/\/www.facebook.com\/carosroberto.sodre.5\/"],"url":"https:\/\/ubanews.com\/site\/author\/felipe\/"}]}},"_links":{"self":[{"href":"https:\/\/ubanews.com\/site\/wp-json\/wp\/v2\/posts\/21197","targetHints":{"allow":["GET"]}}],"collection":[{"href":"https:\/\/ubanews.com\/site\/wp-json\/wp\/v2\/posts"}],"about":[{"href":"https:\/\/ubanews.com\/site\/wp-json\/wp\/v2\/types\/post"}],"author":[{"embeddable":true,"href":"https:\/\/ubanews.com\/site\/wp-json\/wp\/v2\/users\/2"}],"replies":[{"embeddable":true,"href":"https:\/\/ubanews.com\/site\/wp-json\/wp\/v2\/comments?post=21197"}],"version-history":[{"count":0,"href":"https:\/\/ubanews.com\/site\/wp-json\/wp\/v2\/posts\/21197\/revisions"}],"wp:featuredmedia":[{"embeddable":true,"href":"https:\/\/ubanews.com\/site\/wp-json\/wp\/v2\/media\/20381"}],"wp:attachment":[{"href":"https:\/\/ubanews.com\/site\/wp-json\/wp\/v2\/media?parent=21197"}],"wp:term":[{"taxonomy":"category","embeddable":true,"href":"https:\/\/ubanews.com\/site\/wp-json\/wp\/v2\/categories?post=21197"},{"taxonomy":"post_tag","embeddable":true,"href":"https:\/\/ubanews.com\/site\/wp-json\/wp\/v2\/tags?post=21197"}],"curies":[{"name":"wp","href":"https:\/\/api.w.org\/{rel}","templated":true}]}}