{"id":21194,"date":"2022-05-30T13:41:12","date_gmt":"2022-05-30T16:41:12","guid":{"rendered":"http:\/\/ubanews.com\/site\/?p=21194"},"modified":"2022-05-31T17:44:13","modified_gmt":"2022-05-31T20:44:13","slug":"uba-conquista-titulos-em-competicao-estadual-do-taekwondo-em-mariana-mg","status":"publish","type":"post","link":"https:\/\/ubanews.com\/site\/2022\/05\/30\/uba-conquista-titulos-em-competicao-estadual-do-taekwondo-em-mariana-mg\/","title":{"rendered":"UB\u00c1 CONQUISTA TITULOS EM COMPETI\u00c7\u00c3O ESTADUAL DO TAEKWONDO EM MARIANA \u2013 MG"},"content":{"rendered":"<p>Sob lideran\u00e7a do Professor Rafael Toledo, equipe Ubaense do<br \/>\nTaekwondo composta de 12 (doze) atletas participou neste final de semana da<br \/>\n3\u00b0 Etapa do Campeonato Mineiro de Taekwondo da FTEMG &#8211; Federa\u00e7\u00e3o de<br \/>\nTaekwondo do Estado de Minas Gerais, \u00fanica entidade oficial do estado filiada<br \/>\na CBTKD, evento que aconteceu em Mariana \u2013 MG contou com centenas de<br \/>\natletas de todo estado. E aproximadamente h\u00e1 um m\u00eas da participa\u00e7\u00e3o na 2a<br \/>\nEtapa em Sete Lagoas \u2013 MG, a equipe ubaense, garantiu novamente, uma<br \/>\nexcelente participa\u00e7\u00e3o, trazendo para a casa 6 OUROS, 4 PRATAS e 2<br \/>\nBRONZES.<br \/>\nProfessor Rafael Toledo, \u00e9 empreendedor no segmento de academias de<br \/>\nartes marciais, Instrutor do Acqua Park Serra Verde e idealizador da iniciativa<br \/>\nque leva o Taekwondo, arte marcial coreana e esporte ol\u00edmpico, atrav\u00e9s da<br \/>\neduca\u00e7\u00e3o, h\u00e1 aproximadamente dez anos, as comunidades de Ub\u00e1 e regi\u00e3o,<br \/>\nrecebendo reconhecimento de diversos \u00f3rg\u00e3os p\u00fablicos e privados, que<br \/>\natualmente conta com o apoio privado da EMPRESA Dental Sam\u00f4r, atrav\u00e9s de<br \/>\nseu propriet\u00e1rio Vin\u00edcius Samor de Lacerda, refer\u00eancia no mercado de<br \/>\ncomercializa\u00e7\u00e3o e distribui\u00e7\u00e3o de produtos odontol\u00f3gicos.<br \/>\n&#8220;Agradecemos o tamb\u00e9m apoio da Secretaria Municipal de Cultura,<br \/>\nTurismo e Lazer, na pessoa do Secret\u00e1rio Municipal, Beto Silva; Gerente da<br \/>\nDivis\u00e3o de Cultura e Patrim\u00f4nio Hist\u00f3rico, Marcela Mello; E Gerente da Divis\u00e3o<br \/>\nde Esportes e Juventude de Ub\u00e1, Professor Breno Reis, que garantiram o<br \/>\ntranslado dos atletas, mas etapas do campeonato mineiro.&#8221; &#8211; Rafael Toledo<br \/>\nTivemos tamb\u00e9m atletas medalhistas, pertencentes ao nosso projeto<br \/>\nsocial rec\u00e9m inaugurado no Bairro Solar de Ub\u00e1, que j\u00e1 atende dezenas de<br \/>\ncrian\u00e7as e jovens, daquela comunidade.<\/p>\n<p>Enquanto gestor da iniciativa, Rafael Toledo, comenta que o Taekwondo,<br \/>\nal\u00e9m de ocupar o tempo \u00f3cio das crian\u00e7as e jovens, \u00e9 um esporte que visa o<br \/>\nequil\u00edbrio entre corpo, mente e esp\u00edrito, que tem um aspecto disciplinar muito<br \/>\nforte, que al\u00e9m do lado da competi\u00e7\u00e3o, as artes marciais, s\u00e3o recomendadas no<br \/>\nprocesso de forma\u00e7\u00e3o da crian\u00e7a e do adolescente, por sua import\u00e2ncia na<br \/>\nfun\u00e7\u00e3o pedag\u00f3gica no processo de forma\u00e7\u00e3o da pessoa, ressaltando a<br \/>\ndisciplina, respeito a hierarquia, no\u00e7\u00e3o de limite, solidariedade, espirito de equipe<br \/>\ne outros fatores do desenvolvimento humano, necess\u00e1rios ao conv\u00edvio social.<br \/>\nAl\u00e9m de melhorar as val\u00eancias f\u00edsicas, melhorando a autodisciplina e autoestima<br \/>\nque permite tamb\u00e9m um desenvolvimento moral.<br \/>\nClassifica\u00e7\u00e3o individual da equipe composta por atletas da academia<br \/>\nde artes marciais e das iniciativas sociais do Professor Rafael Toledo, na<br \/>\nmodalidade de competi\u00e7\u00e3o LUTA:<\/p>\n<p><a href=\"https:\/\/ubanews.com\/site\/wp-content\/uploads\/2022\/05\/1-1.jpg\"><img decoding=\"async\" class=\"aligncenter size-full wp-image-21195 lazyload\" data-src=\"https:\/\/ubanews.com\/site\/wp-content\/uploads\/2022\/05\/1-1.jpg\" alt=\"\" width=\"1600\" height=\"1200\" data-srcset=\"https:\/\/ubanews.com\/site\/wp-content\/uploads\/2022\/05\/1-1.jpg 1600w, https:\/\/ubanews.com\/site\/wp-content\/uploads\/2022\/05\/1-1-300x225.jpg 300w, https:\/\/ubanews.com\/site\/wp-content\/uploads\/2022\/05\/1-1-1024x768.jpg 1024w, https:\/\/ubanews.com\/site\/wp-content\/uploads\/2022\/05\/1-1-768x576.jpg 768w, https:\/\/ubanews.com\/site\/wp-content\/uploads\/2022\/05\/1-1-1536x1152.jpg 1536w\" data-sizes=\"(max-width: 1600px) 100vw, 1600px\" src=\"data:image\/svg+xml;base64,PHN2ZyB3aWR0aD0iMSIgaGVpZ2h0PSIxIiB4bWxucz0iaHR0cDovL3d3dy53My5vcmcvMjAwMC9zdmciPjwvc3ZnPg==\" style=\"--smush-placeholder-width: 1600px; --smush-placeholder-aspect-ratio: 1600\/1200;\" \/><\/a><\/p>\n<p>OURO &#8211; CAMPE\u00d5ES<br \/>\n1. Jo\u00e3o Vitor Miguel (Cadete &#8211; At\u00e9 53Kg &#8211; 8\u00b0Gub) &#8211; Projeto B. Agroceres<br \/>\n2.Jhenifer Miguel (Cadete FEM. &#8211; At\u00e9 39Kg &#8211; 7\u00b0Gub) &#8211; Projeto B. Agroceres<br \/>\n3.Ryan da Cruz (Infantil &#8211; At\u00e9 42 Kg \u2013 10oGub) &#8211; Projeto B. Agroceres<br \/>\n4.Kau\u00e3 Luciano (Cadete \u2013 At\u00e9 49 Kg \u2013 10oGub) &#8211; Projeto B. Solar de Ub\u00e1 I<br \/>\n5.Romulo Reis (Fraldinha \u2013 At\u00e9 30 Kg \u2013 10o Gub) \u2013 Acqua Park Serra Verde<br \/>\n6.Luiz Fernando (Mirim \u2013 At\u00e9 22 Kg \u2013 10o Gub) \u2013 Acqua Park Serra Verde<br \/>\nPRATA &#8211; VICE CAMPE\u00d5ES<br \/>\n7.Jo\u00e3o Pedro Luciano (Mirim \u2013 At\u00e9 30Kg \u2013 10oGub) &#8211; Projeto B. Solar de Ub\u00e1 I<br \/>\n8.Nathan Luciano (Juvenil \u2013 At\u00e9 55 Kg \u2013 10oGub) &#8211; Projeto B. Solar de Ub\u00e1 I<br \/>\n9.Nikolas Gabriel (Cadete &#8211; At\u00e9 53 Kg -6\u00b0Gub) \u2013 RT Fight Team<br \/>\n10.Alex Junio (Cadete &#8211; At\u00e9 55 Kg &#8211; 9\u00b0Gub) &#8211; Projeto B. Solar de Ub\u00e1 I<br \/>\nBRONZE &#8211; 3\u00b0 COLOCADOS<br \/>\n11.Kau\u00e3 Silva (Juvenil \u2013 At\u00e9 55Kg \u2013 10oGub) \u2013 RT Fight Team<br \/>\n12.Iarley Porcilio (Infantil \u2013 At\u00e9 52 Kg \u2013 10o Gub) &#8211; Projeto B. Solar de Ub\u00e1 I<\/p>\n<p>Ub\u00e1 \u2013 Minas Gerais, 30 de maio de 2022<br \/>\nDepto. Comunica\u00e7\u00e3o | Professor Rafael Toledo<\/p>\n","protected":false},"excerpt":{"rendered":"<p>Sob lideran\u00e7a do Professor Rafael Toledo, equipe Ubaense do Taekwondo<\/p>\n","protected":false},"author":2,"featured_media":21196,"comment_status":"open","ping_status":"open","sticky":false,"template":"","format":"standard","meta":{"footnotes":""},"categories":[1,3],"tags":[],"class_list":["post-21194","post","type-post","status-publish","format-standard","has-post-thumbnail","hentry","category-sem-categoria","category-slide"],"yoast_head":"<!-- This site is optimized with the Yoast SEO plugin v27.2 - https:\/\/yoast.com\/product\/yoast-seo-wordpress\/ -->\n<title>UB\u00c1 CONQUISTA TITULOS EM COMPETI\u00c7\u00c3O ESTADUAL DO TAEKWONDO EM MARIANA \u2013 MG - Ub\u00e1 News<\/title>\n<meta name=\"robots\" content=\"index, follow, max-snippet:-1, max-image-preview:large, max-video-preview:-1\" \/>\n<link rel=\"canonical\" href=\"https:\/\/ubanews.com\/site\/2022\/05\/30\/uba-conquista-titulos-em-competicao-estadual-do-taekwondo-em-mariana-mg\/\" \/>\n<meta property=\"og:locale\" content=\"pt_BR\" \/>\n<meta property=\"og:type\" content=\"article\" \/>\n<meta property=\"og:title\" content=\"UB\u00c1 CONQUISTA TITULOS EM COMPETI\u00c7\u00c3O ESTADUAL DO TAEKWONDO EM MARIANA \u2013 MG - Ub\u00e1 News\" \/>\n<meta property=\"og:description\" content=\"Sob lideran\u00e7a do Professor Rafael Toledo, equipe Ubaense do Taekwondo\" \/>\n<meta property=\"og:url\" content=\"https:\/\/ubanews.com\/site\/2022\/05\/30\/uba-conquista-titulos-em-competicao-estadual-do-taekwondo-em-mariana-mg\/\" \/>\n<meta property=\"og:site_name\" content=\"Ub\u00e1 News\" \/>\n<meta property=\"article:publisher\" content=\"https:\/\/www.facebook.com\/Ub%c3%a1News-Carlos-Roberto-Sodr%c3%a9-418778301977370\" \/>\n<meta property=\"article:author\" content=\"https:\/\/www.facebook.com\/carosroberto.sodre.5\/\" \/>\n<meta property=\"article:published_time\" content=\"2022-05-30T16:41:12+00:00\" \/>\n<meta property=\"article:modified_time\" content=\"2022-05-31T20:44:13+00:00\" \/>\n<meta property=\"og:image\" content=\"https:\/\/ubanews.com\/site\/wp-content\/uploads\/2022\/05\/2.jpg\" \/>\n\t<meta property=\"og:image:width\" content=\"1600\" \/>\n\t<meta property=\"og:image:height\" content=\"1200\" \/>\n\t<meta property=\"og:image:type\" content=\"image\/jpeg\" \/>\n<meta name=\"author\" content=\"Sodr\u00e9\" \/>\n<meta name=\"twitter:card\" content=\"summary_large_image\" \/>\n<meta name=\"twitter:label1\" content=\"Escrito por\" \/>\n\t<meta name=\"twitter:data1\" content=\"Sodr\u00e9\" \/>\n\t<meta name=\"twitter:label2\" content=\"Est. tempo de leitura\" \/>\n\t<meta name=\"twitter:data2\" content=\"3 minutos\" \/>\n<script type=\"application\/ld+json\" class=\"yoast-schema-graph\">{\"@context\":\"https:\/\/schema.org\",\"@graph\":[{\"@type\":\"Article\",\"@id\":\"https:\/\/ubanews.com\/site\/2022\/05\/30\/uba-conquista-titulos-em-competicao-estadual-do-taekwondo-em-mariana-mg\/#article\",\"isPartOf\":{\"@id\":\"https:\/\/ubanews.com\/site\/2022\/05\/30\/uba-conquista-titulos-em-competicao-estadual-do-taekwondo-em-mariana-mg\/\"},\"author\":{\"name\":\"Sodr\u00e9\",\"@id\":\"https:\/\/ubanews.com\/site\/#\/schema\/person\/d90c9e47252fbb63dcc969fe4c8b9d10\"},\"headline\":\"UB\u00c1 CONQUISTA TITULOS EM COMPETI\u00c7\u00c3O ESTADUAL DO TAEKWONDO EM MARIANA \u2013 MG\",\"datePublished\":\"2022-05-30T16:41:12+00:00\",\"dateModified\":\"2022-05-31T20:44:13+00:00\",\"mainEntityOfPage\":{\"@id\":\"https:\/\/ubanews.com\/site\/2022\/05\/30\/uba-conquista-titulos-em-competicao-estadual-do-taekwondo-em-mariana-mg\/\"},\"wordCount\":624,\"commentCount\":0,\"publisher\":{\"@id\":\"https:\/\/ubanews.com\/site\/#organization\"},\"image\":{\"@id\":\"https:\/\/ubanews.com\/site\/2022\/05\/30\/uba-conquista-titulos-em-competicao-estadual-do-taekwondo-em-mariana-mg\/#primaryimage\"},\"thumbnailUrl\":\"https:\/\/ubanews.com\/site\/wp-content\/uploads\/2022\/05\/2.jpg\",\"articleSection\":[\"Geral\",\"Slide\"],\"inLanguage\":\"pt-BR\",\"potentialAction\":[{\"@type\":\"CommentAction\",\"name\":\"Comment\",\"target\":[\"https:\/\/ubanews.com\/site\/2022\/05\/30\/uba-conquista-titulos-em-competicao-estadual-do-taekwondo-em-mariana-mg\/#respond\"]}]},{\"@type\":\"WebPage\",\"@id\":\"https:\/\/ubanews.com\/site\/2022\/05\/30\/uba-conquista-titulos-em-competicao-estadual-do-taekwondo-em-mariana-mg\/\",\"url\":\"https:\/\/ubanews.com\/site\/2022\/05\/30\/uba-conquista-titulos-em-competicao-estadual-do-taekwondo-em-mariana-mg\/\",\"name\":\"UB\u00c1 CONQUISTA TITULOS EM COMPETI\u00c7\u00c3O ESTADUAL DO TAEKWONDO EM MARIANA \u2013 MG - Ub\u00e1 News\",\"isPartOf\":{\"@id\":\"https:\/\/ubanews.com\/site\/#website\"},\"primaryImageOfPage\":{\"@id\":\"https:\/\/ubanews.com\/site\/2022\/05\/30\/uba-conquista-titulos-em-competicao-estadual-do-taekwondo-em-mariana-mg\/#primaryimage\"},\"image\":{\"@id\":\"https:\/\/ubanews.com\/site\/2022\/05\/30\/uba-conquista-titulos-em-competicao-estadual-do-taekwondo-em-mariana-mg\/#primaryimage\"},\"thumbnailUrl\":\"https:\/\/ubanews.com\/site\/wp-content\/uploads\/2022\/05\/2.jpg\",\"datePublished\":\"2022-05-30T16:41:12+00:00\",\"dateModified\":\"2022-05-31T20:44:13+00:00\",\"breadcrumb\":{\"@id\":\"https:\/\/ubanews.com\/site\/2022\/05\/30\/uba-conquista-titulos-em-competicao-estadual-do-taekwondo-em-mariana-mg\/#breadcrumb\"},\"inLanguage\":\"pt-BR\",\"potentialAction\":[{\"@type\":\"ReadAction\",\"target\":[\"https:\/\/ubanews.com\/site\/2022\/05\/30\/uba-conquista-titulos-em-competicao-estadual-do-taekwondo-em-mariana-mg\/\"]}]},{\"@type\":\"ImageObject\",\"inLanguage\":\"pt-BR\",\"@id\":\"https:\/\/ubanews.com\/site\/2022\/05\/30\/uba-conquista-titulos-em-competicao-estadual-do-taekwondo-em-mariana-mg\/#primaryimage\",\"url\":\"https:\/\/ubanews.com\/site\/wp-content\/uploads\/2022\/05\/2.jpg\",\"contentUrl\":\"https:\/\/ubanews.com\/site\/wp-content\/uploads\/2022\/05\/2.jpg\",\"width\":1600,\"height\":1200},{\"@type\":\"BreadcrumbList\",\"@id\":\"https:\/\/ubanews.com\/site\/2022\/05\/30\/uba-conquista-titulos-em-competicao-estadual-do-taekwondo-em-mariana-mg\/#breadcrumb\",\"itemListElement\":[{\"@type\":\"ListItem\",\"position\":1,\"name\":\"Home\",\"item\":\"https:\/\/ubanews.com\/site\/\"},{\"@type\":\"ListItem\",\"position\":2,\"name\":\"UB\u00c1 CONQUISTA TITULOS EM COMPETI\u00c7\u00c3O ESTADUAL DO TAEKWONDO EM MARIANA \u2013 MG\"}]},{\"@type\":\"WebSite\",\"@id\":\"https:\/\/ubanews.com\/site\/#website\",\"url\":\"https:\/\/ubanews.com\/site\/\",\"name\":\"Ub\u00e1 News\",\"description\":\"\",\"publisher\":{\"@id\":\"https:\/\/ubanews.com\/site\/#organization\"},\"potentialAction\":[{\"@type\":\"SearchAction\",\"target\":{\"@type\":\"EntryPoint\",\"urlTemplate\":\"https:\/\/ubanews.com\/site\/?s={search_term_string}\"},\"query-input\":{\"@type\":\"PropertyValueSpecification\",\"valueRequired\":true,\"valueName\":\"search_term_string\"}}],\"inLanguage\":\"pt-BR\"},{\"@type\":\"Organization\",\"@id\":\"https:\/\/ubanews.com\/site\/#organization\",\"name\":\"Ub\u00e1 News\",\"url\":\"https:\/\/ubanews.com\/site\/\",\"logo\":{\"@type\":\"ImageObject\",\"inLanguage\":\"pt-BR\",\"@id\":\"https:\/\/ubanews.com\/site\/#\/schema\/logo\/image\/\",\"url\":\"https:\/\/ubanews.com\/site\/wp-content\/uploads\/2018\/01\/logoubanews.png\",\"contentUrl\":\"https:\/\/ubanews.com\/site\/wp-content\/uploads\/2018\/01\/logoubanews.png\",\"width\":261,\"height\":99,\"caption\":\"Ub\u00e1 News\"},\"image\":{\"@id\":\"https:\/\/ubanews.com\/site\/#\/schema\/logo\/image\/\"},\"sameAs\":[\"https:\/\/www.facebook.com\/Ub\u00e1News-Carlos-Roberto-Sodr\u00e9-418778301977370\"]},{\"@type\":\"Person\",\"@id\":\"https:\/\/ubanews.com\/site\/#\/schema\/person\/d90c9e47252fbb63dcc969fe4c8b9d10\",\"name\":\"Sodr\u00e9\",\"image\":{\"@type\":\"ImageObject\",\"inLanguage\":\"pt-BR\",\"@id\":\"https:\/\/secure.gravatar.com\/avatar\/5ba2793f0590b9dbfad3fdec4ee714485b3eef211c9b32ee53d414060454a56c?s=96&d=mm&r=g\",\"url\":\"https:\/\/secure.gravatar.com\/avatar\/5ba2793f0590b9dbfad3fdec4ee714485b3eef211c9b32ee53d414060454a56c?s=96&d=mm&r=g\",\"contentUrl\":\"https:\/\/secure.gravatar.com\/avatar\/5ba2793f0590b9dbfad3fdec4ee714485b3eef211c9b32ee53d414060454a56c?s=96&d=mm&r=g\",\"caption\":\"Sodr\u00e9\"},\"sameAs\":[\"https:\/\/www.facebook.com\/carosroberto.sodre.5\/\"],\"url\":\"https:\/\/ubanews.com\/site\/author\/felipe\/\"}]}<\/script>\n<!-- \/ Yoast SEO plugin. -->","yoast_head_json":{"title":"UB\u00c1 CONQUISTA TITULOS EM COMPETI\u00c7\u00c3O ESTADUAL DO TAEKWONDO EM MARIANA \u2013 MG - Ub\u00e1 News","robots":{"index":"index","follow":"follow","max-snippet":"max-snippet:-1","max-image-preview":"max-image-preview:large","max-video-preview":"max-video-preview:-1"},"canonical":"https:\/\/ubanews.com\/site\/2022\/05\/30\/uba-conquista-titulos-em-competicao-estadual-do-taekwondo-em-mariana-mg\/","og_locale":"pt_BR","og_type":"article","og_title":"UB\u00c1 CONQUISTA TITULOS EM COMPETI\u00c7\u00c3O ESTADUAL DO TAEKWONDO EM MARIANA \u2013 MG - Ub\u00e1 News","og_description":"Sob lideran\u00e7a do Professor Rafael Toledo, equipe Ubaense do Taekwondo","og_url":"https:\/\/ubanews.com\/site\/2022\/05\/30\/uba-conquista-titulos-em-competicao-estadual-do-taekwondo-em-mariana-mg\/","og_site_name":"Ub\u00e1 News","article_publisher":"https:\/\/www.facebook.com\/Ub%c3%a1News-Carlos-Roberto-Sodr%c3%a9-418778301977370","article_author":"https:\/\/www.facebook.com\/carosroberto.sodre.5\/","article_published_time":"2022-05-30T16:41:12+00:00","article_modified_time":"2022-05-31T20:44:13+00:00","og_image":[{"width":1600,"height":1200,"url":"https:\/\/ubanews.com\/site\/wp-content\/uploads\/2022\/05\/2.jpg","type":"image\/jpeg"}],"author":"Sodr\u00e9","twitter_card":"summary_large_image","twitter_misc":{"Escrito por":"Sodr\u00e9","Est. tempo de leitura":"3 minutos"},"schema":{"@context":"https:\/\/schema.org","@graph":[{"@type":"Article","@id":"https:\/\/ubanews.com\/site\/2022\/05\/30\/uba-conquista-titulos-em-competicao-estadual-do-taekwondo-em-mariana-mg\/#article","isPartOf":{"@id":"https:\/\/ubanews.com\/site\/2022\/05\/30\/uba-conquista-titulos-em-competicao-estadual-do-taekwondo-em-mariana-mg\/"},"author":{"name":"Sodr\u00e9","@id":"https:\/\/ubanews.com\/site\/#\/schema\/person\/d90c9e47252fbb63dcc969fe4c8b9d10"},"headline":"UB\u00c1 CONQUISTA TITULOS EM COMPETI\u00c7\u00c3O ESTADUAL DO TAEKWONDO EM MARIANA \u2013 MG","datePublished":"2022-05-30T16:41:12+00:00","dateModified":"2022-05-31T20:44:13+00:00","mainEntityOfPage":{"@id":"https:\/\/ubanews.com\/site\/2022\/05\/30\/uba-conquista-titulos-em-competicao-estadual-do-taekwondo-em-mariana-mg\/"},"wordCount":624,"commentCount":0,"publisher":{"@id":"https:\/\/ubanews.com\/site\/#organization"},"image":{"@id":"https:\/\/ubanews.com\/site\/2022\/05\/30\/uba-conquista-titulos-em-competicao-estadual-do-taekwondo-em-mariana-mg\/#primaryimage"},"thumbnailUrl":"https:\/\/ubanews.com\/site\/wp-content\/uploads\/2022\/05\/2.jpg","articleSection":["Geral","Slide"],"inLanguage":"pt-BR","potentialAction":[{"@type":"CommentAction","name":"Comment","target":["https:\/\/ubanews.com\/site\/2022\/05\/30\/uba-conquista-titulos-em-competicao-estadual-do-taekwondo-em-mariana-mg\/#respond"]}]},{"@type":"WebPage","@id":"https:\/\/ubanews.com\/site\/2022\/05\/30\/uba-conquista-titulos-em-competicao-estadual-do-taekwondo-em-mariana-mg\/","url":"https:\/\/ubanews.com\/site\/2022\/05\/30\/uba-conquista-titulos-em-competicao-estadual-do-taekwondo-em-mariana-mg\/","name":"UB\u00c1 CONQUISTA TITULOS EM COMPETI\u00c7\u00c3O ESTADUAL DO TAEKWONDO EM MARIANA \u2013 MG - Ub\u00e1 News","isPartOf":{"@id":"https:\/\/ubanews.com\/site\/#website"},"primaryImageOfPage":{"@id":"https:\/\/ubanews.com\/site\/2022\/05\/30\/uba-conquista-titulos-em-competicao-estadual-do-taekwondo-em-mariana-mg\/#primaryimage"},"image":{"@id":"https:\/\/ubanews.com\/site\/2022\/05\/30\/uba-conquista-titulos-em-competicao-estadual-do-taekwondo-em-mariana-mg\/#primaryimage"},"thumbnailUrl":"https:\/\/ubanews.com\/site\/wp-content\/uploads\/2022\/05\/2.jpg","datePublished":"2022-05-30T16:41:12+00:00","dateModified":"2022-05-31T20:44:13+00:00","breadcrumb":{"@id":"https:\/\/ubanews.com\/site\/2022\/05\/30\/uba-conquista-titulos-em-competicao-estadual-do-taekwondo-em-mariana-mg\/#breadcrumb"},"inLanguage":"pt-BR","potentialAction":[{"@type":"ReadAction","target":["https:\/\/ubanews.com\/site\/2022\/05\/30\/uba-conquista-titulos-em-competicao-estadual-do-taekwondo-em-mariana-mg\/"]}]},{"@type":"ImageObject","inLanguage":"pt-BR","@id":"https:\/\/ubanews.com\/site\/2022\/05\/30\/uba-conquista-titulos-em-competicao-estadual-do-taekwondo-em-mariana-mg\/#primaryimage","url":"https:\/\/ubanews.com\/site\/wp-content\/uploads\/2022\/05\/2.jpg","contentUrl":"https:\/\/ubanews.com\/site\/wp-content\/uploads\/2022\/05\/2.jpg","width":1600,"height":1200},{"@type":"BreadcrumbList","@id":"https:\/\/ubanews.com\/site\/2022\/05\/30\/uba-conquista-titulos-em-competicao-estadual-do-taekwondo-em-mariana-mg\/#breadcrumb","itemListElement":[{"@type":"ListItem","position":1,"name":"Home","item":"https:\/\/ubanews.com\/site\/"},{"@type":"ListItem","position":2,"name":"UB\u00c1 CONQUISTA TITULOS EM COMPETI\u00c7\u00c3O ESTADUAL DO TAEKWONDO EM MARIANA \u2013 MG"}]},{"@type":"WebSite","@id":"https:\/\/ubanews.com\/site\/#website","url":"https:\/\/ubanews.com\/site\/","name":"Ub\u00e1 News","description":"","publisher":{"@id":"https:\/\/ubanews.com\/site\/#organization"},"potentialAction":[{"@type":"SearchAction","target":{"@type":"EntryPoint","urlTemplate":"https:\/\/ubanews.com\/site\/?s={search_term_string}"},"query-input":{"@type":"PropertyValueSpecification","valueRequired":true,"valueName":"search_term_string"}}],"inLanguage":"pt-BR"},{"@type":"Organization","@id":"https:\/\/ubanews.com\/site\/#organization","name":"Ub\u00e1 News","url":"https:\/\/ubanews.com\/site\/","logo":{"@type":"ImageObject","inLanguage":"pt-BR","@id":"https:\/\/ubanews.com\/site\/#\/schema\/logo\/image\/","url":"https:\/\/ubanews.com\/site\/wp-content\/uploads\/2018\/01\/logoubanews.png","contentUrl":"https:\/\/ubanews.com\/site\/wp-content\/uploads\/2018\/01\/logoubanews.png","width":261,"height":99,"caption":"Ub\u00e1 News"},"image":{"@id":"https:\/\/ubanews.com\/site\/#\/schema\/logo\/image\/"},"sameAs":["https:\/\/www.facebook.com\/Ub\u00e1News-Carlos-Roberto-Sodr\u00e9-418778301977370"]},{"@type":"Person","@id":"https:\/\/ubanews.com\/site\/#\/schema\/person\/d90c9e47252fbb63dcc969fe4c8b9d10","name":"Sodr\u00e9","image":{"@type":"ImageObject","inLanguage":"pt-BR","@id":"https:\/\/secure.gravatar.com\/avatar\/5ba2793f0590b9dbfad3fdec4ee714485b3eef211c9b32ee53d414060454a56c?s=96&d=mm&r=g","url":"https:\/\/secure.gravatar.com\/avatar\/5ba2793f0590b9dbfad3fdec4ee714485b3eef211c9b32ee53d414060454a56c?s=96&d=mm&r=g","contentUrl":"https:\/\/secure.gravatar.com\/avatar\/5ba2793f0590b9dbfad3fdec4ee714485b3eef211c9b32ee53d414060454a56c?s=96&d=mm&r=g","caption":"Sodr\u00e9"},"sameAs":["https:\/\/www.facebook.com\/carosroberto.sodre.5\/"],"url":"https:\/\/ubanews.com\/site\/author\/felipe\/"}]}},"_links":{"self":[{"href":"https:\/\/ubanews.com\/site\/wp-json\/wp\/v2\/posts\/21194","targetHints":{"allow":["GET"]}}],"collection":[{"href":"https:\/\/ubanews.com\/site\/wp-json\/wp\/v2\/posts"}],"about":[{"href":"https:\/\/ubanews.com\/site\/wp-json\/wp\/v2\/types\/post"}],"author":[{"embeddable":true,"href":"https:\/\/ubanews.com\/site\/wp-json\/wp\/v2\/users\/2"}],"replies":[{"embeddable":true,"href":"https:\/\/ubanews.com\/site\/wp-json\/wp\/v2\/comments?post=21194"}],"version-history":[{"count":0,"href":"https:\/\/ubanews.com\/site\/wp-json\/wp\/v2\/posts\/21194\/revisions"}],"wp:featuredmedia":[{"embeddable":true,"href":"https:\/\/ubanews.com\/site\/wp-json\/wp\/v2\/media\/21196"}],"wp:attachment":[{"href":"https:\/\/ubanews.com\/site\/wp-json\/wp\/v2\/media?parent=21194"}],"wp:term":[{"taxonomy":"category","embeddable":true,"href":"https:\/\/ubanews.com\/site\/wp-json\/wp\/v2\/categories?post=21194"},{"taxonomy":"post_tag","embeddable":true,"href":"https:\/\/ubanews.com\/site\/wp-json\/wp\/v2\/tags?post=21194"}],"curies":[{"name":"wp","href":"https:\/\/api.w.org\/{rel}","templated":true}]}}