{"id":21185,"date":"2022-05-31T10:00:08","date_gmt":"2022-05-31T13:00:08","guid":{"rendered":"http:\/\/ubanews.com\/site\/?p=21185"},"modified":"2022-05-31T17:19:00","modified_gmt":"2022-05-31T20:19:00","slug":"policia-civil-apreende-mais-de-65-barras-de-maconha-em-vicosa","status":"publish","type":"post","link":"https:\/\/ubanews.com\/site\/2022\/05\/31\/policia-civil-apreende-mais-de-65-barras-de-maconha-em-vicosa\/","title":{"rendered":"POL\u00cdCIA CIVIL APREENDE MAIS DE 65 BARRAS DE MACONHA EM VI\u00c7OSA"},"content":{"rendered":"<p>A\u00e7\u00e3o integrada entre policiais civis das Delegacias Regionais em Vi\u00e7osa e S\u00e3o Jo\u00e3o del-Rei culminou na pris\u00e3o de um suspeito. Drogas sint\u00e9ticas e um ve\u00edculo tamb\u00e9m foram apreendidos.<\/p>\n<p>Na segunda-feira (30\/5), a Pol\u00edcia Civil de Minas Gerais (PCMG) apreendeu 65 barras de maconha, no munic\u00edpio de Vi\u00e7osa, na Zona da Mata mineira, durante a realiza\u00e7\u00e3o da opera\u00e7\u00e3o Curinga Final. Na ocasi\u00e3o, foram localizados drogas sint\u00e9ticas, m\u00e1quina de cart\u00e3o de cr\u00e9dito e cheques. Tamb\u00e9m foi apreendido um ve\u00edculo que seria supostamente utilizado para transporte de entorpecentes.<\/p>\n<p><a href=\"https:\/\/ubanews.com\/site\/wp-content\/uploads\/2022\/05\/WhatsApp-Image-2022-05-31-at-09.39.011.jpeg\"><img decoding=\"async\" class=\"aligncenter size-full wp-image-21186 lazyload\" data-src=\"https:\/\/ubanews.com\/site\/wp-content\/uploads\/2022\/05\/WhatsApp-Image-2022-05-31-at-09.39.011.jpeg\" alt=\"\" width=\"777\" height=\"1599\" data-srcset=\"https:\/\/ubanews.com\/site\/wp-content\/uploads\/2022\/05\/WhatsApp-Image-2022-05-31-at-09.39.011.jpeg 777w, https:\/\/ubanews.com\/site\/wp-content\/uploads\/2022\/05\/WhatsApp-Image-2022-05-31-at-09.39.011-146x300.jpeg 146w, https:\/\/ubanews.com\/site\/wp-content\/uploads\/2022\/05\/WhatsApp-Image-2022-05-31-at-09.39.011-498x1024.jpeg 498w, https:\/\/ubanews.com\/site\/wp-content\/uploads\/2022\/05\/WhatsApp-Image-2022-05-31-at-09.39.011-768x1580.jpeg 768w, https:\/\/ubanews.com\/site\/wp-content\/uploads\/2022\/05\/WhatsApp-Image-2022-05-31-at-09.39.011-746x1536.jpeg 746w\" data-sizes=\"(max-width: 777px) 100vw, 777px\" src=\"data:image\/svg+xml;base64,PHN2ZyB3aWR0aD0iMSIgaGVpZ2h0PSIxIiB4bWxucz0iaHR0cDovL3d3dy53My5vcmcvMjAwMC9zdmciPjwvc3ZnPg==\" style=\"--smush-placeholder-width: 777px; --smush-placeholder-aspect-ratio: 777\/1599;\" \/><\/a><\/p>\n<p>Segundo informa\u00e7\u00f5es do delegado regional em Vi\u00e7osa, Jos\u00e9 Donizetti Teixeira, foi uma a\u00e7\u00e3o integrada entre a 5\u00aa Delegacia Regional de Pol\u00edcia Civil em Vi\u00e7osa, pertencente ao 4\u00ba Departamento da PCMG, e a 3\u00aa Delegacia Regional de Pol\u00edcia Civil em S\u00e3o Jo\u00e3o del-Rei, unidade que integra o 13\u00ba Departamento da PCMG. A a\u00e7\u00e3o teve a finalidade de reprimir o crime de tr\u00e1fico de drogas e resultou no cumprimento de mandado de busca e apreens\u00e3o, expedido pelo ju\u00edzo da comarca de S\u00e3o Jo\u00e3o Del-Rei, em desfavor de um investigado, de 28 anos, que se encontra foragido.<\/p>\n<p>Durante as buscas realizadas na resid\u00eancia dele, no interior de uma mala de viagem, foram encontrados as barras de maconha, LSD, ecstasy, anabolizantes, m\u00e1quina de cart\u00e3o de cr\u00e9dito e cheques. No mesmo terreno, havia a serralheria do suspeito, onde o funcion\u00e1rio dele foi preso em flagrante com uma por\u00e7\u00e3o de subst\u00e2ncia an\u00e1loga \u00e0 maconha, comprimidos de ecstasy e LSD. Al\u00e9m disso, as subst\u00e2ncias apresentavam caracter\u00edsticas semelhantes \u00e0quelas apreendidas no im\u00f3vel do empregador dele, inclusive as embalagens, demonstrando que o funcion\u00e1rio estaria supostamente associado \u00e0 explora\u00e7\u00e3o do tr\u00e1fico de drogas.<\/p>\n<p>Ap\u00f3s a formaliza\u00e7\u00e3o do flagrante, o suspeito foi encaminhado ao sistema prisional, onde permanece \u00e0 disposi\u00e7\u00e3o da Justi\u00e7a. Os trabalhos investigativos prosseguem visando capturar o outro suspeito.<\/p>\n<p>Assessoria de Comunica\u00e7\u00e3o PCMG<\/p>\n<p><a href=\"https:\/\/ubanews.com\/site\/wp-content\/uploads\/2022\/05\/WhatsApp-Image-2022-05-31-at-09.39.01.jpeg\"><img decoding=\"async\" class=\"aligncenter size-full wp-image-21187 lazyload\" data-src=\"https:\/\/ubanews.com\/site\/wp-content\/uploads\/2022\/05\/WhatsApp-Image-2022-05-31-at-09.39.01.jpeg\" alt=\"\" width=\"777\" height=\"1599\" data-srcset=\"https:\/\/ubanews.com\/site\/wp-content\/uploads\/2022\/05\/WhatsApp-Image-2022-05-31-at-09.39.01.jpeg 777w, https:\/\/ubanews.com\/site\/wp-content\/uploads\/2022\/05\/WhatsApp-Image-2022-05-31-at-09.39.01-146x300.jpeg 146w, https:\/\/ubanews.com\/site\/wp-content\/uploads\/2022\/05\/WhatsApp-Image-2022-05-31-at-09.39.01-498x1024.jpeg 498w, https:\/\/ubanews.com\/site\/wp-content\/uploads\/2022\/05\/WhatsApp-Image-2022-05-31-at-09.39.01-768x1580.jpeg 768w, https:\/\/ubanews.com\/site\/wp-content\/uploads\/2022\/05\/WhatsApp-Image-2022-05-31-at-09.39.01-746x1536.jpeg 746w\" data-sizes=\"(max-width: 777px) 100vw, 777px\" src=\"data:image\/svg+xml;base64,PHN2ZyB3aWR0aD0iMSIgaGVpZ2h0PSIxIiB4bWxucz0iaHR0cDovL3d3dy53My5vcmcvMjAwMC9zdmciPjwvc3ZnPg==\" style=\"--smush-placeholder-width: 777px; --smush-placeholder-aspect-ratio: 777\/1599;\" \/><\/a><\/p>\n<p>&nbsp;<\/p>\n","protected":false},"excerpt":{"rendered":"<p>A\u00e7\u00e3o integrada entre policiais civis das Delegacias Regionais em Vi\u00e7osa<\/p>\n","protected":false},"author":2,"featured_media":21188,"comment_status":"open","ping_status":"open","sticky":false,"template":"","format":"standard","meta":{"footnotes":""},"categories":[1,3],"tags":[],"class_list":["post-21185","post","type-post","status-publish","format-standard","has-post-thumbnail","hentry","category-sem-categoria","category-slide"],"yoast_head":"<!-- This site is optimized with the Yoast SEO plugin v27.2 - https:\/\/yoast.com\/product\/yoast-seo-wordpress\/ -->\n<title>POL\u00cdCIA CIVIL APREENDE MAIS DE 65 BARRAS DE MACONHA EM VI\u00c7OSA - Ub\u00e1 News<\/title>\n<meta name=\"robots\" content=\"index, follow, max-snippet:-1, max-image-preview:large, max-video-preview:-1\" \/>\n<link rel=\"canonical\" href=\"https:\/\/ubanews.com\/site\/2022\/05\/31\/policia-civil-apreende-mais-de-65-barras-de-maconha-em-vicosa\/\" \/>\n<meta property=\"og:locale\" content=\"pt_BR\" \/>\n<meta property=\"og:type\" content=\"article\" \/>\n<meta property=\"og:title\" content=\"POL\u00cdCIA CIVIL APREENDE MAIS DE 65 BARRAS DE MACONHA EM VI\u00c7OSA - Ub\u00e1 News\" \/>\n<meta property=\"og:description\" content=\"A\u00e7\u00e3o integrada entre policiais civis das Delegacias Regionais em Vi\u00e7osa\" \/>\n<meta property=\"og:url\" content=\"https:\/\/ubanews.com\/site\/2022\/05\/31\/policia-civil-apreende-mais-de-65-barras-de-maconha-em-vicosa\/\" \/>\n<meta property=\"og:site_name\" content=\"Ub\u00e1 News\" \/>\n<meta property=\"article:publisher\" content=\"https:\/\/www.facebook.com\/Ub%c3%a1News-Carlos-Roberto-Sodr%c3%a9-418778301977370\" \/>\n<meta property=\"article:author\" content=\"https:\/\/www.facebook.com\/carosroberto.sodre.5\/\" \/>\n<meta property=\"article:published_time\" content=\"2022-05-31T13:00:08+00:00\" \/>\n<meta property=\"article:modified_time\" content=\"2022-05-31T20:19:00+00:00\" \/>\n<meta property=\"og:image\" content=\"https:\/\/ubanews.com\/site\/wp-content\/uploads\/2022\/05\/WhatsApp-Image-2022-05-31-at-09.39.02.jpeg\" \/>\n\t<meta property=\"og:image:width\" content=\"1599\" \/>\n\t<meta property=\"og:image:height\" content=\"777\" \/>\n\t<meta property=\"og:image:type\" content=\"image\/jpeg\" \/>\n<meta name=\"author\" content=\"Sodr\u00e9\" \/>\n<meta name=\"twitter:card\" content=\"summary_large_image\" \/>\n<meta name=\"twitter:label1\" content=\"Escrito por\" \/>\n\t<meta name=\"twitter:data1\" content=\"Sodr\u00e9\" \/>\n\t<meta name=\"twitter:label2\" content=\"Est. tempo de leitura\" \/>\n\t<meta name=\"twitter:data2\" content=\"2 minutos\" \/>\n<script type=\"application\/ld+json\" class=\"yoast-schema-graph\">{\"@context\":\"https:\/\/schema.org\",\"@graph\":[{\"@type\":\"Article\",\"@id\":\"https:\/\/ubanews.com\/site\/2022\/05\/31\/policia-civil-apreende-mais-de-65-barras-de-maconha-em-vicosa\/#article\",\"isPartOf\":{\"@id\":\"https:\/\/ubanews.com\/site\/2022\/05\/31\/policia-civil-apreende-mais-de-65-barras-de-maconha-em-vicosa\/\"},\"author\":{\"name\":\"Sodr\u00e9\",\"@id\":\"https:\/\/ubanews.com\/site\/#\/schema\/person\/d90c9e47252fbb63dcc969fe4c8b9d10\"},\"headline\":\"POL\u00cdCIA CIVIL APREENDE MAIS DE 65 BARRAS DE MACONHA EM VI\u00c7OSA\",\"datePublished\":\"2022-05-31T13:00:08+00:00\",\"dateModified\":\"2022-05-31T20:19:00+00:00\",\"mainEntityOfPage\":{\"@id\":\"https:\/\/ubanews.com\/site\/2022\/05\/31\/policia-civil-apreende-mais-de-65-barras-de-maconha-em-vicosa\/\"},\"wordCount\":356,\"commentCount\":0,\"publisher\":{\"@id\":\"https:\/\/ubanews.com\/site\/#organization\"},\"image\":{\"@id\":\"https:\/\/ubanews.com\/site\/2022\/05\/31\/policia-civil-apreende-mais-de-65-barras-de-maconha-em-vicosa\/#primaryimage\"},\"thumbnailUrl\":\"https:\/\/ubanews.com\/site\/wp-content\/uploads\/2022\/05\/WhatsApp-Image-2022-05-31-at-09.39.02.jpeg\",\"articleSection\":[\"Geral\",\"Slide\"],\"inLanguage\":\"pt-BR\",\"potentialAction\":[{\"@type\":\"CommentAction\",\"name\":\"Comment\",\"target\":[\"https:\/\/ubanews.com\/site\/2022\/05\/31\/policia-civil-apreende-mais-de-65-barras-de-maconha-em-vicosa\/#respond\"]}]},{\"@type\":\"WebPage\",\"@id\":\"https:\/\/ubanews.com\/site\/2022\/05\/31\/policia-civil-apreende-mais-de-65-barras-de-maconha-em-vicosa\/\",\"url\":\"https:\/\/ubanews.com\/site\/2022\/05\/31\/policia-civil-apreende-mais-de-65-barras-de-maconha-em-vicosa\/\",\"name\":\"POL\u00cdCIA CIVIL APREENDE MAIS DE 65 BARRAS DE MACONHA EM VI\u00c7OSA - Ub\u00e1 News\",\"isPartOf\":{\"@id\":\"https:\/\/ubanews.com\/site\/#website\"},\"primaryImageOfPage\":{\"@id\":\"https:\/\/ubanews.com\/site\/2022\/05\/31\/policia-civil-apreende-mais-de-65-barras-de-maconha-em-vicosa\/#primaryimage\"},\"image\":{\"@id\":\"https:\/\/ubanews.com\/site\/2022\/05\/31\/policia-civil-apreende-mais-de-65-barras-de-maconha-em-vicosa\/#primaryimage\"},\"thumbnailUrl\":\"https:\/\/ubanews.com\/site\/wp-content\/uploads\/2022\/05\/WhatsApp-Image-2022-05-31-at-09.39.02.jpeg\",\"datePublished\":\"2022-05-31T13:00:08+00:00\",\"dateModified\":\"2022-05-31T20:19:00+00:00\",\"breadcrumb\":{\"@id\":\"https:\/\/ubanews.com\/site\/2022\/05\/31\/policia-civil-apreende-mais-de-65-barras-de-maconha-em-vicosa\/#breadcrumb\"},\"inLanguage\":\"pt-BR\",\"potentialAction\":[{\"@type\":\"ReadAction\",\"target\":[\"https:\/\/ubanews.com\/site\/2022\/05\/31\/policia-civil-apreende-mais-de-65-barras-de-maconha-em-vicosa\/\"]}]},{\"@type\":\"ImageObject\",\"inLanguage\":\"pt-BR\",\"@id\":\"https:\/\/ubanews.com\/site\/2022\/05\/31\/policia-civil-apreende-mais-de-65-barras-de-maconha-em-vicosa\/#primaryimage\",\"url\":\"https:\/\/ubanews.com\/site\/wp-content\/uploads\/2022\/05\/WhatsApp-Image-2022-05-31-at-09.39.02.jpeg\",\"contentUrl\":\"https:\/\/ubanews.com\/site\/wp-content\/uploads\/2022\/05\/WhatsApp-Image-2022-05-31-at-09.39.02.jpeg\",\"width\":1599,\"height\":777},{\"@type\":\"BreadcrumbList\",\"@id\":\"https:\/\/ubanews.com\/site\/2022\/05\/31\/policia-civil-apreende-mais-de-65-barras-de-maconha-em-vicosa\/#breadcrumb\",\"itemListElement\":[{\"@type\":\"ListItem\",\"position\":1,\"name\":\"Home\",\"item\":\"https:\/\/ubanews.com\/site\/\"},{\"@type\":\"ListItem\",\"position\":2,\"name\":\"POL\u00cdCIA CIVIL APREENDE MAIS DE 65 BARRAS DE MACONHA EM VI\u00c7OSA\"}]},{\"@type\":\"WebSite\",\"@id\":\"https:\/\/ubanews.com\/site\/#website\",\"url\":\"https:\/\/ubanews.com\/site\/\",\"name\":\"Ub\u00e1 News\",\"description\":\"\",\"publisher\":{\"@id\":\"https:\/\/ubanews.com\/site\/#organization\"},\"potentialAction\":[{\"@type\":\"SearchAction\",\"target\":{\"@type\":\"EntryPoint\",\"urlTemplate\":\"https:\/\/ubanews.com\/site\/?s={search_term_string}\"},\"query-input\":{\"@type\":\"PropertyValueSpecification\",\"valueRequired\":true,\"valueName\":\"search_term_string\"}}],\"inLanguage\":\"pt-BR\"},{\"@type\":\"Organization\",\"@id\":\"https:\/\/ubanews.com\/site\/#organization\",\"name\":\"Ub\u00e1 News\",\"url\":\"https:\/\/ubanews.com\/site\/\",\"logo\":{\"@type\":\"ImageObject\",\"inLanguage\":\"pt-BR\",\"@id\":\"https:\/\/ubanews.com\/site\/#\/schema\/logo\/image\/\",\"url\":\"https:\/\/ubanews.com\/site\/wp-content\/uploads\/2018\/01\/logoubanews.png\",\"contentUrl\":\"https:\/\/ubanews.com\/site\/wp-content\/uploads\/2018\/01\/logoubanews.png\",\"width\":261,\"height\":99,\"caption\":\"Ub\u00e1 News\"},\"image\":{\"@id\":\"https:\/\/ubanews.com\/site\/#\/schema\/logo\/image\/\"},\"sameAs\":[\"https:\/\/www.facebook.com\/Ub\u00e1News-Carlos-Roberto-Sodr\u00e9-418778301977370\"]},{\"@type\":\"Person\",\"@id\":\"https:\/\/ubanews.com\/site\/#\/schema\/person\/d90c9e47252fbb63dcc969fe4c8b9d10\",\"name\":\"Sodr\u00e9\",\"image\":{\"@type\":\"ImageObject\",\"inLanguage\":\"pt-BR\",\"@id\":\"https:\/\/secure.gravatar.com\/avatar\/5ba2793f0590b9dbfad3fdec4ee714485b3eef211c9b32ee53d414060454a56c?s=96&d=mm&r=g\",\"url\":\"https:\/\/secure.gravatar.com\/avatar\/5ba2793f0590b9dbfad3fdec4ee714485b3eef211c9b32ee53d414060454a56c?s=96&d=mm&r=g\",\"contentUrl\":\"https:\/\/secure.gravatar.com\/avatar\/5ba2793f0590b9dbfad3fdec4ee714485b3eef211c9b32ee53d414060454a56c?s=96&d=mm&r=g\",\"caption\":\"Sodr\u00e9\"},\"sameAs\":[\"https:\/\/www.facebook.com\/carosroberto.sodre.5\/\"],\"url\":\"https:\/\/ubanews.com\/site\/author\/felipe\/\"}]}<\/script>\n<!-- \/ Yoast SEO plugin. -->","yoast_head_json":{"title":"POL\u00cdCIA CIVIL APREENDE MAIS DE 65 BARRAS DE MACONHA EM VI\u00c7OSA - Ub\u00e1 News","robots":{"index":"index","follow":"follow","max-snippet":"max-snippet:-1","max-image-preview":"max-image-preview:large","max-video-preview":"max-video-preview:-1"},"canonical":"https:\/\/ubanews.com\/site\/2022\/05\/31\/policia-civil-apreende-mais-de-65-barras-de-maconha-em-vicosa\/","og_locale":"pt_BR","og_type":"article","og_title":"POL\u00cdCIA CIVIL APREENDE MAIS DE 65 BARRAS DE MACONHA EM VI\u00c7OSA - Ub\u00e1 News","og_description":"A\u00e7\u00e3o integrada entre policiais civis das Delegacias Regionais em Vi\u00e7osa","og_url":"https:\/\/ubanews.com\/site\/2022\/05\/31\/policia-civil-apreende-mais-de-65-barras-de-maconha-em-vicosa\/","og_site_name":"Ub\u00e1 News","article_publisher":"https:\/\/www.facebook.com\/Ub%c3%a1News-Carlos-Roberto-Sodr%c3%a9-418778301977370","article_author":"https:\/\/www.facebook.com\/carosroberto.sodre.5\/","article_published_time":"2022-05-31T13:00:08+00:00","article_modified_time":"2022-05-31T20:19:00+00:00","og_image":[{"width":1599,"height":777,"url":"https:\/\/ubanews.com\/site\/wp-content\/uploads\/2022\/05\/WhatsApp-Image-2022-05-31-at-09.39.02.jpeg","type":"image\/jpeg"}],"author":"Sodr\u00e9","twitter_card":"summary_large_image","twitter_misc":{"Escrito por":"Sodr\u00e9","Est. tempo de leitura":"2 minutos"},"schema":{"@context":"https:\/\/schema.org","@graph":[{"@type":"Article","@id":"https:\/\/ubanews.com\/site\/2022\/05\/31\/policia-civil-apreende-mais-de-65-barras-de-maconha-em-vicosa\/#article","isPartOf":{"@id":"https:\/\/ubanews.com\/site\/2022\/05\/31\/policia-civil-apreende-mais-de-65-barras-de-maconha-em-vicosa\/"},"author":{"name":"Sodr\u00e9","@id":"https:\/\/ubanews.com\/site\/#\/schema\/person\/d90c9e47252fbb63dcc969fe4c8b9d10"},"headline":"POL\u00cdCIA CIVIL APREENDE MAIS DE 65 BARRAS DE MACONHA EM VI\u00c7OSA","datePublished":"2022-05-31T13:00:08+00:00","dateModified":"2022-05-31T20:19:00+00:00","mainEntityOfPage":{"@id":"https:\/\/ubanews.com\/site\/2022\/05\/31\/policia-civil-apreende-mais-de-65-barras-de-maconha-em-vicosa\/"},"wordCount":356,"commentCount":0,"publisher":{"@id":"https:\/\/ubanews.com\/site\/#organization"},"image":{"@id":"https:\/\/ubanews.com\/site\/2022\/05\/31\/policia-civil-apreende-mais-de-65-barras-de-maconha-em-vicosa\/#primaryimage"},"thumbnailUrl":"https:\/\/ubanews.com\/site\/wp-content\/uploads\/2022\/05\/WhatsApp-Image-2022-05-31-at-09.39.02.jpeg","articleSection":["Geral","Slide"],"inLanguage":"pt-BR","potentialAction":[{"@type":"CommentAction","name":"Comment","target":["https:\/\/ubanews.com\/site\/2022\/05\/31\/policia-civil-apreende-mais-de-65-barras-de-maconha-em-vicosa\/#respond"]}]},{"@type":"WebPage","@id":"https:\/\/ubanews.com\/site\/2022\/05\/31\/policia-civil-apreende-mais-de-65-barras-de-maconha-em-vicosa\/","url":"https:\/\/ubanews.com\/site\/2022\/05\/31\/policia-civil-apreende-mais-de-65-barras-de-maconha-em-vicosa\/","name":"POL\u00cdCIA CIVIL APREENDE MAIS DE 65 BARRAS DE MACONHA EM VI\u00c7OSA - Ub\u00e1 News","isPartOf":{"@id":"https:\/\/ubanews.com\/site\/#website"},"primaryImageOfPage":{"@id":"https:\/\/ubanews.com\/site\/2022\/05\/31\/policia-civil-apreende-mais-de-65-barras-de-maconha-em-vicosa\/#primaryimage"},"image":{"@id":"https:\/\/ubanews.com\/site\/2022\/05\/31\/policia-civil-apreende-mais-de-65-barras-de-maconha-em-vicosa\/#primaryimage"},"thumbnailUrl":"https:\/\/ubanews.com\/site\/wp-content\/uploads\/2022\/05\/WhatsApp-Image-2022-05-31-at-09.39.02.jpeg","datePublished":"2022-05-31T13:00:08+00:00","dateModified":"2022-05-31T20:19:00+00:00","breadcrumb":{"@id":"https:\/\/ubanews.com\/site\/2022\/05\/31\/policia-civil-apreende-mais-de-65-barras-de-maconha-em-vicosa\/#breadcrumb"},"inLanguage":"pt-BR","potentialAction":[{"@type":"ReadAction","target":["https:\/\/ubanews.com\/site\/2022\/05\/31\/policia-civil-apreende-mais-de-65-barras-de-maconha-em-vicosa\/"]}]},{"@type":"ImageObject","inLanguage":"pt-BR","@id":"https:\/\/ubanews.com\/site\/2022\/05\/31\/policia-civil-apreende-mais-de-65-barras-de-maconha-em-vicosa\/#primaryimage","url":"https:\/\/ubanews.com\/site\/wp-content\/uploads\/2022\/05\/WhatsApp-Image-2022-05-31-at-09.39.02.jpeg","contentUrl":"https:\/\/ubanews.com\/site\/wp-content\/uploads\/2022\/05\/WhatsApp-Image-2022-05-31-at-09.39.02.jpeg","width":1599,"height":777},{"@type":"BreadcrumbList","@id":"https:\/\/ubanews.com\/site\/2022\/05\/31\/policia-civil-apreende-mais-de-65-barras-de-maconha-em-vicosa\/#breadcrumb","itemListElement":[{"@type":"ListItem","position":1,"name":"Home","item":"https:\/\/ubanews.com\/site\/"},{"@type":"ListItem","position":2,"name":"POL\u00cdCIA CIVIL APREENDE MAIS DE 65 BARRAS DE MACONHA EM VI\u00c7OSA"}]},{"@type":"WebSite","@id":"https:\/\/ubanews.com\/site\/#website","url":"https:\/\/ubanews.com\/site\/","name":"Ub\u00e1 News","description":"","publisher":{"@id":"https:\/\/ubanews.com\/site\/#organization"},"potentialAction":[{"@type":"SearchAction","target":{"@type":"EntryPoint","urlTemplate":"https:\/\/ubanews.com\/site\/?s={search_term_string}"},"query-input":{"@type":"PropertyValueSpecification","valueRequired":true,"valueName":"search_term_string"}}],"inLanguage":"pt-BR"},{"@type":"Organization","@id":"https:\/\/ubanews.com\/site\/#organization","name":"Ub\u00e1 News","url":"https:\/\/ubanews.com\/site\/","logo":{"@type":"ImageObject","inLanguage":"pt-BR","@id":"https:\/\/ubanews.com\/site\/#\/schema\/logo\/image\/","url":"https:\/\/ubanews.com\/site\/wp-content\/uploads\/2018\/01\/logoubanews.png","contentUrl":"https:\/\/ubanews.com\/site\/wp-content\/uploads\/2018\/01\/logoubanews.png","width":261,"height":99,"caption":"Ub\u00e1 News"},"image":{"@id":"https:\/\/ubanews.com\/site\/#\/schema\/logo\/image\/"},"sameAs":["https:\/\/www.facebook.com\/Ub\u00e1News-Carlos-Roberto-Sodr\u00e9-418778301977370"]},{"@type":"Person","@id":"https:\/\/ubanews.com\/site\/#\/schema\/person\/d90c9e47252fbb63dcc969fe4c8b9d10","name":"Sodr\u00e9","image":{"@type":"ImageObject","inLanguage":"pt-BR","@id":"https:\/\/secure.gravatar.com\/avatar\/5ba2793f0590b9dbfad3fdec4ee714485b3eef211c9b32ee53d414060454a56c?s=96&d=mm&r=g","url":"https:\/\/secure.gravatar.com\/avatar\/5ba2793f0590b9dbfad3fdec4ee714485b3eef211c9b32ee53d414060454a56c?s=96&d=mm&r=g","contentUrl":"https:\/\/secure.gravatar.com\/avatar\/5ba2793f0590b9dbfad3fdec4ee714485b3eef211c9b32ee53d414060454a56c?s=96&d=mm&r=g","caption":"Sodr\u00e9"},"sameAs":["https:\/\/www.facebook.com\/carosroberto.sodre.5\/"],"url":"https:\/\/ubanews.com\/site\/author\/felipe\/"}]}},"_links":{"self":[{"href":"https:\/\/ubanews.com\/site\/wp-json\/wp\/v2\/posts\/21185","targetHints":{"allow":["GET"]}}],"collection":[{"href":"https:\/\/ubanews.com\/site\/wp-json\/wp\/v2\/posts"}],"about":[{"href":"https:\/\/ubanews.com\/site\/wp-json\/wp\/v2\/types\/post"}],"author":[{"embeddable":true,"href":"https:\/\/ubanews.com\/site\/wp-json\/wp\/v2\/users\/2"}],"replies":[{"embeddable":true,"href":"https:\/\/ubanews.com\/site\/wp-json\/wp\/v2\/comments?post=21185"}],"version-history":[{"count":0,"href":"https:\/\/ubanews.com\/site\/wp-json\/wp\/v2\/posts\/21185\/revisions"}],"wp:featuredmedia":[{"embeddable":true,"href":"https:\/\/ubanews.com\/site\/wp-json\/wp\/v2\/media\/21188"}],"wp:attachment":[{"href":"https:\/\/ubanews.com\/site\/wp-json\/wp\/v2\/media?parent=21185"}],"wp:term":[{"taxonomy":"category","embeddable":true,"href":"https:\/\/ubanews.com\/site\/wp-json\/wp\/v2\/categories?post=21185"},{"taxonomy":"post_tag","embeddable":true,"href":"https:\/\/ubanews.com\/site\/wp-json\/wp\/v2\/tags?post=21185"}],"curies":[{"name":"wp","href":"https:\/\/api.w.org\/{rel}","templated":true}]}}