{"id":21172,"date":"2022-04-01T11:05:07","date_gmt":"2022-04-01T14:05:07","guid":{"rendered":"http:\/\/ubanews.com\/site\/?p=21172"},"modified":"2022-04-01T11:05:07","modified_gmt":"2022-04-01T14:05:07","slug":"sintese-das-ocorrencias-policiais-2","status":"publish","type":"post","link":"https:\/\/ubanews.com\/site\/2022\/04\/01\/sintese-das-ocorrencias-policiais-2\/","title":{"rendered":"S\u00edntese das Ocorr\u00eancias Policiais"},"content":{"rendered":"<p style=\"text-align: center;\"><strong>POL\u00cdCIA MILITAR RECUPERA MOTOCICLETA FURTADA<\/strong><\/p>\n<p><strong>Local:<\/strong> C\u00f3rrego Ribeir\u00e3o Santo Ant\u00f4nio, Merc\u00eas<\/p>\n<p><strong>Data:<\/strong> 31\/03\/2022 \u00e0s 09:00 horas<\/p>\n<p>&nbsp; &nbsp;A Pol\u00edcia Militar foi solicitada por uma v\u00edtima que relatou o seguinte fato: na data de ontem, por volta das 06:00h, estacionou a motocicleta Honda Fan preta, no C\u00f3rrego Santo Ant\u00f4nio, na Zona Rural , quando retornou ao local, n\u00e3o mais a encontrou. Acrescentou ainda, que a motocicleta estava com a chave na igni\u00e7\u00e3o. Durante rastreamento pela equipe policial, o ve\u00edculo foi localizado na Rua Adolfo Terra S\/n bairro Carangola na cidade de Merc\u00eas. O ve\u00edculo foi removido ao P\u00e1tio credenciado pelo Detran-MG e permanece \u00e0 disposi\u00e7\u00e3o do propriet\u00e1rio.<\/p>\n<p><img decoding=\"async\" class=\"wp-image-21173 aligncenter lazyload\" data-src=\"https:\/\/ubanews.com\/site\/wp-content\/uploads\/2022\/04\/ss-225x300.jpg\" alt=\"\" width=\"295\" height=\"393\" data-srcset=\"https:\/\/ubanews.com\/site\/wp-content\/uploads\/2022\/04\/ss-225x300.jpg 225w, https:\/\/ubanews.com\/site\/wp-content\/uploads\/2022\/04\/ss-768x1024.jpg 768w, https:\/\/ubanews.com\/site\/wp-content\/uploads\/2022\/04\/ss-1152x1536.jpg 1152w, https:\/\/ubanews.com\/site\/wp-content\/uploads\/2022\/04\/ss.jpg 1200w\" data-sizes=\"(max-width: 295px) 100vw, 295px\" src=\"data:image\/svg+xml;base64,PHN2ZyB3aWR0aD0iMSIgaGVpZ2h0PSIxIiB4bWxucz0iaHR0cDovL3d3dy53My5vcmcvMjAwMC9zdmciPjwvc3ZnPg==\" style=\"--smush-placeholder-width: 295px; --smush-placeholder-aspect-ratio: 295\/393;\" \/><\/p>\n<p style=\"text-align: center;\"><strong>POL\u00cdCIA MILITAR PRENDE FORAGIDO DA JUSTI\u00c7A<\/strong><\/p>\n<p><strong>Local:<\/strong> Rua Cel. Jos\u00e9 Mesquita, bairro Santo Ant\u00f4nio, Visconde do Rio Branco<\/p>\n<p><strong>Data:<\/strong> 31\/03\/2022 \u00e0s 15:38 horas<\/p>\n<p>&nbsp; &nbsp;A Pol\u00edcia Militar durante patrulhamento ao avistar um indiv\u00edduo \u00e0 Rua Cel. Jos\u00e9 Mesquita, no bairro Santo Ant\u00f4nio, e ao proceder busca pessoal nada de il\u00edcito foi localizado, por\u00e9m ao ser consultado o seu prontu\u00e1rio no Sistema Informatizado da PMMG , foi constatado que havia em seu desfavor um mandado de pris\u00e3o. O homem de 69 anos foi preso e conduzido \u00e0 delegacia.<\/p>\n<p style=\"text-align: center;\"><strong>POL\u00cdCIA MILITAR APREENDE AUTORES DE ROUBO<\/strong><\/p>\n<p><strong>Local:<\/strong> C\u00f3rrego Pombal, zona rural, Guidoval<\/p>\n<p><strong>Data:<\/strong> 31\/03\/2022 \u00e0s 10:50 horas<\/p>\n<p>&nbsp; &nbsp;A Pol\u00edcia Militar foi solicitada por uma v\u00edtima que relatou que transitiva pelo C\u00f3rrego Pombal, com a motocicleta Honda CG 150, cinza, quando foi surpreendida por 02 indiv\u00edduos que estavam \u00e0s margens da estrada. Um dos indiv\u00edduos, de posse de uma arma de fogo, subtraiu da v\u00edtima sua motocicleta, e ambos evadiram pela zona rural.<\/p>\n<p>&nbsp; &nbsp;Durante o rastreamento, foram localizados os autores sendo dois menores de idade que foram apreendidos e a motocicleta que foi removida ao p\u00e1tio credenciado pelo Detran-MG e permanece \u00e0 disposi\u00e7\u00e3o do propriet\u00e1rio.<\/p>\n<p style=\"text-align: center;\"><strong>POL\u00cdCIA MILITAR PRENDE FORAGIFO DA JUSTI\u00c7A<\/strong><\/p>\n<p><strong>Local:<\/strong> Avenida Padre Mac\u00e1rio, bairro Imperial, Tocantins<\/p>\n<p><strong>Data:<\/strong> 31\/03\/2022 \u00e0s 18:05 horas<\/p>\n<p>&nbsp; &nbsp;A Pol\u00edcia Militar durante abordagem a um indiv\u00edduo, que transitava na Av. Padre Mac\u00e1rio, no bairro Imperial, ao ser submetido \u00e0 busca pessoal, nada de il\u00edcito foi encontrado. Ao ser procedida consulta do seu prontu\u00e1rio no Sistema Informatizado da PMMG, constatou um mandado de pris\u00e3o em seu desfavor. O homem de 22 anos, foi preso e conduzido a Delegacia.<\/p>\n<p style=\"text-align: center;\"><strong>POL\u00cdCIA MILITAR PRENDE AUTOR DE TR\u00c1FICO IL\u00cdCITO DE DROGAS<\/strong><\/p>\n<p><strong>Local:<\/strong> Rua Ant\u00f4nio Talma, bairro Santa Efig\u00eania, Ub\u00e1<\/p>\n<p><strong>Data:<\/strong> 31\/03\/2022 \u00e0s 23:13 horas<\/p>\n<p>&nbsp; &nbsp;A Pol\u00edcia Militar compareceu na Rua Ant\u00f4nio Talma, bairro Santa Efig\u00eania, para verifica\u00e7\u00e3o de den\u00fancia de tr\u00e1fico il\u00edcito de drogas e ap\u00f3s chamarem no port\u00e3o da resid\u00eancia foram atendidos por um indiv\u00edduo.<\/p>\n<p>&nbsp; &nbsp;Durante a entrada os militares localizaram debaixo da escada 128 papelotes de subst\u00e2ncia an\u00e1loga \u00e0 coca\u00edna, 13 buchas de subst\u00e2ncia semelhante \u00e0 maconha,01 pedra de subst\u00e2ncia aparentando ser crack de tamanho m\u00e9dio, 30 pedras de subst\u00e2ncia an\u00e1loga a crack , 01 balan\u00e7a de precis\u00e3o e uma import\u00e2ncia em dinheiro.<\/p>\n<p>&nbsp; &nbsp;O autor, um homem de 21 anos, foi preso em flagrante delito e conduzido a Delegacia de Policia, juntamente com os materiais il\u00edcitos apreendidos.<\/p>\n<p style=\"text-align: center;\"><strong>POL\u00cdCI A MILITAR PRENDE AUTOR DE TR\u00c1FICO IL\u00cdCITO DE DROGAS<\/strong><\/p>\n<p><strong>Local:<\/strong> Rua Delorme Taveira, bairro Filipinho, Ub\u00e1<\/p>\n<p><strong>Data:<\/strong> 31\/03\/2022 \u00e0s 22:34 horas<\/p>\n<p>&nbsp; &nbsp;A Pol\u00edcia Militar durante patrulhamento avistou um indiv\u00edduo em atitudes suspeitas, contudo ele ao perceber a aproxima\u00e7\u00e3o da viatura correu em dire\u00e7\u00e3o a um lote vago sendo alcan\u00e7ado e ao realizar buscas foi encontrado uma sacola pl\u00e1stica contendo 31 buchas de subst\u00e2ncia semelhante \u00e0 maconha , 19 pedras de subst\u00e2ncia an\u00e1loga ao crack e 218 pinos de subst\u00e2ncia aparentando ser coca\u00edna .<\/p>\n<p>&nbsp; &nbsp;J\u00e1 na resid\u00eancia do autor, foi localizado uma sacola pl\u00e1stica contendo uma balan\u00e7a de precis\u00e3o,150 pinos de subst\u00e2ncia an\u00e1loga a coca\u00edna e uma quantia em dinheiro.<\/p>\n<p>&nbsp; &nbsp;O autor, um homem de 19 anos, foi preso e conduzido ate a delegacia, juntamente com as subst\u00e2ncias il\u00edcitas encontradas.<\/p>\n<p style=\"text-align: center;\"><strong>POL\u00cdCIA MILITAR RECUPERA VE\u00cdCULO ROUBADO<\/strong><\/p>\n<p><strong>Local:<\/strong> Rua Goi\u00e1s, bairro Chiquito Gazolla, Ub\u00e1<\/p>\n<p><strong>Data:<\/strong> 31\/03\/2022 \u00e0s 21:48 horas<\/p>\n<p>&nbsp; &nbsp;A Pol\u00edcia Militar foi acionada por uma v\u00edtima que relatou o seguinte fato: que trabalha como motorista de aplicativo e nesta data teve uma corrida solicitada na Rua Ant\u00f4nio Talma , com destino a Rua Oseias Maranh\u00e3o , contudo no bairro Cibraci o autor de posse de uma arma de fogo anunciou o assalto e determinou que o motorista entregasse todo o dinheiro e celulares.<\/p>\n<p>&nbsp; &nbsp;A vitima informou ao autor que trabalha apenas com cart\u00e3o e PIX e ao mostrar a carteira , aproveitou a distra\u00e7\u00e3o do autor puxou o freio de m\u00e3o , abriu a porta do ve\u00edculo e saltou em via p\u00fablica .<\/p>\n<p>&nbsp; &nbsp;Em seguida o autor assumiu a dire\u00e7\u00e3o do ve\u00edculo e evadiu em dire\u00e7\u00e3o ao interior do bairro.<\/p>\n<p>&nbsp; &nbsp;Diante das informa\u00e7\u00f5es relatadas pela v\u00edtima, as viaturas do turno conseguiram localizar o ve\u00edculo subtra\u00eddo um Voyage preto , sendo ele removido pelo p\u00e1tio credenciado pelo Detran-MG.<\/p>\n<p>Rastreamentos prosseguem objetivando prender o autor do crime.<\/p>\n<p><img decoding=\"async\" class=\"wp-image-21174 aligncenter lazyload\" data-src=\"https:\/\/ubanews.com\/site\/wp-content\/uploads\/2022\/04\/sdd-262x300.jpg\" alt=\"\" width=\"407\" height=\"467\" data-srcset=\"https:\/\/ubanews.com\/site\/wp-content\/uploads\/2022\/04\/sdd-262x300.jpg 262w, https:\/\/ubanews.com\/site\/wp-content\/uploads\/2022\/04\/sdd-768x881.jpg 768w, https:\/\/ubanews.com\/site\/wp-content\/uploads\/2022\/04\/sdd.jpg 893w\" data-sizes=\"(max-width: 407px) 100vw, 407px\" src=\"data:image\/svg+xml;base64,PHN2ZyB3aWR0aD0iMSIgaGVpZ2h0PSIxIiB4bWxucz0iaHR0cDovL3d3dy53My5vcmcvMjAwMC9zdmciPjwvc3ZnPg==\" style=\"--smush-placeholder-width: 407px; --smush-placeholder-aspect-ratio: 407\/467;\" \/><\/p>\n<p>&nbsp;<\/p>\n<p>Fonte: Comunica\u00e7\u00e3o Organizacional do 21\u00ba Batalh\u00e3o de Pol\u00edcia Militar<\/p>\n","protected":false},"excerpt":{"rendered":"<p>POL\u00cdCIA MILITAR RECUPERA MOTOCICLETA FURTADA Local: C\u00f3rrego Ribeir\u00e3o Santo Ant\u00f4nio,<\/p>\n","protected":false},"author":4,"featured_media":21174,"comment_status":"open","ping_status":"open","sticky":false,"template":"","format":"standard","meta":{"footnotes":""},"categories":[1],"tags":[],"class_list":["post-21172","post","type-post","status-publish","format-standard","has-post-thumbnail","hentry","category-sem-categoria"],"yoast_head":"<!-- This site is optimized with the Yoast SEO plugin v27.2 - https:\/\/yoast.com\/product\/yoast-seo-wordpress\/ -->\n<title>S\u00edntese das Ocorr\u00eancias Policiais - Ub\u00e1 News<\/title>\n<meta name=\"robots\" content=\"index, follow, max-snippet:-1, max-image-preview:large, max-video-preview:-1\" \/>\n<link rel=\"canonical\" href=\"https:\/\/ubanews.com\/site\/2022\/04\/01\/sintese-das-ocorrencias-policiais-2\/\" \/>\n<meta property=\"og:locale\" content=\"pt_BR\" \/>\n<meta property=\"og:type\" content=\"article\" \/>\n<meta property=\"og:title\" content=\"S\u00edntese das Ocorr\u00eancias Policiais - Ub\u00e1 News\" \/>\n<meta property=\"og:description\" content=\"POL\u00cdCIA MILITAR RECUPERA MOTOCICLETA FURTADA Local: C\u00f3rrego Ribeir\u00e3o Santo Ant\u00f4nio,\" \/>\n<meta property=\"og:url\" content=\"https:\/\/ubanews.com\/site\/2022\/04\/01\/sintese-das-ocorrencias-policiais-2\/\" \/>\n<meta property=\"og:site_name\" content=\"Ub\u00e1 News\" \/>\n<meta property=\"article:publisher\" content=\"https:\/\/www.facebook.com\/Ub%c3%a1News-Carlos-Roberto-Sodr%c3%a9-418778301977370\" \/>\n<meta property=\"article:published_time\" content=\"2022-04-01T14:05:07+00:00\" \/>\n<meta property=\"og:image\" content=\"https:\/\/ubanews.com\/site\/wp-content\/uploads\/2022\/04\/sdd.jpg\" \/>\n\t<meta property=\"og:image:width\" content=\"893\" \/>\n\t<meta property=\"og:image:height\" content=\"1024\" \/>\n\t<meta property=\"og:image:type\" content=\"image\/jpeg\" \/>\n<meta name=\"author\" content=\"Carlos Roberto Sodr\u00e9\" \/>\n<meta name=\"twitter:card\" content=\"summary_large_image\" \/>\n<meta name=\"twitter:label1\" content=\"Escrito por\" \/>\n\t<meta name=\"twitter:data1\" content=\"Carlos Roberto Sodr\u00e9\" \/>\n\t<meta name=\"twitter:label2\" content=\"Est. tempo de leitura\" \/>\n\t<meta name=\"twitter:data2\" content=\"4 minutos\" \/>\n<script type=\"application\/ld+json\" class=\"yoast-schema-graph\">{\"@context\":\"https:\/\/schema.org\",\"@graph\":[{\"@type\":\"Article\",\"@id\":\"https:\/\/ubanews.com\/site\/2022\/04\/01\/sintese-das-ocorrencias-policiais-2\/#article\",\"isPartOf\":{\"@id\":\"https:\/\/ubanews.com\/site\/2022\/04\/01\/sintese-das-ocorrencias-policiais-2\/\"},\"author\":{\"name\":\"Carlos Roberto Sodr\u00e9\",\"@id\":\"https:\/\/ubanews.com\/site\/#\/schema\/person\/9d8da9ec3c8d00640ab6e8c81e103310\"},\"headline\":\"S\u00edntese das Ocorr\u00eancias Policiais\",\"datePublished\":\"2022-04-01T14:05:07+00:00\",\"mainEntityOfPage\":{\"@id\":\"https:\/\/ubanews.com\/site\/2022\/04\/01\/sintese-das-ocorrencias-policiais-2\/\"},\"wordCount\":924,\"commentCount\":0,\"publisher\":{\"@id\":\"https:\/\/ubanews.com\/site\/#organization\"},\"image\":{\"@id\":\"https:\/\/ubanews.com\/site\/2022\/04\/01\/sintese-das-ocorrencias-policiais-2\/#primaryimage\"},\"thumbnailUrl\":\"https:\/\/ubanews.com\/site\/wp-content\/uploads\/2022\/04\/sdd.jpg\",\"articleSection\":[\"Geral\"],\"inLanguage\":\"pt-BR\",\"potentialAction\":[{\"@type\":\"CommentAction\",\"name\":\"Comment\",\"target\":[\"https:\/\/ubanews.com\/site\/2022\/04\/01\/sintese-das-ocorrencias-policiais-2\/#respond\"]}]},{\"@type\":\"WebPage\",\"@id\":\"https:\/\/ubanews.com\/site\/2022\/04\/01\/sintese-das-ocorrencias-policiais-2\/\",\"url\":\"https:\/\/ubanews.com\/site\/2022\/04\/01\/sintese-das-ocorrencias-policiais-2\/\",\"name\":\"S\u00edntese das Ocorr\u00eancias Policiais - Ub\u00e1 News\",\"isPartOf\":{\"@id\":\"https:\/\/ubanews.com\/site\/#website\"},\"primaryImageOfPage\":{\"@id\":\"https:\/\/ubanews.com\/site\/2022\/04\/01\/sintese-das-ocorrencias-policiais-2\/#primaryimage\"},\"image\":{\"@id\":\"https:\/\/ubanews.com\/site\/2022\/04\/01\/sintese-das-ocorrencias-policiais-2\/#primaryimage\"},\"thumbnailUrl\":\"https:\/\/ubanews.com\/site\/wp-content\/uploads\/2022\/04\/sdd.jpg\",\"datePublished\":\"2022-04-01T14:05:07+00:00\",\"breadcrumb\":{\"@id\":\"https:\/\/ubanews.com\/site\/2022\/04\/01\/sintese-das-ocorrencias-policiais-2\/#breadcrumb\"},\"inLanguage\":\"pt-BR\",\"potentialAction\":[{\"@type\":\"ReadAction\",\"target\":[\"https:\/\/ubanews.com\/site\/2022\/04\/01\/sintese-das-ocorrencias-policiais-2\/\"]}]},{\"@type\":\"ImageObject\",\"inLanguage\":\"pt-BR\",\"@id\":\"https:\/\/ubanews.com\/site\/2022\/04\/01\/sintese-das-ocorrencias-policiais-2\/#primaryimage\",\"url\":\"https:\/\/ubanews.com\/site\/wp-content\/uploads\/2022\/04\/sdd.jpg\",\"contentUrl\":\"https:\/\/ubanews.com\/site\/wp-content\/uploads\/2022\/04\/sdd.jpg\",\"width\":893,\"height\":1024},{\"@type\":\"BreadcrumbList\",\"@id\":\"https:\/\/ubanews.com\/site\/2022\/04\/01\/sintese-das-ocorrencias-policiais-2\/#breadcrumb\",\"itemListElement\":[{\"@type\":\"ListItem\",\"position\":1,\"name\":\"Home\",\"item\":\"https:\/\/ubanews.com\/site\/\"},{\"@type\":\"ListItem\",\"position\":2,\"name\":\"S\u00edntese das Ocorr\u00eancias Policiais\"}]},{\"@type\":\"WebSite\",\"@id\":\"https:\/\/ubanews.com\/site\/#website\",\"url\":\"https:\/\/ubanews.com\/site\/\",\"name\":\"Ub\u00e1 News\",\"description\":\"\",\"publisher\":{\"@id\":\"https:\/\/ubanews.com\/site\/#organization\"},\"potentialAction\":[{\"@type\":\"SearchAction\",\"target\":{\"@type\":\"EntryPoint\",\"urlTemplate\":\"https:\/\/ubanews.com\/site\/?s={search_term_string}\"},\"query-input\":{\"@type\":\"PropertyValueSpecification\",\"valueRequired\":true,\"valueName\":\"search_term_string\"}}],\"inLanguage\":\"pt-BR\"},{\"@type\":\"Organization\",\"@id\":\"https:\/\/ubanews.com\/site\/#organization\",\"name\":\"Ub\u00e1 News\",\"url\":\"https:\/\/ubanews.com\/site\/\",\"logo\":{\"@type\":\"ImageObject\",\"inLanguage\":\"pt-BR\",\"@id\":\"https:\/\/ubanews.com\/site\/#\/schema\/logo\/image\/\",\"url\":\"https:\/\/ubanews.com\/site\/wp-content\/uploads\/2018\/01\/logoubanews.png\",\"contentUrl\":\"https:\/\/ubanews.com\/site\/wp-content\/uploads\/2018\/01\/logoubanews.png\",\"width\":261,\"height\":99,\"caption\":\"Ub\u00e1 News\"},\"image\":{\"@id\":\"https:\/\/ubanews.com\/site\/#\/schema\/logo\/image\/\"},\"sameAs\":[\"https:\/\/www.facebook.com\/Ub\u00e1News-Carlos-Roberto-Sodr\u00e9-418778301977370\"]},{\"@type\":\"Person\",\"@id\":\"https:\/\/ubanews.com\/site\/#\/schema\/person\/9d8da9ec3c8d00640ab6e8c81e103310\",\"name\":\"Carlos Roberto Sodr\u00e9\",\"image\":{\"@type\":\"ImageObject\",\"inLanguage\":\"pt-BR\",\"@id\":\"https:\/\/secure.gravatar.com\/avatar\/aab322e8555b56c468614fafdab8a8f924e394cdc6cfd8232f77e9e4d123a133?s=96&d=mm&r=g\",\"url\":\"https:\/\/secure.gravatar.com\/avatar\/aab322e8555b56c468614fafdab8a8f924e394cdc6cfd8232f77e9e4d123a133?s=96&d=mm&r=g\",\"contentUrl\":\"https:\/\/secure.gravatar.com\/avatar\/aab322e8555b56c468614fafdab8a8f924e394cdc6cfd8232f77e9e4d123a133?s=96&d=mm&r=g\",\"caption\":\"Carlos Roberto Sodr\u00e9\"},\"url\":\"https:\/\/ubanews.com\/site\/author\/sodre\/\"}]}<\/script>\n<!-- \/ Yoast SEO plugin. -->","yoast_head_json":{"title":"S\u00edntese das Ocorr\u00eancias Policiais - Ub\u00e1 News","robots":{"index":"index","follow":"follow","max-snippet":"max-snippet:-1","max-image-preview":"max-image-preview:large","max-video-preview":"max-video-preview:-1"},"canonical":"https:\/\/ubanews.com\/site\/2022\/04\/01\/sintese-das-ocorrencias-policiais-2\/","og_locale":"pt_BR","og_type":"article","og_title":"S\u00edntese das Ocorr\u00eancias Policiais - Ub\u00e1 News","og_description":"POL\u00cdCIA MILITAR RECUPERA MOTOCICLETA FURTADA Local: C\u00f3rrego Ribeir\u00e3o Santo Ant\u00f4nio,","og_url":"https:\/\/ubanews.com\/site\/2022\/04\/01\/sintese-das-ocorrencias-policiais-2\/","og_site_name":"Ub\u00e1 News","article_publisher":"https:\/\/www.facebook.com\/Ub%c3%a1News-Carlos-Roberto-Sodr%c3%a9-418778301977370","article_published_time":"2022-04-01T14:05:07+00:00","og_image":[{"width":893,"height":1024,"url":"https:\/\/ubanews.com\/site\/wp-content\/uploads\/2022\/04\/sdd.jpg","type":"image\/jpeg"}],"author":"Carlos Roberto Sodr\u00e9","twitter_card":"summary_large_image","twitter_misc":{"Escrito por":"Carlos Roberto Sodr\u00e9","Est. tempo de leitura":"4 minutos"},"schema":{"@context":"https:\/\/schema.org","@graph":[{"@type":"Article","@id":"https:\/\/ubanews.com\/site\/2022\/04\/01\/sintese-das-ocorrencias-policiais-2\/#article","isPartOf":{"@id":"https:\/\/ubanews.com\/site\/2022\/04\/01\/sintese-das-ocorrencias-policiais-2\/"},"author":{"name":"Carlos Roberto Sodr\u00e9","@id":"https:\/\/ubanews.com\/site\/#\/schema\/person\/9d8da9ec3c8d00640ab6e8c81e103310"},"headline":"S\u00edntese das Ocorr\u00eancias Policiais","datePublished":"2022-04-01T14:05:07+00:00","mainEntityOfPage":{"@id":"https:\/\/ubanews.com\/site\/2022\/04\/01\/sintese-das-ocorrencias-policiais-2\/"},"wordCount":924,"commentCount":0,"publisher":{"@id":"https:\/\/ubanews.com\/site\/#organization"},"image":{"@id":"https:\/\/ubanews.com\/site\/2022\/04\/01\/sintese-das-ocorrencias-policiais-2\/#primaryimage"},"thumbnailUrl":"https:\/\/ubanews.com\/site\/wp-content\/uploads\/2022\/04\/sdd.jpg","articleSection":["Geral"],"inLanguage":"pt-BR","potentialAction":[{"@type":"CommentAction","name":"Comment","target":["https:\/\/ubanews.com\/site\/2022\/04\/01\/sintese-das-ocorrencias-policiais-2\/#respond"]}]},{"@type":"WebPage","@id":"https:\/\/ubanews.com\/site\/2022\/04\/01\/sintese-das-ocorrencias-policiais-2\/","url":"https:\/\/ubanews.com\/site\/2022\/04\/01\/sintese-das-ocorrencias-policiais-2\/","name":"S\u00edntese das Ocorr\u00eancias Policiais - Ub\u00e1 News","isPartOf":{"@id":"https:\/\/ubanews.com\/site\/#website"},"primaryImageOfPage":{"@id":"https:\/\/ubanews.com\/site\/2022\/04\/01\/sintese-das-ocorrencias-policiais-2\/#primaryimage"},"image":{"@id":"https:\/\/ubanews.com\/site\/2022\/04\/01\/sintese-das-ocorrencias-policiais-2\/#primaryimage"},"thumbnailUrl":"https:\/\/ubanews.com\/site\/wp-content\/uploads\/2022\/04\/sdd.jpg","datePublished":"2022-04-01T14:05:07+00:00","breadcrumb":{"@id":"https:\/\/ubanews.com\/site\/2022\/04\/01\/sintese-das-ocorrencias-policiais-2\/#breadcrumb"},"inLanguage":"pt-BR","potentialAction":[{"@type":"ReadAction","target":["https:\/\/ubanews.com\/site\/2022\/04\/01\/sintese-das-ocorrencias-policiais-2\/"]}]},{"@type":"ImageObject","inLanguage":"pt-BR","@id":"https:\/\/ubanews.com\/site\/2022\/04\/01\/sintese-das-ocorrencias-policiais-2\/#primaryimage","url":"https:\/\/ubanews.com\/site\/wp-content\/uploads\/2022\/04\/sdd.jpg","contentUrl":"https:\/\/ubanews.com\/site\/wp-content\/uploads\/2022\/04\/sdd.jpg","width":893,"height":1024},{"@type":"BreadcrumbList","@id":"https:\/\/ubanews.com\/site\/2022\/04\/01\/sintese-das-ocorrencias-policiais-2\/#breadcrumb","itemListElement":[{"@type":"ListItem","position":1,"name":"Home","item":"https:\/\/ubanews.com\/site\/"},{"@type":"ListItem","position":2,"name":"S\u00edntese das Ocorr\u00eancias Policiais"}]},{"@type":"WebSite","@id":"https:\/\/ubanews.com\/site\/#website","url":"https:\/\/ubanews.com\/site\/","name":"Ub\u00e1 News","description":"","publisher":{"@id":"https:\/\/ubanews.com\/site\/#organization"},"potentialAction":[{"@type":"SearchAction","target":{"@type":"EntryPoint","urlTemplate":"https:\/\/ubanews.com\/site\/?s={search_term_string}"},"query-input":{"@type":"PropertyValueSpecification","valueRequired":true,"valueName":"search_term_string"}}],"inLanguage":"pt-BR"},{"@type":"Organization","@id":"https:\/\/ubanews.com\/site\/#organization","name":"Ub\u00e1 News","url":"https:\/\/ubanews.com\/site\/","logo":{"@type":"ImageObject","inLanguage":"pt-BR","@id":"https:\/\/ubanews.com\/site\/#\/schema\/logo\/image\/","url":"https:\/\/ubanews.com\/site\/wp-content\/uploads\/2018\/01\/logoubanews.png","contentUrl":"https:\/\/ubanews.com\/site\/wp-content\/uploads\/2018\/01\/logoubanews.png","width":261,"height":99,"caption":"Ub\u00e1 News"},"image":{"@id":"https:\/\/ubanews.com\/site\/#\/schema\/logo\/image\/"},"sameAs":["https:\/\/www.facebook.com\/Ub\u00e1News-Carlos-Roberto-Sodr\u00e9-418778301977370"]},{"@type":"Person","@id":"https:\/\/ubanews.com\/site\/#\/schema\/person\/9d8da9ec3c8d00640ab6e8c81e103310","name":"Carlos Roberto Sodr\u00e9","image":{"@type":"ImageObject","inLanguage":"pt-BR","@id":"https:\/\/secure.gravatar.com\/avatar\/aab322e8555b56c468614fafdab8a8f924e394cdc6cfd8232f77e9e4d123a133?s=96&d=mm&r=g","url":"https:\/\/secure.gravatar.com\/avatar\/aab322e8555b56c468614fafdab8a8f924e394cdc6cfd8232f77e9e4d123a133?s=96&d=mm&r=g","contentUrl":"https:\/\/secure.gravatar.com\/avatar\/aab322e8555b56c468614fafdab8a8f924e394cdc6cfd8232f77e9e4d123a133?s=96&d=mm&r=g","caption":"Carlos Roberto Sodr\u00e9"},"url":"https:\/\/ubanews.com\/site\/author\/sodre\/"}]}},"_links":{"self":[{"href":"https:\/\/ubanews.com\/site\/wp-json\/wp\/v2\/posts\/21172","targetHints":{"allow":["GET"]}}],"collection":[{"href":"https:\/\/ubanews.com\/site\/wp-json\/wp\/v2\/posts"}],"about":[{"href":"https:\/\/ubanews.com\/site\/wp-json\/wp\/v2\/types\/post"}],"author":[{"embeddable":true,"href":"https:\/\/ubanews.com\/site\/wp-json\/wp\/v2\/users\/4"}],"replies":[{"embeddable":true,"href":"https:\/\/ubanews.com\/site\/wp-json\/wp\/v2\/comments?post=21172"}],"version-history":[{"count":0,"href":"https:\/\/ubanews.com\/site\/wp-json\/wp\/v2\/posts\/21172\/revisions"}],"wp:featuredmedia":[{"embeddable":true,"href":"https:\/\/ubanews.com\/site\/wp-json\/wp\/v2\/media\/21174"}],"wp:attachment":[{"href":"https:\/\/ubanews.com\/site\/wp-json\/wp\/v2\/media?parent=21172"}],"wp:term":[{"taxonomy":"category","embeddable":true,"href":"https:\/\/ubanews.com\/site\/wp-json\/wp\/v2\/categories?post=21172"},{"taxonomy":"post_tag","embeddable":true,"href":"https:\/\/ubanews.com\/site\/wp-json\/wp\/v2\/tags?post=21172"}],"curies":[{"name":"wp","href":"https:\/\/api.w.org\/{rel}","templated":true}]}}