{"id":21169,"date":"2022-03-31T14:00:37","date_gmt":"2022-03-31T17:00:37","guid":{"rendered":"http:\/\/ubanews.com\/site\/?p=21169"},"modified":"2022-03-31T14:00:37","modified_gmt":"2022-03-31T17:00:37","slug":"sintese-das-ocorrencias-policiais","status":"publish","type":"post","link":"https:\/\/ubanews.com\/site\/2022\/03\/31\/sintese-das-ocorrencias-policiais\/","title":{"rendered":"S\u00edntese das Ocorr\u00eancias Policiais"},"content":{"rendered":"<p style=\"text-align: center;\"><strong>POL\u00cdCIA MILITAR PRENDE PROPRIET\u00c1RIO DE FERRO VELHO PELO CRIME DE RECEPTA\u00c7\u00c3O<\/strong><\/p>\n<p>&nbsp; &nbsp;Na data de 28 de mar\u00e7o, a Pol\u00edcia Militar foi acionada para atendimento de um furto de materiais em uma F\u00e1brica de M\u00f3veis na rua Elias Ant\u00f4nio Laud, no bairro Ponte Preta, \u00e0s 9 horas, sendo que na ocasi\u00e3o foram subtra\u00eddos diversos maquin\u00e1rios imprescind\u00edveis ao funcionamento da linha de produ\u00e7\u00e3o da f\u00e1brica, tendo que ficar com os funcion\u00e1rios parados.<\/p>\n<p>&nbsp; &nbsp;Diante das informa\u00e7\u00f5es colhidas, de imediato foram realizadas dilig\u00eancias em buscas do suspeito, sendo que na data do dia 30 de mar\u00e7o, ap\u00f3s informa\u00e7\u00f5es colhidas, foi identificado um Ferro Velho, no mesmo bairro, em que seu propriet\u00e1rio havia comprado tais equipamentos por pre\u00e7o irris\u00f3rio, configurando assim, em tese, o crime de recepta\u00e7\u00e3o. Diante aos fatos, os materiais e o envolvido, foram encaminhados a Delegacia local, ficando \u00e0 disposi\u00e7\u00e3o da autoridade policial, e os materiais restitu\u00eddos ao propriet\u00e1rio.<\/p>\n<p style=\"text-align: center;\"><strong>POL\u00cdCIA MILITAR PRENDE AUTOR DE HOMIC\u00cdDIO TENTADO<\/strong><\/p>\n<p>&nbsp; &nbsp;Na data do dia 30 de mar\u00e7o, \u00e0s 12:18, a Pol\u00edcia Militar ao receber informa\u00e7\u00f5es, via 190 relatando que um indiv\u00edduo teria agredido fisicamente duas pessoas, na Rua Capit\u00e3o Ananias Teixeira de Abreu , com golpes de faca e que estas pessoas haviam sido socorridas pelo Samu at\u00e9 o hospital. &nbsp;<\/p>\n<p>&nbsp; &nbsp;No hospital, em contato com as v\u00edtimas estas relataram que o autor chegou na resid\u00eancia e come\u00e7ou a discutir com a av\u00f3 de uma das v\u00edtimas, &nbsp;que \u00e9 ex companheira do autor, a v\u00edtima ao questionar o autor foi agredido com um golpe de canivete em suas costas. &nbsp;Em seguida, a outra v\u00edtima, que \u00e9 namorada da primeira v\u00edtima, tamb\u00e9m foi agredida pelo autor, com um golpe de canivete, que lhe atingiu o t\u00f3rax. Logo depois o autor evadiu do local. Durante rastreamento, os policiais militares localizaram o autor, um homem de 57 anos, que foi preso e conduzido \u00e0 delegacia juntamente com o canivete utilizado na pr\u00e1tica do crime.<\/p>\n<p style=\"text-align: center;\"><strong>TR\u00c1FICO IL\u00cdCITO DE DROGAS<\/strong><\/p>\n<p>&nbsp; &nbsp;A Pol\u00edcia Militar durante patrulhamento, pela Travessa Santana, \u00e0s 21:25h, avistou um indiv\u00edduo em atitude suspeita. Ao perceber que seria abordado, o autor tentou evadir, dispensando algo que caiu pr\u00f3ximo aos seus p\u00e9s.<\/p>\n<p>&nbsp; &nbsp;O autor foi abordado, sendo encontrado pr\u00f3ximo onde estava, uma certa quantia em dinheiro e um inv\u00f3lucro pl\u00e1stico, contendo 30 pedras de uma subst\u00e2ncia an\u00e1loga ao crack.<\/p>\n<p>&nbsp; &nbsp;O autor, um homem de 22 anos, foi preso e conduzido para a Delegacia juntamente com os materiais il\u00edcitos apreendidos.<\/p>\n<p style=\"text-align: center;\"><strong>POL\u00cdCIA MILITAR PRENDE AUTOR POR DIRE\u00c7\u00c3O PERIGOSA<\/strong><\/p>\n<p>&nbsp; &nbsp;A Pol\u00edcia Militar durante opera\u00e7\u00e3o batida policial deparou com uma motocicleta Lander de cor azul &#8220;sem placa de identifica\u00e7\u00e3o&#8221;. Imediatamente foi dado ordem de parada ao condutor atrav\u00e9s de dispositivos sonoros e luminosos da viatura policial, contudo, o condutor do ve\u00edculo n\u00e3o acatou a ordem legal e clara dos militares e empreendeu fuga.<\/p>\n<p>&nbsp; &nbsp;Ao ser realizado cerco\/bloqueio com intuito de interceptar a motocicleta em fuga, sendo realizado o acompanhamento do ve\u00edculo em seu encal\u00e7o, onde o condutor durante intento de fuga desobedeceu diversas sinaliza\u00e7\u00f5es horizontais e verticais da via em alta velocidade, colocando em risco a seguran\u00e7a e a vida de transeuntes e demais condutores de ve\u00edculos na via, realizando diversas manobras bruscas e arriscadas na via.<\/p>\n<p>&nbsp; &nbsp;O sistema de monitoramento \u201cOlho Vivo\u201d, flagrou o ve\u00edculo em fuga e orientou a equipe para a precisa localiza\u00e7\u00e3o do cerco\/bloqueio.<\/p>\n<p>&nbsp; &nbsp;No local repassado pelo Centro de Opera\u00e7\u00f5es Policiais, policiais militares posicionaram a viatura em posi\u00e7\u00e3o estrat\u00e9gica e ap\u00f3s o fechamento da via realizaram a abordagem do ve\u00edculo e posteriormente, foram realizadas busca pessoal no suspeito\/condutor e nada de il\u00edcito foi arrecadado em sua posse e durante fiscaliza\u00e7\u00e3o no ve\u00edculo foi constatado que de fato, este se encontra sem placa de identifica\u00e7\u00e3o.<\/p>\n<p>&nbsp; &nbsp;Ao ser solicitado documenta\u00e7\u00e3o do condutor e do ve\u00edculo este informou que era inabilitado<\/p>\n<p>&nbsp; &nbsp;O ve\u00edculo foi removido para o p\u00e1tio credenciado do Detran, e ao autor, um home de 25 anos, foi dado voz de pris\u00e3o em flagrante pelo crime de perigo de dano de acordo com artigo 309 do C\u00f3digo de Transito Brasileiro e lavrado termo circunstanciado de ocorr\u00eancia para comparecimento ao F\u00f3rum.<\/p>\n<p>Fonte: Assessoria de Comunica\u00e7\u00e3o Organizacional do 21\u00ba Batalh\u00e3o de Pol\u00edcia Militar<\/p>\n","protected":false},"excerpt":{"rendered":"<p>POL\u00cdCIA MILITAR PRENDE PROPRIET\u00c1RIO DE FERRO VELHO PELO CRIME DE<\/p>\n","protected":false},"author":4,"featured_media":21170,"comment_status":"open","ping_status":"open","sticky":false,"template":"","format":"standard","meta":{"footnotes":""},"categories":[1],"tags":[],"class_list":["post-21169","post","type-post","status-publish","format-standard","has-post-thumbnail","hentry","category-sem-categoria"],"yoast_head":"<!-- This site is optimized with the Yoast SEO plugin v27.2 - https:\/\/yoast.com\/product\/yoast-seo-wordpress\/ -->\n<title>S\u00edntese das Ocorr\u00eancias Policiais - Ub\u00e1 News<\/title>\n<meta name=\"robots\" content=\"index, follow, max-snippet:-1, max-image-preview:large, max-video-preview:-1\" \/>\n<link rel=\"canonical\" href=\"https:\/\/ubanews.com\/site\/2022\/03\/31\/sintese-das-ocorrencias-policiais\/\" \/>\n<meta property=\"og:locale\" content=\"pt_BR\" \/>\n<meta property=\"og:type\" content=\"article\" \/>\n<meta property=\"og:title\" content=\"S\u00edntese das Ocorr\u00eancias Policiais - Ub\u00e1 News\" \/>\n<meta property=\"og:description\" content=\"POL\u00cdCIA MILITAR PRENDE PROPRIET\u00c1RIO DE FERRO VELHO PELO CRIME DE\" \/>\n<meta property=\"og:url\" content=\"https:\/\/ubanews.com\/site\/2022\/03\/31\/sintese-das-ocorrencias-policiais\/\" \/>\n<meta property=\"og:site_name\" content=\"Ub\u00e1 News\" \/>\n<meta property=\"article:publisher\" content=\"https:\/\/www.facebook.com\/Ub%c3%a1News-Carlos-Roberto-Sodr%c3%a9-418778301977370\" \/>\n<meta property=\"article:published_time\" content=\"2022-03-31T17:00:37+00:00\" \/>\n<meta property=\"og:image\" content=\"https:\/\/ubanews.com\/site\/wp-content\/uploads\/2022\/03\/ss.jpg\" \/>\n\t<meta property=\"og:image:width\" content=\"1600\" \/>\n\t<meta property=\"og:image:height\" content=\"1200\" \/>\n\t<meta property=\"og:image:type\" content=\"image\/jpeg\" \/>\n<meta name=\"author\" content=\"Carlos Roberto Sodr\u00e9\" \/>\n<meta name=\"twitter:card\" content=\"summary_large_image\" \/>\n<meta name=\"twitter:label1\" content=\"Escrito por\" \/>\n\t<meta name=\"twitter:data1\" content=\"Carlos Roberto Sodr\u00e9\" \/>\n\t<meta name=\"twitter:label2\" content=\"Est. tempo de leitura\" \/>\n\t<meta name=\"twitter:data2\" content=\"4 minutos\" \/>\n<script type=\"application\/ld+json\" class=\"yoast-schema-graph\">{\"@context\":\"https:\/\/schema.org\",\"@graph\":[{\"@type\":\"Article\",\"@id\":\"https:\/\/ubanews.com\/site\/2022\/03\/31\/sintese-das-ocorrencias-policiais\/#article\",\"isPartOf\":{\"@id\":\"https:\/\/ubanews.com\/site\/2022\/03\/31\/sintese-das-ocorrencias-policiais\/\"},\"author\":{\"name\":\"Carlos Roberto Sodr\u00e9\",\"@id\":\"https:\/\/ubanews.com\/site\/#\/schema\/person\/9d8da9ec3c8d00640ab6e8c81e103310\"},\"headline\":\"S\u00edntese das Ocorr\u00eancias Policiais\",\"datePublished\":\"2022-03-31T17:00:37+00:00\",\"mainEntityOfPage\":{\"@id\":\"https:\/\/ubanews.com\/site\/2022\/03\/31\/sintese-das-ocorrencias-policiais\/\"},\"wordCount\":792,\"commentCount\":0,\"publisher\":{\"@id\":\"https:\/\/ubanews.com\/site\/#organization\"},\"image\":{\"@id\":\"https:\/\/ubanews.com\/site\/2022\/03\/31\/sintese-das-ocorrencias-policiais\/#primaryimage\"},\"thumbnailUrl\":\"https:\/\/ubanews.com\/site\/wp-content\/uploads\/2022\/03\/ss.jpg\",\"articleSection\":[\"Geral\"],\"inLanguage\":\"pt-BR\",\"potentialAction\":[{\"@type\":\"CommentAction\",\"name\":\"Comment\",\"target\":[\"https:\/\/ubanews.com\/site\/2022\/03\/31\/sintese-das-ocorrencias-policiais\/#respond\"]}]},{\"@type\":\"WebPage\",\"@id\":\"https:\/\/ubanews.com\/site\/2022\/03\/31\/sintese-das-ocorrencias-policiais\/\",\"url\":\"https:\/\/ubanews.com\/site\/2022\/03\/31\/sintese-das-ocorrencias-policiais\/\",\"name\":\"S\u00edntese das Ocorr\u00eancias Policiais - Ub\u00e1 News\",\"isPartOf\":{\"@id\":\"https:\/\/ubanews.com\/site\/#website\"},\"primaryImageOfPage\":{\"@id\":\"https:\/\/ubanews.com\/site\/2022\/03\/31\/sintese-das-ocorrencias-policiais\/#primaryimage\"},\"image\":{\"@id\":\"https:\/\/ubanews.com\/site\/2022\/03\/31\/sintese-das-ocorrencias-policiais\/#primaryimage\"},\"thumbnailUrl\":\"https:\/\/ubanews.com\/site\/wp-content\/uploads\/2022\/03\/ss.jpg\",\"datePublished\":\"2022-03-31T17:00:37+00:00\",\"breadcrumb\":{\"@id\":\"https:\/\/ubanews.com\/site\/2022\/03\/31\/sintese-das-ocorrencias-policiais\/#breadcrumb\"},\"inLanguage\":\"pt-BR\",\"potentialAction\":[{\"@type\":\"ReadAction\",\"target\":[\"https:\/\/ubanews.com\/site\/2022\/03\/31\/sintese-das-ocorrencias-policiais\/\"]}]},{\"@type\":\"ImageObject\",\"inLanguage\":\"pt-BR\",\"@id\":\"https:\/\/ubanews.com\/site\/2022\/03\/31\/sintese-das-ocorrencias-policiais\/#primaryimage\",\"url\":\"https:\/\/ubanews.com\/site\/wp-content\/uploads\/2022\/03\/ss.jpg\",\"contentUrl\":\"https:\/\/ubanews.com\/site\/wp-content\/uploads\/2022\/03\/ss.jpg\",\"width\":1600,\"height\":1200},{\"@type\":\"BreadcrumbList\",\"@id\":\"https:\/\/ubanews.com\/site\/2022\/03\/31\/sintese-das-ocorrencias-policiais\/#breadcrumb\",\"itemListElement\":[{\"@type\":\"ListItem\",\"position\":1,\"name\":\"Home\",\"item\":\"https:\/\/ubanews.com\/site\/\"},{\"@type\":\"ListItem\",\"position\":2,\"name\":\"S\u00edntese das Ocorr\u00eancias Policiais\"}]},{\"@type\":\"WebSite\",\"@id\":\"https:\/\/ubanews.com\/site\/#website\",\"url\":\"https:\/\/ubanews.com\/site\/\",\"name\":\"Ub\u00e1 News\",\"description\":\"\",\"publisher\":{\"@id\":\"https:\/\/ubanews.com\/site\/#organization\"},\"potentialAction\":[{\"@type\":\"SearchAction\",\"target\":{\"@type\":\"EntryPoint\",\"urlTemplate\":\"https:\/\/ubanews.com\/site\/?s={search_term_string}\"},\"query-input\":{\"@type\":\"PropertyValueSpecification\",\"valueRequired\":true,\"valueName\":\"search_term_string\"}}],\"inLanguage\":\"pt-BR\"},{\"@type\":\"Organization\",\"@id\":\"https:\/\/ubanews.com\/site\/#organization\",\"name\":\"Ub\u00e1 News\",\"url\":\"https:\/\/ubanews.com\/site\/\",\"logo\":{\"@type\":\"ImageObject\",\"inLanguage\":\"pt-BR\",\"@id\":\"https:\/\/ubanews.com\/site\/#\/schema\/logo\/image\/\",\"url\":\"https:\/\/ubanews.com\/site\/wp-content\/uploads\/2018\/01\/logoubanews.png\",\"contentUrl\":\"https:\/\/ubanews.com\/site\/wp-content\/uploads\/2018\/01\/logoubanews.png\",\"width\":261,\"height\":99,\"caption\":\"Ub\u00e1 News\"},\"image\":{\"@id\":\"https:\/\/ubanews.com\/site\/#\/schema\/logo\/image\/\"},\"sameAs\":[\"https:\/\/www.facebook.com\/Ub\u00e1News-Carlos-Roberto-Sodr\u00e9-418778301977370\"]},{\"@type\":\"Person\",\"@id\":\"https:\/\/ubanews.com\/site\/#\/schema\/person\/9d8da9ec3c8d00640ab6e8c81e103310\",\"name\":\"Carlos Roberto Sodr\u00e9\",\"image\":{\"@type\":\"ImageObject\",\"inLanguage\":\"pt-BR\",\"@id\":\"https:\/\/secure.gravatar.com\/avatar\/aab322e8555b56c468614fafdab8a8f924e394cdc6cfd8232f77e9e4d123a133?s=96&d=mm&r=g\",\"url\":\"https:\/\/secure.gravatar.com\/avatar\/aab322e8555b56c468614fafdab8a8f924e394cdc6cfd8232f77e9e4d123a133?s=96&d=mm&r=g\",\"contentUrl\":\"https:\/\/secure.gravatar.com\/avatar\/aab322e8555b56c468614fafdab8a8f924e394cdc6cfd8232f77e9e4d123a133?s=96&d=mm&r=g\",\"caption\":\"Carlos Roberto Sodr\u00e9\"},\"url\":\"https:\/\/ubanews.com\/site\/author\/sodre\/\"}]}<\/script>\n<!-- \/ Yoast SEO plugin. -->","yoast_head_json":{"title":"S\u00edntese das Ocorr\u00eancias Policiais - Ub\u00e1 News","robots":{"index":"index","follow":"follow","max-snippet":"max-snippet:-1","max-image-preview":"max-image-preview:large","max-video-preview":"max-video-preview:-1"},"canonical":"https:\/\/ubanews.com\/site\/2022\/03\/31\/sintese-das-ocorrencias-policiais\/","og_locale":"pt_BR","og_type":"article","og_title":"S\u00edntese das Ocorr\u00eancias Policiais - Ub\u00e1 News","og_description":"POL\u00cdCIA MILITAR PRENDE PROPRIET\u00c1RIO DE FERRO VELHO PELO CRIME DE","og_url":"https:\/\/ubanews.com\/site\/2022\/03\/31\/sintese-das-ocorrencias-policiais\/","og_site_name":"Ub\u00e1 News","article_publisher":"https:\/\/www.facebook.com\/Ub%c3%a1News-Carlos-Roberto-Sodr%c3%a9-418778301977370","article_published_time":"2022-03-31T17:00:37+00:00","og_image":[{"width":1600,"height":1200,"url":"https:\/\/ubanews.com\/site\/wp-content\/uploads\/2022\/03\/ss.jpg","type":"image\/jpeg"}],"author":"Carlos Roberto Sodr\u00e9","twitter_card":"summary_large_image","twitter_misc":{"Escrito por":"Carlos Roberto Sodr\u00e9","Est. tempo de leitura":"4 minutos"},"schema":{"@context":"https:\/\/schema.org","@graph":[{"@type":"Article","@id":"https:\/\/ubanews.com\/site\/2022\/03\/31\/sintese-das-ocorrencias-policiais\/#article","isPartOf":{"@id":"https:\/\/ubanews.com\/site\/2022\/03\/31\/sintese-das-ocorrencias-policiais\/"},"author":{"name":"Carlos Roberto Sodr\u00e9","@id":"https:\/\/ubanews.com\/site\/#\/schema\/person\/9d8da9ec3c8d00640ab6e8c81e103310"},"headline":"S\u00edntese das Ocorr\u00eancias Policiais","datePublished":"2022-03-31T17:00:37+00:00","mainEntityOfPage":{"@id":"https:\/\/ubanews.com\/site\/2022\/03\/31\/sintese-das-ocorrencias-policiais\/"},"wordCount":792,"commentCount":0,"publisher":{"@id":"https:\/\/ubanews.com\/site\/#organization"},"image":{"@id":"https:\/\/ubanews.com\/site\/2022\/03\/31\/sintese-das-ocorrencias-policiais\/#primaryimage"},"thumbnailUrl":"https:\/\/ubanews.com\/site\/wp-content\/uploads\/2022\/03\/ss.jpg","articleSection":["Geral"],"inLanguage":"pt-BR","potentialAction":[{"@type":"CommentAction","name":"Comment","target":["https:\/\/ubanews.com\/site\/2022\/03\/31\/sintese-das-ocorrencias-policiais\/#respond"]}]},{"@type":"WebPage","@id":"https:\/\/ubanews.com\/site\/2022\/03\/31\/sintese-das-ocorrencias-policiais\/","url":"https:\/\/ubanews.com\/site\/2022\/03\/31\/sintese-das-ocorrencias-policiais\/","name":"S\u00edntese das Ocorr\u00eancias Policiais - Ub\u00e1 News","isPartOf":{"@id":"https:\/\/ubanews.com\/site\/#website"},"primaryImageOfPage":{"@id":"https:\/\/ubanews.com\/site\/2022\/03\/31\/sintese-das-ocorrencias-policiais\/#primaryimage"},"image":{"@id":"https:\/\/ubanews.com\/site\/2022\/03\/31\/sintese-das-ocorrencias-policiais\/#primaryimage"},"thumbnailUrl":"https:\/\/ubanews.com\/site\/wp-content\/uploads\/2022\/03\/ss.jpg","datePublished":"2022-03-31T17:00:37+00:00","breadcrumb":{"@id":"https:\/\/ubanews.com\/site\/2022\/03\/31\/sintese-das-ocorrencias-policiais\/#breadcrumb"},"inLanguage":"pt-BR","potentialAction":[{"@type":"ReadAction","target":["https:\/\/ubanews.com\/site\/2022\/03\/31\/sintese-das-ocorrencias-policiais\/"]}]},{"@type":"ImageObject","inLanguage":"pt-BR","@id":"https:\/\/ubanews.com\/site\/2022\/03\/31\/sintese-das-ocorrencias-policiais\/#primaryimage","url":"https:\/\/ubanews.com\/site\/wp-content\/uploads\/2022\/03\/ss.jpg","contentUrl":"https:\/\/ubanews.com\/site\/wp-content\/uploads\/2022\/03\/ss.jpg","width":1600,"height":1200},{"@type":"BreadcrumbList","@id":"https:\/\/ubanews.com\/site\/2022\/03\/31\/sintese-das-ocorrencias-policiais\/#breadcrumb","itemListElement":[{"@type":"ListItem","position":1,"name":"Home","item":"https:\/\/ubanews.com\/site\/"},{"@type":"ListItem","position":2,"name":"S\u00edntese das Ocorr\u00eancias Policiais"}]},{"@type":"WebSite","@id":"https:\/\/ubanews.com\/site\/#website","url":"https:\/\/ubanews.com\/site\/","name":"Ub\u00e1 News","description":"","publisher":{"@id":"https:\/\/ubanews.com\/site\/#organization"},"potentialAction":[{"@type":"SearchAction","target":{"@type":"EntryPoint","urlTemplate":"https:\/\/ubanews.com\/site\/?s={search_term_string}"},"query-input":{"@type":"PropertyValueSpecification","valueRequired":true,"valueName":"search_term_string"}}],"inLanguage":"pt-BR"},{"@type":"Organization","@id":"https:\/\/ubanews.com\/site\/#organization","name":"Ub\u00e1 News","url":"https:\/\/ubanews.com\/site\/","logo":{"@type":"ImageObject","inLanguage":"pt-BR","@id":"https:\/\/ubanews.com\/site\/#\/schema\/logo\/image\/","url":"https:\/\/ubanews.com\/site\/wp-content\/uploads\/2018\/01\/logoubanews.png","contentUrl":"https:\/\/ubanews.com\/site\/wp-content\/uploads\/2018\/01\/logoubanews.png","width":261,"height":99,"caption":"Ub\u00e1 News"},"image":{"@id":"https:\/\/ubanews.com\/site\/#\/schema\/logo\/image\/"},"sameAs":["https:\/\/www.facebook.com\/Ub\u00e1News-Carlos-Roberto-Sodr\u00e9-418778301977370"]},{"@type":"Person","@id":"https:\/\/ubanews.com\/site\/#\/schema\/person\/9d8da9ec3c8d00640ab6e8c81e103310","name":"Carlos Roberto Sodr\u00e9","image":{"@type":"ImageObject","inLanguage":"pt-BR","@id":"https:\/\/secure.gravatar.com\/avatar\/aab322e8555b56c468614fafdab8a8f924e394cdc6cfd8232f77e9e4d123a133?s=96&d=mm&r=g","url":"https:\/\/secure.gravatar.com\/avatar\/aab322e8555b56c468614fafdab8a8f924e394cdc6cfd8232f77e9e4d123a133?s=96&d=mm&r=g","contentUrl":"https:\/\/secure.gravatar.com\/avatar\/aab322e8555b56c468614fafdab8a8f924e394cdc6cfd8232f77e9e4d123a133?s=96&d=mm&r=g","caption":"Carlos Roberto Sodr\u00e9"},"url":"https:\/\/ubanews.com\/site\/author\/sodre\/"}]}},"_links":{"self":[{"href":"https:\/\/ubanews.com\/site\/wp-json\/wp\/v2\/posts\/21169","targetHints":{"allow":["GET"]}}],"collection":[{"href":"https:\/\/ubanews.com\/site\/wp-json\/wp\/v2\/posts"}],"about":[{"href":"https:\/\/ubanews.com\/site\/wp-json\/wp\/v2\/types\/post"}],"author":[{"embeddable":true,"href":"https:\/\/ubanews.com\/site\/wp-json\/wp\/v2\/users\/4"}],"replies":[{"embeddable":true,"href":"https:\/\/ubanews.com\/site\/wp-json\/wp\/v2\/comments?post=21169"}],"version-history":[{"count":0,"href":"https:\/\/ubanews.com\/site\/wp-json\/wp\/v2\/posts\/21169\/revisions"}],"wp:featuredmedia":[{"embeddable":true,"href":"https:\/\/ubanews.com\/site\/wp-json\/wp\/v2\/media\/21170"}],"wp:attachment":[{"href":"https:\/\/ubanews.com\/site\/wp-json\/wp\/v2\/media?parent=21169"}],"wp:term":[{"taxonomy":"category","embeddable":true,"href":"https:\/\/ubanews.com\/site\/wp-json\/wp\/v2\/categories?post=21169"},{"taxonomy":"post_tag","embeddable":true,"href":"https:\/\/ubanews.com\/site\/wp-json\/wp\/v2\/tags?post=21169"}],"curies":[{"name":"wp","href":"https:\/\/api.w.org\/{rel}","templated":true}]}}