{"id":21157,"date":"2022-03-25T11:14:04","date_gmt":"2022-03-25T14:14:04","guid":{"rendered":"http:\/\/ubanews.com\/site\/?p=21157"},"modified":"2022-06-02T12:19:41","modified_gmt":"2022-06-02T15:19:41","slug":"sintese-das-ocorrencias-policiais-25-03-2022","status":"publish","type":"post","link":"https:\/\/ubanews.com\/site\/2022\/03\/25\/sintese-das-ocorrencias-policiais-25-03-2022\/","title":{"rendered":"S\u00edntese das Ocorr\u00eancias Policiais &#8211; 25\/03\/2022"},"content":{"rendered":"<p><strong>POL\u00cdCIA MILITAR REALIZA APREENS\u00c3O DE AUTOR DE HOMIC\u00cdDIO<\/strong><\/p>\n<p>&nbsp; &nbsp;A Pol\u00edcia Militar foi acionada via 190 e ao comparecer \u00e0 rua Jo\u00e3o Gon\u00e7alves Heleno no bairro Santo Ant\u00f4nio \u00e0s 23:50 horas, onde deparou com 04 v\u00edtimas, que relataram o seguinte fato: na data de hoje, a v\u00edtima um homem de 36 anos, se encontrava na sala de sua resid\u00eancia assistindo televis\u00e3o, quando os autores bateram em sua porta alegando ser a pol\u00edcia, a v\u00edtima se recusou a abrir a porta, e nesse momento os autores de posse de uma arma longa aparentando ser uma espingarda efetuaram um disparo contra a porta da casa, e uma v\u00edtima que estava na sala, menor de idade, foi atingida no bra\u00e7o.<br \/>\n&nbsp; &nbsp;As 04 v\u00edtimas que estavam no interior da casa, acordaram e presenciaram os autores encapuzados invadindo a resid\u00eancia e uma das v\u00edtimas correu para o banheiro, e logo depois foi executada com dois disparos, sendo um na regi\u00e3o abdominal e o outro na cabe\u00e7a. Neste momento as v\u00edtimas teriam conseguido sair da resid\u00eancia e corrido para outros locais distantes e aguardaram a presen\u00e7a da pol\u00edcia militar para retornar.<br \/>\n&nbsp; &nbsp;Ap\u00f3s o ocorrido as v\u00edtimas ouviram o som de duas motocicletas evadindo do local. O local foi isolado pela Pol\u00edcia Militar e o perito constatou o \u00f3bito da v\u00edtima de 36 anos e a outra v\u00edtima foi socorrida ao Hospital.<br \/>\n&nbsp; &nbsp;Ao ser realizado Opera\u00e7\u00e3o Policial, que contou com todos os policiais do Pel PM de Senador Firmino e tamb\u00e9m com a Patrulha de Preven\u00e7\u00e3o a homic\u00eddios do 21\u00baBPM, foi poss\u00edvel atrav\u00e9s da verifica\u00e7\u00e3o das c\u00e2meras de seguran\u00e7a da resid\u00eancia, a identifica\u00e7\u00e3o dos suspeitos.<br \/>\n&nbsp; &nbsp;Ap\u00f3s 15 horas de empenho de todos os policiais militares, na resid\u00eancia de um dos suspeitos, na Zona Rural de Dores do Turvo, na localidade do S\u00edtio do Engenho, foi localizado um autor que \u00e9 menor de idade, bem como foi encontrada uma blusa verde, que estava dependurada na porta da cozinha, identificada pelas imagens, nas quais o autor cobria o rosto. O menor foi apreendido e conduzido \u00e0 Delegacia.<\/p>\n<p><strong>POL\u00cdCIA MILITAR PRENDE FORAGIDO DA JUSTI\u00c7A<\/strong><\/p>\n<p>&nbsp; &nbsp;A Pol\u00edcia Militar ap\u00f3s informa\u00e7\u00f5es repassadas pelo Centro de Opera\u00e7\u00f5es Policiais (COPOM), informando que um indiv\u00edduo, foragido da justi\u00e7a, estaria na Rua Virg\u00edlio Maia Neves, no bairro da Luz.<br \/>\n&nbsp; &nbsp;No local, um homem de 35 anos , foi abordado e ao ser procedida consulta do seu prontu\u00e1rio no sistema informatizado da PMMG, constatou-se que havia em seu desfavor um mandado de pris\u00e3o.<br \/>\n&nbsp; &nbsp;O homem foi preso e conduzido \u00e0 Delegacia.<\/p>\n<p><strong>ROUBO DE MOTOCICLETA &#8211; CONSUMADO<\/strong><\/p>\n<p><strong>Data\/Hora:<\/strong> Quinta-feira, 24 de mar\u00e7o de 2022 \u00e0s 16:20h<br \/>\n<strong>Natureza:<\/strong> C01157 \u2013 CONSUMADO<br \/>\n<strong>Endere\u00e7o:<\/strong> Rua Vereador Lauro Jos\u00e9 da Silva s\/n\u00ba \u2013 Santo Ant\u00f4nio \u2013 S\u00e3o Geraldo\/MG.<br \/>\n<strong>V\u00edtima:<\/strong> Amanda Aparecida Celso da Silva, 23 anos.<br \/>\n<strong>Testemunha:<\/strong> Andreia Aparecida Lucas, 20 anos.<br \/>\n<strong>Ve\u00edculo:<\/strong> Honda NXR150 Bros Mix Es, cor preta, ano 2010, placa OPS-<br \/>\n5B70\/Coimbra-MG.<\/p>\n<p>&nbsp; &nbsp;A v\u00edtima relatou que quando conduzia sua motocicleta em dire\u00e7\u00e3o ao distrito de Monte Celeste, tendo como passageira a testemunha, que \u00e9 sua amiga, foi surpreendida por um indiv\u00edduo alto, moreno, trajando cal\u00e7a e camisa de mangas compridas verde, chinelo branco e usando uma camisa vermelha para tampar seu rosto. O indiv\u00edduo arremessou uma pedra em dire\u00e7\u00e3o a sua motocicleta, vindo a derrub\u00e1-la. Ato cont\u00ednuo, o indiv\u00edduo a amea\u00e7ou com uma pedra e subtraiu sua motocicleta, evadindo sentido ao distrito de Monte Celeste. Militares realizaram rastreamento, contudo, sem \u00eaxito at\u00e9 o momento. Segue rastreamento.<\/p>\n<p><strong>ROUBO DE MOTOCICLETA &#8211; CONSUMADO<\/strong><\/p>\n<p><strong>Data\/Hora:<\/strong> Quinta-feira, 24 de mar\u00e7o de 2022 \u00e0s 21:10h<br \/>\n<strong>Natureza:<\/strong> C01157 \u2013 CONSUMADO<br \/>\n<strong>Endere\u00e7o:<\/strong> Rodovia MGC-265 Km 90 \u2013 Vale do Ouro \u2013 Tocantins\/MG.<br \/>\n<strong>V\u00edtima:<\/strong> Saulo Teixeira de Oliveira, 49 anos.<br \/>\n<strong>Ve\u00edculo:<\/strong> Honda NXR150 Bros Es, cor vermelha, ano 2013, placa KQW-2J65\/Tocantins-MG.<\/p>\n<p>&nbsp; &nbsp;A v\u00edtima relatou que estava transitando pela Rodovia MGC-265 com sua motocicleta, quando uma motocicleta Honda CG de cor preta, sem placa, com dois indiv\u00edduos parearam consigo. O carona lhe apontou um rev\u00f3lver preto e lhe determinou que parasse sua motocicleta. Ato cont\u00ednuo, os indiv\u00edduos subtra\u00edram sua motocicleta e seu celular e evadiram nas duas motos pela rodovia, sentido a cidade de Ub\u00e1. Durante rastreamento, militares depararam com uma motocicleta com dois indiv\u00edduos, com as mesmas caracter\u00edsticas dos autores e, ao perceberem que seriam abordados, os mesmos evadiram, n\u00e3o sendo mais avistados. Segue rastreamento.<\/p>\n<p><strong>FURTO DE MOTOCICLETA &#8211; CONSUMADO<\/strong><\/p>\n<p><strong>Data\/Hora:<\/strong> Quinta-feira, 24 de mar\u00e7o de 2022 \u00e0s 09:58h<br \/>\n<strong>Natureza:<\/strong> C01155 \u2013 CONSUMADO<br \/>\n<strong>Endere\u00e7o:<\/strong> Rua Maria de Oliveira Spaniol n\u00ba 225 \u2013 Coronel Joaquim Lopes &#8211; Visconde do Rio Branco\/MG.<br \/>\n<strong>Ve\u00edculo Furtado:<\/strong> Honda CG 150 Titan Ks, cor preta, ano 2004, placa HAZ-7486\/Visconde do Rio Branco-MG.<br \/>\n<strong>V\u00edtima:<\/strong> Iris Ferreira da Costa Barbosa, 20 anos.<\/p>\n<p>&nbsp; &nbsp;A v\u00edtima compareceu a sede da 111\u00aa Cia Pm e relatou que na data de ontem (23\/03\/2022), por volta das 21:00hrs, deixou sua motocicleta estacionada em frente ao estabelecimento comercial \u201cSacol\u00e3o Avenida\u201d e que nesta data, ao retornar no local para busc\u00e1-la, n\u00e3o mais a encontrou. C\u00e2meras de seguran\u00e7a pr\u00f3ximas, flagraram dois indiv\u00edduos subtraindo a motocicleta. O fato foi registrado, sendo as informa\u00e7\u00f5es repassadas as equipes de servi\u00e7o, contudo, at\u00e9 o momento, sem \u00eaxito em localizar a motocicleta.<\/p>\n<p><strong>VE\u00cdCULO LOCALIZADO \/ RECUPERADO &#8211; CONSUMADO<\/strong><\/p>\n<p><strong>Data\/Hora:<\/strong> Quinta-feira, 24 de mar\u00e7o de 2022 \u00e0s 22:43h<br \/>\n<strong>Natureza:<\/strong> A16000 \u2013 CONSUMADO<br \/>\n<strong>Endere\u00e7o:<\/strong> Rod MG 447 s\/n\u00ba \u2013 Barra dos Coutos &#8211; Visconde do Rio Branco\/MG.<br \/>\n<strong>Ve\u00edculo Localizado:<\/strong> Honda CG 150 Titan Ks, cor preta, ano 2004, placa HAZ 7486\/Visconde do Rio Branco-MG.<\/p>\n<p>&nbsp; &nbsp;Durante patrulhamento pelo local, militares avistaram um indiv\u00edduo de roupa escura, parado em cima de uma motocicleta Honda CG 150 de cor preta, as margens da rodovia MG 447, em atitude suspeita. Ao perceber a aproxima\u00e7\u00e3o policial, o indiv\u00edduo evadiu, tomando rumo ignorado, deixando a motocicleta que estava sem a placa de identifica\u00e7\u00e3o. Foi realizada a consulta da mesma pelo chassi, sendo constatado queixa de furto, conforme registro do reds n\u00ba 2022-012553203-001, dia 24\/03\/2022, na cidade de Visconde do Rio Branco. A motocicleta foi removida para o p\u00e1tio credenciado.<\/p>\n<p><strong>VE\u00cdCULO LOCALIZADO \/ RECUPERADO &#8211; CONSUMADO<\/strong><\/p>\n<p><strong>Data\/Hora:<\/strong> Quinta-feira, 24 de mar\u00e7o de 2022 \u00e0s 23:00h<br \/>\n<strong>Natureza:<\/strong> A05000 \u2013 CONSUMADO<br \/>\n<strong>Endere\u00e7o:<\/strong> Povoado Clemente do Meio s\/n\u00ba \u2013 Visconde do Rio Branco\/MG.<br \/>\n<strong>Ve\u00edculo Localizado:<\/strong> Honda CG 150 Fan Esi, cor preta, ano 2010, placa HKS 4431\/Visconde do Rio Branco-MG.<\/p>\n<p>&nbsp; &nbsp;Em continuidade no rastreamento do reds n\u00ba 2022-012483755-001, (Roubo Consumado de Motocicleta), na data de 23\/03\/2022, cidade de Visconde do Rio Branco, militares lograram \u00eaxito em localizar a motocicleta abandonada, as margens da rodovia 265. A motocicleta foi removida para o p\u00e1tio credenciado.<\/p>\n<p><strong>ROUBO DE MOTOCICLETA &#8211; CONSUMADO<\/strong><\/p>\n<p><strong>Data\/Hora:<\/strong> Quinta-feira, 24 de mar\u00e7o de 2022 \u00e0s 22:15h<br \/>\n<strong>Natureza:<\/strong> C01157 \u2013 CONSUMADO<br \/>\n<strong>Endere\u00e7o:<\/strong> Av. Elp\u00eddia da Silva Fagundes n\u00ba 60 \u2013 Santa Edwiges \u2013 Ub\u00e1\/MG.<br \/>\n<strong>Suspeito:<\/strong> Jeferson Ribeiro de Paula Luz, 18 anos.<br \/>\n<strong>Suspeito:<\/strong> Mateus Matias Greg\u00f3rio, 23 anos.<br \/>\n<strong>V\u00edtima:<\/strong> Richard Oliveira Pereira, 26 anos.<br \/>\n<strong>Ve\u00edculo Roubado:<\/strong> Honda CG 150 Titan Es, cor cinza, ano 2008, placa HFV 1127\/Tocantins-MG.<\/p>\n<p>&nbsp; &nbsp;A v\u00edtima relatou que quando conduzia sua motocicleta pelo local, foi interceptada por outra motocicleta mais antiga, de cor escura, com dois ocupantes. O carona lhe apontou uma arma de fogo, anunciou o roubo e lhe determinou que entregasse sua motocicleta e seu celular. Os indiv\u00edduos subtra\u00edram sua motocicleta e evadiram nas duas motos, sentido a rodovia MG 447. Ao visualizar fotos de contumazes na pr\u00e1tica delituosa, a v\u00edtima apontou como suspeito, Mateus Matias, vulgo \u201cThurram\u201d. Militares compareceram na casa de Mateus e durante dilig\u00eancias, depararam com o mesmo e outro indiv\u00edduo, chegando em uma motocicleta Honda CG, de cor cinza, final da placa \u201c7\u201d. Ambos ao perceberem a presen\u00e7a policial, retornaram e empreenderam fuga. Segundo informa\u00e7\u00f5es, o outro suspeito, seria Jeferson Ribeiro, vulgo \u201cJefinho\u201d. Militares seguem em rastreamento.<\/p>\n<p><em><strong>SIGA AS DICAS DA POL\u00cdCIA MILITAR CONTRA OS GOLPES ON-LINE<\/strong><\/em><\/p>\n<p><img decoding=\"async\" class=\"wp-image-21163 alignnone lazyload\" style=\"--smush-placeholder-width: 299px; --smush-placeholder-aspect-ratio: 299\/299;font-size: 1.0625rem;\" data-src=\"https:\/\/ubanews.com\/site\/wp-content\/uploads\/2022\/03\/PM-1-300x300.png\" alt=\"\" width=\"299\" height=\"299\" data-srcset=\"https:\/\/ubanews.com\/site\/wp-content\/uploads\/2022\/03\/PM-1-300x300.png 300w, https:\/\/ubanews.com\/site\/wp-content\/uploads\/2022\/03\/PM-1-1024x1024.png 1024w, https:\/\/ubanews.com\/site\/wp-content\/uploads\/2022\/03\/PM-1-150x150.png 150w, https:\/\/ubanews.com\/site\/wp-content\/uploads\/2022\/03\/PM-1-768x768.png 768w, https:\/\/ubanews.com\/site\/wp-content\/uploads\/2022\/03\/PM-1.png 1080w\" data-sizes=\"(max-width: 299px) 100vw, 299px\" src=\"data:image\/svg+xml;base64,PHN2ZyB3aWR0aD0iMSIgaGVpZ2h0PSIxIiB4bWxucz0iaHR0cDovL3d3dy53My5vcmcvMjAwMC9zdmciPjwvc3ZnPg==\" \/><img decoding=\"async\" class=\"alignnone size-medium wp-image-21162 lazyload\" style=\"--smush-placeholder-width: 300px; --smush-placeholder-aspect-ratio: 300\/300;font-size: 1.0625rem;\" data-src=\"https:\/\/ubanews.com\/site\/wp-content\/uploads\/2022\/03\/PM-2-300x300.png\" alt=\"\" width=\"300\" height=\"300\" data-srcset=\"https:\/\/ubanews.com\/site\/wp-content\/uploads\/2022\/03\/PM-2-300x300.png 300w, https:\/\/ubanews.com\/site\/wp-content\/uploads\/2022\/03\/PM-2-1024x1024.png 1024w, https:\/\/ubanews.com\/site\/wp-content\/uploads\/2022\/03\/PM-2-150x150.png 150w, https:\/\/ubanews.com\/site\/wp-content\/uploads\/2022\/03\/PM-2-768x768.png 768w, https:\/\/ubanews.com\/site\/wp-content\/uploads\/2022\/03\/PM-2.png 1080w\" data-sizes=\"(max-width: 300px) 100vw, 300px\" src=\"data:image\/svg+xml;base64,PHN2ZyB3aWR0aD0iMSIgaGVpZ2h0PSIxIiB4bWxucz0iaHR0cDovL3d3dy53My5vcmcvMjAwMC9zdmciPjwvc3ZnPg==\" \/><img decoding=\"async\" class=\"alignnone size-medium wp-image-21161 lazyload\" style=\"--smush-placeholder-width: 300px; --smush-placeholder-aspect-ratio: 300\/300;font-size: 1.0625rem;\" data-src=\"https:\/\/ubanews.com\/site\/wp-content\/uploads\/2022\/03\/PM-3-300x300.png\" alt=\"\" width=\"300\" height=\"300\" data-srcset=\"https:\/\/ubanews.com\/site\/wp-content\/uploads\/2022\/03\/PM-3-300x300.png 300w, https:\/\/ubanews.com\/site\/wp-content\/uploads\/2022\/03\/PM-3-1024x1024.png 1024w, https:\/\/ubanews.com\/site\/wp-content\/uploads\/2022\/03\/PM-3-150x150.png 150w, https:\/\/ubanews.com\/site\/wp-content\/uploads\/2022\/03\/PM-3-768x768.png 768w, https:\/\/ubanews.com\/site\/wp-content\/uploads\/2022\/03\/PM-3.png 1080w\" data-sizes=\"(max-width: 300px) 100vw, 300px\" src=\"data:image\/svg+xml;base64,PHN2ZyB3aWR0aD0iMSIgaGVpZ2h0PSIxIiB4bWxucz0iaHR0cDovL3d3dy53My5vcmcvMjAwMC9zdmciPjwvc3ZnPg==\" \/><img decoding=\"async\" class=\"alignnone size-medium wp-image-21160 lazyload\" style=\"--smush-placeholder-width: 300px; --smush-placeholder-aspect-ratio: 300\/300;font-size: 1.0625rem;\" data-src=\"https:\/\/ubanews.com\/site\/wp-content\/uploads\/2022\/03\/PM-4-300x300.png\" alt=\"\" width=\"300\" height=\"300\" data-srcset=\"https:\/\/ubanews.com\/site\/wp-content\/uploads\/2022\/03\/PM-4-300x300.png 300w, https:\/\/ubanews.com\/site\/wp-content\/uploads\/2022\/03\/PM-4-1024x1024.png 1024w, https:\/\/ubanews.com\/site\/wp-content\/uploads\/2022\/03\/PM-4-150x150.png 150w, https:\/\/ubanews.com\/site\/wp-content\/uploads\/2022\/03\/PM-4-768x768.png 768w, https:\/\/ubanews.com\/site\/wp-content\/uploads\/2022\/03\/PM-4.png 1080w\" data-sizes=\"(max-width: 300px) 100vw, 300px\" src=\"data:image\/svg+xml;base64,PHN2ZyB3aWR0aD0iMSIgaGVpZ2h0PSIxIiB4bWxucz0iaHR0cDovL3d3dy53My5vcmcvMjAwMC9zdmciPjwvc3ZnPg==\" \/><img decoding=\"async\" class=\"alignnone size-medium wp-image-21159 lazyload\" style=\"--smush-placeholder-width: 300px; --smush-placeholder-aspect-ratio: 300\/300;font-size: 1.0625rem;\" data-src=\"https:\/\/ubanews.com\/site\/wp-content\/uploads\/2022\/03\/PM-5-300x300.png\" alt=\"\" width=\"300\" height=\"300\" data-srcset=\"https:\/\/ubanews.com\/site\/wp-content\/uploads\/2022\/03\/PM-5-300x300.png 300w, https:\/\/ubanews.com\/site\/wp-content\/uploads\/2022\/03\/PM-5-1024x1024.png 1024w, https:\/\/ubanews.com\/site\/wp-content\/uploads\/2022\/03\/PM-5-150x150.png 150w, https:\/\/ubanews.com\/site\/wp-content\/uploads\/2022\/03\/PM-5-768x768.png 768w, https:\/\/ubanews.com\/site\/wp-content\/uploads\/2022\/03\/PM-5.png 1080w\" data-sizes=\"(max-width: 300px) 100vw, 300px\" src=\"data:image\/svg+xml;base64,PHN2ZyB3aWR0aD0iMSIgaGVpZ2h0PSIxIiB4bWxucz0iaHR0cDovL3d3dy53My5vcmcvMjAwMC9zdmciPjwvc3ZnPg==\" \/><img decoding=\"async\" class=\"size-medium wp-image-21158 alignnone lazyload\" style=\"--smush-placeholder-width: 300px; --smush-placeholder-aspect-ratio: 300\/300;font-size: 1.0625rem;\" data-src=\"https:\/\/ubanews.com\/site\/wp-content\/uploads\/2022\/03\/PM-6-300x300.png\" alt=\"\" width=\"300\" height=\"300\" data-srcset=\"https:\/\/ubanews.com\/site\/wp-content\/uploads\/2022\/03\/PM-6-300x300.png 300w, https:\/\/ubanews.com\/site\/wp-content\/uploads\/2022\/03\/PM-6-1024x1024.png 1024w, https:\/\/ubanews.com\/site\/wp-content\/uploads\/2022\/03\/PM-6-150x150.png 150w, https:\/\/ubanews.com\/site\/wp-content\/uploads\/2022\/03\/PM-6-768x768.png 768w, https:\/\/ubanews.com\/site\/wp-content\/uploads\/2022\/03\/PM-6.png 1080w\" data-sizes=\"(max-width: 300px) 100vw, 300px\" src=\"data:image\/svg+xml;base64,PHN2ZyB3aWR0aD0iMSIgaGVpZ2h0PSIxIiB4bWxucz0iaHR0cDovL3d3dy53My5vcmcvMjAwMC9zdmciPjwvc3ZnPg==\" \/> <span style=\"font-size: 1.0625rem;\">&nbsp;<\/span><span style=\"font-size: 1.0625rem;\">&nbsp;<\/span><span style=\"font-size: 1.0625rem;\">&nbsp;<\/span><span style=\"font-size: 1.0625rem;\">&nbsp;<\/span><\/p>\n<p>Fonte: Comunica\u00e7\u00e3o Organizacional do Vig\u00e9simo Primeiro Batalh\u00e3o de Pol\u00edcia Militar<\/p>\n","protected":false},"excerpt":{"rendered":"<p>POL\u00cdCIA MILITAR REALIZA APREENS\u00c3O DE AUTOR DE HOMIC\u00cdDIO &nbsp; &nbsp;A<\/p>\n","protected":false},"author":4,"featured_media":11198,"comment_status":"open","ping_status":"open","sticky":false,"template":"","format":"standard","meta":{"footnotes":""},"categories":[1],"tags":[],"class_list":["post-21157","post","type-post","status-publish","format-standard","has-post-thumbnail","hentry","category-sem-categoria"],"yoast_head":"<!-- This site is optimized with the Yoast SEO plugin v27.2 - https:\/\/yoast.com\/product\/yoast-seo-wordpress\/ -->\n<title>S\u00edntese das Ocorr\u00eancias Policiais - 25\/03\/2022 - Ub\u00e1 News<\/title>\n<meta name=\"robots\" content=\"index, follow, max-snippet:-1, max-image-preview:large, max-video-preview:-1\" \/>\n<link rel=\"canonical\" href=\"https:\/\/ubanews.com\/site\/2022\/03\/25\/sintese-das-ocorrencias-policiais-25-03-2022\/\" \/>\n<meta property=\"og:locale\" content=\"pt_BR\" \/>\n<meta property=\"og:type\" content=\"article\" \/>\n<meta property=\"og:title\" content=\"S\u00edntese das Ocorr\u00eancias Policiais - 25\/03\/2022 - Ub\u00e1 News\" \/>\n<meta property=\"og:description\" content=\"POL\u00cdCIA MILITAR REALIZA APREENS\u00c3O DE AUTOR DE HOMIC\u00cdDIO &nbsp; &nbsp;A\" \/>\n<meta property=\"og:url\" content=\"https:\/\/ubanews.com\/site\/2022\/03\/25\/sintese-das-ocorrencias-policiais-25-03-2022\/\" \/>\n<meta property=\"og:site_name\" content=\"Ub\u00e1 News\" \/>\n<meta property=\"article:publisher\" content=\"https:\/\/www.facebook.com\/Ub%c3%a1News-Carlos-Roberto-Sodr%c3%a9-418778301977370\" \/>\n<meta property=\"article:published_time\" content=\"2022-03-25T14:14:04+00:00\" \/>\n<meta property=\"article:modified_time\" content=\"2022-06-02T15:19:41+00:00\" \/>\n<meta property=\"og:image\" content=\"https:\/\/ubanews.com\/site\/wp-content\/uploads\/2019\/04\/police-lights.gif\" \/>\n\t<meta property=\"og:image:width\" content=\"800\" \/>\n\t<meta property=\"og:image:height\" content=\"423\" \/>\n\t<meta property=\"og:image:type\" content=\"image\/gif\" \/>\n<meta name=\"author\" content=\"Carlos Roberto Sodr\u00e9\" \/>\n<meta name=\"twitter:card\" content=\"summary_large_image\" \/>\n<meta name=\"twitter:label1\" content=\"Escrito por\" \/>\n\t<meta name=\"twitter:data1\" content=\"Carlos Roberto Sodr\u00e9\" \/>\n\t<meta name=\"twitter:label2\" content=\"Est. tempo de leitura\" \/>\n\t<meta name=\"twitter:data2\" content=\"7 minutos\" \/>\n<script type=\"application\/ld+json\" class=\"yoast-schema-graph\">{\"@context\":\"https:\/\/schema.org\",\"@graph\":[{\"@type\":\"Article\",\"@id\":\"https:\/\/ubanews.com\/site\/2022\/03\/25\/sintese-das-ocorrencias-policiais-25-03-2022\/#article\",\"isPartOf\":{\"@id\":\"https:\/\/ubanews.com\/site\/2022\/03\/25\/sintese-das-ocorrencias-policiais-25-03-2022\/\"},\"author\":{\"name\":\"Carlos Roberto Sodr\u00e9\",\"@id\":\"https:\/\/ubanews.com\/site\/#\/schema\/person\/9d8da9ec3c8d00640ab6e8c81e103310\"},\"headline\":\"S\u00edntese das Ocorr\u00eancias Policiais &#8211; 25\/03\/2022\",\"datePublished\":\"2022-03-25T14:14:04+00:00\",\"dateModified\":\"2022-06-02T15:19:41+00:00\",\"mainEntityOfPage\":{\"@id\":\"https:\/\/ubanews.com\/site\/2022\/03\/25\/sintese-das-ocorrencias-policiais-25-03-2022\/\"},\"wordCount\":1405,\"commentCount\":0,\"publisher\":{\"@id\":\"https:\/\/ubanews.com\/site\/#organization\"},\"image\":{\"@id\":\"https:\/\/ubanews.com\/site\/2022\/03\/25\/sintese-das-ocorrencias-policiais-25-03-2022\/#primaryimage\"},\"thumbnailUrl\":\"https:\/\/ubanews.com\/site\/wp-content\/uploads\/2019\/04\/police-lights.gif\",\"articleSection\":[\"Geral\"],\"inLanguage\":\"pt-BR\",\"potentialAction\":[{\"@type\":\"CommentAction\",\"name\":\"Comment\",\"target\":[\"https:\/\/ubanews.com\/site\/2022\/03\/25\/sintese-das-ocorrencias-policiais-25-03-2022\/#respond\"]}]},{\"@type\":\"WebPage\",\"@id\":\"https:\/\/ubanews.com\/site\/2022\/03\/25\/sintese-das-ocorrencias-policiais-25-03-2022\/\",\"url\":\"https:\/\/ubanews.com\/site\/2022\/03\/25\/sintese-das-ocorrencias-policiais-25-03-2022\/\",\"name\":\"S\u00edntese das Ocorr\u00eancias Policiais - 25\/03\/2022 - Ub\u00e1 News\",\"isPartOf\":{\"@id\":\"https:\/\/ubanews.com\/site\/#website\"},\"primaryImageOfPage\":{\"@id\":\"https:\/\/ubanews.com\/site\/2022\/03\/25\/sintese-das-ocorrencias-policiais-25-03-2022\/#primaryimage\"},\"image\":{\"@id\":\"https:\/\/ubanews.com\/site\/2022\/03\/25\/sintese-das-ocorrencias-policiais-25-03-2022\/#primaryimage\"},\"thumbnailUrl\":\"https:\/\/ubanews.com\/site\/wp-content\/uploads\/2019\/04\/police-lights.gif\",\"datePublished\":\"2022-03-25T14:14:04+00:00\",\"dateModified\":\"2022-06-02T15:19:41+00:00\",\"breadcrumb\":{\"@id\":\"https:\/\/ubanews.com\/site\/2022\/03\/25\/sintese-das-ocorrencias-policiais-25-03-2022\/#breadcrumb\"},\"inLanguage\":\"pt-BR\",\"potentialAction\":[{\"@type\":\"ReadAction\",\"target\":[\"https:\/\/ubanews.com\/site\/2022\/03\/25\/sintese-das-ocorrencias-policiais-25-03-2022\/\"]}]},{\"@type\":\"ImageObject\",\"inLanguage\":\"pt-BR\",\"@id\":\"https:\/\/ubanews.com\/site\/2022\/03\/25\/sintese-das-ocorrencias-policiais-25-03-2022\/#primaryimage\",\"url\":\"https:\/\/ubanews.com\/site\/wp-content\/uploads\/2019\/04\/police-lights.gif\",\"contentUrl\":\"https:\/\/ubanews.com\/site\/wp-content\/uploads\/2019\/04\/police-lights.gif\",\"width\":800,\"height\":423},{\"@type\":\"BreadcrumbList\",\"@id\":\"https:\/\/ubanews.com\/site\/2022\/03\/25\/sintese-das-ocorrencias-policiais-25-03-2022\/#breadcrumb\",\"itemListElement\":[{\"@type\":\"ListItem\",\"position\":1,\"name\":\"Home\",\"item\":\"https:\/\/ubanews.com\/site\/\"},{\"@type\":\"ListItem\",\"position\":2,\"name\":\"S\u00edntese das Ocorr\u00eancias Policiais &#8211; 25\/03\/2022\"}]},{\"@type\":\"WebSite\",\"@id\":\"https:\/\/ubanews.com\/site\/#website\",\"url\":\"https:\/\/ubanews.com\/site\/\",\"name\":\"Ub\u00e1 News\",\"description\":\"\",\"publisher\":{\"@id\":\"https:\/\/ubanews.com\/site\/#organization\"},\"potentialAction\":[{\"@type\":\"SearchAction\",\"target\":{\"@type\":\"EntryPoint\",\"urlTemplate\":\"https:\/\/ubanews.com\/site\/?s={search_term_string}\"},\"query-input\":{\"@type\":\"PropertyValueSpecification\",\"valueRequired\":true,\"valueName\":\"search_term_string\"}}],\"inLanguage\":\"pt-BR\"},{\"@type\":\"Organization\",\"@id\":\"https:\/\/ubanews.com\/site\/#organization\",\"name\":\"Ub\u00e1 News\",\"url\":\"https:\/\/ubanews.com\/site\/\",\"logo\":{\"@type\":\"ImageObject\",\"inLanguage\":\"pt-BR\",\"@id\":\"https:\/\/ubanews.com\/site\/#\/schema\/logo\/image\/\",\"url\":\"https:\/\/ubanews.com\/site\/wp-content\/uploads\/2018\/01\/logoubanews.png\",\"contentUrl\":\"https:\/\/ubanews.com\/site\/wp-content\/uploads\/2018\/01\/logoubanews.png\",\"width\":261,\"height\":99,\"caption\":\"Ub\u00e1 News\"},\"image\":{\"@id\":\"https:\/\/ubanews.com\/site\/#\/schema\/logo\/image\/\"},\"sameAs\":[\"https:\/\/www.facebook.com\/Ub\u00e1News-Carlos-Roberto-Sodr\u00e9-418778301977370\"]},{\"@type\":\"Person\",\"@id\":\"https:\/\/ubanews.com\/site\/#\/schema\/person\/9d8da9ec3c8d00640ab6e8c81e103310\",\"name\":\"Carlos Roberto Sodr\u00e9\",\"image\":{\"@type\":\"ImageObject\",\"inLanguage\":\"pt-BR\",\"@id\":\"https:\/\/secure.gravatar.com\/avatar\/aab322e8555b56c468614fafdab8a8f924e394cdc6cfd8232f77e9e4d123a133?s=96&d=mm&r=g\",\"url\":\"https:\/\/secure.gravatar.com\/avatar\/aab322e8555b56c468614fafdab8a8f924e394cdc6cfd8232f77e9e4d123a133?s=96&d=mm&r=g\",\"contentUrl\":\"https:\/\/secure.gravatar.com\/avatar\/aab322e8555b56c468614fafdab8a8f924e394cdc6cfd8232f77e9e4d123a133?s=96&d=mm&r=g\",\"caption\":\"Carlos Roberto Sodr\u00e9\"},\"url\":\"https:\/\/ubanews.com\/site\/author\/sodre\/\"}]}<\/script>\n<!-- \/ Yoast SEO plugin. -->","yoast_head_json":{"title":"S\u00edntese das Ocorr\u00eancias Policiais - 25\/03\/2022 - Ub\u00e1 News","robots":{"index":"index","follow":"follow","max-snippet":"max-snippet:-1","max-image-preview":"max-image-preview:large","max-video-preview":"max-video-preview:-1"},"canonical":"https:\/\/ubanews.com\/site\/2022\/03\/25\/sintese-das-ocorrencias-policiais-25-03-2022\/","og_locale":"pt_BR","og_type":"article","og_title":"S\u00edntese das Ocorr\u00eancias Policiais - 25\/03\/2022 - Ub\u00e1 News","og_description":"POL\u00cdCIA MILITAR REALIZA APREENS\u00c3O DE AUTOR DE HOMIC\u00cdDIO &nbsp; &nbsp;A","og_url":"https:\/\/ubanews.com\/site\/2022\/03\/25\/sintese-das-ocorrencias-policiais-25-03-2022\/","og_site_name":"Ub\u00e1 News","article_publisher":"https:\/\/www.facebook.com\/Ub%c3%a1News-Carlos-Roberto-Sodr%c3%a9-418778301977370","article_published_time":"2022-03-25T14:14:04+00:00","article_modified_time":"2022-06-02T15:19:41+00:00","og_image":[{"width":800,"height":423,"url":"https:\/\/ubanews.com\/site\/wp-content\/uploads\/2019\/04\/police-lights.gif","type":"image\/gif"}],"author":"Carlos Roberto Sodr\u00e9","twitter_card":"summary_large_image","twitter_misc":{"Escrito por":"Carlos Roberto Sodr\u00e9","Est. tempo de leitura":"7 minutos"},"schema":{"@context":"https:\/\/schema.org","@graph":[{"@type":"Article","@id":"https:\/\/ubanews.com\/site\/2022\/03\/25\/sintese-das-ocorrencias-policiais-25-03-2022\/#article","isPartOf":{"@id":"https:\/\/ubanews.com\/site\/2022\/03\/25\/sintese-das-ocorrencias-policiais-25-03-2022\/"},"author":{"name":"Carlos Roberto Sodr\u00e9","@id":"https:\/\/ubanews.com\/site\/#\/schema\/person\/9d8da9ec3c8d00640ab6e8c81e103310"},"headline":"S\u00edntese das Ocorr\u00eancias Policiais &#8211; 25\/03\/2022","datePublished":"2022-03-25T14:14:04+00:00","dateModified":"2022-06-02T15:19:41+00:00","mainEntityOfPage":{"@id":"https:\/\/ubanews.com\/site\/2022\/03\/25\/sintese-das-ocorrencias-policiais-25-03-2022\/"},"wordCount":1405,"commentCount":0,"publisher":{"@id":"https:\/\/ubanews.com\/site\/#organization"},"image":{"@id":"https:\/\/ubanews.com\/site\/2022\/03\/25\/sintese-das-ocorrencias-policiais-25-03-2022\/#primaryimage"},"thumbnailUrl":"https:\/\/ubanews.com\/site\/wp-content\/uploads\/2019\/04\/police-lights.gif","articleSection":["Geral"],"inLanguage":"pt-BR","potentialAction":[{"@type":"CommentAction","name":"Comment","target":["https:\/\/ubanews.com\/site\/2022\/03\/25\/sintese-das-ocorrencias-policiais-25-03-2022\/#respond"]}]},{"@type":"WebPage","@id":"https:\/\/ubanews.com\/site\/2022\/03\/25\/sintese-das-ocorrencias-policiais-25-03-2022\/","url":"https:\/\/ubanews.com\/site\/2022\/03\/25\/sintese-das-ocorrencias-policiais-25-03-2022\/","name":"S\u00edntese das Ocorr\u00eancias Policiais - 25\/03\/2022 - Ub\u00e1 News","isPartOf":{"@id":"https:\/\/ubanews.com\/site\/#website"},"primaryImageOfPage":{"@id":"https:\/\/ubanews.com\/site\/2022\/03\/25\/sintese-das-ocorrencias-policiais-25-03-2022\/#primaryimage"},"image":{"@id":"https:\/\/ubanews.com\/site\/2022\/03\/25\/sintese-das-ocorrencias-policiais-25-03-2022\/#primaryimage"},"thumbnailUrl":"https:\/\/ubanews.com\/site\/wp-content\/uploads\/2019\/04\/police-lights.gif","datePublished":"2022-03-25T14:14:04+00:00","dateModified":"2022-06-02T15:19:41+00:00","breadcrumb":{"@id":"https:\/\/ubanews.com\/site\/2022\/03\/25\/sintese-das-ocorrencias-policiais-25-03-2022\/#breadcrumb"},"inLanguage":"pt-BR","potentialAction":[{"@type":"ReadAction","target":["https:\/\/ubanews.com\/site\/2022\/03\/25\/sintese-das-ocorrencias-policiais-25-03-2022\/"]}]},{"@type":"ImageObject","inLanguage":"pt-BR","@id":"https:\/\/ubanews.com\/site\/2022\/03\/25\/sintese-das-ocorrencias-policiais-25-03-2022\/#primaryimage","url":"https:\/\/ubanews.com\/site\/wp-content\/uploads\/2019\/04\/police-lights.gif","contentUrl":"https:\/\/ubanews.com\/site\/wp-content\/uploads\/2019\/04\/police-lights.gif","width":800,"height":423},{"@type":"BreadcrumbList","@id":"https:\/\/ubanews.com\/site\/2022\/03\/25\/sintese-das-ocorrencias-policiais-25-03-2022\/#breadcrumb","itemListElement":[{"@type":"ListItem","position":1,"name":"Home","item":"https:\/\/ubanews.com\/site\/"},{"@type":"ListItem","position":2,"name":"S\u00edntese das Ocorr\u00eancias Policiais &#8211; 25\/03\/2022"}]},{"@type":"WebSite","@id":"https:\/\/ubanews.com\/site\/#website","url":"https:\/\/ubanews.com\/site\/","name":"Ub\u00e1 News","description":"","publisher":{"@id":"https:\/\/ubanews.com\/site\/#organization"},"potentialAction":[{"@type":"SearchAction","target":{"@type":"EntryPoint","urlTemplate":"https:\/\/ubanews.com\/site\/?s={search_term_string}"},"query-input":{"@type":"PropertyValueSpecification","valueRequired":true,"valueName":"search_term_string"}}],"inLanguage":"pt-BR"},{"@type":"Organization","@id":"https:\/\/ubanews.com\/site\/#organization","name":"Ub\u00e1 News","url":"https:\/\/ubanews.com\/site\/","logo":{"@type":"ImageObject","inLanguage":"pt-BR","@id":"https:\/\/ubanews.com\/site\/#\/schema\/logo\/image\/","url":"https:\/\/ubanews.com\/site\/wp-content\/uploads\/2018\/01\/logoubanews.png","contentUrl":"https:\/\/ubanews.com\/site\/wp-content\/uploads\/2018\/01\/logoubanews.png","width":261,"height":99,"caption":"Ub\u00e1 News"},"image":{"@id":"https:\/\/ubanews.com\/site\/#\/schema\/logo\/image\/"},"sameAs":["https:\/\/www.facebook.com\/Ub\u00e1News-Carlos-Roberto-Sodr\u00e9-418778301977370"]},{"@type":"Person","@id":"https:\/\/ubanews.com\/site\/#\/schema\/person\/9d8da9ec3c8d00640ab6e8c81e103310","name":"Carlos Roberto Sodr\u00e9","image":{"@type":"ImageObject","inLanguage":"pt-BR","@id":"https:\/\/secure.gravatar.com\/avatar\/aab322e8555b56c468614fafdab8a8f924e394cdc6cfd8232f77e9e4d123a133?s=96&d=mm&r=g","url":"https:\/\/secure.gravatar.com\/avatar\/aab322e8555b56c468614fafdab8a8f924e394cdc6cfd8232f77e9e4d123a133?s=96&d=mm&r=g","contentUrl":"https:\/\/secure.gravatar.com\/avatar\/aab322e8555b56c468614fafdab8a8f924e394cdc6cfd8232f77e9e4d123a133?s=96&d=mm&r=g","caption":"Carlos Roberto Sodr\u00e9"},"url":"https:\/\/ubanews.com\/site\/author\/sodre\/"}]}},"_links":{"self":[{"href":"https:\/\/ubanews.com\/site\/wp-json\/wp\/v2\/posts\/21157","targetHints":{"allow":["GET"]}}],"collection":[{"href":"https:\/\/ubanews.com\/site\/wp-json\/wp\/v2\/posts"}],"about":[{"href":"https:\/\/ubanews.com\/site\/wp-json\/wp\/v2\/types\/post"}],"author":[{"embeddable":true,"href":"https:\/\/ubanews.com\/site\/wp-json\/wp\/v2\/users\/4"}],"replies":[{"embeddable":true,"href":"https:\/\/ubanews.com\/site\/wp-json\/wp\/v2\/comments?post=21157"}],"version-history":[{"count":0,"href":"https:\/\/ubanews.com\/site\/wp-json\/wp\/v2\/posts\/21157\/revisions"}],"wp:featuredmedia":[{"embeddable":true,"href":"https:\/\/ubanews.com\/site\/wp-json\/wp\/v2\/media\/11198"}],"wp:attachment":[{"href":"https:\/\/ubanews.com\/site\/wp-json\/wp\/v2\/media?parent=21157"}],"wp:term":[{"taxonomy":"category","embeddable":true,"href":"https:\/\/ubanews.com\/site\/wp-json\/wp\/v2\/categories?post=21157"},{"taxonomy":"post_tag","embeddable":true,"href":"https:\/\/ubanews.com\/site\/wp-json\/wp\/v2\/tags?post=21157"}],"curies":[{"name":"wp","href":"https:\/\/api.w.org\/{rel}","templated":true}]}}