{"id":21153,"date":"2022-02-25T23:53:30","date_gmt":"2022-02-26T02:53:30","guid":{"rendered":"http:\/\/ubanews.com\/site\/?p=21153"},"modified":"2022-02-25T23:53:30","modified_gmt":"2022-02-26T02:53:30","slug":"a-prefeitura-ja-retirou-mais-de-400-carros-dos-rios-e-das-ruas-de-petropolis-ate-esta-quarta-feira-23","status":"publish","type":"post","link":"https:\/\/ubanews.com\/site\/2022\/02\/25\/a-prefeitura-ja-retirou-mais-de-400-carros-dos-rios-e-das-ruas-de-petropolis-ate-esta-quarta-feira-23\/","title":{"rendered":"A Prefeitura j\u00e1 retirou mais de 400 carros dos rios e das ruas de Petr\u00f3polis at\u00e9 est\u00e1 quarta-feira (23)"},"content":{"rendered":"<p style=\"padding-left: 40px; text-align: left;\"><span style=\"font-size: 1.0625rem;\">S\u00e3o ve\u00edculos que foram arrastados pelas fortes chuvas de ter\u00e7a-feira (15) e que estavam espalhados pela cidade: obstruindo as vias, em cima das cal\u00e7adas ou dentro dos rios.<\/span><\/p>\n<p style=\"padding-left: 40px; text-align: left;\">Para a opera\u00e7\u00e3o, promovida pela Prefeitura, por meio da CPTrans, foram utilizados 35 reboques e quatro guinchos. Esse maquin\u00e1rio foi contratado pelo munic\u00edpio em fun\u00e7\u00e3o do estado de calamidade p\u00fablica em Petr\u00f3polis.<\/p>\n<div id=\"metaslider-id-17652\" style=\"max-width: 1000px;\" class=\"ml-slider-3-106-0 metaslider metaslider-nivo metaslider-17652 ml-slider ms-theme-outline\" role=\"region\" aria-label=\"Texto\" data-height=\"200\" data-width=\"1000\">\n    <div id=\"metaslider_container_17652\">\n        <div class='slider-wrapper theme-default'><div class='ribbon'><\/div><div id='metaslider_17652' class='nivoSlider'><\/div><\/div>\n        \n    <\/div>\n<\/div>\n<p style=\"padding-left: 40px; text-align: left;\">Os ve\u00edculos rebocados foram levados para o p\u00e1tio do Morin.&nbsp;<\/p>\n<p style=\"padding-left: 40px; text-align: left;\">Todos os carros foram catalogados, para possibilitar a identifica\u00e7\u00e3o e a retirada pelo propriet\u00e1rio. Para isso, o dono deve telefonar para o p\u00e1tio (24 99204-0647).<\/p>\n<p style=\"padding-left: 40px; text-align: left;\">A remo\u00e7\u00e3o dos ve\u00edculos vem sendo realizada desde quarta-feira (16) e seguir\u00e1 pelos pr\u00f3ximos dias.<\/p>\n<p><strong>Assessoria de comunica\u00e7\u00e3o Prefeitura de Petr\u00f3polis.<\/strong><\/p>\n<div style=\"width: 840px;\" class=\"wp-video\"><video class=\"wp-video-shortcode\" id=\"video-21153-1\" width=\"840\" height=\"473\" autoplay preload=\"auto\" controls=\"controls\"><source type=\"video\/mp4\" src=\"https:\/\/ubanews.com\/site\/wp-content\/uploads\/2020\/12\/01020002.00_00_53_25.mp4?_=1\" \/><a href=\"https:\/\/ubanews.com\/site\/wp-content\/uploads\/2020\/12\/01020002.00_00_53_25.mp4\">https:\/\/ubanews.com\/site\/wp-content\/uploads\/2020\/12\/01020002.00_00_53_25.mp4<\/a><\/video><\/div>\n<p>[\/vi<\/p>\n","protected":false},"excerpt":{"rendered":"<p>S\u00e3o ve\u00edculos que foram arrastados pelas fortes chuvas de ter\u00e7a-feira<\/p>\n","protected":false},"author":2,"featured_media":21154,"comment_status":"open","ping_status":"open","sticky":false,"template":"","format":"standard","meta":{"footnotes":""},"categories":[15],"tags":[],"class_list":["post-21153","post","type-post","status-publish","format-standard","has-post-thumbnail","hentry","category-prefeitura-municipal"],"yoast_head":"<!-- This site is optimized with the Yoast SEO plugin v27.2 - https:\/\/yoast.com\/product\/yoast-seo-wordpress\/ -->\n<title>A Prefeitura j\u00e1 retirou mais de 400 carros dos rios e das ruas de Petr\u00f3polis at\u00e9 est\u00e1 quarta-feira (23) - Ub\u00e1 News<\/title>\n<meta name=\"robots\" content=\"index, follow, max-snippet:-1, max-image-preview:large, max-video-preview:-1\" \/>\n<link rel=\"canonical\" href=\"https:\/\/ubanews.com\/site\/2022\/02\/25\/a-prefeitura-ja-retirou-mais-de-400-carros-dos-rios-e-das-ruas-de-petropolis-ate-esta-quarta-feira-23\/\" \/>\n<meta property=\"og:locale\" content=\"pt_BR\" \/>\n<meta property=\"og:type\" content=\"article\" \/>\n<meta property=\"og:title\" content=\"A Prefeitura j\u00e1 retirou mais de 400 carros dos rios e das ruas de Petr\u00f3polis at\u00e9 est\u00e1 quarta-feira (23) - Ub\u00e1 News\" \/>\n<meta property=\"og:description\" content=\"S\u00e3o ve\u00edculos que foram arrastados pelas fortes chuvas de ter\u00e7a-feira\" \/>\n<meta property=\"og:url\" content=\"https:\/\/ubanews.com\/site\/2022\/02\/25\/a-prefeitura-ja-retirou-mais-de-400-carros-dos-rios-e-das-ruas-de-petropolis-ate-esta-quarta-feira-23\/\" \/>\n<meta property=\"og:site_name\" content=\"Ub\u00e1 News\" \/>\n<meta property=\"article:publisher\" content=\"https:\/\/www.facebook.com\/Ub%c3%a1News-Carlos-Roberto-Sodr%c3%a9-418778301977370\" \/>\n<meta property=\"article:author\" content=\"https:\/\/www.facebook.com\/carosroberto.sodre.5\/\" \/>\n<meta property=\"article:published_time\" content=\"2022-02-26T02:53:30+00:00\" \/>\n<meta property=\"og:image\" content=\"https:\/\/ubanews.com\/site\/wp-content\/uploads\/2022\/02\/FB_IMG_1645843467021.jpg\" \/>\n\t<meta property=\"og:image:width\" content=\"1080\" \/>\n\t<meta property=\"og:image:height\" content=\"608\" \/>\n\t<meta property=\"og:image:type\" content=\"image\/jpeg\" \/>\n<meta name=\"author\" content=\"Sodr\u00e9\" \/>\n<meta name=\"twitter:card\" content=\"summary_large_image\" \/>\n<meta name=\"twitter:label1\" content=\"Escrito por\" \/>\n\t<meta name=\"twitter:data1\" content=\"Sodr\u00e9\" \/>\n\t<meta name=\"twitter:label2\" content=\"Est. tempo de leitura\" \/>\n\t<meta name=\"twitter:data2\" content=\"1 minuto\" \/>\n<script type=\"application\/ld+json\" class=\"yoast-schema-graph\">{\"@context\":\"https:\/\/schema.org\",\"@graph\":[{\"@type\":\"Article\",\"@id\":\"https:\/\/ubanews.com\/site\/2022\/02\/25\/a-prefeitura-ja-retirou-mais-de-400-carros-dos-rios-e-das-ruas-de-petropolis-ate-esta-quarta-feira-23\/#article\",\"isPartOf\":{\"@id\":\"https:\/\/ubanews.com\/site\/2022\/02\/25\/a-prefeitura-ja-retirou-mais-de-400-carros-dos-rios-e-das-ruas-de-petropolis-ate-esta-quarta-feira-23\/\"},\"author\":{\"name\":\"Sodr\u00e9\",\"@id\":\"https:\/\/ubanews.com\/site\/#\/schema\/person\/d90c9e47252fbb63dcc969fe4c8b9d10\"},\"headline\":\"A Prefeitura j\u00e1 retirou mais de 400 carros dos rios e das ruas de Petr\u00f3polis at\u00e9 est\u00e1 quarta-feira (23)\",\"datePublished\":\"2022-02-26T02:53:30+00:00\",\"mainEntityOfPage\":{\"@id\":\"https:\/\/ubanews.com\/site\/2022\/02\/25\/a-prefeitura-ja-retirou-mais-de-400-carros-dos-rios-e-das-ruas-de-petropolis-ate-esta-quarta-feira-23\/\"},\"wordCount\":169,\"commentCount\":0,\"publisher\":{\"@id\":\"https:\/\/ubanews.com\/site\/#organization\"},\"image\":{\"@id\":\"https:\/\/ubanews.com\/site\/2022\/02\/25\/a-prefeitura-ja-retirou-mais-de-400-carros-dos-rios-e-das-ruas-de-petropolis-ate-esta-quarta-feira-23\/#primaryimage\"},\"thumbnailUrl\":\"https:\/\/ubanews.com\/site\/wp-content\/uploads\/2022\/02\/FB_IMG_1645843467021.jpg\",\"articleSection\":[\"Prefeitura Municipal\"],\"inLanguage\":\"pt-BR\",\"potentialAction\":[{\"@type\":\"CommentAction\",\"name\":\"Comment\",\"target\":[\"https:\/\/ubanews.com\/site\/2022\/02\/25\/a-prefeitura-ja-retirou-mais-de-400-carros-dos-rios-e-das-ruas-de-petropolis-ate-esta-quarta-feira-23\/#respond\"]}]},{\"@type\":\"WebPage\",\"@id\":\"https:\/\/ubanews.com\/site\/2022\/02\/25\/a-prefeitura-ja-retirou-mais-de-400-carros-dos-rios-e-das-ruas-de-petropolis-ate-esta-quarta-feira-23\/\",\"url\":\"https:\/\/ubanews.com\/site\/2022\/02\/25\/a-prefeitura-ja-retirou-mais-de-400-carros-dos-rios-e-das-ruas-de-petropolis-ate-esta-quarta-feira-23\/\",\"name\":\"A Prefeitura j\u00e1 retirou mais de 400 carros dos rios e das ruas de Petr\u00f3polis at\u00e9 est\u00e1 quarta-feira (23) - Ub\u00e1 News\",\"isPartOf\":{\"@id\":\"https:\/\/ubanews.com\/site\/#website\"},\"primaryImageOfPage\":{\"@id\":\"https:\/\/ubanews.com\/site\/2022\/02\/25\/a-prefeitura-ja-retirou-mais-de-400-carros-dos-rios-e-das-ruas-de-petropolis-ate-esta-quarta-feira-23\/#primaryimage\"},\"image\":{\"@id\":\"https:\/\/ubanews.com\/site\/2022\/02\/25\/a-prefeitura-ja-retirou-mais-de-400-carros-dos-rios-e-das-ruas-de-petropolis-ate-esta-quarta-feira-23\/#primaryimage\"},\"thumbnailUrl\":\"https:\/\/ubanews.com\/site\/wp-content\/uploads\/2022\/02\/FB_IMG_1645843467021.jpg\",\"datePublished\":\"2022-02-26T02:53:30+00:00\",\"breadcrumb\":{\"@id\":\"https:\/\/ubanews.com\/site\/2022\/02\/25\/a-prefeitura-ja-retirou-mais-de-400-carros-dos-rios-e-das-ruas-de-petropolis-ate-esta-quarta-feira-23\/#breadcrumb\"},\"inLanguage\":\"pt-BR\",\"potentialAction\":[{\"@type\":\"ReadAction\",\"target\":[\"https:\/\/ubanews.com\/site\/2022\/02\/25\/a-prefeitura-ja-retirou-mais-de-400-carros-dos-rios-e-das-ruas-de-petropolis-ate-esta-quarta-feira-23\/\"]}]},{\"@type\":\"ImageObject\",\"inLanguage\":\"pt-BR\",\"@id\":\"https:\/\/ubanews.com\/site\/2022\/02\/25\/a-prefeitura-ja-retirou-mais-de-400-carros-dos-rios-e-das-ruas-de-petropolis-ate-esta-quarta-feira-23\/#primaryimage\",\"url\":\"https:\/\/ubanews.com\/site\/wp-content\/uploads\/2022\/02\/FB_IMG_1645843467021.jpg\",\"contentUrl\":\"https:\/\/ubanews.com\/site\/wp-content\/uploads\/2022\/02\/FB_IMG_1645843467021.jpg\",\"width\":1080,\"height\":608},{\"@type\":\"BreadcrumbList\",\"@id\":\"https:\/\/ubanews.com\/site\/2022\/02\/25\/a-prefeitura-ja-retirou-mais-de-400-carros-dos-rios-e-das-ruas-de-petropolis-ate-esta-quarta-feira-23\/#breadcrumb\",\"itemListElement\":[{\"@type\":\"ListItem\",\"position\":1,\"name\":\"Home\",\"item\":\"https:\/\/ubanews.com\/site\/\"},{\"@type\":\"ListItem\",\"position\":2,\"name\":\"A Prefeitura j\u00e1 retirou mais de 400 carros dos rios e das ruas de Petr\u00f3polis at\u00e9 est\u00e1 quarta-feira (23)\"}]},{\"@type\":\"WebSite\",\"@id\":\"https:\/\/ubanews.com\/site\/#website\",\"url\":\"https:\/\/ubanews.com\/site\/\",\"name\":\"Ub\u00e1 News\",\"description\":\"\",\"publisher\":{\"@id\":\"https:\/\/ubanews.com\/site\/#organization\"},\"potentialAction\":[{\"@type\":\"SearchAction\",\"target\":{\"@type\":\"EntryPoint\",\"urlTemplate\":\"https:\/\/ubanews.com\/site\/?s={search_term_string}\"},\"query-input\":{\"@type\":\"PropertyValueSpecification\",\"valueRequired\":true,\"valueName\":\"search_term_string\"}}],\"inLanguage\":\"pt-BR\"},{\"@type\":\"Organization\",\"@id\":\"https:\/\/ubanews.com\/site\/#organization\",\"name\":\"Ub\u00e1 News\",\"url\":\"https:\/\/ubanews.com\/site\/\",\"logo\":{\"@type\":\"ImageObject\",\"inLanguage\":\"pt-BR\",\"@id\":\"https:\/\/ubanews.com\/site\/#\/schema\/logo\/image\/\",\"url\":\"https:\/\/ubanews.com\/site\/wp-content\/uploads\/2018\/01\/logoubanews.png\",\"contentUrl\":\"https:\/\/ubanews.com\/site\/wp-content\/uploads\/2018\/01\/logoubanews.png\",\"width\":261,\"height\":99,\"caption\":\"Ub\u00e1 News\"},\"image\":{\"@id\":\"https:\/\/ubanews.com\/site\/#\/schema\/logo\/image\/\"},\"sameAs\":[\"https:\/\/www.facebook.com\/Ub\u00e1News-Carlos-Roberto-Sodr\u00e9-418778301977370\"]},{\"@type\":\"Person\",\"@id\":\"https:\/\/ubanews.com\/site\/#\/schema\/person\/d90c9e47252fbb63dcc969fe4c8b9d10\",\"name\":\"Sodr\u00e9\",\"image\":{\"@type\":\"ImageObject\",\"inLanguage\":\"pt-BR\",\"@id\":\"https:\/\/secure.gravatar.com\/avatar\/5ba2793f0590b9dbfad3fdec4ee714485b3eef211c9b32ee53d414060454a56c?s=96&d=mm&r=g\",\"url\":\"https:\/\/secure.gravatar.com\/avatar\/5ba2793f0590b9dbfad3fdec4ee714485b3eef211c9b32ee53d414060454a56c?s=96&d=mm&r=g\",\"contentUrl\":\"https:\/\/secure.gravatar.com\/avatar\/5ba2793f0590b9dbfad3fdec4ee714485b3eef211c9b32ee53d414060454a56c?s=96&d=mm&r=g\",\"caption\":\"Sodr\u00e9\"},\"sameAs\":[\"https:\/\/www.facebook.com\/carosroberto.sodre.5\/\"],\"url\":\"https:\/\/ubanews.com\/site\/author\/felipe\/\"}]}<\/script>\n<!-- \/ Yoast SEO plugin. -->","yoast_head_json":{"title":"A Prefeitura j\u00e1 retirou mais de 400 carros dos rios e das ruas de Petr\u00f3polis at\u00e9 est\u00e1 quarta-feira (23) - Ub\u00e1 News","robots":{"index":"index","follow":"follow","max-snippet":"max-snippet:-1","max-image-preview":"max-image-preview:large","max-video-preview":"max-video-preview:-1"},"canonical":"https:\/\/ubanews.com\/site\/2022\/02\/25\/a-prefeitura-ja-retirou-mais-de-400-carros-dos-rios-e-das-ruas-de-petropolis-ate-esta-quarta-feira-23\/","og_locale":"pt_BR","og_type":"article","og_title":"A Prefeitura j\u00e1 retirou mais de 400 carros dos rios e das ruas de Petr\u00f3polis at\u00e9 est\u00e1 quarta-feira (23) - Ub\u00e1 News","og_description":"S\u00e3o ve\u00edculos que foram arrastados pelas fortes chuvas de ter\u00e7a-feira","og_url":"https:\/\/ubanews.com\/site\/2022\/02\/25\/a-prefeitura-ja-retirou-mais-de-400-carros-dos-rios-e-das-ruas-de-petropolis-ate-esta-quarta-feira-23\/","og_site_name":"Ub\u00e1 News","article_publisher":"https:\/\/www.facebook.com\/Ub%c3%a1News-Carlos-Roberto-Sodr%c3%a9-418778301977370","article_author":"https:\/\/www.facebook.com\/carosroberto.sodre.5\/","article_published_time":"2022-02-26T02:53:30+00:00","og_image":[{"width":1080,"height":608,"url":"https:\/\/ubanews.com\/site\/wp-content\/uploads\/2022\/02\/FB_IMG_1645843467021.jpg","type":"image\/jpeg"}],"author":"Sodr\u00e9","twitter_card":"summary_large_image","twitter_misc":{"Escrito por":"Sodr\u00e9","Est. tempo de leitura":"1 minuto"},"schema":{"@context":"https:\/\/schema.org","@graph":[{"@type":"Article","@id":"https:\/\/ubanews.com\/site\/2022\/02\/25\/a-prefeitura-ja-retirou-mais-de-400-carros-dos-rios-e-das-ruas-de-petropolis-ate-esta-quarta-feira-23\/#article","isPartOf":{"@id":"https:\/\/ubanews.com\/site\/2022\/02\/25\/a-prefeitura-ja-retirou-mais-de-400-carros-dos-rios-e-das-ruas-de-petropolis-ate-esta-quarta-feira-23\/"},"author":{"name":"Sodr\u00e9","@id":"https:\/\/ubanews.com\/site\/#\/schema\/person\/d90c9e47252fbb63dcc969fe4c8b9d10"},"headline":"A Prefeitura j\u00e1 retirou mais de 400 carros dos rios e das ruas de Petr\u00f3polis at\u00e9 est\u00e1 quarta-feira (23)","datePublished":"2022-02-26T02:53:30+00:00","mainEntityOfPage":{"@id":"https:\/\/ubanews.com\/site\/2022\/02\/25\/a-prefeitura-ja-retirou-mais-de-400-carros-dos-rios-e-das-ruas-de-petropolis-ate-esta-quarta-feira-23\/"},"wordCount":169,"commentCount":0,"publisher":{"@id":"https:\/\/ubanews.com\/site\/#organization"},"image":{"@id":"https:\/\/ubanews.com\/site\/2022\/02\/25\/a-prefeitura-ja-retirou-mais-de-400-carros-dos-rios-e-das-ruas-de-petropolis-ate-esta-quarta-feira-23\/#primaryimage"},"thumbnailUrl":"https:\/\/ubanews.com\/site\/wp-content\/uploads\/2022\/02\/FB_IMG_1645843467021.jpg","articleSection":["Prefeitura Municipal"],"inLanguage":"pt-BR","potentialAction":[{"@type":"CommentAction","name":"Comment","target":["https:\/\/ubanews.com\/site\/2022\/02\/25\/a-prefeitura-ja-retirou-mais-de-400-carros-dos-rios-e-das-ruas-de-petropolis-ate-esta-quarta-feira-23\/#respond"]}]},{"@type":"WebPage","@id":"https:\/\/ubanews.com\/site\/2022\/02\/25\/a-prefeitura-ja-retirou-mais-de-400-carros-dos-rios-e-das-ruas-de-petropolis-ate-esta-quarta-feira-23\/","url":"https:\/\/ubanews.com\/site\/2022\/02\/25\/a-prefeitura-ja-retirou-mais-de-400-carros-dos-rios-e-das-ruas-de-petropolis-ate-esta-quarta-feira-23\/","name":"A Prefeitura j\u00e1 retirou mais de 400 carros dos rios e das ruas de Petr\u00f3polis at\u00e9 est\u00e1 quarta-feira (23) - Ub\u00e1 News","isPartOf":{"@id":"https:\/\/ubanews.com\/site\/#website"},"primaryImageOfPage":{"@id":"https:\/\/ubanews.com\/site\/2022\/02\/25\/a-prefeitura-ja-retirou-mais-de-400-carros-dos-rios-e-das-ruas-de-petropolis-ate-esta-quarta-feira-23\/#primaryimage"},"image":{"@id":"https:\/\/ubanews.com\/site\/2022\/02\/25\/a-prefeitura-ja-retirou-mais-de-400-carros-dos-rios-e-das-ruas-de-petropolis-ate-esta-quarta-feira-23\/#primaryimage"},"thumbnailUrl":"https:\/\/ubanews.com\/site\/wp-content\/uploads\/2022\/02\/FB_IMG_1645843467021.jpg","datePublished":"2022-02-26T02:53:30+00:00","breadcrumb":{"@id":"https:\/\/ubanews.com\/site\/2022\/02\/25\/a-prefeitura-ja-retirou-mais-de-400-carros-dos-rios-e-das-ruas-de-petropolis-ate-esta-quarta-feira-23\/#breadcrumb"},"inLanguage":"pt-BR","potentialAction":[{"@type":"ReadAction","target":["https:\/\/ubanews.com\/site\/2022\/02\/25\/a-prefeitura-ja-retirou-mais-de-400-carros-dos-rios-e-das-ruas-de-petropolis-ate-esta-quarta-feira-23\/"]}]},{"@type":"ImageObject","inLanguage":"pt-BR","@id":"https:\/\/ubanews.com\/site\/2022\/02\/25\/a-prefeitura-ja-retirou-mais-de-400-carros-dos-rios-e-das-ruas-de-petropolis-ate-esta-quarta-feira-23\/#primaryimage","url":"https:\/\/ubanews.com\/site\/wp-content\/uploads\/2022\/02\/FB_IMG_1645843467021.jpg","contentUrl":"https:\/\/ubanews.com\/site\/wp-content\/uploads\/2022\/02\/FB_IMG_1645843467021.jpg","width":1080,"height":608},{"@type":"BreadcrumbList","@id":"https:\/\/ubanews.com\/site\/2022\/02\/25\/a-prefeitura-ja-retirou-mais-de-400-carros-dos-rios-e-das-ruas-de-petropolis-ate-esta-quarta-feira-23\/#breadcrumb","itemListElement":[{"@type":"ListItem","position":1,"name":"Home","item":"https:\/\/ubanews.com\/site\/"},{"@type":"ListItem","position":2,"name":"A Prefeitura j\u00e1 retirou mais de 400 carros dos rios e das ruas de Petr\u00f3polis at\u00e9 est\u00e1 quarta-feira (23)"}]},{"@type":"WebSite","@id":"https:\/\/ubanews.com\/site\/#website","url":"https:\/\/ubanews.com\/site\/","name":"Ub\u00e1 News","description":"","publisher":{"@id":"https:\/\/ubanews.com\/site\/#organization"},"potentialAction":[{"@type":"SearchAction","target":{"@type":"EntryPoint","urlTemplate":"https:\/\/ubanews.com\/site\/?s={search_term_string}"},"query-input":{"@type":"PropertyValueSpecification","valueRequired":true,"valueName":"search_term_string"}}],"inLanguage":"pt-BR"},{"@type":"Organization","@id":"https:\/\/ubanews.com\/site\/#organization","name":"Ub\u00e1 News","url":"https:\/\/ubanews.com\/site\/","logo":{"@type":"ImageObject","inLanguage":"pt-BR","@id":"https:\/\/ubanews.com\/site\/#\/schema\/logo\/image\/","url":"https:\/\/ubanews.com\/site\/wp-content\/uploads\/2018\/01\/logoubanews.png","contentUrl":"https:\/\/ubanews.com\/site\/wp-content\/uploads\/2018\/01\/logoubanews.png","width":261,"height":99,"caption":"Ub\u00e1 News"},"image":{"@id":"https:\/\/ubanews.com\/site\/#\/schema\/logo\/image\/"},"sameAs":["https:\/\/www.facebook.com\/Ub\u00e1News-Carlos-Roberto-Sodr\u00e9-418778301977370"]},{"@type":"Person","@id":"https:\/\/ubanews.com\/site\/#\/schema\/person\/d90c9e47252fbb63dcc969fe4c8b9d10","name":"Sodr\u00e9","image":{"@type":"ImageObject","inLanguage":"pt-BR","@id":"https:\/\/secure.gravatar.com\/avatar\/5ba2793f0590b9dbfad3fdec4ee714485b3eef211c9b32ee53d414060454a56c?s=96&d=mm&r=g","url":"https:\/\/secure.gravatar.com\/avatar\/5ba2793f0590b9dbfad3fdec4ee714485b3eef211c9b32ee53d414060454a56c?s=96&d=mm&r=g","contentUrl":"https:\/\/secure.gravatar.com\/avatar\/5ba2793f0590b9dbfad3fdec4ee714485b3eef211c9b32ee53d414060454a56c?s=96&d=mm&r=g","caption":"Sodr\u00e9"},"sameAs":["https:\/\/www.facebook.com\/carosroberto.sodre.5\/"],"url":"https:\/\/ubanews.com\/site\/author\/felipe\/"}]}},"_links":{"self":[{"href":"https:\/\/ubanews.com\/site\/wp-json\/wp\/v2\/posts\/21153","targetHints":{"allow":["GET"]}}],"collection":[{"href":"https:\/\/ubanews.com\/site\/wp-json\/wp\/v2\/posts"}],"about":[{"href":"https:\/\/ubanews.com\/site\/wp-json\/wp\/v2\/types\/post"}],"author":[{"embeddable":true,"href":"https:\/\/ubanews.com\/site\/wp-json\/wp\/v2\/users\/2"}],"replies":[{"embeddable":true,"href":"https:\/\/ubanews.com\/site\/wp-json\/wp\/v2\/comments?post=21153"}],"version-history":[{"count":0,"href":"https:\/\/ubanews.com\/site\/wp-json\/wp\/v2\/posts\/21153\/revisions"}],"wp:featuredmedia":[{"embeddable":true,"href":"https:\/\/ubanews.com\/site\/wp-json\/wp\/v2\/media\/21154"}],"wp:attachment":[{"href":"https:\/\/ubanews.com\/site\/wp-json\/wp\/v2\/media?parent=21153"}],"wp:term":[{"taxonomy":"category","embeddable":true,"href":"https:\/\/ubanews.com\/site\/wp-json\/wp\/v2\/categories?post=21153"},{"taxonomy":"post_tag","embeddable":true,"href":"https:\/\/ubanews.com\/site\/wp-json\/wp\/v2\/tags?post=21153"}],"curies":[{"name":"wp","href":"https:\/\/api.w.org\/{rel}","templated":true}]}}