{"id":21151,"date":"2022-02-20T17:41:36","date_gmt":"2022-02-20T20:41:36","guid":{"rendered":"http:\/\/ubanews.com\/site\/?p=21151"},"modified":"2022-02-24T17:45:46","modified_gmt":"2022-02-24T20:45:46","slug":"atencao-acesso-interditado-na-rua-padre-baiao-guidoval-mg","status":"publish","type":"post","link":"https:\/\/ubanews.com\/site\/2022\/02\/20\/atencao-acesso-interditado-na-rua-padre-baiao-guidoval-mg\/","title":{"rendered":"ATEN\u00c7\u00c3O! ACESSO INTERDITADO NA RUA PADRE BAI\u00c3O &#8211; GUIDOVAL-MG"},"content":{"rendered":"<div dir=\"auto\">A Defesa Civil Municipal em patrulhamento e monitoramento das \u00e1reas afetadas pelas chuvas, detectou riscos de deslizamentos de terra em parte de um talude que se encontra no in\u00edcio da Rua Padre Bai\u00e3o, Centro (pr\u00f3ximo ao sal\u00e3o do Luiz).<\/div>\n<div dir=\"auto\">&nbsp;<\/div>\n<div dir=\"auto\"><div id=\"metaslider-id-17652\" style=\"max-width: 1000px;\" class=\"ml-slider-3-106-0 metaslider metaslider-nivo metaslider-17652 ml-slider ms-theme-outline\" role=\"region\" aria-label=\"Texto\" data-height=\"200\" data-width=\"1000\">\n    <div id=\"metaslider_container_17652\">\n        <div class='slider-wrapper theme-default'><div class='ribbon'><\/div><div id='metaslider_17652' class='nivoSlider'><\/div><\/div>\n        \n    <\/div>\n<\/div><\/div>\n<div dir=\"auto\">&nbsp;<\/div>\n<div dir=\"auto\">Como medida de preven\u00e7\u00e3o e prote\u00e7\u00e3o, a Defesa Civil interditou o per\u00edmetro temporariamente, um novo comunicado ir\u00e1 trazer mais informa\u00e7\u00f5es em breve sobre o local.<\/div>\n<div dir=\"auto\">Pedimos a sua colabora\u00e7\u00e3o, n\u00e3o ultrapassem o bloqueio para a sua pr\u00f3pria prote\u00e7\u00e3o.<\/div>\n<div dir=\"auto\">Vamos juntos?<\/div>\n<div dir=\"auto\">Defesa Civil somos todos nos!<\/div>\n<p><strong>Assessoria de Comunica\u00e7\u00e3o Prefeitura de Guidoval<\/strong><\/p>\n<p><iframe style=\"border: none; overflow: hidden;\" data-src=\"https:\/\/www.facebook.com\/plugins\/video.php?height=314&amp;href=https%3A%2F%2Fwww.facebook.com%2Fprefeituradeguidoval%2Fvideos%2F1052647291958743%2F&amp;show_text=false&amp;width=560&amp;t=0\" width=\"560\" height=\"314\" frameborder=\"0\" scrolling=\"no\" allowfullscreen=\"allowfullscreen\" src=\"data:image\/svg+xml;base64,PHN2ZyB3aWR0aD0iMSIgaGVpZ2h0PSIxIiB4bWxucz0iaHR0cDovL3d3dy53My5vcmcvMjAwMC9zdmciPjwvc3ZnPg==\" class=\"lazyload\" data-load-mode=\"1\"><\/iframe><\/p>\n<div style=\"width: 840px;\" class=\"wp-video\"><video class=\"wp-video-shortcode\" id=\"video-21151-1\" width=\"840\" height=\"473\" autoplay preload=\"auto\" controls=\"controls\"><source type=\"video\/mp4\" src=\"https:\/\/ubanews.com\/site\/wp-content\/uploads\/2020\/12\/01020002.00_00_53_25.mp4?_=1\" \/><a href=\"https:\/\/ubanews.com\/site\/wp-content\/uploads\/2020\/12\/01020002.00_00_53_25.mp4\">https:\/\/ubanews.com\/site\/wp-content\/uploads\/2020\/12\/01020002.00_00_53_25.mp4<\/a><\/video><\/div>\n","protected":false},"excerpt":{"rendered":"<p>A Defesa Civil Municipal em patrulhamento e monitoramento das \u00e1reas<\/p>\n","protected":false},"author":2,"featured_media":21152,"comment_status":"open","ping_status":"open","sticky":false,"template":"","format":"standard","meta":{"footnotes":""},"categories":[15],"tags":[],"class_list":["post-21151","post","type-post","status-publish","format-standard","has-post-thumbnail","hentry","category-prefeitura-municipal"],"yoast_head":"<!-- This site is optimized with the Yoast SEO plugin v27.2 - https:\/\/yoast.com\/product\/yoast-seo-wordpress\/ -->\n<title>ATEN\u00c7\u00c3O! ACESSO INTERDITADO NA RUA PADRE BAI\u00c3O - GUIDOVAL-MG - Ub\u00e1 News<\/title>\n<meta name=\"robots\" content=\"index, follow, max-snippet:-1, max-image-preview:large, max-video-preview:-1\" \/>\n<link rel=\"canonical\" href=\"https:\/\/ubanews.com\/site\/2022\/02\/20\/atencao-acesso-interditado-na-rua-padre-baiao-guidoval-mg\/\" \/>\n<meta property=\"og:locale\" content=\"pt_BR\" \/>\n<meta property=\"og:type\" content=\"article\" \/>\n<meta property=\"og:title\" content=\"ATEN\u00c7\u00c3O! ACESSO INTERDITADO NA RUA PADRE BAI\u00c3O - GUIDOVAL-MG - Ub\u00e1 News\" \/>\n<meta property=\"og:description\" content=\"A Defesa Civil Municipal em patrulhamento e monitoramento das \u00e1reas\" \/>\n<meta property=\"og:url\" content=\"https:\/\/ubanews.com\/site\/2022\/02\/20\/atencao-acesso-interditado-na-rua-padre-baiao-guidoval-mg\/\" \/>\n<meta property=\"og:site_name\" content=\"Ub\u00e1 News\" \/>\n<meta property=\"article:publisher\" content=\"https:\/\/www.facebook.com\/Ub%c3%a1News-Carlos-Roberto-Sodr%c3%a9-418778301977370\" \/>\n<meta property=\"article:author\" content=\"https:\/\/www.facebook.com\/carosroberto.sodre.5\/\" \/>\n<meta property=\"article:published_time\" content=\"2022-02-20T20:41:36+00:00\" \/>\n<meta property=\"article:modified_time\" content=\"2022-02-24T20:45:46+00:00\" \/>\n<meta property=\"og:image\" content=\"https:\/\/ubanews.com\/site\/wp-content\/uploads\/2022\/02\/934.jpg\" \/>\n\t<meta property=\"og:image:width\" content=\"1000\" \/>\n\t<meta property=\"og:image:height\" content=\"500\" \/>\n\t<meta property=\"og:image:type\" content=\"image\/jpeg\" \/>\n<meta name=\"author\" content=\"Sodr\u00e9\" \/>\n<meta name=\"twitter:card\" content=\"summary_large_image\" \/>\n<meta name=\"twitter:label1\" content=\"Escrito por\" \/>\n\t<meta name=\"twitter:data1\" content=\"Sodr\u00e9\" \/>\n\t<meta name=\"twitter:label2\" content=\"Est. tempo de leitura\" \/>\n\t<meta name=\"twitter:data2\" content=\"1 minuto\" \/>\n<script type=\"application\/ld+json\" class=\"yoast-schema-graph\">{\"@context\":\"https:\/\/schema.org\",\"@graph\":[{\"@type\":\"Article\",\"@id\":\"https:\/\/ubanews.com\/site\/2022\/02\/20\/atencao-acesso-interditado-na-rua-padre-baiao-guidoval-mg\/#article\",\"isPartOf\":{\"@id\":\"https:\/\/ubanews.com\/site\/2022\/02\/20\/atencao-acesso-interditado-na-rua-padre-baiao-guidoval-mg\/\"},\"author\":{\"name\":\"Sodr\u00e9\",\"@id\":\"https:\/\/ubanews.com\/site\/#\/schema\/person\/d90c9e47252fbb63dcc969fe4c8b9d10\"},\"headline\":\"ATEN\u00c7\u00c3O! ACESSO INTERDITADO NA RUA PADRE BAI\u00c3O &#8211; GUIDOVAL-MG\",\"datePublished\":\"2022-02-20T20:41:36+00:00\",\"dateModified\":\"2022-02-24T20:45:46+00:00\",\"mainEntityOfPage\":{\"@id\":\"https:\/\/ubanews.com\/site\/2022\/02\/20\/atencao-acesso-interditado-na-rua-padre-baiao-guidoval-mg\/\"},\"wordCount\":134,\"commentCount\":0,\"publisher\":{\"@id\":\"https:\/\/ubanews.com\/site\/#organization\"},\"image\":{\"@id\":\"https:\/\/ubanews.com\/site\/2022\/02\/20\/atencao-acesso-interditado-na-rua-padre-baiao-guidoval-mg\/#primaryimage\"},\"thumbnailUrl\":\"https:\/\/ubanews.com\/site\/wp-content\/uploads\/2022\/02\/934.jpg\",\"articleSection\":[\"Prefeitura Municipal\"],\"inLanguage\":\"pt-BR\",\"potentialAction\":[{\"@type\":\"CommentAction\",\"name\":\"Comment\",\"target\":[\"https:\/\/ubanews.com\/site\/2022\/02\/20\/atencao-acesso-interditado-na-rua-padre-baiao-guidoval-mg\/#respond\"]}]},{\"@type\":\"WebPage\",\"@id\":\"https:\/\/ubanews.com\/site\/2022\/02\/20\/atencao-acesso-interditado-na-rua-padre-baiao-guidoval-mg\/\",\"url\":\"https:\/\/ubanews.com\/site\/2022\/02\/20\/atencao-acesso-interditado-na-rua-padre-baiao-guidoval-mg\/\",\"name\":\"ATEN\u00c7\u00c3O! ACESSO INTERDITADO NA RUA PADRE BAI\u00c3O - GUIDOVAL-MG - Ub\u00e1 News\",\"isPartOf\":{\"@id\":\"https:\/\/ubanews.com\/site\/#website\"},\"primaryImageOfPage\":{\"@id\":\"https:\/\/ubanews.com\/site\/2022\/02\/20\/atencao-acesso-interditado-na-rua-padre-baiao-guidoval-mg\/#primaryimage\"},\"image\":{\"@id\":\"https:\/\/ubanews.com\/site\/2022\/02\/20\/atencao-acesso-interditado-na-rua-padre-baiao-guidoval-mg\/#primaryimage\"},\"thumbnailUrl\":\"https:\/\/ubanews.com\/site\/wp-content\/uploads\/2022\/02\/934.jpg\",\"datePublished\":\"2022-02-20T20:41:36+00:00\",\"dateModified\":\"2022-02-24T20:45:46+00:00\",\"breadcrumb\":{\"@id\":\"https:\/\/ubanews.com\/site\/2022\/02\/20\/atencao-acesso-interditado-na-rua-padre-baiao-guidoval-mg\/#breadcrumb\"},\"inLanguage\":\"pt-BR\",\"potentialAction\":[{\"@type\":\"ReadAction\",\"target\":[\"https:\/\/ubanews.com\/site\/2022\/02\/20\/atencao-acesso-interditado-na-rua-padre-baiao-guidoval-mg\/\"]}]},{\"@type\":\"ImageObject\",\"inLanguage\":\"pt-BR\",\"@id\":\"https:\/\/ubanews.com\/site\/2022\/02\/20\/atencao-acesso-interditado-na-rua-padre-baiao-guidoval-mg\/#primaryimage\",\"url\":\"https:\/\/ubanews.com\/site\/wp-content\/uploads\/2022\/02\/934.jpg\",\"contentUrl\":\"https:\/\/ubanews.com\/site\/wp-content\/uploads\/2022\/02\/934.jpg\",\"width\":1000,\"height\":500},{\"@type\":\"BreadcrumbList\",\"@id\":\"https:\/\/ubanews.com\/site\/2022\/02\/20\/atencao-acesso-interditado-na-rua-padre-baiao-guidoval-mg\/#breadcrumb\",\"itemListElement\":[{\"@type\":\"ListItem\",\"position\":1,\"name\":\"Home\",\"item\":\"https:\/\/ubanews.com\/site\/\"},{\"@type\":\"ListItem\",\"position\":2,\"name\":\"ATEN\u00c7\u00c3O! ACESSO INTERDITADO NA RUA PADRE BAI\u00c3O &#8211; GUIDOVAL-MG\"}]},{\"@type\":\"WebSite\",\"@id\":\"https:\/\/ubanews.com\/site\/#website\",\"url\":\"https:\/\/ubanews.com\/site\/\",\"name\":\"Ub\u00e1 News\",\"description\":\"\",\"publisher\":{\"@id\":\"https:\/\/ubanews.com\/site\/#organization\"},\"potentialAction\":[{\"@type\":\"SearchAction\",\"target\":{\"@type\":\"EntryPoint\",\"urlTemplate\":\"https:\/\/ubanews.com\/site\/?s={search_term_string}\"},\"query-input\":{\"@type\":\"PropertyValueSpecification\",\"valueRequired\":true,\"valueName\":\"search_term_string\"}}],\"inLanguage\":\"pt-BR\"},{\"@type\":\"Organization\",\"@id\":\"https:\/\/ubanews.com\/site\/#organization\",\"name\":\"Ub\u00e1 News\",\"url\":\"https:\/\/ubanews.com\/site\/\",\"logo\":{\"@type\":\"ImageObject\",\"inLanguage\":\"pt-BR\",\"@id\":\"https:\/\/ubanews.com\/site\/#\/schema\/logo\/image\/\",\"url\":\"https:\/\/ubanews.com\/site\/wp-content\/uploads\/2018\/01\/logoubanews.png\",\"contentUrl\":\"https:\/\/ubanews.com\/site\/wp-content\/uploads\/2018\/01\/logoubanews.png\",\"width\":261,\"height\":99,\"caption\":\"Ub\u00e1 News\"},\"image\":{\"@id\":\"https:\/\/ubanews.com\/site\/#\/schema\/logo\/image\/\"},\"sameAs\":[\"https:\/\/www.facebook.com\/Ub\u00e1News-Carlos-Roberto-Sodr\u00e9-418778301977370\"]},{\"@type\":\"Person\",\"@id\":\"https:\/\/ubanews.com\/site\/#\/schema\/person\/d90c9e47252fbb63dcc969fe4c8b9d10\",\"name\":\"Sodr\u00e9\",\"image\":{\"@type\":\"ImageObject\",\"inLanguage\":\"pt-BR\",\"@id\":\"https:\/\/secure.gravatar.com\/avatar\/5ba2793f0590b9dbfad3fdec4ee714485b3eef211c9b32ee53d414060454a56c?s=96&d=mm&r=g\",\"url\":\"https:\/\/secure.gravatar.com\/avatar\/5ba2793f0590b9dbfad3fdec4ee714485b3eef211c9b32ee53d414060454a56c?s=96&d=mm&r=g\",\"contentUrl\":\"https:\/\/secure.gravatar.com\/avatar\/5ba2793f0590b9dbfad3fdec4ee714485b3eef211c9b32ee53d414060454a56c?s=96&d=mm&r=g\",\"caption\":\"Sodr\u00e9\"},\"sameAs\":[\"https:\/\/www.facebook.com\/carosroberto.sodre.5\/\"],\"url\":\"https:\/\/ubanews.com\/site\/author\/felipe\/\"}]}<\/script>\n<!-- \/ Yoast SEO plugin. -->","yoast_head_json":{"title":"ATEN\u00c7\u00c3O! ACESSO INTERDITADO NA RUA PADRE BAI\u00c3O - GUIDOVAL-MG - Ub\u00e1 News","robots":{"index":"index","follow":"follow","max-snippet":"max-snippet:-1","max-image-preview":"max-image-preview:large","max-video-preview":"max-video-preview:-1"},"canonical":"https:\/\/ubanews.com\/site\/2022\/02\/20\/atencao-acesso-interditado-na-rua-padre-baiao-guidoval-mg\/","og_locale":"pt_BR","og_type":"article","og_title":"ATEN\u00c7\u00c3O! ACESSO INTERDITADO NA RUA PADRE BAI\u00c3O - GUIDOVAL-MG - Ub\u00e1 News","og_description":"A Defesa Civil Municipal em patrulhamento e monitoramento das \u00e1reas","og_url":"https:\/\/ubanews.com\/site\/2022\/02\/20\/atencao-acesso-interditado-na-rua-padre-baiao-guidoval-mg\/","og_site_name":"Ub\u00e1 News","article_publisher":"https:\/\/www.facebook.com\/Ub%c3%a1News-Carlos-Roberto-Sodr%c3%a9-418778301977370","article_author":"https:\/\/www.facebook.com\/carosroberto.sodre.5\/","article_published_time":"2022-02-20T20:41:36+00:00","article_modified_time":"2022-02-24T20:45:46+00:00","og_image":[{"width":1000,"height":500,"url":"https:\/\/ubanews.com\/site\/wp-content\/uploads\/2022\/02\/934.jpg","type":"image\/jpeg"}],"author":"Sodr\u00e9","twitter_card":"summary_large_image","twitter_misc":{"Escrito por":"Sodr\u00e9","Est. tempo de leitura":"1 minuto"},"schema":{"@context":"https:\/\/schema.org","@graph":[{"@type":"Article","@id":"https:\/\/ubanews.com\/site\/2022\/02\/20\/atencao-acesso-interditado-na-rua-padre-baiao-guidoval-mg\/#article","isPartOf":{"@id":"https:\/\/ubanews.com\/site\/2022\/02\/20\/atencao-acesso-interditado-na-rua-padre-baiao-guidoval-mg\/"},"author":{"name":"Sodr\u00e9","@id":"https:\/\/ubanews.com\/site\/#\/schema\/person\/d90c9e47252fbb63dcc969fe4c8b9d10"},"headline":"ATEN\u00c7\u00c3O! ACESSO INTERDITADO NA RUA PADRE BAI\u00c3O &#8211; GUIDOVAL-MG","datePublished":"2022-02-20T20:41:36+00:00","dateModified":"2022-02-24T20:45:46+00:00","mainEntityOfPage":{"@id":"https:\/\/ubanews.com\/site\/2022\/02\/20\/atencao-acesso-interditado-na-rua-padre-baiao-guidoval-mg\/"},"wordCount":134,"commentCount":0,"publisher":{"@id":"https:\/\/ubanews.com\/site\/#organization"},"image":{"@id":"https:\/\/ubanews.com\/site\/2022\/02\/20\/atencao-acesso-interditado-na-rua-padre-baiao-guidoval-mg\/#primaryimage"},"thumbnailUrl":"https:\/\/ubanews.com\/site\/wp-content\/uploads\/2022\/02\/934.jpg","articleSection":["Prefeitura Municipal"],"inLanguage":"pt-BR","potentialAction":[{"@type":"CommentAction","name":"Comment","target":["https:\/\/ubanews.com\/site\/2022\/02\/20\/atencao-acesso-interditado-na-rua-padre-baiao-guidoval-mg\/#respond"]}]},{"@type":"WebPage","@id":"https:\/\/ubanews.com\/site\/2022\/02\/20\/atencao-acesso-interditado-na-rua-padre-baiao-guidoval-mg\/","url":"https:\/\/ubanews.com\/site\/2022\/02\/20\/atencao-acesso-interditado-na-rua-padre-baiao-guidoval-mg\/","name":"ATEN\u00c7\u00c3O! ACESSO INTERDITADO NA RUA PADRE BAI\u00c3O - GUIDOVAL-MG - Ub\u00e1 News","isPartOf":{"@id":"https:\/\/ubanews.com\/site\/#website"},"primaryImageOfPage":{"@id":"https:\/\/ubanews.com\/site\/2022\/02\/20\/atencao-acesso-interditado-na-rua-padre-baiao-guidoval-mg\/#primaryimage"},"image":{"@id":"https:\/\/ubanews.com\/site\/2022\/02\/20\/atencao-acesso-interditado-na-rua-padre-baiao-guidoval-mg\/#primaryimage"},"thumbnailUrl":"https:\/\/ubanews.com\/site\/wp-content\/uploads\/2022\/02\/934.jpg","datePublished":"2022-02-20T20:41:36+00:00","dateModified":"2022-02-24T20:45:46+00:00","breadcrumb":{"@id":"https:\/\/ubanews.com\/site\/2022\/02\/20\/atencao-acesso-interditado-na-rua-padre-baiao-guidoval-mg\/#breadcrumb"},"inLanguage":"pt-BR","potentialAction":[{"@type":"ReadAction","target":["https:\/\/ubanews.com\/site\/2022\/02\/20\/atencao-acesso-interditado-na-rua-padre-baiao-guidoval-mg\/"]}]},{"@type":"ImageObject","inLanguage":"pt-BR","@id":"https:\/\/ubanews.com\/site\/2022\/02\/20\/atencao-acesso-interditado-na-rua-padre-baiao-guidoval-mg\/#primaryimage","url":"https:\/\/ubanews.com\/site\/wp-content\/uploads\/2022\/02\/934.jpg","contentUrl":"https:\/\/ubanews.com\/site\/wp-content\/uploads\/2022\/02\/934.jpg","width":1000,"height":500},{"@type":"BreadcrumbList","@id":"https:\/\/ubanews.com\/site\/2022\/02\/20\/atencao-acesso-interditado-na-rua-padre-baiao-guidoval-mg\/#breadcrumb","itemListElement":[{"@type":"ListItem","position":1,"name":"Home","item":"https:\/\/ubanews.com\/site\/"},{"@type":"ListItem","position":2,"name":"ATEN\u00c7\u00c3O! ACESSO INTERDITADO NA RUA PADRE BAI\u00c3O &#8211; GUIDOVAL-MG"}]},{"@type":"WebSite","@id":"https:\/\/ubanews.com\/site\/#website","url":"https:\/\/ubanews.com\/site\/","name":"Ub\u00e1 News","description":"","publisher":{"@id":"https:\/\/ubanews.com\/site\/#organization"},"potentialAction":[{"@type":"SearchAction","target":{"@type":"EntryPoint","urlTemplate":"https:\/\/ubanews.com\/site\/?s={search_term_string}"},"query-input":{"@type":"PropertyValueSpecification","valueRequired":true,"valueName":"search_term_string"}}],"inLanguage":"pt-BR"},{"@type":"Organization","@id":"https:\/\/ubanews.com\/site\/#organization","name":"Ub\u00e1 News","url":"https:\/\/ubanews.com\/site\/","logo":{"@type":"ImageObject","inLanguage":"pt-BR","@id":"https:\/\/ubanews.com\/site\/#\/schema\/logo\/image\/","url":"https:\/\/ubanews.com\/site\/wp-content\/uploads\/2018\/01\/logoubanews.png","contentUrl":"https:\/\/ubanews.com\/site\/wp-content\/uploads\/2018\/01\/logoubanews.png","width":261,"height":99,"caption":"Ub\u00e1 News"},"image":{"@id":"https:\/\/ubanews.com\/site\/#\/schema\/logo\/image\/"},"sameAs":["https:\/\/www.facebook.com\/Ub\u00e1News-Carlos-Roberto-Sodr\u00e9-418778301977370"]},{"@type":"Person","@id":"https:\/\/ubanews.com\/site\/#\/schema\/person\/d90c9e47252fbb63dcc969fe4c8b9d10","name":"Sodr\u00e9","image":{"@type":"ImageObject","inLanguage":"pt-BR","@id":"https:\/\/secure.gravatar.com\/avatar\/5ba2793f0590b9dbfad3fdec4ee714485b3eef211c9b32ee53d414060454a56c?s=96&d=mm&r=g","url":"https:\/\/secure.gravatar.com\/avatar\/5ba2793f0590b9dbfad3fdec4ee714485b3eef211c9b32ee53d414060454a56c?s=96&d=mm&r=g","contentUrl":"https:\/\/secure.gravatar.com\/avatar\/5ba2793f0590b9dbfad3fdec4ee714485b3eef211c9b32ee53d414060454a56c?s=96&d=mm&r=g","caption":"Sodr\u00e9"},"sameAs":["https:\/\/www.facebook.com\/carosroberto.sodre.5\/"],"url":"https:\/\/ubanews.com\/site\/author\/felipe\/"}]}},"_links":{"self":[{"href":"https:\/\/ubanews.com\/site\/wp-json\/wp\/v2\/posts\/21151","targetHints":{"allow":["GET"]}}],"collection":[{"href":"https:\/\/ubanews.com\/site\/wp-json\/wp\/v2\/posts"}],"about":[{"href":"https:\/\/ubanews.com\/site\/wp-json\/wp\/v2\/types\/post"}],"author":[{"embeddable":true,"href":"https:\/\/ubanews.com\/site\/wp-json\/wp\/v2\/users\/2"}],"replies":[{"embeddable":true,"href":"https:\/\/ubanews.com\/site\/wp-json\/wp\/v2\/comments?post=21151"}],"version-history":[{"count":0,"href":"https:\/\/ubanews.com\/site\/wp-json\/wp\/v2\/posts\/21151\/revisions"}],"wp:featuredmedia":[{"embeddable":true,"href":"https:\/\/ubanews.com\/site\/wp-json\/wp\/v2\/media\/21152"}],"wp:attachment":[{"href":"https:\/\/ubanews.com\/site\/wp-json\/wp\/v2\/media?parent=21151"}],"wp:term":[{"taxonomy":"category","embeddable":true,"href":"https:\/\/ubanews.com\/site\/wp-json\/wp\/v2\/categories?post=21151"},{"taxonomy":"post_tag","embeddable":true,"href":"https:\/\/ubanews.com\/site\/wp-json\/wp\/v2\/tags?post=21151"}],"curies":[{"name":"wp","href":"https:\/\/api.w.org\/{rel}","templated":true}]}}