{"id":21140,"date":"2022-02-23T17:07:40","date_gmt":"2022-02-23T20:07:40","guid":{"rendered":"http:\/\/ubanews.com\/site\/?p=21140"},"modified":"2022-02-24T17:08:32","modified_gmt":"2022-02-24T20:08:32","slug":"uba-recebe-1o-circuito-de-capoeira-das-serras-de-minas","status":"publish","type":"post","link":"https:\/\/ubanews.com\/site\/2022\/02\/23\/uba-recebe-1o-circuito-de-capoeira-das-serras-de-minas\/","title":{"rendered":"Ub\u00e1 recebe 1\u00ba Circuito de Capoeira das Serras de Minas"},"content":{"rendered":"<div class=\"kvgmc6g5 cxmmr5t8 oygrvhab hcukyx3x c1et5uql ii04i59q\">\n<div dir=\"auto\"><span style=\"font-size: 1.0625rem;\">A cidade de Ub\u00e1 receber\u00e1, no dia 26 de mar\u00e7o de 2022, o 1\u00ba Circuito de Capoeira das Serras de Minas, que tamb\u00e9m contar\u00e1 com apresenta\u00e7\u00f5es Culturais, exposi\u00e7\u00e3o oral e de artesanato.<\/span><\/div>\n<\/div>\n<div class=\"cxmmr5t8 oygrvhab hcukyx3x c1et5uql o9v6fnle ii04i59q\">\n<div dir=\"auto\">O evento, que \u00e9 uma realiza\u00e7\u00e3o do Circuito Tur\u00edstico Serras de Minas em parceria com a Secretaria Municipal de Cultura, Turismo e Lazer, acontecer\u00e1 de 8h \u00e0s 16h, na E.M. Dr. Jos\u00e9 Campomizzi Filho &#8211; CAIC (Av. Domingos Peluso, bairro Vila Regina). O encontro ser\u00e1 aberto ao p\u00fablico.<\/div>\n<\/div>\n<div dir=\"auto\">&nbsp;<\/div>\n<div dir=\"auto\"><div id=\"metaslider-id-17652\" style=\"max-width: 1000px;\" class=\"ml-slider-3-106-0 metaslider metaslider-nivo metaslider-17652 ml-slider ms-theme-outline\" role=\"region\" aria-label=\"Texto\" data-height=\"200\" data-width=\"1000\">\n    <div id=\"metaslider_container_17652\">\n        <div class='slider-wrapper theme-default'><div class='ribbon'><\/div><div id='metaslider_17652' class='nivoSlider'><\/div><\/div>\n        \n    <\/div>\n<\/div><\/div>\n<div dir=\"auto\">&nbsp;<\/div>\n<div class=\"cxmmr5t8 oygrvhab hcukyx3x c1et5uql o9v6fnle ii04i59q\">\n<div dir=\"auto\">Os grupos de Capoeira interessados em participar podem se inscrever, at\u00e9 o dia 25 de mar\u00e7o, atrav\u00e9s do link dispon\u00edvel em: <a class=\"oajrlxb2 g5ia77u1 qu0x051f esr5mh6w e9989ue4 r7d6kgcz rq0escxv nhd2j8a9 nc684nl6 p7hjln8o kvgmc6g5 cxmmr5t8 oygrvhab hcukyx3x jb3vyjys rz4wbd8a qt6c0cv9 a8nywdso i1ao9s8h esuyzwwr f1sip0of lzcic4wl gpro0wi8 py34i1dx\" tabindex=\"0\" role=\"link\" href=\"http:\/\/encurtador.com.br\/abwM1?fbclid=IwAR0_FIIuXJnm82piUCH2wsHtvRFAispRRf7H8Dz394Rdux_Ub-Af-Irb-FI\" target=\"_blank\" rel=\"nofollow noopener noreferrer\">encurtador.com.br\/abwM1<\/a><\/div>\n<\/div>\n<div class=\"cxmmr5t8 oygrvhab hcukyx3x c1et5uql o9v6fnle ii04i59q\">\n<div dir=\"auto\">O uso de m\u00e1scaras ser\u00e1 obrigat\u00f3rio durante todo o evento. Para a entrada dos participantes, ser\u00e1 indispens\u00e1vel a apresenta\u00e7\u00e3o de cart\u00e3o de vacina\u00e7\u00e3o comprovando a completa imuniza\u00e7\u00e3o contra a COVID-19, ou seja, vacinados, com a segunda dose ou dose \u00fanica, conforme indica\u00e7\u00e3o do imunizante (vacina utilizada) ou resultado negativo para COVID-19 em teste dos tipos RT-PCR ou Teste R\u00e1pido de ANT\u00cdGENO realizado em at\u00e9 72 horas antes do evento.<\/div>\n<\/div>\n<div dir=\"auto\">&nbsp;<\/div>\n<div dir=\"auto\"><strong>Assessoria de Comunica\u00e7\u00e3o Prefeitura de Ub\u00e1<\/strong><\/div>\n<div dir=\"auto\">&nbsp;<\/div>\n<div dir=\"auto\">\n<div style=\"width: 840px;\" class=\"wp-video\"><video class=\"wp-video-shortcode\" id=\"video-21140-1\" width=\"840\" height=\"473\" autoplay preload=\"auto\" controls=\"controls\"><source type=\"video\/mp4\" src=\"https:\/\/ubanews.com\/site\/wp-content\/uploads\/2020\/12\/01020002.00_00_53_25.mp4?_=1\" \/><a href=\"https:\/\/ubanews.com\/site\/wp-content\/uploads\/2020\/12\/01020002.00_00_53_25.mp4\">https:\/\/ubanews.com\/site\/wp-content\/uploads\/2020\/12\/01020002.00_00_53_25.mp4<\/a><\/video><\/div>\n<\/div>\n","protected":false},"excerpt":{"rendered":"<p>A cidade de Ub\u00e1 receber\u00e1, no dia 26 de mar\u00e7o<\/p>\n","protected":false},"author":2,"featured_media":12725,"comment_status":"open","ping_status":"open","sticky":false,"template":"","format":"standard","meta":{"footnotes":""},"categories":[15],"tags":[],"class_list":["post-21140","post","type-post","status-publish","format-standard","has-post-thumbnail","hentry","category-prefeitura-municipal"],"yoast_head":"<!-- This site is optimized with the Yoast SEO plugin v27.2 - https:\/\/yoast.com\/product\/yoast-seo-wordpress\/ -->\n<title>Ub\u00e1 recebe 1\u00ba Circuito de Capoeira das Serras de Minas - Ub\u00e1 News<\/title>\n<meta name=\"robots\" content=\"index, follow, max-snippet:-1, max-image-preview:large, max-video-preview:-1\" \/>\n<link rel=\"canonical\" href=\"https:\/\/ubanews.com\/site\/2022\/02\/23\/uba-recebe-1o-circuito-de-capoeira-das-serras-de-minas\/\" \/>\n<meta property=\"og:locale\" content=\"pt_BR\" \/>\n<meta property=\"og:type\" content=\"article\" \/>\n<meta property=\"og:title\" content=\"Ub\u00e1 recebe 1\u00ba Circuito de Capoeira das Serras de Minas - Ub\u00e1 News\" \/>\n<meta property=\"og:description\" content=\"A cidade de Ub\u00e1 receber\u00e1, no dia 26 de mar\u00e7o\" \/>\n<meta property=\"og:url\" content=\"https:\/\/ubanews.com\/site\/2022\/02\/23\/uba-recebe-1o-circuito-de-capoeira-das-serras-de-minas\/\" \/>\n<meta property=\"og:site_name\" content=\"Ub\u00e1 News\" \/>\n<meta property=\"article:publisher\" content=\"https:\/\/www.facebook.com\/Ub%c3%a1News-Carlos-Roberto-Sodr%c3%a9-418778301977370\" \/>\n<meta property=\"article:author\" content=\"https:\/\/www.facebook.com\/carosroberto.sodre.5\/\" \/>\n<meta property=\"article:published_time\" content=\"2022-02-23T20:07:40+00:00\" \/>\n<meta property=\"article:modified_time\" content=\"2022-02-24T20:08:32+00:00\" \/>\n<meta property=\"og:image\" content=\"https:\/\/ubanews.com\/site\/wp-content\/uploads\/2019\/07\/Capoeira.jpg\" \/>\n\t<meta property=\"og:image:width\" content=\"1000\" \/>\n\t<meta property=\"og:image:height\" content=\"500\" \/>\n\t<meta property=\"og:image:type\" content=\"image\/jpeg\" \/>\n<meta name=\"author\" content=\"Sodr\u00e9\" \/>\n<meta name=\"twitter:card\" content=\"summary_large_image\" \/>\n<meta name=\"twitter:label1\" content=\"Escrito por\" \/>\n\t<meta name=\"twitter:data1\" content=\"Sodr\u00e9\" \/>\n\t<meta name=\"twitter:label2\" content=\"Est. tempo de leitura\" \/>\n\t<meta name=\"twitter:data2\" content=\"1 minuto\" \/>\n<script type=\"application\/ld+json\" class=\"yoast-schema-graph\">{\"@context\":\"https:\/\/schema.org\",\"@graph\":[{\"@type\":\"Article\",\"@id\":\"https:\/\/ubanews.com\/site\/2022\/02\/23\/uba-recebe-1o-circuito-de-capoeira-das-serras-de-minas\/#article\",\"isPartOf\":{\"@id\":\"https:\/\/ubanews.com\/site\/2022\/02\/23\/uba-recebe-1o-circuito-de-capoeira-das-serras-de-minas\/\"},\"author\":{\"name\":\"Sodr\u00e9\",\"@id\":\"https:\/\/ubanews.com\/site\/#\/schema\/person\/d90c9e47252fbb63dcc969fe4c8b9d10\"},\"headline\":\"Ub\u00e1 recebe 1\u00ba Circuito de Capoeira das Serras de Minas\",\"datePublished\":\"2022-02-23T20:07:40+00:00\",\"dateModified\":\"2022-02-24T20:08:32+00:00\",\"mainEntityOfPage\":{\"@id\":\"https:\/\/ubanews.com\/site\/2022\/02\/23\/uba-recebe-1o-circuito-de-capoeira-das-serras-de-minas\/\"},\"wordCount\":227,\"commentCount\":0,\"publisher\":{\"@id\":\"https:\/\/ubanews.com\/site\/#organization\"},\"image\":{\"@id\":\"https:\/\/ubanews.com\/site\/2022\/02\/23\/uba-recebe-1o-circuito-de-capoeira-das-serras-de-minas\/#primaryimage\"},\"thumbnailUrl\":\"https:\/\/ubanews.com\/site\/wp-content\/uploads\/2019\/07\/Capoeira.jpg\",\"articleSection\":[\"Prefeitura Municipal\"],\"inLanguage\":\"pt-BR\",\"potentialAction\":[{\"@type\":\"CommentAction\",\"name\":\"Comment\",\"target\":[\"https:\/\/ubanews.com\/site\/2022\/02\/23\/uba-recebe-1o-circuito-de-capoeira-das-serras-de-minas\/#respond\"]}]},{\"@type\":\"WebPage\",\"@id\":\"https:\/\/ubanews.com\/site\/2022\/02\/23\/uba-recebe-1o-circuito-de-capoeira-das-serras-de-minas\/\",\"url\":\"https:\/\/ubanews.com\/site\/2022\/02\/23\/uba-recebe-1o-circuito-de-capoeira-das-serras-de-minas\/\",\"name\":\"Ub\u00e1 recebe 1\u00ba Circuito de Capoeira das Serras de Minas - Ub\u00e1 News\",\"isPartOf\":{\"@id\":\"https:\/\/ubanews.com\/site\/#website\"},\"primaryImageOfPage\":{\"@id\":\"https:\/\/ubanews.com\/site\/2022\/02\/23\/uba-recebe-1o-circuito-de-capoeira-das-serras-de-minas\/#primaryimage\"},\"image\":{\"@id\":\"https:\/\/ubanews.com\/site\/2022\/02\/23\/uba-recebe-1o-circuito-de-capoeira-das-serras-de-minas\/#primaryimage\"},\"thumbnailUrl\":\"https:\/\/ubanews.com\/site\/wp-content\/uploads\/2019\/07\/Capoeira.jpg\",\"datePublished\":\"2022-02-23T20:07:40+00:00\",\"dateModified\":\"2022-02-24T20:08:32+00:00\",\"breadcrumb\":{\"@id\":\"https:\/\/ubanews.com\/site\/2022\/02\/23\/uba-recebe-1o-circuito-de-capoeira-das-serras-de-minas\/#breadcrumb\"},\"inLanguage\":\"pt-BR\",\"potentialAction\":[{\"@type\":\"ReadAction\",\"target\":[\"https:\/\/ubanews.com\/site\/2022\/02\/23\/uba-recebe-1o-circuito-de-capoeira-das-serras-de-minas\/\"]}]},{\"@type\":\"ImageObject\",\"inLanguage\":\"pt-BR\",\"@id\":\"https:\/\/ubanews.com\/site\/2022\/02\/23\/uba-recebe-1o-circuito-de-capoeira-das-serras-de-minas\/#primaryimage\",\"url\":\"https:\/\/ubanews.com\/site\/wp-content\/uploads\/2019\/07\/Capoeira.jpg\",\"contentUrl\":\"https:\/\/ubanews.com\/site\/wp-content\/uploads\/2019\/07\/Capoeira.jpg\",\"width\":1000,\"height\":500},{\"@type\":\"BreadcrumbList\",\"@id\":\"https:\/\/ubanews.com\/site\/2022\/02\/23\/uba-recebe-1o-circuito-de-capoeira-das-serras-de-minas\/#breadcrumb\",\"itemListElement\":[{\"@type\":\"ListItem\",\"position\":1,\"name\":\"Home\",\"item\":\"https:\/\/ubanews.com\/site\/\"},{\"@type\":\"ListItem\",\"position\":2,\"name\":\"Ub\u00e1 recebe 1\u00ba Circuito de Capoeira das Serras de Minas\"}]},{\"@type\":\"WebSite\",\"@id\":\"https:\/\/ubanews.com\/site\/#website\",\"url\":\"https:\/\/ubanews.com\/site\/\",\"name\":\"Ub\u00e1 News\",\"description\":\"\",\"publisher\":{\"@id\":\"https:\/\/ubanews.com\/site\/#organization\"},\"potentialAction\":[{\"@type\":\"SearchAction\",\"target\":{\"@type\":\"EntryPoint\",\"urlTemplate\":\"https:\/\/ubanews.com\/site\/?s={search_term_string}\"},\"query-input\":{\"@type\":\"PropertyValueSpecification\",\"valueRequired\":true,\"valueName\":\"search_term_string\"}}],\"inLanguage\":\"pt-BR\"},{\"@type\":\"Organization\",\"@id\":\"https:\/\/ubanews.com\/site\/#organization\",\"name\":\"Ub\u00e1 News\",\"url\":\"https:\/\/ubanews.com\/site\/\",\"logo\":{\"@type\":\"ImageObject\",\"inLanguage\":\"pt-BR\",\"@id\":\"https:\/\/ubanews.com\/site\/#\/schema\/logo\/image\/\",\"url\":\"https:\/\/ubanews.com\/site\/wp-content\/uploads\/2018\/01\/logoubanews.png\",\"contentUrl\":\"https:\/\/ubanews.com\/site\/wp-content\/uploads\/2018\/01\/logoubanews.png\",\"width\":261,\"height\":99,\"caption\":\"Ub\u00e1 News\"},\"image\":{\"@id\":\"https:\/\/ubanews.com\/site\/#\/schema\/logo\/image\/\"},\"sameAs\":[\"https:\/\/www.facebook.com\/Ub\u00e1News-Carlos-Roberto-Sodr\u00e9-418778301977370\"]},{\"@type\":\"Person\",\"@id\":\"https:\/\/ubanews.com\/site\/#\/schema\/person\/d90c9e47252fbb63dcc969fe4c8b9d10\",\"name\":\"Sodr\u00e9\",\"image\":{\"@type\":\"ImageObject\",\"inLanguage\":\"pt-BR\",\"@id\":\"https:\/\/secure.gravatar.com\/avatar\/5ba2793f0590b9dbfad3fdec4ee714485b3eef211c9b32ee53d414060454a56c?s=96&d=mm&r=g\",\"url\":\"https:\/\/secure.gravatar.com\/avatar\/5ba2793f0590b9dbfad3fdec4ee714485b3eef211c9b32ee53d414060454a56c?s=96&d=mm&r=g\",\"contentUrl\":\"https:\/\/secure.gravatar.com\/avatar\/5ba2793f0590b9dbfad3fdec4ee714485b3eef211c9b32ee53d414060454a56c?s=96&d=mm&r=g\",\"caption\":\"Sodr\u00e9\"},\"sameAs\":[\"https:\/\/www.facebook.com\/carosroberto.sodre.5\/\"],\"url\":\"https:\/\/ubanews.com\/site\/author\/felipe\/\"}]}<\/script>\n<!-- \/ Yoast SEO plugin. -->","yoast_head_json":{"title":"Ub\u00e1 recebe 1\u00ba Circuito de Capoeira das Serras de Minas - Ub\u00e1 News","robots":{"index":"index","follow":"follow","max-snippet":"max-snippet:-1","max-image-preview":"max-image-preview:large","max-video-preview":"max-video-preview:-1"},"canonical":"https:\/\/ubanews.com\/site\/2022\/02\/23\/uba-recebe-1o-circuito-de-capoeira-das-serras-de-minas\/","og_locale":"pt_BR","og_type":"article","og_title":"Ub\u00e1 recebe 1\u00ba Circuito de Capoeira das Serras de Minas - Ub\u00e1 News","og_description":"A cidade de Ub\u00e1 receber\u00e1, no dia 26 de mar\u00e7o","og_url":"https:\/\/ubanews.com\/site\/2022\/02\/23\/uba-recebe-1o-circuito-de-capoeira-das-serras-de-minas\/","og_site_name":"Ub\u00e1 News","article_publisher":"https:\/\/www.facebook.com\/Ub%c3%a1News-Carlos-Roberto-Sodr%c3%a9-418778301977370","article_author":"https:\/\/www.facebook.com\/carosroberto.sodre.5\/","article_published_time":"2022-02-23T20:07:40+00:00","article_modified_time":"2022-02-24T20:08:32+00:00","og_image":[{"width":1000,"height":500,"url":"https:\/\/ubanews.com\/site\/wp-content\/uploads\/2019\/07\/Capoeira.jpg","type":"image\/jpeg"}],"author":"Sodr\u00e9","twitter_card":"summary_large_image","twitter_misc":{"Escrito por":"Sodr\u00e9","Est. tempo de leitura":"1 minuto"},"schema":{"@context":"https:\/\/schema.org","@graph":[{"@type":"Article","@id":"https:\/\/ubanews.com\/site\/2022\/02\/23\/uba-recebe-1o-circuito-de-capoeira-das-serras-de-minas\/#article","isPartOf":{"@id":"https:\/\/ubanews.com\/site\/2022\/02\/23\/uba-recebe-1o-circuito-de-capoeira-das-serras-de-minas\/"},"author":{"name":"Sodr\u00e9","@id":"https:\/\/ubanews.com\/site\/#\/schema\/person\/d90c9e47252fbb63dcc969fe4c8b9d10"},"headline":"Ub\u00e1 recebe 1\u00ba Circuito de Capoeira das Serras de Minas","datePublished":"2022-02-23T20:07:40+00:00","dateModified":"2022-02-24T20:08:32+00:00","mainEntityOfPage":{"@id":"https:\/\/ubanews.com\/site\/2022\/02\/23\/uba-recebe-1o-circuito-de-capoeira-das-serras-de-minas\/"},"wordCount":227,"commentCount":0,"publisher":{"@id":"https:\/\/ubanews.com\/site\/#organization"},"image":{"@id":"https:\/\/ubanews.com\/site\/2022\/02\/23\/uba-recebe-1o-circuito-de-capoeira-das-serras-de-minas\/#primaryimage"},"thumbnailUrl":"https:\/\/ubanews.com\/site\/wp-content\/uploads\/2019\/07\/Capoeira.jpg","articleSection":["Prefeitura Municipal"],"inLanguage":"pt-BR","potentialAction":[{"@type":"CommentAction","name":"Comment","target":["https:\/\/ubanews.com\/site\/2022\/02\/23\/uba-recebe-1o-circuito-de-capoeira-das-serras-de-minas\/#respond"]}]},{"@type":"WebPage","@id":"https:\/\/ubanews.com\/site\/2022\/02\/23\/uba-recebe-1o-circuito-de-capoeira-das-serras-de-minas\/","url":"https:\/\/ubanews.com\/site\/2022\/02\/23\/uba-recebe-1o-circuito-de-capoeira-das-serras-de-minas\/","name":"Ub\u00e1 recebe 1\u00ba Circuito de Capoeira das Serras de Minas - Ub\u00e1 News","isPartOf":{"@id":"https:\/\/ubanews.com\/site\/#website"},"primaryImageOfPage":{"@id":"https:\/\/ubanews.com\/site\/2022\/02\/23\/uba-recebe-1o-circuito-de-capoeira-das-serras-de-minas\/#primaryimage"},"image":{"@id":"https:\/\/ubanews.com\/site\/2022\/02\/23\/uba-recebe-1o-circuito-de-capoeira-das-serras-de-minas\/#primaryimage"},"thumbnailUrl":"https:\/\/ubanews.com\/site\/wp-content\/uploads\/2019\/07\/Capoeira.jpg","datePublished":"2022-02-23T20:07:40+00:00","dateModified":"2022-02-24T20:08:32+00:00","breadcrumb":{"@id":"https:\/\/ubanews.com\/site\/2022\/02\/23\/uba-recebe-1o-circuito-de-capoeira-das-serras-de-minas\/#breadcrumb"},"inLanguage":"pt-BR","potentialAction":[{"@type":"ReadAction","target":["https:\/\/ubanews.com\/site\/2022\/02\/23\/uba-recebe-1o-circuito-de-capoeira-das-serras-de-minas\/"]}]},{"@type":"ImageObject","inLanguage":"pt-BR","@id":"https:\/\/ubanews.com\/site\/2022\/02\/23\/uba-recebe-1o-circuito-de-capoeira-das-serras-de-minas\/#primaryimage","url":"https:\/\/ubanews.com\/site\/wp-content\/uploads\/2019\/07\/Capoeira.jpg","contentUrl":"https:\/\/ubanews.com\/site\/wp-content\/uploads\/2019\/07\/Capoeira.jpg","width":1000,"height":500},{"@type":"BreadcrumbList","@id":"https:\/\/ubanews.com\/site\/2022\/02\/23\/uba-recebe-1o-circuito-de-capoeira-das-serras-de-minas\/#breadcrumb","itemListElement":[{"@type":"ListItem","position":1,"name":"Home","item":"https:\/\/ubanews.com\/site\/"},{"@type":"ListItem","position":2,"name":"Ub\u00e1 recebe 1\u00ba Circuito de Capoeira das Serras de Minas"}]},{"@type":"WebSite","@id":"https:\/\/ubanews.com\/site\/#website","url":"https:\/\/ubanews.com\/site\/","name":"Ub\u00e1 News","description":"","publisher":{"@id":"https:\/\/ubanews.com\/site\/#organization"},"potentialAction":[{"@type":"SearchAction","target":{"@type":"EntryPoint","urlTemplate":"https:\/\/ubanews.com\/site\/?s={search_term_string}"},"query-input":{"@type":"PropertyValueSpecification","valueRequired":true,"valueName":"search_term_string"}}],"inLanguage":"pt-BR"},{"@type":"Organization","@id":"https:\/\/ubanews.com\/site\/#organization","name":"Ub\u00e1 News","url":"https:\/\/ubanews.com\/site\/","logo":{"@type":"ImageObject","inLanguage":"pt-BR","@id":"https:\/\/ubanews.com\/site\/#\/schema\/logo\/image\/","url":"https:\/\/ubanews.com\/site\/wp-content\/uploads\/2018\/01\/logoubanews.png","contentUrl":"https:\/\/ubanews.com\/site\/wp-content\/uploads\/2018\/01\/logoubanews.png","width":261,"height":99,"caption":"Ub\u00e1 News"},"image":{"@id":"https:\/\/ubanews.com\/site\/#\/schema\/logo\/image\/"},"sameAs":["https:\/\/www.facebook.com\/Ub\u00e1News-Carlos-Roberto-Sodr\u00e9-418778301977370"]},{"@type":"Person","@id":"https:\/\/ubanews.com\/site\/#\/schema\/person\/d90c9e47252fbb63dcc969fe4c8b9d10","name":"Sodr\u00e9","image":{"@type":"ImageObject","inLanguage":"pt-BR","@id":"https:\/\/secure.gravatar.com\/avatar\/5ba2793f0590b9dbfad3fdec4ee714485b3eef211c9b32ee53d414060454a56c?s=96&d=mm&r=g","url":"https:\/\/secure.gravatar.com\/avatar\/5ba2793f0590b9dbfad3fdec4ee714485b3eef211c9b32ee53d414060454a56c?s=96&d=mm&r=g","contentUrl":"https:\/\/secure.gravatar.com\/avatar\/5ba2793f0590b9dbfad3fdec4ee714485b3eef211c9b32ee53d414060454a56c?s=96&d=mm&r=g","caption":"Sodr\u00e9"},"sameAs":["https:\/\/www.facebook.com\/carosroberto.sodre.5\/"],"url":"https:\/\/ubanews.com\/site\/author\/felipe\/"}]}},"_links":{"self":[{"href":"https:\/\/ubanews.com\/site\/wp-json\/wp\/v2\/posts\/21140","targetHints":{"allow":["GET"]}}],"collection":[{"href":"https:\/\/ubanews.com\/site\/wp-json\/wp\/v2\/posts"}],"about":[{"href":"https:\/\/ubanews.com\/site\/wp-json\/wp\/v2\/types\/post"}],"author":[{"embeddable":true,"href":"https:\/\/ubanews.com\/site\/wp-json\/wp\/v2\/users\/2"}],"replies":[{"embeddable":true,"href":"https:\/\/ubanews.com\/site\/wp-json\/wp\/v2\/comments?post=21140"}],"version-history":[{"count":0,"href":"https:\/\/ubanews.com\/site\/wp-json\/wp\/v2\/posts\/21140\/revisions"}],"wp:featuredmedia":[{"embeddable":true,"href":"https:\/\/ubanews.com\/site\/wp-json\/wp\/v2\/media\/12725"}],"wp:attachment":[{"href":"https:\/\/ubanews.com\/site\/wp-json\/wp\/v2\/media?parent=21140"}],"wp:term":[{"taxonomy":"category","embeddable":true,"href":"https:\/\/ubanews.com\/site\/wp-json\/wp\/v2\/categories?post=21140"},{"taxonomy":"post_tag","embeddable":true,"href":"https:\/\/ubanews.com\/site\/wp-json\/wp\/v2\/tags?post=21140"}],"curies":[{"name":"wp","href":"https:\/\/api.w.org\/{rel}","templated":true}]}}