{"id":21135,"date":"2022-02-22T16:55:30","date_gmt":"2022-02-22T19:55:30","guid":{"rendered":"http:\/\/ubanews.com\/site\/?p=21135"},"modified":"2022-02-24T16:56:53","modified_gmt":"2022-02-24T19:56:53","slug":"policia-militar-realiza-socorro-em-visconde-do-rio-branco","status":"publish","type":"post","link":"https:\/\/ubanews.com\/site\/2022\/02\/22\/policia-militar-realiza-socorro-em-visconde-do-rio-branco\/","title":{"rendered":"POL\u00cdCIA MILITAR REALIZA SOCORRO EM VISCONDE DO RIO BRANCO"},"content":{"rendered":"<p>21\/02\/2022<\/p>\n<p>VISCONDE DO RIO BRANCO \u2013 Pra\u00e7a Jorge Carone Filho<\/p>\n<p>A Pol\u00edcia Militar foi acionada \u00e0 comparecer \u00e0 Pra\u00e7a Jorge Carone Filho, onde familiares, desesperados, de um homem de 33 anos, relataram que ele &nbsp;passa por problemas de depress\u00e3o e estava muito exaltado em seu apartamento de posse de facas e uma machadinha, os familiares pediram a interven\u00e7\u00e3o policial para conduzi-lo ao Hospital para ser medicado.<\/p>\n<p>Policiais Militares foram at\u00e9 o local, juntamente com uma equipe do Samu, onde o homem estava muito exaltado, de posse de uma machadinha e algumas facas.<\/p>\n<div id=\"metaslider-id-17652\" style=\"max-width: 1000px;\" class=\"ml-slider-3-106-0 metaslider metaslider-nivo metaslider-17652 ml-slider ms-theme-outline\" role=\"region\" aria-label=\"Texto\" data-height=\"200\" data-width=\"1000\">\n    <div id=\"metaslider_container_17652\">\n        <div class='slider-wrapper theme-default'><div class='ribbon'><\/div><div id='metaslider_17652' class='nivoSlider'><\/div><\/div>\n        \n    <\/div>\n<\/div>\n<p>Com a chegada da Pol\u00edcia Militar este come\u00e7ou a bater a machadinha na parede falando para ningu\u00e9m entrar e mostrava-se irredut\u00edvel cada vez mais exaltado.<\/p>\n<p>Foi acionado apoio tendo comparecido ao local as equipes policiais de Guiricema, S\u00e3o Geraldo, Patrulha de Preven\u00e7\u00e3o \u00e0 Viol\u00eancia Dom\u00e9stica de Ub\u00e1 e policiais de folga que se disponibilizaram para apoio, ap\u00f3s planejamento t\u00e9cnico entre as equipes e munidos de escudo, e equipamentos de menor potencial ofensivo, foi necess\u00e1rio realizar o arrombamento da porta do apartamento onde foi realizado o adentramento no im\u00f3vel, e diante das amea\u00e7as do socorrido foram utilizados os equipamentos de menor potencial ofensivo para cont\u00ea-lo.<\/p>\n<p>Logo em seguida, o socorrido foi contido pelos policiais e conduzido pelo Samu ao Hospital<\/p>\n<p><strong>ASSESSORIA DE COMUNICA\u00c7\u00c3O ORGANIZACIONAL<\/strong><br \/>\n<strong>Vig\u00e9simo Primeiro Batalh\u00e3o de Pol\u00edcia Militar<\/strong><\/p>\n<div style=\"width: 840px;\" class=\"wp-video\"><video class=\"wp-video-shortcode\" id=\"video-21135-1\" width=\"840\" height=\"473\" autoplay preload=\"auto\" controls=\"controls\"><source type=\"video\/mp4\" src=\"https:\/\/ubanews.com\/site\/wp-content\/uploads\/2020\/12\/01020002.00_00_53_25.mp4?_=1\" \/><a href=\"https:\/\/ubanews.com\/site\/wp-content\/uploads\/2020\/12\/01020002.00_00_53_25.mp4\">https:\/\/ubanews.com\/site\/wp-content\/uploads\/2020\/12\/01020002.00_00_53_25.mp4<\/a><\/video><\/div>\n","protected":false},"excerpt":{"rendered":"<p>21\/02\/2022 VISCONDE DO RIO BRANCO \u2013 Pra\u00e7a Jorge Carone Filho<\/p>\n","protected":false},"author":2,"featured_media":11202,"comment_status":"open","ping_status":"open","sticky":false,"template":"","format":"standard","meta":{"footnotes":""},"categories":[1],"tags":[],"class_list":["post-21135","post","type-post","status-publish","format-standard","has-post-thumbnail","hentry","category-sem-categoria"],"yoast_head":"<!-- This site is optimized with the Yoast SEO plugin v27.2 - https:\/\/yoast.com\/product\/yoast-seo-wordpress\/ -->\n<title>POL\u00cdCIA MILITAR REALIZA SOCORRO EM VISCONDE DO RIO BRANCO - Ub\u00e1 News<\/title>\n<meta name=\"robots\" content=\"index, follow, max-snippet:-1, max-image-preview:large, max-video-preview:-1\" \/>\n<link rel=\"canonical\" href=\"https:\/\/ubanews.com\/site\/2022\/02\/22\/policia-militar-realiza-socorro-em-visconde-do-rio-branco\/\" \/>\n<meta property=\"og:locale\" content=\"pt_BR\" \/>\n<meta property=\"og:type\" content=\"article\" \/>\n<meta property=\"og:title\" content=\"POL\u00cdCIA MILITAR REALIZA SOCORRO EM VISCONDE DO RIO BRANCO - Ub\u00e1 News\" \/>\n<meta property=\"og:description\" content=\"21\/02\/2022 VISCONDE DO RIO BRANCO \u2013 Pra\u00e7a Jorge Carone Filho\" \/>\n<meta property=\"og:url\" content=\"https:\/\/ubanews.com\/site\/2022\/02\/22\/policia-militar-realiza-socorro-em-visconde-do-rio-branco\/\" \/>\n<meta property=\"og:site_name\" content=\"Ub\u00e1 News\" \/>\n<meta property=\"article:publisher\" content=\"https:\/\/www.facebook.com\/Ub%c3%a1News-Carlos-Roberto-Sodr%c3%a9-418778301977370\" \/>\n<meta property=\"article:author\" content=\"https:\/\/www.facebook.com\/carosroberto.sodre.5\/\" \/>\n<meta property=\"article:published_time\" content=\"2022-02-22T19:55:30+00:00\" \/>\n<meta property=\"article:modified_time\" content=\"2022-02-24T19:56:53+00:00\" \/>\n<meta property=\"og:image\" content=\"https:\/\/ubanews.com\/site\/wp-content\/uploads\/2019\/04\/Policia-4.jpg\" \/>\n\t<meta property=\"og:image:width\" content=\"800\" \/>\n\t<meta property=\"og:image:height\" content=\"389\" \/>\n\t<meta property=\"og:image:type\" content=\"image\/jpeg\" \/>\n<meta name=\"author\" content=\"Sodr\u00e9\" \/>\n<meta name=\"twitter:card\" content=\"summary_large_image\" \/>\n<meta name=\"twitter:label1\" content=\"Escrito por\" \/>\n\t<meta name=\"twitter:data1\" content=\"Sodr\u00e9\" \/>\n\t<meta name=\"twitter:label2\" content=\"Est. tempo de leitura\" \/>\n\t<meta name=\"twitter:data2\" content=\"1 minuto\" \/>\n<script type=\"application\/ld+json\" class=\"yoast-schema-graph\">{\"@context\":\"https:\/\/schema.org\",\"@graph\":[{\"@type\":\"Article\",\"@id\":\"https:\/\/ubanews.com\/site\/2022\/02\/22\/policia-militar-realiza-socorro-em-visconde-do-rio-branco\/#article\",\"isPartOf\":{\"@id\":\"https:\/\/ubanews.com\/site\/2022\/02\/22\/policia-militar-realiza-socorro-em-visconde-do-rio-branco\/\"},\"author\":{\"name\":\"Sodr\u00e9\",\"@id\":\"https:\/\/ubanews.com\/site\/#\/schema\/person\/d90c9e47252fbb63dcc969fe4c8b9d10\"},\"headline\":\"POL\u00cdCIA MILITAR REALIZA SOCORRO EM VISCONDE DO RIO BRANCO\",\"datePublished\":\"2022-02-22T19:55:30+00:00\",\"dateModified\":\"2022-02-24T19:56:53+00:00\",\"mainEntityOfPage\":{\"@id\":\"https:\/\/ubanews.com\/site\/2022\/02\/22\/policia-militar-realiza-socorro-em-visconde-do-rio-branco\/\"},\"wordCount\":267,\"commentCount\":0,\"publisher\":{\"@id\":\"https:\/\/ubanews.com\/site\/#organization\"},\"image\":{\"@id\":\"https:\/\/ubanews.com\/site\/2022\/02\/22\/policia-militar-realiza-socorro-em-visconde-do-rio-branco\/#primaryimage\"},\"thumbnailUrl\":\"https:\/\/ubanews.com\/site\/wp-content\/uploads\/2019\/04\/Policia-4.jpg\",\"articleSection\":[\"Geral\"],\"inLanguage\":\"pt-BR\",\"potentialAction\":[{\"@type\":\"CommentAction\",\"name\":\"Comment\",\"target\":[\"https:\/\/ubanews.com\/site\/2022\/02\/22\/policia-militar-realiza-socorro-em-visconde-do-rio-branco\/#respond\"]}]},{\"@type\":\"WebPage\",\"@id\":\"https:\/\/ubanews.com\/site\/2022\/02\/22\/policia-militar-realiza-socorro-em-visconde-do-rio-branco\/\",\"url\":\"https:\/\/ubanews.com\/site\/2022\/02\/22\/policia-militar-realiza-socorro-em-visconde-do-rio-branco\/\",\"name\":\"POL\u00cdCIA MILITAR REALIZA SOCORRO EM VISCONDE DO RIO BRANCO - Ub\u00e1 News\",\"isPartOf\":{\"@id\":\"https:\/\/ubanews.com\/site\/#website\"},\"primaryImageOfPage\":{\"@id\":\"https:\/\/ubanews.com\/site\/2022\/02\/22\/policia-militar-realiza-socorro-em-visconde-do-rio-branco\/#primaryimage\"},\"image\":{\"@id\":\"https:\/\/ubanews.com\/site\/2022\/02\/22\/policia-militar-realiza-socorro-em-visconde-do-rio-branco\/#primaryimage\"},\"thumbnailUrl\":\"https:\/\/ubanews.com\/site\/wp-content\/uploads\/2019\/04\/Policia-4.jpg\",\"datePublished\":\"2022-02-22T19:55:30+00:00\",\"dateModified\":\"2022-02-24T19:56:53+00:00\",\"breadcrumb\":{\"@id\":\"https:\/\/ubanews.com\/site\/2022\/02\/22\/policia-militar-realiza-socorro-em-visconde-do-rio-branco\/#breadcrumb\"},\"inLanguage\":\"pt-BR\",\"potentialAction\":[{\"@type\":\"ReadAction\",\"target\":[\"https:\/\/ubanews.com\/site\/2022\/02\/22\/policia-militar-realiza-socorro-em-visconde-do-rio-branco\/\"]}]},{\"@type\":\"ImageObject\",\"inLanguage\":\"pt-BR\",\"@id\":\"https:\/\/ubanews.com\/site\/2022\/02\/22\/policia-militar-realiza-socorro-em-visconde-do-rio-branco\/#primaryimage\",\"url\":\"https:\/\/ubanews.com\/site\/wp-content\/uploads\/2019\/04\/Policia-4.jpg\",\"contentUrl\":\"https:\/\/ubanews.com\/site\/wp-content\/uploads\/2019\/04\/Policia-4.jpg\",\"width\":800,\"height\":389,\"caption\":\"Red light flasher atop of a police car. City lights on the background.\"},{\"@type\":\"BreadcrumbList\",\"@id\":\"https:\/\/ubanews.com\/site\/2022\/02\/22\/policia-militar-realiza-socorro-em-visconde-do-rio-branco\/#breadcrumb\",\"itemListElement\":[{\"@type\":\"ListItem\",\"position\":1,\"name\":\"Home\",\"item\":\"https:\/\/ubanews.com\/site\/\"},{\"@type\":\"ListItem\",\"position\":2,\"name\":\"POL\u00cdCIA MILITAR REALIZA SOCORRO EM VISCONDE DO RIO BRANCO\"}]},{\"@type\":\"WebSite\",\"@id\":\"https:\/\/ubanews.com\/site\/#website\",\"url\":\"https:\/\/ubanews.com\/site\/\",\"name\":\"Ub\u00e1 News\",\"description\":\"\",\"publisher\":{\"@id\":\"https:\/\/ubanews.com\/site\/#organization\"},\"potentialAction\":[{\"@type\":\"SearchAction\",\"target\":{\"@type\":\"EntryPoint\",\"urlTemplate\":\"https:\/\/ubanews.com\/site\/?s={search_term_string}\"},\"query-input\":{\"@type\":\"PropertyValueSpecification\",\"valueRequired\":true,\"valueName\":\"search_term_string\"}}],\"inLanguage\":\"pt-BR\"},{\"@type\":\"Organization\",\"@id\":\"https:\/\/ubanews.com\/site\/#organization\",\"name\":\"Ub\u00e1 News\",\"url\":\"https:\/\/ubanews.com\/site\/\",\"logo\":{\"@type\":\"ImageObject\",\"inLanguage\":\"pt-BR\",\"@id\":\"https:\/\/ubanews.com\/site\/#\/schema\/logo\/image\/\",\"url\":\"https:\/\/ubanews.com\/site\/wp-content\/uploads\/2018\/01\/logoubanews.png\",\"contentUrl\":\"https:\/\/ubanews.com\/site\/wp-content\/uploads\/2018\/01\/logoubanews.png\",\"width\":261,\"height\":99,\"caption\":\"Ub\u00e1 News\"},\"image\":{\"@id\":\"https:\/\/ubanews.com\/site\/#\/schema\/logo\/image\/\"},\"sameAs\":[\"https:\/\/www.facebook.com\/Ub\u00e1News-Carlos-Roberto-Sodr\u00e9-418778301977370\"]},{\"@type\":\"Person\",\"@id\":\"https:\/\/ubanews.com\/site\/#\/schema\/person\/d90c9e47252fbb63dcc969fe4c8b9d10\",\"name\":\"Sodr\u00e9\",\"image\":{\"@type\":\"ImageObject\",\"inLanguage\":\"pt-BR\",\"@id\":\"https:\/\/secure.gravatar.com\/avatar\/5ba2793f0590b9dbfad3fdec4ee714485b3eef211c9b32ee53d414060454a56c?s=96&d=mm&r=g\",\"url\":\"https:\/\/secure.gravatar.com\/avatar\/5ba2793f0590b9dbfad3fdec4ee714485b3eef211c9b32ee53d414060454a56c?s=96&d=mm&r=g\",\"contentUrl\":\"https:\/\/secure.gravatar.com\/avatar\/5ba2793f0590b9dbfad3fdec4ee714485b3eef211c9b32ee53d414060454a56c?s=96&d=mm&r=g\",\"caption\":\"Sodr\u00e9\"},\"sameAs\":[\"https:\/\/www.facebook.com\/carosroberto.sodre.5\/\"],\"url\":\"https:\/\/ubanews.com\/site\/author\/felipe\/\"}]}<\/script>\n<!-- \/ Yoast SEO plugin. -->","yoast_head_json":{"title":"POL\u00cdCIA MILITAR REALIZA SOCORRO EM VISCONDE DO RIO BRANCO - Ub\u00e1 News","robots":{"index":"index","follow":"follow","max-snippet":"max-snippet:-1","max-image-preview":"max-image-preview:large","max-video-preview":"max-video-preview:-1"},"canonical":"https:\/\/ubanews.com\/site\/2022\/02\/22\/policia-militar-realiza-socorro-em-visconde-do-rio-branco\/","og_locale":"pt_BR","og_type":"article","og_title":"POL\u00cdCIA MILITAR REALIZA SOCORRO EM VISCONDE DO RIO BRANCO - Ub\u00e1 News","og_description":"21\/02\/2022 VISCONDE DO RIO BRANCO \u2013 Pra\u00e7a Jorge Carone Filho","og_url":"https:\/\/ubanews.com\/site\/2022\/02\/22\/policia-militar-realiza-socorro-em-visconde-do-rio-branco\/","og_site_name":"Ub\u00e1 News","article_publisher":"https:\/\/www.facebook.com\/Ub%c3%a1News-Carlos-Roberto-Sodr%c3%a9-418778301977370","article_author":"https:\/\/www.facebook.com\/carosroberto.sodre.5\/","article_published_time":"2022-02-22T19:55:30+00:00","article_modified_time":"2022-02-24T19:56:53+00:00","og_image":[{"width":800,"height":389,"url":"https:\/\/ubanews.com\/site\/wp-content\/uploads\/2019\/04\/Policia-4.jpg","type":"image\/jpeg"}],"author":"Sodr\u00e9","twitter_card":"summary_large_image","twitter_misc":{"Escrito por":"Sodr\u00e9","Est. tempo de leitura":"1 minuto"},"schema":{"@context":"https:\/\/schema.org","@graph":[{"@type":"Article","@id":"https:\/\/ubanews.com\/site\/2022\/02\/22\/policia-militar-realiza-socorro-em-visconde-do-rio-branco\/#article","isPartOf":{"@id":"https:\/\/ubanews.com\/site\/2022\/02\/22\/policia-militar-realiza-socorro-em-visconde-do-rio-branco\/"},"author":{"name":"Sodr\u00e9","@id":"https:\/\/ubanews.com\/site\/#\/schema\/person\/d90c9e47252fbb63dcc969fe4c8b9d10"},"headline":"POL\u00cdCIA MILITAR REALIZA SOCORRO EM VISCONDE DO RIO BRANCO","datePublished":"2022-02-22T19:55:30+00:00","dateModified":"2022-02-24T19:56:53+00:00","mainEntityOfPage":{"@id":"https:\/\/ubanews.com\/site\/2022\/02\/22\/policia-militar-realiza-socorro-em-visconde-do-rio-branco\/"},"wordCount":267,"commentCount":0,"publisher":{"@id":"https:\/\/ubanews.com\/site\/#organization"},"image":{"@id":"https:\/\/ubanews.com\/site\/2022\/02\/22\/policia-militar-realiza-socorro-em-visconde-do-rio-branco\/#primaryimage"},"thumbnailUrl":"https:\/\/ubanews.com\/site\/wp-content\/uploads\/2019\/04\/Policia-4.jpg","articleSection":["Geral"],"inLanguage":"pt-BR","potentialAction":[{"@type":"CommentAction","name":"Comment","target":["https:\/\/ubanews.com\/site\/2022\/02\/22\/policia-militar-realiza-socorro-em-visconde-do-rio-branco\/#respond"]}]},{"@type":"WebPage","@id":"https:\/\/ubanews.com\/site\/2022\/02\/22\/policia-militar-realiza-socorro-em-visconde-do-rio-branco\/","url":"https:\/\/ubanews.com\/site\/2022\/02\/22\/policia-militar-realiza-socorro-em-visconde-do-rio-branco\/","name":"POL\u00cdCIA MILITAR REALIZA SOCORRO EM VISCONDE DO RIO BRANCO - Ub\u00e1 News","isPartOf":{"@id":"https:\/\/ubanews.com\/site\/#website"},"primaryImageOfPage":{"@id":"https:\/\/ubanews.com\/site\/2022\/02\/22\/policia-militar-realiza-socorro-em-visconde-do-rio-branco\/#primaryimage"},"image":{"@id":"https:\/\/ubanews.com\/site\/2022\/02\/22\/policia-militar-realiza-socorro-em-visconde-do-rio-branco\/#primaryimage"},"thumbnailUrl":"https:\/\/ubanews.com\/site\/wp-content\/uploads\/2019\/04\/Policia-4.jpg","datePublished":"2022-02-22T19:55:30+00:00","dateModified":"2022-02-24T19:56:53+00:00","breadcrumb":{"@id":"https:\/\/ubanews.com\/site\/2022\/02\/22\/policia-militar-realiza-socorro-em-visconde-do-rio-branco\/#breadcrumb"},"inLanguage":"pt-BR","potentialAction":[{"@type":"ReadAction","target":["https:\/\/ubanews.com\/site\/2022\/02\/22\/policia-militar-realiza-socorro-em-visconde-do-rio-branco\/"]}]},{"@type":"ImageObject","inLanguage":"pt-BR","@id":"https:\/\/ubanews.com\/site\/2022\/02\/22\/policia-militar-realiza-socorro-em-visconde-do-rio-branco\/#primaryimage","url":"https:\/\/ubanews.com\/site\/wp-content\/uploads\/2019\/04\/Policia-4.jpg","contentUrl":"https:\/\/ubanews.com\/site\/wp-content\/uploads\/2019\/04\/Policia-4.jpg","width":800,"height":389,"caption":"Red light flasher atop of a police car. City lights on the background."},{"@type":"BreadcrumbList","@id":"https:\/\/ubanews.com\/site\/2022\/02\/22\/policia-militar-realiza-socorro-em-visconde-do-rio-branco\/#breadcrumb","itemListElement":[{"@type":"ListItem","position":1,"name":"Home","item":"https:\/\/ubanews.com\/site\/"},{"@type":"ListItem","position":2,"name":"POL\u00cdCIA MILITAR REALIZA SOCORRO EM VISCONDE DO RIO BRANCO"}]},{"@type":"WebSite","@id":"https:\/\/ubanews.com\/site\/#website","url":"https:\/\/ubanews.com\/site\/","name":"Ub\u00e1 News","description":"","publisher":{"@id":"https:\/\/ubanews.com\/site\/#organization"},"potentialAction":[{"@type":"SearchAction","target":{"@type":"EntryPoint","urlTemplate":"https:\/\/ubanews.com\/site\/?s={search_term_string}"},"query-input":{"@type":"PropertyValueSpecification","valueRequired":true,"valueName":"search_term_string"}}],"inLanguage":"pt-BR"},{"@type":"Organization","@id":"https:\/\/ubanews.com\/site\/#organization","name":"Ub\u00e1 News","url":"https:\/\/ubanews.com\/site\/","logo":{"@type":"ImageObject","inLanguage":"pt-BR","@id":"https:\/\/ubanews.com\/site\/#\/schema\/logo\/image\/","url":"https:\/\/ubanews.com\/site\/wp-content\/uploads\/2018\/01\/logoubanews.png","contentUrl":"https:\/\/ubanews.com\/site\/wp-content\/uploads\/2018\/01\/logoubanews.png","width":261,"height":99,"caption":"Ub\u00e1 News"},"image":{"@id":"https:\/\/ubanews.com\/site\/#\/schema\/logo\/image\/"},"sameAs":["https:\/\/www.facebook.com\/Ub\u00e1News-Carlos-Roberto-Sodr\u00e9-418778301977370"]},{"@type":"Person","@id":"https:\/\/ubanews.com\/site\/#\/schema\/person\/d90c9e47252fbb63dcc969fe4c8b9d10","name":"Sodr\u00e9","image":{"@type":"ImageObject","inLanguage":"pt-BR","@id":"https:\/\/secure.gravatar.com\/avatar\/5ba2793f0590b9dbfad3fdec4ee714485b3eef211c9b32ee53d414060454a56c?s=96&d=mm&r=g","url":"https:\/\/secure.gravatar.com\/avatar\/5ba2793f0590b9dbfad3fdec4ee714485b3eef211c9b32ee53d414060454a56c?s=96&d=mm&r=g","contentUrl":"https:\/\/secure.gravatar.com\/avatar\/5ba2793f0590b9dbfad3fdec4ee714485b3eef211c9b32ee53d414060454a56c?s=96&d=mm&r=g","caption":"Sodr\u00e9"},"sameAs":["https:\/\/www.facebook.com\/carosroberto.sodre.5\/"],"url":"https:\/\/ubanews.com\/site\/author\/felipe\/"}]}},"_links":{"self":[{"href":"https:\/\/ubanews.com\/site\/wp-json\/wp\/v2\/posts\/21135","targetHints":{"allow":["GET"]}}],"collection":[{"href":"https:\/\/ubanews.com\/site\/wp-json\/wp\/v2\/posts"}],"about":[{"href":"https:\/\/ubanews.com\/site\/wp-json\/wp\/v2\/types\/post"}],"author":[{"embeddable":true,"href":"https:\/\/ubanews.com\/site\/wp-json\/wp\/v2\/users\/2"}],"replies":[{"embeddable":true,"href":"https:\/\/ubanews.com\/site\/wp-json\/wp\/v2\/comments?post=21135"}],"version-history":[{"count":0,"href":"https:\/\/ubanews.com\/site\/wp-json\/wp\/v2\/posts\/21135\/revisions"}],"wp:featuredmedia":[{"embeddable":true,"href":"https:\/\/ubanews.com\/site\/wp-json\/wp\/v2\/media\/11202"}],"wp:attachment":[{"href":"https:\/\/ubanews.com\/site\/wp-json\/wp\/v2\/media?parent=21135"}],"wp:term":[{"taxonomy":"category","embeddable":true,"href":"https:\/\/ubanews.com\/site\/wp-json\/wp\/v2\/categories?post=21135"},{"taxonomy":"post_tag","embeddable":true,"href":"https:\/\/ubanews.com\/site\/wp-json\/wp\/v2\/tags?post=21135"}],"curies":[{"name":"wp","href":"https:\/\/api.w.org\/{rel}","templated":true}]}}