{"id":21132,"date":"2022-02-24T16:45:32","date_gmt":"2022-02-24T19:45:32","guid":{"rendered":"http:\/\/ubanews.com\/site\/?p=21132"},"modified":"2022-02-24T16:45:32","modified_gmt":"2022-02-24T19:45:32","slug":"funcionamento-dos-servicos-publicos-de-28-02-a-02-03","status":"publish","type":"post","link":"https:\/\/ubanews.com\/site\/2022\/02\/24\/funcionamento-dos-servicos-publicos-de-28-02-a-02-03\/","title":{"rendered":"Funcionamento dos servi\u00e7os p\u00fablicos de\u00a028\/02 a 02\/03"},"content":{"rendered":"<p style=\"font-weight: 400;\">Em raz\u00e3o dos pontos facultativos estabelecidos pelo&nbsp;<a href=\"https:\/\/www.uba.mg.gov.br\/detalhe-da-materia\/info\/calendario-de-feriados-e-pontos-facultativos-de-2022\/205460\" data-saferedirecturl=\"https:\/\/www.google.com\/url?q=https:\/\/www.uba.mg.gov.br\/detalhe-da-materia\/info\/calendario-de-feriados-e-pontos-facultativos-de-2022\/205460&amp;source=gmail&amp;ust=1645818208317000&amp;usg=AOvVaw0eghLoYHT73BPXS0roRrBE\">Decreto 6.721\/2022<\/a>, informamos o funcionamento da Prefeitura de Ub\u00e1 (\u00f3rg\u00e3os da Administra\u00e7\u00e3o Direta, Aut\u00e1rquica e Fundacional do Munic\u00edpio), no per\u00edodo de 28\/02 a 02\/03 de 2022, sem preju\u00edzo da presta\u00e7\u00e3o de servi\u00e7os considerados essenciais.<\/p>\n<p style=\"font-weight: 400;\"><strong>28\/02 (segunda-feira)<\/strong>&nbsp;Ponto Facultativo &#8211; Carnaval<\/p>\n<p style=\"font-weight: 400;\"><strong>1\u00ba\/03 (ter\u00e7a-feira)<\/strong>&nbsp;Ponto Facultativo &#8211; Carnaval<\/p>\n<p style=\"font-weight: 400;\"><strong>02\/03 (quarta-feira)<\/strong>&nbsp;Ponto Facultativo &#8211; Quarta-feira de Cinzas<\/p>\n<div id=\"metaslider-id-17652\" style=\"max-width: 1000px;\" class=\"ml-slider-3-106-0 metaslider metaslider-nivo metaslider-17652 ml-slider ms-theme-outline\" role=\"region\" aria-label=\"Texto\" data-height=\"200\" data-width=\"1000\">\n    <div id=\"metaslider_container_17652\">\n        <div class='slider-wrapper theme-default'><div class='ribbon'><\/div><div id='metaslider_17652' class='nivoSlider'><\/div><\/div>\n        \n    <\/div>\n<\/div>\n<p style=\"font-weight: 400;\"><strong><u>Os servi\u00e7os p\u00fablicos de responsabilidade da Prefeitura que funcionar\u00e3o durante o per\u00edodo s\u00e3o:<\/u><\/strong><\/p>\n<p style=\"font-weight: 400;\">&#8211; Farm\u00e1cia Municipal: funcionamento de 8h \u00e0s 12h nos dias 26\/02, 28\/02 e 02\/03;<\/p>\n<p style=\"font-weight: 400;\">-Transportes Assistenciais (Ambul\u00e2ncias), em regime de plant\u00e3o &#8211; Contato: (32) 3539-6173 e 3531-8192;<\/p>\n<p style=\"font-weight: 400;\">&#8211; Limpeza urbana e coleta de lixo. Conforme programa\u00e7\u00e3o regular.<\/p>\n<p style=\"font-weight: 400;\">&#8211; Luz de Ub\u00e1: Contato: (32) 3532-3319 (Whatsapp). Ressalte-se que o atendimento tamb\u00e9m se faz pelo site&nbsp;<a href=\"http:\/\/www.uba.mg.gov.br\/\" data-saferedirecturl=\"https:\/\/www.google.com\/url?q=http:\/\/www.uba.mg.gov.br&amp;source=gmail&amp;ust=1645818208317000&amp;usg=AOvVaw3gm-QS4s3MAuA1WfkYwp7e\">www.uba.mg.gov.br<\/a>, no link Luz de Ub\u00e1;<\/p>\n<p style=\"font-weight: 400;\">&#8211; Conselho Tutelar, em regime de plant\u00e3o &#8211; Contato: (32) 98892-5467;<\/p>\n<p style=\"font-weight: 400;\">-Centro Pop: N\u00e3o haver\u00e1 funcionamento nos dias 28\/02 e 01\u00ba\/03. Funcionamento normal a partir do dia 02\/02.<\/p>\n<p style=\"font-weight: 400;\"><strong>OBS:<\/strong>&nbsp;N\u00e3o haver\u00e1 vacina\u00e7\u00e3o contra a Covid-19 neste per\u00edodo.<\/p>\n<div dir=\"auto\"><strong>Assessoria de Comunica\u00e7\u00e3o Prefeitura de Ub\u00e1<\/strong><\/div>\n<div dir=\"auto\">&nbsp;<\/div>\n<div dir=\"auto\">\n<div style=\"width: 840px;\" class=\"wp-video\"><video class=\"wp-video-shortcode\" id=\"video-21132-1\" width=\"840\" height=\"473\" autoplay preload=\"auto\" controls=\"controls\"><source type=\"video\/mp4\" src=\"https:\/\/ubanews.com\/site\/wp-content\/uploads\/2020\/12\/01020002.00_00_53_25.mp4?_=1\" \/><a href=\"https:\/\/ubanews.com\/site\/wp-content\/uploads\/2020\/12\/01020002.00_00_53_25.mp4\">https:\/\/ubanews.com\/site\/wp-content\/uploads\/2020\/12\/01020002.00_00_53_25.mp4<\/a><\/video><\/div>\n<\/div>\n","protected":false},"excerpt":{"rendered":"<p>Em raz\u00e3o dos pontos facultativos estabelecidos pelo&nbsp;Decreto 6.721\/2022, informamos o<\/p>\n","protected":false},"author":2,"featured_media":16896,"comment_status":"open","ping_status":"open","sticky":false,"template":"","format":"standard","meta":{"footnotes":""},"categories":[15],"tags":[],"class_list":["post-21132","post","type-post","status-publish","format-standard","has-post-thumbnail","hentry","category-prefeitura-municipal"],"yoast_head":"<!-- This site is optimized with the Yoast SEO plugin v27.2 - https:\/\/yoast.com\/product\/yoast-seo-wordpress\/ -->\n<title>Funcionamento dos servi\u00e7os p\u00fablicos de\u00a028\/02 a 02\/03 - Ub\u00e1 News<\/title>\n<meta name=\"robots\" content=\"index, follow, max-snippet:-1, max-image-preview:large, max-video-preview:-1\" \/>\n<link rel=\"canonical\" href=\"https:\/\/ubanews.com\/site\/2022\/02\/24\/funcionamento-dos-servicos-publicos-de-28-02-a-02-03\/\" \/>\n<meta property=\"og:locale\" content=\"pt_BR\" \/>\n<meta property=\"og:type\" content=\"article\" \/>\n<meta property=\"og:title\" content=\"Funcionamento dos servi\u00e7os p\u00fablicos de\u00a028\/02 a 02\/03 - Ub\u00e1 News\" \/>\n<meta property=\"og:description\" content=\"Em raz\u00e3o dos pontos facultativos estabelecidos pelo&nbsp;Decreto 6.721\/2022, informamos o\" \/>\n<meta property=\"og:url\" content=\"https:\/\/ubanews.com\/site\/2022\/02\/24\/funcionamento-dos-servicos-publicos-de-28-02-a-02-03\/\" \/>\n<meta property=\"og:site_name\" content=\"Ub\u00e1 News\" \/>\n<meta property=\"article:publisher\" content=\"https:\/\/www.facebook.com\/Ub%c3%a1News-Carlos-Roberto-Sodr%c3%a9-418778301977370\" \/>\n<meta property=\"article:author\" content=\"https:\/\/www.facebook.com\/carosroberto.sodre.5\/\" \/>\n<meta property=\"article:published_time\" content=\"2022-02-24T19:45:32+00:00\" \/>\n<meta property=\"og:image\" content=\"https:\/\/ubanews.com\/site\/wp-content\/uploads\/2020\/05\/Prefeitura-1.jpg\" \/>\n\t<meta property=\"og:image:width\" content=\"3936\" \/>\n\t<meta property=\"og:image:height\" content=\"1924\" \/>\n\t<meta property=\"og:image:type\" content=\"image\/jpeg\" \/>\n<meta name=\"author\" content=\"Sodr\u00e9\" \/>\n<meta name=\"twitter:card\" content=\"summary_large_image\" \/>\n<meta name=\"twitter:label1\" content=\"Escrito por\" \/>\n\t<meta name=\"twitter:data1\" content=\"Sodr\u00e9\" \/>\n\t<meta name=\"twitter:label2\" content=\"Est. tempo de leitura\" \/>\n\t<meta name=\"twitter:data2\" content=\"1 minuto\" \/>\n<script type=\"application\/ld+json\" class=\"yoast-schema-graph\">{\"@context\":\"https:\/\/schema.org\",\"@graph\":[{\"@type\":\"Article\",\"@id\":\"https:\/\/ubanews.com\/site\/2022\/02\/24\/funcionamento-dos-servicos-publicos-de-28-02-a-02-03\/#article\",\"isPartOf\":{\"@id\":\"https:\/\/ubanews.com\/site\/2022\/02\/24\/funcionamento-dos-servicos-publicos-de-28-02-a-02-03\/\"},\"author\":{\"name\":\"Sodr\u00e9\",\"@id\":\"https:\/\/ubanews.com\/site\/#\/schema\/person\/d90c9e47252fbb63dcc969fe4c8b9d10\"},\"headline\":\"Funcionamento dos servi\u00e7os p\u00fablicos de\u00a028\/02 a 02\/03\",\"datePublished\":\"2022-02-24T19:45:32+00:00\",\"mainEntityOfPage\":{\"@id\":\"https:\/\/ubanews.com\/site\/2022\/02\/24\/funcionamento-dos-servicos-publicos-de-28-02-a-02-03\/\"},\"wordCount\":224,\"commentCount\":0,\"publisher\":{\"@id\":\"https:\/\/ubanews.com\/site\/#organization\"},\"image\":{\"@id\":\"https:\/\/ubanews.com\/site\/2022\/02\/24\/funcionamento-dos-servicos-publicos-de-28-02-a-02-03\/#primaryimage\"},\"thumbnailUrl\":\"https:\/\/ubanews.com\/site\/wp-content\/uploads\/2020\/05\/Prefeitura-1.jpg\",\"articleSection\":[\"Prefeitura Municipal\"],\"inLanguage\":\"pt-BR\",\"potentialAction\":[{\"@type\":\"CommentAction\",\"name\":\"Comment\",\"target\":[\"https:\/\/ubanews.com\/site\/2022\/02\/24\/funcionamento-dos-servicos-publicos-de-28-02-a-02-03\/#respond\"]}]},{\"@type\":\"WebPage\",\"@id\":\"https:\/\/ubanews.com\/site\/2022\/02\/24\/funcionamento-dos-servicos-publicos-de-28-02-a-02-03\/\",\"url\":\"https:\/\/ubanews.com\/site\/2022\/02\/24\/funcionamento-dos-servicos-publicos-de-28-02-a-02-03\/\",\"name\":\"Funcionamento dos servi\u00e7os p\u00fablicos de\u00a028\/02 a 02\/03 - Ub\u00e1 News\",\"isPartOf\":{\"@id\":\"https:\/\/ubanews.com\/site\/#website\"},\"primaryImageOfPage\":{\"@id\":\"https:\/\/ubanews.com\/site\/2022\/02\/24\/funcionamento-dos-servicos-publicos-de-28-02-a-02-03\/#primaryimage\"},\"image\":{\"@id\":\"https:\/\/ubanews.com\/site\/2022\/02\/24\/funcionamento-dos-servicos-publicos-de-28-02-a-02-03\/#primaryimage\"},\"thumbnailUrl\":\"https:\/\/ubanews.com\/site\/wp-content\/uploads\/2020\/05\/Prefeitura-1.jpg\",\"datePublished\":\"2022-02-24T19:45:32+00:00\",\"breadcrumb\":{\"@id\":\"https:\/\/ubanews.com\/site\/2022\/02\/24\/funcionamento-dos-servicos-publicos-de-28-02-a-02-03\/#breadcrumb\"},\"inLanguage\":\"pt-BR\",\"potentialAction\":[{\"@type\":\"ReadAction\",\"target\":[\"https:\/\/ubanews.com\/site\/2022\/02\/24\/funcionamento-dos-servicos-publicos-de-28-02-a-02-03\/\"]}]},{\"@type\":\"ImageObject\",\"inLanguage\":\"pt-BR\",\"@id\":\"https:\/\/ubanews.com\/site\/2022\/02\/24\/funcionamento-dos-servicos-publicos-de-28-02-a-02-03\/#primaryimage\",\"url\":\"https:\/\/ubanews.com\/site\/wp-content\/uploads\/2020\/05\/Prefeitura-1.jpg\",\"contentUrl\":\"https:\/\/ubanews.com\/site\/wp-content\/uploads\/2020\/05\/Prefeitura-1.jpg\",\"width\":3936,\"height\":1924},{\"@type\":\"BreadcrumbList\",\"@id\":\"https:\/\/ubanews.com\/site\/2022\/02\/24\/funcionamento-dos-servicos-publicos-de-28-02-a-02-03\/#breadcrumb\",\"itemListElement\":[{\"@type\":\"ListItem\",\"position\":1,\"name\":\"Home\",\"item\":\"https:\/\/ubanews.com\/site\/\"},{\"@type\":\"ListItem\",\"position\":2,\"name\":\"Funcionamento dos servi\u00e7os p\u00fablicos de\u00a028\/02 a 02\/03\"}]},{\"@type\":\"WebSite\",\"@id\":\"https:\/\/ubanews.com\/site\/#website\",\"url\":\"https:\/\/ubanews.com\/site\/\",\"name\":\"Ub\u00e1 News\",\"description\":\"\",\"publisher\":{\"@id\":\"https:\/\/ubanews.com\/site\/#organization\"},\"potentialAction\":[{\"@type\":\"SearchAction\",\"target\":{\"@type\":\"EntryPoint\",\"urlTemplate\":\"https:\/\/ubanews.com\/site\/?s={search_term_string}\"},\"query-input\":{\"@type\":\"PropertyValueSpecification\",\"valueRequired\":true,\"valueName\":\"search_term_string\"}}],\"inLanguage\":\"pt-BR\"},{\"@type\":\"Organization\",\"@id\":\"https:\/\/ubanews.com\/site\/#organization\",\"name\":\"Ub\u00e1 News\",\"url\":\"https:\/\/ubanews.com\/site\/\",\"logo\":{\"@type\":\"ImageObject\",\"inLanguage\":\"pt-BR\",\"@id\":\"https:\/\/ubanews.com\/site\/#\/schema\/logo\/image\/\",\"url\":\"https:\/\/ubanews.com\/site\/wp-content\/uploads\/2018\/01\/logoubanews.png\",\"contentUrl\":\"https:\/\/ubanews.com\/site\/wp-content\/uploads\/2018\/01\/logoubanews.png\",\"width\":261,\"height\":99,\"caption\":\"Ub\u00e1 News\"},\"image\":{\"@id\":\"https:\/\/ubanews.com\/site\/#\/schema\/logo\/image\/\"},\"sameAs\":[\"https:\/\/www.facebook.com\/Ub\u00e1News-Carlos-Roberto-Sodr\u00e9-418778301977370\"]},{\"@type\":\"Person\",\"@id\":\"https:\/\/ubanews.com\/site\/#\/schema\/person\/d90c9e47252fbb63dcc969fe4c8b9d10\",\"name\":\"Sodr\u00e9\",\"image\":{\"@type\":\"ImageObject\",\"inLanguage\":\"pt-BR\",\"@id\":\"https:\/\/secure.gravatar.com\/avatar\/5ba2793f0590b9dbfad3fdec4ee714485b3eef211c9b32ee53d414060454a56c?s=96&d=mm&r=g\",\"url\":\"https:\/\/secure.gravatar.com\/avatar\/5ba2793f0590b9dbfad3fdec4ee714485b3eef211c9b32ee53d414060454a56c?s=96&d=mm&r=g\",\"contentUrl\":\"https:\/\/secure.gravatar.com\/avatar\/5ba2793f0590b9dbfad3fdec4ee714485b3eef211c9b32ee53d414060454a56c?s=96&d=mm&r=g\",\"caption\":\"Sodr\u00e9\"},\"sameAs\":[\"https:\/\/www.facebook.com\/carosroberto.sodre.5\/\"],\"url\":\"https:\/\/ubanews.com\/site\/author\/felipe\/\"}]}<\/script>\n<!-- \/ Yoast SEO plugin. -->","yoast_head_json":{"title":"Funcionamento dos servi\u00e7os p\u00fablicos de\u00a028\/02 a 02\/03 - Ub\u00e1 News","robots":{"index":"index","follow":"follow","max-snippet":"max-snippet:-1","max-image-preview":"max-image-preview:large","max-video-preview":"max-video-preview:-1"},"canonical":"https:\/\/ubanews.com\/site\/2022\/02\/24\/funcionamento-dos-servicos-publicos-de-28-02-a-02-03\/","og_locale":"pt_BR","og_type":"article","og_title":"Funcionamento dos servi\u00e7os p\u00fablicos de\u00a028\/02 a 02\/03 - Ub\u00e1 News","og_description":"Em raz\u00e3o dos pontos facultativos estabelecidos pelo&nbsp;Decreto 6.721\/2022, informamos o","og_url":"https:\/\/ubanews.com\/site\/2022\/02\/24\/funcionamento-dos-servicos-publicos-de-28-02-a-02-03\/","og_site_name":"Ub\u00e1 News","article_publisher":"https:\/\/www.facebook.com\/Ub%c3%a1News-Carlos-Roberto-Sodr%c3%a9-418778301977370","article_author":"https:\/\/www.facebook.com\/carosroberto.sodre.5\/","article_published_time":"2022-02-24T19:45:32+00:00","og_image":[{"width":3936,"height":1924,"url":"https:\/\/ubanews.com\/site\/wp-content\/uploads\/2020\/05\/Prefeitura-1.jpg","type":"image\/jpeg"}],"author":"Sodr\u00e9","twitter_card":"summary_large_image","twitter_misc":{"Escrito por":"Sodr\u00e9","Est. tempo de leitura":"1 minuto"},"schema":{"@context":"https:\/\/schema.org","@graph":[{"@type":"Article","@id":"https:\/\/ubanews.com\/site\/2022\/02\/24\/funcionamento-dos-servicos-publicos-de-28-02-a-02-03\/#article","isPartOf":{"@id":"https:\/\/ubanews.com\/site\/2022\/02\/24\/funcionamento-dos-servicos-publicos-de-28-02-a-02-03\/"},"author":{"name":"Sodr\u00e9","@id":"https:\/\/ubanews.com\/site\/#\/schema\/person\/d90c9e47252fbb63dcc969fe4c8b9d10"},"headline":"Funcionamento dos servi\u00e7os p\u00fablicos de\u00a028\/02 a 02\/03","datePublished":"2022-02-24T19:45:32+00:00","mainEntityOfPage":{"@id":"https:\/\/ubanews.com\/site\/2022\/02\/24\/funcionamento-dos-servicos-publicos-de-28-02-a-02-03\/"},"wordCount":224,"commentCount":0,"publisher":{"@id":"https:\/\/ubanews.com\/site\/#organization"},"image":{"@id":"https:\/\/ubanews.com\/site\/2022\/02\/24\/funcionamento-dos-servicos-publicos-de-28-02-a-02-03\/#primaryimage"},"thumbnailUrl":"https:\/\/ubanews.com\/site\/wp-content\/uploads\/2020\/05\/Prefeitura-1.jpg","articleSection":["Prefeitura Municipal"],"inLanguage":"pt-BR","potentialAction":[{"@type":"CommentAction","name":"Comment","target":["https:\/\/ubanews.com\/site\/2022\/02\/24\/funcionamento-dos-servicos-publicos-de-28-02-a-02-03\/#respond"]}]},{"@type":"WebPage","@id":"https:\/\/ubanews.com\/site\/2022\/02\/24\/funcionamento-dos-servicos-publicos-de-28-02-a-02-03\/","url":"https:\/\/ubanews.com\/site\/2022\/02\/24\/funcionamento-dos-servicos-publicos-de-28-02-a-02-03\/","name":"Funcionamento dos servi\u00e7os p\u00fablicos de\u00a028\/02 a 02\/03 - Ub\u00e1 News","isPartOf":{"@id":"https:\/\/ubanews.com\/site\/#website"},"primaryImageOfPage":{"@id":"https:\/\/ubanews.com\/site\/2022\/02\/24\/funcionamento-dos-servicos-publicos-de-28-02-a-02-03\/#primaryimage"},"image":{"@id":"https:\/\/ubanews.com\/site\/2022\/02\/24\/funcionamento-dos-servicos-publicos-de-28-02-a-02-03\/#primaryimage"},"thumbnailUrl":"https:\/\/ubanews.com\/site\/wp-content\/uploads\/2020\/05\/Prefeitura-1.jpg","datePublished":"2022-02-24T19:45:32+00:00","breadcrumb":{"@id":"https:\/\/ubanews.com\/site\/2022\/02\/24\/funcionamento-dos-servicos-publicos-de-28-02-a-02-03\/#breadcrumb"},"inLanguage":"pt-BR","potentialAction":[{"@type":"ReadAction","target":["https:\/\/ubanews.com\/site\/2022\/02\/24\/funcionamento-dos-servicos-publicos-de-28-02-a-02-03\/"]}]},{"@type":"ImageObject","inLanguage":"pt-BR","@id":"https:\/\/ubanews.com\/site\/2022\/02\/24\/funcionamento-dos-servicos-publicos-de-28-02-a-02-03\/#primaryimage","url":"https:\/\/ubanews.com\/site\/wp-content\/uploads\/2020\/05\/Prefeitura-1.jpg","contentUrl":"https:\/\/ubanews.com\/site\/wp-content\/uploads\/2020\/05\/Prefeitura-1.jpg","width":3936,"height":1924},{"@type":"BreadcrumbList","@id":"https:\/\/ubanews.com\/site\/2022\/02\/24\/funcionamento-dos-servicos-publicos-de-28-02-a-02-03\/#breadcrumb","itemListElement":[{"@type":"ListItem","position":1,"name":"Home","item":"https:\/\/ubanews.com\/site\/"},{"@type":"ListItem","position":2,"name":"Funcionamento dos servi\u00e7os p\u00fablicos de\u00a028\/02 a 02\/03"}]},{"@type":"WebSite","@id":"https:\/\/ubanews.com\/site\/#website","url":"https:\/\/ubanews.com\/site\/","name":"Ub\u00e1 News","description":"","publisher":{"@id":"https:\/\/ubanews.com\/site\/#organization"},"potentialAction":[{"@type":"SearchAction","target":{"@type":"EntryPoint","urlTemplate":"https:\/\/ubanews.com\/site\/?s={search_term_string}"},"query-input":{"@type":"PropertyValueSpecification","valueRequired":true,"valueName":"search_term_string"}}],"inLanguage":"pt-BR"},{"@type":"Organization","@id":"https:\/\/ubanews.com\/site\/#organization","name":"Ub\u00e1 News","url":"https:\/\/ubanews.com\/site\/","logo":{"@type":"ImageObject","inLanguage":"pt-BR","@id":"https:\/\/ubanews.com\/site\/#\/schema\/logo\/image\/","url":"https:\/\/ubanews.com\/site\/wp-content\/uploads\/2018\/01\/logoubanews.png","contentUrl":"https:\/\/ubanews.com\/site\/wp-content\/uploads\/2018\/01\/logoubanews.png","width":261,"height":99,"caption":"Ub\u00e1 News"},"image":{"@id":"https:\/\/ubanews.com\/site\/#\/schema\/logo\/image\/"},"sameAs":["https:\/\/www.facebook.com\/Ub\u00e1News-Carlos-Roberto-Sodr\u00e9-418778301977370"]},{"@type":"Person","@id":"https:\/\/ubanews.com\/site\/#\/schema\/person\/d90c9e47252fbb63dcc969fe4c8b9d10","name":"Sodr\u00e9","image":{"@type":"ImageObject","inLanguage":"pt-BR","@id":"https:\/\/secure.gravatar.com\/avatar\/5ba2793f0590b9dbfad3fdec4ee714485b3eef211c9b32ee53d414060454a56c?s=96&d=mm&r=g","url":"https:\/\/secure.gravatar.com\/avatar\/5ba2793f0590b9dbfad3fdec4ee714485b3eef211c9b32ee53d414060454a56c?s=96&d=mm&r=g","contentUrl":"https:\/\/secure.gravatar.com\/avatar\/5ba2793f0590b9dbfad3fdec4ee714485b3eef211c9b32ee53d414060454a56c?s=96&d=mm&r=g","caption":"Sodr\u00e9"},"sameAs":["https:\/\/www.facebook.com\/carosroberto.sodre.5\/"],"url":"https:\/\/ubanews.com\/site\/author\/felipe\/"}]}},"_links":{"self":[{"href":"https:\/\/ubanews.com\/site\/wp-json\/wp\/v2\/posts\/21132","targetHints":{"allow":["GET"]}}],"collection":[{"href":"https:\/\/ubanews.com\/site\/wp-json\/wp\/v2\/posts"}],"about":[{"href":"https:\/\/ubanews.com\/site\/wp-json\/wp\/v2\/types\/post"}],"author":[{"embeddable":true,"href":"https:\/\/ubanews.com\/site\/wp-json\/wp\/v2\/users\/2"}],"replies":[{"embeddable":true,"href":"https:\/\/ubanews.com\/site\/wp-json\/wp\/v2\/comments?post=21132"}],"version-history":[{"count":0,"href":"https:\/\/ubanews.com\/site\/wp-json\/wp\/v2\/posts\/21132\/revisions"}],"wp:featuredmedia":[{"embeddable":true,"href":"https:\/\/ubanews.com\/site\/wp-json\/wp\/v2\/media\/16896"}],"wp:attachment":[{"href":"https:\/\/ubanews.com\/site\/wp-json\/wp\/v2\/media?parent=21132"}],"wp:term":[{"taxonomy":"category","embeddable":true,"href":"https:\/\/ubanews.com\/site\/wp-json\/wp\/v2\/categories?post=21132"},{"taxonomy":"post_tag","embeddable":true,"href":"https:\/\/ubanews.com\/site\/wp-json\/wp\/v2\/tags?post=21132"}],"curies":[{"name":"wp","href":"https:\/\/api.w.org\/{rel}","templated":true}]}}