{"id":21124,"date":"2022-02-01T19:25:03","date_gmt":"2022-02-01T22:25:03","guid":{"rendered":"http:\/\/ubanews.com\/site\/?p=21124"},"modified":"2022-02-01T19:25:03","modified_gmt":"2022-02-01T22:25:03","slug":"uba-policia-militar-prende-autor-de-furto","status":"publish","type":"post","link":"https:\/\/ubanews.com\/site\/2022\/02\/01\/uba-policia-militar-prende-autor-de-furto\/","title":{"rendered":"UB\u00c1: POL\u00cdCIA MILITAR PRENDE AUTOR DE FURTO"},"content":{"rendered":"<p>31\/01\/2022<\/p>\n<p>UB\u00c1 \u2013 R. Jos\u00e9 Teixeira de Abreu<\/p>\n<p>A Pol\u00edcia Militar compareceu \u00e0 Rua Jose Teixeira de Abreu no bairro Industrial, onde uma v\u00edtima relatou que ao chegar em casa foi informada por sua esposa que sua casa teria sido arrombada e sendo furtada uma bicicleta com cadeirinha de crian\u00e7a, atrav\u00e9s das c\u00e2meras de vigil\u00e2ncia no local, foi poss\u00edvel a identifica\u00e7\u00e3o do autor.<\/p>\n<div id=\"metaslider-id-17652\" style=\"max-width: 1000px;\" class=\"ml-slider-3-106-0 metaslider metaslider-nivo metaslider-17652 ml-slider ms-theme-outline\" role=\"region\" aria-label=\"Texto\" data-height=\"200\" data-width=\"1000\">\n    <div id=\"metaslider_container_17652\">\n        <div class='slider-wrapper theme-default'><div class='ribbon'><\/div><div id='metaslider_17652' class='nivoSlider'><\/div><\/div>\n        \n    <\/div>\n<\/div>\n<p>Durante dilig\u00eancias o autor foi encontrado e ao ser indagado sobre o furto, este confirmou ser o autor, e que teria pulado o muro da resid\u00eancia, adentrado a casa e logo apos teria sa\u00eddo pelo port\u00e3o da garagem de posse de uma bicicleta.<\/p>\n<p>O autor, um homem de 37 anos, foi preso e conduzido \u00e0 Delegacia&nbsp; juntamente com o material recuperado.<\/p>\n<p><strong>ASSESSORIA DE COMUNICA\u00c7\u00c3O ORGANIZACIONAL<\/strong><br \/>\n<strong>Vig\u00e9simo Primeiro Batalh\u00e3o de Pol\u00edcia Militar<\/strong><\/p>\n<div style=\"width: 840px;\" class=\"wp-video\"><video class=\"wp-video-shortcode\" id=\"video-21124-1\" width=\"840\" height=\"473\" autoplay preload=\"auto\" controls=\"controls\"><source type=\"video\/mp4\" src=\"https:\/\/ubanews.com\/site\/wp-content\/uploads\/2020\/12\/01020002.00_00_53_25.mp4?_=1\" \/><a href=\"https:\/\/ubanews.com\/site\/wp-content\/uploads\/2020\/12\/01020002.00_00_53_25.mp4\">https:\/\/ubanews.com\/site\/wp-content\/uploads\/2020\/12\/01020002.00_00_53_25.mp4<\/a><\/video><\/div>\n","protected":false},"excerpt":{"rendered":"<p>31\/01\/2022 UB\u00c1 \u2013 R. Jos\u00e9 Teixeira de Abreu A Pol\u00edcia<\/p>\n","protected":false},"author":2,"featured_media":11173,"comment_status":"open","ping_status":"open","sticky":false,"template":"","format":"standard","meta":{"footnotes":""},"categories":[13],"tags":[],"class_list":["post-21124","post","type-post","status-publish","format-standard","has-post-thumbnail","hentry","category-sintese-das-ocorrencias"],"yoast_head":"<!-- This site is optimized with the Yoast SEO plugin v27.2 - https:\/\/yoast.com\/product\/yoast-seo-wordpress\/ -->\n<title>UB\u00c1: POL\u00cdCIA MILITAR PRENDE AUTOR DE FURTO - Ub\u00e1 News<\/title>\n<meta name=\"robots\" content=\"index, follow, max-snippet:-1, max-image-preview:large, max-video-preview:-1\" \/>\n<link rel=\"canonical\" href=\"https:\/\/ubanews.com\/site\/2022\/02\/01\/uba-policia-militar-prende-autor-de-furto\/\" \/>\n<meta property=\"og:locale\" content=\"pt_BR\" \/>\n<meta property=\"og:type\" content=\"article\" \/>\n<meta property=\"og:title\" content=\"UB\u00c1: POL\u00cdCIA MILITAR PRENDE AUTOR DE FURTO - Ub\u00e1 News\" \/>\n<meta property=\"og:description\" content=\"31\/01\/2022 UB\u00c1 \u2013 R. Jos\u00e9 Teixeira de Abreu A Pol\u00edcia\" \/>\n<meta property=\"og:url\" content=\"https:\/\/ubanews.com\/site\/2022\/02\/01\/uba-policia-militar-prende-autor-de-furto\/\" \/>\n<meta property=\"og:site_name\" content=\"Ub\u00e1 News\" \/>\n<meta property=\"article:publisher\" content=\"https:\/\/www.facebook.com\/Ub%c3%a1News-Carlos-Roberto-Sodr%c3%a9-418778301977370\" \/>\n<meta property=\"article:author\" content=\"https:\/\/www.facebook.com\/carosroberto.sodre.5\/\" \/>\n<meta property=\"article:published_time\" content=\"2022-02-01T22:25:03+00:00\" \/>\n<meta property=\"og:image\" content=\"https:\/\/ubanews.com\/site\/wp-content\/uploads\/2019\/04\/Algemado-3.jpg\" \/>\n\t<meta property=\"og:image:width\" content=\"800\" \/>\n\t<meta property=\"og:image:height\" content=\"389\" \/>\n\t<meta property=\"og:image:type\" content=\"image\/jpeg\" \/>\n<meta name=\"author\" content=\"Sodr\u00e9\" \/>\n<meta name=\"twitter:card\" content=\"summary_large_image\" \/>\n<meta name=\"twitter:label1\" content=\"Escrito por\" \/>\n\t<meta name=\"twitter:data1\" content=\"Sodr\u00e9\" \/>\n\t<meta name=\"twitter:label2\" content=\"Est. tempo de leitura\" \/>\n\t<meta name=\"twitter:data2\" content=\"1 minuto\" \/>\n<script type=\"application\/ld+json\" class=\"yoast-schema-graph\">{\"@context\":\"https:\/\/schema.org\",\"@graph\":[{\"@type\":\"Article\",\"@id\":\"https:\/\/ubanews.com\/site\/2022\/02\/01\/uba-policia-militar-prende-autor-de-furto\/#article\",\"isPartOf\":{\"@id\":\"https:\/\/ubanews.com\/site\/2022\/02\/01\/uba-policia-militar-prende-autor-de-furto\/\"},\"author\":{\"name\":\"Sodr\u00e9\",\"@id\":\"https:\/\/ubanews.com\/site\/#\/schema\/person\/d90c9e47252fbb63dcc969fe4c8b9d10\"},\"headline\":\"UB\u00c1: POL\u00cdCIA MILITAR PRENDE AUTOR DE FURTO\",\"datePublished\":\"2022-02-01T22:25:03+00:00\",\"mainEntityOfPage\":{\"@id\":\"https:\/\/ubanews.com\/site\/2022\/02\/01\/uba-policia-militar-prende-autor-de-furto\/\"},\"wordCount\":172,\"commentCount\":0,\"publisher\":{\"@id\":\"https:\/\/ubanews.com\/site\/#organization\"},\"image\":{\"@id\":\"https:\/\/ubanews.com\/site\/2022\/02\/01\/uba-policia-militar-prende-autor-de-furto\/#primaryimage\"},\"thumbnailUrl\":\"https:\/\/ubanews.com\/site\/wp-content\/uploads\/2019\/04\/Algemado-3.jpg\",\"articleSection\":[\"S\u00edntese das Ocorr\u00eancias\"],\"inLanguage\":\"pt-BR\",\"potentialAction\":[{\"@type\":\"CommentAction\",\"name\":\"Comment\",\"target\":[\"https:\/\/ubanews.com\/site\/2022\/02\/01\/uba-policia-militar-prende-autor-de-furto\/#respond\"]}]},{\"@type\":\"WebPage\",\"@id\":\"https:\/\/ubanews.com\/site\/2022\/02\/01\/uba-policia-militar-prende-autor-de-furto\/\",\"url\":\"https:\/\/ubanews.com\/site\/2022\/02\/01\/uba-policia-militar-prende-autor-de-furto\/\",\"name\":\"UB\u00c1: POL\u00cdCIA MILITAR PRENDE AUTOR DE FURTO - Ub\u00e1 News\",\"isPartOf\":{\"@id\":\"https:\/\/ubanews.com\/site\/#website\"},\"primaryImageOfPage\":{\"@id\":\"https:\/\/ubanews.com\/site\/2022\/02\/01\/uba-policia-militar-prende-autor-de-furto\/#primaryimage\"},\"image\":{\"@id\":\"https:\/\/ubanews.com\/site\/2022\/02\/01\/uba-policia-militar-prende-autor-de-furto\/#primaryimage\"},\"thumbnailUrl\":\"https:\/\/ubanews.com\/site\/wp-content\/uploads\/2019\/04\/Algemado-3.jpg\",\"datePublished\":\"2022-02-01T22:25:03+00:00\",\"breadcrumb\":{\"@id\":\"https:\/\/ubanews.com\/site\/2022\/02\/01\/uba-policia-militar-prende-autor-de-furto\/#breadcrumb\"},\"inLanguage\":\"pt-BR\",\"potentialAction\":[{\"@type\":\"ReadAction\",\"target\":[\"https:\/\/ubanews.com\/site\/2022\/02\/01\/uba-policia-militar-prende-autor-de-furto\/\"]}]},{\"@type\":\"ImageObject\",\"inLanguage\":\"pt-BR\",\"@id\":\"https:\/\/ubanews.com\/site\/2022\/02\/01\/uba-policia-militar-prende-autor-de-furto\/#primaryimage\",\"url\":\"https:\/\/ubanews.com\/site\/wp-content\/uploads\/2019\/04\/Algemado-3.jpg\",\"contentUrl\":\"https:\/\/ubanews.com\/site\/wp-content\/uploads\/2019\/04\/Algemado-3.jpg\",\"width\":800,\"height\":389,\"caption\":\"Red light flasher atop of a police car. City lights on the background.\"},{\"@type\":\"BreadcrumbList\",\"@id\":\"https:\/\/ubanews.com\/site\/2022\/02\/01\/uba-policia-militar-prende-autor-de-furto\/#breadcrumb\",\"itemListElement\":[{\"@type\":\"ListItem\",\"position\":1,\"name\":\"Home\",\"item\":\"https:\/\/ubanews.com\/site\/\"},{\"@type\":\"ListItem\",\"position\":2,\"name\":\"UB\u00c1: POL\u00cdCIA MILITAR PRENDE AUTOR DE FURTO\"}]},{\"@type\":\"WebSite\",\"@id\":\"https:\/\/ubanews.com\/site\/#website\",\"url\":\"https:\/\/ubanews.com\/site\/\",\"name\":\"Ub\u00e1 News\",\"description\":\"\",\"publisher\":{\"@id\":\"https:\/\/ubanews.com\/site\/#organization\"},\"potentialAction\":[{\"@type\":\"SearchAction\",\"target\":{\"@type\":\"EntryPoint\",\"urlTemplate\":\"https:\/\/ubanews.com\/site\/?s={search_term_string}\"},\"query-input\":{\"@type\":\"PropertyValueSpecification\",\"valueRequired\":true,\"valueName\":\"search_term_string\"}}],\"inLanguage\":\"pt-BR\"},{\"@type\":\"Organization\",\"@id\":\"https:\/\/ubanews.com\/site\/#organization\",\"name\":\"Ub\u00e1 News\",\"url\":\"https:\/\/ubanews.com\/site\/\",\"logo\":{\"@type\":\"ImageObject\",\"inLanguage\":\"pt-BR\",\"@id\":\"https:\/\/ubanews.com\/site\/#\/schema\/logo\/image\/\",\"url\":\"https:\/\/ubanews.com\/site\/wp-content\/uploads\/2018\/01\/logoubanews.png\",\"contentUrl\":\"https:\/\/ubanews.com\/site\/wp-content\/uploads\/2018\/01\/logoubanews.png\",\"width\":261,\"height\":99,\"caption\":\"Ub\u00e1 News\"},\"image\":{\"@id\":\"https:\/\/ubanews.com\/site\/#\/schema\/logo\/image\/\"},\"sameAs\":[\"https:\/\/www.facebook.com\/Ub\u00e1News-Carlos-Roberto-Sodr\u00e9-418778301977370\"]},{\"@type\":\"Person\",\"@id\":\"https:\/\/ubanews.com\/site\/#\/schema\/person\/d90c9e47252fbb63dcc969fe4c8b9d10\",\"name\":\"Sodr\u00e9\",\"image\":{\"@type\":\"ImageObject\",\"inLanguage\":\"pt-BR\",\"@id\":\"https:\/\/secure.gravatar.com\/avatar\/5ba2793f0590b9dbfad3fdec4ee714485b3eef211c9b32ee53d414060454a56c?s=96&d=mm&r=g\",\"url\":\"https:\/\/secure.gravatar.com\/avatar\/5ba2793f0590b9dbfad3fdec4ee714485b3eef211c9b32ee53d414060454a56c?s=96&d=mm&r=g\",\"contentUrl\":\"https:\/\/secure.gravatar.com\/avatar\/5ba2793f0590b9dbfad3fdec4ee714485b3eef211c9b32ee53d414060454a56c?s=96&d=mm&r=g\",\"caption\":\"Sodr\u00e9\"},\"sameAs\":[\"https:\/\/www.facebook.com\/carosroberto.sodre.5\/\"],\"url\":\"https:\/\/ubanews.com\/site\/author\/felipe\/\"}]}<\/script>\n<!-- \/ Yoast SEO plugin. -->","yoast_head_json":{"title":"UB\u00c1: POL\u00cdCIA MILITAR PRENDE AUTOR DE FURTO - Ub\u00e1 News","robots":{"index":"index","follow":"follow","max-snippet":"max-snippet:-1","max-image-preview":"max-image-preview:large","max-video-preview":"max-video-preview:-1"},"canonical":"https:\/\/ubanews.com\/site\/2022\/02\/01\/uba-policia-militar-prende-autor-de-furto\/","og_locale":"pt_BR","og_type":"article","og_title":"UB\u00c1: POL\u00cdCIA MILITAR PRENDE AUTOR DE FURTO - Ub\u00e1 News","og_description":"31\/01\/2022 UB\u00c1 \u2013 R. Jos\u00e9 Teixeira de Abreu A Pol\u00edcia","og_url":"https:\/\/ubanews.com\/site\/2022\/02\/01\/uba-policia-militar-prende-autor-de-furto\/","og_site_name":"Ub\u00e1 News","article_publisher":"https:\/\/www.facebook.com\/Ub%c3%a1News-Carlos-Roberto-Sodr%c3%a9-418778301977370","article_author":"https:\/\/www.facebook.com\/carosroberto.sodre.5\/","article_published_time":"2022-02-01T22:25:03+00:00","og_image":[{"width":800,"height":389,"url":"https:\/\/ubanews.com\/site\/wp-content\/uploads\/2019\/04\/Algemado-3.jpg","type":"image\/jpeg"}],"author":"Sodr\u00e9","twitter_card":"summary_large_image","twitter_misc":{"Escrito por":"Sodr\u00e9","Est. tempo de leitura":"1 minuto"},"schema":{"@context":"https:\/\/schema.org","@graph":[{"@type":"Article","@id":"https:\/\/ubanews.com\/site\/2022\/02\/01\/uba-policia-militar-prende-autor-de-furto\/#article","isPartOf":{"@id":"https:\/\/ubanews.com\/site\/2022\/02\/01\/uba-policia-militar-prende-autor-de-furto\/"},"author":{"name":"Sodr\u00e9","@id":"https:\/\/ubanews.com\/site\/#\/schema\/person\/d90c9e47252fbb63dcc969fe4c8b9d10"},"headline":"UB\u00c1: POL\u00cdCIA MILITAR PRENDE AUTOR DE FURTO","datePublished":"2022-02-01T22:25:03+00:00","mainEntityOfPage":{"@id":"https:\/\/ubanews.com\/site\/2022\/02\/01\/uba-policia-militar-prende-autor-de-furto\/"},"wordCount":172,"commentCount":0,"publisher":{"@id":"https:\/\/ubanews.com\/site\/#organization"},"image":{"@id":"https:\/\/ubanews.com\/site\/2022\/02\/01\/uba-policia-militar-prende-autor-de-furto\/#primaryimage"},"thumbnailUrl":"https:\/\/ubanews.com\/site\/wp-content\/uploads\/2019\/04\/Algemado-3.jpg","articleSection":["S\u00edntese das Ocorr\u00eancias"],"inLanguage":"pt-BR","potentialAction":[{"@type":"CommentAction","name":"Comment","target":["https:\/\/ubanews.com\/site\/2022\/02\/01\/uba-policia-militar-prende-autor-de-furto\/#respond"]}]},{"@type":"WebPage","@id":"https:\/\/ubanews.com\/site\/2022\/02\/01\/uba-policia-militar-prende-autor-de-furto\/","url":"https:\/\/ubanews.com\/site\/2022\/02\/01\/uba-policia-militar-prende-autor-de-furto\/","name":"UB\u00c1: POL\u00cdCIA MILITAR PRENDE AUTOR DE FURTO - Ub\u00e1 News","isPartOf":{"@id":"https:\/\/ubanews.com\/site\/#website"},"primaryImageOfPage":{"@id":"https:\/\/ubanews.com\/site\/2022\/02\/01\/uba-policia-militar-prende-autor-de-furto\/#primaryimage"},"image":{"@id":"https:\/\/ubanews.com\/site\/2022\/02\/01\/uba-policia-militar-prende-autor-de-furto\/#primaryimage"},"thumbnailUrl":"https:\/\/ubanews.com\/site\/wp-content\/uploads\/2019\/04\/Algemado-3.jpg","datePublished":"2022-02-01T22:25:03+00:00","breadcrumb":{"@id":"https:\/\/ubanews.com\/site\/2022\/02\/01\/uba-policia-militar-prende-autor-de-furto\/#breadcrumb"},"inLanguage":"pt-BR","potentialAction":[{"@type":"ReadAction","target":["https:\/\/ubanews.com\/site\/2022\/02\/01\/uba-policia-militar-prende-autor-de-furto\/"]}]},{"@type":"ImageObject","inLanguage":"pt-BR","@id":"https:\/\/ubanews.com\/site\/2022\/02\/01\/uba-policia-militar-prende-autor-de-furto\/#primaryimage","url":"https:\/\/ubanews.com\/site\/wp-content\/uploads\/2019\/04\/Algemado-3.jpg","contentUrl":"https:\/\/ubanews.com\/site\/wp-content\/uploads\/2019\/04\/Algemado-3.jpg","width":800,"height":389,"caption":"Red light flasher atop of a police car. City lights on the background."},{"@type":"BreadcrumbList","@id":"https:\/\/ubanews.com\/site\/2022\/02\/01\/uba-policia-militar-prende-autor-de-furto\/#breadcrumb","itemListElement":[{"@type":"ListItem","position":1,"name":"Home","item":"https:\/\/ubanews.com\/site\/"},{"@type":"ListItem","position":2,"name":"UB\u00c1: POL\u00cdCIA MILITAR PRENDE AUTOR DE FURTO"}]},{"@type":"WebSite","@id":"https:\/\/ubanews.com\/site\/#website","url":"https:\/\/ubanews.com\/site\/","name":"Ub\u00e1 News","description":"","publisher":{"@id":"https:\/\/ubanews.com\/site\/#organization"},"potentialAction":[{"@type":"SearchAction","target":{"@type":"EntryPoint","urlTemplate":"https:\/\/ubanews.com\/site\/?s={search_term_string}"},"query-input":{"@type":"PropertyValueSpecification","valueRequired":true,"valueName":"search_term_string"}}],"inLanguage":"pt-BR"},{"@type":"Organization","@id":"https:\/\/ubanews.com\/site\/#organization","name":"Ub\u00e1 News","url":"https:\/\/ubanews.com\/site\/","logo":{"@type":"ImageObject","inLanguage":"pt-BR","@id":"https:\/\/ubanews.com\/site\/#\/schema\/logo\/image\/","url":"https:\/\/ubanews.com\/site\/wp-content\/uploads\/2018\/01\/logoubanews.png","contentUrl":"https:\/\/ubanews.com\/site\/wp-content\/uploads\/2018\/01\/logoubanews.png","width":261,"height":99,"caption":"Ub\u00e1 News"},"image":{"@id":"https:\/\/ubanews.com\/site\/#\/schema\/logo\/image\/"},"sameAs":["https:\/\/www.facebook.com\/Ub\u00e1News-Carlos-Roberto-Sodr\u00e9-418778301977370"]},{"@type":"Person","@id":"https:\/\/ubanews.com\/site\/#\/schema\/person\/d90c9e47252fbb63dcc969fe4c8b9d10","name":"Sodr\u00e9","image":{"@type":"ImageObject","inLanguage":"pt-BR","@id":"https:\/\/secure.gravatar.com\/avatar\/5ba2793f0590b9dbfad3fdec4ee714485b3eef211c9b32ee53d414060454a56c?s=96&d=mm&r=g","url":"https:\/\/secure.gravatar.com\/avatar\/5ba2793f0590b9dbfad3fdec4ee714485b3eef211c9b32ee53d414060454a56c?s=96&d=mm&r=g","contentUrl":"https:\/\/secure.gravatar.com\/avatar\/5ba2793f0590b9dbfad3fdec4ee714485b3eef211c9b32ee53d414060454a56c?s=96&d=mm&r=g","caption":"Sodr\u00e9"},"sameAs":["https:\/\/www.facebook.com\/carosroberto.sodre.5\/"],"url":"https:\/\/ubanews.com\/site\/author\/felipe\/"}]}},"_links":{"self":[{"href":"https:\/\/ubanews.com\/site\/wp-json\/wp\/v2\/posts\/21124","targetHints":{"allow":["GET"]}}],"collection":[{"href":"https:\/\/ubanews.com\/site\/wp-json\/wp\/v2\/posts"}],"about":[{"href":"https:\/\/ubanews.com\/site\/wp-json\/wp\/v2\/types\/post"}],"author":[{"embeddable":true,"href":"https:\/\/ubanews.com\/site\/wp-json\/wp\/v2\/users\/2"}],"replies":[{"embeddable":true,"href":"https:\/\/ubanews.com\/site\/wp-json\/wp\/v2\/comments?post=21124"}],"version-history":[{"count":0,"href":"https:\/\/ubanews.com\/site\/wp-json\/wp\/v2\/posts\/21124\/revisions"}],"wp:featuredmedia":[{"embeddable":true,"href":"https:\/\/ubanews.com\/site\/wp-json\/wp\/v2\/media\/11173"}],"wp:attachment":[{"href":"https:\/\/ubanews.com\/site\/wp-json\/wp\/v2\/media?parent=21124"}],"wp:term":[{"taxonomy":"category","embeddable":true,"href":"https:\/\/ubanews.com\/site\/wp-json\/wp\/v2\/categories?post=21124"},{"taxonomy":"post_tag","embeddable":true,"href":"https:\/\/ubanews.com\/site\/wp-json\/wp\/v2\/tags?post=21124"}],"curies":[{"name":"wp","href":"https:\/\/api.w.org\/{rel}","templated":true}]}}