{"id":21100,"date":"2022-01-12T19:52:51","date_gmt":"2022-01-12T22:52:51","guid":{"rendered":"http:\/\/ubanews.com\/site\/?p=21100"},"modified":"2022-01-12T19:53:17","modified_gmt":"2022-01-12T22:53:17","slug":"21100","status":"publish","type":"post","link":"https:\/\/ubanews.com\/site\/2022\/01\/12\/21100\/","title":{"rendered":"Inscreva-se no #VemPraMinas #VemPraUb\u00e1"},"content":{"rendered":"<div>\n<p><span style=\"font-family: arial, sans-serif;\">J\u00e1 est\u00e3o abertas as inscri\u00e7\u00f5es para o #VemPraMinas #VemPraUb\u00e1. O evento, que busca fomentar a cadeia produtiva da ind\u00fastria local, por meio da atra\u00e7\u00e3o de novos fornecedores, al\u00e9m de estimular novas oportunidades de neg\u00f3cios,&nbsp;<u><a href=\"https:\/\/www.uba.mg.gov.br\/detalhe-da-materia\/info\/vempraminasvemprauba-acontece-em-janeiro-visando-atracao-de-investimentos\/185335\" target=\"_blank\" rel=\"noopener noreferrer\" data-saferedirecturl=\"https:\/\/www.google.com\/url?q=https:\/\/www.uba.mg.gov.br\/detalhe-da-materia\/info\/vempraminasvemprauba-acontece-em-janeiro-visando-atracao-de-investimentos\/185335&amp;source=gmail&amp;ust=1642113276136000&amp;usg=AOvVaw3r4gffLZJ2UVwwwG9tOWHg\">acontece nos dias 26 e 27 de janeiro<\/a><\/u>.&nbsp;<\/span><span style=\"font-family: arial, sans-serif;\">Para o dia 26, foram convidados fornecedores do Polo Moveleiro indicados por empresas locais. O objetivo \u00e9 apresentar os diferenciais competitivos oferecidos pelo Estado de Minas Gerais e pelo Munic\u00edpio, reconhecido como &#8220;Capital Estadual da Ind\u00fastria Moveleira&#8221;,&nbsp;para a instala\u00e7\u00e3o de empresas. Al\u00e9m de t\u00e9cnicos da Prefeitura, participar\u00e3o tamb\u00e9m representantes das Secretarias de Estado de Desenvolvimento Econ\u00f4mico e de Fazenda, do Invest Minas (Ag\u00eancia de Promo\u00e7\u00e3o de Investimento e Com\u00e9rcio Exterior de Minas Gerais) e Intersind, al\u00e9m de empresas que instalaram-se em Ub\u00e1 recentemente. Interessados em participar podem enviar email para&nbsp;<a href=\"mailto:vempraminasvemprauba@uba.mg.gov.br\" target=\"_blank\" rel=\"noopener noreferrer\">vempraminasvemprauba@uba.mg.<wbr>gov.br<\/a>.&nbsp;<\/span><\/p>\n<\/div>\n<div>\n<div id=\"metaslider-id-17652\" style=\"max-width: 1000px;\" class=\"ml-slider-3-106-0 metaslider metaslider-nivo metaslider-17652 ml-slider ms-theme-outline\" role=\"region\" aria-label=\"Texto\" data-height=\"200\" data-width=\"1000\">\n    <div id=\"metaslider_container_17652\">\n        <div class='slider-wrapper theme-default'><div class='ribbon'><\/div><div id='metaslider_17652' class='nivoSlider'><\/div><\/div>\n        \n    <\/div>\n<\/div>\n<p><span style=\"font-family: arial, sans-serif;\">Revolu\u00e7\u00e3o no varejo<\/span><\/p>\n<p><span style=\"font-family: arial, sans-serif;\">Os&nbsp;marketplaces&nbsp;t\u00eam ganhado espa\u00e7o no mercado e se posicionado como uma das principais ferramentas de vendas para o varejo. Por isso, o segundo dia do #VemPraMinas #VemPraUb\u00e1 \u00e9 voltado para propriet\u00e1rios de&nbsp;e-commerces, lojas f\u00edsicas com interesse no online, e tamb\u00e9m grandes empres\u00e1rios que pretendem conhecer mais sobre o universos dos marketplaces. Neste dia, Ub\u00e1 receber\u00e1 a presen\u00e7a dos maiores&nbsp;<em>players&nbsp;<\/em>dos pa\u00eds nessa \u00e1rea, visando apresentar o funcionamento do neg\u00f3cio e proporcionar novas oportunidades de expans\u00e3o para o Polo Moveleiro e outros segmentos. Al\u00e9m disso, gigantes do varejo nacional tamb\u00e9m estar\u00e3o presentes para fazer neg\u00f3cios com as empresas de Ub\u00e1. Uma oportunidade \u00fanica!<\/span><\/p>\n<p><span style=\"font-family: arial, sans-serif;\">O evento \u00e9 gratuito, por\u00e9m os ingressos s\u00e3o limitados.&nbsp;<a href=\"https:\/\/www.sympla.com.br\/vempraminas-vemprauba__1450189\" target=\"_blank\" rel=\"noopener noreferrer\" data-saferedirecturl=\"https:\/\/www.google.com\/url?q=https:\/\/www.sympla.com.br\/vempraminas-vemprauba__1450189&amp;source=gmail&amp;ust=1642113276136000&amp;usg=AOvVaw2z2EbHeiebdGc7yIzzfA_o\"><u>CLIQUE AQUI&nbsp;<\/u><\/a>para realizar a sua inscri\u00e7\u00e3o.&nbsp;<\/span><\/p>\n<p><span style=\"font-family: arial, sans-serif;\"><br \/>\nRealiza\u00e7\u00e3o<\/span><\/p>\n<p><span style=\"font-family: arial, sans-serif;\">O&nbsp;#VemPraMinas \u00e9 um programa desenvolvido pela Secretaria de Desenvolvimento Econ\u00f4mico, por meio do Invest Minas. Para Ub\u00e1, o evento foi adaptado e \u00e9 realizado em parceria com a Prefeitura Municipal e o Intersind.&nbsp;<\/span><\/p>\n<p><span style=\"font-family: arial, sans-serif;\"><br \/>\nServi\u00e7o:<\/span><\/p>\n<p><span style=\"font-family: arial, sans-serif;\">#VemPraMinas #VemPraUb\u00e1<\/span><\/p>\n<p><span style=\"font-family: arial, sans-serif;\">Data:&nbsp;26 e 27 de janeiro de 2022<\/span><\/p>\n<p><span style=\"font-family: arial, sans-serif;\">Hor\u00e1rio: 9h \u00e0s 11h<\/span><\/p>\n<p><span style=\"font-family: arial, sans-serif;\">Local:&nbsp;Intersind (Rodovia MGT 265 , n\u00b0 2200, Galp\u00e3o Intersind, Horto Florestal. Ub\u00e1)<\/span><\/p>\n<p><span style=\"font-family: arial, sans-serif;\">Ingressos:<br \/>\n&#8211; 26\/01: mediante convite. Interessados podem enviar email para&nbsp;<a href=\"mailto:vempraminasvemprauba@uba.mg.gov.br\" target=\"_blank\" rel=\"noopener noreferrer\">vempraminasvemprauba@uba.mg.<wbr>gov.br<\/a>.<\/span><\/p>\n<p><span style=\"font-family: arial, sans-serif;\">&#8211; 27\/01:&nbsp;<u><a href=\"https:\/\/www.sympla.com.br\/vempraminas-vemprauba__1450189\" target=\"_blank\" rel=\"noopener noreferrer\" data-saferedirecturl=\"https:\/\/www.google.com\/url?q=https:\/\/www.sympla.com.br\/vempraminas-vemprauba__1450189&amp;source=gmail&amp;ust=1642113276136000&amp;usg=AOvVaw2z2EbHeiebdGc7yIzzfA_o\">CLIQUE AQUI<\/a><\/u>&nbsp;para realizar sua inscri\u00e7\u00e3o.<\/span><\/p>\n<p><span style=\"font-family: arial, sans-serif;\">* Uso obrigat\u00f3rio de m\u00e1scara<\/span><\/p>\n<p><strong>Assessoria de Comunica\u00e7\u00e3o Prefeitura de Ub\u00e1<\/strong><\/p>\n<div style=\"width: 840px;\" class=\"wp-video\"><video class=\"wp-video-shortcode\" id=\"video-21100-1\" width=\"840\" height=\"473\" autoplay preload=\"auto\" controls=\"controls\"><source type=\"video\/mp4\" src=\"https:\/\/ubanews.com\/site\/wp-content\/uploads\/2020\/12\/01020002.00_00_53_25.mp4?_=1\" \/><a href=\"https:\/\/ubanews.com\/site\/wp-content\/uploads\/2020\/12\/01020002.00_00_53_25.mp4\">https:\/\/ubanews.com\/site\/wp-content\/uploads\/2020\/12\/01020002.00_00_53_25.mp4<\/a><\/video><\/div>\n<\/div>\n","protected":false},"excerpt":{"rendered":"<p>J\u00e1 est\u00e3o abertas as inscri\u00e7\u00f5es para o #VemPraMinas #VemPraUb\u00e1. O<\/p>\n","protected":false},"author":2,"featured_media":21101,"comment_status":"open","ping_status":"open","sticky":false,"template":"","format":"standard","meta":{"footnotes":""},"categories":[15],"tags":[],"class_list":["post-21100","post","type-post","status-publish","format-standard","has-post-thumbnail","hentry","category-prefeitura-municipal"],"yoast_head":"<!-- This site is optimized with the Yoast SEO plugin v27.2 - https:\/\/yoast.com\/product\/yoast-seo-wordpress\/ -->\n<title>Inscreva-se no #VemPraMinas #VemPraUb\u00e1 - Ub\u00e1 News<\/title>\n<meta name=\"robots\" content=\"index, follow, max-snippet:-1, max-image-preview:large, max-video-preview:-1\" \/>\n<link rel=\"canonical\" href=\"https:\/\/ubanews.com\/site\/2022\/01\/12\/21100\/\" \/>\n<meta property=\"og:locale\" content=\"pt_BR\" \/>\n<meta property=\"og:type\" content=\"article\" \/>\n<meta property=\"og:title\" content=\"Inscreva-se no #VemPraMinas #VemPraUb\u00e1 - Ub\u00e1 News\" \/>\n<meta property=\"og:description\" content=\"J\u00e1 est\u00e3o abertas as inscri\u00e7\u00f5es para o #VemPraMinas #VemPraUb\u00e1. O\" \/>\n<meta property=\"og:url\" content=\"https:\/\/ubanews.com\/site\/2022\/01\/12\/21100\/\" \/>\n<meta property=\"og:site_name\" content=\"Ub\u00e1 News\" \/>\n<meta property=\"article:publisher\" content=\"https:\/\/www.facebook.com\/Ub%c3%a1News-Carlos-Roberto-Sodr%c3%a9-418778301977370\" \/>\n<meta property=\"article:author\" content=\"https:\/\/www.facebook.com\/carosroberto.sodre.5\/\" \/>\n<meta property=\"article:published_time\" content=\"2022-01-12T22:52:51+00:00\" \/>\n<meta property=\"article:modified_time\" content=\"2022-01-12T22:53:17+00:00\" \/>\n<meta property=\"og:image\" content=\"https:\/\/ubanews.com\/site\/wp-content\/uploads\/2022\/01\/929.jpg\" \/>\n\t<meta property=\"og:image:width\" content=\"1000\" \/>\n\t<meta property=\"og:image:height\" content=\"500\" \/>\n\t<meta property=\"og:image:type\" content=\"image\/jpeg\" \/>\n<meta name=\"author\" content=\"Sodr\u00e9\" \/>\n<meta name=\"twitter:card\" content=\"summary_large_image\" \/>\n<meta name=\"twitter:label1\" content=\"Escrito por\" \/>\n\t<meta name=\"twitter:data1\" content=\"Sodr\u00e9\" \/>\n\t<meta name=\"twitter:label2\" content=\"Est. tempo de leitura\" \/>\n\t<meta name=\"twitter:data2\" content=\"2 minutos\" \/>\n<script type=\"application\/ld+json\" class=\"yoast-schema-graph\">{\"@context\":\"https:\/\/schema.org\",\"@graph\":[{\"@type\":\"Article\",\"@id\":\"https:\/\/ubanews.com\/site\/2022\/01\/12\/21100\/#article\",\"isPartOf\":{\"@id\":\"https:\/\/ubanews.com\/site\/2022\/01\/12\/21100\/\"},\"author\":{\"name\":\"Sodr\u00e9\",\"@id\":\"https:\/\/ubanews.com\/site\/#\/schema\/person\/d90c9e47252fbb63dcc969fe4c8b9d10\"},\"headline\":\"Inscreva-se no #VemPraMinas #VemPraUb\u00e1\",\"datePublished\":\"2022-01-12T22:52:51+00:00\",\"dateModified\":\"2022-01-12T22:53:17+00:00\",\"mainEntityOfPage\":{\"@id\":\"https:\/\/ubanews.com\/site\/2022\/01\/12\/21100\/\"},\"wordCount\":429,\"commentCount\":0,\"publisher\":{\"@id\":\"https:\/\/ubanews.com\/site\/#organization\"},\"image\":{\"@id\":\"https:\/\/ubanews.com\/site\/2022\/01\/12\/21100\/#primaryimage\"},\"thumbnailUrl\":\"https:\/\/ubanews.com\/site\/wp-content\/uploads\/2022\/01\/929.jpg\",\"articleSection\":[\"Prefeitura Municipal\"],\"inLanguage\":\"pt-BR\",\"potentialAction\":[{\"@type\":\"CommentAction\",\"name\":\"Comment\",\"target\":[\"https:\/\/ubanews.com\/site\/2022\/01\/12\/21100\/#respond\"]}]},{\"@type\":\"WebPage\",\"@id\":\"https:\/\/ubanews.com\/site\/2022\/01\/12\/21100\/\",\"url\":\"https:\/\/ubanews.com\/site\/2022\/01\/12\/21100\/\",\"name\":\"Inscreva-se no #VemPraMinas #VemPraUb\u00e1 - Ub\u00e1 News\",\"isPartOf\":{\"@id\":\"https:\/\/ubanews.com\/site\/#website\"},\"primaryImageOfPage\":{\"@id\":\"https:\/\/ubanews.com\/site\/2022\/01\/12\/21100\/#primaryimage\"},\"image\":{\"@id\":\"https:\/\/ubanews.com\/site\/2022\/01\/12\/21100\/#primaryimage\"},\"thumbnailUrl\":\"https:\/\/ubanews.com\/site\/wp-content\/uploads\/2022\/01\/929.jpg\",\"datePublished\":\"2022-01-12T22:52:51+00:00\",\"dateModified\":\"2022-01-12T22:53:17+00:00\",\"breadcrumb\":{\"@id\":\"https:\/\/ubanews.com\/site\/2022\/01\/12\/21100\/#breadcrumb\"},\"inLanguage\":\"pt-BR\",\"potentialAction\":[{\"@type\":\"ReadAction\",\"target\":[\"https:\/\/ubanews.com\/site\/2022\/01\/12\/21100\/\"]}]},{\"@type\":\"ImageObject\",\"inLanguage\":\"pt-BR\",\"@id\":\"https:\/\/ubanews.com\/site\/2022\/01\/12\/21100\/#primaryimage\",\"url\":\"https:\/\/ubanews.com\/site\/wp-content\/uploads\/2022\/01\/929.jpg\",\"contentUrl\":\"https:\/\/ubanews.com\/site\/wp-content\/uploads\/2022\/01\/929.jpg\",\"width\":1000,\"height\":500},{\"@type\":\"BreadcrumbList\",\"@id\":\"https:\/\/ubanews.com\/site\/2022\/01\/12\/21100\/#breadcrumb\",\"itemListElement\":[{\"@type\":\"ListItem\",\"position\":1,\"name\":\"Home\",\"item\":\"https:\/\/ubanews.com\/site\/\"},{\"@type\":\"ListItem\",\"position\":2,\"name\":\"Inscreva-se no #VemPraMinas #VemPraUb\u00e1\"}]},{\"@type\":\"WebSite\",\"@id\":\"https:\/\/ubanews.com\/site\/#website\",\"url\":\"https:\/\/ubanews.com\/site\/\",\"name\":\"Ub\u00e1 News\",\"description\":\"\",\"publisher\":{\"@id\":\"https:\/\/ubanews.com\/site\/#organization\"},\"potentialAction\":[{\"@type\":\"SearchAction\",\"target\":{\"@type\":\"EntryPoint\",\"urlTemplate\":\"https:\/\/ubanews.com\/site\/?s={search_term_string}\"},\"query-input\":{\"@type\":\"PropertyValueSpecification\",\"valueRequired\":true,\"valueName\":\"search_term_string\"}}],\"inLanguage\":\"pt-BR\"},{\"@type\":\"Organization\",\"@id\":\"https:\/\/ubanews.com\/site\/#organization\",\"name\":\"Ub\u00e1 News\",\"url\":\"https:\/\/ubanews.com\/site\/\",\"logo\":{\"@type\":\"ImageObject\",\"inLanguage\":\"pt-BR\",\"@id\":\"https:\/\/ubanews.com\/site\/#\/schema\/logo\/image\/\",\"url\":\"https:\/\/ubanews.com\/site\/wp-content\/uploads\/2018\/01\/logoubanews.png\",\"contentUrl\":\"https:\/\/ubanews.com\/site\/wp-content\/uploads\/2018\/01\/logoubanews.png\",\"width\":261,\"height\":99,\"caption\":\"Ub\u00e1 News\"},\"image\":{\"@id\":\"https:\/\/ubanews.com\/site\/#\/schema\/logo\/image\/\"},\"sameAs\":[\"https:\/\/www.facebook.com\/Ub\u00e1News-Carlos-Roberto-Sodr\u00e9-418778301977370\"]},{\"@type\":\"Person\",\"@id\":\"https:\/\/ubanews.com\/site\/#\/schema\/person\/d90c9e47252fbb63dcc969fe4c8b9d10\",\"name\":\"Sodr\u00e9\",\"image\":{\"@type\":\"ImageObject\",\"inLanguage\":\"pt-BR\",\"@id\":\"https:\/\/secure.gravatar.com\/avatar\/5ba2793f0590b9dbfad3fdec4ee714485b3eef211c9b32ee53d414060454a56c?s=96&d=mm&r=g\",\"url\":\"https:\/\/secure.gravatar.com\/avatar\/5ba2793f0590b9dbfad3fdec4ee714485b3eef211c9b32ee53d414060454a56c?s=96&d=mm&r=g\",\"contentUrl\":\"https:\/\/secure.gravatar.com\/avatar\/5ba2793f0590b9dbfad3fdec4ee714485b3eef211c9b32ee53d414060454a56c?s=96&d=mm&r=g\",\"caption\":\"Sodr\u00e9\"},\"sameAs\":[\"https:\/\/www.facebook.com\/carosroberto.sodre.5\/\"],\"url\":\"https:\/\/ubanews.com\/site\/author\/felipe\/\"}]}<\/script>\n<!-- \/ Yoast SEO plugin. -->","yoast_head_json":{"title":"Inscreva-se no #VemPraMinas #VemPraUb\u00e1 - Ub\u00e1 News","robots":{"index":"index","follow":"follow","max-snippet":"max-snippet:-1","max-image-preview":"max-image-preview:large","max-video-preview":"max-video-preview:-1"},"canonical":"https:\/\/ubanews.com\/site\/2022\/01\/12\/21100\/","og_locale":"pt_BR","og_type":"article","og_title":"Inscreva-se no #VemPraMinas #VemPraUb\u00e1 - Ub\u00e1 News","og_description":"J\u00e1 est\u00e3o abertas as inscri\u00e7\u00f5es para o #VemPraMinas #VemPraUb\u00e1. O","og_url":"https:\/\/ubanews.com\/site\/2022\/01\/12\/21100\/","og_site_name":"Ub\u00e1 News","article_publisher":"https:\/\/www.facebook.com\/Ub%c3%a1News-Carlos-Roberto-Sodr%c3%a9-418778301977370","article_author":"https:\/\/www.facebook.com\/carosroberto.sodre.5\/","article_published_time":"2022-01-12T22:52:51+00:00","article_modified_time":"2022-01-12T22:53:17+00:00","og_image":[{"width":1000,"height":500,"url":"https:\/\/ubanews.com\/site\/wp-content\/uploads\/2022\/01\/929.jpg","type":"image\/jpeg"}],"author":"Sodr\u00e9","twitter_card":"summary_large_image","twitter_misc":{"Escrito por":"Sodr\u00e9","Est. tempo de leitura":"2 minutos"},"schema":{"@context":"https:\/\/schema.org","@graph":[{"@type":"Article","@id":"https:\/\/ubanews.com\/site\/2022\/01\/12\/21100\/#article","isPartOf":{"@id":"https:\/\/ubanews.com\/site\/2022\/01\/12\/21100\/"},"author":{"name":"Sodr\u00e9","@id":"https:\/\/ubanews.com\/site\/#\/schema\/person\/d90c9e47252fbb63dcc969fe4c8b9d10"},"headline":"Inscreva-se no #VemPraMinas #VemPraUb\u00e1","datePublished":"2022-01-12T22:52:51+00:00","dateModified":"2022-01-12T22:53:17+00:00","mainEntityOfPage":{"@id":"https:\/\/ubanews.com\/site\/2022\/01\/12\/21100\/"},"wordCount":429,"commentCount":0,"publisher":{"@id":"https:\/\/ubanews.com\/site\/#organization"},"image":{"@id":"https:\/\/ubanews.com\/site\/2022\/01\/12\/21100\/#primaryimage"},"thumbnailUrl":"https:\/\/ubanews.com\/site\/wp-content\/uploads\/2022\/01\/929.jpg","articleSection":["Prefeitura Municipal"],"inLanguage":"pt-BR","potentialAction":[{"@type":"CommentAction","name":"Comment","target":["https:\/\/ubanews.com\/site\/2022\/01\/12\/21100\/#respond"]}]},{"@type":"WebPage","@id":"https:\/\/ubanews.com\/site\/2022\/01\/12\/21100\/","url":"https:\/\/ubanews.com\/site\/2022\/01\/12\/21100\/","name":"Inscreva-se no #VemPraMinas #VemPraUb\u00e1 - Ub\u00e1 News","isPartOf":{"@id":"https:\/\/ubanews.com\/site\/#website"},"primaryImageOfPage":{"@id":"https:\/\/ubanews.com\/site\/2022\/01\/12\/21100\/#primaryimage"},"image":{"@id":"https:\/\/ubanews.com\/site\/2022\/01\/12\/21100\/#primaryimage"},"thumbnailUrl":"https:\/\/ubanews.com\/site\/wp-content\/uploads\/2022\/01\/929.jpg","datePublished":"2022-01-12T22:52:51+00:00","dateModified":"2022-01-12T22:53:17+00:00","breadcrumb":{"@id":"https:\/\/ubanews.com\/site\/2022\/01\/12\/21100\/#breadcrumb"},"inLanguage":"pt-BR","potentialAction":[{"@type":"ReadAction","target":["https:\/\/ubanews.com\/site\/2022\/01\/12\/21100\/"]}]},{"@type":"ImageObject","inLanguage":"pt-BR","@id":"https:\/\/ubanews.com\/site\/2022\/01\/12\/21100\/#primaryimage","url":"https:\/\/ubanews.com\/site\/wp-content\/uploads\/2022\/01\/929.jpg","contentUrl":"https:\/\/ubanews.com\/site\/wp-content\/uploads\/2022\/01\/929.jpg","width":1000,"height":500},{"@type":"BreadcrumbList","@id":"https:\/\/ubanews.com\/site\/2022\/01\/12\/21100\/#breadcrumb","itemListElement":[{"@type":"ListItem","position":1,"name":"Home","item":"https:\/\/ubanews.com\/site\/"},{"@type":"ListItem","position":2,"name":"Inscreva-se no #VemPraMinas #VemPraUb\u00e1"}]},{"@type":"WebSite","@id":"https:\/\/ubanews.com\/site\/#website","url":"https:\/\/ubanews.com\/site\/","name":"Ub\u00e1 News","description":"","publisher":{"@id":"https:\/\/ubanews.com\/site\/#organization"},"potentialAction":[{"@type":"SearchAction","target":{"@type":"EntryPoint","urlTemplate":"https:\/\/ubanews.com\/site\/?s={search_term_string}"},"query-input":{"@type":"PropertyValueSpecification","valueRequired":true,"valueName":"search_term_string"}}],"inLanguage":"pt-BR"},{"@type":"Organization","@id":"https:\/\/ubanews.com\/site\/#organization","name":"Ub\u00e1 News","url":"https:\/\/ubanews.com\/site\/","logo":{"@type":"ImageObject","inLanguage":"pt-BR","@id":"https:\/\/ubanews.com\/site\/#\/schema\/logo\/image\/","url":"https:\/\/ubanews.com\/site\/wp-content\/uploads\/2018\/01\/logoubanews.png","contentUrl":"https:\/\/ubanews.com\/site\/wp-content\/uploads\/2018\/01\/logoubanews.png","width":261,"height":99,"caption":"Ub\u00e1 News"},"image":{"@id":"https:\/\/ubanews.com\/site\/#\/schema\/logo\/image\/"},"sameAs":["https:\/\/www.facebook.com\/Ub\u00e1News-Carlos-Roberto-Sodr\u00e9-418778301977370"]},{"@type":"Person","@id":"https:\/\/ubanews.com\/site\/#\/schema\/person\/d90c9e47252fbb63dcc969fe4c8b9d10","name":"Sodr\u00e9","image":{"@type":"ImageObject","inLanguage":"pt-BR","@id":"https:\/\/secure.gravatar.com\/avatar\/5ba2793f0590b9dbfad3fdec4ee714485b3eef211c9b32ee53d414060454a56c?s=96&d=mm&r=g","url":"https:\/\/secure.gravatar.com\/avatar\/5ba2793f0590b9dbfad3fdec4ee714485b3eef211c9b32ee53d414060454a56c?s=96&d=mm&r=g","contentUrl":"https:\/\/secure.gravatar.com\/avatar\/5ba2793f0590b9dbfad3fdec4ee714485b3eef211c9b32ee53d414060454a56c?s=96&d=mm&r=g","caption":"Sodr\u00e9"},"sameAs":["https:\/\/www.facebook.com\/carosroberto.sodre.5\/"],"url":"https:\/\/ubanews.com\/site\/author\/felipe\/"}]}},"_links":{"self":[{"href":"https:\/\/ubanews.com\/site\/wp-json\/wp\/v2\/posts\/21100","targetHints":{"allow":["GET"]}}],"collection":[{"href":"https:\/\/ubanews.com\/site\/wp-json\/wp\/v2\/posts"}],"about":[{"href":"https:\/\/ubanews.com\/site\/wp-json\/wp\/v2\/types\/post"}],"author":[{"embeddable":true,"href":"https:\/\/ubanews.com\/site\/wp-json\/wp\/v2\/users\/2"}],"replies":[{"embeddable":true,"href":"https:\/\/ubanews.com\/site\/wp-json\/wp\/v2\/comments?post=21100"}],"version-history":[{"count":0,"href":"https:\/\/ubanews.com\/site\/wp-json\/wp\/v2\/posts\/21100\/revisions"}],"wp:featuredmedia":[{"embeddable":true,"href":"https:\/\/ubanews.com\/site\/wp-json\/wp\/v2\/media\/21101"}],"wp:attachment":[{"href":"https:\/\/ubanews.com\/site\/wp-json\/wp\/v2\/media?parent=21100"}],"wp:term":[{"taxonomy":"category","embeddable":true,"href":"https:\/\/ubanews.com\/site\/wp-json\/wp\/v2\/categories?post=21100"},{"taxonomy":"post_tag","embeddable":true,"href":"https:\/\/ubanews.com\/site\/wp-json\/wp\/v2\/tags?post=21100"}],"curies":[{"name":"wp","href":"https:\/\/api.w.org\/{rel}","templated":true}]}}