{"id":21093,"date":"2022-01-12T19:30:50","date_gmt":"2022-01-12T22:30:50","guid":{"rendered":"http:\/\/ubanews.com\/site\/?p=21093"},"modified":"2022-01-12T19:30:50","modified_gmt":"2022-01-12T22:30:50","slug":"acao-e-deflagrada-em-muriae-e-apreende-grande-quantidade-de-cocaina","status":"publish","type":"post","link":"https:\/\/ubanews.com\/site\/2022\/01\/12\/acao-e-deflagrada-em-muriae-e-apreende-grande-quantidade-de-cocaina\/","title":{"rendered":"A\u00e7\u00e3o \u00e9 deflagrada em Muria\u00e9 e apreende grande quantidade de coca\u00edna"},"content":{"rendered":"<h1 class=\"titulo_noticia\"><img decoding=\"async\" style=\"font-size: 1.0625rem;\" data-src=\"https:\/\/www.policiacivil.mg.gov.br\/uploads\/Image\/GLACI&amp;AZELINO\/2022\/JANEIRO\/SITE%20MURIAE.jpg\" alt=\"\" src=\"data:image\/svg+xml;base64,PHN2ZyB3aWR0aD0iMSIgaGVpZ2h0PSIxIiB4bWxucz0iaHR0cDovL3d3dy53My5vcmcvMjAwMC9zdmciPjwvc3ZnPg==\" class=\"lazyload\"><\/h1>\n<p><main class=\"texto_noticia\">A Pol\u00edcia Civil de Minas Gerais (PCMG) deflagrou, na segunda-feira (10\/1), no munic\u00edpio de Muria\u00e9, na Zona da Mata mineira, a opera\u00e7\u00e3o \u201cDEJA VU\u201d, visando combater o tr\u00e1fico de drogas, ap\u00f3s levantamentos. Na ocasi\u00e3o, a Delegacia de Repress\u00e3o a Entorpecente (DRE), com apoio da Ag\u00eancia de Intelig\u00eancia Policial (AIP) da 4\u00aa Delegacia Regional em Muria\u00e9, apreendeu mais de 18 quilos de pasta base de coca\u00edna, 226 papelotes da mesma subst\u00e2ncia, R$ 2.250 e outros materiais. Um suspeito, de 25 anos, foi preso.<\/main><main class=\"texto_noticia\"><div id=\"metaslider-id-17652\" style=\"max-width: 1000px;\" class=\"ml-slider-3-106-0 metaslider metaslider-nivo metaslider-17652 ml-slider ms-theme-outline\" role=\"region\" aria-label=\"Texto\" data-height=\"200\" data-width=\"1000\">\n    <div id=\"metaslider_container_17652\">\n        <div class='slider-wrapper theme-default'><div class='ribbon'><\/div><div id='metaslider_17652' class='nivoSlider'><\/div><\/div>\n        \n    <\/div>\n<\/div><\/p>\n<p>Na a\u00e7\u00e3o, que contou, inclusive, com a atua\u00e7\u00e3o de um c\u00e3o farejador, os policiais civis localizaram em uma propriedade rural, situada no Bairro Sofoc\u00f3, um grande recipiente pl\u00e1stico enterrado no local, comumente utilizado para armazenagem de leite, onde a maior parte da droga estava escondida. O rapaz foi preso em flagrante pela pr\u00e1tica de tr\u00e1fico de drogas e, com o investigado, tamb\u00e9m foi localizado o dinheiro. Na resid\u00eancia dele, uma barra grande de coca\u00edna, com as mesmas caracter\u00edsticas daquela encontrada no tambor enterrado, tamb\u00e9m foi apreendida. A droga apreendida na opera\u00e7\u00e3o est\u00e1 avaliada em mais de R$ 800 mil, pelas estimativas dos investigadores.<\/p>\n<p>De acordo com o delegado Tayrony Esp\u00edndola, o resultado \u00e9 fruto do monitoramento permanente de grupos suspeitos de envolvimento com o tr\u00e1fico de drogas na cidade. \u201cTem sido uma t\u00f4nica da Delegacia de Repress\u00e3o a Entorpecente e Ag\u00eancia de Intelig\u00eancia Policial monitorar, de forma constante, a movimenta\u00e7\u00e3o de grandes traficantes na cidade, que atuam no atacado, abastecendo e alimentando o mercado de entorpecentes. Acreditamos que a a\u00e7\u00e3o de hoje enfraquece muito um grupo criminoso com atua\u00e7\u00e3o no munic\u00edpio, que possui ramifica\u00e7\u00f5es no Rio de Janeiro\u201d, conclui.<\/p>\n<p><strong>Assessoria de Comunica\u00e7\u00e3o Pol\u00edcia Civil de Minas Gerais<\/strong><\/p>\n<div style=\"width: 840px;\" class=\"wp-video\"><video class=\"wp-video-shortcode\" id=\"video-21093-1\" width=\"840\" height=\"473\" autoplay preload=\"auto\" controls=\"controls\"><source type=\"video\/mp4\" src=\"https:\/\/ubanews.com\/site\/wp-content\/uploads\/2020\/12\/01020002.00_00_53_25.mp4?_=1\" \/><a href=\"https:\/\/ubanews.com\/site\/wp-content\/uploads\/2020\/12\/01020002.00_00_53_25.mp4\">https:\/\/ubanews.com\/site\/wp-content\/uploads\/2020\/12\/01020002.00_00_53_25.mp4<\/a><\/video><\/div>\n<p><\/main><\/p>\n","protected":false},"excerpt":{"rendered":"<p>A Pol\u00edcia Civil de Minas Gerais (PCMG) deflagrou, na segunda-feira<\/p>\n","protected":false},"author":2,"featured_media":21094,"comment_status":"open","ping_status":"open","sticky":false,"template":"","format":"standard","meta":{"footnotes":""},"categories":[13],"tags":[],"class_list":["post-21093","post","type-post","status-publish","format-standard","has-post-thumbnail","hentry","category-sintese-das-ocorrencias"],"yoast_head":"<!-- This site is optimized with the Yoast SEO plugin v27.2 - https:\/\/yoast.com\/product\/yoast-seo-wordpress\/ -->\n<title>A\u00e7\u00e3o \u00e9 deflagrada em Muria\u00e9 e apreende grande quantidade de coca\u00edna - Ub\u00e1 News<\/title>\n<meta name=\"robots\" content=\"index, follow, max-snippet:-1, max-image-preview:large, max-video-preview:-1\" \/>\n<link rel=\"canonical\" href=\"https:\/\/ubanews.com\/site\/2022\/01\/12\/acao-e-deflagrada-em-muriae-e-apreende-grande-quantidade-de-cocaina\/\" \/>\n<meta property=\"og:locale\" content=\"pt_BR\" \/>\n<meta property=\"og:type\" content=\"article\" \/>\n<meta property=\"og:title\" content=\"A\u00e7\u00e3o \u00e9 deflagrada em Muria\u00e9 e apreende grande quantidade de coca\u00edna - Ub\u00e1 News\" \/>\n<meta property=\"og:description\" content=\"A Pol\u00edcia Civil de Minas Gerais (PCMG) deflagrou, na segunda-feira\" \/>\n<meta property=\"og:url\" content=\"https:\/\/ubanews.com\/site\/2022\/01\/12\/acao-e-deflagrada-em-muriae-e-apreende-grande-quantidade-de-cocaina\/\" \/>\n<meta property=\"og:site_name\" content=\"Ub\u00e1 News\" \/>\n<meta property=\"article:publisher\" content=\"https:\/\/www.facebook.com\/Ub%c3%a1News-Carlos-Roberto-Sodr%c3%a9-418778301977370\" \/>\n<meta property=\"article:author\" content=\"https:\/\/www.facebook.com\/carosroberto.sodre.5\/\" \/>\n<meta property=\"article:published_time\" content=\"2022-01-12T22:30:50+00:00\" \/>\n<meta property=\"og:image\" content=\"https:\/\/ubanews.com\/site\/wp-content\/uploads\/2022\/01\/926.jpg\" \/>\n\t<meta property=\"og:image:width\" content=\"1000\" \/>\n\t<meta property=\"og:image:height\" content=\"500\" \/>\n\t<meta property=\"og:image:type\" content=\"image\/jpeg\" \/>\n<meta name=\"author\" content=\"Sodr\u00e9\" \/>\n<meta name=\"twitter:card\" content=\"summary_large_image\" \/>\n<meta name=\"twitter:label1\" content=\"Escrito por\" \/>\n\t<meta name=\"twitter:data1\" content=\"Sodr\u00e9\" \/>\n\t<meta name=\"twitter:label2\" content=\"Est. tempo de leitura\" \/>\n\t<meta name=\"twitter:data2\" content=\"2 minutos\" \/>\n<script type=\"application\/ld+json\" class=\"yoast-schema-graph\">{\"@context\":\"https:\/\/schema.org\",\"@graph\":[{\"@type\":\"Article\",\"@id\":\"https:\/\/ubanews.com\/site\/2022\/01\/12\/acao-e-deflagrada-em-muriae-e-apreende-grande-quantidade-de-cocaina\/#article\",\"isPartOf\":{\"@id\":\"https:\/\/ubanews.com\/site\/2022\/01\/12\/acao-e-deflagrada-em-muriae-e-apreende-grande-quantidade-de-cocaina\/\"},\"author\":{\"name\":\"Sodr\u00e9\",\"@id\":\"https:\/\/ubanews.com\/site\/#\/schema\/person\/d90c9e47252fbb63dcc969fe4c8b9d10\"},\"headline\":\"A\u00e7\u00e3o \u00e9 deflagrada em Muria\u00e9 e apreende grande quantidade de coca\u00edna\",\"datePublished\":\"2022-01-12T22:30:50+00:00\",\"mainEntityOfPage\":{\"@id\":\"https:\/\/ubanews.com\/site\/2022\/01\/12\/acao-e-deflagrada-em-muriae-e-apreende-grande-quantidade-de-cocaina\/\"},\"wordCount\":337,\"commentCount\":0,\"publisher\":{\"@id\":\"https:\/\/ubanews.com\/site\/#organization\"},\"image\":{\"@id\":\"https:\/\/ubanews.com\/site\/2022\/01\/12\/acao-e-deflagrada-em-muriae-e-apreende-grande-quantidade-de-cocaina\/#primaryimage\"},\"thumbnailUrl\":\"https:\/\/ubanews.com\/site\/wp-content\/uploads\/2022\/01\/926.jpg\",\"articleSection\":[\"S\u00edntese das Ocorr\u00eancias\"],\"inLanguage\":\"pt-BR\",\"potentialAction\":[{\"@type\":\"CommentAction\",\"name\":\"Comment\",\"target\":[\"https:\/\/ubanews.com\/site\/2022\/01\/12\/acao-e-deflagrada-em-muriae-e-apreende-grande-quantidade-de-cocaina\/#respond\"]}]},{\"@type\":\"WebPage\",\"@id\":\"https:\/\/ubanews.com\/site\/2022\/01\/12\/acao-e-deflagrada-em-muriae-e-apreende-grande-quantidade-de-cocaina\/\",\"url\":\"https:\/\/ubanews.com\/site\/2022\/01\/12\/acao-e-deflagrada-em-muriae-e-apreende-grande-quantidade-de-cocaina\/\",\"name\":\"A\u00e7\u00e3o \u00e9 deflagrada em Muria\u00e9 e apreende grande quantidade de coca\u00edna - Ub\u00e1 News\",\"isPartOf\":{\"@id\":\"https:\/\/ubanews.com\/site\/#website\"},\"primaryImageOfPage\":{\"@id\":\"https:\/\/ubanews.com\/site\/2022\/01\/12\/acao-e-deflagrada-em-muriae-e-apreende-grande-quantidade-de-cocaina\/#primaryimage\"},\"image\":{\"@id\":\"https:\/\/ubanews.com\/site\/2022\/01\/12\/acao-e-deflagrada-em-muriae-e-apreende-grande-quantidade-de-cocaina\/#primaryimage\"},\"thumbnailUrl\":\"https:\/\/ubanews.com\/site\/wp-content\/uploads\/2022\/01\/926.jpg\",\"datePublished\":\"2022-01-12T22:30:50+00:00\",\"breadcrumb\":{\"@id\":\"https:\/\/ubanews.com\/site\/2022\/01\/12\/acao-e-deflagrada-em-muriae-e-apreende-grande-quantidade-de-cocaina\/#breadcrumb\"},\"inLanguage\":\"pt-BR\",\"potentialAction\":[{\"@type\":\"ReadAction\",\"target\":[\"https:\/\/ubanews.com\/site\/2022\/01\/12\/acao-e-deflagrada-em-muriae-e-apreende-grande-quantidade-de-cocaina\/\"]}]},{\"@type\":\"ImageObject\",\"inLanguage\":\"pt-BR\",\"@id\":\"https:\/\/ubanews.com\/site\/2022\/01\/12\/acao-e-deflagrada-em-muriae-e-apreende-grande-quantidade-de-cocaina\/#primaryimage\",\"url\":\"https:\/\/ubanews.com\/site\/wp-content\/uploads\/2022\/01\/926.jpg\",\"contentUrl\":\"https:\/\/ubanews.com\/site\/wp-content\/uploads\/2022\/01\/926.jpg\",\"width\":1000,\"height\":500},{\"@type\":\"BreadcrumbList\",\"@id\":\"https:\/\/ubanews.com\/site\/2022\/01\/12\/acao-e-deflagrada-em-muriae-e-apreende-grande-quantidade-de-cocaina\/#breadcrumb\",\"itemListElement\":[{\"@type\":\"ListItem\",\"position\":1,\"name\":\"Home\",\"item\":\"https:\/\/ubanews.com\/site\/\"},{\"@type\":\"ListItem\",\"position\":2,\"name\":\"A\u00e7\u00e3o \u00e9 deflagrada em Muria\u00e9 e apreende grande quantidade de coca\u00edna\"}]},{\"@type\":\"WebSite\",\"@id\":\"https:\/\/ubanews.com\/site\/#website\",\"url\":\"https:\/\/ubanews.com\/site\/\",\"name\":\"Ub\u00e1 News\",\"description\":\"\",\"publisher\":{\"@id\":\"https:\/\/ubanews.com\/site\/#organization\"},\"potentialAction\":[{\"@type\":\"SearchAction\",\"target\":{\"@type\":\"EntryPoint\",\"urlTemplate\":\"https:\/\/ubanews.com\/site\/?s={search_term_string}\"},\"query-input\":{\"@type\":\"PropertyValueSpecification\",\"valueRequired\":true,\"valueName\":\"search_term_string\"}}],\"inLanguage\":\"pt-BR\"},{\"@type\":\"Organization\",\"@id\":\"https:\/\/ubanews.com\/site\/#organization\",\"name\":\"Ub\u00e1 News\",\"url\":\"https:\/\/ubanews.com\/site\/\",\"logo\":{\"@type\":\"ImageObject\",\"inLanguage\":\"pt-BR\",\"@id\":\"https:\/\/ubanews.com\/site\/#\/schema\/logo\/image\/\",\"url\":\"https:\/\/ubanews.com\/site\/wp-content\/uploads\/2018\/01\/logoubanews.png\",\"contentUrl\":\"https:\/\/ubanews.com\/site\/wp-content\/uploads\/2018\/01\/logoubanews.png\",\"width\":261,\"height\":99,\"caption\":\"Ub\u00e1 News\"},\"image\":{\"@id\":\"https:\/\/ubanews.com\/site\/#\/schema\/logo\/image\/\"},\"sameAs\":[\"https:\/\/www.facebook.com\/Ub\u00e1News-Carlos-Roberto-Sodr\u00e9-418778301977370\"]},{\"@type\":\"Person\",\"@id\":\"https:\/\/ubanews.com\/site\/#\/schema\/person\/d90c9e47252fbb63dcc969fe4c8b9d10\",\"name\":\"Sodr\u00e9\",\"image\":{\"@type\":\"ImageObject\",\"inLanguage\":\"pt-BR\",\"@id\":\"https:\/\/secure.gravatar.com\/avatar\/5ba2793f0590b9dbfad3fdec4ee714485b3eef211c9b32ee53d414060454a56c?s=96&d=mm&r=g\",\"url\":\"https:\/\/secure.gravatar.com\/avatar\/5ba2793f0590b9dbfad3fdec4ee714485b3eef211c9b32ee53d414060454a56c?s=96&d=mm&r=g\",\"contentUrl\":\"https:\/\/secure.gravatar.com\/avatar\/5ba2793f0590b9dbfad3fdec4ee714485b3eef211c9b32ee53d414060454a56c?s=96&d=mm&r=g\",\"caption\":\"Sodr\u00e9\"},\"sameAs\":[\"https:\/\/www.facebook.com\/carosroberto.sodre.5\/\"],\"url\":\"https:\/\/ubanews.com\/site\/author\/felipe\/\"}]}<\/script>\n<!-- \/ Yoast SEO plugin. -->","yoast_head_json":{"title":"A\u00e7\u00e3o \u00e9 deflagrada em Muria\u00e9 e apreende grande quantidade de coca\u00edna - Ub\u00e1 News","robots":{"index":"index","follow":"follow","max-snippet":"max-snippet:-1","max-image-preview":"max-image-preview:large","max-video-preview":"max-video-preview:-1"},"canonical":"https:\/\/ubanews.com\/site\/2022\/01\/12\/acao-e-deflagrada-em-muriae-e-apreende-grande-quantidade-de-cocaina\/","og_locale":"pt_BR","og_type":"article","og_title":"A\u00e7\u00e3o \u00e9 deflagrada em Muria\u00e9 e apreende grande quantidade de coca\u00edna - Ub\u00e1 News","og_description":"A Pol\u00edcia Civil de Minas Gerais (PCMG) deflagrou, na segunda-feira","og_url":"https:\/\/ubanews.com\/site\/2022\/01\/12\/acao-e-deflagrada-em-muriae-e-apreende-grande-quantidade-de-cocaina\/","og_site_name":"Ub\u00e1 News","article_publisher":"https:\/\/www.facebook.com\/Ub%c3%a1News-Carlos-Roberto-Sodr%c3%a9-418778301977370","article_author":"https:\/\/www.facebook.com\/carosroberto.sodre.5\/","article_published_time":"2022-01-12T22:30:50+00:00","og_image":[{"width":1000,"height":500,"url":"https:\/\/ubanews.com\/site\/wp-content\/uploads\/2022\/01\/926.jpg","type":"image\/jpeg"}],"author":"Sodr\u00e9","twitter_card":"summary_large_image","twitter_misc":{"Escrito por":"Sodr\u00e9","Est. tempo de leitura":"2 minutos"},"schema":{"@context":"https:\/\/schema.org","@graph":[{"@type":"Article","@id":"https:\/\/ubanews.com\/site\/2022\/01\/12\/acao-e-deflagrada-em-muriae-e-apreende-grande-quantidade-de-cocaina\/#article","isPartOf":{"@id":"https:\/\/ubanews.com\/site\/2022\/01\/12\/acao-e-deflagrada-em-muriae-e-apreende-grande-quantidade-de-cocaina\/"},"author":{"name":"Sodr\u00e9","@id":"https:\/\/ubanews.com\/site\/#\/schema\/person\/d90c9e47252fbb63dcc969fe4c8b9d10"},"headline":"A\u00e7\u00e3o \u00e9 deflagrada em Muria\u00e9 e apreende grande quantidade de coca\u00edna","datePublished":"2022-01-12T22:30:50+00:00","mainEntityOfPage":{"@id":"https:\/\/ubanews.com\/site\/2022\/01\/12\/acao-e-deflagrada-em-muriae-e-apreende-grande-quantidade-de-cocaina\/"},"wordCount":337,"commentCount":0,"publisher":{"@id":"https:\/\/ubanews.com\/site\/#organization"},"image":{"@id":"https:\/\/ubanews.com\/site\/2022\/01\/12\/acao-e-deflagrada-em-muriae-e-apreende-grande-quantidade-de-cocaina\/#primaryimage"},"thumbnailUrl":"https:\/\/ubanews.com\/site\/wp-content\/uploads\/2022\/01\/926.jpg","articleSection":["S\u00edntese das Ocorr\u00eancias"],"inLanguage":"pt-BR","potentialAction":[{"@type":"CommentAction","name":"Comment","target":["https:\/\/ubanews.com\/site\/2022\/01\/12\/acao-e-deflagrada-em-muriae-e-apreende-grande-quantidade-de-cocaina\/#respond"]}]},{"@type":"WebPage","@id":"https:\/\/ubanews.com\/site\/2022\/01\/12\/acao-e-deflagrada-em-muriae-e-apreende-grande-quantidade-de-cocaina\/","url":"https:\/\/ubanews.com\/site\/2022\/01\/12\/acao-e-deflagrada-em-muriae-e-apreende-grande-quantidade-de-cocaina\/","name":"A\u00e7\u00e3o \u00e9 deflagrada em Muria\u00e9 e apreende grande quantidade de coca\u00edna - Ub\u00e1 News","isPartOf":{"@id":"https:\/\/ubanews.com\/site\/#website"},"primaryImageOfPage":{"@id":"https:\/\/ubanews.com\/site\/2022\/01\/12\/acao-e-deflagrada-em-muriae-e-apreende-grande-quantidade-de-cocaina\/#primaryimage"},"image":{"@id":"https:\/\/ubanews.com\/site\/2022\/01\/12\/acao-e-deflagrada-em-muriae-e-apreende-grande-quantidade-de-cocaina\/#primaryimage"},"thumbnailUrl":"https:\/\/ubanews.com\/site\/wp-content\/uploads\/2022\/01\/926.jpg","datePublished":"2022-01-12T22:30:50+00:00","breadcrumb":{"@id":"https:\/\/ubanews.com\/site\/2022\/01\/12\/acao-e-deflagrada-em-muriae-e-apreende-grande-quantidade-de-cocaina\/#breadcrumb"},"inLanguage":"pt-BR","potentialAction":[{"@type":"ReadAction","target":["https:\/\/ubanews.com\/site\/2022\/01\/12\/acao-e-deflagrada-em-muriae-e-apreende-grande-quantidade-de-cocaina\/"]}]},{"@type":"ImageObject","inLanguage":"pt-BR","@id":"https:\/\/ubanews.com\/site\/2022\/01\/12\/acao-e-deflagrada-em-muriae-e-apreende-grande-quantidade-de-cocaina\/#primaryimage","url":"https:\/\/ubanews.com\/site\/wp-content\/uploads\/2022\/01\/926.jpg","contentUrl":"https:\/\/ubanews.com\/site\/wp-content\/uploads\/2022\/01\/926.jpg","width":1000,"height":500},{"@type":"BreadcrumbList","@id":"https:\/\/ubanews.com\/site\/2022\/01\/12\/acao-e-deflagrada-em-muriae-e-apreende-grande-quantidade-de-cocaina\/#breadcrumb","itemListElement":[{"@type":"ListItem","position":1,"name":"Home","item":"https:\/\/ubanews.com\/site\/"},{"@type":"ListItem","position":2,"name":"A\u00e7\u00e3o \u00e9 deflagrada em Muria\u00e9 e apreende grande quantidade de coca\u00edna"}]},{"@type":"WebSite","@id":"https:\/\/ubanews.com\/site\/#website","url":"https:\/\/ubanews.com\/site\/","name":"Ub\u00e1 News","description":"","publisher":{"@id":"https:\/\/ubanews.com\/site\/#organization"},"potentialAction":[{"@type":"SearchAction","target":{"@type":"EntryPoint","urlTemplate":"https:\/\/ubanews.com\/site\/?s={search_term_string}"},"query-input":{"@type":"PropertyValueSpecification","valueRequired":true,"valueName":"search_term_string"}}],"inLanguage":"pt-BR"},{"@type":"Organization","@id":"https:\/\/ubanews.com\/site\/#organization","name":"Ub\u00e1 News","url":"https:\/\/ubanews.com\/site\/","logo":{"@type":"ImageObject","inLanguage":"pt-BR","@id":"https:\/\/ubanews.com\/site\/#\/schema\/logo\/image\/","url":"https:\/\/ubanews.com\/site\/wp-content\/uploads\/2018\/01\/logoubanews.png","contentUrl":"https:\/\/ubanews.com\/site\/wp-content\/uploads\/2018\/01\/logoubanews.png","width":261,"height":99,"caption":"Ub\u00e1 News"},"image":{"@id":"https:\/\/ubanews.com\/site\/#\/schema\/logo\/image\/"},"sameAs":["https:\/\/www.facebook.com\/Ub\u00e1News-Carlos-Roberto-Sodr\u00e9-418778301977370"]},{"@type":"Person","@id":"https:\/\/ubanews.com\/site\/#\/schema\/person\/d90c9e47252fbb63dcc969fe4c8b9d10","name":"Sodr\u00e9","image":{"@type":"ImageObject","inLanguage":"pt-BR","@id":"https:\/\/secure.gravatar.com\/avatar\/5ba2793f0590b9dbfad3fdec4ee714485b3eef211c9b32ee53d414060454a56c?s=96&d=mm&r=g","url":"https:\/\/secure.gravatar.com\/avatar\/5ba2793f0590b9dbfad3fdec4ee714485b3eef211c9b32ee53d414060454a56c?s=96&d=mm&r=g","contentUrl":"https:\/\/secure.gravatar.com\/avatar\/5ba2793f0590b9dbfad3fdec4ee714485b3eef211c9b32ee53d414060454a56c?s=96&d=mm&r=g","caption":"Sodr\u00e9"},"sameAs":["https:\/\/www.facebook.com\/carosroberto.sodre.5\/"],"url":"https:\/\/ubanews.com\/site\/author\/felipe\/"}]}},"_links":{"self":[{"href":"https:\/\/ubanews.com\/site\/wp-json\/wp\/v2\/posts\/21093","targetHints":{"allow":["GET"]}}],"collection":[{"href":"https:\/\/ubanews.com\/site\/wp-json\/wp\/v2\/posts"}],"about":[{"href":"https:\/\/ubanews.com\/site\/wp-json\/wp\/v2\/types\/post"}],"author":[{"embeddable":true,"href":"https:\/\/ubanews.com\/site\/wp-json\/wp\/v2\/users\/2"}],"replies":[{"embeddable":true,"href":"https:\/\/ubanews.com\/site\/wp-json\/wp\/v2\/comments?post=21093"}],"version-history":[{"count":0,"href":"https:\/\/ubanews.com\/site\/wp-json\/wp\/v2\/posts\/21093\/revisions"}],"wp:featuredmedia":[{"embeddable":true,"href":"https:\/\/ubanews.com\/site\/wp-json\/wp\/v2\/media\/21094"}],"wp:attachment":[{"href":"https:\/\/ubanews.com\/site\/wp-json\/wp\/v2\/media?parent=21093"}],"wp:term":[{"taxonomy":"category","embeddable":true,"href":"https:\/\/ubanews.com\/site\/wp-json\/wp\/v2\/categories?post=21093"},{"taxonomy":"post_tag","embeddable":true,"href":"https:\/\/ubanews.com\/site\/wp-json\/wp\/v2\/tags?post=21093"}],"curies":[{"name":"wp","href":"https:\/\/api.w.org\/{rel}","templated":true}]}}