{"id":21092,"date":"2022-01-12T19:22:46","date_gmt":"2022-01-12T22:22:46","guid":{"rendered":"http:\/\/ubanews.com\/site\/?p=21092"},"modified":"2022-01-12T19:22:46","modified_gmt":"2022-01-12T22:22:46","slug":"pcmg-prende-em-uba-foragidos-do-estado-do-rio-de-janeiro","status":"publish","type":"post","link":"https:\/\/ubanews.com\/site\/2022\/01\/12\/pcmg-prende-em-uba-foragidos-do-estado-do-rio-de-janeiro\/","title":{"rendered":"PCMG prende em Ub\u00e1 foragidos do estado do Rio de Janeiro"},"content":{"rendered":"<p><em>Os mandados judiciais foram cumpridos em desfavor de dois homens, de 27 e 30 anos, na cidade da Zona da Mata mineira.<\/em><\/p>\n<p>Nesta quarta-feira (12\/1), a Pol\u00edcia Civil de Minas Gerais efetuou a pris\u00e3o de dois foragidos da Justi\u00e7a do estado do Rio de Janeiro, no munic\u00edpio de Ub\u00e1, na Zona da Mata mineira<em>.<\/em><\/p>\n<p>Em virtude de mandado judicial de condena\u00e7\u00e3o pela pr\u00e1tica do crime roubo, expedido pelo Tribunal de Justi\u00e7a do Estado do Rio de Janeiro, um rapaz de 27 anos foi preso no Bairro S\u00e3o Judas Tadeu. A pr\u00e1tica criminosa foi cometida em 2016.<\/p>\n<div id=\"metaslider-id-17652\" style=\"max-width: 1000px;\" class=\"ml-slider-3-106-0 metaslider metaslider-nivo metaslider-17652 ml-slider ms-theme-outline\" role=\"region\" aria-label=\"Texto\" data-height=\"200\" data-width=\"1000\">\n    <div id=\"metaslider_container_17652\">\n        <div class='slider-wrapper theme-default'><div class='ribbon'><\/div><div id='metaslider_17652' class='nivoSlider'><\/div><\/div>\n        \n    <\/div>\n<\/div>\n<p>Posteriormente, a equipe de policiais civis tamb\u00e9m conseguiu localizar outro homem, de 30 anos, no Bairro Conc\u00f3rdia, onde foi realizado o cumprimento de mandado judicial de condena\u00e7\u00e3o pelo crime de tr\u00e1fico de drogas, tamb\u00e9m expedido pelo TJ do Rio. O crime teria sido praticado na rodovi\u00e1ria do Rio de Janeiro, em 2017.<\/p>\n<p>Ap\u00f3s as a\u00e7\u00f5es policiais, os homens foram encaminhados \u00e0 unidade policial e, posteriormente, ao sistema prisional.<\/p>\n<p><strong>Assessoria de Comunica\u00e7\u00e3o Pol\u00edcia Civil de Minas Gerais<\/strong><\/p>\n<div style=\"width: 840px;\" class=\"wp-video\"><video class=\"wp-video-shortcode\" id=\"video-21092-1\" width=\"840\" height=\"473\" autoplay preload=\"auto\" controls=\"controls\"><source type=\"video\/mp4\" src=\"https:\/\/ubanews.com\/site\/wp-content\/uploads\/2020\/12\/01020002.00_00_53_25.mp4?_=1\" \/><a href=\"https:\/\/ubanews.com\/site\/wp-content\/uploads\/2020\/12\/01020002.00_00_53_25.mp4\">https:\/\/ubanews.com\/site\/wp-content\/uploads\/2020\/12\/01020002.00_00_53_25.mp4<\/a><\/video><\/div>\n","protected":false},"excerpt":{"rendered":"<p>Os mandados judiciais foram cumpridos em desfavor de dois homens,<\/p>\n","protected":false},"author":2,"featured_media":10118,"comment_status":"open","ping_status":"open","sticky":false,"template":"","format":"standard","meta":{"footnotes":""},"categories":[13],"tags":[],"class_list":["post-21092","post","type-post","status-publish","format-standard","has-post-thumbnail","hentry","category-sintese-das-ocorrencias"],"yoast_head":"<!-- This site is optimized with the Yoast SEO plugin v27.2 - https:\/\/yoast.com\/product\/yoast-seo-wordpress\/ -->\n<title>PCMG prende em Ub\u00e1 foragidos do estado do Rio de Janeiro - Ub\u00e1 News<\/title>\n<meta name=\"robots\" content=\"index, follow, max-snippet:-1, max-image-preview:large, max-video-preview:-1\" \/>\n<link rel=\"canonical\" href=\"https:\/\/ubanews.com\/site\/2022\/01\/12\/pcmg-prende-em-uba-foragidos-do-estado-do-rio-de-janeiro\/\" \/>\n<meta property=\"og:locale\" content=\"pt_BR\" \/>\n<meta property=\"og:type\" content=\"article\" \/>\n<meta property=\"og:title\" content=\"PCMG prende em Ub\u00e1 foragidos do estado do Rio de Janeiro - Ub\u00e1 News\" \/>\n<meta property=\"og:description\" content=\"Os mandados judiciais foram cumpridos em desfavor de dois homens,\" \/>\n<meta property=\"og:url\" content=\"https:\/\/ubanews.com\/site\/2022\/01\/12\/pcmg-prende-em-uba-foragidos-do-estado-do-rio-de-janeiro\/\" \/>\n<meta property=\"og:site_name\" content=\"Ub\u00e1 News\" \/>\n<meta property=\"article:publisher\" content=\"https:\/\/www.facebook.com\/Ub%c3%a1News-Carlos-Roberto-Sodr%c3%a9-418778301977370\" \/>\n<meta property=\"article:author\" content=\"https:\/\/www.facebook.com\/carosroberto.sodre.5\/\" \/>\n<meta property=\"article:published_time\" content=\"2022-01-12T22:22:46+00:00\" \/>\n<meta property=\"og:image\" content=\"https:\/\/ubanews.com\/site\/wp-content\/uploads\/2019\/01\/01020002.00_00_08_35.Quadro002.jpg\" \/>\n\t<meta property=\"og:image:width\" content=\"800\" \/>\n\t<meta property=\"og:image:height\" content=\"389\" \/>\n\t<meta property=\"og:image:type\" content=\"image\/jpeg\" \/>\n<meta name=\"author\" content=\"Sodr\u00e9\" \/>\n<meta name=\"twitter:card\" content=\"summary_large_image\" \/>\n<meta name=\"twitter:label1\" content=\"Escrito por\" \/>\n\t<meta name=\"twitter:data1\" content=\"Sodr\u00e9\" \/>\n\t<meta name=\"twitter:label2\" content=\"Est. tempo de leitura\" \/>\n\t<meta name=\"twitter:data2\" content=\"1 minuto\" \/>\n<script type=\"application\/ld+json\" class=\"yoast-schema-graph\">{\"@context\":\"https:\/\/schema.org\",\"@graph\":[{\"@type\":\"Article\",\"@id\":\"https:\/\/ubanews.com\/site\/2022\/01\/12\/pcmg-prende-em-uba-foragidos-do-estado-do-rio-de-janeiro\/#article\",\"isPartOf\":{\"@id\":\"https:\/\/ubanews.com\/site\/2022\/01\/12\/pcmg-prende-em-uba-foragidos-do-estado-do-rio-de-janeiro\/\"},\"author\":{\"name\":\"Sodr\u00e9\",\"@id\":\"https:\/\/ubanews.com\/site\/#\/schema\/person\/d90c9e47252fbb63dcc969fe4c8b9d10\"},\"headline\":\"PCMG prende em Ub\u00e1 foragidos do estado do Rio de Janeiro\",\"datePublished\":\"2022-01-12T22:22:46+00:00\",\"mainEntityOfPage\":{\"@id\":\"https:\/\/ubanews.com\/site\/2022\/01\/12\/pcmg-prende-em-uba-foragidos-do-estado-do-rio-de-janeiro\/\"},\"wordCount\":212,\"commentCount\":0,\"publisher\":{\"@id\":\"https:\/\/ubanews.com\/site\/#organization\"},\"image\":{\"@id\":\"https:\/\/ubanews.com\/site\/2022\/01\/12\/pcmg-prende-em-uba-foragidos-do-estado-do-rio-de-janeiro\/#primaryimage\"},\"thumbnailUrl\":\"https:\/\/ubanews.com\/site\/wp-content\/uploads\/2019\/01\/01020002.00_00_08_35.Quadro002.jpg\",\"articleSection\":[\"S\u00edntese das Ocorr\u00eancias\"],\"inLanguage\":\"pt-BR\",\"potentialAction\":[{\"@type\":\"CommentAction\",\"name\":\"Comment\",\"target\":[\"https:\/\/ubanews.com\/site\/2022\/01\/12\/pcmg-prende-em-uba-foragidos-do-estado-do-rio-de-janeiro\/#respond\"]}]},{\"@type\":\"WebPage\",\"@id\":\"https:\/\/ubanews.com\/site\/2022\/01\/12\/pcmg-prende-em-uba-foragidos-do-estado-do-rio-de-janeiro\/\",\"url\":\"https:\/\/ubanews.com\/site\/2022\/01\/12\/pcmg-prende-em-uba-foragidos-do-estado-do-rio-de-janeiro\/\",\"name\":\"PCMG prende em Ub\u00e1 foragidos do estado do Rio de Janeiro - Ub\u00e1 News\",\"isPartOf\":{\"@id\":\"https:\/\/ubanews.com\/site\/#website\"},\"primaryImageOfPage\":{\"@id\":\"https:\/\/ubanews.com\/site\/2022\/01\/12\/pcmg-prende-em-uba-foragidos-do-estado-do-rio-de-janeiro\/#primaryimage\"},\"image\":{\"@id\":\"https:\/\/ubanews.com\/site\/2022\/01\/12\/pcmg-prende-em-uba-foragidos-do-estado-do-rio-de-janeiro\/#primaryimage\"},\"thumbnailUrl\":\"https:\/\/ubanews.com\/site\/wp-content\/uploads\/2019\/01\/01020002.00_00_08_35.Quadro002.jpg\",\"datePublished\":\"2022-01-12T22:22:46+00:00\",\"breadcrumb\":{\"@id\":\"https:\/\/ubanews.com\/site\/2022\/01\/12\/pcmg-prende-em-uba-foragidos-do-estado-do-rio-de-janeiro\/#breadcrumb\"},\"inLanguage\":\"pt-BR\",\"potentialAction\":[{\"@type\":\"ReadAction\",\"target\":[\"https:\/\/ubanews.com\/site\/2022\/01\/12\/pcmg-prende-em-uba-foragidos-do-estado-do-rio-de-janeiro\/\"]}]},{\"@type\":\"ImageObject\",\"inLanguage\":\"pt-BR\",\"@id\":\"https:\/\/ubanews.com\/site\/2022\/01\/12\/pcmg-prende-em-uba-foragidos-do-estado-do-rio-de-janeiro\/#primaryimage\",\"url\":\"https:\/\/ubanews.com\/site\/wp-content\/uploads\/2019\/01\/01020002.00_00_08_35.Quadro002.jpg\",\"contentUrl\":\"https:\/\/ubanews.com\/site\/wp-content\/uploads\/2019\/01\/01020002.00_00_08_35.Quadro002.jpg\",\"width\":800,\"height\":389},{\"@type\":\"BreadcrumbList\",\"@id\":\"https:\/\/ubanews.com\/site\/2022\/01\/12\/pcmg-prende-em-uba-foragidos-do-estado-do-rio-de-janeiro\/#breadcrumb\",\"itemListElement\":[{\"@type\":\"ListItem\",\"position\":1,\"name\":\"Home\",\"item\":\"https:\/\/ubanews.com\/site\/\"},{\"@type\":\"ListItem\",\"position\":2,\"name\":\"PCMG prende em Ub\u00e1 foragidos do estado do Rio de Janeiro\"}]},{\"@type\":\"WebSite\",\"@id\":\"https:\/\/ubanews.com\/site\/#website\",\"url\":\"https:\/\/ubanews.com\/site\/\",\"name\":\"Ub\u00e1 News\",\"description\":\"\",\"publisher\":{\"@id\":\"https:\/\/ubanews.com\/site\/#organization\"},\"potentialAction\":[{\"@type\":\"SearchAction\",\"target\":{\"@type\":\"EntryPoint\",\"urlTemplate\":\"https:\/\/ubanews.com\/site\/?s={search_term_string}\"},\"query-input\":{\"@type\":\"PropertyValueSpecification\",\"valueRequired\":true,\"valueName\":\"search_term_string\"}}],\"inLanguage\":\"pt-BR\"},{\"@type\":\"Organization\",\"@id\":\"https:\/\/ubanews.com\/site\/#organization\",\"name\":\"Ub\u00e1 News\",\"url\":\"https:\/\/ubanews.com\/site\/\",\"logo\":{\"@type\":\"ImageObject\",\"inLanguage\":\"pt-BR\",\"@id\":\"https:\/\/ubanews.com\/site\/#\/schema\/logo\/image\/\",\"url\":\"https:\/\/ubanews.com\/site\/wp-content\/uploads\/2018\/01\/logoubanews.png\",\"contentUrl\":\"https:\/\/ubanews.com\/site\/wp-content\/uploads\/2018\/01\/logoubanews.png\",\"width\":261,\"height\":99,\"caption\":\"Ub\u00e1 News\"},\"image\":{\"@id\":\"https:\/\/ubanews.com\/site\/#\/schema\/logo\/image\/\"},\"sameAs\":[\"https:\/\/www.facebook.com\/Ub\u00e1News-Carlos-Roberto-Sodr\u00e9-418778301977370\"]},{\"@type\":\"Person\",\"@id\":\"https:\/\/ubanews.com\/site\/#\/schema\/person\/d90c9e47252fbb63dcc969fe4c8b9d10\",\"name\":\"Sodr\u00e9\",\"image\":{\"@type\":\"ImageObject\",\"inLanguage\":\"pt-BR\",\"@id\":\"https:\/\/secure.gravatar.com\/avatar\/5ba2793f0590b9dbfad3fdec4ee714485b3eef211c9b32ee53d414060454a56c?s=96&d=mm&r=g\",\"url\":\"https:\/\/secure.gravatar.com\/avatar\/5ba2793f0590b9dbfad3fdec4ee714485b3eef211c9b32ee53d414060454a56c?s=96&d=mm&r=g\",\"contentUrl\":\"https:\/\/secure.gravatar.com\/avatar\/5ba2793f0590b9dbfad3fdec4ee714485b3eef211c9b32ee53d414060454a56c?s=96&d=mm&r=g\",\"caption\":\"Sodr\u00e9\"},\"sameAs\":[\"https:\/\/www.facebook.com\/carosroberto.sodre.5\/\"],\"url\":\"https:\/\/ubanews.com\/site\/author\/felipe\/\"}]}<\/script>\n<!-- \/ Yoast SEO plugin. -->","yoast_head_json":{"title":"PCMG prende em Ub\u00e1 foragidos do estado do Rio de Janeiro - Ub\u00e1 News","robots":{"index":"index","follow":"follow","max-snippet":"max-snippet:-1","max-image-preview":"max-image-preview:large","max-video-preview":"max-video-preview:-1"},"canonical":"https:\/\/ubanews.com\/site\/2022\/01\/12\/pcmg-prende-em-uba-foragidos-do-estado-do-rio-de-janeiro\/","og_locale":"pt_BR","og_type":"article","og_title":"PCMG prende em Ub\u00e1 foragidos do estado do Rio de Janeiro - Ub\u00e1 News","og_description":"Os mandados judiciais foram cumpridos em desfavor de dois homens,","og_url":"https:\/\/ubanews.com\/site\/2022\/01\/12\/pcmg-prende-em-uba-foragidos-do-estado-do-rio-de-janeiro\/","og_site_name":"Ub\u00e1 News","article_publisher":"https:\/\/www.facebook.com\/Ub%c3%a1News-Carlos-Roberto-Sodr%c3%a9-418778301977370","article_author":"https:\/\/www.facebook.com\/carosroberto.sodre.5\/","article_published_time":"2022-01-12T22:22:46+00:00","og_image":[{"width":800,"height":389,"url":"https:\/\/ubanews.com\/site\/wp-content\/uploads\/2019\/01\/01020002.00_00_08_35.Quadro002.jpg","type":"image\/jpeg"}],"author":"Sodr\u00e9","twitter_card":"summary_large_image","twitter_misc":{"Escrito por":"Sodr\u00e9","Est. tempo de leitura":"1 minuto"},"schema":{"@context":"https:\/\/schema.org","@graph":[{"@type":"Article","@id":"https:\/\/ubanews.com\/site\/2022\/01\/12\/pcmg-prende-em-uba-foragidos-do-estado-do-rio-de-janeiro\/#article","isPartOf":{"@id":"https:\/\/ubanews.com\/site\/2022\/01\/12\/pcmg-prende-em-uba-foragidos-do-estado-do-rio-de-janeiro\/"},"author":{"name":"Sodr\u00e9","@id":"https:\/\/ubanews.com\/site\/#\/schema\/person\/d90c9e47252fbb63dcc969fe4c8b9d10"},"headline":"PCMG prende em Ub\u00e1 foragidos do estado do Rio de Janeiro","datePublished":"2022-01-12T22:22:46+00:00","mainEntityOfPage":{"@id":"https:\/\/ubanews.com\/site\/2022\/01\/12\/pcmg-prende-em-uba-foragidos-do-estado-do-rio-de-janeiro\/"},"wordCount":212,"commentCount":0,"publisher":{"@id":"https:\/\/ubanews.com\/site\/#organization"},"image":{"@id":"https:\/\/ubanews.com\/site\/2022\/01\/12\/pcmg-prende-em-uba-foragidos-do-estado-do-rio-de-janeiro\/#primaryimage"},"thumbnailUrl":"https:\/\/ubanews.com\/site\/wp-content\/uploads\/2019\/01\/01020002.00_00_08_35.Quadro002.jpg","articleSection":["S\u00edntese das Ocorr\u00eancias"],"inLanguage":"pt-BR","potentialAction":[{"@type":"CommentAction","name":"Comment","target":["https:\/\/ubanews.com\/site\/2022\/01\/12\/pcmg-prende-em-uba-foragidos-do-estado-do-rio-de-janeiro\/#respond"]}]},{"@type":"WebPage","@id":"https:\/\/ubanews.com\/site\/2022\/01\/12\/pcmg-prende-em-uba-foragidos-do-estado-do-rio-de-janeiro\/","url":"https:\/\/ubanews.com\/site\/2022\/01\/12\/pcmg-prende-em-uba-foragidos-do-estado-do-rio-de-janeiro\/","name":"PCMG prende em Ub\u00e1 foragidos do estado do Rio de Janeiro - Ub\u00e1 News","isPartOf":{"@id":"https:\/\/ubanews.com\/site\/#website"},"primaryImageOfPage":{"@id":"https:\/\/ubanews.com\/site\/2022\/01\/12\/pcmg-prende-em-uba-foragidos-do-estado-do-rio-de-janeiro\/#primaryimage"},"image":{"@id":"https:\/\/ubanews.com\/site\/2022\/01\/12\/pcmg-prende-em-uba-foragidos-do-estado-do-rio-de-janeiro\/#primaryimage"},"thumbnailUrl":"https:\/\/ubanews.com\/site\/wp-content\/uploads\/2019\/01\/01020002.00_00_08_35.Quadro002.jpg","datePublished":"2022-01-12T22:22:46+00:00","breadcrumb":{"@id":"https:\/\/ubanews.com\/site\/2022\/01\/12\/pcmg-prende-em-uba-foragidos-do-estado-do-rio-de-janeiro\/#breadcrumb"},"inLanguage":"pt-BR","potentialAction":[{"@type":"ReadAction","target":["https:\/\/ubanews.com\/site\/2022\/01\/12\/pcmg-prende-em-uba-foragidos-do-estado-do-rio-de-janeiro\/"]}]},{"@type":"ImageObject","inLanguage":"pt-BR","@id":"https:\/\/ubanews.com\/site\/2022\/01\/12\/pcmg-prende-em-uba-foragidos-do-estado-do-rio-de-janeiro\/#primaryimage","url":"https:\/\/ubanews.com\/site\/wp-content\/uploads\/2019\/01\/01020002.00_00_08_35.Quadro002.jpg","contentUrl":"https:\/\/ubanews.com\/site\/wp-content\/uploads\/2019\/01\/01020002.00_00_08_35.Quadro002.jpg","width":800,"height":389},{"@type":"BreadcrumbList","@id":"https:\/\/ubanews.com\/site\/2022\/01\/12\/pcmg-prende-em-uba-foragidos-do-estado-do-rio-de-janeiro\/#breadcrumb","itemListElement":[{"@type":"ListItem","position":1,"name":"Home","item":"https:\/\/ubanews.com\/site\/"},{"@type":"ListItem","position":2,"name":"PCMG prende em Ub\u00e1 foragidos do estado do Rio de Janeiro"}]},{"@type":"WebSite","@id":"https:\/\/ubanews.com\/site\/#website","url":"https:\/\/ubanews.com\/site\/","name":"Ub\u00e1 News","description":"","publisher":{"@id":"https:\/\/ubanews.com\/site\/#organization"},"potentialAction":[{"@type":"SearchAction","target":{"@type":"EntryPoint","urlTemplate":"https:\/\/ubanews.com\/site\/?s={search_term_string}"},"query-input":{"@type":"PropertyValueSpecification","valueRequired":true,"valueName":"search_term_string"}}],"inLanguage":"pt-BR"},{"@type":"Organization","@id":"https:\/\/ubanews.com\/site\/#organization","name":"Ub\u00e1 News","url":"https:\/\/ubanews.com\/site\/","logo":{"@type":"ImageObject","inLanguage":"pt-BR","@id":"https:\/\/ubanews.com\/site\/#\/schema\/logo\/image\/","url":"https:\/\/ubanews.com\/site\/wp-content\/uploads\/2018\/01\/logoubanews.png","contentUrl":"https:\/\/ubanews.com\/site\/wp-content\/uploads\/2018\/01\/logoubanews.png","width":261,"height":99,"caption":"Ub\u00e1 News"},"image":{"@id":"https:\/\/ubanews.com\/site\/#\/schema\/logo\/image\/"},"sameAs":["https:\/\/www.facebook.com\/Ub\u00e1News-Carlos-Roberto-Sodr\u00e9-418778301977370"]},{"@type":"Person","@id":"https:\/\/ubanews.com\/site\/#\/schema\/person\/d90c9e47252fbb63dcc969fe4c8b9d10","name":"Sodr\u00e9","image":{"@type":"ImageObject","inLanguage":"pt-BR","@id":"https:\/\/secure.gravatar.com\/avatar\/5ba2793f0590b9dbfad3fdec4ee714485b3eef211c9b32ee53d414060454a56c?s=96&d=mm&r=g","url":"https:\/\/secure.gravatar.com\/avatar\/5ba2793f0590b9dbfad3fdec4ee714485b3eef211c9b32ee53d414060454a56c?s=96&d=mm&r=g","contentUrl":"https:\/\/secure.gravatar.com\/avatar\/5ba2793f0590b9dbfad3fdec4ee714485b3eef211c9b32ee53d414060454a56c?s=96&d=mm&r=g","caption":"Sodr\u00e9"},"sameAs":["https:\/\/www.facebook.com\/carosroberto.sodre.5\/"],"url":"https:\/\/ubanews.com\/site\/author\/felipe\/"}]}},"_links":{"self":[{"href":"https:\/\/ubanews.com\/site\/wp-json\/wp\/v2\/posts\/21092","targetHints":{"allow":["GET"]}}],"collection":[{"href":"https:\/\/ubanews.com\/site\/wp-json\/wp\/v2\/posts"}],"about":[{"href":"https:\/\/ubanews.com\/site\/wp-json\/wp\/v2\/types\/post"}],"author":[{"embeddable":true,"href":"https:\/\/ubanews.com\/site\/wp-json\/wp\/v2\/users\/2"}],"replies":[{"embeddable":true,"href":"https:\/\/ubanews.com\/site\/wp-json\/wp\/v2\/comments?post=21092"}],"version-history":[{"count":0,"href":"https:\/\/ubanews.com\/site\/wp-json\/wp\/v2\/posts\/21092\/revisions"}],"wp:featuredmedia":[{"embeddable":true,"href":"https:\/\/ubanews.com\/site\/wp-json\/wp\/v2\/media\/10118"}],"wp:attachment":[{"href":"https:\/\/ubanews.com\/site\/wp-json\/wp\/v2\/media?parent=21092"}],"wp:term":[{"taxonomy":"category","embeddable":true,"href":"https:\/\/ubanews.com\/site\/wp-json\/wp\/v2\/categories?post=21092"},{"taxonomy":"post_tag","embeddable":true,"href":"https:\/\/ubanews.com\/site\/wp-json\/wp\/v2\/tags?post=21092"}],"curies":[{"name":"wp","href":"https:\/\/api.w.org\/{rel}","templated":true}]}}