{"id":21078,"date":"2022-01-04T17:19:10","date_gmt":"2022-01-04T20:19:10","guid":{"rendered":"http:\/\/ubanews.com\/site\/?p=21078"},"modified":"2022-01-04T17:19:10","modified_gmt":"2022-01-04T20:19:10","slug":"ibge-prorrogou-as-inscricoes-para-processo-seletivo-de-contratacao-temporaria","status":"publish","type":"post","link":"https:\/\/ubanews.com\/site\/2022\/01\/04\/ibge-prorrogou-as-inscricoes-para-processo-seletivo-de-contratacao-temporaria\/","title":{"rendered":"IBGE PRORROGOU AS INSCRI\u00c7\u00d5ES PARA PROCESSO SELETIVO DE CONTRATA\u00c7\u00c3O TEMPOR\u00c1RIA"},"content":{"rendered":"<div class=\"kvgmc6g5 cxmmr5t8 oygrvhab hcukyx3x c1et5uql ii04i59q\">\n<div dir=\"auto\">O IBGE, Instituto Brasileiro de Geografia e Estat\u00edstica, prorrogou as inscri\u00e7\u00f5es para processo seletivo para a contrata\u00e7\u00e3o tempor\u00e1ria de pessoas que atuar\u00e3o na organiza\u00e7\u00e3o e na coleta do Censo Demogr\u00e1fico 2022. Para o Munic\u00edpio de Ub\u00e1 ser\u00e3o ofertadas vagas para os cargos de Agente Censit\u00e1rio e Recenseador.<\/div>\n<\/div>\n<div class=\"cxmmr5t8 oygrvhab hcukyx3x c1et5uql o9v6fnle ii04i59q\">\n<div dir=\"auto\">Para concorrer a vaga de Recenseador, o candidato deve ter n\u00edvel fundamental completo e para Agente Censit\u00e1rio ensino m\u00e9dio conclu\u00eddo. Pode pedir isen\u00e7\u00e3o do pagamento da taxa de inscri\u00e7\u00e3o o candidato economicamente hipossuficiente que estiver inscrito no Cadastro \u00danico para Programas Sociais do Governo Federal \u2013 Cad\u00danico; e o candidato doador de medula \u00f3ssea em entidades reconhecidas pelo Minist\u00e9rio da Sa\u00fade. As provas s\u00e3o em hor\u00e1rios diferentes, sendo poss\u00edvel se inscrever nos dois processos seletivos.<\/div>\n<div dir=\"auto\">As inscri\u00e7\u00f5es podem ser realizadas atrav\u00e9s do site:<\/div>\n<div dir=\"auto\"><a class=\"oajrlxb2 g5ia77u1 qu0x051f esr5mh6w e9989ue4 r7d6kgcz rq0escxv nhd2j8a9 nc684nl6 p7hjln8o kvgmc6g5 cxmmr5t8 oygrvhab hcukyx3x jb3vyjys rz4wbd8a qt6c0cv9 a8nywdso i1ao9s8h esuyzwwr f1sip0of lzcic4wl gpro0wi8 py34i1dx\" tabindex=\"0\" role=\"link\" href=\"https:\/\/conhecimento.fgv.br\/concursos\/ibgepss21?fbclid=IwAR3MAFEcqlbjiLyjoLw7k4rmX18sL0GjpuYzTNsBCPazSR-5o7cLm6aCAYM\" target=\"_blank\" rel=\"nofollow noopener noreferrer\">https:\/\/conhecimento.fgv.br\/concursos\/ibgepss21<\/a><\/div>\n<div dir=\"auto\">at\u00e9 dia o 21\/01\/2022.<\/div>\n<div dir=\"auto\">Para maiores informa\u00e7\u00f5es acesse <a class=\"oajrlxb2 g5ia77u1 qu0x051f esr5mh6w e9989ue4 r7d6kgcz rq0escxv nhd2j8a9 nc684nl6 p7hjln8o kvgmc6g5 cxmmr5t8 oygrvhab hcukyx3x jb3vyjys rz4wbd8a qt6c0cv9 a8nywdso i1ao9s8h esuyzwwr f1sip0of lzcic4wl gpro0wi8 py34i1dx\" tabindex=\"0\" role=\"link\" href=\"http:\/\/www.ibge.gov.br\/?fbclid=IwAR3Of6Fp1F79xSu0L6UJi1WOJldUvcwfMQmYxRiKhDI4yGpLyTrqHA3NshI\" target=\"_blank\" rel=\"nofollow noopener noreferrer\">www.ibge.gov.br<\/a><\/div>\n<\/div>\n<div dir=\"auto\">&nbsp;<\/div>\n<div dir=\"auto\"><a href=\"https:\/\/ubanews.com\/site\/wp-content\/uploads\/2022\/01\/0002.png\"><img decoding=\"async\" class=\"aligncenter size-full wp-image-21079 lazyload\" data-src=\"https:\/\/ubanews.com\/site\/wp-content\/uploads\/2022\/01\/0002.png\" alt=\"\" width=\"852\" height=\"851\" data-srcset=\"https:\/\/ubanews.com\/site\/wp-content\/uploads\/2022\/01\/0002.png 852w, https:\/\/ubanews.com\/site\/wp-content\/uploads\/2022\/01\/0002-300x300.png 300w, https:\/\/ubanews.com\/site\/wp-content\/uploads\/2022\/01\/0002-150x150.png 150w, https:\/\/ubanews.com\/site\/wp-content\/uploads\/2022\/01\/0002-768x767.png 768w\" data-sizes=\"(max-width: 852px) 100vw, 852px\" src=\"data:image\/svg+xml;base64,PHN2ZyB3aWR0aD0iMSIgaGVpZ2h0PSIxIiB4bWxucz0iaHR0cDovL3d3dy53My5vcmcvMjAwMC9zdmciPjwvc3ZnPg==\" style=\"--smush-placeholder-width: 852px; --smush-placeholder-aspect-ratio: 852\/851;\" \/><\/a><\/div>\n<div dir=\"auto\">&nbsp;<\/div>\n<div dir=\"auto\"><a href=\"https:\/\/ubanews.com\/site\/wp-content\/uploads\/2022\/01\/0001.png\"><img decoding=\"async\" class=\"aligncenter size-full wp-image-21080 lazyload\" data-src=\"https:\/\/ubanews.com\/site\/wp-content\/uploads\/2022\/01\/0001.png\" alt=\"\" width=\"854\" height=\"852\" data-srcset=\"https:\/\/ubanews.com\/site\/wp-content\/uploads\/2022\/01\/0001.png 854w, https:\/\/ubanews.com\/site\/wp-content\/uploads\/2022\/01\/0001-300x300.png 300w, https:\/\/ubanews.com\/site\/wp-content\/uploads\/2022\/01\/0001-150x150.png 150w, https:\/\/ubanews.com\/site\/wp-content\/uploads\/2022\/01\/0001-768x766.png 768w\" data-sizes=\"(max-width: 854px) 100vw, 854px\" src=\"data:image\/svg+xml;base64,PHN2ZyB3aWR0aD0iMSIgaGVpZ2h0PSIxIiB4bWxucz0iaHR0cDovL3d3dy53My5vcmcvMjAwMC9zdmciPjwvc3ZnPg==\" style=\"--smush-placeholder-width: 854px; --smush-placeholder-aspect-ratio: 854\/852;\" \/><\/a><\/div>\n<div dir=\"auto\">&nbsp;<\/div>\n<div dir=\"auto\"><a href=\"https:\/\/ubanews.com\/site\/wp-content\/uploads\/2022\/01\/0003.png\"><img decoding=\"async\" class=\"aligncenter size-full wp-image-21081 lazyload\" data-src=\"https:\/\/ubanews.com\/site\/wp-content\/uploads\/2022\/01\/0003.png\" alt=\"\" width=\"852\" height=\"855\" data-srcset=\"https:\/\/ubanews.com\/site\/wp-content\/uploads\/2022\/01\/0003.png 852w, https:\/\/ubanews.com\/site\/wp-content\/uploads\/2022\/01\/0003-300x300.png 300w, https:\/\/ubanews.com\/site\/wp-content\/uploads\/2022\/01\/0003-150x150.png 150w, https:\/\/ubanews.com\/site\/wp-content\/uploads\/2022\/01\/0003-768x771.png 768w\" data-sizes=\"(max-width: 852px) 100vw, 852px\" src=\"data:image\/svg+xml;base64,PHN2ZyB3aWR0aD0iMSIgaGVpZ2h0PSIxIiB4bWxucz0iaHR0cDovL3d3dy53My5vcmcvMjAwMC9zdmciPjwvc3ZnPg==\" style=\"--smush-placeholder-width: 852px; --smush-placeholder-aspect-ratio: 852\/855;\" \/><\/a><\/div>\n<div dir=\"auto\">&nbsp;<\/div>\n<div dir=\"auto\"><strong>Assessoria de Comunica\u00e7\u00e3o Prefeitura de Ub\u00e1<\/strong><\/div>\n<div dir=\"auto\">&nbsp;<\/div>\n<div dir=\"auto\">\n<div style=\"width: 840px;\" class=\"wp-video\"><video class=\"wp-video-shortcode\" id=\"video-21078-1\" width=\"840\" height=\"473\" autoplay preload=\"auto\" controls=\"controls\"><source type=\"video\/mp4\" src=\"https:\/\/ubanews.com\/site\/wp-content\/uploads\/2020\/12\/01020002.00_00_53_25.mp4?_=1\" \/><a href=\"https:\/\/ubanews.com\/site\/wp-content\/uploads\/2020\/12\/01020002.00_00_53_25.mp4\">https:\/\/ubanews.com\/site\/wp-content\/uploads\/2020\/12\/01020002.00_00_53_25.mp4<\/a><\/video><\/div>\n<\/div>\n","protected":false},"excerpt":{"rendered":"<p>O IBGE, Instituto Brasileiro de Geografia e Estat\u00edstica, prorrogou as<\/p>\n","protected":false},"author":2,"featured_media":18449,"comment_status":"open","ping_status":"open","sticky":false,"template":"","format":"standard","meta":{"footnotes":""},"categories":[15],"tags":[],"class_list":["post-21078","post","type-post","status-publish","format-standard","has-post-thumbnail","hentry","category-prefeitura-municipal"],"yoast_head":"<!-- This site is optimized with the Yoast SEO plugin v27.2 - https:\/\/yoast.com\/product\/yoast-seo-wordpress\/ -->\n<title>IBGE PRORROGOU AS INSCRI\u00c7\u00d5ES PARA PROCESSO SELETIVO DE CONTRATA\u00c7\u00c3O TEMPOR\u00c1RIA - Ub\u00e1 News<\/title>\n<meta name=\"robots\" content=\"index, follow, max-snippet:-1, max-image-preview:large, max-video-preview:-1\" \/>\n<link rel=\"canonical\" href=\"https:\/\/ubanews.com\/site\/2022\/01\/04\/ibge-prorrogou-as-inscricoes-para-processo-seletivo-de-contratacao-temporaria\/\" \/>\n<meta property=\"og:locale\" content=\"pt_BR\" \/>\n<meta property=\"og:type\" content=\"article\" \/>\n<meta property=\"og:title\" content=\"IBGE PRORROGOU AS INSCRI\u00c7\u00d5ES PARA PROCESSO SELETIVO DE CONTRATA\u00c7\u00c3O TEMPOR\u00c1RIA - Ub\u00e1 News\" \/>\n<meta property=\"og:description\" content=\"O IBGE, Instituto Brasileiro de Geografia e Estat\u00edstica, prorrogou as\" \/>\n<meta property=\"og:url\" content=\"https:\/\/ubanews.com\/site\/2022\/01\/04\/ibge-prorrogou-as-inscricoes-para-processo-seletivo-de-contratacao-temporaria\/\" \/>\n<meta property=\"og:site_name\" content=\"Ub\u00e1 News\" \/>\n<meta property=\"article:publisher\" content=\"https:\/\/www.facebook.com\/Ub%c3%a1News-Carlos-Roberto-Sodr%c3%a9-418778301977370\" \/>\n<meta property=\"article:author\" content=\"https:\/\/www.facebook.com\/carosroberto.sodre.5\/\" \/>\n<meta property=\"article:published_time\" content=\"2022-01-04T20:19:10+00:00\" \/>\n<meta property=\"og:image\" content=\"https:\/\/ubanews.com\/site\/wp-content\/uploads\/2020\/09\/IBGE.jpg\" \/>\n\t<meta property=\"og:image:width\" content=\"1000\" \/>\n\t<meta property=\"og:image:height\" content=\"500\" \/>\n\t<meta property=\"og:image:type\" content=\"image\/jpeg\" \/>\n<meta name=\"author\" content=\"Sodr\u00e9\" \/>\n<meta name=\"twitter:card\" content=\"summary_large_image\" \/>\n<meta name=\"twitter:label1\" content=\"Escrito por\" \/>\n\t<meta name=\"twitter:data1\" content=\"Sodr\u00e9\" \/>\n\t<meta name=\"twitter:label2\" content=\"Est. tempo de leitura\" \/>\n\t<meta name=\"twitter:data2\" content=\"2 minutos\" \/>\n<script type=\"application\/ld+json\" class=\"yoast-schema-graph\">{\"@context\":\"https:\/\/schema.org\",\"@graph\":[{\"@type\":\"Article\",\"@id\":\"https:\/\/ubanews.com\/site\/2022\/01\/04\/ibge-prorrogou-as-inscricoes-para-processo-seletivo-de-contratacao-temporaria\/#article\",\"isPartOf\":{\"@id\":\"https:\/\/ubanews.com\/site\/2022\/01\/04\/ibge-prorrogou-as-inscricoes-para-processo-seletivo-de-contratacao-temporaria\/\"},\"author\":{\"name\":\"Sodr\u00e9\",\"@id\":\"https:\/\/ubanews.com\/site\/#\/schema\/person\/d90c9e47252fbb63dcc969fe4c8b9d10\"},\"headline\":\"IBGE PRORROGOU AS INSCRI\u00c7\u00d5ES PARA PROCESSO SELETIVO DE CONTRATA\u00c7\u00c3O TEMPOR\u00c1RIA\",\"datePublished\":\"2022-01-04T20:19:10+00:00\",\"mainEntityOfPage\":{\"@id\":\"https:\/\/ubanews.com\/site\/2022\/01\/04\/ibge-prorrogou-as-inscricoes-para-processo-seletivo-de-contratacao-temporaria\/\"},\"wordCount\":211,\"commentCount\":0,\"publisher\":{\"@id\":\"https:\/\/ubanews.com\/site\/#organization\"},\"image\":{\"@id\":\"https:\/\/ubanews.com\/site\/2022\/01\/04\/ibge-prorrogou-as-inscricoes-para-processo-seletivo-de-contratacao-temporaria\/#primaryimage\"},\"thumbnailUrl\":\"https:\/\/ubanews.com\/site\/wp-content\/uploads\/2020\/09\/IBGE.jpg\",\"articleSection\":[\"Prefeitura Municipal\"],\"inLanguage\":\"pt-BR\",\"potentialAction\":[{\"@type\":\"CommentAction\",\"name\":\"Comment\",\"target\":[\"https:\/\/ubanews.com\/site\/2022\/01\/04\/ibge-prorrogou-as-inscricoes-para-processo-seletivo-de-contratacao-temporaria\/#respond\"]}]},{\"@type\":\"WebPage\",\"@id\":\"https:\/\/ubanews.com\/site\/2022\/01\/04\/ibge-prorrogou-as-inscricoes-para-processo-seletivo-de-contratacao-temporaria\/\",\"url\":\"https:\/\/ubanews.com\/site\/2022\/01\/04\/ibge-prorrogou-as-inscricoes-para-processo-seletivo-de-contratacao-temporaria\/\",\"name\":\"IBGE PRORROGOU AS INSCRI\u00c7\u00d5ES PARA PROCESSO SELETIVO DE CONTRATA\u00c7\u00c3O TEMPOR\u00c1RIA - Ub\u00e1 News\",\"isPartOf\":{\"@id\":\"https:\/\/ubanews.com\/site\/#website\"},\"primaryImageOfPage\":{\"@id\":\"https:\/\/ubanews.com\/site\/2022\/01\/04\/ibge-prorrogou-as-inscricoes-para-processo-seletivo-de-contratacao-temporaria\/#primaryimage\"},\"image\":{\"@id\":\"https:\/\/ubanews.com\/site\/2022\/01\/04\/ibge-prorrogou-as-inscricoes-para-processo-seletivo-de-contratacao-temporaria\/#primaryimage\"},\"thumbnailUrl\":\"https:\/\/ubanews.com\/site\/wp-content\/uploads\/2020\/09\/IBGE.jpg\",\"datePublished\":\"2022-01-04T20:19:10+00:00\",\"breadcrumb\":{\"@id\":\"https:\/\/ubanews.com\/site\/2022\/01\/04\/ibge-prorrogou-as-inscricoes-para-processo-seletivo-de-contratacao-temporaria\/#breadcrumb\"},\"inLanguage\":\"pt-BR\",\"potentialAction\":[{\"@type\":\"ReadAction\",\"target\":[\"https:\/\/ubanews.com\/site\/2022\/01\/04\/ibge-prorrogou-as-inscricoes-para-processo-seletivo-de-contratacao-temporaria\/\"]}]},{\"@type\":\"ImageObject\",\"inLanguage\":\"pt-BR\",\"@id\":\"https:\/\/ubanews.com\/site\/2022\/01\/04\/ibge-prorrogou-as-inscricoes-para-processo-seletivo-de-contratacao-temporaria\/#primaryimage\",\"url\":\"https:\/\/ubanews.com\/site\/wp-content\/uploads\/2020\/09\/IBGE.jpg\",\"contentUrl\":\"https:\/\/ubanews.com\/site\/wp-content\/uploads\/2020\/09\/IBGE.jpg\",\"width\":1000,\"height\":500},{\"@type\":\"BreadcrumbList\",\"@id\":\"https:\/\/ubanews.com\/site\/2022\/01\/04\/ibge-prorrogou-as-inscricoes-para-processo-seletivo-de-contratacao-temporaria\/#breadcrumb\",\"itemListElement\":[{\"@type\":\"ListItem\",\"position\":1,\"name\":\"Home\",\"item\":\"https:\/\/ubanews.com\/site\/\"},{\"@type\":\"ListItem\",\"position\":2,\"name\":\"IBGE PRORROGOU AS INSCRI\u00c7\u00d5ES PARA PROCESSO SELETIVO DE CONTRATA\u00c7\u00c3O TEMPOR\u00c1RIA\"}]},{\"@type\":\"WebSite\",\"@id\":\"https:\/\/ubanews.com\/site\/#website\",\"url\":\"https:\/\/ubanews.com\/site\/\",\"name\":\"Ub\u00e1 News\",\"description\":\"\",\"publisher\":{\"@id\":\"https:\/\/ubanews.com\/site\/#organization\"},\"potentialAction\":[{\"@type\":\"SearchAction\",\"target\":{\"@type\":\"EntryPoint\",\"urlTemplate\":\"https:\/\/ubanews.com\/site\/?s={search_term_string}\"},\"query-input\":{\"@type\":\"PropertyValueSpecification\",\"valueRequired\":true,\"valueName\":\"search_term_string\"}}],\"inLanguage\":\"pt-BR\"},{\"@type\":\"Organization\",\"@id\":\"https:\/\/ubanews.com\/site\/#organization\",\"name\":\"Ub\u00e1 News\",\"url\":\"https:\/\/ubanews.com\/site\/\",\"logo\":{\"@type\":\"ImageObject\",\"inLanguage\":\"pt-BR\",\"@id\":\"https:\/\/ubanews.com\/site\/#\/schema\/logo\/image\/\",\"url\":\"https:\/\/ubanews.com\/site\/wp-content\/uploads\/2018\/01\/logoubanews.png\",\"contentUrl\":\"https:\/\/ubanews.com\/site\/wp-content\/uploads\/2018\/01\/logoubanews.png\",\"width\":261,\"height\":99,\"caption\":\"Ub\u00e1 News\"},\"image\":{\"@id\":\"https:\/\/ubanews.com\/site\/#\/schema\/logo\/image\/\"},\"sameAs\":[\"https:\/\/www.facebook.com\/Ub\u00e1News-Carlos-Roberto-Sodr\u00e9-418778301977370\"]},{\"@type\":\"Person\",\"@id\":\"https:\/\/ubanews.com\/site\/#\/schema\/person\/d90c9e47252fbb63dcc969fe4c8b9d10\",\"name\":\"Sodr\u00e9\",\"image\":{\"@type\":\"ImageObject\",\"inLanguage\":\"pt-BR\",\"@id\":\"https:\/\/secure.gravatar.com\/avatar\/5ba2793f0590b9dbfad3fdec4ee714485b3eef211c9b32ee53d414060454a56c?s=96&d=mm&r=g\",\"url\":\"https:\/\/secure.gravatar.com\/avatar\/5ba2793f0590b9dbfad3fdec4ee714485b3eef211c9b32ee53d414060454a56c?s=96&d=mm&r=g\",\"contentUrl\":\"https:\/\/secure.gravatar.com\/avatar\/5ba2793f0590b9dbfad3fdec4ee714485b3eef211c9b32ee53d414060454a56c?s=96&d=mm&r=g\",\"caption\":\"Sodr\u00e9\"},\"sameAs\":[\"https:\/\/www.facebook.com\/carosroberto.sodre.5\/\"],\"url\":\"https:\/\/ubanews.com\/site\/author\/felipe\/\"}]}<\/script>\n<!-- \/ Yoast SEO plugin. -->","yoast_head_json":{"title":"IBGE PRORROGOU AS INSCRI\u00c7\u00d5ES PARA PROCESSO SELETIVO DE CONTRATA\u00c7\u00c3O TEMPOR\u00c1RIA - Ub\u00e1 News","robots":{"index":"index","follow":"follow","max-snippet":"max-snippet:-1","max-image-preview":"max-image-preview:large","max-video-preview":"max-video-preview:-1"},"canonical":"https:\/\/ubanews.com\/site\/2022\/01\/04\/ibge-prorrogou-as-inscricoes-para-processo-seletivo-de-contratacao-temporaria\/","og_locale":"pt_BR","og_type":"article","og_title":"IBGE PRORROGOU AS INSCRI\u00c7\u00d5ES PARA PROCESSO SELETIVO DE CONTRATA\u00c7\u00c3O TEMPOR\u00c1RIA - Ub\u00e1 News","og_description":"O IBGE, Instituto Brasileiro de Geografia e Estat\u00edstica, prorrogou as","og_url":"https:\/\/ubanews.com\/site\/2022\/01\/04\/ibge-prorrogou-as-inscricoes-para-processo-seletivo-de-contratacao-temporaria\/","og_site_name":"Ub\u00e1 News","article_publisher":"https:\/\/www.facebook.com\/Ub%c3%a1News-Carlos-Roberto-Sodr%c3%a9-418778301977370","article_author":"https:\/\/www.facebook.com\/carosroberto.sodre.5\/","article_published_time":"2022-01-04T20:19:10+00:00","og_image":[{"width":1000,"height":500,"url":"https:\/\/ubanews.com\/site\/wp-content\/uploads\/2020\/09\/IBGE.jpg","type":"image\/jpeg"}],"author":"Sodr\u00e9","twitter_card":"summary_large_image","twitter_misc":{"Escrito por":"Sodr\u00e9","Est. tempo de leitura":"2 minutos"},"schema":{"@context":"https:\/\/schema.org","@graph":[{"@type":"Article","@id":"https:\/\/ubanews.com\/site\/2022\/01\/04\/ibge-prorrogou-as-inscricoes-para-processo-seletivo-de-contratacao-temporaria\/#article","isPartOf":{"@id":"https:\/\/ubanews.com\/site\/2022\/01\/04\/ibge-prorrogou-as-inscricoes-para-processo-seletivo-de-contratacao-temporaria\/"},"author":{"name":"Sodr\u00e9","@id":"https:\/\/ubanews.com\/site\/#\/schema\/person\/d90c9e47252fbb63dcc969fe4c8b9d10"},"headline":"IBGE PRORROGOU AS INSCRI\u00c7\u00d5ES PARA PROCESSO SELETIVO DE CONTRATA\u00c7\u00c3O TEMPOR\u00c1RIA","datePublished":"2022-01-04T20:19:10+00:00","mainEntityOfPage":{"@id":"https:\/\/ubanews.com\/site\/2022\/01\/04\/ibge-prorrogou-as-inscricoes-para-processo-seletivo-de-contratacao-temporaria\/"},"wordCount":211,"commentCount":0,"publisher":{"@id":"https:\/\/ubanews.com\/site\/#organization"},"image":{"@id":"https:\/\/ubanews.com\/site\/2022\/01\/04\/ibge-prorrogou-as-inscricoes-para-processo-seletivo-de-contratacao-temporaria\/#primaryimage"},"thumbnailUrl":"https:\/\/ubanews.com\/site\/wp-content\/uploads\/2020\/09\/IBGE.jpg","articleSection":["Prefeitura Municipal"],"inLanguage":"pt-BR","potentialAction":[{"@type":"CommentAction","name":"Comment","target":["https:\/\/ubanews.com\/site\/2022\/01\/04\/ibge-prorrogou-as-inscricoes-para-processo-seletivo-de-contratacao-temporaria\/#respond"]}]},{"@type":"WebPage","@id":"https:\/\/ubanews.com\/site\/2022\/01\/04\/ibge-prorrogou-as-inscricoes-para-processo-seletivo-de-contratacao-temporaria\/","url":"https:\/\/ubanews.com\/site\/2022\/01\/04\/ibge-prorrogou-as-inscricoes-para-processo-seletivo-de-contratacao-temporaria\/","name":"IBGE PRORROGOU AS INSCRI\u00c7\u00d5ES PARA PROCESSO SELETIVO DE CONTRATA\u00c7\u00c3O TEMPOR\u00c1RIA - Ub\u00e1 News","isPartOf":{"@id":"https:\/\/ubanews.com\/site\/#website"},"primaryImageOfPage":{"@id":"https:\/\/ubanews.com\/site\/2022\/01\/04\/ibge-prorrogou-as-inscricoes-para-processo-seletivo-de-contratacao-temporaria\/#primaryimage"},"image":{"@id":"https:\/\/ubanews.com\/site\/2022\/01\/04\/ibge-prorrogou-as-inscricoes-para-processo-seletivo-de-contratacao-temporaria\/#primaryimage"},"thumbnailUrl":"https:\/\/ubanews.com\/site\/wp-content\/uploads\/2020\/09\/IBGE.jpg","datePublished":"2022-01-04T20:19:10+00:00","breadcrumb":{"@id":"https:\/\/ubanews.com\/site\/2022\/01\/04\/ibge-prorrogou-as-inscricoes-para-processo-seletivo-de-contratacao-temporaria\/#breadcrumb"},"inLanguage":"pt-BR","potentialAction":[{"@type":"ReadAction","target":["https:\/\/ubanews.com\/site\/2022\/01\/04\/ibge-prorrogou-as-inscricoes-para-processo-seletivo-de-contratacao-temporaria\/"]}]},{"@type":"ImageObject","inLanguage":"pt-BR","@id":"https:\/\/ubanews.com\/site\/2022\/01\/04\/ibge-prorrogou-as-inscricoes-para-processo-seletivo-de-contratacao-temporaria\/#primaryimage","url":"https:\/\/ubanews.com\/site\/wp-content\/uploads\/2020\/09\/IBGE.jpg","contentUrl":"https:\/\/ubanews.com\/site\/wp-content\/uploads\/2020\/09\/IBGE.jpg","width":1000,"height":500},{"@type":"BreadcrumbList","@id":"https:\/\/ubanews.com\/site\/2022\/01\/04\/ibge-prorrogou-as-inscricoes-para-processo-seletivo-de-contratacao-temporaria\/#breadcrumb","itemListElement":[{"@type":"ListItem","position":1,"name":"Home","item":"https:\/\/ubanews.com\/site\/"},{"@type":"ListItem","position":2,"name":"IBGE PRORROGOU AS INSCRI\u00c7\u00d5ES PARA PROCESSO SELETIVO DE CONTRATA\u00c7\u00c3O TEMPOR\u00c1RIA"}]},{"@type":"WebSite","@id":"https:\/\/ubanews.com\/site\/#website","url":"https:\/\/ubanews.com\/site\/","name":"Ub\u00e1 News","description":"","publisher":{"@id":"https:\/\/ubanews.com\/site\/#organization"},"potentialAction":[{"@type":"SearchAction","target":{"@type":"EntryPoint","urlTemplate":"https:\/\/ubanews.com\/site\/?s={search_term_string}"},"query-input":{"@type":"PropertyValueSpecification","valueRequired":true,"valueName":"search_term_string"}}],"inLanguage":"pt-BR"},{"@type":"Organization","@id":"https:\/\/ubanews.com\/site\/#organization","name":"Ub\u00e1 News","url":"https:\/\/ubanews.com\/site\/","logo":{"@type":"ImageObject","inLanguage":"pt-BR","@id":"https:\/\/ubanews.com\/site\/#\/schema\/logo\/image\/","url":"https:\/\/ubanews.com\/site\/wp-content\/uploads\/2018\/01\/logoubanews.png","contentUrl":"https:\/\/ubanews.com\/site\/wp-content\/uploads\/2018\/01\/logoubanews.png","width":261,"height":99,"caption":"Ub\u00e1 News"},"image":{"@id":"https:\/\/ubanews.com\/site\/#\/schema\/logo\/image\/"},"sameAs":["https:\/\/www.facebook.com\/Ub\u00e1News-Carlos-Roberto-Sodr\u00e9-418778301977370"]},{"@type":"Person","@id":"https:\/\/ubanews.com\/site\/#\/schema\/person\/d90c9e47252fbb63dcc969fe4c8b9d10","name":"Sodr\u00e9","image":{"@type":"ImageObject","inLanguage":"pt-BR","@id":"https:\/\/secure.gravatar.com\/avatar\/5ba2793f0590b9dbfad3fdec4ee714485b3eef211c9b32ee53d414060454a56c?s=96&d=mm&r=g","url":"https:\/\/secure.gravatar.com\/avatar\/5ba2793f0590b9dbfad3fdec4ee714485b3eef211c9b32ee53d414060454a56c?s=96&d=mm&r=g","contentUrl":"https:\/\/secure.gravatar.com\/avatar\/5ba2793f0590b9dbfad3fdec4ee714485b3eef211c9b32ee53d414060454a56c?s=96&d=mm&r=g","caption":"Sodr\u00e9"},"sameAs":["https:\/\/www.facebook.com\/carosroberto.sodre.5\/"],"url":"https:\/\/ubanews.com\/site\/author\/felipe\/"}]}},"_links":{"self":[{"href":"https:\/\/ubanews.com\/site\/wp-json\/wp\/v2\/posts\/21078","targetHints":{"allow":["GET"]}}],"collection":[{"href":"https:\/\/ubanews.com\/site\/wp-json\/wp\/v2\/posts"}],"about":[{"href":"https:\/\/ubanews.com\/site\/wp-json\/wp\/v2\/types\/post"}],"author":[{"embeddable":true,"href":"https:\/\/ubanews.com\/site\/wp-json\/wp\/v2\/users\/2"}],"replies":[{"embeddable":true,"href":"https:\/\/ubanews.com\/site\/wp-json\/wp\/v2\/comments?post=21078"}],"version-history":[{"count":0,"href":"https:\/\/ubanews.com\/site\/wp-json\/wp\/v2\/posts\/21078\/revisions"}],"wp:featuredmedia":[{"embeddable":true,"href":"https:\/\/ubanews.com\/site\/wp-json\/wp\/v2\/media\/18449"}],"wp:attachment":[{"href":"https:\/\/ubanews.com\/site\/wp-json\/wp\/v2\/media?parent=21078"}],"wp:term":[{"taxonomy":"category","embeddable":true,"href":"https:\/\/ubanews.com\/site\/wp-json\/wp\/v2\/categories?post=21078"},{"taxonomy":"post_tag","embeddable":true,"href":"https:\/\/ubanews.com\/site\/wp-json\/wp\/v2\/tags?post=21078"}],"curies":[{"name":"wp","href":"https:\/\/api.w.org\/{rel}","templated":true}]}}