{"id":21069,"date":"2022-01-03T19:58:52","date_gmt":"2022-01-03T22:58:52","guid":{"rendered":"http:\/\/ubanews.com\/site\/?p=21069"},"modified":"2022-01-03T19:58:52","modified_gmt":"2022-01-03T22:58:52","slug":"zona-da-mata-pcmg-apresenta-balanco-de-atividades-desenvolvidas-em-2021","status":"publish","type":"post","link":"https:\/\/ubanews.com\/site\/2022\/01\/03\/zona-da-mata-pcmg-apresenta-balanco-de-atividades-desenvolvidas-em-2021\/","title":{"rendered":"Zona da Mata: PCMG apresenta balan\u00e7o de atividades desenvolvidas em 2021"},"content":{"rendered":"<p>Os dados s\u00e3o referentes a resultados obtidos neste ano, na \u00e1rea de abrang\u00eancia do 4\u00ba Departamento de Pol\u00edcia Civil, unidade que compreende as delegacias regionais em Juiz de Fora, Ub\u00e1, Leopoldina, Muria\u00e9 e Vi\u00e7osa.<\/p>\n<p>Mais de 830 pris\u00f5es efetuadas, 54.575 documentos de identidade confeccionados, aproximadamente 203.071 documentos de tr\u00e2nsito emitidos, 21.435 exames de legisla\u00e7\u00e3o e 66.083 exames de dire\u00e7\u00e3o veicular realizados. Esse foi o resultado de algumas das atividades desenvolvidas pela Pol\u00edcia Civil de Minas Gerais (PCMG) no ano de 2021, na \u00e1rea de abrang\u00eancia do 4\u00ba Departamento de Pol\u00edcia Civil (4\u00ba DEPPC), que compreende as delegacias regionais em Juiz de Fora (1\u00aa DRPC), Ub\u00e1 (2\u00aa DRPC), Leopoldina (3\u00aa DRPC), Muria\u00e9 (4\u00aa DRPC) e Vi\u00e7osa (5\u00aa DRPC), bem como suas \u00c1reas Integradas de Seguran\u00e7a P\u00fablica, com atua\u00e7\u00e3o em 86 munic\u00edpios da Zona da Mata mineira.<\/p>\n<p>De acordo com o chefe de departamento, delegado-geral Gustavo Ad\u00e9lio Lara Ferreira, 19.617 procedimentos investigativos foram instaurados neste ano e 18.124 procedimentos investigativos tamb\u00e9m foram relatados e remetidos \u00e0 Justi\u00e7a. \u201cTamb\u00e9m foram expedidas 2.961 medidas protetivas pela Pol\u00edcia Civil. Al\u00e9m disso, foram emitidos 23.848 laudos de exames periciais no \u00e2mbito do Departamento\u201d, destaca o delegado.<\/p>\n<p>Segundo ele, esses n\u00fameros refletem a dedica\u00e7\u00e3o e o efetivo desempenho dos servidores do 4\u00ba DEPPC. \u201cAlcan\u00e7amos esses resultados, em virtude do empenho de policiais civis e servidores administrativos neste ano, que executaram suas atividades com comprometimento, seguindo os valores, a miss\u00e3o e a vis\u00e3o da Pol\u00edcia Civil de Minas Gerais\u201d, destaca, parabenizando os profissionais e refor\u00e7ando que a integra\u00e7\u00e3o com outras for\u00e7as de seguran\u00e7a, bem como parcerias com o Minist\u00e9rio P\u00fablico, o Poder Judici\u00e1rio e outras institui\u00e7\u00f5es tamb\u00e9m colaboraram com os trabalhos de pol\u00edcia judici\u00e1ria. \u201cAgradecemos todas as parcerias, pois essas iniciativas integradas somam e unem for\u00e7as que visam contribuir com o bem-estar social\u201d, conclui.<\/p>\n<div id=\"metaslider-id-17652\" style=\"max-width: 1000px;\" class=\"ml-slider-3-106-0 metaslider metaslider-nivo metaslider-17652 ml-slider ms-theme-outline\" role=\"region\" aria-label=\"Texto\" data-height=\"200\" data-width=\"1000\">\n    <div id=\"metaslider_container_17652\">\n        <div class='slider-wrapper theme-default'><div class='ribbon'><\/div><div id='metaslider_17652' class='nivoSlider'><\/div><\/div>\n        \n    <\/div>\n<\/div>\n<p><strong>Combate \u00e0 criminalidade<\/strong><\/p>\n<p>O delegado Gustavo Ad\u00e9lio Lara Ferreira tamb\u00e9m ressalta sobre a atua\u00e7\u00e3o da PCMG no combate \u00e0 criminalidade violenta na Zona da Mata mineira. \u201cEm se tratando dos crimes de homic\u00eddios, por exemplo, na \u00e1rea da 1\u00aa Delegacia Regional em Juiz de Fora, foram elucidados 90% dos crimes de homic\u00eddios consumados e tentados registrados neste ano. No \u00e2mbito da 2\u00aa Delegacia Regional em Ub\u00e1, 82% desses crimes tamb\u00e9m foram apurados. A 3\u00aa Delegacia Regional em Leopoldina tamb\u00e9m esclareceu 70% dos homic\u00eddios, entre tentados e consumados\u201d, enfatiza, complementando informa\u00e7\u00f5es sobre as \u00e1reas que compreendem as Delegacias Regionais em Muria\u00e9 e Vi\u00e7osa. \u201cEm Muria\u00e9, 64,8% dos homic\u00eddios tentados foram elucidados e 75,2% dos homic\u00eddios consumados esclarecidos. Por fim, em Vi\u00e7osa, cerca de 65% dessas pr\u00e1ticas criminosas tamb\u00e9m foram&nbsp; apuradas\u201d, informa.<\/p>\n<p><strong>Opera\u00e7\u00f5es policiais<\/strong><\/p>\n<p>Conforme o chefe de departamento, 549 opera\u00e7\u00f5es foram realizadas,&nbsp; visando coibir atua\u00e7\u00f5es criminosas na regi\u00e3o do 4\u00ba DEPPC. \u201cDiversas a\u00e7\u00f5es foram deflagradas neste ano, resultando em toneladas de drogas apreendidas, inclusive com uma apreens\u00e3o recorde no estado, de 8,7 toneladas de maconha, em opera\u00e7\u00e3o conjunta realizada com a Pol\u00edcia Rodovi\u00e1ria Federal (PRF), recentemente, no dia 19 de novembro, em Juiz de Fora. As opera\u00e7\u00f5es na regi\u00e3o do departamento tamb\u00e9m culminaram em outras relevantes apreens\u00f5es, bem como em pris\u00f5es de mais de 830 suspeitos na Zona da Mata mineira, contribuindo para a redu\u00e7\u00e3o da criminalidade violenta\u201d, salienta.<\/p>\n<p><strong>A\u00e7\u00f5es solid\u00e1rias<\/strong><\/p>\n<p>Al\u00e9m da atua\u00e7\u00e3o no trabalho de pol\u00edcia judici\u00e1ria, os policiais civis tamb\u00e9m se mobilizaram para arrecadar doa\u00e7\u00f5es para diversas fam\u00edlias, no \u00e2mbito do 4\u00ba Departamento.<\/p>\n<p>Entre as recentes a\u00e7\u00f5es, a PCMG esteve presente, em dezembro, em mais uma iniciativa da campanha natalina \u201cComboio do Bem\u201d, com a finalidade de entregar presentes a crian\u00e7as, jovens e adultos assistidos pela Associa\u00e7\u00e3o de Pais e Amigos dos Excepcionais (Apae), Educand\u00e1rio Carlos Chagas, Escola Estadual Maria das Dores, Instituto Bruno e Instituto Vit\u00f3ria, no munic\u00edpio de Juiz de Fora. Policiais civis e servidores administrativos do 4\u00ba Departamento em Juiz de Fora (4\u00ba DEPPC), bem como seus familiares e amigos, tamb\u00e9m participaram da iniciativa com a ado\u00e7\u00e3o de cartas.<\/p>\n<p>Ainda neste m\u00eas, em Muria\u00e9, a Pol\u00edcia Civil de Minas Gerais (PCMG), em conjunto com outras institui\u00e7\u00f5es, realizou a\u00e7\u00f5es solid\u00e1rias no bairro Padre Tiago, visando ajudar fam\u00edlias que residem no local, bem como entregar presentes natalinos a crian\u00e7as de uma escola municipal situada no mesmo bairro. Uma das iniciativas distribuiu trinta cestas b\u00e1sicas a fam\u00edlias da comunidade, em parceria com a Cruz Vermelha Brasileira. Outra a\u00e7\u00e3o foi realizada na escola municipal do bairro, com a atua\u00e7\u00e3o da Pol\u00edcia Civil em conjunto com a Empresa Brasileira de Correios e Tel\u00e9grafos (Correios), a Prefeitura Municipal de Muria\u00e9 e com a presen\u00e7a do Papai Noel. Na ocasi\u00e3o, em meio a uma carreata que tamb\u00e9m percorreu bairros do munic\u00edpio, ocorreu a entrega de presentes da campanha \u201cPapai Noel dos Correios 2021\u201d, que contemplou 250 alunos, de tr\u00eas a dez anos de idade da escola.<\/p>\n<p>Em outubro, a PCMG tamb\u00e9m realizou a entrega de brinquedos e de cesta b\u00e1sica a um garoto de 9 anos, que tem o sonho de ser policial civil e ficava na frente da delegacia desenhando viaturas. A iniciativa foi o resultado da campanha denominada \u201cO menino que desenhava viaturas\u201d, criada pela Delegacia Regional em Leopoldina (3\u00aa DRPC), para presentear a crian\u00e7a e a fam\u00edlia dela, em comemora\u00e7\u00e3o ao Dia das Crian\u00e7as. Na ocasi\u00e3o, a irm\u00e3 dele, de 6 anos, tamb\u00e9m recebeu um presente da PCMG. Outras iniciativas tamb\u00e9m foram realizadas em 2021 na cidade.<\/p>\n<p>Em mar\u00e7o, foram arrecadadas doa\u00e7\u00f5es para fam\u00edlias atingidas pelas chuvas na Zona da Mata. Policiais civis de Ub\u00e1 e de Rio Pomba, em parceria com integrantes de clubes de motociclistas da regi\u00e3o, destinaram dois caminh\u00f5es carregados com donativos aos munic\u00edpios de Ub\u00e1, Carangola e Pira\u00faba.&nbsp; A PCMG tamb\u00e9m emitiu carteiras de identidade para idosos de uma institui\u00e7\u00e3o em Ub\u00e1. Na ocasi\u00e3o, foram confeccionados 22 documentos de identifica\u00e7\u00e3o.<\/p>\n<p>No mesmo m\u00eas, a Pol\u00edcia Civil participou de campanha para arrecadar caixas de bombons para unidades de acolhimento infantil, em parceria com o Airsoft Valknut, em Ub\u00e1. Mais de 300 embalagens com chocolates foram arrecadadas. As doa\u00e7\u00f5es foram remetidas, na P\u00e1scoa, \u00e0s unidades de acolhimento infantil. Neste ano, os policiais civis da 2\u00aa DRPC em Ub\u00e1 tamb\u00e9m se mobilizaram para realizar outras a\u00e7\u00f5es em prol da comunidade.<\/p>\n<p>Al\u00e9m disso, mais de 150 caixas de bombons foram entregues pela Pol\u00edcia Civil de Minas Gerais a crian\u00e7as que residem em duas comunidades da regi\u00e3o Nordeste do munic\u00edpio de Juiz de Fora. Policiais civis da 1\u00aa Delegacia Regional (1\u00aa DRPC) se mobilizaram para arrecadar as doa\u00e7\u00f5es com o objetivo de garantir a alegria na P\u00e1scoa de fam\u00edlias que moram na localidade, no Bairro Santa Terezinha. Nessa mesma regi\u00e3o, inclusive, tamb\u00e9m foram realizadas outras a\u00e7\u00f5es solid\u00e1rias durante o ano.<\/p>\n<p>No primeiro semestre de 2021, policiais civis da 5\u00aa Delegacia Regional em Vi\u00e7osa arrecadaram 42 cestas b\u00e1sicas que foram entregues \u00e0 Secretaria de Assist\u00eancia Social do munic\u00edpio para serem distribu\u00eddas a fam\u00edlias carentes, em raz\u00e3o da pandemia. Ainda no primeiro semestre, tamb\u00e9m foram doadas 500 m\u00e1scaras a um asilo de Porto Firme e outras 500 m\u00e1scaras a um lar de idosos, em Vi\u00e7osa.<\/p>\n<p><strong>Assessoria de Comunica\u00e7\u00e3o Pol\u00edcia Civil de Minas Gerais<\/strong><\/p>\n<div style=\"width: 840px;\" class=\"wp-video\"><video class=\"wp-video-shortcode\" id=\"video-21069-1\" width=\"840\" height=\"473\" autoplay preload=\"auto\" controls=\"controls\"><source type=\"video\/mp4\" src=\"https:\/\/ubanews.com\/site\/wp-content\/uploads\/2020\/12\/01020002.00_00_53_25.mp4?_=1\" \/><a href=\"https:\/\/ubanews.com\/site\/wp-content\/uploads\/2020\/12\/01020002.00_00_53_25.mp4\">https:\/\/ubanews.com\/site\/wp-content\/uploads\/2020\/12\/01020002.00_00_53_25.mp4<\/a><\/video><\/div>\n","protected":false},"excerpt":{"rendered":"<p>Os dados s\u00e3o referentes a resultados obtidos neste ano, na<\/p>\n","protected":false},"author":2,"featured_media":4873,"comment_status":"open","ping_status":"open","sticky":false,"template":"","format":"standard","meta":{"footnotes":""},"categories":[13],"tags":[],"class_list":["post-21069","post","type-post","status-publish","format-standard","has-post-thumbnail","hentry","category-sintese-das-ocorrencias"],"yoast_head":"<!-- This site is optimized with the Yoast SEO plugin v27.2 - https:\/\/yoast.com\/product\/yoast-seo-wordpress\/ -->\n<title>Zona da Mata: PCMG apresenta balan\u00e7o de atividades desenvolvidas em 2021 - Ub\u00e1 News<\/title>\n<meta name=\"robots\" content=\"index, follow, max-snippet:-1, max-image-preview:large, max-video-preview:-1\" \/>\n<link rel=\"canonical\" href=\"https:\/\/ubanews.com\/site\/2022\/01\/03\/zona-da-mata-pcmg-apresenta-balanco-de-atividades-desenvolvidas-em-2021\/\" \/>\n<meta property=\"og:locale\" content=\"pt_BR\" \/>\n<meta property=\"og:type\" content=\"article\" \/>\n<meta property=\"og:title\" content=\"Zona da Mata: PCMG apresenta balan\u00e7o de atividades desenvolvidas em 2021 - Ub\u00e1 News\" \/>\n<meta property=\"og:description\" content=\"Os dados s\u00e3o referentes a resultados obtidos neste ano, na\" \/>\n<meta property=\"og:url\" content=\"https:\/\/ubanews.com\/site\/2022\/01\/03\/zona-da-mata-pcmg-apresenta-balanco-de-atividades-desenvolvidas-em-2021\/\" \/>\n<meta property=\"og:site_name\" content=\"Ub\u00e1 News\" \/>\n<meta property=\"article:publisher\" content=\"https:\/\/www.facebook.com\/Ub%c3%a1News-Carlos-Roberto-Sodr%c3%a9-418778301977370\" \/>\n<meta property=\"article:author\" content=\"https:\/\/www.facebook.com\/carosroberto.sodre.5\/\" \/>\n<meta property=\"article:published_time\" content=\"2022-01-03T22:58:52+00:00\" \/>\n<meta property=\"og:image\" content=\"https:\/\/ubanews.com\/site\/wp-content\/uploads\/2018\/06\/Policia-Civil-de-Minas-Gerais-Logo.jpg\" \/>\n\t<meta property=\"og:image:width\" content=\"800\" \/>\n\t<meta property=\"og:image:height\" content=\"438\" \/>\n\t<meta property=\"og:image:type\" content=\"image\/jpeg\" \/>\n<meta name=\"author\" content=\"Sodr\u00e9\" \/>\n<meta name=\"twitter:card\" content=\"summary_large_image\" \/>\n<meta name=\"twitter:label1\" content=\"Escrito por\" \/>\n\t<meta name=\"twitter:data1\" content=\"Sodr\u00e9\" \/>\n\t<meta name=\"twitter:label2\" content=\"Est. tempo de leitura\" \/>\n\t<meta name=\"twitter:data2\" content=\"6 minutos\" \/>\n<script type=\"application\/ld+json\" class=\"yoast-schema-graph\">{\"@context\":\"https:\/\/schema.org\",\"@graph\":[{\"@type\":\"Article\",\"@id\":\"https:\/\/ubanews.com\/site\/2022\/01\/03\/zona-da-mata-pcmg-apresenta-balanco-de-atividades-desenvolvidas-em-2021\/#article\",\"isPartOf\":{\"@id\":\"https:\/\/ubanews.com\/site\/2022\/01\/03\/zona-da-mata-pcmg-apresenta-balanco-de-atividades-desenvolvidas-em-2021\/\"},\"author\":{\"name\":\"Sodr\u00e9\",\"@id\":\"https:\/\/ubanews.com\/site\/#\/schema\/person\/d90c9e47252fbb63dcc969fe4c8b9d10\"},\"headline\":\"Zona da Mata: PCMG apresenta balan\u00e7o de atividades desenvolvidas em 2021\",\"datePublished\":\"2022-01-03T22:58:52+00:00\",\"mainEntityOfPage\":{\"@id\":\"https:\/\/ubanews.com\/site\/2022\/01\/03\/zona-da-mata-pcmg-apresenta-balanco-de-atividades-desenvolvidas-em-2021\/\"},\"wordCount\":1287,\"commentCount\":0,\"publisher\":{\"@id\":\"https:\/\/ubanews.com\/site\/#organization\"},\"image\":{\"@id\":\"https:\/\/ubanews.com\/site\/2022\/01\/03\/zona-da-mata-pcmg-apresenta-balanco-de-atividades-desenvolvidas-em-2021\/#primaryimage\"},\"thumbnailUrl\":\"https:\/\/ubanews.com\/site\/wp-content\/uploads\/2018\/06\/Policia-Civil-de-Minas-Gerais-Logo.jpg\",\"articleSection\":[\"S\u00edntese das Ocorr\u00eancias\"],\"inLanguage\":\"pt-BR\",\"potentialAction\":[{\"@type\":\"CommentAction\",\"name\":\"Comment\",\"target\":[\"https:\/\/ubanews.com\/site\/2022\/01\/03\/zona-da-mata-pcmg-apresenta-balanco-de-atividades-desenvolvidas-em-2021\/#respond\"]}]},{\"@type\":\"WebPage\",\"@id\":\"https:\/\/ubanews.com\/site\/2022\/01\/03\/zona-da-mata-pcmg-apresenta-balanco-de-atividades-desenvolvidas-em-2021\/\",\"url\":\"https:\/\/ubanews.com\/site\/2022\/01\/03\/zona-da-mata-pcmg-apresenta-balanco-de-atividades-desenvolvidas-em-2021\/\",\"name\":\"Zona da Mata: PCMG apresenta balan\u00e7o de atividades desenvolvidas em 2021 - Ub\u00e1 News\",\"isPartOf\":{\"@id\":\"https:\/\/ubanews.com\/site\/#website\"},\"primaryImageOfPage\":{\"@id\":\"https:\/\/ubanews.com\/site\/2022\/01\/03\/zona-da-mata-pcmg-apresenta-balanco-de-atividades-desenvolvidas-em-2021\/#primaryimage\"},\"image\":{\"@id\":\"https:\/\/ubanews.com\/site\/2022\/01\/03\/zona-da-mata-pcmg-apresenta-balanco-de-atividades-desenvolvidas-em-2021\/#primaryimage\"},\"thumbnailUrl\":\"https:\/\/ubanews.com\/site\/wp-content\/uploads\/2018\/06\/Policia-Civil-de-Minas-Gerais-Logo.jpg\",\"datePublished\":\"2022-01-03T22:58:52+00:00\",\"breadcrumb\":{\"@id\":\"https:\/\/ubanews.com\/site\/2022\/01\/03\/zona-da-mata-pcmg-apresenta-balanco-de-atividades-desenvolvidas-em-2021\/#breadcrumb\"},\"inLanguage\":\"pt-BR\",\"potentialAction\":[{\"@type\":\"ReadAction\",\"target\":[\"https:\/\/ubanews.com\/site\/2022\/01\/03\/zona-da-mata-pcmg-apresenta-balanco-de-atividades-desenvolvidas-em-2021\/\"]}]},{\"@type\":\"ImageObject\",\"inLanguage\":\"pt-BR\",\"@id\":\"https:\/\/ubanews.com\/site\/2022\/01\/03\/zona-da-mata-pcmg-apresenta-balanco-de-atividades-desenvolvidas-em-2021\/#primaryimage\",\"url\":\"https:\/\/ubanews.com\/site\/wp-content\/uploads\/2018\/06\/Policia-Civil-de-Minas-Gerais-Logo.jpg\",\"contentUrl\":\"https:\/\/ubanews.com\/site\/wp-content\/uploads\/2018\/06\/Policia-Civil-de-Minas-Gerais-Logo.jpg\",\"width\":800,\"height\":438,\"caption\":\"Pol\u00edcia Civil - Fato Policial\"},{\"@type\":\"BreadcrumbList\",\"@id\":\"https:\/\/ubanews.com\/site\/2022\/01\/03\/zona-da-mata-pcmg-apresenta-balanco-de-atividades-desenvolvidas-em-2021\/#breadcrumb\",\"itemListElement\":[{\"@type\":\"ListItem\",\"position\":1,\"name\":\"Home\",\"item\":\"https:\/\/ubanews.com\/site\/\"},{\"@type\":\"ListItem\",\"position\":2,\"name\":\"Zona da Mata: PCMG apresenta balan\u00e7o de atividades desenvolvidas em 2021\"}]},{\"@type\":\"WebSite\",\"@id\":\"https:\/\/ubanews.com\/site\/#website\",\"url\":\"https:\/\/ubanews.com\/site\/\",\"name\":\"Ub\u00e1 News\",\"description\":\"\",\"publisher\":{\"@id\":\"https:\/\/ubanews.com\/site\/#organization\"},\"potentialAction\":[{\"@type\":\"SearchAction\",\"target\":{\"@type\":\"EntryPoint\",\"urlTemplate\":\"https:\/\/ubanews.com\/site\/?s={search_term_string}\"},\"query-input\":{\"@type\":\"PropertyValueSpecification\",\"valueRequired\":true,\"valueName\":\"search_term_string\"}}],\"inLanguage\":\"pt-BR\"},{\"@type\":\"Organization\",\"@id\":\"https:\/\/ubanews.com\/site\/#organization\",\"name\":\"Ub\u00e1 News\",\"url\":\"https:\/\/ubanews.com\/site\/\",\"logo\":{\"@type\":\"ImageObject\",\"inLanguage\":\"pt-BR\",\"@id\":\"https:\/\/ubanews.com\/site\/#\/schema\/logo\/image\/\",\"url\":\"https:\/\/ubanews.com\/site\/wp-content\/uploads\/2018\/01\/logoubanews.png\",\"contentUrl\":\"https:\/\/ubanews.com\/site\/wp-content\/uploads\/2018\/01\/logoubanews.png\",\"width\":261,\"height\":99,\"caption\":\"Ub\u00e1 News\"},\"image\":{\"@id\":\"https:\/\/ubanews.com\/site\/#\/schema\/logo\/image\/\"},\"sameAs\":[\"https:\/\/www.facebook.com\/Ub\u00e1News-Carlos-Roberto-Sodr\u00e9-418778301977370\"]},{\"@type\":\"Person\",\"@id\":\"https:\/\/ubanews.com\/site\/#\/schema\/person\/d90c9e47252fbb63dcc969fe4c8b9d10\",\"name\":\"Sodr\u00e9\",\"image\":{\"@type\":\"ImageObject\",\"inLanguage\":\"pt-BR\",\"@id\":\"https:\/\/secure.gravatar.com\/avatar\/5ba2793f0590b9dbfad3fdec4ee714485b3eef211c9b32ee53d414060454a56c?s=96&d=mm&r=g\",\"url\":\"https:\/\/secure.gravatar.com\/avatar\/5ba2793f0590b9dbfad3fdec4ee714485b3eef211c9b32ee53d414060454a56c?s=96&d=mm&r=g\",\"contentUrl\":\"https:\/\/secure.gravatar.com\/avatar\/5ba2793f0590b9dbfad3fdec4ee714485b3eef211c9b32ee53d414060454a56c?s=96&d=mm&r=g\",\"caption\":\"Sodr\u00e9\"},\"sameAs\":[\"https:\/\/www.facebook.com\/carosroberto.sodre.5\/\"],\"url\":\"https:\/\/ubanews.com\/site\/author\/felipe\/\"}]}<\/script>\n<!-- \/ Yoast SEO plugin. -->","yoast_head_json":{"title":"Zona da Mata: PCMG apresenta balan\u00e7o de atividades desenvolvidas em 2021 - Ub\u00e1 News","robots":{"index":"index","follow":"follow","max-snippet":"max-snippet:-1","max-image-preview":"max-image-preview:large","max-video-preview":"max-video-preview:-1"},"canonical":"https:\/\/ubanews.com\/site\/2022\/01\/03\/zona-da-mata-pcmg-apresenta-balanco-de-atividades-desenvolvidas-em-2021\/","og_locale":"pt_BR","og_type":"article","og_title":"Zona da Mata: PCMG apresenta balan\u00e7o de atividades desenvolvidas em 2021 - Ub\u00e1 News","og_description":"Os dados s\u00e3o referentes a resultados obtidos neste ano, na","og_url":"https:\/\/ubanews.com\/site\/2022\/01\/03\/zona-da-mata-pcmg-apresenta-balanco-de-atividades-desenvolvidas-em-2021\/","og_site_name":"Ub\u00e1 News","article_publisher":"https:\/\/www.facebook.com\/Ub%c3%a1News-Carlos-Roberto-Sodr%c3%a9-418778301977370","article_author":"https:\/\/www.facebook.com\/carosroberto.sodre.5\/","article_published_time":"2022-01-03T22:58:52+00:00","og_image":[{"width":800,"height":438,"url":"https:\/\/ubanews.com\/site\/wp-content\/uploads\/2018\/06\/Policia-Civil-de-Minas-Gerais-Logo.jpg","type":"image\/jpeg"}],"author":"Sodr\u00e9","twitter_card":"summary_large_image","twitter_misc":{"Escrito por":"Sodr\u00e9","Est. tempo de leitura":"6 minutos"},"schema":{"@context":"https:\/\/schema.org","@graph":[{"@type":"Article","@id":"https:\/\/ubanews.com\/site\/2022\/01\/03\/zona-da-mata-pcmg-apresenta-balanco-de-atividades-desenvolvidas-em-2021\/#article","isPartOf":{"@id":"https:\/\/ubanews.com\/site\/2022\/01\/03\/zona-da-mata-pcmg-apresenta-balanco-de-atividades-desenvolvidas-em-2021\/"},"author":{"name":"Sodr\u00e9","@id":"https:\/\/ubanews.com\/site\/#\/schema\/person\/d90c9e47252fbb63dcc969fe4c8b9d10"},"headline":"Zona da Mata: PCMG apresenta balan\u00e7o de atividades desenvolvidas em 2021","datePublished":"2022-01-03T22:58:52+00:00","mainEntityOfPage":{"@id":"https:\/\/ubanews.com\/site\/2022\/01\/03\/zona-da-mata-pcmg-apresenta-balanco-de-atividades-desenvolvidas-em-2021\/"},"wordCount":1287,"commentCount":0,"publisher":{"@id":"https:\/\/ubanews.com\/site\/#organization"},"image":{"@id":"https:\/\/ubanews.com\/site\/2022\/01\/03\/zona-da-mata-pcmg-apresenta-balanco-de-atividades-desenvolvidas-em-2021\/#primaryimage"},"thumbnailUrl":"https:\/\/ubanews.com\/site\/wp-content\/uploads\/2018\/06\/Policia-Civil-de-Minas-Gerais-Logo.jpg","articleSection":["S\u00edntese das Ocorr\u00eancias"],"inLanguage":"pt-BR","potentialAction":[{"@type":"CommentAction","name":"Comment","target":["https:\/\/ubanews.com\/site\/2022\/01\/03\/zona-da-mata-pcmg-apresenta-balanco-de-atividades-desenvolvidas-em-2021\/#respond"]}]},{"@type":"WebPage","@id":"https:\/\/ubanews.com\/site\/2022\/01\/03\/zona-da-mata-pcmg-apresenta-balanco-de-atividades-desenvolvidas-em-2021\/","url":"https:\/\/ubanews.com\/site\/2022\/01\/03\/zona-da-mata-pcmg-apresenta-balanco-de-atividades-desenvolvidas-em-2021\/","name":"Zona da Mata: PCMG apresenta balan\u00e7o de atividades desenvolvidas em 2021 - Ub\u00e1 News","isPartOf":{"@id":"https:\/\/ubanews.com\/site\/#website"},"primaryImageOfPage":{"@id":"https:\/\/ubanews.com\/site\/2022\/01\/03\/zona-da-mata-pcmg-apresenta-balanco-de-atividades-desenvolvidas-em-2021\/#primaryimage"},"image":{"@id":"https:\/\/ubanews.com\/site\/2022\/01\/03\/zona-da-mata-pcmg-apresenta-balanco-de-atividades-desenvolvidas-em-2021\/#primaryimage"},"thumbnailUrl":"https:\/\/ubanews.com\/site\/wp-content\/uploads\/2018\/06\/Policia-Civil-de-Minas-Gerais-Logo.jpg","datePublished":"2022-01-03T22:58:52+00:00","breadcrumb":{"@id":"https:\/\/ubanews.com\/site\/2022\/01\/03\/zona-da-mata-pcmg-apresenta-balanco-de-atividades-desenvolvidas-em-2021\/#breadcrumb"},"inLanguage":"pt-BR","potentialAction":[{"@type":"ReadAction","target":["https:\/\/ubanews.com\/site\/2022\/01\/03\/zona-da-mata-pcmg-apresenta-balanco-de-atividades-desenvolvidas-em-2021\/"]}]},{"@type":"ImageObject","inLanguage":"pt-BR","@id":"https:\/\/ubanews.com\/site\/2022\/01\/03\/zona-da-mata-pcmg-apresenta-balanco-de-atividades-desenvolvidas-em-2021\/#primaryimage","url":"https:\/\/ubanews.com\/site\/wp-content\/uploads\/2018\/06\/Policia-Civil-de-Minas-Gerais-Logo.jpg","contentUrl":"https:\/\/ubanews.com\/site\/wp-content\/uploads\/2018\/06\/Policia-Civil-de-Minas-Gerais-Logo.jpg","width":800,"height":438,"caption":"Pol\u00edcia Civil - Fato Policial"},{"@type":"BreadcrumbList","@id":"https:\/\/ubanews.com\/site\/2022\/01\/03\/zona-da-mata-pcmg-apresenta-balanco-de-atividades-desenvolvidas-em-2021\/#breadcrumb","itemListElement":[{"@type":"ListItem","position":1,"name":"Home","item":"https:\/\/ubanews.com\/site\/"},{"@type":"ListItem","position":2,"name":"Zona da Mata: PCMG apresenta balan\u00e7o de atividades desenvolvidas em 2021"}]},{"@type":"WebSite","@id":"https:\/\/ubanews.com\/site\/#website","url":"https:\/\/ubanews.com\/site\/","name":"Ub\u00e1 News","description":"","publisher":{"@id":"https:\/\/ubanews.com\/site\/#organization"},"potentialAction":[{"@type":"SearchAction","target":{"@type":"EntryPoint","urlTemplate":"https:\/\/ubanews.com\/site\/?s={search_term_string}"},"query-input":{"@type":"PropertyValueSpecification","valueRequired":true,"valueName":"search_term_string"}}],"inLanguage":"pt-BR"},{"@type":"Organization","@id":"https:\/\/ubanews.com\/site\/#organization","name":"Ub\u00e1 News","url":"https:\/\/ubanews.com\/site\/","logo":{"@type":"ImageObject","inLanguage":"pt-BR","@id":"https:\/\/ubanews.com\/site\/#\/schema\/logo\/image\/","url":"https:\/\/ubanews.com\/site\/wp-content\/uploads\/2018\/01\/logoubanews.png","contentUrl":"https:\/\/ubanews.com\/site\/wp-content\/uploads\/2018\/01\/logoubanews.png","width":261,"height":99,"caption":"Ub\u00e1 News"},"image":{"@id":"https:\/\/ubanews.com\/site\/#\/schema\/logo\/image\/"},"sameAs":["https:\/\/www.facebook.com\/Ub\u00e1News-Carlos-Roberto-Sodr\u00e9-418778301977370"]},{"@type":"Person","@id":"https:\/\/ubanews.com\/site\/#\/schema\/person\/d90c9e47252fbb63dcc969fe4c8b9d10","name":"Sodr\u00e9","image":{"@type":"ImageObject","inLanguage":"pt-BR","@id":"https:\/\/secure.gravatar.com\/avatar\/5ba2793f0590b9dbfad3fdec4ee714485b3eef211c9b32ee53d414060454a56c?s=96&d=mm&r=g","url":"https:\/\/secure.gravatar.com\/avatar\/5ba2793f0590b9dbfad3fdec4ee714485b3eef211c9b32ee53d414060454a56c?s=96&d=mm&r=g","contentUrl":"https:\/\/secure.gravatar.com\/avatar\/5ba2793f0590b9dbfad3fdec4ee714485b3eef211c9b32ee53d414060454a56c?s=96&d=mm&r=g","caption":"Sodr\u00e9"},"sameAs":["https:\/\/www.facebook.com\/carosroberto.sodre.5\/"],"url":"https:\/\/ubanews.com\/site\/author\/felipe\/"}]}},"_links":{"self":[{"href":"https:\/\/ubanews.com\/site\/wp-json\/wp\/v2\/posts\/21069","targetHints":{"allow":["GET"]}}],"collection":[{"href":"https:\/\/ubanews.com\/site\/wp-json\/wp\/v2\/posts"}],"about":[{"href":"https:\/\/ubanews.com\/site\/wp-json\/wp\/v2\/types\/post"}],"author":[{"embeddable":true,"href":"https:\/\/ubanews.com\/site\/wp-json\/wp\/v2\/users\/2"}],"replies":[{"embeddable":true,"href":"https:\/\/ubanews.com\/site\/wp-json\/wp\/v2\/comments?post=21069"}],"version-history":[{"count":0,"href":"https:\/\/ubanews.com\/site\/wp-json\/wp\/v2\/posts\/21069\/revisions"}],"wp:featuredmedia":[{"embeddable":true,"href":"https:\/\/ubanews.com\/site\/wp-json\/wp\/v2\/media\/4873"}],"wp:attachment":[{"href":"https:\/\/ubanews.com\/site\/wp-json\/wp\/v2\/media?parent=21069"}],"wp:term":[{"taxonomy":"category","embeddable":true,"href":"https:\/\/ubanews.com\/site\/wp-json\/wp\/v2\/categories?post=21069"},{"taxonomy":"post_tag","embeddable":true,"href":"https:\/\/ubanews.com\/site\/wp-json\/wp\/v2\/tags?post=21069"}],"curies":[{"name":"wp","href":"https:\/\/api.w.org\/{rel}","templated":true}]}}