{"id":21052,"date":"2021-12-22T19:48:36","date_gmt":"2021-12-22T22:48:36","guid":{"rendered":"http:\/\/ubanews.com\/site\/?p=21052"},"modified":"2021-12-22T19:48:36","modified_gmt":"2021-12-22T22:48:36","slug":"clientes-com-faturas-em-atraso-tem-ate-o-dia-31-de-dezembro-para-renegociar-o-debito","status":"publish","type":"post","link":"https:\/\/ubanews.com\/site\/2021\/12\/22\/clientes-com-faturas-em-atraso-tem-ate-o-dia-31-de-dezembro-para-renegociar-o-debito\/","title":{"rendered":"Clientes com faturas em atraso t\u00eam at\u00e9 o dia 31 de dezembro para\u00a0renegociar o d\u00e9bito"},"content":{"rendered":"<p>Para incentivar e ajudar os clientes com faturas em atraso a quitarem os d\u00e9bitos, a Copasa criou a campanha \u201cDias Azuis\u201d onde oferece condi\u00e7\u00f5es especiais de pagamento.<\/p>\n<p>At\u00e9 o dia 31 de dezembro, os clientes nesta condi\u00e7\u00e3o, poder\u00e3o renegociar a d\u00edvida e parcelar os valores em atraso em at\u00e9 24 vezes, sem entrada e sem juros.<\/p>\n<div id=\"metaslider-id-17652\" style=\"max-width: 1000px;\" class=\"ml-slider-3-106-0 metaslider metaslider-nivo metaslider-17652 ml-slider ms-theme-outline\" role=\"region\" aria-label=\"Texto\" data-height=\"200\" data-width=\"1000\">\n    <div id=\"metaslider_container_17652\">\n        <div class='slider-wrapper theme-default'><div class='ribbon'><\/div><div id='metaslider_17652' class='nivoSlider'><\/div><\/div>\n        \n    <\/div>\n<\/div>\n<p>E, para facilitar ainda mais, basta que o cliente esteja cadastrado na Copasa e toda a negocia\u00e7\u00e3o pode ser feita, de forma r\u00e1pida e segura, por meio do nosso site:&nbsp;<a title=\"URL original: http:\/\/www.copasa.com.br\/. Clique ou toque se voc\u00ea confiar neste link.\" href=\"https:\/\/nam10.safelinks.protection.outlook.com\/?url=http%3A%2F%2Fwww.copasa.com.br%2F&amp;data=04%7C01%7Cgerberth.rodrigues%40copasa.com.br%7C8567aec9475a4f27b91a08d9c586ee25%7Cb7c89d9091e244b58de511987d78cc98%7C0%7C0%7C637758005599807293%7CUnknown%7CTWFpbGZsb3d8eyJWIjoiMC4wLjAwMDAiLCJQIjoiV2luMzIiLCJBTiI6Ik1haWwiLCJXVCI6Mn0%3D%7C3000&amp;sdata=A4omUixGZ4%2BIsj4tZnwsSb9KF5YdP4VxFGGdXrAkPGo%3D&amp;reserved=0\" target=\"_blank\" rel=\"noopener noreferrer\" data-saferedirecturl=\"https:\/\/www.google.com\/url?q=https:\/\/nam10.safelinks.protection.outlook.com\/?url%3Dhttp%253A%252F%252Fwww.copasa.com.br%252F%26data%3D04%257C01%257Cgerberth.rodrigues%2540copasa.com.br%257C8567aec9475a4f27b91a08d9c586ee25%257Cb7c89d9091e244b58de511987d78cc98%257C0%257C0%257C637758005599807293%257CUnknown%257CTWFpbGZsb3d8eyJWIjoiMC4wLjAwMDAiLCJQIjoiV2luMzIiLCJBTiI6Ik1haWwiLCJXVCI6Mn0%253D%257C3000%26sdata%3DA4omUixGZ4%252BIsj4tZnwsSb9KF5YdP4VxFGGdXrAkPGo%253D%26reserved%3D0&amp;source=gmail&amp;ust=1640291084795000&amp;usg=AOvVaw0VP2qLfBSzPEc5Ofph7dHE\">www.copasa.com.br<\/a>.<\/p>\n<p>Desde que teve in\u00edcio, no final de novembro, a campanha \u201cDias Azuis\u201d tem ajudado centenas de pessoas em todo o estado, entre as cidades atendidas pela Copasa, a sair do vermelho e ter a tranquilidade de poder come\u00e7ar o pr\u00f3ximo ano com as contas em dia.<\/p>\n<p><strong>Fonte: Copasa<\/strong><\/p>\n<div style=\"width: 840px;\" class=\"wp-video\"><video class=\"wp-video-shortcode\" id=\"video-21052-1\" width=\"840\" height=\"473\" autoplay preload=\"auto\" controls=\"controls\"><source type=\"video\/mp4\" src=\"https:\/\/ubanews.com\/site\/wp-content\/uploads\/2020\/12\/01020002.00_00_53_25.mp4?_=1\" \/><a href=\"https:\/\/ubanews.com\/site\/wp-content\/uploads\/2020\/12\/01020002.00_00_53_25.mp4\">https:\/\/ubanews.com\/site\/wp-content\/uploads\/2020\/12\/01020002.00_00_53_25.mp4<\/a><\/video><\/div>\n","protected":false},"excerpt":{"rendered":"<p>Para incentivar e ajudar os clientes com faturas em atraso<\/p>\n","protected":false},"author":2,"featured_media":804,"comment_status":"open","ping_status":"open","sticky":false,"template":"","format":"standard","meta":{"footnotes":""},"categories":[1],"tags":[],"class_list":["post-21052","post","type-post","status-publish","format-standard","has-post-thumbnail","hentry","category-sem-categoria"],"yoast_head":"<!-- This site is optimized with the Yoast SEO plugin v27.2 - https:\/\/yoast.com\/product\/yoast-seo-wordpress\/ -->\n<title>Clientes com faturas em atraso t\u00eam at\u00e9 o dia 31 de dezembro para\u00a0renegociar o d\u00e9bito - Ub\u00e1 News<\/title>\n<meta name=\"robots\" content=\"index, follow, max-snippet:-1, max-image-preview:large, max-video-preview:-1\" \/>\n<link rel=\"canonical\" href=\"https:\/\/ubanews.com\/site\/2021\/12\/22\/clientes-com-faturas-em-atraso-tem-ate-o-dia-31-de-dezembro-para-renegociar-o-debito\/\" \/>\n<meta property=\"og:locale\" content=\"pt_BR\" \/>\n<meta property=\"og:type\" content=\"article\" \/>\n<meta property=\"og:title\" content=\"Clientes com faturas em atraso t\u00eam at\u00e9 o dia 31 de dezembro para\u00a0renegociar o d\u00e9bito - Ub\u00e1 News\" \/>\n<meta property=\"og:description\" content=\"Para incentivar e ajudar os clientes com faturas em atraso\" \/>\n<meta property=\"og:url\" content=\"https:\/\/ubanews.com\/site\/2021\/12\/22\/clientes-com-faturas-em-atraso-tem-ate-o-dia-31-de-dezembro-para-renegociar-o-debito\/\" \/>\n<meta property=\"og:site_name\" content=\"Ub\u00e1 News\" \/>\n<meta property=\"article:publisher\" content=\"https:\/\/www.facebook.com\/Ub%c3%a1News-Carlos-Roberto-Sodr%c3%a9-418778301977370\" \/>\n<meta property=\"article:author\" content=\"https:\/\/www.facebook.com\/carosroberto.sodre.5\/\" \/>\n<meta property=\"article:published_time\" content=\"2021-12-22T22:48:36+00:00\" \/>\n<meta property=\"og:image\" content=\"https:\/\/ubanews.com\/site\/wp-content\/uploads\/2018\/03\/logo_copasa_oficial-2.png\" \/>\n\t<meta property=\"og:image:width\" content=\"2143\" \/>\n\t<meta property=\"og:image:height\" content=\"1067\" \/>\n\t<meta property=\"og:image:type\" content=\"image\/png\" \/>\n<meta name=\"author\" content=\"Sodr\u00e9\" \/>\n<meta name=\"twitter:card\" content=\"summary_large_image\" \/>\n<meta name=\"twitter:label1\" content=\"Escrito por\" \/>\n\t<meta name=\"twitter:data1\" content=\"Sodr\u00e9\" \/>\n\t<meta name=\"twitter:label2\" content=\"Est. tempo de leitura\" \/>\n\t<meta name=\"twitter:data2\" content=\"1 minuto\" \/>\n<script type=\"application\/ld+json\" class=\"yoast-schema-graph\">{\"@context\":\"https:\/\/schema.org\",\"@graph\":[{\"@type\":\"Article\",\"@id\":\"https:\/\/ubanews.com\/site\/2021\/12\/22\/clientes-com-faturas-em-atraso-tem-ate-o-dia-31-de-dezembro-para-renegociar-o-debito\/#article\",\"isPartOf\":{\"@id\":\"https:\/\/ubanews.com\/site\/2021\/12\/22\/clientes-com-faturas-em-atraso-tem-ate-o-dia-31-de-dezembro-para-renegociar-o-debito\/\"},\"author\":{\"name\":\"Sodr\u00e9\",\"@id\":\"https:\/\/ubanews.com\/site\/#\/schema\/person\/d90c9e47252fbb63dcc969fe4c8b9d10\"},\"headline\":\"Clientes com faturas em atraso t\u00eam at\u00e9 o dia 31 de dezembro para\u00a0renegociar o d\u00e9bito\",\"datePublished\":\"2021-12-22T22:48:36+00:00\",\"mainEntityOfPage\":{\"@id\":\"https:\/\/ubanews.com\/site\/2021\/12\/22\/clientes-com-faturas-em-atraso-tem-ate-o-dia-31-de-dezembro-para-renegociar-o-debito\/\"},\"wordCount\":182,\"commentCount\":0,\"publisher\":{\"@id\":\"https:\/\/ubanews.com\/site\/#organization\"},\"image\":{\"@id\":\"https:\/\/ubanews.com\/site\/2021\/12\/22\/clientes-com-faturas-em-atraso-tem-ate-o-dia-31-de-dezembro-para-renegociar-o-debito\/#primaryimage\"},\"thumbnailUrl\":\"https:\/\/ubanews.com\/site\/wp-content\/uploads\/2018\/03\/logo_copasa_oficial-2.png\",\"articleSection\":[\"Geral\"],\"inLanguage\":\"pt-BR\",\"potentialAction\":[{\"@type\":\"CommentAction\",\"name\":\"Comment\",\"target\":[\"https:\/\/ubanews.com\/site\/2021\/12\/22\/clientes-com-faturas-em-atraso-tem-ate-o-dia-31-de-dezembro-para-renegociar-o-debito\/#respond\"]}]},{\"@type\":\"WebPage\",\"@id\":\"https:\/\/ubanews.com\/site\/2021\/12\/22\/clientes-com-faturas-em-atraso-tem-ate-o-dia-31-de-dezembro-para-renegociar-o-debito\/\",\"url\":\"https:\/\/ubanews.com\/site\/2021\/12\/22\/clientes-com-faturas-em-atraso-tem-ate-o-dia-31-de-dezembro-para-renegociar-o-debito\/\",\"name\":\"Clientes com faturas em atraso t\u00eam at\u00e9 o dia 31 de dezembro para\u00a0renegociar o d\u00e9bito - Ub\u00e1 News\",\"isPartOf\":{\"@id\":\"https:\/\/ubanews.com\/site\/#website\"},\"primaryImageOfPage\":{\"@id\":\"https:\/\/ubanews.com\/site\/2021\/12\/22\/clientes-com-faturas-em-atraso-tem-ate-o-dia-31-de-dezembro-para-renegociar-o-debito\/#primaryimage\"},\"image\":{\"@id\":\"https:\/\/ubanews.com\/site\/2021\/12\/22\/clientes-com-faturas-em-atraso-tem-ate-o-dia-31-de-dezembro-para-renegociar-o-debito\/#primaryimage\"},\"thumbnailUrl\":\"https:\/\/ubanews.com\/site\/wp-content\/uploads\/2018\/03\/logo_copasa_oficial-2.png\",\"datePublished\":\"2021-12-22T22:48:36+00:00\",\"breadcrumb\":{\"@id\":\"https:\/\/ubanews.com\/site\/2021\/12\/22\/clientes-com-faturas-em-atraso-tem-ate-o-dia-31-de-dezembro-para-renegociar-o-debito\/#breadcrumb\"},\"inLanguage\":\"pt-BR\",\"potentialAction\":[{\"@type\":\"ReadAction\",\"target\":[\"https:\/\/ubanews.com\/site\/2021\/12\/22\/clientes-com-faturas-em-atraso-tem-ate-o-dia-31-de-dezembro-para-renegociar-o-debito\/\"]}]},{\"@type\":\"ImageObject\",\"inLanguage\":\"pt-BR\",\"@id\":\"https:\/\/ubanews.com\/site\/2021\/12\/22\/clientes-com-faturas-em-atraso-tem-ate-o-dia-31-de-dezembro-para-renegociar-o-debito\/#primaryimage\",\"url\":\"https:\/\/ubanews.com\/site\/wp-content\/uploads\/2018\/03\/logo_copasa_oficial-2.png\",\"contentUrl\":\"https:\/\/ubanews.com\/site\/wp-content\/uploads\/2018\/03\/logo_copasa_oficial-2.png\",\"width\":2143,\"height\":1067},{\"@type\":\"BreadcrumbList\",\"@id\":\"https:\/\/ubanews.com\/site\/2021\/12\/22\/clientes-com-faturas-em-atraso-tem-ate-o-dia-31-de-dezembro-para-renegociar-o-debito\/#breadcrumb\",\"itemListElement\":[{\"@type\":\"ListItem\",\"position\":1,\"name\":\"Home\",\"item\":\"https:\/\/ubanews.com\/site\/\"},{\"@type\":\"ListItem\",\"position\":2,\"name\":\"Clientes com faturas em atraso t\u00eam at\u00e9 o dia 31 de dezembro para\u00a0renegociar o d\u00e9bito\"}]},{\"@type\":\"WebSite\",\"@id\":\"https:\/\/ubanews.com\/site\/#website\",\"url\":\"https:\/\/ubanews.com\/site\/\",\"name\":\"Ub\u00e1 News\",\"description\":\"\",\"publisher\":{\"@id\":\"https:\/\/ubanews.com\/site\/#organization\"},\"potentialAction\":[{\"@type\":\"SearchAction\",\"target\":{\"@type\":\"EntryPoint\",\"urlTemplate\":\"https:\/\/ubanews.com\/site\/?s={search_term_string}\"},\"query-input\":{\"@type\":\"PropertyValueSpecification\",\"valueRequired\":true,\"valueName\":\"search_term_string\"}}],\"inLanguage\":\"pt-BR\"},{\"@type\":\"Organization\",\"@id\":\"https:\/\/ubanews.com\/site\/#organization\",\"name\":\"Ub\u00e1 News\",\"url\":\"https:\/\/ubanews.com\/site\/\",\"logo\":{\"@type\":\"ImageObject\",\"inLanguage\":\"pt-BR\",\"@id\":\"https:\/\/ubanews.com\/site\/#\/schema\/logo\/image\/\",\"url\":\"https:\/\/ubanews.com\/site\/wp-content\/uploads\/2018\/01\/logoubanews.png\",\"contentUrl\":\"https:\/\/ubanews.com\/site\/wp-content\/uploads\/2018\/01\/logoubanews.png\",\"width\":261,\"height\":99,\"caption\":\"Ub\u00e1 News\"},\"image\":{\"@id\":\"https:\/\/ubanews.com\/site\/#\/schema\/logo\/image\/\"},\"sameAs\":[\"https:\/\/www.facebook.com\/Ub\u00e1News-Carlos-Roberto-Sodr\u00e9-418778301977370\"]},{\"@type\":\"Person\",\"@id\":\"https:\/\/ubanews.com\/site\/#\/schema\/person\/d90c9e47252fbb63dcc969fe4c8b9d10\",\"name\":\"Sodr\u00e9\",\"image\":{\"@type\":\"ImageObject\",\"inLanguage\":\"pt-BR\",\"@id\":\"https:\/\/secure.gravatar.com\/avatar\/5ba2793f0590b9dbfad3fdec4ee714485b3eef211c9b32ee53d414060454a56c?s=96&d=mm&r=g\",\"url\":\"https:\/\/secure.gravatar.com\/avatar\/5ba2793f0590b9dbfad3fdec4ee714485b3eef211c9b32ee53d414060454a56c?s=96&d=mm&r=g\",\"contentUrl\":\"https:\/\/secure.gravatar.com\/avatar\/5ba2793f0590b9dbfad3fdec4ee714485b3eef211c9b32ee53d414060454a56c?s=96&d=mm&r=g\",\"caption\":\"Sodr\u00e9\"},\"sameAs\":[\"https:\/\/www.facebook.com\/carosroberto.sodre.5\/\"],\"url\":\"https:\/\/ubanews.com\/site\/author\/felipe\/\"}]}<\/script>\n<!-- \/ Yoast SEO plugin. -->","yoast_head_json":{"title":"Clientes com faturas em atraso t\u00eam at\u00e9 o dia 31 de dezembro para\u00a0renegociar o d\u00e9bito - Ub\u00e1 News","robots":{"index":"index","follow":"follow","max-snippet":"max-snippet:-1","max-image-preview":"max-image-preview:large","max-video-preview":"max-video-preview:-1"},"canonical":"https:\/\/ubanews.com\/site\/2021\/12\/22\/clientes-com-faturas-em-atraso-tem-ate-o-dia-31-de-dezembro-para-renegociar-o-debito\/","og_locale":"pt_BR","og_type":"article","og_title":"Clientes com faturas em atraso t\u00eam at\u00e9 o dia 31 de dezembro para\u00a0renegociar o d\u00e9bito - Ub\u00e1 News","og_description":"Para incentivar e ajudar os clientes com faturas em atraso","og_url":"https:\/\/ubanews.com\/site\/2021\/12\/22\/clientes-com-faturas-em-atraso-tem-ate-o-dia-31-de-dezembro-para-renegociar-o-debito\/","og_site_name":"Ub\u00e1 News","article_publisher":"https:\/\/www.facebook.com\/Ub%c3%a1News-Carlos-Roberto-Sodr%c3%a9-418778301977370","article_author":"https:\/\/www.facebook.com\/carosroberto.sodre.5\/","article_published_time":"2021-12-22T22:48:36+00:00","og_image":[{"width":2143,"height":1067,"url":"https:\/\/ubanews.com\/site\/wp-content\/uploads\/2018\/03\/logo_copasa_oficial-2.png","type":"image\/png"}],"author":"Sodr\u00e9","twitter_card":"summary_large_image","twitter_misc":{"Escrito por":"Sodr\u00e9","Est. tempo de leitura":"1 minuto"},"schema":{"@context":"https:\/\/schema.org","@graph":[{"@type":"Article","@id":"https:\/\/ubanews.com\/site\/2021\/12\/22\/clientes-com-faturas-em-atraso-tem-ate-o-dia-31-de-dezembro-para-renegociar-o-debito\/#article","isPartOf":{"@id":"https:\/\/ubanews.com\/site\/2021\/12\/22\/clientes-com-faturas-em-atraso-tem-ate-o-dia-31-de-dezembro-para-renegociar-o-debito\/"},"author":{"name":"Sodr\u00e9","@id":"https:\/\/ubanews.com\/site\/#\/schema\/person\/d90c9e47252fbb63dcc969fe4c8b9d10"},"headline":"Clientes com faturas em atraso t\u00eam at\u00e9 o dia 31 de dezembro para\u00a0renegociar o d\u00e9bito","datePublished":"2021-12-22T22:48:36+00:00","mainEntityOfPage":{"@id":"https:\/\/ubanews.com\/site\/2021\/12\/22\/clientes-com-faturas-em-atraso-tem-ate-o-dia-31-de-dezembro-para-renegociar-o-debito\/"},"wordCount":182,"commentCount":0,"publisher":{"@id":"https:\/\/ubanews.com\/site\/#organization"},"image":{"@id":"https:\/\/ubanews.com\/site\/2021\/12\/22\/clientes-com-faturas-em-atraso-tem-ate-o-dia-31-de-dezembro-para-renegociar-o-debito\/#primaryimage"},"thumbnailUrl":"https:\/\/ubanews.com\/site\/wp-content\/uploads\/2018\/03\/logo_copasa_oficial-2.png","articleSection":["Geral"],"inLanguage":"pt-BR","potentialAction":[{"@type":"CommentAction","name":"Comment","target":["https:\/\/ubanews.com\/site\/2021\/12\/22\/clientes-com-faturas-em-atraso-tem-ate-o-dia-31-de-dezembro-para-renegociar-o-debito\/#respond"]}]},{"@type":"WebPage","@id":"https:\/\/ubanews.com\/site\/2021\/12\/22\/clientes-com-faturas-em-atraso-tem-ate-o-dia-31-de-dezembro-para-renegociar-o-debito\/","url":"https:\/\/ubanews.com\/site\/2021\/12\/22\/clientes-com-faturas-em-atraso-tem-ate-o-dia-31-de-dezembro-para-renegociar-o-debito\/","name":"Clientes com faturas em atraso t\u00eam at\u00e9 o dia 31 de dezembro para\u00a0renegociar o d\u00e9bito - Ub\u00e1 News","isPartOf":{"@id":"https:\/\/ubanews.com\/site\/#website"},"primaryImageOfPage":{"@id":"https:\/\/ubanews.com\/site\/2021\/12\/22\/clientes-com-faturas-em-atraso-tem-ate-o-dia-31-de-dezembro-para-renegociar-o-debito\/#primaryimage"},"image":{"@id":"https:\/\/ubanews.com\/site\/2021\/12\/22\/clientes-com-faturas-em-atraso-tem-ate-o-dia-31-de-dezembro-para-renegociar-o-debito\/#primaryimage"},"thumbnailUrl":"https:\/\/ubanews.com\/site\/wp-content\/uploads\/2018\/03\/logo_copasa_oficial-2.png","datePublished":"2021-12-22T22:48:36+00:00","breadcrumb":{"@id":"https:\/\/ubanews.com\/site\/2021\/12\/22\/clientes-com-faturas-em-atraso-tem-ate-o-dia-31-de-dezembro-para-renegociar-o-debito\/#breadcrumb"},"inLanguage":"pt-BR","potentialAction":[{"@type":"ReadAction","target":["https:\/\/ubanews.com\/site\/2021\/12\/22\/clientes-com-faturas-em-atraso-tem-ate-o-dia-31-de-dezembro-para-renegociar-o-debito\/"]}]},{"@type":"ImageObject","inLanguage":"pt-BR","@id":"https:\/\/ubanews.com\/site\/2021\/12\/22\/clientes-com-faturas-em-atraso-tem-ate-o-dia-31-de-dezembro-para-renegociar-o-debito\/#primaryimage","url":"https:\/\/ubanews.com\/site\/wp-content\/uploads\/2018\/03\/logo_copasa_oficial-2.png","contentUrl":"https:\/\/ubanews.com\/site\/wp-content\/uploads\/2018\/03\/logo_copasa_oficial-2.png","width":2143,"height":1067},{"@type":"BreadcrumbList","@id":"https:\/\/ubanews.com\/site\/2021\/12\/22\/clientes-com-faturas-em-atraso-tem-ate-o-dia-31-de-dezembro-para-renegociar-o-debito\/#breadcrumb","itemListElement":[{"@type":"ListItem","position":1,"name":"Home","item":"https:\/\/ubanews.com\/site\/"},{"@type":"ListItem","position":2,"name":"Clientes com faturas em atraso t\u00eam at\u00e9 o dia 31 de dezembro para\u00a0renegociar o d\u00e9bito"}]},{"@type":"WebSite","@id":"https:\/\/ubanews.com\/site\/#website","url":"https:\/\/ubanews.com\/site\/","name":"Ub\u00e1 News","description":"","publisher":{"@id":"https:\/\/ubanews.com\/site\/#organization"},"potentialAction":[{"@type":"SearchAction","target":{"@type":"EntryPoint","urlTemplate":"https:\/\/ubanews.com\/site\/?s={search_term_string}"},"query-input":{"@type":"PropertyValueSpecification","valueRequired":true,"valueName":"search_term_string"}}],"inLanguage":"pt-BR"},{"@type":"Organization","@id":"https:\/\/ubanews.com\/site\/#organization","name":"Ub\u00e1 News","url":"https:\/\/ubanews.com\/site\/","logo":{"@type":"ImageObject","inLanguage":"pt-BR","@id":"https:\/\/ubanews.com\/site\/#\/schema\/logo\/image\/","url":"https:\/\/ubanews.com\/site\/wp-content\/uploads\/2018\/01\/logoubanews.png","contentUrl":"https:\/\/ubanews.com\/site\/wp-content\/uploads\/2018\/01\/logoubanews.png","width":261,"height":99,"caption":"Ub\u00e1 News"},"image":{"@id":"https:\/\/ubanews.com\/site\/#\/schema\/logo\/image\/"},"sameAs":["https:\/\/www.facebook.com\/Ub\u00e1News-Carlos-Roberto-Sodr\u00e9-418778301977370"]},{"@type":"Person","@id":"https:\/\/ubanews.com\/site\/#\/schema\/person\/d90c9e47252fbb63dcc969fe4c8b9d10","name":"Sodr\u00e9","image":{"@type":"ImageObject","inLanguage":"pt-BR","@id":"https:\/\/secure.gravatar.com\/avatar\/5ba2793f0590b9dbfad3fdec4ee714485b3eef211c9b32ee53d414060454a56c?s=96&d=mm&r=g","url":"https:\/\/secure.gravatar.com\/avatar\/5ba2793f0590b9dbfad3fdec4ee714485b3eef211c9b32ee53d414060454a56c?s=96&d=mm&r=g","contentUrl":"https:\/\/secure.gravatar.com\/avatar\/5ba2793f0590b9dbfad3fdec4ee714485b3eef211c9b32ee53d414060454a56c?s=96&d=mm&r=g","caption":"Sodr\u00e9"},"sameAs":["https:\/\/www.facebook.com\/carosroberto.sodre.5\/"],"url":"https:\/\/ubanews.com\/site\/author\/felipe\/"}]}},"_links":{"self":[{"href":"https:\/\/ubanews.com\/site\/wp-json\/wp\/v2\/posts\/21052","targetHints":{"allow":["GET"]}}],"collection":[{"href":"https:\/\/ubanews.com\/site\/wp-json\/wp\/v2\/posts"}],"about":[{"href":"https:\/\/ubanews.com\/site\/wp-json\/wp\/v2\/types\/post"}],"author":[{"embeddable":true,"href":"https:\/\/ubanews.com\/site\/wp-json\/wp\/v2\/users\/2"}],"replies":[{"embeddable":true,"href":"https:\/\/ubanews.com\/site\/wp-json\/wp\/v2\/comments?post=21052"}],"version-history":[{"count":0,"href":"https:\/\/ubanews.com\/site\/wp-json\/wp\/v2\/posts\/21052\/revisions"}],"wp:featuredmedia":[{"embeddable":true,"href":"https:\/\/ubanews.com\/site\/wp-json\/wp\/v2\/media\/804"}],"wp:attachment":[{"href":"https:\/\/ubanews.com\/site\/wp-json\/wp\/v2\/media?parent=21052"}],"wp:term":[{"taxonomy":"category","embeddable":true,"href":"https:\/\/ubanews.com\/site\/wp-json\/wp\/v2\/categories?post=21052"},{"taxonomy":"post_tag","embeddable":true,"href":"https:\/\/ubanews.com\/site\/wp-json\/wp\/v2\/tags?post=21052"}],"curies":[{"name":"wp","href":"https:\/\/api.w.org\/{rel}","templated":true}]}}