{"id":21029,"date":"2021-12-21T18:04:51","date_gmt":"2021-12-21T21:04:51","guid":{"rendered":"http:\/\/ubanews.com\/site\/?p=21029"},"modified":"2021-12-21T18:04:51","modified_gmt":"2021-12-21T21:04:51","slug":"sao-geraldo-policia-militar-efetua-prisao-e-recupera-veiculo-e-celular-produtos-de-roubo","status":"publish","type":"post","link":"https:\/\/ubanews.com\/site\/2021\/12\/21\/sao-geraldo-policia-militar-efetua-prisao-e-recupera-veiculo-e-celular-produtos-de-roubo\/","title":{"rendered":"S\u00c3O GERALDO: POL\u00cdCIA MILITAR EFETUA PRIS\u00c3O E RECUPERA VE\u00cdCULO E CELULAR PRODUTOS DE ROUBO"},"content":{"rendered":"<p>20\/12\/2021<\/p>\n<p><strong>S\u00c3O GERALDO <\/strong>\u2013 Rua Alvorada, Cohab<\/p>\n<p>Durante patrulhamento, Policiais Militares da cidade de S\u00e3o Geraldo, receberam informa\u00e7\u00f5es oriundas da 17\u00aa Companhia PM, sediada na cidade de Jo\u00e3o Monlevade que houve um roubo naquela cidade, ocorrido no dia 16\/12\/21, onde foram roubados 01 ve\u00edculo Honda City, cor prata e 01 aparelho celular.<\/p>\n<p>Atrav\u00e9s de rastreamento, foram obtidas informa\u00e7\u00f5es que a \u00faltima localiza\u00e7\u00e3o do celular foi na cidade de S\u00e3o Geraldo.<\/p>\n<div id=\"metaslider-id-17652\" style=\"max-width: 1000px;\" class=\"ml-slider-3-106-0 metaslider metaslider-nivo metaslider-17652 ml-slider ms-theme-outline\" role=\"region\" aria-label=\"Texto\" data-height=\"200\" data-width=\"1000\">\n    <div id=\"metaslider_container_17652\">\n        <div class='slider-wrapper theme-default'><div class='ribbon'><\/div><div id='metaslider_17652' class='nivoSlider'><\/div><\/div>\n        \n    <\/div>\n<\/div>\n<p>Em posse das informa\u00e7\u00f5es, os Policiais Militares diligenciaram at\u00e9 a Rua Alvorada, bairro Cohab, onde abordaram um indiv\u00edduo, o qual estava de posse do ve\u00edculo e do celular que foram roubados em Jo\u00e3o Monlevade.<\/p>\n<p>O autor, um homem de 19 anos foi preso e conduzido para a Delegacia de Pol\u00edcia, o celular seguiu apreendido, para posterior devolu\u00e7\u00e3o ao propriet\u00e1rio, e o ve\u00edculo foi removido ao p\u00e1tio credenciado.<\/p>\n<p><strong>ASSESSORIA DE COMUNICA\u00c7\u00c3O ORGANIZACIONAL<\/strong><br \/>\n<strong>Vig\u00e9simo Primeiro Batalh\u00e3o de Pol\u00edcia Militar<\/strong><\/p>\n<div style=\"width: 840px;\" class=\"wp-video\"><video class=\"wp-video-shortcode\" id=\"video-21029-1\" width=\"840\" height=\"473\" autoplay preload=\"auto\" controls=\"controls\"><source type=\"video\/mp4\" src=\"https:\/\/ubanews.com\/site\/wp-content\/uploads\/2020\/12\/01020002.00_00_53_25.mp4?_=1\" \/><a href=\"https:\/\/ubanews.com\/site\/wp-content\/uploads\/2020\/12\/01020002.00_00_53_25.mp4\">https:\/\/ubanews.com\/site\/wp-content\/uploads\/2020\/12\/01020002.00_00_53_25.mp4<\/a><\/video><\/div>\n","protected":false},"excerpt":{"rendered":"<p>20\/12\/2021 S\u00c3O GERALDO \u2013 Rua Alvorada, Cohab Durante patrulhamento, Policiais<\/p>\n","protected":false},"author":2,"featured_media":21030,"comment_status":"open","ping_status":"open","sticky":false,"template":"","format":"standard","meta":{"footnotes":""},"categories":[13],"tags":[],"class_list":["post-21029","post","type-post","status-publish","format-standard","has-post-thumbnail","hentry","category-sintese-das-ocorrencias"],"yoast_head":"<!-- This site is optimized with the Yoast SEO plugin v27.2 - https:\/\/yoast.com\/product\/yoast-seo-wordpress\/ -->\n<title>S\u00c3O GERALDO: POL\u00cdCIA MILITAR EFETUA PRIS\u00c3O E RECUPERA VE\u00cdCULO E CELULAR PRODUTOS DE ROUBO - Ub\u00e1 News<\/title>\n<meta name=\"robots\" content=\"index, follow, max-snippet:-1, max-image-preview:large, max-video-preview:-1\" \/>\n<link rel=\"canonical\" href=\"https:\/\/ubanews.com\/site\/2021\/12\/21\/sao-geraldo-policia-militar-efetua-prisao-e-recupera-veiculo-e-celular-produtos-de-roubo\/\" \/>\n<meta property=\"og:locale\" content=\"pt_BR\" \/>\n<meta property=\"og:type\" content=\"article\" \/>\n<meta property=\"og:title\" content=\"S\u00c3O GERALDO: POL\u00cdCIA MILITAR EFETUA PRIS\u00c3O E RECUPERA VE\u00cdCULO E CELULAR PRODUTOS DE ROUBO - Ub\u00e1 News\" \/>\n<meta property=\"og:description\" content=\"20\/12\/2021 S\u00c3O GERALDO \u2013 Rua Alvorada, Cohab Durante patrulhamento, Policiais\" \/>\n<meta property=\"og:url\" content=\"https:\/\/ubanews.com\/site\/2021\/12\/21\/sao-geraldo-policia-militar-efetua-prisao-e-recupera-veiculo-e-celular-produtos-de-roubo\/\" \/>\n<meta property=\"og:site_name\" content=\"Ub\u00e1 News\" \/>\n<meta property=\"article:publisher\" content=\"https:\/\/www.facebook.com\/Ub%c3%a1News-Carlos-Roberto-Sodr%c3%a9-418778301977370\" \/>\n<meta property=\"article:author\" content=\"https:\/\/www.facebook.com\/carosroberto.sodre.5\/\" \/>\n<meta property=\"article:published_time\" content=\"2021-12-21T21:04:51+00:00\" \/>\n<meta property=\"og:image\" content=\"https:\/\/ubanews.com\/site\/wp-content\/uploads\/2021\/12\/912.jpg\" \/>\n\t<meta property=\"og:image:width\" content=\"1000\" \/>\n\t<meta property=\"og:image:height\" content=\"500\" \/>\n\t<meta property=\"og:image:type\" content=\"image\/jpeg\" \/>\n<meta name=\"author\" content=\"Sodr\u00e9\" \/>\n<meta name=\"twitter:card\" content=\"summary_large_image\" \/>\n<meta name=\"twitter:label1\" content=\"Escrito por\" \/>\n\t<meta name=\"twitter:data1\" content=\"Sodr\u00e9\" \/>\n\t<meta name=\"twitter:label2\" content=\"Est. tempo de leitura\" \/>\n\t<meta name=\"twitter:data2\" content=\"1 minuto\" \/>\n<script type=\"application\/ld+json\" class=\"yoast-schema-graph\">{\"@context\":\"https:\/\/schema.org\",\"@graph\":[{\"@type\":\"Article\",\"@id\":\"https:\/\/ubanews.com\/site\/2021\/12\/21\/sao-geraldo-policia-militar-efetua-prisao-e-recupera-veiculo-e-celular-produtos-de-roubo\/#article\",\"isPartOf\":{\"@id\":\"https:\/\/ubanews.com\/site\/2021\/12\/21\/sao-geraldo-policia-militar-efetua-prisao-e-recupera-veiculo-e-celular-produtos-de-roubo\/\"},\"author\":{\"name\":\"Sodr\u00e9\",\"@id\":\"https:\/\/ubanews.com\/site\/#\/schema\/person\/d90c9e47252fbb63dcc969fe4c8b9d10\"},\"headline\":\"S\u00c3O GERALDO: POL\u00cdCIA MILITAR EFETUA PRIS\u00c3O E RECUPERA VE\u00cdCULO E CELULAR PRODUTOS DE ROUBO\",\"datePublished\":\"2021-12-21T21:04:51+00:00\",\"mainEntityOfPage\":{\"@id\":\"https:\/\/ubanews.com\/site\/2021\/12\/21\/sao-geraldo-policia-militar-efetua-prisao-e-recupera-veiculo-e-celular-produtos-de-roubo\/\"},\"wordCount\":198,\"commentCount\":0,\"publisher\":{\"@id\":\"https:\/\/ubanews.com\/site\/#organization\"},\"image\":{\"@id\":\"https:\/\/ubanews.com\/site\/2021\/12\/21\/sao-geraldo-policia-militar-efetua-prisao-e-recupera-veiculo-e-celular-produtos-de-roubo\/#primaryimage\"},\"thumbnailUrl\":\"https:\/\/ubanews.com\/site\/wp-content\/uploads\/2021\/12\/912.jpg\",\"articleSection\":[\"S\u00edntese das Ocorr\u00eancias\"],\"inLanguage\":\"pt-BR\",\"potentialAction\":[{\"@type\":\"CommentAction\",\"name\":\"Comment\",\"target\":[\"https:\/\/ubanews.com\/site\/2021\/12\/21\/sao-geraldo-policia-militar-efetua-prisao-e-recupera-veiculo-e-celular-produtos-de-roubo\/#respond\"]}]},{\"@type\":\"WebPage\",\"@id\":\"https:\/\/ubanews.com\/site\/2021\/12\/21\/sao-geraldo-policia-militar-efetua-prisao-e-recupera-veiculo-e-celular-produtos-de-roubo\/\",\"url\":\"https:\/\/ubanews.com\/site\/2021\/12\/21\/sao-geraldo-policia-militar-efetua-prisao-e-recupera-veiculo-e-celular-produtos-de-roubo\/\",\"name\":\"S\u00c3O GERALDO: POL\u00cdCIA MILITAR EFETUA PRIS\u00c3O E RECUPERA VE\u00cdCULO E CELULAR PRODUTOS DE ROUBO - Ub\u00e1 News\",\"isPartOf\":{\"@id\":\"https:\/\/ubanews.com\/site\/#website\"},\"primaryImageOfPage\":{\"@id\":\"https:\/\/ubanews.com\/site\/2021\/12\/21\/sao-geraldo-policia-militar-efetua-prisao-e-recupera-veiculo-e-celular-produtos-de-roubo\/#primaryimage\"},\"image\":{\"@id\":\"https:\/\/ubanews.com\/site\/2021\/12\/21\/sao-geraldo-policia-militar-efetua-prisao-e-recupera-veiculo-e-celular-produtos-de-roubo\/#primaryimage\"},\"thumbnailUrl\":\"https:\/\/ubanews.com\/site\/wp-content\/uploads\/2021\/12\/912.jpg\",\"datePublished\":\"2021-12-21T21:04:51+00:00\",\"breadcrumb\":{\"@id\":\"https:\/\/ubanews.com\/site\/2021\/12\/21\/sao-geraldo-policia-militar-efetua-prisao-e-recupera-veiculo-e-celular-produtos-de-roubo\/#breadcrumb\"},\"inLanguage\":\"pt-BR\",\"potentialAction\":[{\"@type\":\"ReadAction\",\"target\":[\"https:\/\/ubanews.com\/site\/2021\/12\/21\/sao-geraldo-policia-militar-efetua-prisao-e-recupera-veiculo-e-celular-produtos-de-roubo\/\"]}]},{\"@type\":\"ImageObject\",\"inLanguage\":\"pt-BR\",\"@id\":\"https:\/\/ubanews.com\/site\/2021\/12\/21\/sao-geraldo-policia-militar-efetua-prisao-e-recupera-veiculo-e-celular-produtos-de-roubo\/#primaryimage\",\"url\":\"https:\/\/ubanews.com\/site\/wp-content\/uploads\/2021\/12\/912.jpg\",\"contentUrl\":\"https:\/\/ubanews.com\/site\/wp-content\/uploads\/2021\/12\/912.jpg\",\"width\":1000,\"height\":500},{\"@type\":\"BreadcrumbList\",\"@id\":\"https:\/\/ubanews.com\/site\/2021\/12\/21\/sao-geraldo-policia-militar-efetua-prisao-e-recupera-veiculo-e-celular-produtos-de-roubo\/#breadcrumb\",\"itemListElement\":[{\"@type\":\"ListItem\",\"position\":1,\"name\":\"Home\",\"item\":\"https:\/\/ubanews.com\/site\/\"},{\"@type\":\"ListItem\",\"position\":2,\"name\":\"S\u00c3O GERALDO: POL\u00cdCIA MILITAR EFETUA PRIS\u00c3O E RECUPERA VE\u00cdCULO E CELULAR PRODUTOS DE ROUBO\"}]},{\"@type\":\"WebSite\",\"@id\":\"https:\/\/ubanews.com\/site\/#website\",\"url\":\"https:\/\/ubanews.com\/site\/\",\"name\":\"Ub\u00e1 News\",\"description\":\"\",\"publisher\":{\"@id\":\"https:\/\/ubanews.com\/site\/#organization\"},\"potentialAction\":[{\"@type\":\"SearchAction\",\"target\":{\"@type\":\"EntryPoint\",\"urlTemplate\":\"https:\/\/ubanews.com\/site\/?s={search_term_string}\"},\"query-input\":{\"@type\":\"PropertyValueSpecification\",\"valueRequired\":true,\"valueName\":\"search_term_string\"}}],\"inLanguage\":\"pt-BR\"},{\"@type\":\"Organization\",\"@id\":\"https:\/\/ubanews.com\/site\/#organization\",\"name\":\"Ub\u00e1 News\",\"url\":\"https:\/\/ubanews.com\/site\/\",\"logo\":{\"@type\":\"ImageObject\",\"inLanguage\":\"pt-BR\",\"@id\":\"https:\/\/ubanews.com\/site\/#\/schema\/logo\/image\/\",\"url\":\"https:\/\/ubanews.com\/site\/wp-content\/uploads\/2018\/01\/logoubanews.png\",\"contentUrl\":\"https:\/\/ubanews.com\/site\/wp-content\/uploads\/2018\/01\/logoubanews.png\",\"width\":261,\"height\":99,\"caption\":\"Ub\u00e1 News\"},\"image\":{\"@id\":\"https:\/\/ubanews.com\/site\/#\/schema\/logo\/image\/\"},\"sameAs\":[\"https:\/\/www.facebook.com\/Ub\u00e1News-Carlos-Roberto-Sodr\u00e9-418778301977370\"]},{\"@type\":\"Person\",\"@id\":\"https:\/\/ubanews.com\/site\/#\/schema\/person\/d90c9e47252fbb63dcc969fe4c8b9d10\",\"name\":\"Sodr\u00e9\",\"image\":{\"@type\":\"ImageObject\",\"inLanguage\":\"pt-BR\",\"@id\":\"https:\/\/secure.gravatar.com\/avatar\/5ba2793f0590b9dbfad3fdec4ee714485b3eef211c9b32ee53d414060454a56c?s=96&d=mm&r=g\",\"url\":\"https:\/\/secure.gravatar.com\/avatar\/5ba2793f0590b9dbfad3fdec4ee714485b3eef211c9b32ee53d414060454a56c?s=96&d=mm&r=g\",\"contentUrl\":\"https:\/\/secure.gravatar.com\/avatar\/5ba2793f0590b9dbfad3fdec4ee714485b3eef211c9b32ee53d414060454a56c?s=96&d=mm&r=g\",\"caption\":\"Sodr\u00e9\"},\"sameAs\":[\"https:\/\/www.facebook.com\/carosroberto.sodre.5\/\"],\"url\":\"https:\/\/ubanews.com\/site\/author\/felipe\/\"}]}<\/script>\n<!-- \/ Yoast SEO plugin. -->","yoast_head_json":{"title":"S\u00c3O GERALDO: POL\u00cdCIA MILITAR EFETUA PRIS\u00c3O E RECUPERA VE\u00cdCULO E CELULAR PRODUTOS DE ROUBO - Ub\u00e1 News","robots":{"index":"index","follow":"follow","max-snippet":"max-snippet:-1","max-image-preview":"max-image-preview:large","max-video-preview":"max-video-preview:-1"},"canonical":"https:\/\/ubanews.com\/site\/2021\/12\/21\/sao-geraldo-policia-militar-efetua-prisao-e-recupera-veiculo-e-celular-produtos-de-roubo\/","og_locale":"pt_BR","og_type":"article","og_title":"S\u00c3O GERALDO: POL\u00cdCIA MILITAR EFETUA PRIS\u00c3O E RECUPERA VE\u00cdCULO E CELULAR PRODUTOS DE ROUBO - Ub\u00e1 News","og_description":"20\/12\/2021 S\u00c3O GERALDO \u2013 Rua Alvorada, Cohab Durante patrulhamento, Policiais","og_url":"https:\/\/ubanews.com\/site\/2021\/12\/21\/sao-geraldo-policia-militar-efetua-prisao-e-recupera-veiculo-e-celular-produtos-de-roubo\/","og_site_name":"Ub\u00e1 News","article_publisher":"https:\/\/www.facebook.com\/Ub%c3%a1News-Carlos-Roberto-Sodr%c3%a9-418778301977370","article_author":"https:\/\/www.facebook.com\/carosroberto.sodre.5\/","article_published_time":"2021-12-21T21:04:51+00:00","og_image":[{"width":1000,"height":500,"url":"https:\/\/ubanews.com\/site\/wp-content\/uploads\/2021\/12\/912.jpg","type":"image\/jpeg"}],"author":"Sodr\u00e9","twitter_card":"summary_large_image","twitter_misc":{"Escrito por":"Sodr\u00e9","Est. tempo de leitura":"1 minuto"},"schema":{"@context":"https:\/\/schema.org","@graph":[{"@type":"Article","@id":"https:\/\/ubanews.com\/site\/2021\/12\/21\/sao-geraldo-policia-militar-efetua-prisao-e-recupera-veiculo-e-celular-produtos-de-roubo\/#article","isPartOf":{"@id":"https:\/\/ubanews.com\/site\/2021\/12\/21\/sao-geraldo-policia-militar-efetua-prisao-e-recupera-veiculo-e-celular-produtos-de-roubo\/"},"author":{"name":"Sodr\u00e9","@id":"https:\/\/ubanews.com\/site\/#\/schema\/person\/d90c9e47252fbb63dcc969fe4c8b9d10"},"headline":"S\u00c3O GERALDO: POL\u00cdCIA MILITAR EFETUA PRIS\u00c3O E RECUPERA VE\u00cdCULO E CELULAR PRODUTOS DE ROUBO","datePublished":"2021-12-21T21:04:51+00:00","mainEntityOfPage":{"@id":"https:\/\/ubanews.com\/site\/2021\/12\/21\/sao-geraldo-policia-militar-efetua-prisao-e-recupera-veiculo-e-celular-produtos-de-roubo\/"},"wordCount":198,"commentCount":0,"publisher":{"@id":"https:\/\/ubanews.com\/site\/#organization"},"image":{"@id":"https:\/\/ubanews.com\/site\/2021\/12\/21\/sao-geraldo-policia-militar-efetua-prisao-e-recupera-veiculo-e-celular-produtos-de-roubo\/#primaryimage"},"thumbnailUrl":"https:\/\/ubanews.com\/site\/wp-content\/uploads\/2021\/12\/912.jpg","articleSection":["S\u00edntese das Ocorr\u00eancias"],"inLanguage":"pt-BR","potentialAction":[{"@type":"CommentAction","name":"Comment","target":["https:\/\/ubanews.com\/site\/2021\/12\/21\/sao-geraldo-policia-militar-efetua-prisao-e-recupera-veiculo-e-celular-produtos-de-roubo\/#respond"]}]},{"@type":"WebPage","@id":"https:\/\/ubanews.com\/site\/2021\/12\/21\/sao-geraldo-policia-militar-efetua-prisao-e-recupera-veiculo-e-celular-produtos-de-roubo\/","url":"https:\/\/ubanews.com\/site\/2021\/12\/21\/sao-geraldo-policia-militar-efetua-prisao-e-recupera-veiculo-e-celular-produtos-de-roubo\/","name":"S\u00c3O GERALDO: POL\u00cdCIA MILITAR EFETUA PRIS\u00c3O E RECUPERA VE\u00cdCULO E CELULAR PRODUTOS DE ROUBO - Ub\u00e1 News","isPartOf":{"@id":"https:\/\/ubanews.com\/site\/#website"},"primaryImageOfPage":{"@id":"https:\/\/ubanews.com\/site\/2021\/12\/21\/sao-geraldo-policia-militar-efetua-prisao-e-recupera-veiculo-e-celular-produtos-de-roubo\/#primaryimage"},"image":{"@id":"https:\/\/ubanews.com\/site\/2021\/12\/21\/sao-geraldo-policia-militar-efetua-prisao-e-recupera-veiculo-e-celular-produtos-de-roubo\/#primaryimage"},"thumbnailUrl":"https:\/\/ubanews.com\/site\/wp-content\/uploads\/2021\/12\/912.jpg","datePublished":"2021-12-21T21:04:51+00:00","breadcrumb":{"@id":"https:\/\/ubanews.com\/site\/2021\/12\/21\/sao-geraldo-policia-militar-efetua-prisao-e-recupera-veiculo-e-celular-produtos-de-roubo\/#breadcrumb"},"inLanguage":"pt-BR","potentialAction":[{"@type":"ReadAction","target":["https:\/\/ubanews.com\/site\/2021\/12\/21\/sao-geraldo-policia-militar-efetua-prisao-e-recupera-veiculo-e-celular-produtos-de-roubo\/"]}]},{"@type":"ImageObject","inLanguage":"pt-BR","@id":"https:\/\/ubanews.com\/site\/2021\/12\/21\/sao-geraldo-policia-militar-efetua-prisao-e-recupera-veiculo-e-celular-produtos-de-roubo\/#primaryimage","url":"https:\/\/ubanews.com\/site\/wp-content\/uploads\/2021\/12\/912.jpg","contentUrl":"https:\/\/ubanews.com\/site\/wp-content\/uploads\/2021\/12\/912.jpg","width":1000,"height":500},{"@type":"BreadcrumbList","@id":"https:\/\/ubanews.com\/site\/2021\/12\/21\/sao-geraldo-policia-militar-efetua-prisao-e-recupera-veiculo-e-celular-produtos-de-roubo\/#breadcrumb","itemListElement":[{"@type":"ListItem","position":1,"name":"Home","item":"https:\/\/ubanews.com\/site\/"},{"@type":"ListItem","position":2,"name":"S\u00c3O GERALDO: POL\u00cdCIA MILITAR EFETUA PRIS\u00c3O E RECUPERA VE\u00cdCULO E CELULAR PRODUTOS DE ROUBO"}]},{"@type":"WebSite","@id":"https:\/\/ubanews.com\/site\/#website","url":"https:\/\/ubanews.com\/site\/","name":"Ub\u00e1 News","description":"","publisher":{"@id":"https:\/\/ubanews.com\/site\/#organization"},"potentialAction":[{"@type":"SearchAction","target":{"@type":"EntryPoint","urlTemplate":"https:\/\/ubanews.com\/site\/?s={search_term_string}"},"query-input":{"@type":"PropertyValueSpecification","valueRequired":true,"valueName":"search_term_string"}}],"inLanguage":"pt-BR"},{"@type":"Organization","@id":"https:\/\/ubanews.com\/site\/#organization","name":"Ub\u00e1 News","url":"https:\/\/ubanews.com\/site\/","logo":{"@type":"ImageObject","inLanguage":"pt-BR","@id":"https:\/\/ubanews.com\/site\/#\/schema\/logo\/image\/","url":"https:\/\/ubanews.com\/site\/wp-content\/uploads\/2018\/01\/logoubanews.png","contentUrl":"https:\/\/ubanews.com\/site\/wp-content\/uploads\/2018\/01\/logoubanews.png","width":261,"height":99,"caption":"Ub\u00e1 News"},"image":{"@id":"https:\/\/ubanews.com\/site\/#\/schema\/logo\/image\/"},"sameAs":["https:\/\/www.facebook.com\/Ub\u00e1News-Carlos-Roberto-Sodr\u00e9-418778301977370"]},{"@type":"Person","@id":"https:\/\/ubanews.com\/site\/#\/schema\/person\/d90c9e47252fbb63dcc969fe4c8b9d10","name":"Sodr\u00e9","image":{"@type":"ImageObject","inLanguage":"pt-BR","@id":"https:\/\/secure.gravatar.com\/avatar\/5ba2793f0590b9dbfad3fdec4ee714485b3eef211c9b32ee53d414060454a56c?s=96&d=mm&r=g","url":"https:\/\/secure.gravatar.com\/avatar\/5ba2793f0590b9dbfad3fdec4ee714485b3eef211c9b32ee53d414060454a56c?s=96&d=mm&r=g","contentUrl":"https:\/\/secure.gravatar.com\/avatar\/5ba2793f0590b9dbfad3fdec4ee714485b3eef211c9b32ee53d414060454a56c?s=96&d=mm&r=g","caption":"Sodr\u00e9"},"sameAs":["https:\/\/www.facebook.com\/carosroberto.sodre.5\/"],"url":"https:\/\/ubanews.com\/site\/author\/felipe\/"}]}},"_links":{"self":[{"href":"https:\/\/ubanews.com\/site\/wp-json\/wp\/v2\/posts\/21029","targetHints":{"allow":["GET"]}}],"collection":[{"href":"https:\/\/ubanews.com\/site\/wp-json\/wp\/v2\/posts"}],"about":[{"href":"https:\/\/ubanews.com\/site\/wp-json\/wp\/v2\/types\/post"}],"author":[{"embeddable":true,"href":"https:\/\/ubanews.com\/site\/wp-json\/wp\/v2\/users\/2"}],"replies":[{"embeddable":true,"href":"https:\/\/ubanews.com\/site\/wp-json\/wp\/v2\/comments?post=21029"}],"version-history":[{"count":0,"href":"https:\/\/ubanews.com\/site\/wp-json\/wp\/v2\/posts\/21029\/revisions"}],"wp:featuredmedia":[{"embeddable":true,"href":"https:\/\/ubanews.com\/site\/wp-json\/wp\/v2\/media\/21030"}],"wp:attachment":[{"href":"https:\/\/ubanews.com\/site\/wp-json\/wp\/v2\/media?parent=21029"}],"wp:term":[{"taxonomy":"category","embeddable":true,"href":"https:\/\/ubanews.com\/site\/wp-json\/wp\/v2\/categories?post=21029"},{"taxonomy":"post_tag","embeddable":true,"href":"https:\/\/ubanews.com\/site\/wp-json\/wp\/v2\/tags?post=21029"}],"curies":[{"name":"wp","href":"https:\/\/api.w.org\/{rel}","templated":true}]}}