{"id":21025,"date":"2021-12-20T20:09:06","date_gmt":"2021-12-20T23:09:06","guid":{"rendered":"http:\/\/ubanews.com\/site\/?p=21025"},"modified":"2021-12-20T20:09:16","modified_gmt":"2021-12-20T23:09:16","slug":"suspeito-de-cometer-estupro-de-vulneravel-e-preso-pela-pcmg-em-lima-duarte","status":"publish","type":"post","link":"https:\/\/ubanews.com\/site\/2021\/12\/20\/suspeito-de-cometer-estupro-de-vulneravel-e-preso-pela-pcmg-em-lima-duarte\/","title":{"rendered":"Suspeito de cometer estupro de vulner\u00e1vel \u00e9 preso pela PCMG em Lima Duarte"},"content":{"rendered":"<p><em>O mandado de pris\u00e3o preventiva em desfavor do investigado, de 57 anos, foi cumprido na quarta-feira (15\/12), no munic\u00edpio da Zona da Mata mineira<\/em>.<\/p>\n<p>A Pol\u00edcia Civil de Minas Gerais (PCMG) cumpriu, na quarta-feira (15\/12), mandado de pris\u00e3o preventiva em desfavor de um homem de 57 anos, suspeito de cometer estupro de vulner\u00e1vel, ocorrido no dia 7 de dezembro, no munic\u00edpio de Lima Duarte, na Zona da Mata mineira.<\/p>\n<div id=\"metaslider-id-17652\" style=\"max-width: 1000px;\" class=\"ml-slider-3-106-0 metaslider metaslider-nivo metaslider-17652 ml-slider ms-theme-outline\" role=\"region\" aria-label=\"Texto\" data-height=\"200\" data-width=\"1000\">\n    <div id=\"metaslider_container_17652\">\n        <div class='slider-wrapper theme-default'><div class='ribbon'><\/div><div id='metaslider_17652' class='nivoSlider'><\/div><\/div>\n        \n    <\/div>\n<\/div>\n<p>&nbsp;Na ocasi\u00e3o, apura\u00e7\u00f5es indicam que ele, conhecido da v\u00edtima de 13 anos, teria praticado o crime, quando ofereceu uma carona para a adolescente no momento em que ela estava na rua, indo ao mercado. No dia dos fatos, investiga\u00e7\u00f5es apontam que ele teria mudado o percurso e, na BR- 267, em uma estrada de ch\u00e3o, parado o carro e cometido o ato.<\/p>\n<p>Segundo o delegado Jos\u00e9 M\u00e1rcio de Almeida Lopes, na \u00e9poca, foi aberto inqu\u00e9rito policial para apurar os fatos. \u201cA Pol\u00edcia Civil tamb\u00e9m representou junto ao Poder Judici\u00e1rio pela pris\u00e3o preventiva do investigado, cumprida ontem. Ele foi encaminhado ao sistema prisional, permanecendo \u00e0 disposi\u00e7\u00e3o da Justi\u00e7a. J\u00e1 juntamos alguns laudos periciais ao inqu\u00e9rito policial e outros laudos est\u00e3o em confec\u00e7\u00e3o para serem anexados ao procedimento nos pr\u00f3ximos dias. Em breve, concluiremos o caso e vamos encaminh\u00e1-lo \u00e0 Justi\u00e7a\u201d, finaliza.<\/p>\n<p><strong>Assessoria de Comunica\u00e7\u00e3o Pol\u00edcia Civil de Minas Gerais<\/strong><\/p>\n<div style=\"width: 840px;\" class=\"wp-video\"><video class=\"wp-video-shortcode\" id=\"video-21025-1\" width=\"840\" height=\"473\" autoplay preload=\"auto\" controls=\"controls\"><source type=\"video\/mp4\" src=\"https:\/\/ubanews.com\/site\/wp-content\/uploads\/2020\/12\/01020002.00_00_53_25.mp4?_=1\" \/><a href=\"https:\/\/ubanews.com\/site\/wp-content\/uploads\/2020\/12\/01020002.00_00_53_25.mp4\">https:\/\/ubanews.com\/site\/wp-content\/uploads\/2020\/12\/01020002.00_00_53_25.mp4<\/a><\/video><\/div>\n","protected":false},"excerpt":{"rendered":"<p>O mandado de pris\u00e3o preventiva em desfavor do investigado, de<\/p>\n","protected":false},"author":2,"featured_media":15824,"comment_status":"open","ping_status":"open","sticky":false,"template":"","format":"standard","meta":{"footnotes":""},"categories":[1],"tags":[],"class_list":["post-21025","post","type-post","status-publish","format-standard","has-post-thumbnail","hentry","category-sem-categoria"],"yoast_head":"<!-- This site is optimized with the Yoast SEO plugin v27.2 - https:\/\/yoast.com\/product\/yoast-seo-wordpress\/ -->\n<title>Suspeito de cometer estupro de vulner\u00e1vel \u00e9 preso pela PCMG em Lima Duarte - Ub\u00e1 News<\/title>\n<meta name=\"robots\" content=\"index, follow, max-snippet:-1, max-image-preview:large, max-video-preview:-1\" \/>\n<link rel=\"canonical\" href=\"https:\/\/ubanews.com\/site\/2021\/12\/20\/suspeito-de-cometer-estupro-de-vulneravel-e-preso-pela-pcmg-em-lima-duarte\/\" \/>\n<meta property=\"og:locale\" content=\"pt_BR\" \/>\n<meta property=\"og:type\" content=\"article\" \/>\n<meta property=\"og:title\" content=\"Suspeito de cometer estupro de vulner\u00e1vel \u00e9 preso pela PCMG em Lima Duarte - Ub\u00e1 News\" \/>\n<meta property=\"og:description\" content=\"O mandado de pris\u00e3o preventiva em desfavor do investigado, de\" \/>\n<meta property=\"og:url\" content=\"https:\/\/ubanews.com\/site\/2021\/12\/20\/suspeito-de-cometer-estupro-de-vulneravel-e-preso-pela-pcmg-em-lima-duarte\/\" \/>\n<meta property=\"og:site_name\" content=\"Ub\u00e1 News\" \/>\n<meta property=\"article:publisher\" content=\"https:\/\/www.facebook.com\/Ub%c3%a1News-Carlos-Roberto-Sodr%c3%a9-418778301977370\" \/>\n<meta property=\"article:author\" content=\"https:\/\/www.facebook.com\/carosroberto.sodre.5\/\" \/>\n<meta property=\"article:published_time\" content=\"2021-12-20T23:09:06+00:00\" \/>\n<meta property=\"article:modified_time\" content=\"2021-12-20T23:09:16+00:00\" \/>\n<meta property=\"og:image\" content=\"https:\/\/ubanews.com\/site\/wp-content\/uploads\/2020\/03\/Pol\u00edcia-Civil.jpg\" \/>\n\t<meta property=\"og:image:width\" content=\"800\" \/>\n\t<meta property=\"og:image:height\" content=\"389\" \/>\n\t<meta property=\"og:image:type\" content=\"image\/jpeg\" \/>\n<meta name=\"author\" content=\"Sodr\u00e9\" \/>\n<meta name=\"twitter:card\" content=\"summary_large_image\" \/>\n<meta name=\"twitter:label1\" content=\"Escrito por\" \/>\n\t<meta name=\"twitter:data1\" content=\"Sodr\u00e9\" \/>\n\t<meta name=\"twitter:label2\" content=\"Est. tempo de leitura\" \/>\n\t<meta name=\"twitter:data2\" content=\"1 minuto\" \/>\n<script type=\"application\/ld+json\" class=\"yoast-schema-graph\">{\"@context\":\"https:\/\/schema.org\",\"@graph\":[{\"@type\":\"Article\",\"@id\":\"https:\/\/ubanews.com\/site\/2021\/12\/20\/suspeito-de-cometer-estupro-de-vulneravel-e-preso-pela-pcmg-em-lima-duarte\/#article\",\"isPartOf\":{\"@id\":\"https:\/\/ubanews.com\/site\/2021\/12\/20\/suspeito-de-cometer-estupro-de-vulneravel-e-preso-pela-pcmg-em-lima-duarte\/\"},\"author\":{\"name\":\"Sodr\u00e9\",\"@id\":\"https:\/\/ubanews.com\/site\/#\/schema\/person\/d90c9e47252fbb63dcc969fe4c8b9d10\"},\"headline\":\"Suspeito de cometer estupro de vulner\u00e1vel \u00e9 preso pela PCMG em Lima Duarte\",\"datePublished\":\"2021-12-20T23:09:06+00:00\",\"dateModified\":\"2021-12-20T23:09:16+00:00\",\"mainEntityOfPage\":{\"@id\":\"https:\/\/ubanews.com\/site\/2021\/12\/20\/suspeito-de-cometer-estupro-de-vulneravel-e-preso-pela-pcmg-em-lima-duarte\/\"},\"wordCount\":267,\"commentCount\":0,\"publisher\":{\"@id\":\"https:\/\/ubanews.com\/site\/#organization\"},\"image\":{\"@id\":\"https:\/\/ubanews.com\/site\/2021\/12\/20\/suspeito-de-cometer-estupro-de-vulneravel-e-preso-pela-pcmg-em-lima-duarte\/#primaryimage\"},\"thumbnailUrl\":\"https:\/\/ubanews.com\/site\/wp-content\/uploads\/2020\/03\/Pol\u00edcia-Civil.jpg\",\"articleSection\":[\"Geral\"],\"inLanguage\":\"pt-BR\",\"potentialAction\":[{\"@type\":\"CommentAction\",\"name\":\"Comment\",\"target\":[\"https:\/\/ubanews.com\/site\/2021\/12\/20\/suspeito-de-cometer-estupro-de-vulneravel-e-preso-pela-pcmg-em-lima-duarte\/#respond\"]}]},{\"@type\":\"WebPage\",\"@id\":\"https:\/\/ubanews.com\/site\/2021\/12\/20\/suspeito-de-cometer-estupro-de-vulneravel-e-preso-pela-pcmg-em-lima-duarte\/\",\"url\":\"https:\/\/ubanews.com\/site\/2021\/12\/20\/suspeito-de-cometer-estupro-de-vulneravel-e-preso-pela-pcmg-em-lima-duarte\/\",\"name\":\"Suspeito de cometer estupro de vulner\u00e1vel \u00e9 preso pela PCMG em Lima Duarte - Ub\u00e1 News\",\"isPartOf\":{\"@id\":\"https:\/\/ubanews.com\/site\/#website\"},\"primaryImageOfPage\":{\"@id\":\"https:\/\/ubanews.com\/site\/2021\/12\/20\/suspeito-de-cometer-estupro-de-vulneravel-e-preso-pela-pcmg-em-lima-duarte\/#primaryimage\"},\"image\":{\"@id\":\"https:\/\/ubanews.com\/site\/2021\/12\/20\/suspeito-de-cometer-estupro-de-vulneravel-e-preso-pela-pcmg-em-lima-duarte\/#primaryimage\"},\"thumbnailUrl\":\"https:\/\/ubanews.com\/site\/wp-content\/uploads\/2020\/03\/Pol\u00edcia-Civil.jpg\",\"datePublished\":\"2021-12-20T23:09:06+00:00\",\"dateModified\":\"2021-12-20T23:09:16+00:00\",\"breadcrumb\":{\"@id\":\"https:\/\/ubanews.com\/site\/2021\/12\/20\/suspeito-de-cometer-estupro-de-vulneravel-e-preso-pela-pcmg-em-lima-duarte\/#breadcrumb\"},\"inLanguage\":\"pt-BR\",\"potentialAction\":[{\"@type\":\"ReadAction\",\"target\":[\"https:\/\/ubanews.com\/site\/2021\/12\/20\/suspeito-de-cometer-estupro-de-vulneravel-e-preso-pela-pcmg-em-lima-duarte\/\"]}]},{\"@type\":\"ImageObject\",\"inLanguage\":\"pt-BR\",\"@id\":\"https:\/\/ubanews.com\/site\/2021\/12\/20\/suspeito-de-cometer-estupro-de-vulneravel-e-preso-pela-pcmg-em-lima-duarte\/#primaryimage\",\"url\":\"https:\/\/ubanews.com\/site\/wp-content\/uploads\/2020\/03\/Pol\u00edcia-Civil.jpg\",\"contentUrl\":\"https:\/\/ubanews.com\/site\/wp-content\/uploads\/2020\/03\/Pol\u00edcia-Civil.jpg\",\"width\":800,\"height\":389},{\"@type\":\"BreadcrumbList\",\"@id\":\"https:\/\/ubanews.com\/site\/2021\/12\/20\/suspeito-de-cometer-estupro-de-vulneravel-e-preso-pela-pcmg-em-lima-duarte\/#breadcrumb\",\"itemListElement\":[{\"@type\":\"ListItem\",\"position\":1,\"name\":\"Home\",\"item\":\"https:\/\/ubanews.com\/site\/\"},{\"@type\":\"ListItem\",\"position\":2,\"name\":\"Suspeito de cometer estupro de vulner\u00e1vel \u00e9 preso pela PCMG em Lima Duarte\"}]},{\"@type\":\"WebSite\",\"@id\":\"https:\/\/ubanews.com\/site\/#website\",\"url\":\"https:\/\/ubanews.com\/site\/\",\"name\":\"Ub\u00e1 News\",\"description\":\"\",\"publisher\":{\"@id\":\"https:\/\/ubanews.com\/site\/#organization\"},\"potentialAction\":[{\"@type\":\"SearchAction\",\"target\":{\"@type\":\"EntryPoint\",\"urlTemplate\":\"https:\/\/ubanews.com\/site\/?s={search_term_string}\"},\"query-input\":{\"@type\":\"PropertyValueSpecification\",\"valueRequired\":true,\"valueName\":\"search_term_string\"}}],\"inLanguage\":\"pt-BR\"},{\"@type\":\"Organization\",\"@id\":\"https:\/\/ubanews.com\/site\/#organization\",\"name\":\"Ub\u00e1 News\",\"url\":\"https:\/\/ubanews.com\/site\/\",\"logo\":{\"@type\":\"ImageObject\",\"inLanguage\":\"pt-BR\",\"@id\":\"https:\/\/ubanews.com\/site\/#\/schema\/logo\/image\/\",\"url\":\"https:\/\/ubanews.com\/site\/wp-content\/uploads\/2018\/01\/logoubanews.png\",\"contentUrl\":\"https:\/\/ubanews.com\/site\/wp-content\/uploads\/2018\/01\/logoubanews.png\",\"width\":261,\"height\":99,\"caption\":\"Ub\u00e1 News\"},\"image\":{\"@id\":\"https:\/\/ubanews.com\/site\/#\/schema\/logo\/image\/\"},\"sameAs\":[\"https:\/\/www.facebook.com\/Ub\u00e1News-Carlos-Roberto-Sodr\u00e9-418778301977370\"]},{\"@type\":\"Person\",\"@id\":\"https:\/\/ubanews.com\/site\/#\/schema\/person\/d90c9e47252fbb63dcc969fe4c8b9d10\",\"name\":\"Sodr\u00e9\",\"image\":{\"@type\":\"ImageObject\",\"inLanguage\":\"pt-BR\",\"@id\":\"https:\/\/secure.gravatar.com\/avatar\/5ba2793f0590b9dbfad3fdec4ee714485b3eef211c9b32ee53d414060454a56c?s=96&d=mm&r=g\",\"url\":\"https:\/\/secure.gravatar.com\/avatar\/5ba2793f0590b9dbfad3fdec4ee714485b3eef211c9b32ee53d414060454a56c?s=96&d=mm&r=g\",\"contentUrl\":\"https:\/\/secure.gravatar.com\/avatar\/5ba2793f0590b9dbfad3fdec4ee714485b3eef211c9b32ee53d414060454a56c?s=96&d=mm&r=g\",\"caption\":\"Sodr\u00e9\"},\"sameAs\":[\"https:\/\/www.facebook.com\/carosroberto.sodre.5\/\"],\"url\":\"https:\/\/ubanews.com\/site\/author\/felipe\/\"}]}<\/script>\n<!-- \/ Yoast SEO plugin. -->","yoast_head_json":{"title":"Suspeito de cometer estupro de vulner\u00e1vel \u00e9 preso pela PCMG em Lima Duarte - Ub\u00e1 News","robots":{"index":"index","follow":"follow","max-snippet":"max-snippet:-1","max-image-preview":"max-image-preview:large","max-video-preview":"max-video-preview:-1"},"canonical":"https:\/\/ubanews.com\/site\/2021\/12\/20\/suspeito-de-cometer-estupro-de-vulneravel-e-preso-pela-pcmg-em-lima-duarte\/","og_locale":"pt_BR","og_type":"article","og_title":"Suspeito de cometer estupro de vulner\u00e1vel \u00e9 preso pela PCMG em Lima Duarte - Ub\u00e1 News","og_description":"O mandado de pris\u00e3o preventiva em desfavor do investigado, de","og_url":"https:\/\/ubanews.com\/site\/2021\/12\/20\/suspeito-de-cometer-estupro-de-vulneravel-e-preso-pela-pcmg-em-lima-duarte\/","og_site_name":"Ub\u00e1 News","article_publisher":"https:\/\/www.facebook.com\/Ub%c3%a1News-Carlos-Roberto-Sodr%c3%a9-418778301977370","article_author":"https:\/\/www.facebook.com\/carosroberto.sodre.5\/","article_published_time":"2021-12-20T23:09:06+00:00","article_modified_time":"2021-12-20T23:09:16+00:00","og_image":[{"width":800,"height":389,"url":"https:\/\/ubanews.com\/site\/wp-content\/uploads\/2020\/03\/Pol\u00edcia-Civil.jpg","type":"image\/jpeg"}],"author":"Sodr\u00e9","twitter_card":"summary_large_image","twitter_misc":{"Escrito por":"Sodr\u00e9","Est. tempo de leitura":"1 minuto"},"schema":{"@context":"https:\/\/schema.org","@graph":[{"@type":"Article","@id":"https:\/\/ubanews.com\/site\/2021\/12\/20\/suspeito-de-cometer-estupro-de-vulneravel-e-preso-pela-pcmg-em-lima-duarte\/#article","isPartOf":{"@id":"https:\/\/ubanews.com\/site\/2021\/12\/20\/suspeito-de-cometer-estupro-de-vulneravel-e-preso-pela-pcmg-em-lima-duarte\/"},"author":{"name":"Sodr\u00e9","@id":"https:\/\/ubanews.com\/site\/#\/schema\/person\/d90c9e47252fbb63dcc969fe4c8b9d10"},"headline":"Suspeito de cometer estupro de vulner\u00e1vel \u00e9 preso pela PCMG em Lima Duarte","datePublished":"2021-12-20T23:09:06+00:00","dateModified":"2021-12-20T23:09:16+00:00","mainEntityOfPage":{"@id":"https:\/\/ubanews.com\/site\/2021\/12\/20\/suspeito-de-cometer-estupro-de-vulneravel-e-preso-pela-pcmg-em-lima-duarte\/"},"wordCount":267,"commentCount":0,"publisher":{"@id":"https:\/\/ubanews.com\/site\/#organization"},"image":{"@id":"https:\/\/ubanews.com\/site\/2021\/12\/20\/suspeito-de-cometer-estupro-de-vulneravel-e-preso-pela-pcmg-em-lima-duarte\/#primaryimage"},"thumbnailUrl":"https:\/\/ubanews.com\/site\/wp-content\/uploads\/2020\/03\/Pol\u00edcia-Civil.jpg","articleSection":["Geral"],"inLanguage":"pt-BR","potentialAction":[{"@type":"CommentAction","name":"Comment","target":["https:\/\/ubanews.com\/site\/2021\/12\/20\/suspeito-de-cometer-estupro-de-vulneravel-e-preso-pela-pcmg-em-lima-duarte\/#respond"]}]},{"@type":"WebPage","@id":"https:\/\/ubanews.com\/site\/2021\/12\/20\/suspeito-de-cometer-estupro-de-vulneravel-e-preso-pela-pcmg-em-lima-duarte\/","url":"https:\/\/ubanews.com\/site\/2021\/12\/20\/suspeito-de-cometer-estupro-de-vulneravel-e-preso-pela-pcmg-em-lima-duarte\/","name":"Suspeito de cometer estupro de vulner\u00e1vel \u00e9 preso pela PCMG em Lima Duarte - Ub\u00e1 News","isPartOf":{"@id":"https:\/\/ubanews.com\/site\/#website"},"primaryImageOfPage":{"@id":"https:\/\/ubanews.com\/site\/2021\/12\/20\/suspeito-de-cometer-estupro-de-vulneravel-e-preso-pela-pcmg-em-lima-duarte\/#primaryimage"},"image":{"@id":"https:\/\/ubanews.com\/site\/2021\/12\/20\/suspeito-de-cometer-estupro-de-vulneravel-e-preso-pela-pcmg-em-lima-duarte\/#primaryimage"},"thumbnailUrl":"https:\/\/ubanews.com\/site\/wp-content\/uploads\/2020\/03\/Pol\u00edcia-Civil.jpg","datePublished":"2021-12-20T23:09:06+00:00","dateModified":"2021-12-20T23:09:16+00:00","breadcrumb":{"@id":"https:\/\/ubanews.com\/site\/2021\/12\/20\/suspeito-de-cometer-estupro-de-vulneravel-e-preso-pela-pcmg-em-lima-duarte\/#breadcrumb"},"inLanguage":"pt-BR","potentialAction":[{"@type":"ReadAction","target":["https:\/\/ubanews.com\/site\/2021\/12\/20\/suspeito-de-cometer-estupro-de-vulneravel-e-preso-pela-pcmg-em-lima-duarte\/"]}]},{"@type":"ImageObject","inLanguage":"pt-BR","@id":"https:\/\/ubanews.com\/site\/2021\/12\/20\/suspeito-de-cometer-estupro-de-vulneravel-e-preso-pela-pcmg-em-lima-duarte\/#primaryimage","url":"https:\/\/ubanews.com\/site\/wp-content\/uploads\/2020\/03\/Pol\u00edcia-Civil.jpg","contentUrl":"https:\/\/ubanews.com\/site\/wp-content\/uploads\/2020\/03\/Pol\u00edcia-Civil.jpg","width":800,"height":389},{"@type":"BreadcrumbList","@id":"https:\/\/ubanews.com\/site\/2021\/12\/20\/suspeito-de-cometer-estupro-de-vulneravel-e-preso-pela-pcmg-em-lima-duarte\/#breadcrumb","itemListElement":[{"@type":"ListItem","position":1,"name":"Home","item":"https:\/\/ubanews.com\/site\/"},{"@type":"ListItem","position":2,"name":"Suspeito de cometer estupro de vulner\u00e1vel \u00e9 preso pela PCMG em Lima Duarte"}]},{"@type":"WebSite","@id":"https:\/\/ubanews.com\/site\/#website","url":"https:\/\/ubanews.com\/site\/","name":"Ub\u00e1 News","description":"","publisher":{"@id":"https:\/\/ubanews.com\/site\/#organization"},"potentialAction":[{"@type":"SearchAction","target":{"@type":"EntryPoint","urlTemplate":"https:\/\/ubanews.com\/site\/?s={search_term_string}"},"query-input":{"@type":"PropertyValueSpecification","valueRequired":true,"valueName":"search_term_string"}}],"inLanguage":"pt-BR"},{"@type":"Organization","@id":"https:\/\/ubanews.com\/site\/#organization","name":"Ub\u00e1 News","url":"https:\/\/ubanews.com\/site\/","logo":{"@type":"ImageObject","inLanguage":"pt-BR","@id":"https:\/\/ubanews.com\/site\/#\/schema\/logo\/image\/","url":"https:\/\/ubanews.com\/site\/wp-content\/uploads\/2018\/01\/logoubanews.png","contentUrl":"https:\/\/ubanews.com\/site\/wp-content\/uploads\/2018\/01\/logoubanews.png","width":261,"height":99,"caption":"Ub\u00e1 News"},"image":{"@id":"https:\/\/ubanews.com\/site\/#\/schema\/logo\/image\/"},"sameAs":["https:\/\/www.facebook.com\/Ub\u00e1News-Carlos-Roberto-Sodr\u00e9-418778301977370"]},{"@type":"Person","@id":"https:\/\/ubanews.com\/site\/#\/schema\/person\/d90c9e47252fbb63dcc969fe4c8b9d10","name":"Sodr\u00e9","image":{"@type":"ImageObject","inLanguage":"pt-BR","@id":"https:\/\/secure.gravatar.com\/avatar\/5ba2793f0590b9dbfad3fdec4ee714485b3eef211c9b32ee53d414060454a56c?s=96&d=mm&r=g","url":"https:\/\/secure.gravatar.com\/avatar\/5ba2793f0590b9dbfad3fdec4ee714485b3eef211c9b32ee53d414060454a56c?s=96&d=mm&r=g","contentUrl":"https:\/\/secure.gravatar.com\/avatar\/5ba2793f0590b9dbfad3fdec4ee714485b3eef211c9b32ee53d414060454a56c?s=96&d=mm&r=g","caption":"Sodr\u00e9"},"sameAs":["https:\/\/www.facebook.com\/carosroberto.sodre.5\/"],"url":"https:\/\/ubanews.com\/site\/author\/felipe\/"}]}},"_links":{"self":[{"href":"https:\/\/ubanews.com\/site\/wp-json\/wp\/v2\/posts\/21025","targetHints":{"allow":["GET"]}}],"collection":[{"href":"https:\/\/ubanews.com\/site\/wp-json\/wp\/v2\/posts"}],"about":[{"href":"https:\/\/ubanews.com\/site\/wp-json\/wp\/v2\/types\/post"}],"author":[{"embeddable":true,"href":"https:\/\/ubanews.com\/site\/wp-json\/wp\/v2\/users\/2"}],"replies":[{"embeddable":true,"href":"https:\/\/ubanews.com\/site\/wp-json\/wp\/v2\/comments?post=21025"}],"version-history":[{"count":0,"href":"https:\/\/ubanews.com\/site\/wp-json\/wp\/v2\/posts\/21025\/revisions"}],"wp:featuredmedia":[{"embeddable":true,"href":"https:\/\/ubanews.com\/site\/wp-json\/wp\/v2\/media\/15824"}],"wp:attachment":[{"href":"https:\/\/ubanews.com\/site\/wp-json\/wp\/v2\/media?parent=21025"}],"wp:term":[{"taxonomy":"category","embeddable":true,"href":"https:\/\/ubanews.com\/site\/wp-json\/wp\/v2\/categories?post=21025"},{"taxonomy":"post_tag","embeddable":true,"href":"https:\/\/ubanews.com\/site\/wp-json\/wp\/v2\/tags?post=21025"}],"curies":[{"name":"wp","href":"https:\/\/api.w.org\/{rel}","templated":true}]}}