{"id":21007,"date":"2021-12-15T20:11:36","date_gmt":"2021-12-15T23:11:36","guid":{"rendered":"http:\/\/ubanews.com\/site\/?p=21007"},"modified":"2021-12-15T20:11:36","modified_gmt":"2021-12-15T23:11:36","slug":"pcmg-divulga-balanco-de-acoes-desenvolvidas-neste-ano-na-regiao-de-uba","status":"publish","type":"post","link":"https:\/\/ubanews.com\/site\/2021\/12\/15\/pcmg-divulga-balanco-de-acoes-desenvolvidas-neste-ano-na-regiao-de-uba\/","title":{"rendered":"PCMG divulga balan\u00e7o de a\u00e7\u00f5es desenvolvidas neste ano na regi\u00e3o de Ub\u00e1"},"content":{"rendered":"<p class=\"titulo_noticia\"><span style=\"font-size: 1.0625rem;\">Mais de 160 pris\u00f5es efetuadas, 19 adolescentes apreendidos, 340 dilig\u00eancias executadas para cumprimento de mandados de pris\u00e3o, 9.211 documentos de identidade confeccionados, 42.343 documentos de tr\u00e2nsito emitidos, 6.594 exames de legisla\u00e7\u00e3o e 15.114 exames de dire\u00e7\u00e3o veicular realizados. Esse foi o resultado de algumas das atividades de pol\u00edcia judici\u00e1ria desenvolvidas pela Pol\u00edcia Civil de Minas Gerais (PCMG) at\u00e9 3 de dezembro do ano de 2021, no munic\u00edpio de Ub\u00e1, na Zona da Mata mineira, no \u00e2mbito da 2\u00aa Delegacia Regional de Pol\u00edcia Civil (2\u00aa DRPC). A unidade policial compreende 17 munic\u00edpios, sete comarcas e pertence ao 4\u00ba Departamento de Pol\u00edcia Civil, juntamente com as Delegacias Regionais em Juiz de Fora, Leopoldina, Muria\u00e9 e Vi\u00e7osa.<\/span><\/p>\n<p><main class=\"texto_noticia\">Conforme o delegado regional, Di\u00eago Candian Alves, 3.831 procedimentos investigativos foram instaurados no per\u00edodo e 3.859 procedimentos investigativos tamb\u00e9m foram relatados e remetidos \u00e0 Justi\u00e7a. \u201cTivemos 486 medidas protetivas expedidas pela Pol\u00edcia Civil, 2.877 laudos de per\u00edcia criminal e 745 laudos do Posto de Medicina Legal emitidos. Al\u00e9m disso, houve v\u00e1rios levantamentos realizados pela Ag\u00eancia de Intelig\u00eancia da Delegacia Regional que contribu\u00edram com as investiga\u00e7\u00f5es\u201d, informa, complementando que 82% dos homic\u00eddios, entre tentados e consumados, tamb\u00e9m foram esclarecidos neste ano. \u201cSomente em Ub\u00e1, 67 suspeitos foram indiciados\u201d, ressalta.<\/p>\n<p>Segundo o delegado regional, os n\u00fameros refletem o comprometimento e o empenho dos policiais civis. \u201cQueremos agradecer a todos os servidores, policiais e administrativos, pela excelente produtividade do ano corrente. Isso demonstra o grau de pertencimento e comprometimento que temos com nossas cidades, j\u00e1 que somos daqui e nossas fam\u00edlias residem aqui. Exercer nossos trabalhos com esse sentimento de pertencimento faz a diferen\u00e7a. Muito obrigado\u201d, destaca a autoridade policial, tamb\u00e9m ressaltando as parcerias e integra\u00e7\u00e3o com o Poder Judic\u00e1rio, o Minist\u00e9rio Publico, a Pol\u00edcia Militar, a Pol\u00edcia Penal e o Corpo de Bombeiros Militares. \u201cE que a popula\u00e7\u00e3o tamb\u00e9m continue contribuindo com o trabalho da pol\u00edcia judici\u00e1ria, por meio de den\u00fancias que podem ser feitas no Disque Den\u00fancia Unificado &#8211; 181 ou pelo WhatsApp Den\u00fancia 31 994830008\u201d, frisa o delegado.<\/p>\n<div id=\"metaslider-id-17652\" style=\"max-width: 1000px;\" class=\"ml-slider-3-106-0 metaslider metaslider-nivo metaslider-17652 ml-slider ms-theme-outline\" role=\"region\" aria-label=\"Texto\" data-height=\"200\" data-width=\"1000\">\n    <div id=\"metaslider_container_17652\">\n        <div class='slider-wrapper theme-default'><div class='ribbon'><\/div><div id='metaslider_17652' class='nivoSlider'><\/div><\/div>\n        \n    <\/div>\n<\/div>\n<p>Durante esta e a \u00faltima semana, a PCMG, representada pelo delegado Di\u00eago Candian, divulgou esses e outros resultados \u00e0 popula\u00e7\u00e3o, por meio da participa\u00e7\u00e3o em uma s\u00e9rie de entrevistas concedidas a ve\u00edculos de comunica\u00e7\u00e3o da regi\u00e3o, tais como R\u00e1dio Educadora FM, R\u00e1dio L\u00edder FM e Web TVMultishow; R\u00e1dio Ubaense AM e Web TV Uai. A entrevista na Web TV Ub\u00e1 News tamb\u00e9m contou com a participa\u00e7\u00e3o das autoridades policiais da comarca de Ub\u00e1. \u201cTamb\u00e9m aproveito para agradecer a todos os canais de comunica\u00e7\u00e3o neste ano, por serem os mensageiros dos trabalhos da Pol\u00edcia perante a sociedade\u201d, ressalta.<\/p>\n<p><strong>Opera\u00e7\u00f5es policiais realizadas<\/strong><\/p>\n<p>Segundo o delegado regional, 115 opera\u00e7\u00f5es policiais foram realizadas no \u00e2mbito da 2\u00ba DRPC, visando combater a criminalidade, e algumas se destacam, em virtude dos resultados alcan\u00e7ados, entre elas, a opera\u00e7\u00e3o \u201cBack Up II\u201d, realizada em maio, com o objetivo de apreender celulares e aparelhos de inform\u00e1tica de suspeitos de terem invadido dispositivos inform\u00e1ticos da v\u00edtima e vazado conte\u00fados \u00edntimos da mesma, impressos e distribu\u00eddos na cidade de Visconde do Rio Branco. Na ocasi\u00e3o, foram cumpridos mandados de busca e apreens\u00e3o em Visconde do Rio Branco e nas cidades de Teixeira e de Pedra do Anta.<\/p>\n<p>Em julho, a PCMG tamb\u00e9m desencadeou a opera\u00e7\u00e3o \u201cCavalo de Troia\u201d, com apoio da Pol\u00edcia Militar, no bairro S\u00e3o Domingos. A manobra culminou no cumprimento de 20 mandados de busca e apreens\u00e3o \u2013 com apreens\u00e3o de drogas &#8211; e na pris\u00e3o de cinco suspeitos pela pr\u00e1tica do crime de tr\u00e1fico de drogas. Tamb\u00e9m foi cumprido mandado de pris\u00e3o preventiva em desfavor de um investigado, em raz\u00e3o de crime de homic\u00eddio tentado ocorrido em 19 de abril.<\/p>\n<p>No m\u00eas seguinte, uma a\u00e7\u00e3o conjunta entre PCMG e PMMG resultou na apreens\u00e3o de, aproximadamente, uma tonelada de carne em abatedouro clandestino. Na \u00e9poca, um suspeito foi preso. J\u00e1 em setembro, tamb\u00e9m foi preso um suspeito de liderar uma organiza\u00e7\u00e3o criminosa no bairro S\u00e3o Domingos e de ter praticado homic\u00eddios.<\/p>\n<p>Ainda no m\u00eas de setembro, a opera\u00e7\u00e3o \u201cAzar Certo\u201d prendeu o suspeito de ser o l\u00edder de organiza\u00e7\u00e3o criminosa que estaria aplicando golpes de cons\u00f3rcio em mais de 100 v\u00edtimas, gerando preju\u00edzo de cerca de R$5 milh\u00f5es no total, al\u00e9m de praticar lavagem de dinheiro. Foram cumpridos mandados de busca e apreens\u00e3o em Ub\u00e1, Juiz de Fora e S\u00e3o Sebasti\u00e3o do Para\u00edso, mas tamb\u00e9m no Esp\u00edrito Santo, em Marata\u00edzes.<\/p>\n<p>A opera\u00e7\u00e3o integrada entre PCMG e PMMG, denominada \u201cS\u00facia\u201d, foi deflagrada em outubro e visou combater o narcotr\u00e1fico e o crime organizado em Ub\u00e1. A a\u00e7\u00e3o resultou na apreens\u00e3o de drogas e simulacros de armas de fogo, bem como na pris\u00e3o de 12 investigados. Por fim, a opera\u00e7\u00e3o \u201cParalizzante\u201d foi realizada com o objetivo de desmantelar uma organiza\u00e7\u00e3o criminosa suspeita de financiar o tr\u00e1fico de entorpecentes na regi\u00e3o de Guarani. Na ocasi\u00e3o, foram cumpridos 12 mandados de busca e apreens\u00e3o e nove pessoas tamb\u00e9m foram presas.<\/p>\n<p><strong>Apura\u00e7\u00f5es<\/strong><\/p>\n<p>Durante todo o ano, a Pol\u00edcia Civil realizou trabalhos investigativos, provenientes de incessantes investiga\u00e7\u00f5es, que resultaram em apura\u00e7\u00f5es de casos na regi\u00e3o. Entre os levantamentos, h\u00e1 a investiga\u00e7\u00e3o que resultou no indiciamento, em mar\u00e7o, de um suspeito de tentar atear fogo na fam\u00edlia, em Dores do Turvo. Ele tamb\u00e9m esfaqueou o cachorro dos familiares. Na \u00e9poca dos fatos, ele foi preso em flagrante, em uma a\u00e7\u00e3o conjunta da PCMG e PMMG.<\/p>\n<p>Tamb\u00e9m foi apurado o roubo qualificado consumado em Ub\u00e1, ocorrido no dia 11 de maio, quando a v\u00edtima parou o ve\u00edculo dela no bairro Santa Bernadete, para trocar o pneu do seu ve\u00edculo, ocasi\u00e3o em que foi surpreendida por quatro indiv\u00edduos em duas motocicletas, anunciando o assalto. Na ocasi\u00e3o, eles roubaram o autom\u00f3vel e abandonaram o carro na Zona Rural de Ub\u00e1, com a v\u00edtima no porta-malas. O inqu\u00e9rito policial foi conclu\u00eddo, com identifica\u00e7\u00e3o dos suspeitos de cometerem a pr\u00e1tica criminosa, com representa\u00e7\u00e3o por pris\u00e3o preventiva em desfavor dos investigados. Ainda no mesmo m\u00eas, outro roubo foi realizado no dia 14, na Col\u00f4nia Padre Dami\u00e3o, e o inqu\u00e9rito que apurou o crime tamb\u00e9m j\u00e1 foi conclu\u00eddo, com pedido de pris\u00e3o \u00e0 Justi\u00e7a.<\/p>\n<p>Al\u00e9m disso, tamb\u00e9m foram esclarecidos os crimes de ato libidinoso mediante fraude, ocorrido em junho em Senador Firmino, e de feminic\u00eddio, ocorrido em agosto, no bairro San Rafael, em Ub\u00e1. Em novembro, tamb\u00e9m foi conclu\u00edda a investiga\u00e7\u00e3o que apurava a morte de um pedestre que fazia caminhada em uma rodovia de Senador Firmino: um suspeito foi indiciado. No mesmo m\u00eas, tamb\u00e9m foi apurado outro crime, fato que aconteceu em frente ao campo Industrial, onde a v\u00edtima possui um estabelecimento de venda de cachorro-quente. O suspeito foi preso em flagrante.<\/p>\n<p>J\u00e1 neste m\u00eas, em dezembro de 2021, a Pol\u00edcia Civil de Minas Gerais (PCMG), com apoio da Pol\u00edcia Militar de Minas Gerais (PMMG), realizou a pris\u00e3o de um jovem de 22 anos, na Zona Rural do munic\u00edpio de Paula C\u00e2ndido, na Zona da Mata mineira. Ele \u00e9 suspeito de ter cometido suposto homic\u00eddio consumado, ocorrido no dia 24 de outubro, na cidade de Ub\u00e1, em desfavor de um rapaz de 32 anos. O inqu\u00e9rito policial foi conclu\u00eddo e remetido \u00e0 Justi\u00e7a com representa\u00e7\u00e3o pela pris\u00e3o preventiva do investigado.<\/p>\n<p><strong>Iniciativas solid\u00e1rias<\/strong><\/p>\n<p>Segundo o delegado Di\u00eago Candian Alves, a PCMG na regi\u00e3o tamb\u00e9m se mobilizou para planejar e executar iniciativas solid\u00e1rias. \u201cA Pol\u00edcia Civil em Ub\u00e1 promoveu a\u00e7\u00f5es sociais por ser tamb\u00e9m uma pol\u00edcia cidad\u00e3\u201d, enfatiza.<\/p>\n<p>Em mar\u00e7o, foram arrecadadas doa\u00e7\u00f5es para fam\u00edlias atingidas pelas chuvas na Zona da Mata. Policiais civis de Ub\u00e1 e de Rio Pomba, em parceria com integrantes de clubes de motociclistas da regi\u00e3o, destinaram dois caminh\u00f5es carregados com donativos aos munic\u00edpios de Ub\u00e1, Carangola e Pira\u00faba. A PCMG tamb\u00e9m emitiu carteiras de identidade para idosos de uma institui\u00e7\u00e3o em Ub\u00e1. Na ocasi\u00e3o, foram confeccionados 22 documentos de identifica\u00e7\u00e3o.<\/p>\n<p>No mesmo m\u00eas, a Pol\u00edcia Civil participou de campanha para arrecadar caixas de bombons para unidades de acolhimento infantil, em parceria com o Airsoft Valknut. Mais de 300 embalagens com chocolates foram arrecadadas. As doa\u00e7\u00f5es foram remetidas, na P\u00e1scoa, \u00e0s unidades de acolhimento infantil.<\/p>\n<p>No inverno, no m\u00eas de julho, a \u201cCampanha Doe Calor, Doe Amor\u201d aqueceu moradores de rua em Ub\u00e1. A iniciativa conseguiu arrecadar, aproximadamente, 200 itens de agasalhos. Em agosto, a 2\u00ba DRPC em Ub\u00e1 tamb\u00e9m refor\u00e7ou canais de den\u00fancia para combater a viol\u00eancia contra a mulher, no m\u00eas de conscientiza\u00e7\u00e3o pelo fim da viol\u00eancia contra a mulher, o Agosto Lil\u00e1s.<\/p>\n<p><strong>A\u00e7\u00f5es Administrativas<\/strong><\/p>\n<p>Conforme informa\u00e7\u00f5es do delegado regional, mais de 300 quilos de entorpecentes foram incinerados; 80 armas de fogo e muni\u00e7\u00f5es foram destinadas \u00e0 destrui\u00e7\u00e3o, no Ex\u00e9rcito Brasileiro; e tamb\u00e9m foi promovido leil\u00e3o de 390 ve\u00edculos.<\/p>\n<p><strong>Parcerias<\/strong><\/p>\n<p>Em Ub\u00e1, verbas oriundas de senten\u00e7as condenat\u00f3rias e transa\u00e7\u00f5es penais possibilitaram a aquisi\u00e7\u00e3o de seis baterias extras e dois drones e de R$110 mil, valor destinado \u00e0 compra de uma viatura caracterizada para a Delegacia de Repress\u00e3o a Homic\u00eddios de Ub\u00e1. \u201cTamb\u00e9m foram adquiridos quatro computadores, por meio de parceria com a Cooperativa de Cr\u00e9dito Credisudeste Ltda, da ag\u00eancia do Sistema de Cooperativas Financeiras do Brasil (Sicoob), do munic\u00edpio de Ub\u00e1, na Zona da Mata mineira. Os equipamentos foram destinados ao Plant\u00e3o Regionalizado e \u00e0 Ag\u00eancia de Intelig\u00eancia\u201d, destaca Di\u00eago Candian Alves, complementando que outros tr\u00eas computadores tamb\u00e9m foram adquiridos, oriundos da Assembleia Legislativa de Minas, por meio de solicita\u00e7\u00e3o do deputado Hely Grilo, destinados \u00e0s delegacias de Ub\u00e1. \u201cTamb\u00e9m houve a aquisi\u00e7\u00e3o de uma viatura caracterizada, decorrente de verba parlamentar, do deputado Wendell Mesquita, destinada \u00e0 Delegacia de Repress\u00e3o a Narc\u00f3ticos\u201d, conclui.<\/p>\n<p><strong>Assessoria de Comunica\u00e7\u00e3o Pol\u00edcia Civil de Minas Gerais<\/strong><\/p>\n<div style=\"width: 840px;\" class=\"wp-video\"><video class=\"wp-video-shortcode\" id=\"video-21007-1\" width=\"840\" height=\"473\" autoplay preload=\"auto\" controls=\"controls\"><source type=\"video\/mp4\" src=\"https:\/\/ubanews.com\/site\/wp-content\/uploads\/2020\/12\/01020002.00_00_53_25.mp4?_=1\" \/><a href=\"https:\/\/ubanews.com\/site\/wp-content\/uploads\/2020\/12\/01020002.00_00_53_25.mp4\">https:\/\/ubanews.com\/site\/wp-content\/uploads\/2020\/12\/01020002.00_00_53_25.mp4<\/a><\/video><\/div>\n<p><\/main><\/p>\n","protected":false},"excerpt":{"rendered":"<p>Mais de 160 pris\u00f5es efetuadas, 19 adolescentes apreendidos, 340 dilig\u00eancias<\/p>\n","protected":false},"author":2,"featured_media":21008,"comment_status":"open","ping_status":"open","sticky":false,"template":"","format":"standard","meta":{"footnotes":""},"categories":[1],"tags":[],"class_list":["post-21007","post","type-post","status-publish","format-standard","has-post-thumbnail","hentry","category-sem-categoria"],"yoast_head":"<!-- This site is optimized with the Yoast SEO plugin v27.2 - https:\/\/yoast.com\/product\/yoast-seo-wordpress\/ -->\n<title>PCMG divulga balan\u00e7o de a\u00e7\u00f5es desenvolvidas neste ano na regi\u00e3o de Ub\u00e1 - Ub\u00e1 News<\/title>\n<meta name=\"robots\" content=\"index, follow, max-snippet:-1, max-image-preview:large, max-video-preview:-1\" \/>\n<link rel=\"canonical\" href=\"https:\/\/ubanews.com\/site\/2021\/12\/15\/pcmg-divulga-balanco-de-acoes-desenvolvidas-neste-ano-na-regiao-de-uba\/\" \/>\n<meta property=\"og:locale\" content=\"pt_BR\" \/>\n<meta property=\"og:type\" content=\"article\" \/>\n<meta property=\"og:title\" content=\"PCMG divulga balan\u00e7o de a\u00e7\u00f5es desenvolvidas neste ano na regi\u00e3o de Ub\u00e1 - Ub\u00e1 News\" \/>\n<meta property=\"og:description\" content=\"Mais de 160 pris\u00f5es efetuadas, 19 adolescentes apreendidos, 340 dilig\u00eancias\" \/>\n<meta property=\"og:url\" content=\"https:\/\/ubanews.com\/site\/2021\/12\/15\/pcmg-divulga-balanco-de-acoes-desenvolvidas-neste-ano-na-regiao-de-uba\/\" \/>\n<meta property=\"og:site_name\" content=\"Ub\u00e1 News\" \/>\n<meta property=\"article:publisher\" content=\"https:\/\/www.facebook.com\/Ub%c3%a1News-Carlos-Roberto-Sodr%c3%a9-418778301977370\" \/>\n<meta property=\"article:author\" content=\"https:\/\/www.facebook.com\/carosroberto.sodre.5\/\" \/>\n<meta property=\"article:published_time\" content=\"2021-12-15T23:11:36+00:00\" \/>\n<meta property=\"og:image\" content=\"https:\/\/ubanews.com\/site\/wp-content\/uploads\/2021\/12\/Dr.-Diego.jpg\" \/>\n\t<meta property=\"og:image:width\" content=\"1000\" \/>\n\t<meta property=\"og:image:height\" content=\"500\" \/>\n\t<meta property=\"og:image:type\" content=\"image\/jpeg\" \/>\n<meta name=\"author\" content=\"Sodr\u00e9\" \/>\n<meta name=\"twitter:card\" content=\"summary_large_image\" \/>\n<meta name=\"twitter:label1\" content=\"Escrito por\" \/>\n\t<meta name=\"twitter:data1\" content=\"Sodr\u00e9\" \/>\n\t<meta name=\"twitter:label2\" content=\"Est. tempo de leitura\" \/>\n\t<meta name=\"twitter:data2\" content=\"7 minutos\" \/>\n<script type=\"application\/ld+json\" class=\"yoast-schema-graph\">{\"@context\":\"https:\/\/schema.org\",\"@graph\":[{\"@type\":\"Article\",\"@id\":\"https:\/\/ubanews.com\/site\/2021\/12\/15\/pcmg-divulga-balanco-de-acoes-desenvolvidas-neste-ano-na-regiao-de-uba\/#article\",\"isPartOf\":{\"@id\":\"https:\/\/ubanews.com\/site\/2021\/12\/15\/pcmg-divulga-balanco-de-acoes-desenvolvidas-neste-ano-na-regiao-de-uba\/\"},\"author\":{\"name\":\"Sodr\u00e9\",\"@id\":\"https:\/\/ubanews.com\/site\/#\/schema\/person\/d90c9e47252fbb63dcc969fe4c8b9d10\"},\"headline\":\"PCMG divulga balan\u00e7o de a\u00e7\u00f5es desenvolvidas neste ano na regi\u00e3o de Ub\u00e1\",\"datePublished\":\"2021-12-15T23:11:36+00:00\",\"mainEntityOfPage\":{\"@id\":\"https:\/\/ubanews.com\/site\/2021\/12\/15\/pcmg-divulga-balanco-de-acoes-desenvolvidas-neste-ano-na-regiao-de-uba\/\"},\"wordCount\":1793,\"commentCount\":0,\"publisher\":{\"@id\":\"https:\/\/ubanews.com\/site\/#organization\"},\"image\":{\"@id\":\"https:\/\/ubanews.com\/site\/2021\/12\/15\/pcmg-divulga-balanco-de-acoes-desenvolvidas-neste-ano-na-regiao-de-uba\/#primaryimage\"},\"thumbnailUrl\":\"https:\/\/ubanews.com\/site\/wp-content\/uploads\/2021\/12\/Dr.-Diego.jpg\",\"articleSection\":[\"Geral\"],\"inLanguage\":\"pt-BR\",\"potentialAction\":[{\"@type\":\"CommentAction\",\"name\":\"Comment\",\"target\":[\"https:\/\/ubanews.com\/site\/2021\/12\/15\/pcmg-divulga-balanco-de-acoes-desenvolvidas-neste-ano-na-regiao-de-uba\/#respond\"]}]},{\"@type\":\"WebPage\",\"@id\":\"https:\/\/ubanews.com\/site\/2021\/12\/15\/pcmg-divulga-balanco-de-acoes-desenvolvidas-neste-ano-na-regiao-de-uba\/\",\"url\":\"https:\/\/ubanews.com\/site\/2021\/12\/15\/pcmg-divulga-balanco-de-acoes-desenvolvidas-neste-ano-na-regiao-de-uba\/\",\"name\":\"PCMG divulga balan\u00e7o de a\u00e7\u00f5es desenvolvidas neste ano na regi\u00e3o de Ub\u00e1 - Ub\u00e1 News\",\"isPartOf\":{\"@id\":\"https:\/\/ubanews.com\/site\/#website\"},\"primaryImageOfPage\":{\"@id\":\"https:\/\/ubanews.com\/site\/2021\/12\/15\/pcmg-divulga-balanco-de-acoes-desenvolvidas-neste-ano-na-regiao-de-uba\/#primaryimage\"},\"image\":{\"@id\":\"https:\/\/ubanews.com\/site\/2021\/12\/15\/pcmg-divulga-balanco-de-acoes-desenvolvidas-neste-ano-na-regiao-de-uba\/#primaryimage\"},\"thumbnailUrl\":\"https:\/\/ubanews.com\/site\/wp-content\/uploads\/2021\/12\/Dr.-Diego.jpg\",\"datePublished\":\"2021-12-15T23:11:36+00:00\",\"breadcrumb\":{\"@id\":\"https:\/\/ubanews.com\/site\/2021\/12\/15\/pcmg-divulga-balanco-de-acoes-desenvolvidas-neste-ano-na-regiao-de-uba\/#breadcrumb\"},\"inLanguage\":\"pt-BR\",\"potentialAction\":[{\"@type\":\"ReadAction\",\"target\":[\"https:\/\/ubanews.com\/site\/2021\/12\/15\/pcmg-divulga-balanco-de-acoes-desenvolvidas-neste-ano-na-regiao-de-uba\/\"]}]},{\"@type\":\"ImageObject\",\"inLanguage\":\"pt-BR\",\"@id\":\"https:\/\/ubanews.com\/site\/2021\/12\/15\/pcmg-divulga-balanco-de-acoes-desenvolvidas-neste-ano-na-regiao-de-uba\/#primaryimage\",\"url\":\"https:\/\/ubanews.com\/site\/wp-content\/uploads\/2021\/12\/Dr.-Diego.jpg\",\"contentUrl\":\"https:\/\/ubanews.com\/site\/wp-content\/uploads\/2021\/12\/Dr.-Diego.jpg\",\"width\":1000,\"height\":500},{\"@type\":\"BreadcrumbList\",\"@id\":\"https:\/\/ubanews.com\/site\/2021\/12\/15\/pcmg-divulga-balanco-de-acoes-desenvolvidas-neste-ano-na-regiao-de-uba\/#breadcrumb\",\"itemListElement\":[{\"@type\":\"ListItem\",\"position\":1,\"name\":\"Home\",\"item\":\"https:\/\/ubanews.com\/site\/\"},{\"@type\":\"ListItem\",\"position\":2,\"name\":\"PCMG divulga balan\u00e7o de a\u00e7\u00f5es desenvolvidas neste ano na regi\u00e3o de Ub\u00e1\"}]},{\"@type\":\"WebSite\",\"@id\":\"https:\/\/ubanews.com\/site\/#website\",\"url\":\"https:\/\/ubanews.com\/site\/\",\"name\":\"Ub\u00e1 News\",\"description\":\"\",\"publisher\":{\"@id\":\"https:\/\/ubanews.com\/site\/#organization\"},\"potentialAction\":[{\"@type\":\"SearchAction\",\"target\":{\"@type\":\"EntryPoint\",\"urlTemplate\":\"https:\/\/ubanews.com\/site\/?s={search_term_string}\"},\"query-input\":{\"@type\":\"PropertyValueSpecification\",\"valueRequired\":true,\"valueName\":\"search_term_string\"}}],\"inLanguage\":\"pt-BR\"},{\"@type\":\"Organization\",\"@id\":\"https:\/\/ubanews.com\/site\/#organization\",\"name\":\"Ub\u00e1 News\",\"url\":\"https:\/\/ubanews.com\/site\/\",\"logo\":{\"@type\":\"ImageObject\",\"inLanguage\":\"pt-BR\",\"@id\":\"https:\/\/ubanews.com\/site\/#\/schema\/logo\/image\/\",\"url\":\"https:\/\/ubanews.com\/site\/wp-content\/uploads\/2018\/01\/logoubanews.png\",\"contentUrl\":\"https:\/\/ubanews.com\/site\/wp-content\/uploads\/2018\/01\/logoubanews.png\",\"width\":261,\"height\":99,\"caption\":\"Ub\u00e1 News\"},\"image\":{\"@id\":\"https:\/\/ubanews.com\/site\/#\/schema\/logo\/image\/\"},\"sameAs\":[\"https:\/\/www.facebook.com\/Ub\u00e1News-Carlos-Roberto-Sodr\u00e9-418778301977370\"]},{\"@type\":\"Person\",\"@id\":\"https:\/\/ubanews.com\/site\/#\/schema\/person\/d90c9e47252fbb63dcc969fe4c8b9d10\",\"name\":\"Sodr\u00e9\",\"image\":{\"@type\":\"ImageObject\",\"inLanguage\":\"pt-BR\",\"@id\":\"https:\/\/secure.gravatar.com\/avatar\/5ba2793f0590b9dbfad3fdec4ee714485b3eef211c9b32ee53d414060454a56c?s=96&d=mm&r=g\",\"url\":\"https:\/\/secure.gravatar.com\/avatar\/5ba2793f0590b9dbfad3fdec4ee714485b3eef211c9b32ee53d414060454a56c?s=96&d=mm&r=g\",\"contentUrl\":\"https:\/\/secure.gravatar.com\/avatar\/5ba2793f0590b9dbfad3fdec4ee714485b3eef211c9b32ee53d414060454a56c?s=96&d=mm&r=g\",\"caption\":\"Sodr\u00e9\"},\"sameAs\":[\"https:\/\/www.facebook.com\/carosroberto.sodre.5\/\"],\"url\":\"https:\/\/ubanews.com\/site\/author\/felipe\/\"}]}<\/script>\n<!-- \/ Yoast SEO plugin. -->","yoast_head_json":{"title":"PCMG divulga balan\u00e7o de a\u00e7\u00f5es desenvolvidas neste ano na regi\u00e3o de Ub\u00e1 - Ub\u00e1 News","robots":{"index":"index","follow":"follow","max-snippet":"max-snippet:-1","max-image-preview":"max-image-preview:large","max-video-preview":"max-video-preview:-1"},"canonical":"https:\/\/ubanews.com\/site\/2021\/12\/15\/pcmg-divulga-balanco-de-acoes-desenvolvidas-neste-ano-na-regiao-de-uba\/","og_locale":"pt_BR","og_type":"article","og_title":"PCMG divulga balan\u00e7o de a\u00e7\u00f5es desenvolvidas neste ano na regi\u00e3o de Ub\u00e1 - Ub\u00e1 News","og_description":"Mais de 160 pris\u00f5es efetuadas, 19 adolescentes apreendidos, 340 dilig\u00eancias","og_url":"https:\/\/ubanews.com\/site\/2021\/12\/15\/pcmg-divulga-balanco-de-acoes-desenvolvidas-neste-ano-na-regiao-de-uba\/","og_site_name":"Ub\u00e1 News","article_publisher":"https:\/\/www.facebook.com\/Ub%c3%a1News-Carlos-Roberto-Sodr%c3%a9-418778301977370","article_author":"https:\/\/www.facebook.com\/carosroberto.sodre.5\/","article_published_time":"2021-12-15T23:11:36+00:00","og_image":[{"width":1000,"height":500,"url":"https:\/\/ubanews.com\/site\/wp-content\/uploads\/2021\/12\/Dr.-Diego.jpg","type":"image\/jpeg"}],"author":"Sodr\u00e9","twitter_card":"summary_large_image","twitter_misc":{"Escrito por":"Sodr\u00e9","Est. tempo de leitura":"7 minutos"},"schema":{"@context":"https:\/\/schema.org","@graph":[{"@type":"Article","@id":"https:\/\/ubanews.com\/site\/2021\/12\/15\/pcmg-divulga-balanco-de-acoes-desenvolvidas-neste-ano-na-regiao-de-uba\/#article","isPartOf":{"@id":"https:\/\/ubanews.com\/site\/2021\/12\/15\/pcmg-divulga-balanco-de-acoes-desenvolvidas-neste-ano-na-regiao-de-uba\/"},"author":{"name":"Sodr\u00e9","@id":"https:\/\/ubanews.com\/site\/#\/schema\/person\/d90c9e47252fbb63dcc969fe4c8b9d10"},"headline":"PCMG divulga balan\u00e7o de a\u00e7\u00f5es desenvolvidas neste ano na regi\u00e3o de Ub\u00e1","datePublished":"2021-12-15T23:11:36+00:00","mainEntityOfPage":{"@id":"https:\/\/ubanews.com\/site\/2021\/12\/15\/pcmg-divulga-balanco-de-acoes-desenvolvidas-neste-ano-na-regiao-de-uba\/"},"wordCount":1793,"commentCount":0,"publisher":{"@id":"https:\/\/ubanews.com\/site\/#organization"},"image":{"@id":"https:\/\/ubanews.com\/site\/2021\/12\/15\/pcmg-divulga-balanco-de-acoes-desenvolvidas-neste-ano-na-regiao-de-uba\/#primaryimage"},"thumbnailUrl":"https:\/\/ubanews.com\/site\/wp-content\/uploads\/2021\/12\/Dr.-Diego.jpg","articleSection":["Geral"],"inLanguage":"pt-BR","potentialAction":[{"@type":"CommentAction","name":"Comment","target":["https:\/\/ubanews.com\/site\/2021\/12\/15\/pcmg-divulga-balanco-de-acoes-desenvolvidas-neste-ano-na-regiao-de-uba\/#respond"]}]},{"@type":"WebPage","@id":"https:\/\/ubanews.com\/site\/2021\/12\/15\/pcmg-divulga-balanco-de-acoes-desenvolvidas-neste-ano-na-regiao-de-uba\/","url":"https:\/\/ubanews.com\/site\/2021\/12\/15\/pcmg-divulga-balanco-de-acoes-desenvolvidas-neste-ano-na-regiao-de-uba\/","name":"PCMG divulga balan\u00e7o de a\u00e7\u00f5es desenvolvidas neste ano na regi\u00e3o de Ub\u00e1 - Ub\u00e1 News","isPartOf":{"@id":"https:\/\/ubanews.com\/site\/#website"},"primaryImageOfPage":{"@id":"https:\/\/ubanews.com\/site\/2021\/12\/15\/pcmg-divulga-balanco-de-acoes-desenvolvidas-neste-ano-na-regiao-de-uba\/#primaryimage"},"image":{"@id":"https:\/\/ubanews.com\/site\/2021\/12\/15\/pcmg-divulga-balanco-de-acoes-desenvolvidas-neste-ano-na-regiao-de-uba\/#primaryimage"},"thumbnailUrl":"https:\/\/ubanews.com\/site\/wp-content\/uploads\/2021\/12\/Dr.-Diego.jpg","datePublished":"2021-12-15T23:11:36+00:00","breadcrumb":{"@id":"https:\/\/ubanews.com\/site\/2021\/12\/15\/pcmg-divulga-balanco-de-acoes-desenvolvidas-neste-ano-na-regiao-de-uba\/#breadcrumb"},"inLanguage":"pt-BR","potentialAction":[{"@type":"ReadAction","target":["https:\/\/ubanews.com\/site\/2021\/12\/15\/pcmg-divulga-balanco-de-acoes-desenvolvidas-neste-ano-na-regiao-de-uba\/"]}]},{"@type":"ImageObject","inLanguage":"pt-BR","@id":"https:\/\/ubanews.com\/site\/2021\/12\/15\/pcmg-divulga-balanco-de-acoes-desenvolvidas-neste-ano-na-regiao-de-uba\/#primaryimage","url":"https:\/\/ubanews.com\/site\/wp-content\/uploads\/2021\/12\/Dr.-Diego.jpg","contentUrl":"https:\/\/ubanews.com\/site\/wp-content\/uploads\/2021\/12\/Dr.-Diego.jpg","width":1000,"height":500},{"@type":"BreadcrumbList","@id":"https:\/\/ubanews.com\/site\/2021\/12\/15\/pcmg-divulga-balanco-de-acoes-desenvolvidas-neste-ano-na-regiao-de-uba\/#breadcrumb","itemListElement":[{"@type":"ListItem","position":1,"name":"Home","item":"https:\/\/ubanews.com\/site\/"},{"@type":"ListItem","position":2,"name":"PCMG divulga balan\u00e7o de a\u00e7\u00f5es desenvolvidas neste ano na regi\u00e3o de Ub\u00e1"}]},{"@type":"WebSite","@id":"https:\/\/ubanews.com\/site\/#website","url":"https:\/\/ubanews.com\/site\/","name":"Ub\u00e1 News","description":"","publisher":{"@id":"https:\/\/ubanews.com\/site\/#organization"},"potentialAction":[{"@type":"SearchAction","target":{"@type":"EntryPoint","urlTemplate":"https:\/\/ubanews.com\/site\/?s={search_term_string}"},"query-input":{"@type":"PropertyValueSpecification","valueRequired":true,"valueName":"search_term_string"}}],"inLanguage":"pt-BR"},{"@type":"Organization","@id":"https:\/\/ubanews.com\/site\/#organization","name":"Ub\u00e1 News","url":"https:\/\/ubanews.com\/site\/","logo":{"@type":"ImageObject","inLanguage":"pt-BR","@id":"https:\/\/ubanews.com\/site\/#\/schema\/logo\/image\/","url":"https:\/\/ubanews.com\/site\/wp-content\/uploads\/2018\/01\/logoubanews.png","contentUrl":"https:\/\/ubanews.com\/site\/wp-content\/uploads\/2018\/01\/logoubanews.png","width":261,"height":99,"caption":"Ub\u00e1 News"},"image":{"@id":"https:\/\/ubanews.com\/site\/#\/schema\/logo\/image\/"},"sameAs":["https:\/\/www.facebook.com\/Ub\u00e1News-Carlos-Roberto-Sodr\u00e9-418778301977370"]},{"@type":"Person","@id":"https:\/\/ubanews.com\/site\/#\/schema\/person\/d90c9e47252fbb63dcc969fe4c8b9d10","name":"Sodr\u00e9","image":{"@type":"ImageObject","inLanguage":"pt-BR","@id":"https:\/\/secure.gravatar.com\/avatar\/5ba2793f0590b9dbfad3fdec4ee714485b3eef211c9b32ee53d414060454a56c?s=96&d=mm&r=g","url":"https:\/\/secure.gravatar.com\/avatar\/5ba2793f0590b9dbfad3fdec4ee714485b3eef211c9b32ee53d414060454a56c?s=96&d=mm&r=g","contentUrl":"https:\/\/secure.gravatar.com\/avatar\/5ba2793f0590b9dbfad3fdec4ee714485b3eef211c9b32ee53d414060454a56c?s=96&d=mm&r=g","caption":"Sodr\u00e9"},"sameAs":["https:\/\/www.facebook.com\/carosroberto.sodre.5\/"],"url":"https:\/\/ubanews.com\/site\/author\/felipe\/"}]}},"_links":{"self":[{"href":"https:\/\/ubanews.com\/site\/wp-json\/wp\/v2\/posts\/21007","targetHints":{"allow":["GET"]}}],"collection":[{"href":"https:\/\/ubanews.com\/site\/wp-json\/wp\/v2\/posts"}],"about":[{"href":"https:\/\/ubanews.com\/site\/wp-json\/wp\/v2\/types\/post"}],"author":[{"embeddable":true,"href":"https:\/\/ubanews.com\/site\/wp-json\/wp\/v2\/users\/2"}],"replies":[{"embeddable":true,"href":"https:\/\/ubanews.com\/site\/wp-json\/wp\/v2\/comments?post=21007"}],"version-history":[{"count":0,"href":"https:\/\/ubanews.com\/site\/wp-json\/wp\/v2\/posts\/21007\/revisions"}],"wp:featuredmedia":[{"embeddable":true,"href":"https:\/\/ubanews.com\/site\/wp-json\/wp\/v2\/media\/21008"}],"wp:attachment":[{"href":"https:\/\/ubanews.com\/site\/wp-json\/wp\/v2\/media?parent=21007"}],"wp:term":[{"taxonomy":"category","embeddable":true,"href":"https:\/\/ubanews.com\/site\/wp-json\/wp\/v2\/categories?post=21007"},{"taxonomy":"post_tag","embeddable":true,"href":"https:\/\/ubanews.com\/site\/wp-json\/wp\/v2\/tags?post=21007"}],"curies":[{"name":"wp","href":"https:\/\/api.w.org\/{rel}","templated":true}]}}