{"id":21006,"date":"2021-12-15T20:00:08","date_gmt":"2021-12-15T23:00:08","guid":{"rendered":"http:\/\/ubanews.com\/site\/?p=21006"},"modified":"2021-12-15T20:00:08","modified_gmt":"2021-12-15T23:00:08","slug":"pcmg-conclui-investigacoes-de-homicidios-tentados-ocorridos-em-dores-do-turvo","status":"publish","type":"post","link":"https:\/\/ubanews.com\/site\/2021\/12\/15\/pcmg-conclui-investigacoes-de-homicidios-tentados-ocorridos-em-dores-do-turvo\/","title":{"rendered":"PCMG conclui investiga\u00e7\u00f5es de homic\u00eddios tentados ocorridos em Dores do Turvo"},"content":{"rendered":"<p><em>Dois suspeitos foram indiciados pela Pol\u00edcia Civil, em virtude da pr\u00e1tica de crimes cometidos em 21 de novembro e 13 de agosto.<\/em><\/p>\n<p>A Pol\u00edcia Civil de Minas Gerais (PCMG) concluiu as investiga\u00e7\u00f5es de dois homic\u00eddios ocorridos no munic\u00edpio de Dores do Turvo, na Zona da Mata mineira. Dois suspeitos, de 40 e 42 anos, foram indiciados pela Pol\u00edcia Civil, em virtude da pr\u00e1tica de crimes cometidos em 21 de novembro e 13 de agosto, deste ano.<\/p>\n<p>Conforme informa\u00e7\u00f5es do delegado regional em Ub\u00e1, Di\u00eago Candian Alves, respons\u00e1vel pelas investiga\u00e7\u00f5es realizadas na delegacia da comarca de Senador Firmino, entre os casos apurados, foi conclu\u00eddo o inqu\u00e9rito policial que investigou a tentativa de homic\u00eddio ocorrida no dia 21 de novembro. Na ocasi\u00e3o, a v\u00edtima, um jovem de 25 anos, estava do lado externo de uma resid\u00eancia, onde acontecia uma festa, quando o suspeito, de 40 anos, desferiu tr\u00eas facadas no rapaz. Trabalhos investigativos apontaram que a v\u00edtima e suspeito j\u00e1 possu\u00edam desaven\u00e7as e que, no dia dos fatos, novamente teriam se desentendido.&nbsp; \u201cAp\u00f3s levantamentos, o investigado foi indiciado pela pr\u00e1tica do crime de tentativa de homic\u00eddio qualificado, uma vez que o crime se deu mediante paga ou promessa de recompensa ou por outro motivo torpe. Tamb\u00e9m representamos junto ao Poder Judici\u00e1rio local pela pris\u00e3o preventiva do suspeito\u201d, informa.<\/p>\n<div id=\"metaslider-id-17652\" style=\"max-width: 1000px;\" class=\"ml-slider-3-106-0 metaslider metaslider-nivo metaslider-17652 ml-slider ms-theme-outline\" role=\"region\" aria-label=\"Texto\" data-height=\"200\" data-width=\"1000\">\n    <div id=\"metaslider_container_17652\">\n        <div class='slider-wrapper theme-default'><div class='ribbon'><\/div><div id='metaslider_17652' class='nivoSlider'><\/div><\/div>\n        \n    <\/div>\n<\/div>\n<p>Al\u00e9m disso, a PCMG concluiu as investiga\u00e7\u00f5es que visavam apurar outro crime de tentativa de homic\u00eddio, ocorrido na noite do dia 13 de agosto, no centro da cidade. Apura\u00e7\u00f5es indicaram que o suspeito, um indiv\u00edduo de 42 anos, golpeou um homem v\u00e1rias vezes com um taco de sinuca na cabe\u00e7a e, quando a ele caiu ao solo, com o mesmo taco, o investigado teria tentado estrangular a v\u00edtima, que acabou sendo salva por um popular que presenciou a cena. \u201cA Pol\u00edcia Civil indiciou o suspeito pelo cometimento do crime de tentativa de homic\u00eddio, previsto no artigo 121, par\u00e1grafo 2\u00ba, inciso II, do Decreto-Lei 2.848 de 1940, e representou junto ao Poder Judici\u00e1rio local pela pris\u00e3o preventiva dele. A motiva\u00e7\u00e3o do delito em tela \u00e9 por motivo f\u00fatil, qual seja a cobran\u00e7a de uma d\u00edvida que a v\u00edtima tem em rela\u00e7\u00e3o ao autor, j\u00e1 que aquela danificou uma plantadeira dele e se comprometeu em pagar os reparos, o que n\u00e3o ocorreu\u201d, explica o delegado.<\/p>\n<p><strong>Assessoria de Comunica\u00e7\u00e3o Pol\u00edcia Civil de Minas Gerais<\/strong><\/p>\n<div style=\"width: 840px;\" class=\"wp-video\"><video class=\"wp-video-shortcode\" id=\"video-21006-1\" width=\"840\" height=\"473\" autoplay preload=\"auto\" controls=\"controls\"><source type=\"video\/mp4\" src=\"https:\/\/ubanews.com\/site\/wp-content\/uploads\/2020\/12\/01020002.00_00_53_25.mp4?_=1\" \/><a href=\"https:\/\/ubanews.com\/site\/wp-content\/uploads\/2020\/12\/01020002.00_00_53_25.mp4\">https:\/\/ubanews.com\/site\/wp-content\/uploads\/2020\/12\/01020002.00_00_53_25.mp4<\/a><\/video><\/div>\n","protected":false},"excerpt":{"rendered":"<p>Dois suspeitos foram indiciados pela Pol\u00edcia Civil, em virtude da<\/p>\n","protected":false},"author":2,"featured_media":15824,"comment_status":"open","ping_status":"open","sticky":false,"template":"","format":"standard","meta":{"footnotes":""},"categories":[1],"tags":[],"class_list":["post-21006","post","type-post","status-publish","format-standard","has-post-thumbnail","hentry","category-sem-categoria"],"yoast_head":"<!-- This site is optimized with the Yoast SEO plugin v27.2 - https:\/\/yoast.com\/product\/yoast-seo-wordpress\/ -->\n<title>PCMG conclui investiga\u00e7\u00f5es de homic\u00eddios tentados ocorridos em Dores do Turvo - Ub\u00e1 News<\/title>\n<meta name=\"robots\" content=\"index, follow, max-snippet:-1, max-image-preview:large, max-video-preview:-1\" \/>\n<link rel=\"canonical\" href=\"https:\/\/ubanews.com\/site\/2021\/12\/15\/pcmg-conclui-investigacoes-de-homicidios-tentados-ocorridos-em-dores-do-turvo\/\" \/>\n<meta property=\"og:locale\" content=\"pt_BR\" \/>\n<meta property=\"og:type\" content=\"article\" \/>\n<meta property=\"og:title\" content=\"PCMG conclui investiga\u00e7\u00f5es de homic\u00eddios tentados ocorridos em Dores do Turvo - Ub\u00e1 News\" \/>\n<meta property=\"og:description\" content=\"Dois suspeitos foram indiciados pela Pol\u00edcia Civil, em virtude da\" \/>\n<meta property=\"og:url\" content=\"https:\/\/ubanews.com\/site\/2021\/12\/15\/pcmg-conclui-investigacoes-de-homicidios-tentados-ocorridos-em-dores-do-turvo\/\" \/>\n<meta property=\"og:site_name\" content=\"Ub\u00e1 News\" \/>\n<meta property=\"article:publisher\" content=\"https:\/\/www.facebook.com\/Ub%c3%a1News-Carlos-Roberto-Sodr%c3%a9-418778301977370\" \/>\n<meta property=\"article:author\" content=\"https:\/\/www.facebook.com\/carosroberto.sodre.5\/\" \/>\n<meta property=\"article:published_time\" content=\"2021-12-15T23:00:08+00:00\" \/>\n<meta property=\"og:image\" content=\"https:\/\/ubanews.com\/site\/wp-content\/uploads\/2020\/03\/Pol\u00edcia-Civil.jpg\" \/>\n\t<meta property=\"og:image:width\" content=\"800\" \/>\n\t<meta property=\"og:image:height\" content=\"389\" \/>\n\t<meta property=\"og:image:type\" content=\"image\/jpeg\" \/>\n<meta name=\"author\" content=\"Sodr\u00e9\" \/>\n<meta name=\"twitter:card\" content=\"summary_large_image\" \/>\n<meta name=\"twitter:label1\" content=\"Escrito por\" \/>\n\t<meta name=\"twitter:data1\" content=\"Sodr\u00e9\" \/>\n\t<meta name=\"twitter:label2\" content=\"Est. tempo de leitura\" \/>\n\t<meta name=\"twitter:data2\" content=\"2 minutos\" \/>\n<script type=\"application\/ld+json\" class=\"yoast-schema-graph\">{\"@context\":\"https:\/\/schema.org\",\"@graph\":[{\"@type\":\"Article\",\"@id\":\"https:\/\/ubanews.com\/site\/2021\/12\/15\/pcmg-conclui-investigacoes-de-homicidios-tentados-ocorridos-em-dores-do-turvo\/#article\",\"isPartOf\":{\"@id\":\"https:\/\/ubanews.com\/site\/2021\/12\/15\/pcmg-conclui-investigacoes-de-homicidios-tentados-ocorridos-em-dores-do-turvo\/\"},\"author\":{\"name\":\"Sodr\u00e9\",\"@id\":\"https:\/\/ubanews.com\/site\/#\/schema\/person\/d90c9e47252fbb63dcc969fe4c8b9d10\"},\"headline\":\"PCMG conclui investiga\u00e7\u00f5es de homic\u00eddios tentados ocorridos em Dores do Turvo\",\"datePublished\":\"2021-12-15T23:00:08+00:00\",\"mainEntityOfPage\":{\"@id\":\"https:\/\/ubanews.com\/site\/2021\/12\/15\/pcmg-conclui-investigacoes-de-homicidios-tentados-ocorridos-em-dores-do-turvo\/\"},\"wordCount\":453,\"commentCount\":0,\"publisher\":{\"@id\":\"https:\/\/ubanews.com\/site\/#organization\"},\"image\":{\"@id\":\"https:\/\/ubanews.com\/site\/2021\/12\/15\/pcmg-conclui-investigacoes-de-homicidios-tentados-ocorridos-em-dores-do-turvo\/#primaryimage\"},\"thumbnailUrl\":\"https:\/\/ubanews.com\/site\/wp-content\/uploads\/2020\/03\/Pol\u00edcia-Civil.jpg\",\"articleSection\":[\"Geral\"],\"inLanguage\":\"pt-BR\",\"potentialAction\":[{\"@type\":\"CommentAction\",\"name\":\"Comment\",\"target\":[\"https:\/\/ubanews.com\/site\/2021\/12\/15\/pcmg-conclui-investigacoes-de-homicidios-tentados-ocorridos-em-dores-do-turvo\/#respond\"]}]},{\"@type\":\"WebPage\",\"@id\":\"https:\/\/ubanews.com\/site\/2021\/12\/15\/pcmg-conclui-investigacoes-de-homicidios-tentados-ocorridos-em-dores-do-turvo\/\",\"url\":\"https:\/\/ubanews.com\/site\/2021\/12\/15\/pcmg-conclui-investigacoes-de-homicidios-tentados-ocorridos-em-dores-do-turvo\/\",\"name\":\"PCMG conclui investiga\u00e7\u00f5es de homic\u00eddios tentados ocorridos em Dores do Turvo - Ub\u00e1 News\",\"isPartOf\":{\"@id\":\"https:\/\/ubanews.com\/site\/#website\"},\"primaryImageOfPage\":{\"@id\":\"https:\/\/ubanews.com\/site\/2021\/12\/15\/pcmg-conclui-investigacoes-de-homicidios-tentados-ocorridos-em-dores-do-turvo\/#primaryimage\"},\"image\":{\"@id\":\"https:\/\/ubanews.com\/site\/2021\/12\/15\/pcmg-conclui-investigacoes-de-homicidios-tentados-ocorridos-em-dores-do-turvo\/#primaryimage\"},\"thumbnailUrl\":\"https:\/\/ubanews.com\/site\/wp-content\/uploads\/2020\/03\/Pol\u00edcia-Civil.jpg\",\"datePublished\":\"2021-12-15T23:00:08+00:00\",\"breadcrumb\":{\"@id\":\"https:\/\/ubanews.com\/site\/2021\/12\/15\/pcmg-conclui-investigacoes-de-homicidios-tentados-ocorridos-em-dores-do-turvo\/#breadcrumb\"},\"inLanguage\":\"pt-BR\",\"potentialAction\":[{\"@type\":\"ReadAction\",\"target\":[\"https:\/\/ubanews.com\/site\/2021\/12\/15\/pcmg-conclui-investigacoes-de-homicidios-tentados-ocorridos-em-dores-do-turvo\/\"]}]},{\"@type\":\"ImageObject\",\"inLanguage\":\"pt-BR\",\"@id\":\"https:\/\/ubanews.com\/site\/2021\/12\/15\/pcmg-conclui-investigacoes-de-homicidios-tentados-ocorridos-em-dores-do-turvo\/#primaryimage\",\"url\":\"https:\/\/ubanews.com\/site\/wp-content\/uploads\/2020\/03\/Pol\u00edcia-Civil.jpg\",\"contentUrl\":\"https:\/\/ubanews.com\/site\/wp-content\/uploads\/2020\/03\/Pol\u00edcia-Civil.jpg\",\"width\":800,\"height\":389},{\"@type\":\"BreadcrumbList\",\"@id\":\"https:\/\/ubanews.com\/site\/2021\/12\/15\/pcmg-conclui-investigacoes-de-homicidios-tentados-ocorridos-em-dores-do-turvo\/#breadcrumb\",\"itemListElement\":[{\"@type\":\"ListItem\",\"position\":1,\"name\":\"Home\",\"item\":\"https:\/\/ubanews.com\/site\/\"},{\"@type\":\"ListItem\",\"position\":2,\"name\":\"PCMG conclui investiga\u00e7\u00f5es de homic\u00eddios tentados ocorridos em Dores do Turvo\"}]},{\"@type\":\"WebSite\",\"@id\":\"https:\/\/ubanews.com\/site\/#website\",\"url\":\"https:\/\/ubanews.com\/site\/\",\"name\":\"Ub\u00e1 News\",\"description\":\"\",\"publisher\":{\"@id\":\"https:\/\/ubanews.com\/site\/#organization\"},\"potentialAction\":[{\"@type\":\"SearchAction\",\"target\":{\"@type\":\"EntryPoint\",\"urlTemplate\":\"https:\/\/ubanews.com\/site\/?s={search_term_string}\"},\"query-input\":{\"@type\":\"PropertyValueSpecification\",\"valueRequired\":true,\"valueName\":\"search_term_string\"}}],\"inLanguage\":\"pt-BR\"},{\"@type\":\"Organization\",\"@id\":\"https:\/\/ubanews.com\/site\/#organization\",\"name\":\"Ub\u00e1 News\",\"url\":\"https:\/\/ubanews.com\/site\/\",\"logo\":{\"@type\":\"ImageObject\",\"inLanguage\":\"pt-BR\",\"@id\":\"https:\/\/ubanews.com\/site\/#\/schema\/logo\/image\/\",\"url\":\"https:\/\/ubanews.com\/site\/wp-content\/uploads\/2018\/01\/logoubanews.png\",\"contentUrl\":\"https:\/\/ubanews.com\/site\/wp-content\/uploads\/2018\/01\/logoubanews.png\",\"width\":261,\"height\":99,\"caption\":\"Ub\u00e1 News\"},\"image\":{\"@id\":\"https:\/\/ubanews.com\/site\/#\/schema\/logo\/image\/\"},\"sameAs\":[\"https:\/\/www.facebook.com\/Ub\u00e1News-Carlos-Roberto-Sodr\u00e9-418778301977370\"]},{\"@type\":\"Person\",\"@id\":\"https:\/\/ubanews.com\/site\/#\/schema\/person\/d90c9e47252fbb63dcc969fe4c8b9d10\",\"name\":\"Sodr\u00e9\",\"image\":{\"@type\":\"ImageObject\",\"inLanguage\":\"pt-BR\",\"@id\":\"https:\/\/secure.gravatar.com\/avatar\/5ba2793f0590b9dbfad3fdec4ee714485b3eef211c9b32ee53d414060454a56c?s=96&d=mm&r=g\",\"url\":\"https:\/\/secure.gravatar.com\/avatar\/5ba2793f0590b9dbfad3fdec4ee714485b3eef211c9b32ee53d414060454a56c?s=96&d=mm&r=g\",\"contentUrl\":\"https:\/\/secure.gravatar.com\/avatar\/5ba2793f0590b9dbfad3fdec4ee714485b3eef211c9b32ee53d414060454a56c?s=96&d=mm&r=g\",\"caption\":\"Sodr\u00e9\"},\"sameAs\":[\"https:\/\/www.facebook.com\/carosroberto.sodre.5\/\"],\"url\":\"https:\/\/ubanews.com\/site\/author\/felipe\/\"}]}<\/script>\n<!-- \/ Yoast SEO plugin. -->","yoast_head_json":{"title":"PCMG conclui investiga\u00e7\u00f5es de homic\u00eddios tentados ocorridos em Dores do Turvo - Ub\u00e1 News","robots":{"index":"index","follow":"follow","max-snippet":"max-snippet:-1","max-image-preview":"max-image-preview:large","max-video-preview":"max-video-preview:-1"},"canonical":"https:\/\/ubanews.com\/site\/2021\/12\/15\/pcmg-conclui-investigacoes-de-homicidios-tentados-ocorridos-em-dores-do-turvo\/","og_locale":"pt_BR","og_type":"article","og_title":"PCMG conclui investiga\u00e7\u00f5es de homic\u00eddios tentados ocorridos em Dores do Turvo - Ub\u00e1 News","og_description":"Dois suspeitos foram indiciados pela Pol\u00edcia Civil, em virtude da","og_url":"https:\/\/ubanews.com\/site\/2021\/12\/15\/pcmg-conclui-investigacoes-de-homicidios-tentados-ocorridos-em-dores-do-turvo\/","og_site_name":"Ub\u00e1 News","article_publisher":"https:\/\/www.facebook.com\/Ub%c3%a1News-Carlos-Roberto-Sodr%c3%a9-418778301977370","article_author":"https:\/\/www.facebook.com\/carosroberto.sodre.5\/","article_published_time":"2021-12-15T23:00:08+00:00","og_image":[{"width":800,"height":389,"url":"https:\/\/ubanews.com\/site\/wp-content\/uploads\/2020\/03\/Pol\u00edcia-Civil.jpg","type":"image\/jpeg"}],"author":"Sodr\u00e9","twitter_card":"summary_large_image","twitter_misc":{"Escrito por":"Sodr\u00e9","Est. tempo de leitura":"2 minutos"},"schema":{"@context":"https:\/\/schema.org","@graph":[{"@type":"Article","@id":"https:\/\/ubanews.com\/site\/2021\/12\/15\/pcmg-conclui-investigacoes-de-homicidios-tentados-ocorridos-em-dores-do-turvo\/#article","isPartOf":{"@id":"https:\/\/ubanews.com\/site\/2021\/12\/15\/pcmg-conclui-investigacoes-de-homicidios-tentados-ocorridos-em-dores-do-turvo\/"},"author":{"name":"Sodr\u00e9","@id":"https:\/\/ubanews.com\/site\/#\/schema\/person\/d90c9e47252fbb63dcc969fe4c8b9d10"},"headline":"PCMG conclui investiga\u00e7\u00f5es de homic\u00eddios tentados ocorridos em Dores do Turvo","datePublished":"2021-12-15T23:00:08+00:00","mainEntityOfPage":{"@id":"https:\/\/ubanews.com\/site\/2021\/12\/15\/pcmg-conclui-investigacoes-de-homicidios-tentados-ocorridos-em-dores-do-turvo\/"},"wordCount":453,"commentCount":0,"publisher":{"@id":"https:\/\/ubanews.com\/site\/#organization"},"image":{"@id":"https:\/\/ubanews.com\/site\/2021\/12\/15\/pcmg-conclui-investigacoes-de-homicidios-tentados-ocorridos-em-dores-do-turvo\/#primaryimage"},"thumbnailUrl":"https:\/\/ubanews.com\/site\/wp-content\/uploads\/2020\/03\/Pol\u00edcia-Civil.jpg","articleSection":["Geral"],"inLanguage":"pt-BR","potentialAction":[{"@type":"CommentAction","name":"Comment","target":["https:\/\/ubanews.com\/site\/2021\/12\/15\/pcmg-conclui-investigacoes-de-homicidios-tentados-ocorridos-em-dores-do-turvo\/#respond"]}]},{"@type":"WebPage","@id":"https:\/\/ubanews.com\/site\/2021\/12\/15\/pcmg-conclui-investigacoes-de-homicidios-tentados-ocorridos-em-dores-do-turvo\/","url":"https:\/\/ubanews.com\/site\/2021\/12\/15\/pcmg-conclui-investigacoes-de-homicidios-tentados-ocorridos-em-dores-do-turvo\/","name":"PCMG conclui investiga\u00e7\u00f5es de homic\u00eddios tentados ocorridos em Dores do Turvo - Ub\u00e1 News","isPartOf":{"@id":"https:\/\/ubanews.com\/site\/#website"},"primaryImageOfPage":{"@id":"https:\/\/ubanews.com\/site\/2021\/12\/15\/pcmg-conclui-investigacoes-de-homicidios-tentados-ocorridos-em-dores-do-turvo\/#primaryimage"},"image":{"@id":"https:\/\/ubanews.com\/site\/2021\/12\/15\/pcmg-conclui-investigacoes-de-homicidios-tentados-ocorridos-em-dores-do-turvo\/#primaryimage"},"thumbnailUrl":"https:\/\/ubanews.com\/site\/wp-content\/uploads\/2020\/03\/Pol\u00edcia-Civil.jpg","datePublished":"2021-12-15T23:00:08+00:00","breadcrumb":{"@id":"https:\/\/ubanews.com\/site\/2021\/12\/15\/pcmg-conclui-investigacoes-de-homicidios-tentados-ocorridos-em-dores-do-turvo\/#breadcrumb"},"inLanguage":"pt-BR","potentialAction":[{"@type":"ReadAction","target":["https:\/\/ubanews.com\/site\/2021\/12\/15\/pcmg-conclui-investigacoes-de-homicidios-tentados-ocorridos-em-dores-do-turvo\/"]}]},{"@type":"ImageObject","inLanguage":"pt-BR","@id":"https:\/\/ubanews.com\/site\/2021\/12\/15\/pcmg-conclui-investigacoes-de-homicidios-tentados-ocorridos-em-dores-do-turvo\/#primaryimage","url":"https:\/\/ubanews.com\/site\/wp-content\/uploads\/2020\/03\/Pol\u00edcia-Civil.jpg","contentUrl":"https:\/\/ubanews.com\/site\/wp-content\/uploads\/2020\/03\/Pol\u00edcia-Civil.jpg","width":800,"height":389},{"@type":"BreadcrumbList","@id":"https:\/\/ubanews.com\/site\/2021\/12\/15\/pcmg-conclui-investigacoes-de-homicidios-tentados-ocorridos-em-dores-do-turvo\/#breadcrumb","itemListElement":[{"@type":"ListItem","position":1,"name":"Home","item":"https:\/\/ubanews.com\/site\/"},{"@type":"ListItem","position":2,"name":"PCMG conclui investiga\u00e7\u00f5es de homic\u00eddios tentados ocorridos em Dores do Turvo"}]},{"@type":"WebSite","@id":"https:\/\/ubanews.com\/site\/#website","url":"https:\/\/ubanews.com\/site\/","name":"Ub\u00e1 News","description":"","publisher":{"@id":"https:\/\/ubanews.com\/site\/#organization"},"potentialAction":[{"@type":"SearchAction","target":{"@type":"EntryPoint","urlTemplate":"https:\/\/ubanews.com\/site\/?s={search_term_string}"},"query-input":{"@type":"PropertyValueSpecification","valueRequired":true,"valueName":"search_term_string"}}],"inLanguage":"pt-BR"},{"@type":"Organization","@id":"https:\/\/ubanews.com\/site\/#organization","name":"Ub\u00e1 News","url":"https:\/\/ubanews.com\/site\/","logo":{"@type":"ImageObject","inLanguage":"pt-BR","@id":"https:\/\/ubanews.com\/site\/#\/schema\/logo\/image\/","url":"https:\/\/ubanews.com\/site\/wp-content\/uploads\/2018\/01\/logoubanews.png","contentUrl":"https:\/\/ubanews.com\/site\/wp-content\/uploads\/2018\/01\/logoubanews.png","width":261,"height":99,"caption":"Ub\u00e1 News"},"image":{"@id":"https:\/\/ubanews.com\/site\/#\/schema\/logo\/image\/"},"sameAs":["https:\/\/www.facebook.com\/Ub\u00e1News-Carlos-Roberto-Sodr\u00e9-418778301977370"]},{"@type":"Person","@id":"https:\/\/ubanews.com\/site\/#\/schema\/person\/d90c9e47252fbb63dcc969fe4c8b9d10","name":"Sodr\u00e9","image":{"@type":"ImageObject","inLanguage":"pt-BR","@id":"https:\/\/secure.gravatar.com\/avatar\/5ba2793f0590b9dbfad3fdec4ee714485b3eef211c9b32ee53d414060454a56c?s=96&d=mm&r=g","url":"https:\/\/secure.gravatar.com\/avatar\/5ba2793f0590b9dbfad3fdec4ee714485b3eef211c9b32ee53d414060454a56c?s=96&d=mm&r=g","contentUrl":"https:\/\/secure.gravatar.com\/avatar\/5ba2793f0590b9dbfad3fdec4ee714485b3eef211c9b32ee53d414060454a56c?s=96&d=mm&r=g","caption":"Sodr\u00e9"},"sameAs":["https:\/\/www.facebook.com\/carosroberto.sodre.5\/"],"url":"https:\/\/ubanews.com\/site\/author\/felipe\/"}]}},"_links":{"self":[{"href":"https:\/\/ubanews.com\/site\/wp-json\/wp\/v2\/posts\/21006","targetHints":{"allow":["GET"]}}],"collection":[{"href":"https:\/\/ubanews.com\/site\/wp-json\/wp\/v2\/posts"}],"about":[{"href":"https:\/\/ubanews.com\/site\/wp-json\/wp\/v2\/types\/post"}],"author":[{"embeddable":true,"href":"https:\/\/ubanews.com\/site\/wp-json\/wp\/v2\/users\/2"}],"replies":[{"embeddable":true,"href":"https:\/\/ubanews.com\/site\/wp-json\/wp\/v2\/comments?post=21006"}],"version-history":[{"count":0,"href":"https:\/\/ubanews.com\/site\/wp-json\/wp\/v2\/posts\/21006\/revisions"}],"wp:featuredmedia":[{"embeddable":true,"href":"https:\/\/ubanews.com\/site\/wp-json\/wp\/v2\/media\/15824"}],"wp:attachment":[{"href":"https:\/\/ubanews.com\/site\/wp-json\/wp\/v2\/media?parent=21006"}],"wp:term":[{"taxonomy":"category","embeddable":true,"href":"https:\/\/ubanews.com\/site\/wp-json\/wp\/v2\/categories?post=21006"},{"taxonomy":"post_tag","embeddable":true,"href":"https:\/\/ubanews.com\/site\/wp-json\/wp\/v2\/tags?post=21006"}],"curies":[{"name":"wp","href":"https:\/\/api.w.org\/{rel}","templated":true}]}}