{"id":20989,"date":"2021-12-02T15:48:42","date_gmt":"2021-12-02T18:48:42","guid":{"rendered":"http:\/\/ubanews.com\/site\/?p=20989"},"modified":"2021-12-02T15:48:42","modified_gmt":"2021-12-02T18:48:42","slug":"copasa-informa-que-pode-faltar-agua-em-uba-devido-forte-chuva-de-quarta-feira","status":"publish","type":"post","link":"https:\/\/ubanews.com\/site\/2021\/12\/02\/copasa-informa-que-pode-faltar-agua-em-uba-devido-forte-chuva-de-quarta-feira\/","title":{"rendered":"COPASA INFORMA QUE PODE FALTAR \u00c1GUA EM UB\u00c1 DEVIDO FORTE CHUVA DE QUARTA-FEIRA"},"content":{"rendered":"<p>A Copasa informa que, devido \u00e0s fortes chuvas que ca\u00edram na regi\u00e3o de Ub\u00e1, inundando a Esta\u00e7\u00e3o de Tratamento de \u00e1gua (ETA), o abastecimento foi interrompido, emergencialmente, na noite de quarta-feira (01\/12).&nbsp;&nbsp;&nbsp;<\/p>\n<p>A previs\u00e3o \u00e9 de que o abastecimento seja restabelecido, gradativamente, no decorrer da noite de hoje (02).&nbsp;&nbsp;<\/p>\n<div id=\"metaslider-id-17652\" style=\"max-width: 1000px;\" class=\"ml-slider-3-106-0 metaslider metaslider-nivo metaslider-17652 ml-slider ms-theme-outline\" role=\"region\" aria-label=\"Texto\" data-height=\"200\" data-width=\"1000\">\n    <div id=\"metaslider_container_17652\">\n        <div class='slider-wrapper theme-default'><div class='ribbon'><\/div><div id='metaslider_17652' class='nivoSlider'><\/div><\/div>\n        \n    <\/div>\n<\/div>\n<p>Bairros atingidos: Agostinho Sales Amato, Ant\u00f4nio Bigonha, Bela Vista, Caxang\u00e1, Chiquito Gazola, Cibraci, Cidade Jardim, Citta de Lucca, Condom\u00ednio Jardim Manac\u00e1s, Cristo Redentor, Dico Teixeira, Doutor Jos\u00e9 Cavaliere, Encosta do Sol, Fazendinha, Fazendinha Dois Cohab, Jardim Alves do Vale, Jardim Esperan\u00e7a, Jardim Primavera, Jo\u00e3o Teixeira, Laranjal, Lava P\u00e9s, Noeme Batalha, Noeme Batalha II, Novo Centro, Oz\u00e9ias Maranh\u00e3o, Peluso, Portal das Mangueiras, Residencial. Com Stella Gazolla, Residencial Jardim Europa, Residencial Rosa de Toledo, Residencial Cyro Fernandes, Residencial Pires da Luz, Residencial S\u00e3o Leopoldo Novo Horizonte, San Rafael, Santa Alice, Santa Cruz, Santa Edwiges, Santa Edwiges II, Santa Edwiges III, Santa Luzia, Santa Rosa, Santa Terezinha, Santana, Sobradinho, S\u00e3o Francisco de Assis, S\u00e3o Jo\u00e3o, Talma, Universit\u00e1rio, Valdemar de Castro, Vale do Ip\u00ea, Vila Casal, Vila Franel, Vila Goncalves, Vila Regina, Vit\u00f3ria e Xangril\u00e1.<\/p>\n<p><strong>Assessoria de Comunica\u00e7\u00e3o da Copasa<\/strong><\/p>\n<div style=\"width: 840px;\" class=\"wp-video\"><video class=\"wp-video-shortcode\" id=\"video-20989-1\" width=\"840\" height=\"473\" autoplay preload=\"auto\" controls=\"controls\"><source type=\"video\/mp4\" src=\"https:\/\/ubanews.com\/site\/wp-content\/uploads\/2020\/12\/01020002.00_00_53_25.mp4?_=1\" \/><a href=\"https:\/\/ubanews.com\/site\/wp-content\/uploads\/2020\/12\/01020002.00_00_53_25.mp4\">https:\/\/ubanews.com\/site\/wp-content\/uploads\/2020\/12\/01020002.00_00_53_25.mp4<\/a><\/video><\/div>\n","protected":false},"excerpt":{"rendered":"<p>A Copasa informa que, devido \u00e0s fortes chuvas que ca\u00edram<\/p>\n","protected":false},"author":2,"featured_media":804,"comment_status":"open","ping_status":"open","sticky":false,"template":"","format":"standard","meta":{"footnotes":""},"categories":[1],"tags":[],"class_list":["post-20989","post","type-post","status-publish","format-standard","has-post-thumbnail","hentry","category-sem-categoria"],"yoast_head":"<!-- This site is optimized with the Yoast SEO plugin v27.2 - https:\/\/yoast.com\/product\/yoast-seo-wordpress\/ -->\n<title>COPASA INFORMA QUE PODE FALTAR \u00c1GUA EM UB\u00c1 DEVIDO FORTE CHUVA DE QUARTA-FEIRA - Ub\u00e1 News<\/title>\n<meta name=\"robots\" content=\"index, follow, max-snippet:-1, max-image-preview:large, max-video-preview:-1\" \/>\n<link rel=\"canonical\" href=\"https:\/\/ubanews.com\/site\/2021\/12\/02\/copasa-informa-que-pode-faltar-agua-em-uba-devido-forte-chuva-de-quarta-feira\/\" \/>\n<meta property=\"og:locale\" content=\"pt_BR\" \/>\n<meta property=\"og:type\" content=\"article\" \/>\n<meta property=\"og:title\" content=\"COPASA INFORMA QUE PODE FALTAR \u00c1GUA EM UB\u00c1 DEVIDO FORTE CHUVA DE QUARTA-FEIRA - Ub\u00e1 News\" \/>\n<meta property=\"og:description\" content=\"A Copasa informa que, devido \u00e0s fortes chuvas que ca\u00edram\" \/>\n<meta property=\"og:url\" content=\"https:\/\/ubanews.com\/site\/2021\/12\/02\/copasa-informa-que-pode-faltar-agua-em-uba-devido-forte-chuva-de-quarta-feira\/\" \/>\n<meta property=\"og:site_name\" content=\"Ub\u00e1 News\" \/>\n<meta property=\"article:publisher\" content=\"https:\/\/www.facebook.com\/Ub%c3%a1News-Carlos-Roberto-Sodr%c3%a9-418778301977370\" \/>\n<meta property=\"article:author\" content=\"https:\/\/www.facebook.com\/carosroberto.sodre.5\/\" \/>\n<meta property=\"article:published_time\" content=\"2021-12-02T18:48:42+00:00\" \/>\n<meta property=\"og:image\" content=\"https:\/\/ubanews.com\/site\/wp-content\/uploads\/2018\/03\/logo_copasa_oficial-2.png\" \/>\n\t<meta property=\"og:image:width\" content=\"2143\" \/>\n\t<meta property=\"og:image:height\" content=\"1067\" \/>\n\t<meta property=\"og:image:type\" content=\"image\/png\" \/>\n<meta name=\"author\" content=\"Sodr\u00e9\" \/>\n<meta name=\"twitter:card\" content=\"summary_large_image\" \/>\n<meta name=\"twitter:label1\" content=\"Escrito por\" \/>\n\t<meta name=\"twitter:data1\" content=\"Sodr\u00e9\" \/>\n\t<meta name=\"twitter:label2\" content=\"Est. tempo de leitura\" \/>\n\t<meta name=\"twitter:data2\" content=\"1 minuto\" \/>\n<script type=\"application\/ld+json\" class=\"yoast-schema-graph\">{\"@context\":\"https:\/\/schema.org\",\"@graph\":[{\"@type\":\"Article\",\"@id\":\"https:\/\/ubanews.com\/site\/2021\/12\/02\/copasa-informa-que-pode-faltar-agua-em-uba-devido-forte-chuva-de-quarta-feira\/#article\",\"isPartOf\":{\"@id\":\"https:\/\/ubanews.com\/site\/2021\/12\/02\/copasa-informa-que-pode-faltar-agua-em-uba-devido-forte-chuva-de-quarta-feira\/\"},\"author\":{\"name\":\"Sodr\u00e9\",\"@id\":\"https:\/\/ubanews.com\/site\/#\/schema\/person\/d90c9e47252fbb63dcc969fe4c8b9d10\"},\"headline\":\"COPASA INFORMA QUE PODE FALTAR \u00c1GUA EM UB\u00c1 DEVIDO FORTE CHUVA DE QUARTA-FEIRA\",\"datePublished\":\"2021-12-02T18:48:42+00:00\",\"mainEntityOfPage\":{\"@id\":\"https:\/\/ubanews.com\/site\/2021\/12\/02\/copasa-informa-que-pode-faltar-agua-em-uba-devido-forte-chuva-de-quarta-feira\/\"},\"wordCount\":237,\"commentCount\":0,\"publisher\":{\"@id\":\"https:\/\/ubanews.com\/site\/#organization\"},\"image\":{\"@id\":\"https:\/\/ubanews.com\/site\/2021\/12\/02\/copasa-informa-que-pode-faltar-agua-em-uba-devido-forte-chuva-de-quarta-feira\/#primaryimage\"},\"thumbnailUrl\":\"https:\/\/ubanews.com\/site\/wp-content\/uploads\/2018\/03\/logo_copasa_oficial-2.png\",\"articleSection\":[\"Geral\"],\"inLanguage\":\"pt-BR\",\"potentialAction\":[{\"@type\":\"CommentAction\",\"name\":\"Comment\",\"target\":[\"https:\/\/ubanews.com\/site\/2021\/12\/02\/copasa-informa-que-pode-faltar-agua-em-uba-devido-forte-chuva-de-quarta-feira\/#respond\"]}]},{\"@type\":\"WebPage\",\"@id\":\"https:\/\/ubanews.com\/site\/2021\/12\/02\/copasa-informa-que-pode-faltar-agua-em-uba-devido-forte-chuva-de-quarta-feira\/\",\"url\":\"https:\/\/ubanews.com\/site\/2021\/12\/02\/copasa-informa-que-pode-faltar-agua-em-uba-devido-forte-chuva-de-quarta-feira\/\",\"name\":\"COPASA INFORMA QUE PODE FALTAR \u00c1GUA EM UB\u00c1 DEVIDO FORTE CHUVA DE QUARTA-FEIRA - Ub\u00e1 News\",\"isPartOf\":{\"@id\":\"https:\/\/ubanews.com\/site\/#website\"},\"primaryImageOfPage\":{\"@id\":\"https:\/\/ubanews.com\/site\/2021\/12\/02\/copasa-informa-que-pode-faltar-agua-em-uba-devido-forte-chuva-de-quarta-feira\/#primaryimage\"},\"image\":{\"@id\":\"https:\/\/ubanews.com\/site\/2021\/12\/02\/copasa-informa-que-pode-faltar-agua-em-uba-devido-forte-chuva-de-quarta-feira\/#primaryimage\"},\"thumbnailUrl\":\"https:\/\/ubanews.com\/site\/wp-content\/uploads\/2018\/03\/logo_copasa_oficial-2.png\",\"datePublished\":\"2021-12-02T18:48:42+00:00\",\"breadcrumb\":{\"@id\":\"https:\/\/ubanews.com\/site\/2021\/12\/02\/copasa-informa-que-pode-faltar-agua-em-uba-devido-forte-chuva-de-quarta-feira\/#breadcrumb\"},\"inLanguage\":\"pt-BR\",\"potentialAction\":[{\"@type\":\"ReadAction\",\"target\":[\"https:\/\/ubanews.com\/site\/2021\/12\/02\/copasa-informa-que-pode-faltar-agua-em-uba-devido-forte-chuva-de-quarta-feira\/\"]}]},{\"@type\":\"ImageObject\",\"inLanguage\":\"pt-BR\",\"@id\":\"https:\/\/ubanews.com\/site\/2021\/12\/02\/copasa-informa-que-pode-faltar-agua-em-uba-devido-forte-chuva-de-quarta-feira\/#primaryimage\",\"url\":\"https:\/\/ubanews.com\/site\/wp-content\/uploads\/2018\/03\/logo_copasa_oficial-2.png\",\"contentUrl\":\"https:\/\/ubanews.com\/site\/wp-content\/uploads\/2018\/03\/logo_copasa_oficial-2.png\",\"width\":2143,\"height\":1067},{\"@type\":\"BreadcrumbList\",\"@id\":\"https:\/\/ubanews.com\/site\/2021\/12\/02\/copasa-informa-que-pode-faltar-agua-em-uba-devido-forte-chuva-de-quarta-feira\/#breadcrumb\",\"itemListElement\":[{\"@type\":\"ListItem\",\"position\":1,\"name\":\"Home\",\"item\":\"https:\/\/ubanews.com\/site\/\"},{\"@type\":\"ListItem\",\"position\":2,\"name\":\"COPASA INFORMA QUE PODE FALTAR \u00c1GUA EM UB\u00c1 DEVIDO FORTE CHUVA DE QUARTA-FEIRA\"}]},{\"@type\":\"WebSite\",\"@id\":\"https:\/\/ubanews.com\/site\/#website\",\"url\":\"https:\/\/ubanews.com\/site\/\",\"name\":\"Ub\u00e1 News\",\"description\":\"\",\"publisher\":{\"@id\":\"https:\/\/ubanews.com\/site\/#organization\"},\"potentialAction\":[{\"@type\":\"SearchAction\",\"target\":{\"@type\":\"EntryPoint\",\"urlTemplate\":\"https:\/\/ubanews.com\/site\/?s={search_term_string}\"},\"query-input\":{\"@type\":\"PropertyValueSpecification\",\"valueRequired\":true,\"valueName\":\"search_term_string\"}}],\"inLanguage\":\"pt-BR\"},{\"@type\":\"Organization\",\"@id\":\"https:\/\/ubanews.com\/site\/#organization\",\"name\":\"Ub\u00e1 News\",\"url\":\"https:\/\/ubanews.com\/site\/\",\"logo\":{\"@type\":\"ImageObject\",\"inLanguage\":\"pt-BR\",\"@id\":\"https:\/\/ubanews.com\/site\/#\/schema\/logo\/image\/\",\"url\":\"https:\/\/ubanews.com\/site\/wp-content\/uploads\/2018\/01\/logoubanews.png\",\"contentUrl\":\"https:\/\/ubanews.com\/site\/wp-content\/uploads\/2018\/01\/logoubanews.png\",\"width\":261,\"height\":99,\"caption\":\"Ub\u00e1 News\"},\"image\":{\"@id\":\"https:\/\/ubanews.com\/site\/#\/schema\/logo\/image\/\"},\"sameAs\":[\"https:\/\/www.facebook.com\/Ub\u00e1News-Carlos-Roberto-Sodr\u00e9-418778301977370\"]},{\"@type\":\"Person\",\"@id\":\"https:\/\/ubanews.com\/site\/#\/schema\/person\/d90c9e47252fbb63dcc969fe4c8b9d10\",\"name\":\"Sodr\u00e9\",\"image\":{\"@type\":\"ImageObject\",\"inLanguage\":\"pt-BR\",\"@id\":\"https:\/\/secure.gravatar.com\/avatar\/5ba2793f0590b9dbfad3fdec4ee714485b3eef211c9b32ee53d414060454a56c?s=96&d=mm&r=g\",\"url\":\"https:\/\/secure.gravatar.com\/avatar\/5ba2793f0590b9dbfad3fdec4ee714485b3eef211c9b32ee53d414060454a56c?s=96&d=mm&r=g\",\"contentUrl\":\"https:\/\/secure.gravatar.com\/avatar\/5ba2793f0590b9dbfad3fdec4ee714485b3eef211c9b32ee53d414060454a56c?s=96&d=mm&r=g\",\"caption\":\"Sodr\u00e9\"},\"sameAs\":[\"https:\/\/www.facebook.com\/carosroberto.sodre.5\/\"],\"url\":\"https:\/\/ubanews.com\/site\/author\/felipe\/\"}]}<\/script>\n<!-- \/ Yoast SEO plugin. -->","yoast_head_json":{"title":"COPASA INFORMA QUE PODE FALTAR \u00c1GUA EM UB\u00c1 DEVIDO FORTE CHUVA DE QUARTA-FEIRA - Ub\u00e1 News","robots":{"index":"index","follow":"follow","max-snippet":"max-snippet:-1","max-image-preview":"max-image-preview:large","max-video-preview":"max-video-preview:-1"},"canonical":"https:\/\/ubanews.com\/site\/2021\/12\/02\/copasa-informa-que-pode-faltar-agua-em-uba-devido-forte-chuva-de-quarta-feira\/","og_locale":"pt_BR","og_type":"article","og_title":"COPASA INFORMA QUE PODE FALTAR \u00c1GUA EM UB\u00c1 DEVIDO FORTE CHUVA DE QUARTA-FEIRA - Ub\u00e1 News","og_description":"A Copasa informa que, devido \u00e0s fortes chuvas que ca\u00edram","og_url":"https:\/\/ubanews.com\/site\/2021\/12\/02\/copasa-informa-que-pode-faltar-agua-em-uba-devido-forte-chuva-de-quarta-feira\/","og_site_name":"Ub\u00e1 News","article_publisher":"https:\/\/www.facebook.com\/Ub%c3%a1News-Carlos-Roberto-Sodr%c3%a9-418778301977370","article_author":"https:\/\/www.facebook.com\/carosroberto.sodre.5\/","article_published_time":"2021-12-02T18:48:42+00:00","og_image":[{"width":2143,"height":1067,"url":"https:\/\/ubanews.com\/site\/wp-content\/uploads\/2018\/03\/logo_copasa_oficial-2.png","type":"image\/png"}],"author":"Sodr\u00e9","twitter_card":"summary_large_image","twitter_misc":{"Escrito por":"Sodr\u00e9","Est. tempo de leitura":"1 minuto"},"schema":{"@context":"https:\/\/schema.org","@graph":[{"@type":"Article","@id":"https:\/\/ubanews.com\/site\/2021\/12\/02\/copasa-informa-que-pode-faltar-agua-em-uba-devido-forte-chuva-de-quarta-feira\/#article","isPartOf":{"@id":"https:\/\/ubanews.com\/site\/2021\/12\/02\/copasa-informa-que-pode-faltar-agua-em-uba-devido-forte-chuva-de-quarta-feira\/"},"author":{"name":"Sodr\u00e9","@id":"https:\/\/ubanews.com\/site\/#\/schema\/person\/d90c9e47252fbb63dcc969fe4c8b9d10"},"headline":"COPASA INFORMA QUE PODE FALTAR \u00c1GUA EM UB\u00c1 DEVIDO FORTE CHUVA DE QUARTA-FEIRA","datePublished":"2021-12-02T18:48:42+00:00","mainEntityOfPage":{"@id":"https:\/\/ubanews.com\/site\/2021\/12\/02\/copasa-informa-que-pode-faltar-agua-em-uba-devido-forte-chuva-de-quarta-feira\/"},"wordCount":237,"commentCount":0,"publisher":{"@id":"https:\/\/ubanews.com\/site\/#organization"},"image":{"@id":"https:\/\/ubanews.com\/site\/2021\/12\/02\/copasa-informa-que-pode-faltar-agua-em-uba-devido-forte-chuva-de-quarta-feira\/#primaryimage"},"thumbnailUrl":"https:\/\/ubanews.com\/site\/wp-content\/uploads\/2018\/03\/logo_copasa_oficial-2.png","articleSection":["Geral"],"inLanguage":"pt-BR","potentialAction":[{"@type":"CommentAction","name":"Comment","target":["https:\/\/ubanews.com\/site\/2021\/12\/02\/copasa-informa-que-pode-faltar-agua-em-uba-devido-forte-chuva-de-quarta-feira\/#respond"]}]},{"@type":"WebPage","@id":"https:\/\/ubanews.com\/site\/2021\/12\/02\/copasa-informa-que-pode-faltar-agua-em-uba-devido-forte-chuva-de-quarta-feira\/","url":"https:\/\/ubanews.com\/site\/2021\/12\/02\/copasa-informa-que-pode-faltar-agua-em-uba-devido-forte-chuva-de-quarta-feira\/","name":"COPASA INFORMA QUE PODE FALTAR \u00c1GUA EM UB\u00c1 DEVIDO FORTE CHUVA DE QUARTA-FEIRA - Ub\u00e1 News","isPartOf":{"@id":"https:\/\/ubanews.com\/site\/#website"},"primaryImageOfPage":{"@id":"https:\/\/ubanews.com\/site\/2021\/12\/02\/copasa-informa-que-pode-faltar-agua-em-uba-devido-forte-chuva-de-quarta-feira\/#primaryimage"},"image":{"@id":"https:\/\/ubanews.com\/site\/2021\/12\/02\/copasa-informa-que-pode-faltar-agua-em-uba-devido-forte-chuva-de-quarta-feira\/#primaryimage"},"thumbnailUrl":"https:\/\/ubanews.com\/site\/wp-content\/uploads\/2018\/03\/logo_copasa_oficial-2.png","datePublished":"2021-12-02T18:48:42+00:00","breadcrumb":{"@id":"https:\/\/ubanews.com\/site\/2021\/12\/02\/copasa-informa-que-pode-faltar-agua-em-uba-devido-forte-chuva-de-quarta-feira\/#breadcrumb"},"inLanguage":"pt-BR","potentialAction":[{"@type":"ReadAction","target":["https:\/\/ubanews.com\/site\/2021\/12\/02\/copasa-informa-que-pode-faltar-agua-em-uba-devido-forte-chuva-de-quarta-feira\/"]}]},{"@type":"ImageObject","inLanguage":"pt-BR","@id":"https:\/\/ubanews.com\/site\/2021\/12\/02\/copasa-informa-que-pode-faltar-agua-em-uba-devido-forte-chuva-de-quarta-feira\/#primaryimage","url":"https:\/\/ubanews.com\/site\/wp-content\/uploads\/2018\/03\/logo_copasa_oficial-2.png","contentUrl":"https:\/\/ubanews.com\/site\/wp-content\/uploads\/2018\/03\/logo_copasa_oficial-2.png","width":2143,"height":1067},{"@type":"BreadcrumbList","@id":"https:\/\/ubanews.com\/site\/2021\/12\/02\/copasa-informa-que-pode-faltar-agua-em-uba-devido-forte-chuva-de-quarta-feira\/#breadcrumb","itemListElement":[{"@type":"ListItem","position":1,"name":"Home","item":"https:\/\/ubanews.com\/site\/"},{"@type":"ListItem","position":2,"name":"COPASA INFORMA QUE PODE FALTAR \u00c1GUA EM UB\u00c1 DEVIDO FORTE CHUVA DE QUARTA-FEIRA"}]},{"@type":"WebSite","@id":"https:\/\/ubanews.com\/site\/#website","url":"https:\/\/ubanews.com\/site\/","name":"Ub\u00e1 News","description":"","publisher":{"@id":"https:\/\/ubanews.com\/site\/#organization"},"potentialAction":[{"@type":"SearchAction","target":{"@type":"EntryPoint","urlTemplate":"https:\/\/ubanews.com\/site\/?s={search_term_string}"},"query-input":{"@type":"PropertyValueSpecification","valueRequired":true,"valueName":"search_term_string"}}],"inLanguage":"pt-BR"},{"@type":"Organization","@id":"https:\/\/ubanews.com\/site\/#organization","name":"Ub\u00e1 News","url":"https:\/\/ubanews.com\/site\/","logo":{"@type":"ImageObject","inLanguage":"pt-BR","@id":"https:\/\/ubanews.com\/site\/#\/schema\/logo\/image\/","url":"https:\/\/ubanews.com\/site\/wp-content\/uploads\/2018\/01\/logoubanews.png","contentUrl":"https:\/\/ubanews.com\/site\/wp-content\/uploads\/2018\/01\/logoubanews.png","width":261,"height":99,"caption":"Ub\u00e1 News"},"image":{"@id":"https:\/\/ubanews.com\/site\/#\/schema\/logo\/image\/"},"sameAs":["https:\/\/www.facebook.com\/Ub\u00e1News-Carlos-Roberto-Sodr\u00e9-418778301977370"]},{"@type":"Person","@id":"https:\/\/ubanews.com\/site\/#\/schema\/person\/d90c9e47252fbb63dcc969fe4c8b9d10","name":"Sodr\u00e9","image":{"@type":"ImageObject","inLanguage":"pt-BR","@id":"https:\/\/secure.gravatar.com\/avatar\/5ba2793f0590b9dbfad3fdec4ee714485b3eef211c9b32ee53d414060454a56c?s=96&d=mm&r=g","url":"https:\/\/secure.gravatar.com\/avatar\/5ba2793f0590b9dbfad3fdec4ee714485b3eef211c9b32ee53d414060454a56c?s=96&d=mm&r=g","contentUrl":"https:\/\/secure.gravatar.com\/avatar\/5ba2793f0590b9dbfad3fdec4ee714485b3eef211c9b32ee53d414060454a56c?s=96&d=mm&r=g","caption":"Sodr\u00e9"},"sameAs":["https:\/\/www.facebook.com\/carosroberto.sodre.5\/"],"url":"https:\/\/ubanews.com\/site\/author\/felipe\/"}]}},"_links":{"self":[{"href":"https:\/\/ubanews.com\/site\/wp-json\/wp\/v2\/posts\/20989","targetHints":{"allow":["GET"]}}],"collection":[{"href":"https:\/\/ubanews.com\/site\/wp-json\/wp\/v2\/posts"}],"about":[{"href":"https:\/\/ubanews.com\/site\/wp-json\/wp\/v2\/types\/post"}],"author":[{"embeddable":true,"href":"https:\/\/ubanews.com\/site\/wp-json\/wp\/v2\/users\/2"}],"replies":[{"embeddable":true,"href":"https:\/\/ubanews.com\/site\/wp-json\/wp\/v2\/comments?post=20989"}],"version-history":[{"count":0,"href":"https:\/\/ubanews.com\/site\/wp-json\/wp\/v2\/posts\/20989\/revisions"}],"wp:featuredmedia":[{"embeddable":true,"href":"https:\/\/ubanews.com\/site\/wp-json\/wp\/v2\/media\/804"}],"wp:attachment":[{"href":"https:\/\/ubanews.com\/site\/wp-json\/wp\/v2\/media?parent=20989"}],"wp:term":[{"taxonomy":"category","embeddable":true,"href":"https:\/\/ubanews.com\/site\/wp-json\/wp\/v2\/categories?post=20989"},{"taxonomy":"post_tag","embeddable":true,"href":"https:\/\/ubanews.com\/site\/wp-json\/wp\/v2\/tags?post=20989"}],"curies":[{"name":"wp","href":"https:\/\/api.w.org\/{rel}","templated":true}]}}