{"id":20983,"date":"2021-12-01T17:28:06","date_gmt":"2021-12-01T20:28:06","guid":{"rendered":"http:\/\/ubanews.com\/site\/?p=20983"},"modified":"2021-12-01T17:28:06","modified_gmt":"2021-12-01T20:28:06","slug":"psa-conquista-1o-lugar-em-premiacao-estadual-de-boas-praticas-ambientais","status":"publish","type":"post","link":"https:\/\/ubanews.com\/site\/2021\/12\/01\/psa-conquista-1o-lugar-em-premiacao-estadual-de-boas-praticas-ambientais\/","title":{"rendered":"PSA conquista 1\u00ba lugar em premia\u00e7\u00e3o estadual de boas pr\u00e1ticas ambientais"},"content":{"rendered":"<p><span style=\"font-family: verdana, sans-serif;\"><i>V Pr\u00eamio de Boas Pr\u00e1ticas Ambientais &#8220;Saneamento Al\u00e9m do B\u00e1sico&#8221; foi promovido pela Secretaria de Estado de Meio Ambiente e Desenvolvimento Sustent\u00e1vel<\/i><\/span><\/p>\n<p><span style=\"font-family: verdana, sans-serif;\">O munic\u00edpio de Ub\u00e1 conquistou o 1\u00ba lugar em sua categoria no V Pr\u00eamio de Boas Pr\u00e1ticas Ambientais \u201cSaneamento Al\u00e9m do B\u00e1sico\u201d, promovido pela Secretaria de Estado de Meio Ambiente e Desenvolvimento Sustent\u00e1vel. O projeto &#8220;\u00c1guas de Ub\u00e1: Revitaliza\u00e7\u00e3o de Bacias Hidrogr\u00e1ficas e Pagamento por Servi\u00e7os Ambientais (PSA)&#8221; concorreu na categoria &#8220;Abastecimento de \u00e1gua pot\u00e1vel ou de drenagem e manejo das \u00e1guas pluviais urbanas&#8221; e foi o \u00fanico projeto premiado da Zona da Mata. O&nbsp;an\u00fancio do resultado e a premia\u00e7\u00e3o foram realizados&nbsp;nesta quarta-feira (24), durante a programa\u00e7\u00e3o do XXIV Simp\u00f3sio Brasileiro de Recursos H\u00eddricos, em Belo Horizonte.&nbsp;<i><br \/>\n<\/i><\/span><\/p>\n<p><span style=\"font-family: verdana, sans-serif;\">Tr\u00eas projetos vencedores em cada categoria j\u00e1 haviam sido anunciados no dia 03\/11, por\u00e9m a classifica\u00e7\u00e3o entre 1\u00ba, 2\u00ba e 3\u00ba lugar n\u00e3o havia sido revelada. O prefeito Edson Teixeira Filho, acompanhado de equipe t\u00e9cnica das secretarias de Ambiente e Planejamento, participou da premia\u00e7\u00e3o e recebeu, sob aplausos, a placa em reconhecimento&nbsp;como melhor pr\u00e1tica&nbsp;apresentada.<i><br \/>\n<\/i><\/span><\/p>\n<p><span style=\"font-family: verdana, sans-serif;\">&#8220;Agrade\u00e7o \u00e0 SEMAD por essa oportunidade e parabenizo a todos que participaram desse grande pr\u00eamio de incentivo ambiental. Grandes ensinamentos podem ser tirados&nbsp;de todas as pr\u00e1ticas aqui apresentadas por pessoas e institui\u00e7\u00f5es que se dedicam diuturnamente a melhorar o ambiente da nossa Minas Gerais. Agrade\u00e7o a toda nossa equipe, aos parceiros do PSA, e&nbsp;principalmente aos produtores rurais que abriram as suas propriedades para a Prefeitura e confiaram no nosso projeto. Esse trabalho come\u00e7ou h\u00e1 muitos anos, quando eu atuava no Sindicato Rural e com apoio de diversos parceiros, e tornou-se objeto do nosso plano de governo como uma meta a ser perseguida. Ub\u00e1 recebe esse pr\u00eamio com muita alegria. Sabemos que pr\u00e1ticas ambientais s\u00e3o um exerc\u00edcio a ser feito todos os dias, e vamos continuar perseguindo isso em nossa cidade.&#8221;, afirmou o prefeito Edson.&nbsp;<\/span><\/p>\n<p><span style=\"font-family: verdana, sans-serif;\"><span style=\"color: #333333;\">Um v\u00eddeo sobre o projeto foi exibido no evento.&nbsp;<\/span><span style=\"color: #0000ff;\"><b><u><a href=\"https:\/\/www.youtube.com\/watch?v=-GGqbV3gKmA\" target=\"_blank\" rel=\"noopener noreferrer\" data-saferedirecturl=\"https:\/\/www.google.com\/url?q=https:\/\/www.youtube.com\/watch?v%3D-GGqbV3gKmA&amp;source=gmail&amp;ust=1638474488513000&amp;usg=AOvVaw1W8Rl-2qjYAoi_DTC149mk\">CLIQUE AQUI<\/a><\/u><\/b><\/span><span style=\"color: #333333;\">&nbsp;para assistir.<\/span><\/span><\/p>\n<p><strong><span style=\"font-family: verdana, sans-serif;\">&#8220;\u00c1guas de Ub\u00e1: Revitaliza\u00e7\u00e3o de Bacias Hidrogr\u00e1ficas e Pagamentos por Servi\u00e7os Ambientais (PSA)&#8221;<\/span><\/strong><\/p>\n<p><span style=\"font-family: verdana, sans-serif;\">O projeto apresentado destaca as iniciativas&nbsp;implementadas pela Prefeitura de Ub\u00e1 atrav\u00e9s da Secretaria Municipal de Ambiente e Mobilidade Urbana, desde 2017, visando a revers\u00e3o&nbsp;do hist\u00f3rico de crises h\u00eddricas atrav\u00e9s de pr\u00e1ticas de conserva\u00e7\u00e3o de \u00e1gua e solo em propriedades rurais inseridas em \u00e1reas de cabeceira do Ribeir\u00e3o Ub\u00e1. Al\u00e9m disso, apresenta o uso do PSA (Pagamentos por Servi\u00e7os Ambientais) como ferramenta de est\u00edmulo aos produtores rurais no trato com as \u00e1guas, recebendo apoio t\u00e9cnico e financeiro. No primeiro semestre de 2021, o PSA&nbsp;de Ub\u00e1 j\u00e1 havia alcan\u00e7ado destaque nacional atrav\u00e9s de reportagem veiculada no programa de TV&nbsp;Globo Rural (<a href=\"https:\/\/www.youtube.com\/watch?v=KMazo5F2oZU\" target=\"_blank\" rel=\"noopener noreferrer\" data-saferedirecturl=\"https:\/\/www.google.com\/url?q=https:\/\/www.youtube.com\/watch?v%3DKMazo5F2oZU&amp;source=gmail&amp;ust=1638474488513000&amp;usg=AOvVaw2wTQfZpqwZZqViR3FUYBH7\"><u>CLIQUE AQUI<\/u>&nbsp;<\/a>para assistir).<\/span><\/p>\n<p><span style=\"font-family: verdana, sans-serif;\">Para saber mais sobre o PSA de Ub\u00e1,&nbsp;<a href=\"https:\/\/www.uba.mg.gov.br\/detalhe-da-materia\/info\/conheca-o-programa-municipal-de-pagamento-por-servicos-ambientais-psa\/174516\" target=\"_blank\" rel=\"noopener noreferrer\" data-saferedirecturl=\"https:\/\/www.google.com\/url?q=https:\/\/www.uba.mg.gov.br\/detalhe-da-materia\/info\/conheca-o-programa-municipal-de-pagamento-por-servicos-ambientais-psa\/174516&amp;source=gmail&amp;ust=1638474488513000&amp;usg=AOvVaw0ZL-E-aoWGLm-kRz2sScWP\"><u>CLIQUE AQUI<\/u>.<\/a><\/span><\/p>\n<p><strong>Assessoria de Comunica\u00e7\u00e3o Prefeitura de Ub\u00e1<\/strong><\/p>\n<div style=\"width: 840px;\" class=\"wp-video\"><video class=\"wp-video-shortcode\" id=\"video-20983-1\" width=\"840\" height=\"473\" autoplay preload=\"auto\" controls=\"controls\"><source type=\"video\/mp4\" src=\"https:\/\/ubanews.com\/site\/wp-content\/uploads\/2020\/12\/01020002.00_00_53_25.mp4?_=1\" \/><a href=\"https:\/\/ubanews.com\/site\/wp-content\/uploads\/2020\/12\/01020002.00_00_53_25.mp4\">https:\/\/ubanews.com\/site\/wp-content\/uploads\/2020\/12\/01020002.00_00_53_25.mp4<\/a><\/video><\/div>\n","protected":false},"excerpt":{"rendered":"<p>V Pr\u00eamio de Boas Pr\u00e1ticas Ambientais &#8220;Saneamento Al\u00e9m do B\u00e1sico&#8221;<\/p>\n","protected":false},"author":2,"featured_media":20981,"comment_status":"open","ping_status":"open","sticky":false,"template":"","format":"standard","meta":{"footnotes":""},"categories":[15],"tags":[],"class_list":["post-20983","post","type-post","status-publish","format-standard","has-post-thumbnail","hentry","category-prefeitura-municipal"],"yoast_head":"<!-- This site is optimized with the Yoast SEO plugin v27.2 - https:\/\/yoast.com\/product\/yoast-seo-wordpress\/ -->\n<title>PSA conquista 1\u00ba lugar em premia\u00e7\u00e3o estadual de boas pr\u00e1ticas ambientais - Ub\u00e1 News<\/title>\n<meta name=\"robots\" content=\"index, follow, max-snippet:-1, max-image-preview:large, max-video-preview:-1\" \/>\n<link rel=\"canonical\" href=\"https:\/\/ubanews.com\/site\/2021\/12\/01\/psa-conquista-1o-lugar-em-premiacao-estadual-de-boas-praticas-ambientais\/\" \/>\n<meta property=\"og:locale\" content=\"pt_BR\" \/>\n<meta property=\"og:type\" content=\"article\" \/>\n<meta property=\"og:title\" content=\"PSA conquista 1\u00ba lugar em premia\u00e7\u00e3o estadual de boas pr\u00e1ticas ambientais - Ub\u00e1 News\" \/>\n<meta property=\"og:description\" content=\"V Pr\u00eamio de Boas Pr\u00e1ticas Ambientais &#8220;Saneamento Al\u00e9m do B\u00e1sico&#8221;\" \/>\n<meta property=\"og:url\" content=\"https:\/\/ubanews.com\/site\/2021\/12\/01\/psa-conquista-1o-lugar-em-premiacao-estadual-de-boas-praticas-ambientais\/\" \/>\n<meta property=\"og:site_name\" content=\"Ub\u00e1 News\" \/>\n<meta property=\"article:publisher\" content=\"https:\/\/www.facebook.com\/Ub%c3%a1News-Carlos-Roberto-Sodr%c3%a9-418778301977370\" \/>\n<meta property=\"article:author\" content=\"https:\/\/www.facebook.com\/carosroberto.sodre.5\/\" \/>\n<meta property=\"article:published_time\" content=\"2021-12-01T20:28:06+00:00\" \/>\n<meta property=\"og:image\" content=\"https:\/\/ubanews.com\/site\/wp-content\/uploads\/2021\/11\/900.jpg\" \/>\n\t<meta property=\"og:image:width\" content=\"1000\" \/>\n\t<meta property=\"og:image:height\" content=\"450\" \/>\n\t<meta property=\"og:image:type\" content=\"image\/jpeg\" \/>\n<meta name=\"author\" content=\"Sodr\u00e9\" \/>\n<meta name=\"twitter:card\" content=\"summary_large_image\" \/>\n<meta name=\"twitter:label1\" content=\"Escrito por\" \/>\n\t<meta name=\"twitter:data1\" content=\"Sodr\u00e9\" \/>\n\t<meta name=\"twitter:label2\" content=\"Est. tempo de leitura\" \/>\n\t<meta name=\"twitter:data2\" content=\"3 minutos\" \/>\n<script type=\"application\/ld+json\" class=\"yoast-schema-graph\">{\"@context\":\"https:\/\/schema.org\",\"@graph\":[{\"@type\":\"Article\",\"@id\":\"https:\/\/ubanews.com\/site\/2021\/12\/01\/psa-conquista-1o-lugar-em-premiacao-estadual-de-boas-praticas-ambientais\/#article\",\"isPartOf\":{\"@id\":\"https:\/\/ubanews.com\/site\/2021\/12\/01\/psa-conquista-1o-lugar-em-premiacao-estadual-de-boas-praticas-ambientais\/\"},\"author\":{\"name\":\"Sodr\u00e9\",\"@id\":\"https:\/\/ubanews.com\/site\/#\/schema\/person\/d90c9e47252fbb63dcc969fe4c8b9d10\"},\"headline\":\"PSA conquista 1\u00ba lugar em premia\u00e7\u00e3o estadual de boas pr\u00e1ticas ambientais\",\"datePublished\":\"2021-12-01T20:28:06+00:00\",\"mainEntityOfPage\":{\"@id\":\"https:\/\/ubanews.com\/site\/2021\/12\/01\/psa-conquista-1o-lugar-em-premiacao-estadual-de-boas-praticas-ambientais\/\"},\"wordCount\":552,\"commentCount\":0,\"publisher\":{\"@id\":\"https:\/\/ubanews.com\/site\/#organization\"},\"image\":{\"@id\":\"https:\/\/ubanews.com\/site\/2021\/12\/01\/psa-conquista-1o-lugar-em-premiacao-estadual-de-boas-praticas-ambientais\/#primaryimage\"},\"thumbnailUrl\":\"https:\/\/ubanews.com\/site\/wp-content\/uploads\/2021\/11\/900.jpg\",\"articleSection\":[\"Prefeitura Municipal\"],\"inLanguage\":\"pt-BR\",\"potentialAction\":[{\"@type\":\"CommentAction\",\"name\":\"Comment\",\"target\":[\"https:\/\/ubanews.com\/site\/2021\/12\/01\/psa-conquista-1o-lugar-em-premiacao-estadual-de-boas-praticas-ambientais\/#respond\"]}]},{\"@type\":\"WebPage\",\"@id\":\"https:\/\/ubanews.com\/site\/2021\/12\/01\/psa-conquista-1o-lugar-em-premiacao-estadual-de-boas-praticas-ambientais\/\",\"url\":\"https:\/\/ubanews.com\/site\/2021\/12\/01\/psa-conquista-1o-lugar-em-premiacao-estadual-de-boas-praticas-ambientais\/\",\"name\":\"PSA conquista 1\u00ba lugar em premia\u00e7\u00e3o estadual de boas pr\u00e1ticas ambientais - Ub\u00e1 News\",\"isPartOf\":{\"@id\":\"https:\/\/ubanews.com\/site\/#website\"},\"primaryImageOfPage\":{\"@id\":\"https:\/\/ubanews.com\/site\/2021\/12\/01\/psa-conquista-1o-lugar-em-premiacao-estadual-de-boas-praticas-ambientais\/#primaryimage\"},\"image\":{\"@id\":\"https:\/\/ubanews.com\/site\/2021\/12\/01\/psa-conquista-1o-lugar-em-premiacao-estadual-de-boas-praticas-ambientais\/#primaryimage\"},\"thumbnailUrl\":\"https:\/\/ubanews.com\/site\/wp-content\/uploads\/2021\/11\/900.jpg\",\"datePublished\":\"2021-12-01T20:28:06+00:00\",\"breadcrumb\":{\"@id\":\"https:\/\/ubanews.com\/site\/2021\/12\/01\/psa-conquista-1o-lugar-em-premiacao-estadual-de-boas-praticas-ambientais\/#breadcrumb\"},\"inLanguage\":\"pt-BR\",\"potentialAction\":[{\"@type\":\"ReadAction\",\"target\":[\"https:\/\/ubanews.com\/site\/2021\/12\/01\/psa-conquista-1o-lugar-em-premiacao-estadual-de-boas-praticas-ambientais\/\"]}]},{\"@type\":\"ImageObject\",\"inLanguage\":\"pt-BR\",\"@id\":\"https:\/\/ubanews.com\/site\/2021\/12\/01\/psa-conquista-1o-lugar-em-premiacao-estadual-de-boas-praticas-ambientais\/#primaryimage\",\"url\":\"https:\/\/ubanews.com\/site\/wp-content\/uploads\/2021\/11\/900.jpg\",\"contentUrl\":\"https:\/\/ubanews.com\/site\/wp-content\/uploads\/2021\/11\/900.jpg\",\"width\":1000,\"height\":450},{\"@type\":\"BreadcrumbList\",\"@id\":\"https:\/\/ubanews.com\/site\/2021\/12\/01\/psa-conquista-1o-lugar-em-premiacao-estadual-de-boas-praticas-ambientais\/#breadcrumb\",\"itemListElement\":[{\"@type\":\"ListItem\",\"position\":1,\"name\":\"Home\",\"item\":\"https:\/\/ubanews.com\/site\/\"},{\"@type\":\"ListItem\",\"position\":2,\"name\":\"PSA conquista 1\u00ba lugar em premia\u00e7\u00e3o estadual de boas pr\u00e1ticas ambientais\"}]},{\"@type\":\"WebSite\",\"@id\":\"https:\/\/ubanews.com\/site\/#website\",\"url\":\"https:\/\/ubanews.com\/site\/\",\"name\":\"Ub\u00e1 News\",\"description\":\"\",\"publisher\":{\"@id\":\"https:\/\/ubanews.com\/site\/#organization\"},\"potentialAction\":[{\"@type\":\"SearchAction\",\"target\":{\"@type\":\"EntryPoint\",\"urlTemplate\":\"https:\/\/ubanews.com\/site\/?s={search_term_string}\"},\"query-input\":{\"@type\":\"PropertyValueSpecification\",\"valueRequired\":true,\"valueName\":\"search_term_string\"}}],\"inLanguage\":\"pt-BR\"},{\"@type\":\"Organization\",\"@id\":\"https:\/\/ubanews.com\/site\/#organization\",\"name\":\"Ub\u00e1 News\",\"url\":\"https:\/\/ubanews.com\/site\/\",\"logo\":{\"@type\":\"ImageObject\",\"inLanguage\":\"pt-BR\",\"@id\":\"https:\/\/ubanews.com\/site\/#\/schema\/logo\/image\/\",\"url\":\"https:\/\/ubanews.com\/site\/wp-content\/uploads\/2018\/01\/logoubanews.png\",\"contentUrl\":\"https:\/\/ubanews.com\/site\/wp-content\/uploads\/2018\/01\/logoubanews.png\",\"width\":261,\"height\":99,\"caption\":\"Ub\u00e1 News\"},\"image\":{\"@id\":\"https:\/\/ubanews.com\/site\/#\/schema\/logo\/image\/\"},\"sameAs\":[\"https:\/\/www.facebook.com\/Ub\u00e1News-Carlos-Roberto-Sodr\u00e9-418778301977370\"]},{\"@type\":\"Person\",\"@id\":\"https:\/\/ubanews.com\/site\/#\/schema\/person\/d90c9e47252fbb63dcc969fe4c8b9d10\",\"name\":\"Sodr\u00e9\",\"image\":{\"@type\":\"ImageObject\",\"inLanguage\":\"pt-BR\",\"@id\":\"https:\/\/secure.gravatar.com\/avatar\/5ba2793f0590b9dbfad3fdec4ee714485b3eef211c9b32ee53d414060454a56c?s=96&d=mm&r=g\",\"url\":\"https:\/\/secure.gravatar.com\/avatar\/5ba2793f0590b9dbfad3fdec4ee714485b3eef211c9b32ee53d414060454a56c?s=96&d=mm&r=g\",\"contentUrl\":\"https:\/\/secure.gravatar.com\/avatar\/5ba2793f0590b9dbfad3fdec4ee714485b3eef211c9b32ee53d414060454a56c?s=96&d=mm&r=g\",\"caption\":\"Sodr\u00e9\"},\"sameAs\":[\"https:\/\/www.facebook.com\/carosroberto.sodre.5\/\"],\"url\":\"https:\/\/ubanews.com\/site\/author\/felipe\/\"}]}<\/script>\n<!-- \/ Yoast SEO plugin. -->","yoast_head_json":{"title":"PSA conquista 1\u00ba lugar em premia\u00e7\u00e3o estadual de boas pr\u00e1ticas ambientais - Ub\u00e1 News","robots":{"index":"index","follow":"follow","max-snippet":"max-snippet:-1","max-image-preview":"max-image-preview:large","max-video-preview":"max-video-preview:-1"},"canonical":"https:\/\/ubanews.com\/site\/2021\/12\/01\/psa-conquista-1o-lugar-em-premiacao-estadual-de-boas-praticas-ambientais\/","og_locale":"pt_BR","og_type":"article","og_title":"PSA conquista 1\u00ba lugar em premia\u00e7\u00e3o estadual de boas pr\u00e1ticas ambientais - Ub\u00e1 News","og_description":"V Pr\u00eamio de Boas Pr\u00e1ticas Ambientais &#8220;Saneamento Al\u00e9m do B\u00e1sico&#8221;","og_url":"https:\/\/ubanews.com\/site\/2021\/12\/01\/psa-conquista-1o-lugar-em-premiacao-estadual-de-boas-praticas-ambientais\/","og_site_name":"Ub\u00e1 News","article_publisher":"https:\/\/www.facebook.com\/Ub%c3%a1News-Carlos-Roberto-Sodr%c3%a9-418778301977370","article_author":"https:\/\/www.facebook.com\/carosroberto.sodre.5\/","article_published_time":"2021-12-01T20:28:06+00:00","og_image":[{"width":1000,"height":450,"url":"https:\/\/ubanews.com\/site\/wp-content\/uploads\/2021\/11\/900.jpg","type":"image\/jpeg"}],"author":"Sodr\u00e9","twitter_card":"summary_large_image","twitter_misc":{"Escrito por":"Sodr\u00e9","Est. tempo de leitura":"3 minutos"},"schema":{"@context":"https:\/\/schema.org","@graph":[{"@type":"Article","@id":"https:\/\/ubanews.com\/site\/2021\/12\/01\/psa-conquista-1o-lugar-em-premiacao-estadual-de-boas-praticas-ambientais\/#article","isPartOf":{"@id":"https:\/\/ubanews.com\/site\/2021\/12\/01\/psa-conquista-1o-lugar-em-premiacao-estadual-de-boas-praticas-ambientais\/"},"author":{"name":"Sodr\u00e9","@id":"https:\/\/ubanews.com\/site\/#\/schema\/person\/d90c9e47252fbb63dcc969fe4c8b9d10"},"headline":"PSA conquista 1\u00ba lugar em premia\u00e7\u00e3o estadual de boas pr\u00e1ticas ambientais","datePublished":"2021-12-01T20:28:06+00:00","mainEntityOfPage":{"@id":"https:\/\/ubanews.com\/site\/2021\/12\/01\/psa-conquista-1o-lugar-em-premiacao-estadual-de-boas-praticas-ambientais\/"},"wordCount":552,"commentCount":0,"publisher":{"@id":"https:\/\/ubanews.com\/site\/#organization"},"image":{"@id":"https:\/\/ubanews.com\/site\/2021\/12\/01\/psa-conquista-1o-lugar-em-premiacao-estadual-de-boas-praticas-ambientais\/#primaryimage"},"thumbnailUrl":"https:\/\/ubanews.com\/site\/wp-content\/uploads\/2021\/11\/900.jpg","articleSection":["Prefeitura Municipal"],"inLanguage":"pt-BR","potentialAction":[{"@type":"CommentAction","name":"Comment","target":["https:\/\/ubanews.com\/site\/2021\/12\/01\/psa-conquista-1o-lugar-em-premiacao-estadual-de-boas-praticas-ambientais\/#respond"]}]},{"@type":"WebPage","@id":"https:\/\/ubanews.com\/site\/2021\/12\/01\/psa-conquista-1o-lugar-em-premiacao-estadual-de-boas-praticas-ambientais\/","url":"https:\/\/ubanews.com\/site\/2021\/12\/01\/psa-conquista-1o-lugar-em-premiacao-estadual-de-boas-praticas-ambientais\/","name":"PSA conquista 1\u00ba lugar em premia\u00e7\u00e3o estadual de boas pr\u00e1ticas ambientais - Ub\u00e1 News","isPartOf":{"@id":"https:\/\/ubanews.com\/site\/#website"},"primaryImageOfPage":{"@id":"https:\/\/ubanews.com\/site\/2021\/12\/01\/psa-conquista-1o-lugar-em-premiacao-estadual-de-boas-praticas-ambientais\/#primaryimage"},"image":{"@id":"https:\/\/ubanews.com\/site\/2021\/12\/01\/psa-conquista-1o-lugar-em-premiacao-estadual-de-boas-praticas-ambientais\/#primaryimage"},"thumbnailUrl":"https:\/\/ubanews.com\/site\/wp-content\/uploads\/2021\/11\/900.jpg","datePublished":"2021-12-01T20:28:06+00:00","breadcrumb":{"@id":"https:\/\/ubanews.com\/site\/2021\/12\/01\/psa-conquista-1o-lugar-em-premiacao-estadual-de-boas-praticas-ambientais\/#breadcrumb"},"inLanguage":"pt-BR","potentialAction":[{"@type":"ReadAction","target":["https:\/\/ubanews.com\/site\/2021\/12\/01\/psa-conquista-1o-lugar-em-premiacao-estadual-de-boas-praticas-ambientais\/"]}]},{"@type":"ImageObject","inLanguage":"pt-BR","@id":"https:\/\/ubanews.com\/site\/2021\/12\/01\/psa-conquista-1o-lugar-em-premiacao-estadual-de-boas-praticas-ambientais\/#primaryimage","url":"https:\/\/ubanews.com\/site\/wp-content\/uploads\/2021\/11\/900.jpg","contentUrl":"https:\/\/ubanews.com\/site\/wp-content\/uploads\/2021\/11\/900.jpg","width":1000,"height":450},{"@type":"BreadcrumbList","@id":"https:\/\/ubanews.com\/site\/2021\/12\/01\/psa-conquista-1o-lugar-em-premiacao-estadual-de-boas-praticas-ambientais\/#breadcrumb","itemListElement":[{"@type":"ListItem","position":1,"name":"Home","item":"https:\/\/ubanews.com\/site\/"},{"@type":"ListItem","position":2,"name":"PSA conquista 1\u00ba lugar em premia\u00e7\u00e3o estadual de boas pr\u00e1ticas ambientais"}]},{"@type":"WebSite","@id":"https:\/\/ubanews.com\/site\/#website","url":"https:\/\/ubanews.com\/site\/","name":"Ub\u00e1 News","description":"","publisher":{"@id":"https:\/\/ubanews.com\/site\/#organization"},"potentialAction":[{"@type":"SearchAction","target":{"@type":"EntryPoint","urlTemplate":"https:\/\/ubanews.com\/site\/?s={search_term_string}"},"query-input":{"@type":"PropertyValueSpecification","valueRequired":true,"valueName":"search_term_string"}}],"inLanguage":"pt-BR"},{"@type":"Organization","@id":"https:\/\/ubanews.com\/site\/#organization","name":"Ub\u00e1 News","url":"https:\/\/ubanews.com\/site\/","logo":{"@type":"ImageObject","inLanguage":"pt-BR","@id":"https:\/\/ubanews.com\/site\/#\/schema\/logo\/image\/","url":"https:\/\/ubanews.com\/site\/wp-content\/uploads\/2018\/01\/logoubanews.png","contentUrl":"https:\/\/ubanews.com\/site\/wp-content\/uploads\/2018\/01\/logoubanews.png","width":261,"height":99,"caption":"Ub\u00e1 News"},"image":{"@id":"https:\/\/ubanews.com\/site\/#\/schema\/logo\/image\/"},"sameAs":["https:\/\/www.facebook.com\/Ub\u00e1News-Carlos-Roberto-Sodr\u00e9-418778301977370"]},{"@type":"Person","@id":"https:\/\/ubanews.com\/site\/#\/schema\/person\/d90c9e47252fbb63dcc969fe4c8b9d10","name":"Sodr\u00e9","image":{"@type":"ImageObject","inLanguage":"pt-BR","@id":"https:\/\/secure.gravatar.com\/avatar\/5ba2793f0590b9dbfad3fdec4ee714485b3eef211c9b32ee53d414060454a56c?s=96&d=mm&r=g","url":"https:\/\/secure.gravatar.com\/avatar\/5ba2793f0590b9dbfad3fdec4ee714485b3eef211c9b32ee53d414060454a56c?s=96&d=mm&r=g","contentUrl":"https:\/\/secure.gravatar.com\/avatar\/5ba2793f0590b9dbfad3fdec4ee714485b3eef211c9b32ee53d414060454a56c?s=96&d=mm&r=g","caption":"Sodr\u00e9"},"sameAs":["https:\/\/www.facebook.com\/carosroberto.sodre.5\/"],"url":"https:\/\/ubanews.com\/site\/author\/felipe\/"}]}},"_links":{"self":[{"href":"https:\/\/ubanews.com\/site\/wp-json\/wp\/v2\/posts\/20983","targetHints":{"allow":["GET"]}}],"collection":[{"href":"https:\/\/ubanews.com\/site\/wp-json\/wp\/v2\/posts"}],"about":[{"href":"https:\/\/ubanews.com\/site\/wp-json\/wp\/v2\/types\/post"}],"author":[{"embeddable":true,"href":"https:\/\/ubanews.com\/site\/wp-json\/wp\/v2\/users\/2"}],"replies":[{"embeddable":true,"href":"https:\/\/ubanews.com\/site\/wp-json\/wp\/v2\/comments?post=20983"}],"version-history":[{"count":0,"href":"https:\/\/ubanews.com\/site\/wp-json\/wp\/v2\/posts\/20983\/revisions"}],"wp:featuredmedia":[{"embeddable":true,"href":"https:\/\/ubanews.com\/site\/wp-json\/wp\/v2\/media\/20981"}],"wp:attachment":[{"href":"https:\/\/ubanews.com\/site\/wp-json\/wp\/v2\/media?parent=20983"}],"wp:term":[{"taxonomy":"category","embeddable":true,"href":"https:\/\/ubanews.com\/site\/wp-json\/wp\/v2\/categories?post=20983"},{"taxonomy":"post_tag","embeddable":true,"href":"https:\/\/ubanews.com\/site\/wp-json\/wp\/v2\/tags?post=20983"}],"curies":[{"name":"wp","href":"https:\/\/api.w.org\/{rel}","templated":true}]}}