{"id":20928,"date":"2021-11-16T17:21:41","date_gmt":"2021-11-16T20:21:41","guid":{"rendered":"http:\/\/ubanews.com\/site\/?p=20928"},"modified":"2021-11-17T17:24:34","modified_gmt":"2021-11-17T20:24:34","slug":"uba-promove-caminhada-de-conscientizacao-sobre-o-novembro-azul","status":"publish","type":"post","link":"https:\/\/ubanews.com\/site\/2021\/11\/16\/uba-promove-caminhada-de-conscientizacao-sobre-o-novembro-azul\/","title":{"rendered":"Ub\u00e1 promove caminhada de conscientiza\u00e7\u00e3o sobre o Novembro Azul"},"content":{"rendered":"<p style=\"font-weight: 400;\">A Prefeitura de Ub\u00e1, por meio da Secretaria de Sa\u00fade e da Divis\u00e3o de Esportes e Juventude da Secretaria de Cultura, Turismo e Lazer, promove no pr\u00f3ximo s\u00e1bado, dia 20 de novembro, a&nbsp;<strong><em>Caminhada Novembro Azul<\/em><\/strong>.<\/p>\n<p style=\"font-weight: 400;\">O evento, que comp\u00f5e a programa\u00e7\u00e3o da&nbsp;<strong><em>1\u00aa Night Run Ub\u00e1 2021<\/em><\/strong>&nbsp;e visa a conscientiza\u00e7\u00e3o sobre o c\u00e2ncer de pr\u00f3stata atrav\u00e9s da promo\u00e7\u00e3o de atividades f\u00edsicas e orienta\u00e7\u00f5es de sa\u00fade, conta com a parceria do Centro Universit\u00e1rio Governador Ozanam Coelho (UNIFAGOC) e da Liga Oper\u00e1ria de Ub\u00e1.<\/p>\n<p style=\"font-weight: 400;\">A concentra\u00e7\u00e3o da caminhada, que \u00e9 aberta a todos os p\u00fablicos, ser\u00e1 no Cal\u00e7ad\u00e3o Deputado Ibrahim Jacob (em frente ao banco Santander), no Centro, \u00e0s 9h. A atividade ser\u00e1 iniciada com alongamento. Em seguida, os participantes far\u00e3o um percurso de cerca de 700 metros, seguindo pela Av. Beira-Rio, at\u00e9 a ponte da Rua S\u00e3o Jos\u00e9, e retornando pelo Cal\u00e7ad\u00e3o. Ap\u00f3s a caminhada, ser\u00e1 realizada uma aula coletiva de Zumba.<\/p>\n<div id=\"metaslider-id-17652\" style=\"max-width: 1000px;\" class=\"ml-slider-3-106-0 metaslider metaslider-nivo metaslider-17652 ml-slider ms-theme-outline\" role=\"region\" aria-label=\"Texto\" data-height=\"200\" data-width=\"1000\">\n    <div id=\"metaslider_container_17652\">\n        <div class='slider-wrapper theme-default'><div class='ribbon'><\/div><div id='metaslider_17652' class='nivoSlider'><\/div><\/div>\n        \n    <\/div>\n<\/div>\n<p style=\"font-weight: 400;\">Estandes ser\u00e3o montados no local para oferecer diversos servi\u00e7os de sa\u00fade \u00e0 popula\u00e7\u00e3o, dentre eles: aferi\u00e7\u00e3o de sinais vitais, teste de glicemia, vacina\u00e7\u00e3o contra a Covid-19 e orienta\u00e7\u00f5es e encaminhamento de pacientes para a realiza\u00e7\u00e3o de testes de PSA para rastreamento de c\u00e2ncer de pr\u00f3stata.<\/p>\n<p style=\"font-weight: 400;\">Durante a&nbsp;<strong><em>Caminhada Novembro Azul<\/em><\/strong>, no hor\u00e1rio de 9h \u00e0s 13, tamb\u00e9m ser\u00e1 realizada a entrega dos kits de corrida para os inscritos na&nbsp;<strong><em>1\u00aa Night Run Ub\u00e1 2021<\/em><\/strong>.<strong><em>&nbsp;<\/em><\/strong>Para a retirada do kit, o atleta dever\u00e1 apresentar o documento de confirma\u00e7\u00e3o de inscri\u00e7\u00e3o (recibo de pagamento da taxa de inscri\u00e7\u00e3o) e um documento de identidade com foto (RG ou CNH).<\/p>\n<p><b>Assessoria de Comunica\u00e7\u00e3o Prefeitura de Ub\u00e1<\/b><\/p>\n<div style=\"width: 840px;\" class=\"wp-video\"><video class=\"wp-video-shortcode\" id=\"video-20928-1\" width=\"840\" height=\"473\" autoplay preload=\"auto\" controls=\"controls\"><source type=\"video\/mp4\" src=\"https:\/\/ubanews.com\/site\/wp-content\/uploads\/2020\/12\/01020002.00_00_53_25.mp4?_=1\" \/><a href=\"https:\/\/ubanews.com\/site\/wp-content\/uploads\/2020\/12\/01020002.00_00_53_25.mp4\">https:\/\/ubanews.com\/site\/wp-content\/uploads\/2020\/12\/01020002.00_00_53_25.mp4<\/a><\/video><\/div>\n","protected":false},"excerpt":{"rendered":"<p>A Prefeitura de Ub\u00e1, por meio da Secretaria de Sa\u00fade<\/p>\n","protected":false},"author":2,"featured_media":20929,"comment_status":"open","ping_status":"open","sticky":false,"template":"","format":"standard","meta":{"footnotes":""},"categories":[15],"tags":[],"class_list":["post-20928","post","type-post","status-publish","format-standard","has-post-thumbnail","hentry","category-prefeitura-municipal"],"yoast_head":"<!-- This site is optimized with the Yoast SEO plugin v27.2 - https:\/\/yoast.com\/product\/yoast-seo-wordpress\/ -->\n<title>Ub\u00e1 promove caminhada de conscientiza\u00e7\u00e3o sobre o Novembro Azul - Ub\u00e1 News<\/title>\n<meta name=\"robots\" content=\"index, follow, max-snippet:-1, max-image-preview:large, max-video-preview:-1\" \/>\n<link rel=\"canonical\" href=\"https:\/\/ubanews.com\/site\/2021\/11\/16\/uba-promove-caminhada-de-conscientizacao-sobre-o-novembro-azul\/\" \/>\n<meta property=\"og:locale\" content=\"pt_BR\" \/>\n<meta property=\"og:type\" content=\"article\" \/>\n<meta property=\"og:title\" content=\"Ub\u00e1 promove caminhada de conscientiza\u00e7\u00e3o sobre o Novembro Azul - Ub\u00e1 News\" \/>\n<meta property=\"og:description\" content=\"A Prefeitura de Ub\u00e1, por meio da Secretaria de Sa\u00fade\" \/>\n<meta property=\"og:url\" content=\"https:\/\/ubanews.com\/site\/2021\/11\/16\/uba-promove-caminhada-de-conscientizacao-sobre-o-novembro-azul\/\" \/>\n<meta property=\"og:site_name\" content=\"Ub\u00e1 News\" \/>\n<meta property=\"article:publisher\" content=\"https:\/\/www.facebook.com\/Ub%c3%a1News-Carlos-Roberto-Sodr%c3%a9-418778301977370\" \/>\n<meta property=\"article:author\" content=\"https:\/\/www.facebook.com\/carosroberto.sodre.5\/\" \/>\n<meta property=\"article:published_time\" content=\"2021-11-16T20:21:41+00:00\" \/>\n<meta property=\"article:modified_time\" content=\"2021-11-17T20:24:34+00:00\" \/>\n<meta property=\"og:image\" content=\"https:\/\/ubanews.com\/site\/wp-content\/uploads\/2021\/11\/884.jpg\" \/>\n\t<meta property=\"og:image:width\" content=\"1000\" \/>\n\t<meta property=\"og:image:height\" content=\"450\" \/>\n\t<meta property=\"og:image:type\" content=\"image\/jpeg\" \/>\n<meta name=\"author\" content=\"Sodr\u00e9\" \/>\n<meta name=\"twitter:card\" content=\"summary_large_image\" \/>\n<meta name=\"twitter:label1\" content=\"Escrito por\" \/>\n\t<meta name=\"twitter:data1\" content=\"Sodr\u00e9\" \/>\n\t<meta name=\"twitter:label2\" content=\"Est. tempo de leitura\" \/>\n\t<meta name=\"twitter:data2\" content=\"2 minutos\" \/>\n<script type=\"application\/ld+json\" class=\"yoast-schema-graph\">{\"@context\":\"https:\/\/schema.org\",\"@graph\":[{\"@type\":\"Article\",\"@id\":\"https:\/\/ubanews.com\/site\/2021\/11\/16\/uba-promove-caminhada-de-conscientizacao-sobre-o-novembro-azul\/#article\",\"isPartOf\":{\"@id\":\"https:\/\/ubanews.com\/site\/2021\/11\/16\/uba-promove-caminhada-de-conscientizacao-sobre-o-novembro-azul\/\"},\"author\":{\"name\":\"Sodr\u00e9\",\"@id\":\"https:\/\/ubanews.com\/site\/#\/schema\/person\/d90c9e47252fbb63dcc969fe4c8b9d10\"},\"headline\":\"Ub\u00e1 promove caminhada de conscientiza\u00e7\u00e3o sobre o Novembro Azul\",\"datePublished\":\"2021-11-16T20:21:41+00:00\",\"dateModified\":\"2021-11-17T20:24:34+00:00\",\"mainEntityOfPage\":{\"@id\":\"https:\/\/ubanews.com\/site\/2021\/11\/16\/uba-promove-caminhada-de-conscientizacao-sobre-o-novembro-azul\/\"},\"wordCount\":331,\"commentCount\":0,\"publisher\":{\"@id\":\"https:\/\/ubanews.com\/site\/#organization\"},\"image\":{\"@id\":\"https:\/\/ubanews.com\/site\/2021\/11\/16\/uba-promove-caminhada-de-conscientizacao-sobre-o-novembro-azul\/#primaryimage\"},\"thumbnailUrl\":\"https:\/\/ubanews.com\/site\/wp-content\/uploads\/2021\/11\/884.jpg\",\"articleSection\":[\"Prefeitura Municipal\"],\"inLanguage\":\"pt-BR\",\"potentialAction\":[{\"@type\":\"CommentAction\",\"name\":\"Comment\",\"target\":[\"https:\/\/ubanews.com\/site\/2021\/11\/16\/uba-promove-caminhada-de-conscientizacao-sobre-o-novembro-azul\/#respond\"]}]},{\"@type\":\"WebPage\",\"@id\":\"https:\/\/ubanews.com\/site\/2021\/11\/16\/uba-promove-caminhada-de-conscientizacao-sobre-o-novembro-azul\/\",\"url\":\"https:\/\/ubanews.com\/site\/2021\/11\/16\/uba-promove-caminhada-de-conscientizacao-sobre-o-novembro-azul\/\",\"name\":\"Ub\u00e1 promove caminhada de conscientiza\u00e7\u00e3o sobre o Novembro Azul - Ub\u00e1 News\",\"isPartOf\":{\"@id\":\"https:\/\/ubanews.com\/site\/#website\"},\"primaryImageOfPage\":{\"@id\":\"https:\/\/ubanews.com\/site\/2021\/11\/16\/uba-promove-caminhada-de-conscientizacao-sobre-o-novembro-azul\/#primaryimage\"},\"image\":{\"@id\":\"https:\/\/ubanews.com\/site\/2021\/11\/16\/uba-promove-caminhada-de-conscientizacao-sobre-o-novembro-azul\/#primaryimage\"},\"thumbnailUrl\":\"https:\/\/ubanews.com\/site\/wp-content\/uploads\/2021\/11\/884.jpg\",\"datePublished\":\"2021-11-16T20:21:41+00:00\",\"dateModified\":\"2021-11-17T20:24:34+00:00\",\"breadcrumb\":{\"@id\":\"https:\/\/ubanews.com\/site\/2021\/11\/16\/uba-promove-caminhada-de-conscientizacao-sobre-o-novembro-azul\/#breadcrumb\"},\"inLanguage\":\"pt-BR\",\"potentialAction\":[{\"@type\":\"ReadAction\",\"target\":[\"https:\/\/ubanews.com\/site\/2021\/11\/16\/uba-promove-caminhada-de-conscientizacao-sobre-o-novembro-azul\/\"]}]},{\"@type\":\"ImageObject\",\"inLanguage\":\"pt-BR\",\"@id\":\"https:\/\/ubanews.com\/site\/2021\/11\/16\/uba-promove-caminhada-de-conscientizacao-sobre-o-novembro-azul\/#primaryimage\",\"url\":\"https:\/\/ubanews.com\/site\/wp-content\/uploads\/2021\/11\/884.jpg\",\"contentUrl\":\"https:\/\/ubanews.com\/site\/wp-content\/uploads\/2021\/11\/884.jpg\",\"width\":1000,\"height\":450},{\"@type\":\"BreadcrumbList\",\"@id\":\"https:\/\/ubanews.com\/site\/2021\/11\/16\/uba-promove-caminhada-de-conscientizacao-sobre-o-novembro-azul\/#breadcrumb\",\"itemListElement\":[{\"@type\":\"ListItem\",\"position\":1,\"name\":\"Home\",\"item\":\"https:\/\/ubanews.com\/site\/\"},{\"@type\":\"ListItem\",\"position\":2,\"name\":\"Ub\u00e1 promove caminhada de conscientiza\u00e7\u00e3o sobre o Novembro Azul\"}]},{\"@type\":\"WebSite\",\"@id\":\"https:\/\/ubanews.com\/site\/#website\",\"url\":\"https:\/\/ubanews.com\/site\/\",\"name\":\"Ub\u00e1 News\",\"description\":\"\",\"publisher\":{\"@id\":\"https:\/\/ubanews.com\/site\/#organization\"},\"potentialAction\":[{\"@type\":\"SearchAction\",\"target\":{\"@type\":\"EntryPoint\",\"urlTemplate\":\"https:\/\/ubanews.com\/site\/?s={search_term_string}\"},\"query-input\":{\"@type\":\"PropertyValueSpecification\",\"valueRequired\":true,\"valueName\":\"search_term_string\"}}],\"inLanguage\":\"pt-BR\"},{\"@type\":\"Organization\",\"@id\":\"https:\/\/ubanews.com\/site\/#organization\",\"name\":\"Ub\u00e1 News\",\"url\":\"https:\/\/ubanews.com\/site\/\",\"logo\":{\"@type\":\"ImageObject\",\"inLanguage\":\"pt-BR\",\"@id\":\"https:\/\/ubanews.com\/site\/#\/schema\/logo\/image\/\",\"url\":\"https:\/\/ubanews.com\/site\/wp-content\/uploads\/2018\/01\/logoubanews.png\",\"contentUrl\":\"https:\/\/ubanews.com\/site\/wp-content\/uploads\/2018\/01\/logoubanews.png\",\"width\":261,\"height\":99,\"caption\":\"Ub\u00e1 News\"},\"image\":{\"@id\":\"https:\/\/ubanews.com\/site\/#\/schema\/logo\/image\/\"},\"sameAs\":[\"https:\/\/www.facebook.com\/Ub\u00e1News-Carlos-Roberto-Sodr\u00e9-418778301977370\"]},{\"@type\":\"Person\",\"@id\":\"https:\/\/ubanews.com\/site\/#\/schema\/person\/d90c9e47252fbb63dcc969fe4c8b9d10\",\"name\":\"Sodr\u00e9\",\"image\":{\"@type\":\"ImageObject\",\"inLanguage\":\"pt-BR\",\"@id\":\"https:\/\/secure.gravatar.com\/avatar\/5ba2793f0590b9dbfad3fdec4ee714485b3eef211c9b32ee53d414060454a56c?s=96&d=mm&r=g\",\"url\":\"https:\/\/secure.gravatar.com\/avatar\/5ba2793f0590b9dbfad3fdec4ee714485b3eef211c9b32ee53d414060454a56c?s=96&d=mm&r=g\",\"contentUrl\":\"https:\/\/secure.gravatar.com\/avatar\/5ba2793f0590b9dbfad3fdec4ee714485b3eef211c9b32ee53d414060454a56c?s=96&d=mm&r=g\",\"caption\":\"Sodr\u00e9\"},\"sameAs\":[\"https:\/\/www.facebook.com\/carosroberto.sodre.5\/\"],\"url\":\"https:\/\/ubanews.com\/site\/author\/felipe\/\"}]}<\/script>\n<!-- \/ Yoast SEO plugin. -->","yoast_head_json":{"title":"Ub\u00e1 promove caminhada de conscientiza\u00e7\u00e3o sobre o Novembro Azul - Ub\u00e1 News","robots":{"index":"index","follow":"follow","max-snippet":"max-snippet:-1","max-image-preview":"max-image-preview:large","max-video-preview":"max-video-preview:-1"},"canonical":"https:\/\/ubanews.com\/site\/2021\/11\/16\/uba-promove-caminhada-de-conscientizacao-sobre-o-novembro-azul\/","og_locale":"pt_BR","og_type":"article","og_title":"Ub\u00e1 promove caminhada de conscientiza\u00e7\u00e3o sobre o Novembro Azul - Ub\u00e1 News","og_description":"A Prefeitura de Ub\u00e1, por meio da Secretaria de Sa\u00fade","og_url":"https:\/\/ubanews.com\/site\/2021\/11\/16\/uba-promove-caminhada-de-conscientizacao-sobre-o-novembro-azul\/","og_site_name":"Ub\u00e1 News","article_publisher":"https:\/\/www.facebook.com\/Ub%c3%a1News-Carlos-Roberto-Sodr%c3%a9-418778301977370","article_author":"https:\/\/www.facebook.com\/carosroberto.sodre.5\/","article_published_time":"2021-11-16T20:21:41+00:00","article_modified_time":"2021-11-17T20:24:34+00:00","og_image":[{"width":1000,"height":450,"url":"https:\/\/ubanews.com\/site\/wp-content\/uploads\/2021\/11\/884.jpg","type":"image\/jpeg"}],"author":"Sodr\u00e9","twitter_card":"summary_large_image","twitter_misc":{"Escrito por":"Sodr\u00e9","Est. tempo de leitura":"2 minutos"},"schema":{"@context":"https:\/\/schema.org","@graph":[{"@type":"Article","@id":"https:\/\/ubanews.com\/site\/2021\/11\/16\/uba-promove-caminhada-de-conscientizacao-sobre-o-novembro-azul\/#article","isPartOf":{"@id":"https:\/\/ubanews.com\/site\/2021\/11\/16\/uba-promove-caminhada-de-conscientizacao-sobre-o-novembro-azul\/"},"author":{"name":"Sodr\u00e9","@id":"https:\/\/ubanews.com\/site\/#\/schema\/person\/d90c9e47252fbb63dcc969fe4c8b9d10"},"headline":"Ub\u00e1 promove caminhada de conscientiza\u00e7\u00e3o sobre o Novembro Azul","datePublished":"2021-11-16T20:21:41+00:00","dateModified":"2021-11-17T20:24:34+00:00","mainEntityOfPage":{"@id":"https:\/\/ubanews.com\/site\/2021\/11\/16\/uba-promove-caminhada-de-conscientizacao-sobre-o-novembro-azul\/"},"wordCount":331,"commentCount":0,"publisher":{"@id":"https:\/\/ubanews.com\/site\/#organization"},"image":{"@id":"https:\/\/ubanews.com\/site\/2021\/11\/16\/uba-promove-caminhada-de-conscientizacao-sobre-o-novembro-azul\/#primaryimage"},"thumbnailUrl":"https:\/\/ubanews.com\/site\/wp-content\/uploads\/2021\/11\/884.jpg","articleSection":["Prefeitura Municipal"],"inLanguage":"pt-BR","potentialAction":[{"@type":"CommentAction","name":"Comment","target":["https:\/\/ubanews.com\/site\/2021\/11\/16\/uba-promove-caminhada-de-conscientizacao-sobre-o-novembro-azul\/#respond"]}]},{"@type":"WebPage","@id":"https:\/\/ubanews.com\/site\/2021\/11\/16\/uba-promove-caminhada-de-conscientizacao-sobre-o-novembro-azul\/","url":"https:\/\/ubanews.com\/site\/2021\/11\/16\/uba-promove-caminhada-de-conscientizacao-sobre-o-novembro-azul\/","name":"Ub\u00e1 promove caminhada de conscientiza\u00e7\u00e3o sobre o Novembro Azul - Ub\u00e1 News","isPartOf":{"@id":"https:\/\/ubanews.com\/site\/#website"},"primaryImageOfPage":{"@id":"https:\/\/ubanews.com\/site\/2021\/11\/16\/uba-promove-caminhada-de-conscientizacao-sobre-o-novembro-azul\/#primaryimage"},"image":{"@id":"https:\/\/ubanews.com\/site\/2021\/11\/16\/uba-promove-caminhada-de-conscientizacao-sobre-o-novembro-azul\/#primaryimage"},"thumbnailUrl":"https:\/\/ubanews.com\/site\/wp-content\/uploads\/2021\/11\/884.jpg","datePublished":"2021-11-16T20:21:41+00:00","dateModified":"2021-11-17T20:24:34+00:00","breadcrumb":{"@id":"https:\/\/ubanews.com\/site\/2021\/11\/16\/uba-promove-caminhada-de-conscientizacao-sobre-o-novembro-azul\/#breadcrumb"},"inLanguage":"pt-BR","potentialAction":[{"@type":"ReadAction","target":["https:\/\/ubanews.com\/site\/2021\/11\/16\/uba-promove-caminhada-de-conscientizacao-sobre-o-novembro-azul\/"]}]},{"@type":"ImageObject","inLanguage":"pt-BR","@id":"https:\/\/ubanews.com\/site\/2021\/11\/16\/uba-promove-caminhada-de-conscientizacao-sobre-o-novembro-azul\/#primaryimage","url":"https:\/\/ubanews.com\/site\/wp-content\/uploads\/2021\/11\/884.jpg","contentUrl":"https:\/\/ubanews.com\/site\/wp-content\/uploads\/2021\/11\/884.jpg","width":1000,"height":450},{"@type":"BreadcrumbList","@id":"https:\/\/ubanews.com\/site\/2021\/11\/16\/uba-promove-caminhada-de-conscientizacao-sobre-o-novembro-azul\/#breadcrumb","itemListElement":[{"@type":"ListItem","position":1,"name":"Home","item":"https:\/\/ubanews.com\/site\/"},{"@type":"ListItem","position":2,"name":"Ub\u00e1 promove caminhada de conscientiza\u00e7\u00e3o sobre o Novembro Azul"}]},{"@type":"WebSite","@id":"https:\/\/ubanews.com\/site\/#website","url":"https:\/\/ubanews.com\/site\/","name":"Ub\u00e1 News","description":"","publisher":{"@id":"https:\/\/ubanews.com\/site\/#organization"},"potentialAction":[{"@type":"SearchAction","target":{"@type":"EntryPoint","urlTemplate":"https:\/\/ubanews.com\/site\/?s={search_term_string}"},"query-input":{"@type":"PropertyValueSpecification","valueRequired":true,"valueName":"search_term_string"}}],"inLanguage":"pt-BR"},{"@type":"Organization","@id":"https:\/\/ubanews.com\/site\/#organization","name":"Ub\u00e1 News","url":"https:\/\/ubanews.com\/site\/","logo":{"@type":"ImageObject","inLanguage":"pt-BR","@id":"https:\/\/ubanews.com\/site\/#\/schema\/logo\/image\/","url":"https:\/\/ubanews.com\/site\/wp-content\/uploads\/2018\/01\/logoubanews.png","contentUrl":"https:\/\/ubanews.com\/site\/wp-content\/uploads\/2018\/01\/logoubanews.png","width":261,"height":99,"caption":"Ub\u00e1 News"},"image":{"@id":"https:\/\/ubanews.com\/site\/#\/schema\/logo\/image\/"},"sameAs":["https:\/\/www.facebook.com\/Ub\u00e1News-Carlos-Roberto-Sodr\u00e9-418778301977370"]},{"@type":"Person","@id":"https:\/\/ubanews.com\/site\/#\/schema\/person\/d90c9e47252fbb63dcc969fe4c8b9d10","name":"Sodr\u00e9","image":{"@type":"ImageObject","inLanguage":"pt-BR","@id":"https:\/\/secure.gravatar.com\/avatar\/5ba2793f0590b9dbfad3fdec4ee714485b3eef211c9b32ee53d414060454a56c?s=96&d=mm&r=g","url":"https:\/\/secure.gravatar.com\/avatar\/5ba2793f0590b9dbfad3fdec4ee714485b3eef211c9b32ee53d414060454a56c?s=96&d=mm&r=g","contentUrl":"https:\/\/secure.gravatar.com\/avatar\/5ba2793f0590b9dbfad3fdec4ee714485b3eef211c9b32ee53d414060454a56c?s=96&d=mm&r=g","caption":"Sodr\u00e9"},"sameAs":["https:\/\/www.facebook.com\/carosroberto.sodre.5\/"],"url":"https:\/\/ubanews.com\/site\/author\/felipe\/"}]}},"_links":{"self":[{"href":"https:\/\/ubanews.com\/site\/wp-json\/wp\/v2\/posts\/20928","targetHints":{"allow":["GET"]}}],"collection":[{"href":"https:\/\/ubanews.com\/site\/wp-json\/wp\/v2\/posts"}],"about":[{"href":"https:\/\/ubanews.com\/site\/wp-json\/wp\/v2\/types\/post"}],"author":[{"embeddable":true,"href":"https:\/\/ubanews.com\/site\/wp-json\/wp\/v2\/users\/2"}],"replies":[{"embeddable":true,"href":"https:\/\/ubanews.com\/site\/wp-json\/wp\/v2\/comments?post=20928"}],"version-history":[{"count":0,"href":"https:\/\/ubanews.com\/site\/wp-json\/wp\/v2\/posts\/20928\/revisions"}],"wp:featuredmedia":[{"embeddable":true,"href":"https:\/\/ubanews.com\/site\/wp-json\/wp\/v2\/media\/20929"}],"wp:attachment":[{"href":"https:\/\/ubanews.com\/site\/wp-json\/wp\/v2\/media?parent=20928"}],"wp:term":[{"taxonomy":"category","embeddable":true,"href":"https:\/\/ubanews.com\/site\/wp-json\/wp\/v2\/categories?post=20928"},{"taxonomy":"post_tag","embeddable":true,"href":"https:\/\/ubanews.com\/site\/wp-json\/wp\/v2\/tags?post=20928"}],"curies":[{"name":"wp","href":"https:\/\/api.w.org\/{rel}","templated":true}]}}