{"id":20892,"date":"2021-11-03T16:52:22","date_gmt":"2021-11-03T19:52:22","guid":{"rendered":"http:\/\/ubanews.com\/site\/?p=20892"},"modified":"2021-11-03T16:52:22","modified_gmt":"2021-11-03T19:52:22","slug":"operacao-conjunta-resulta-na-prisao-de-suspeitos-em-minas-e-no-rio","status":"publish","type":"post","link":"https:\/\/ubanews.com\/site\/2021\/11\/03\/operacao-conjunta-resulta-na-prisao-de-suspeitos-em-minas-e-no-rio\/","title":{"rendered":"Opera\u00e7\u00e3o conjunta resulta na pris\u00e3o de suspeitos em Minas e no Rio"},"content":{"rendered":"<p>Uma opera\u00e7\u00e3o conjunta entre a Pol\u00edcia Civil de Minas Gerais (PCMG) e a Pol\u00edcia Civil do estado do Rio de Janeiro (PCERJ) resultou na pris\u00e3o, no \u00faltimo domingo (31\/10), de dois homens, de 20 e 31 anos, na Zona da Mata mineira, e de uma mulher, de 24 anos, no Rio, suspeitos de integrarem grupo criminoso ligado ao tr\u00e1fico de entorpecentes que atuava no munic\u00edpio de Muria\u00e9. Durante a a\u00e7\u00e3o, que aconteceu simultaneamente nos dois estados, tamb\u00e9m foi apreendido um ve\u00edculo de luxo, avaliado em mais de R$150 mil.<\/p>\n<p>Eles s\u00e3o suspeitos de envolvimento em um homic\u00eddio consumado, ocorrido no dia 7 de julho, no Bairro Encoberta, em Muria\u00e9. Na ocasi\u00e3o, apura\u00e7\u00f5es indicaram que &#8211; motivados pela disputa e controle de territ\u00f3rios na cidade a fim de comercializar drogas- homens armados, comandados pelo investigado mais velho preso na opera\u00e7\u00e3o do fim de semana, abordaram a v\u00edtima em via p\u00fablica e desferiram mais de 15 disparos de arma de fogo.<\/p>\n<div id=\"metaslider-id-17652\" style=\"max-width: 1000px;\" class=\"ml-slider-3-106-0 metaslider metaslider-nivo metaslider-17652 ml-slider ms-theme-outline\" role=\"region\" aria-label=\"Texto\" data-height=\"200\" data-width=\"1000\">\n    <div id=\"metaslider_container_17652\">\n        <div class='slider-wrapper theme-default'><div class='ribbon'><\/div><div id='metaslider_17652' class='nivoSlider'><\/div><\/div>\n        \n    <\/div>\n<\/div>\n<p>Ap\u00f3s troca de informa\u00e7\u00f5es e levantamentos realizados pelas Pol\u00edcias, agentes da Delegacia de Homic\u00eddios e Prote\u00e7\u00e3o \u00e0 Pessoa e da Ag\u00eancia de Intelig\u00eancia da 4\u00aa Delegacia Regional de Pol\u00edcia Civil em Muria\u00e9, com o apoio de policiais lotados na 128\u00aa Delegacia de Pol\u00edcia em Rio das Ostras, sa\u00edram \u00e0s ruas para cumprimento de mandados de pris\u00e3o. Na opera\u00e7\u00e3o, o suspeito de 31 anos foi capturado em uma resid\u00eancia no bairro Porto Belo, em Muria\u00e9. Ele possui uma extensa ficha policial e j\u00e1 responde na Justi\u00e7a por outros homic\u00eddios, tr\u00e1fico de drogas e lavagem de dinheiro.<\/p>\n<p>J\u00e1 em outro im\u00f3vel, na cidade de Rio das Ostras, onde ele costumava se esconder, foi presa a namorada dele, de 24 anos, suspeita de ser comparsa na pr\u00e1tica criminosa. O autom\u00f3vel tamb\u00e9m foi apreendido no local. Al\u00e9m disso, ocorreu a pris\u00e3o, em Muria\u00e9, no Bairro Marambaia, de um investigado de 20 anos.<\/p>\n<p>Eles foram conduzidos ao sistema prisional, permanecendo \u00e0 disposi\u00e7\u00e3o da Justi\u00e7a.<\/p>\n<p><strong>Assessoria de Comunica\u00e7\u00e3o Pol\u00edcia Civil de Minas Gerais<\/strong><\/p>\n<div style=\"width: 840px;\" class=\"wp-video\"><video class=\"wp-video-shortcode\" id=\"video-20892-1\" width=\"840\" height=\"473\" autoplay preload=\"auto\" controls=\"controls\"><source type=\"video\/mp4\" src=\"https:\/\/ubanews.com\/site\/wp-content\/uploads\/2020\/12\/01020002.00_00_53_25.mp4?_=1\" \/><a href=\"https:\/\/ubanews.com\/site\/wp-content\/uploads\/2020\/12\/01020002.00_00_53_25.mp4\">https:\/\/ubanews.com\/site\/wp-content\/uploads\/2020\/12\/01020002.00_00_53_25.mp4<\/a><\/video><\/div>\n","protected":false},"excerpt":{"rendered":"<p>Uma opera\u00e7\u00e3o conjunta entre a Pol\u00edcia Civil de Minas Gerais<\/p>\n","protected":false},"author":2,"featured_media":20893,"comment_status":"open","ping_status":"open","sticky":false,"template":"","format":"standard","meta":{"footnotes":""},"categories":[1],"tags":[],"class_list":["post-20892","post","type-post","status-publish","format-standard","has-post-thumbnail","hentry","category-sem-categoria"],"yoast_head":"<!-- This site is optimized with the Yoast SEO plugin v27.2 - https:\/\/yoast.com\/product\/yoast-seo-wordpress\/ -->\n<title>Opera\u00e7\u00e3o conjunta resulta na pris\u00e3o de suspeitos em Minas e no Rio - Ub\u00e1 News<\/title>\n<meta name=\"robots\" content=\"index, follow, max-snippet:-1, max-image-preview:large, max-video-preview:-1\" \/>\n<link rel=\"canonical\" href=\"https:\/\/ubanews.com\/site\/2021\/11\/03\/operacao-conjunta-resulta-na-prisao-de-suspeitos-em-minas-e-no-rio\/\" \/>\n<meta property=\"og:locale\" content=\"pt_BR\" \/>\n<meta property=\"og:type\" content=\"article\" \/>\n<meta property=\"og:title\" content=\"Opera\u00e7\u00e3o conjunta resulta na pris\u00e3o de suspeitos em Minas e no Rio - Ub\u00e1 News\" \/>\n<meta property=\"og:description\" content=\"Uma opera\u00e7\u00e3o conjunta entre a Pol\u00edcia Civil de Minas Gerais\" \/>\n<meta property=\"og:url\" content=\"https:\/\/ubanews.com\/site\/2021\/11\/03\/operacao-conjunta-resulta-na-prisao-de-suspeitos-em-minas-e-no-rio\/\" \/>\n<meta property=\"og:site_name\" content=\"Ub\u00e1 News\" \/>\n<meta property=\"article:publisher\" content=\"https:\/\/www.facebook.com\/Ub%c3%a1News-Carlos-Roberto-Sodr%c3%a9-418778301977370\" \/>\n<meta property=\"article:author\" content=\"https:\/\/www.facebook.com\/carosroberto.sodre.5\/\" \/>\n<meta property=\"article:published_time\" content=\"2021-11-03T19:52:22+00:00\" \/>\n<meta property=\"og:image\" content=\"https:\/\/ubanews.com\/site\/wp-content\/uploads\/2021\/11\/870.jpg\" \/>\n\t<meta property=\"og:image:width\" content=\"1000\" \/>\n\t<meta property=\"og:image:height\" content=\"450\" \/>\n\t<meta property=\"og:image:type\" content=\"image\/jpeg\" \/>\n<meta name=\"author\" content=\"Sodr\u00e9\" \/>\n<meta name=\"twitter:card\" content=\"summary_large_image\" \/>\n<meta name=\"twitter:label1\" content=\"Escrito por\" \/>\n\t<meta name=\"twitter:data1\" content=\"Sodr\u00e9\" \/>\n\t<meta name=\"twitter:label2\" content=\"Est. tempo de leitura\" \/>\n\t<meta name=\"twitter:data2\" content=\"2 minutos\" \/>\n<script type=\"application\/ld+json\" class=\"yoast-schema-graph\">{\"@context\":\"https:\/\/schema.org\",\"@graph\":[{\"@type\":\"Article\",\"@id\":\"https:\/\/ubanews.com\/site\/2021\/11\/03\/operacao-conjunta-resulta-na-prisao-de-suspeitos-em-minas-e-no-rio\/#article\",\"isPartOf\":{\"@id\":\"https:\/\/ubanews.com\/site\/2021\/11\/03\/operacao-conjunta-resulta-na-prisao-de-suspeitos-em-minas-e-no-rio\/\"},\"author\":{\"name\":\"Sodr\u00e9\",\"@id\":\"https:\/\/ubanews.com\/site\/#\/schema\/person\/d90c9e47252fbb63dcc969fe4c8b9d10\"},\"headline\":\"Opera\u00e7\u00e3o conjunta resulta na pris\u00e3o de suspeitos em Minas e no Rio\",\"datePublished\":\"2021-11-03T19:52:22+00:00\",\"mainEntityOfPage\":{\"@id\":\"https:\/\/ubanews.com\/site\/2021\/11\/03\/operacao-conjunta-resulta-na-prisao-de-suspeitos-em-minas-e-no-rio\/\"},\"wordCount\":388,\"commentCount\":0,\"publisher\":{\"@id\":\"https:\/\/ubanews.com\/site\/#organization\"},\"image\":{\"@id\":\"https:\/\/ubanews.com\/site\/2021\/11\/03\/operacao-conjunta-resulta-na-prisao-de-suspeitos-em-minas-e-no-rio\/#primaryimage\"},\"thumbnailUrl\":\"https:\/\/ubanews.com\/site\/wp-content\/uploads\/2021\/11\/870.jpg\",\"articleSection\":[\"Geral\"],\"inLanguage\":\"pt-BR\",\"potentialAction\":[{\"@type\":\"CommentAction\",\"name\":\"Comment\",\"target\":[\"https:\/\/ubanews.com\/site\/2021\/11\/03\/operacao-conjunta-resulta-na-prisao-de-suspeitos-em-minas-e-no-rio\/#respond\"]}]},{\"@type\":\"WebPage\",\"@id\":\"https:\/\/ubanews.com\/site\/2021\/11\/03\/operacao-conjunta-resulta-na-prisao-de-suspeitos-em-minas-e-no-rio\/\",\"url\":\"https:\/\/ubanews.com\/site\/2021\/11\/03\/operacao-conjunta-resulta-na-prisao-de-suspeitos-em-minas-e-no-rio\/\",\"name\":\"Opera\u00e7\u00e3o conjunta resulta na pris\u00e3o de suspeitos em Minas e no Rio - Ub\u00e1 News\",\"isPartOf\":{\"@id\":\"https:\/\/ubanews.com\/site\/#website\"},\"primaryImageOfPage\":{\"@id\":\"https:\/\/ubanews.com\/site\/2021\/11\/03\/operacao-conjunta-resulta-na-prisao-de-suspeitos-em-minas-e-no-rio\/#primaryimage\"},\"image\":{\"@id\":\"https:\/\/ubanews.com\/site\/2021\/11\/03\/operacao-conjunta-resulta-na-prisao-de-suspeitos-em-minas-e-no-rio\/#primaryimage\"},\"thumbnailUrl\":\"https:\/\/ubanews.com\/site\/wp-content\/uploads\/2021\/11\/870.jpg\",\"datePublished\":\"2021-11-03T19:52:22+00:00\",\"breadcrumb\":{\"@id\":\"https:\/\/ubanews.com\/site\/2021\/11\/03\/operacao-conjunta-resulta-na-prisao-de-suspeitos-em-minas-e-no-rio\/#breadcrumb\"},\"inLanguage\":\"pt-BR\",\"potentialAction\":[{\"@type\":\"ReadAction\",\"target\":[\"https:\/\/ubanews.com\/site\/2021\/11\/03\/operacao-conjunta-resulta-na-prisao-de-suspeitos-em-minas-e-no-rio\/\"]}]},{\"@type\":\"ImageObject\",\"inLanguage\":\"pt-BR\",\"@id\":\"https:\/\/ubanews.com\/site\/2021\/11\/03\/operacao-conjunta-resulta-na-prisao-de-suspeitos-em-minas-e-no-rio\/#primaryimage\",\"url\":\"https:\/\/ubanews.com\/site\/wp-content\/uploads\/2021\/11\/870.jpg\",\"contentUrl\":\"https:\/\/ubanews.com\/site\/wp-content\/uploads\/2021\/11\/870.jpg\",\"width\":1000,\"height\":450},{\"@type\":\"BreadcrumbList\",\"@id\":\"https:\/\/ubanews.com\/site\/2021\/11\/03\/operacao-conjunta-resulta-na-prisao-de-suspeitos-em-minas-e-no-rio\/#breadcrumb\",\"itemListElement\":[{\"@type\":\"ListItem\",\"position\":1,\"name\":\"Home\",\"item\":\"https:\/\/ubanews.com\/site\/\"},{\"@type\":\"ListItem\",\"position\":2,\"name\":\"Opera\u00e7\u00e3o conjunta resulta na pris\u00e3o de suspeitos em Minas e no Rio\"}]},{\"@type\":\"WebSite\",\"@id\":\"https:\/\/ubanews.com\/site\/#website\",\"url\":\"https:\/\/ubanews.com\/site\/\",\"name\":\"Ub\u00e1 News\",\"description\":\"\",\"publisher\":{\"@id\":\"https:\/\/ubanews.com\/site\/#organization\"},\"potentialAction\":[{\"@type\":\"SearchAction\",\"target\":{\"@type\":\"EntryPoint\",\"urlTemplate\":\"https:\/\/ubanews.com\/site\/?s={search_term_string}\"},\"query-input\":{\"@type\":\"PropertyValueSpecification\",\"valueRequired\":true,\"valueName\":\"search_term_string\"}}],\"inLanguage\":\"pt-BR\"},{\"@type\":\"Organization\",\"@id\":\"https:\/\/ubanews.com\/site\/#organization\",\"name\":\"Ub\u00e1 News\",\"url\":\"https:\/\/ubanews.com\/site\/\",\"logo\":{\"@type\":\"ImageObject\",\"inLanguage\":\"pt-BR\",\"@id\":\"https:\/\/ubanews.com\/site\/#\/schema\/logo\/image\/\",\"url\":\"https:\/\/ubanews.com\/site\/wp-content\/uploads\/2018\/01\/logoubanews.png\",\"contentUrl\":\"https:\/\/ubanews.com\/site\/wp-content\/uploads\/2018\/01\/logoubanews.png\",\"width\":261,\"height\":99,\"caption\":\"Ub\u00e1 News\"},\"image\":{\"@id\":\"https:\/\/ubanews.com\/site\/#\/schema\/logo\/image\/\"},\"sameAs\":[\"https:\/\/www.facebook.com\/Ub\u00e1News-Carlos-Roberto-Sodr\u00e9-418778301977370\"]},{\"@type\":\"Person\",\"@id\":\"https:\/\/ubanews.com\/site\/#\/schema\/person\/d90c9e47252fbb63dcc969fe4c8b9d10\",\"name\":\"Sodr\u00e9\",\"image\":{\"@type\":\"ImageObject\",\"inLanguage\":\"pt-BR\",\"@id\":\"https:\/\/secure.gravatar.com\/avatar\/5ba2793f0590b9dbfad3fdec4ee714485b3eef211c9b32ee53d414060454a56c?s=96&d=mm&r=g\",\"url\":\"https:\/\/secure.gravatar.com\/avatar\/5ba2793f0590b9dbfad3fdec4ee714485b3eef211c9b32ee53d414060454a56c?s=96&d=mm&r=g\",\"contentUrl\":\"https:\/\/secure.gravatar.com\/avatar\/5ba2793f0590b9dbfad3fdec4ee714485b3eef211c9b32ee53d414060454a56c?s=96&d=mm&r=g\",\"caption\":\"Sodr\u00e9\"},\"sameAs\":[\"https:\/\/www.facebook.com\/carosroberto.sodre.5\/\"],\"url\":\"https:\/\/ubanews.com\/site\/author\/felipe\/\"}]}<\/script>\n<!-- \/ Yoast SEO plugin. -->","yoast_head_json":{"title":"Opera\u00e7\u00e3o conjunta resulta na pris\u00e3o de suspeitos em Minas e no Rio - Ub\u00e1 News","robots":{"index":"index","follow":"follow","max-snippet":"max-snippet:-1","max-image-preview":"max-image-preview:large","max-video-preview":"max-video-preview:-1"},"canonical":"https:\/\/ubanews.com\/site\/2021\/11\/03\/operacao-conjunta-resulta-na-prisao-de-suspeitos-em-minas-e-no-rio\/","og_locale":"pt_BR","og_type":"article","og_title":"Opera\u00e7\u00e3o conjunta resulta na pris\u00e3o de suspeitos em Minas e no Rio - Ub\u00e1 News","og_description":"Uma opera\u00e7\u00e3o conjunta entre a Pol\u00edcia Civil de Minas Gerais","og_url":"https:\/\/ubanews.com\/site\/2021\/11\/03\/operacao-conjunta-resulta-na-prisao-de-suspeitos-em-minas-e-no-rio\/","og_site_name":"Ub\u00e1 News","article_publisher":"https:\/\/www.facebook.com\/Ub%c3%a1News-Carlos-Roberto-Sodr%c3%a9-418778301977370","article_author":"https:\/\/www.facebook.com\/carosroberto.sodre.5\/","article_published_time":"2021-11-03T19:52:22+00:00","og_image":[{"width":1000,"height":450,"url":"https:\/\/ubanews.com\/site\/wp-content\/uploads\/2021\/11\/870.jpg","type":"image\/jpeg"}],"author":"Sodr\u00e9","twitter_card":"summary_large_image","twitter_misc":{"Escrito por":"Sodr\u00e9","Est. tempo de leitura":"2 minutos"},"schema":{"@context":"https:\/\/schema.org","@graph":[{"@type":"Article","@id":"https:\/\/ubanews.com\/site\/2021\/11\/03\/operacao-conjunta-resulta-na-prisao-de-suspeitos-em-minas-e-no-rio\/#article","isPartOf":{"@id":"https:\/\/ubanews.com\/site\/2021\/11\/03\/operacao-conjunta-resulta-na-prisao-de-suspeitos-em-minas-e-no-rio\/"},"author":{"name":"Sodr\u00e9","@id":"https:\/\/ubanews.com\/site\/#\/schema\/person\/d90c9e47252fbb63dcc969fe4c8b9d10"},"headline":"Opera\u00e7\u00e3o conjunta resulta na pris\u00e3o de suspeitos em Minas e no Rio","datePublished":"2021-11-03T19:52:22+00:00","mainEntityOfPage":{"@id":"https:\/\/ubanews.com\/site\/2021\/11\/03\/operacao-conjunta-resulta-na-prisao-de-suspeitos-em-minas-e-no-rio\/"},"wordCount":388,"commentCount":0,"publisher":{"@id":"https:\/\/ubanews.com\/site\/#organization"},"image":{"@id":"https:\/\/ubanews.com\/site\/2021\/11\/03\/operacao-conjunta-resulta-na-prisao-de-suspeitos-em-minas-e-no-rio\/#primaryimage"},"thumbnailUrl":"https:\/\/ubanews.com\/site\/wp-content\/uploads\/2021\/11\/870.jpg","articleSection":["Geral"],"inLanguage":"pt-BR","potentialAction":[{"@type":"CommentAction","name":"Comment","target":["https:\/\/ubanews.com\/site\/2021\/11\/03\/operacao-conjunta-resulta-na-prisao-de-suspeitos-em-minas-e-no-rio\/#respond"]}]},{"@type":"WebPage","@id":"https:\/\/ubanews.com\/site\/2021\/11\/03\/operacao-conjunta-resulta-na-prisao-de-suspeitos-em-minas-e-no-rio\/","url":"https:\/\/ubanews.com\/site\/2021\/11\/03\/operacao-conjunta-resulta-na-prisao-de-suspeitos-em-minas-e-no-rio\/","name":"Opera\u00e7\u00e3o conjunta resulta na pris\u00e3o de suspeitos em Minas e no Rio - Ub\u00e1 News","isPartOf":{"@id":"https:\/\/ubanews.com\/site\/#website"},"primaryImageOfPage":{"@id":"https:\/\/ubanews.com\/site\/2021\/11\/03\/operacao-conjunta-resulta-na-prisao-de-suspeitos-em-minas-e-no-rio\/#primaryimage"},"image":{"@id":"https:\/\/ubanews.com\/site\/2021\/11\/03\/operacao-conjunta-resulta-na-prisao-de-suspeitos-em-minas-e-no-rio\/#primaryimage"},"thumbnailUrl":"https:\/\/ubanews.com\/site\/wp-content\/uploads\/2021\/11\/870.jpg","datePublished":"2021-11-03T19:52:22+00:00","breadcrumb":{"@id":"https:\/\/ubanews.com\/site\/2021\/11\/03\/operacao-conjunta-resulta-na-prisao-de-suspeitos-em-minas-e-no-rio\/#breadcrumb"},"inLanguage":"pt-BR","potentialAction":[{"@type":"ReadAction","target":["https:\/\/ubanews.com\/site\/2021\/11\/03\/operacao-conjunta-resulta-na-prisao-de-suspeitos-em-minas-e-no-rio\/"]}]},{"@type":"ImageObject","inLanguage":"pt-BR","@id":"https:\/\/ubanews.com\/site\/2021\/11\/03\/operacao-conjunta-resulta-na-prisao-de-suspeitos-em-minas-e-no-rio\/#primaryimage","url":"https:\/\/ubanews.com\/site\/wp-content\/uploads\/2021\/11\/870.jpg","contentUrl":"https:\/\/ubanews.com\/site\/wp-content\/uploads\/2021\/11\/870.jpg","width":1000,"height":450},{"@type":"BreadcrumbList","@id":"https:\/\/ubanews.com\/site\/2021\/11\/03\/operacao-conjunta-resulta-na-prisao-de-suspeitos-em-minas-e-no-rio\/#breadcrumb","itemListElement":[{"@type":"ListItem","position":1,"name":"Home","item":"https:\/\/ubanews.com\/site\/"},{"@type":"ListItem","position":2,"name":"Opera\u00e7\u00e3o conjunta resulta na pris\u00e3o de suspeitos em Minas e no Rio"}]},{"@type":"WebSite","@id":"https:\/\/ubanews.com\/site\/#website","url":"https:\/\/ubanews.com\/site\/","name":"Ub\u00e1 News","description":"","publisher":{"@id":"https:\/\/ubanews.com\/site\/#organization"},"potentialAction":[{"@type":"SearchAction","target":{"@type":"EntryPoint","urlTemplate":"https:\/\/ubanews.com\/site\/?s={search_term_string}"},"query-input":{"@type":"PropertyValueSpecification","valueRequired":true,"valueName":"search_term_string"}}],"inLanguage":"pt-BR"},{"@type":"Organization","@id":"https:\/\/ubanews.com\/site\/#organization","name":"Ub\u00e1 News","url":"https:\/\/ubanews.com\/site\/","logo":{"@type":"ImageObject","inLanguage":"pt-BR","@id":"https:\/\/ubanews.com\/site\/#\/schema\/logo\/image\/","url":"https:\/\/ubanews.com\/site\/wp-content\/uploads\/2018\/01\/logoubanews.png","contentUrl":"https:\/\/ubanews.com\/site\/wp-content\/uploads\/2018\/01\/logoubanews.png","width":261,"height":99,"caption":"Ub\u00e1 News"},"image":{"@id":"https:\/\/ubanews.com\/site\/#\/schema\/logo\/image\/"},"sameAs":["https:\/\/www.facebook.com\/Ub\u00e1News-Carlos-Roberto-Sodr\u00e9-418778301977370"]},{"@type":"Person","@id":"https:\/\/ubanews.com\/site\/#\/schema\/person\/d90c9e47252fbb63dcc969fe4c8b9d10","name":"Sodr\u00e9","image":{"@type":"ImageObject","inLanguage":"pt-BR","@id":"https:\/\/secure.gravatar.com\/avatar\/5ba2793f0590b9dbfad3fdec4ee714485b3eef211c9b32ee53d414060454a56c?s=96&d=mm&r=g","url":"https:\/\/secure.gravatar.com\/avatar\/5ba2793f0590b9dbfad3fdec4ee714485b3eef211c9b32ee53d414060454a56c?s=96&d=mm&r=g","contentUrl":"https:\/\/secure.gravatar.com\/avatar\/5ba2793f0590b9dbfad3fdec4ee714485b3eef211c9b32ee53d414060454a56c?s=96&d=mm&r=g","caption":"Sodr\u00e9"},"sameAs":["https:\/\/www.facebook.com\/carosroberto.sodre.5\/"],"url":"https:\/\/ubanews.com\/site\/author\/felipe\/"}]}},"_links":{"self":[{"href":"https:\/\/ubanews.com\/site\/wp-json\/wp\/v2\/posts\/20892","targetHints":{"allow":["GET"]}}],"collection":[{"href":"https:\/\/ubanews.com\/site\/wp-json\/wp\/v2\/posts"}],"about":[{"href":"https:\/\/ubanews.com\/site\/wp-json\/wp\/v2\/types\/post"}],"author":[{"embeddable":true,"href":"https:\/\/ubanews.com\/site\/wp-json\/wp\/v2\/users\/2"}],"replies":[{"embeddable":true,"href":"https:\/\/ubanews.com\/site\/wp-json\/wp\/v2\/comments?post=20892"}],"version-history":[{"count":0,"href":"https:\/\/ubanews.com\/site\/wp-json\/wp\/v2\/posts\/20892\/revisions"}],"wp:featuredmedia":[{"embeddable":true,"href":"https:\/\/ubanews.com\/site\/wp-json\/wp\/v2\/media\/20893"}],"wp:attachment":[{"href":"https:\/\/ubanews.com\/site\/wp-json\/wp\/v2\/media?parent=20892"}],"wp:term":[{"taxonomy":"category","embeddable":true,"href":"https:\/\/ubanews.com\/site\/wp-json\/wp\/v2\/categories?post=20892"},{"taxonomy":"post_tag","embeddable":true,"href":"https:\/\/ubanews.com\/site\/wp-json\/wp\/v2\/tags?post=20892"}],"curies":[{"name":"wp","href":"https:\/\/api.w.org\/{rel}","templated":true}]}}