{"id":20891,"date":"2021-11-03T16:48:17","date_gmt":"2021-11-03T19:48:17","guid":{"rendered":"http:\/\/ubanews.com\/site\/?p=20891"},"modified":"2021-11-03T17:28:19","modified_gmt":"2021-11-03T20:28:19","slug":"cadastramento-para-regularizacao-fundiaria-no-fazendinha-comeca-nesta-quinta","status":"publish","type":"post","link":"https:\/\/ubanews.com\/site\/2021\/11\/03\/cadastramento-para-regularizacao-fundiaria-no-fazendinha-comeca-nesta-quinta\/","title":{"rendered":"Cadastramento\u00a0para regulariza\u00e7\u00e3o fundi\u00e1ria no Fazendinha\u00a0come\u00e7a nesta\u00a0quinta"},"content":{"rendered":"<p style=\"font-weight: 400;\">A Prefeitura de Ub\u00e1, por meio da Divis\u00e3o de Habita\u00e7\u00e3o e Gest\u00e3o Fundi\u00e1ria, inicia nesta quinta-feira (04), o cadastramento de fam\u00edlias para a regulariza\u00e7\u00e3o fundi\u00e1ria no bairro Fazendinha. A a\u00e7\u00e3o tem como objetivo a atualiza\u00e7\u00e3o dos dados dos possuidores dos im\u00f3veis e a coleta das informa\u00e7\u00f5es que dever\u00e3o ser enviadas ao cart\u00f3rio de im\u00f3veis.<\/p>\n<p style=\"font-weight: 400;\"><div id=\"metaslider-id-17652\" style=\"max-width: 1000px;\" class=\"ml-slider-3-106-0 metaslider metaslider-nivo metaslider-17652 ml-slider ms-theme-outline\" role=\"region\" aria-label=\"Texto\" data-height=\"200\" data-width=\"1000\">\n    <div id=\"metaslider_container_17652\">\n        <div class='slider-wrapper theme-default'><div class='ribbon'><\/div><div id='metaslider_17652' class='nivoSlider'><\/div><\/div>\n        \n    <\/div>\n<\/div><\/p>\n<p style=\"font-weight: 400;\">Para realizar o cadastro,&nbsp;<u>nos dias 04, 05, 08 e 09 de novembro<\/u>, os moradores poder\u00e3o se dirigir \u00e0&nbsp;<strong><u>Quadra Esportiva do bairro<\/u><\/strong>, no hor\u00e1rio de 08h \u00e0s 11h, munidos da seguinte documenta\u00e7\u00e3o:<\/p>\n<p style=\"font-weight: 400;\">-CPF e Identidade do Titular;<\/p>\n<p style=\"font-weight: 400;\">-Certid\u00e3o de Casamento;<\/p>\n<p style=\"font-weight: 400;\">-Certid\u00e3o de Separa\u00e7\u00e3o ou Div\u00f3rcio (se for o caso);<\/p>\n<p style=\"font-weight: 400;\">-Certid\u00e3o de \u00d3bito (no caso de falecimento do posseiro original e se existirem herdeiros);<\/p>\n<p style=\"font-weight: 400;\">-Comprovante de Resid\u00eancia (conta de \u00e1gua\/luz\/telefone).<\/p>\n<p style=\"font-weight: 400;\">Os moradores que n\u00e3o puderem comparecer nestas datas, dever\u00e3o procurar a Divis\u00e3o de Habita\u00e7\u00e3o, situada Pra\u00e7a S\u00e3o Janu\u00e1rio, N\u00ba 28, Centro (no F\u00f3rum Cultural de Ub\u00e1), de segunda a sexta-feira, no hor\u00e1rio de 08h \u00e0s 12h e de 14h \u00e0s 17h.<\/p>\n<p style=\"font-weight: 400;\">No n\u00facleo do&nbsp;Fazendinha,&nbsp;atrav\u00e9s do Programa Municipal de Regulariza\u00e7\u00e3o Fundi\u00e1ria Urbana, ser\u00e3o regularizados os terrenos que eram da&nbsp;Cooperativa Habitacional.<\/p>\n<p><strong>Assessoria de Comunica\u00e7\u00e3o Prefeitura de Ub\u00e1<\/strong><\/p>\n<div style=\"width: 840px;\" class=\"wp-video\"><video class=\"wp-video-shortcode\" id=\"video-20891-1\" width=\"840\" height=\"473\" autoplay preload=\"auto\" controls=\"controls\"><source type=\"video\/mp4\" src=\"https:\/\/ubanews.com\/site\/wp-content\/uploads\/2020\/12\/01020002.00_00_53_25.mp4?_=1\" \/><a href=\"https:\/\/ubanews.com\/site\/wp-content\/uploads\/2020\/12\/01020002.00_00_53_25.mp4\">https:\/\/ubanews.com\/site\/wp-content\/uploads\/2020\/12\/01020002.00_00_53_25.mp4<\/a><\/video><\/div>\n","protected":false},"excerpt":{"rendered":"<p>A Prefeitura de Ub\u00e1, por meio da Divis\u00e3o de Habita\u00e7\u00e3o<\/p>\n","protected":false},"author":2,"featured_media":16897,"comment_status":"open","ping_status":"open","sticky":false,"template":"","format":"standard","meta":{"footnotes":""},"categories":[15],"tags":[],"class_list":["post-20891","post","type-post","status-publish","format-standard","has-post-thumbnail","hentry","category-prefeitura-municipal"],"yoast_head":"<!-- This site is optimized with the Yoast SEO plugin v27.2 - https:\/\/yoast.com\/product\/yoast-seo-wordpress\/ -->\n<title>Cadastramento\u00a0para regulariza\u00e7\u00e3o fundi\u00e1ria no Fazendinha\u00a0come\u00e7a nesta\u00a0quinta - Ub\u00e1 News<\/title>\n<meta name=\"robots\" content=\"index, follow, max-snippet:-1, max-image-preview:large, max-video-preview:-1\" \/>\n<link rel=\"canonical\" href=\"https:\/\/ubanews.com\/site\/2021\/11\/03\/cadastramento-para-regularizacao-fundiaria-no-fazendinha-comeca-nesta-quinta\/\" \/>\n<meta property=\"og:locale\" content=\"pt_BR\" \/>\n<meta property=\"og:type\" content=\"article\" \/>\n<meta property=\"og:title\" content=\"Cadastramento\u00a0para regulariza\u00e7\u00e3o fundi\u00e1ria no Fazendinha\u00a0come\u00e7a nesta\u00a0quinta - Ub\u00e1 News\" \/>\n<meta property=\"og:description\" content=\"A Prefeitura de Ub\u00e1, por meio da Divis\u00e3o de Habita\u00e7\u00e3o\" \/>\n<meta property=\"og:url\" content=\"https:\/\/ubanews.com\/site\/2021\/11\/03\/cadastramento-para-regularizacao-fundiaria-no-fazendinha-comeca-nesta-quinta\/\" \/>\n<meta property=\"og:site_name\" content=\"Ub\u00e1 News\" \/>\n<meta property=\"article:publisher\" content=\"https:\/\/www.facebook.com\/Ub%c3%a1News-Carlos-Roberto-Sodr%c3%a9-418778301977370\" \/>\n<meta property=\"article:author\" content=\"https:\/\/www.facebook.com\/carosroberto.sodre.5\/\" \/>\n<meta property=\"article:published_time\" content=\"2021-11-03T19:48:17+00:00\" \/>\n<meta property=\"article:modified_time\" content=\"2021-11-03T20:28:19+00:00\" \/>\n<meta property=\"og:image\" content=\"https:\/\/ubanews.com\/site\/wp-content\/uploads\/2020\/05\/Prefeitura.jpg\" \/>\n\t<meta property=\"og:image:width\" content=\"3936\" \/>\n\t<meta property=\"og:image:height\" content=\"1924\" \/>\n\t<meta property=\"og:image:type\" content=\"image\/jpeg\" \/>\n<meta name=\"author\" content=\"Sodr\u00e9\" \/>\n<meta name=\"twitter:card\" content=\"summary_large_image\" \/>\n<meta name=\"twitter:label1\" content=\"Escrito por\" \/>\n\t<meta name=\"twitter:data1\" content=\"Sodr\u00e9\" \/>\n\t<meta name=\"twitter:label2\" content=\"Est. tempo de leitura\" \/>\n\t<meta name=\"twitter:data2\" content=\"1 minuto\" \/>\n<script type=\"application\/ld+json\" class=\"yoast-schema-graph\">{\"@context\":\"https:\/\/schema.org\",\"@graph\":[{\"@type\":\"Article\",\"@id\":\"https:\/\/ubanews.com\/site\/2021\/11\/03\/cadastramento-para-regularizacao-fundiaria-no-fazendinha-comeca-nesta-quinta\/#article\",\"isPartOf\":{\"@id\":\"https:\/\/ubanews.com\/site\/2021\/11\/03\/cadastramento-para-regularizacao-fundiaria-no-fazendinha-comeca-nesta-quinta\/\"},\"author\":{\"name\":\"Sodr\u00e9\",\"@id\":\"https:\/\/ubanews.com\/site\/#\/schema\/person\/d90c9e47252fbb63dcc969fe4c8b9d10\"},\"headline\":\"Cadastramento\u00a0para regulariza\u00e7\u00e3o fundi\u00e1ria no Fazendinha\u00a0come\u00e7a nesta\u00a0quinta\",\"datePublished\":\"2021-11-03T19:48:17+00:00\",\"dateModified\":\"2021-11-03T20:28:19+00:00\",\"mainEntityOfPage\":{\"@id\":\"https:\/\/ubanews.com\/site\/2021\/11\/03\/cadastramento-para-regularizacao-fundiaria-no-fazendinha-comeca-nesta-quinta\/\"},\"wordCount\":260,\"commentCount\":0,\"publisher\":{\"@id\":\"https:\/\/ubanews.com\/site\/#organization\"},\"image\":{\"@id\":\"https:\/\/ubanews.com\/site\/2021\/11\/03\/cadastramento-para-regularizacao-fundiaria-no-fazendinha-comeca-nesta-quinta\/#primaryimage\"},\"thumbnailUrl\":\"https:\/\/ubanews.com\/site\/wp-content\/uploads\/2020\/05\/Prefeitura.jpg\",\"articleSection\":[\"Prefeitura Municipal\"],\"inLanguage\":\"pt-BR\",\"potentialAction\":[{\"@type\":\"CommentAction\",\"name\":\"Comment\",\"target\":[\"https:\/\/ubanews.com\/site\/2021\/11\/03\/cadastramento-para-regularizacao-fundiaria-no-fazendinha-comeca-nesta-quinta\/#respond\"]}]},{\"@type\":\"WebPage\",\"@id\":\"https:\/\/ubanews.com\/site\/2021\/11\/03\/cadastramento-para-regularizacao-fundiaria-no-fazendinha-comeca-nesta-quinta\/\",\"url\":\"https:\/\/ubanews.com\/site\/2021\/11\/03\/cadastramento-para-regularizacao-fundiaria-no-fazendinha-comeca-nesta-quinta\/\",\"name\":\"Cadastramento\u00a0para regulariza\u00e7\u00e3o fundi\u00e1ria no Fazendinha\u00a0come\u00e7a nesta\u00a0quinta - Ub\u00e1 News\",\"isPartOf\":{\"@id\":\"https:\/\/ubanews.com\/site\/#website\"},\"primaryImageOfPage\":{\"@id\":\"https:\/\/ubanews.com\/site\/2021\/11\/03\/cadastramento-para-regularizacao-fundiaria-no-fazendinha-comeca-nesta-quinta\/#primaryimage\"},\"image\":{\"@id\":\"https:\/\/ubanews.com\/site\/2021\/11\/03\/cadastramento-para-regularizacao-fundiaria-no-fazendinha-comeca-nesta-quinta\/#primaryimage\"},\"thumbnailUrl\":\"https:\/\/ubanews.com\/site\/wp-content\/uploads\/2020\/05\/Prefeitura.jpg\",\"datePublished\":\"2021-11-03T19:48:17+00:00\",\"dateModified\":\"2021-11-03T20:28:19+00:00\",\"breadcrumb\":{\"@id\":\"https:\/\/ubanews.com\/site\/2021\/11\/03\/cadastramento-para-regularizacao-fundiaria-no-fazendinha-comeca-nesta-quinta\/#breadcrumb\"},\"inLanguage\":\"pt-BR\",\"potentialAction\":[{\"@type\":\"ReadAction\",\"target\":[\"https:\/\/ubanews.com\/site\/2021\/11\/03\/cadastramento-para-regularizacao-fundiaria-no-fazendinha-comeca-nesta-quinta\/\"]}]},{\"@type\":\"ImageObject\",\"inLanguage\":\"pt-BR\",\"@id\":\"https:\/\/ubanews.com\/site\/2021\/11\/03\/cadastramento-para-regularizacao-fundiaria-no-fazendinha-comeca-nesta-quinta\/#primaryimage\",\"url\":\"https:\/\/ubanews.com\/site\/wp-content\/uploads\/2020\/05\/Prefeitura.jpg\",\"contentUrl\":\"https:\/\/ubanews.com\/site\/wp-content\/uploads\/2020\/05\/Prefeitura.jpg\",\"width\":3936,\"height\":1924},{\"@type\":\"BreadcrumbList\",\"@id\":\"https:\/\/ubanews.com\/site\/2021\/11\/03\/cadastramento-para-regularizacao-fundiaria-no-fazendinha-comeca-nesta-quinta\/#breadcrumb\",\"itemListElement\":[{\"@type\":\"ListItem\",\"position\":1,\"name\":\"Home\",\"item\":\"https:\/\/ubanews.com\/site\/\"},{\"@type\":\"ListItem\",\"position\":2,\"name\":\"Cadastramento\u00a0para regulariza\u00e7\u00e3o fundi\u00e1ria no Fazendinha\u00a0come\u00e7a nesta\u00a0quinta\"}]},{\"@type\":\"WebSite\",\"@id\":\"https:\/\/ubanews.com\/site\/#website\",\"url\":\"https:\/\/ubanews.com\/site\/\",\"name\":\"Ub\u00e1 News\",\"description\":\"\",\"publisher\":{\"@id\":\"https:\/\/ubanews.com\/site\/#organization\"},\"potentialAction\":[{\"@type\":\"SearchAction\",\"target\":{\"@type\":\"EntryPoint\",\"urlTemplate\":\"https:\/\/ubanews.com\/site\/?s={search_term_string}\"},\"query-input\":{\"@type\":\"PropertyValueSpecification\",\"valueRequired\":true,\"valueName\":\"search_term_string\"}}],\"inLanguage\":\"pt-BR\"},{\"@type\":\"Organization\",\"@id\":\"https:\/\/ubanews.com\/site\/#organization\",\"name\":\"Ub\u00e1 News\",\"url\":\"https:\/\/ubanews.com\/site\/\",\"logo\":{\"@type\":\"ImageObject\",\"inLanguage\":\"pt-BR\",\"@id\":\"https:\/\/ubanews.com\/site\/#\/schema\/logo\/image\/\",\"url\":\"https:\/\/ubanews.com\/site\/wp-content\/uploads\/2018\/01\/logoubanews.png\",\"contentUrl\":\"https:\/\/ubanews.com\/site\/wp-content\/uploads\/2018\/01\/logoubanews.png\",\"width\":261,\"height\":99,\"caption\":\"Ub\u00e1 News\"},\"image\":{\"@id\":\"https:\/\/ubanews.com\/site\/#\/schema\/logo\/image\/\"},\"sameAs\":[\"https:\/\/www.facebook.com\/Ub\u00e1News-Carlos-Roberto-Sodr\u00e9-418778301977370\"]},{\"@type\":\"Person\",\"@id\":\"https:\/\/ubanews.com\/site\/#\/schema\/person\/d90c9e47252fbb63dcc969fe4c8b9d10\",\"name\":\"Sodr\u00e9\",\"image\":{\"@type\":\"ImageObject\",\"inLanguage\":\"pt-BR\",\"@id\":\"https:\/\/secure.gravatar.com\/avatar\/5ba2793f0590b9dbfad3fdec4ee714485b3eef211c9b32ee53d414060454a56c?s=96&d=mm&r=g\",\"url\":\"https:\/\/secure.gravatar.com\/avatar\/5ba2793f0590b9dbfad3fdec4ee714485b3eef211c9b32ee53d414060454a56c?s=96&d=mm&r=g\",\"contentUrl\":\"https:\/\/secure.gravatar.com\/avatar\/5ba2793f0590b9dbfad3fdec4ee714485b3eef211c9b32ee53d414060454a56c?s=96&d=mm&r=g\",\"caption\":\"Sodr\u00e9\"},\"sameAs\":[\"https:\/\/www.facebook.com\/carosroberto.sodre.5\/\"],\"url\":\"https:\/\/ubanews.com\/site\/author\/felipe\/\"}]}<\/script>\n<!-- \/ Yoast SEO plugin. -->","yoast_head_json":{"title":"Cadastramento\u00a0para regulariza\u00e7\u00e3o fundi\u00e1ria no Fazendinha\u00a0come\u00e7a nesta\u00a0quinta - Ub\u00e1 News","robots":{"index":"index","follow":"follow","max-snippet":"max-snippet:-1","max-image-preview":"max-image-preview:large","max-video-preview":"max-video-preview:-1"},"canonical":"https:\/\/ubanews.com\/site\/2021\/11\/03\/cadastramento-para-regularizacao-fundiaria-no-fazendinha-comeca-nesta-quinta\/","og_locale":"pt_BR","og_type":"article","og_title":"Cadastramento\u00a0para regulariza\u00e7\u00e3o fundi\u00e1ria no Fazendinha\u00a0come\u00e7a nesta\u00a0quinta - Ub\u00e1 News","og_description":"A Prefeitura de Ub\u00e1, por meio da Divis\u00e3o de Habita\u00e7\u00e3o","og_url":"https:\/\/ubanews.com\/site\/2021\/11\/03\/cadastramento-para-regularizacao-fundiaria-no-fazendinha-comeca-nesta-quinta\/","og_site_name":"Ub\u00e1 News","article_publisher":"https:\/\/www.facebook.com\/Ub%c3%a1News-Carlos-Roberto-Sodr%c3%a9-418778301977370","article_author":"https:\/\/www.facebook.com\/carosroberto.sodre.5\/","article_published_time":"2021-11-03T19:48:17+00:00","article_modified_time":"2021-11-03T20:28:19+00:00","og_image":[{"width":3936,"height":1924,"url":"https:\/\/ubanews.com\/site\/wp-content\/uploads\/2020\/05\/Prefeitura.jpg","type":"image\/jpeg"}],"author":"Sodr\u00e9","twitter_card":"summary_large_image","twitter_misc":{"Escrito por":"Sodr\u00e9","Est. tempo de leitura":"1 minuto"},"schema":{"@context":"https:\/\/schema.org","@graph":[{"@type":"Article","@id":"https:\/\/ubanews.com\/site\/2021\/11\/03\/cadastramento-para-regularizacao-fundiaria-no-fazendinha-comeca-nesta-quinta\/#article","isPartOf":{"@id":"https:\/\/ubanews.com\/site\/2021\/11\/03\/cadastramento-para-regularizacao-fundiaria-no-fazendinha-comeca-nesta-quinta\/"},"author":{"name":"Sodr\u00e9","@id":"https:\/\/ubanews.com\/site\/#\/schema\/person\/d90c9e47252fbb63dcc969fe4c8b9d10"},"headline":"Cadastramento\u00a0para regulariza\u00e7\u00e3o fundi\u00e1ria no Fazendinha\u00a0come\u00e7a nesta\u00a0quinta","datePublished":"2021-11-03T19:48:17+00:00","dateModified":"2021-11-03T20:28:19+00:00","mainEntityOfPage":{"@id":"https:\/\/ubanews.com\/site\/2021\/11\/03\/cadastramento-para-regularizacao-fundiaria-no-fazendinha-comeca-nesta-quinta\/"},"wordCount":260,"commentCount":0,"publisher":{"@id":"https:\/\/ubanews.com\/site\/#organization"},"image":{"@id":"https:\/\/ubanews.com\/site\/2021\/11\/03\/cadastramento-para-regularizacao-fundiaria-no-fazendinha-comeca-nesta-quinta\/#primaryimage"},"thumbnailUrl":"https:\/\/ubanews.com\/site\/wp-content\/uploads\/2020\/05\/Prefeitura.jpg","articleSection":["Prefeitura Municipal"],"inLanguage":"pt-BR","potentialAction":[{"@type":"CommentAction","name":"Comment","target":["https:\/\/ubanews.com\/site\/2021\/11\/03\/cadastramento-para-regularizacao-fundiaria-no-fazendinha-comeca-nesta-quinta\/#respond"]}]},{"@type":"WebPage","@id":"https:\/\/ubanews.com\/site\/2021\/11\/03\/cadastramento-para-regularizacao-fundiaria-no-fazendinha-comeca-nesta-quinta\/","url":"https:\/\/ubanews.com\/site\/2021\/11\/03\/cadastramento-para-regularizacao-fundiaria-no-fazendinha-comeca-nesta-quinta\/","name":"Cadastramento\u00a0para regulariza\u00e7\u00e3o fundi\u00e1ria no Fazendinha\u00a0come\u00e7a nesta\u00a0quinta - Ub\u00e1 News","isPartOf":{"@id":"https:\/\/ubanews.com\/site\/#website"},"primaryImageOfPage":{"@id":"https:\/\/ubanews.com\/site\/2021\/11\/03\/cadastramento-para-regularizacao-fundiaria-no-fazendinha-comeca-nesta-quinta\/#primaryimage"},"image":{"@id":"https:\/\/ubanews.com\/site\/2021\/11\/03\/cadastramento-para-regularizacao-fundiaria-no-fazendinha-comeca-nesta-quinta\/#primaryimage"},"thumbnailUrl":"https:\/\/ubanews.com\/site\/wp-content\/uploads\/2020\/05\/Prefeitura.jpg","datePublished":"2021-11-03T19:48:17+00:00","dateModified":"2021-11-03T20:28:19+00:00","breadcrumb":{"@id":"https:\/\/ubanews.com\/site\/2021\/11\/03\/cadastramento-para-regularizacao-fundiaria-no-fazendinha-comeca-nesta-quinta\/#breadcrumb"},"inLanguage":"pt-BR","potentialAction":[{"@type":"ReadAction","target":["https:\/\/ubanews.com\/site\/2021\/11\/03\/cadastramento-para-regularizacao-fundiaria-no-fazendinha-comeca-nesta-quinta\/"]}]},{"@type":"ImageObject","inLanguage":"pt-BR","@id":"https:\/\/ubanews.com\/site\/2021\/11\/03\/cadastramento-para-regularizacao-fundiaria-no-fazendinha-comeca-nesta-quinta\/#primaryimage","url":"https:\/\/ubanews.com\/site\/wp-content\/uploads\/2020\/05\/Prefeitura.jpg","contentUrl":"https:\/\/ubanews.com\/site\/wp-content\/uploads\/2020\/05\/Prefeitura.jpg","width":3936,"height":1924},{"@type":"BreadcrumbList","@id":"https:\/\/ubanews.com\/site\/2021\/11\/03\/cadastramento-para-regularizacao-fundiaria-no-fazendinha-comeca-nesta-quinta\/#breadcrumb","itemListElement":[{"@type":"ListItem","position":1,"name":"Home","item":"https:\/\/ubanews.com\/site\/"},{"@type":"ListItem","position":2,"name":"Cadastramento\u00a0para regulariza\u00e7\u00e3o fundi\u00e1ria no Fazendinha\u00a0come\u00e7a nesta\u00a0quinta"}]},{"@type":"WebSite","@id":"https:\/\/ubanews.com\/site\/#website","url":"https:\/\/ubanews.com\/site\/","name":"Ub\u00e1 News","description":"","publisher":{"@id":"https:\/\/ubanews.com\/site\/#organization"},"potentialAction":[{"@type":"SearchAction","target":{"@type":"EntryPoint","urlTemplate":"https:\/\/ubanews.com\/site\/?s={search_term_string}"},"query-input":{"@type":"PropertyValueSpecification","valueRequired":true,"valueName":"search_term_string"}}],"inLanguage":"pt-BR"},{"@type":"Organization","@id":"https:\/\/ubanews.com\/site\/#organization","name":"Ub\u00e1 News","url":"https:\/\/ubanews.com\/site\/","logo":{"@type":"ImageObject","inLanguage":"pt-BR","@id":"https:\/\/ubanews.com\/site\/#\/schema\/logo\/image\/","url":"https:\/\/ubanews.com\/site\/wp-content\/uploads\/2018\/01\/logoubanews.png","contentUrl":"https:\/\/ubanews.com\/site\/wp-content\/uploads\/2018\/01\/logoubanews.png","width":261,"height":99,"caption":"Ub\u00e1 News"},"image":{"@id":"https:\/\/ubanews.com\/site\/#\/schema\/logo\/image\/"},"sameAs":["https:\/\/www.facebook.com\/Ub\u00e1News-Carlos-Roberto-Sodr\u00e9-418778301977370"]},{"@type":"Person","@id":"https:\/\/ubanews.com\/site\/#\/schema\/person\/d90c9e47252fbb63dcc969fe4c8b9d10","name":"Sodr\u00e9","image":{"@type":"ImageObject","inLanguage":"pt-BR","@id":"https:\/\/secure.gravatar.com\/avatar\/5ba2793f0590b9dbfad3fdec4ee714485b3eef211c9b32ee53d414060454a56c?s=96&d=mm&r=g","url":"https:\/\/secure.gravatar.com\/avatar\/5ba2793f0590b9dbfad3fdec4ee714485b3eef211c9b32ee53d414060454a56c?s=96&d=mm&r=g","contentUrl":"https:\/\/secure.gravatar.com\/avatar\/5ba2793f0590b9dbfad3fdec4ee714485b3eef211c9b32ee53d414060454a56c?s=96&d=mm&r=g","caption":"Sodr\u00e9"},"sameAs":["https:\/\/www.facebook.com\/carosroberto.sodre.5\/"],"url":"https:\/\/ubanews.com\/site\/author\/felipe\/"}]}},"_links":{"self":[{"href":"https:\/\/ubanews.com\/site\/wp-json\/wp\/v2\/posts\/20891","targetHints":{"allow":["GET"]}}],"collection":[{"href":"https:\/\/ubanews.com\/site\/wp-json\/wp\/v2\/posts"}],"about":[{"href":"https:\/\/ubanews.com\/site\/wp-json\/wp\/v2\/types\/post"}],"author":[{"embeddable":true,"href":"https:\/\/ubanews.com\/site\/wp-json\/wp\/v2\/users\/2"}],"replies":[{"embeddable":true,"href":"https:\/\/ubanews.com\/site\/wp-json\/wp\/v2\/comments?post=20891"}],"version-history":[{"count":0,"href":"https:\/\/ubanews.com\/site\/wp-json\/wp\/v2\/posts\/20891\/revisions"}],"wp:featuredmedia":[{"embeddable":true,"href":"https:\/\/ubanews.com\/site\/wp-json\/wp\/v2\/media\/16897"}],"wp:attachment":[{"href":"https:\/\/ubanews.com\/site\/wp-json\/wp\/v2\/media?parent=20891"}],"wp:term":[{"taxonomy":"category","embeddable":true,"href":"https:\/\/ubanews.com\/site\/wp-json\/wp\/v2\/categories?post=20891"},{"taxonomy":"post_tag","embeddable":true,"href":"https:\/\/ubanews.com\/site\/wp-json\/wp\/v2\/tags?post=20891"}],"curies":[{"name":"wp","href":"https:\/\/api.w.org\/{rel}","templated":true}]}}