{"id":20885,"date":"2021-10-27T17:24:27","date_gmt":"2021-10-27T20:24:27","guid":{"rendered":"http:\/\/ubanews.com\/site\/?p=20885"},"modified":"2021-10-27T17:24:27","modified_gmt":"2021-10-27T20:24:27","slug":"rede-municipal-de-ensino-adota-aulas-100-presenciais-a-partir-de-03-11","status":"publish","type":"post","link":"https:\/\/ubanews.com\/site\/2021\/10\/27\/rede-municipal-de-ensino-adota-aulas-100-presenciais-a-partir-de-03-11\/","title":{"rendered":"Rede Municipal de Ensino adota aulas 100% presenciais a partir de 03\/11"},"content":{"rendered":"<p style=\"font-weight: 400;\">A partir do dia 3\/11, o retorno \u00e0s aulas presenciais n\u00e3o ser\u00e1 mais facultativo em Minas Gerais.&nbsp;Em Ub\u00e1, a rede municipal de ensino retornar\u00e1 com todas as turmas de forma 100% presencial. A medida atende a atualiza\u00e7\u00e3o do Protocolo Sanit\u00e1rio de Retorno \u00e0s Atividades Escolares Presenciais.<\/p>\n<p style=\"font-weight: 400;\">O retorno presencial obrigat\u00f3rio das crian\u00e7as e adolescentes tem exce\u00e7\u00e3o somente a estudantes com condi\u00e7\u00e3o de sa\u00fade de maior fragilidade \u00e0 COVID-19, comprovada com&nbsp;atestado m\u00e9dico,<strong>&nbsp;<\/strong>protocolado\/entregue diretamente na escola.&nbsp;Em Ub\u00e1, a Secretaria Municipal de Educa\u00e7\u00e3o e as escolas da rede est\u00e3o \u00e0 disposi\u00e7\u00e3o dos pais&nbsp;e respons\u00e1veis para mais informa\u00e7\u00f5es.&nbsp;\u201cTenham certeza que iremos buscar, em parceria com as fam\u00edlias,&nbsp;uma educa\u00e7\u00e3o de qualidade no retorno presencial de 100% \u00e0s nossas crian\u00e7as e jovens\u201d, informa o secret\u00e1rio municipal de Educa\u00e7\u00e3o, Samuel Gazolla Lima.<\/p>\n<div id=\"metaslider-id-17652\" style=\"max-width: 1000px;\" class=\"ml-slider-3-106-0 metaslider metaslider-nivo metaslider-17652 ml-slider ms-theme-outline\" role=\"region\" aria-label=\"Texto\" data-height=\"200\" data-width=\"1000\">\n    <div id=\"metaslider_container_17652\">\n        <div class='slider-wrapper theme-default'><div class='ribbon'><\/div><div id='metaslider_17652' class='nivoSlider'><\/div><\/div>\n        \n    <\/div>\n<\/div>\n<p style=\"font-weight: 400;\">Pela nova vers\u00e3o do protocolo, permanecem vigentes as recomenda\u00e7\u00f5es sanit\u00e1rias como o uso correto de m\u00e1scaras cobrindo boca e nariz por todos, lavagem de m\u00e3os, etiqueta respirat\u00f3ria e a limpeza e manuten\u00e7\u00e3o frequente das instala\u00e7\u00f5es, bem como o rastreamento de contato com pessoas infectadas por covid-19 em combina\u00e7\u00e3o com isolamento e quarentena.<\/p>\n<p style=\"font-weight: 400;\">Segundo a Secretaria de Estado de Sa\u00fade de Minas Gerais, a&nbsp;determina\u00e7\u00e3o do retorno &nbsp;\u00e0s aulas foi poss\u00edvel devido \u00e0 redu\u00e7\u00e3o de casos de covid-19 no Estado em associa\u00e7\u00e3o com o avan\u00e7o da vacina\u00e7\u00e3o.<\/p>\n<p><strong>Assessoria de Comunica\u00e7\u00e3o Prefeitura de ub\u00e1<\/strong><\/p>\n<div style=\"width: 840px;\" class=\"wp-video\"><video class=\"wp-video-shortcode\" id=\"video-20885-1\" width=\"840\" height=\"473\" autoplay preload=\"auto\" controls=\"controls\"><source type=\"video\/mp4\" src=\"https:\/\/ubanews.com\/site\/wp-content\/uploads\/2020\/12\/01020002.00_00_53_25.mp4?_=1\" \/><a href=\"https:\/\/ubanews.com\/site\/wp-content\/uploads\/2020\/12\/01020002.00_00_53_25.mp4\">https:\/\/ubanews.com\/site\/wp-content\/uploads\/2020\/12\/01020002.00_00_53_25.mp4<\/a><\/video><\/div>\n","protected":false},"excerpt":{"rendered":"<p>A partir do dia 3\/11, o retorno \u00e0s aulas presenciais<\/p>\n","protected":false},"author":2,"featured_media":20886,"comment_status":"open","ping_status":"open","sticky":false,"template":"","format":"standard","meta":{"footnotes":""},"categories":[15],"tags":[],"class_list":["post-20885","post","type-post","status-publish","format-standard","has-post-thumbnail","hentry","category-prefeitura-municipal"],"yoast_head":"<!-- This site is optimized with the Yoast SEO plugin v27.2 - https:\/\/yoast.com\/product\/yoast-seo-wordpress\/ -->\n<title>Rede Municipal de Ensino adota aulas 100% presenciais a partir de 03\/11 - Ub\u00e1 News<\/title>\n<meta name=\"robots\" content=\"index, follow, max-snippet:-1, max-image-preview:large, max-video-preview:-1\" \/>\n<link rel=\"canonical\" href=\"https:\/\/ubanews.com\/site\/2021\/10\/27\/rede-municipal-de-ensino-adota-aulas-100-presenciais-a-partir-de-03-11\/\" \/>\n<meta property=\"og:locale\" content=\"pt_BR\" \/>\n<meta property=\"og:type\" content=\"article\" \/>\n<meta property=\"og:title\" content=\"Rede Municipal de Ensino adota aulas 100% presenciais a partir de 03\/11 - Ub\u00e1 News\" \/>\n<meta property=\"og:description\" content=\"A partir do dia 3\/11, o retorno \u00e0s aulas presenciais\" \/>\n<meta property=\"og:url\" content=\"https:\/\/ubanews.com\/site\/2021\/10\/27\/rede-municipal-de-ensino-adota-aulas-100-presenciais-a-partir-de-03-11\/\" \/>\n<meta property=\"og:site_name\" content=\"Ub\u00e1 News\" \/>\n<meta property=\"article:publisher\" content=\"https:\/\/www.facebook.com\/Ub%c3%a1News-Carlos-Roberto-Sodr%c3%a9-418778301977370\" \/>\n<meta property=\"article:author\" content=\"https:\/\/www.facebook.com\/carosroberto.sodre.5\/\" \/>\n<meta property=\"article:published_time\" content=\"2021-10-27T20:24:27+00:00\" \/>\n<meta property=\"og:image\" content=\"https:\/\/ubanews.com\/site\/wp-content\/uploads\/2021\/10\/869.jpg\" \/>\n\t<meta property=\"og:image:width\" content=\"1000\" \/>\n\t<meta property=\"og:image:height\" content=\"450\" \/>\n\t<meta property=\"og:image:type\" content=\"image\/jpeg\" \/>\n<meta name=\"author\" content=\"Sodr\u00e9\" \/>\n<meta name=\"twitter:card\" content=\"summary_large_image\" \/>\n<meta name=\"twitter:label1\" content=\"Escrito por\" \/>\n\t<meta name=\"twitter:data1\" content=\"Sodr\u00e9\" \/>\n\t<meta name=\"twitter:label2\" content=\"Est. tempo de leitura\" \/>\n\t<meta name=\"twitter:data2\" content=\"1 minuto\" \/>\n<script type=\"application\/ld+json\" class=\"yoast-schema-graph\">{\"@context\":\"https:\/\/schema.org\",\"@graph\":[{\"@type\":\"Article\",\"@id\":\"https:\/\/ubanews.com\/site\/2021\/10\/27\/rede-municipal-de-ensino-adota-aulas-100-presenciais-a-partir-de-03-11\/#article\",\"isPartOf\":{\"@id\":\"https:\/\/ubanews.com\/site\/2021\/10\/27\/rede-municipal-de-ensino-adota-aulas-100-presenciais-a-partir-de-03-11\/\"},\"author\":{\"name\":\"Sodr\u00e9\",\"@id\":\"https:\/\/ubanews.com\/site\/#\/schema\/person\/d90c9e47252fbb63dcc969fe4c8b9d10\"},\"headline\":\"Rede Municipal de Ensino adota aulas 100% presenciais a partir de 03\/11\",\"datePublished\":\"2021-10-27T20:24:27+00:00\",\"mainEntityOfPage\":{\"@id\":\"https:\/\/ubanews.com\/site\/2021\/10\/27\/rede-municipal-de-ensino-adota-aulas-100-presenciais-a-partir-de-03-11\/\"},\"wordCount\":292,\"commentCount\":0,\"publisher\":{\"@id\":\"https:\/\/ubanews.com\/site\/#organization\"},\"image\":{\"@id\":\"https:\/\/ubanews.com\/site\/2021\/10\/27\/rede-municipal-de-ensino-adota-aulas-100-presenciais-a-partir-de-03-11\/#primaryimage\"},\"thumbnailUrl\":\"https:\/\/ubanews.com\/site\/wp-content\/uploads\/2021\/10\/869.jpg\",\"articleSection\":[\"Prefeitura Municipal\"],\"inLanguage\":\"pt-BR\",\"potentialAction\":[{\"@type\":\"CommentAction\",\"name\":\"Comment\",\"target\":[\"https:\/\/ubanews.com\/site\/2021\/10\/27\/rede-municipal-de-ensino-adota-aulas-100-presenciais-a-partir-de-03-11\/#respond\"]}]},{\"@type\":\"WebPage\",\"@id\":\"https:\/\/ubanews.com\/site\/2021\/10\/27\/rede-municipal-de-ensino-adota-aulas-100-presenciais-a-partir-de-03-11\/\",\"url\":\"https:\/\/ubanews.com\/site\/2021\/10\/27\/rede-municipal-de-ensino-adota-aulas-100-presenciais-a-partir-de-03-11\/\",\"name\":\"Rede Municipal de Ensino adota aulas 100% presenciais a partir de 03\/11 - Ub\u00e1 News\",\"isPartOf\":{\"@id\":\"https:\/\/ubanews.com\/site\/#website\"},\"primaryImageOfPage\":{\"@id\":\"https:\/\/ubanews.com\/site\/2021\/10\/27\/rede-municipal-de-ensino-adota-aulas-100-presenciais-a-partir-de-03-11\/#primaryimage\"},\"image\":{\"@id\":\"https:\/\/ubanews.com\/site\/2021\/10\/27\/rede-municipal-de-ensino-adota-aulas-100-presenciais-a-partir-de-03-11\/#primaryimage\"},\"thumbnailUrl\":\"https:\/\/ubanews.com\/site\/wp-content\/uploads\/2021\/10\/869.jpg\",\"datePublished\":\"2021-10-27T20:24:27+00:00\",\"breadcrumb\":{\"@id\":\"https:\/\/ubanews.com\/site\/2021\/10\/27\/rede-municipal-de-ensino-adota-aulas-100-presenciais-a-partir-de-03-11\/#breadcrumb\"},\"inLanguage\":\"pt-BR\",\"potentialAction\":[{\"@type\":\"ReadAction\",\"target\":[\"https:\/\/ubanews.com\/site\/2021\/10\/27\/rede-municipal-de-ensino-adota-aulas-100-presenciais-a-partir-de-03-11\/\"]}]},{\"@type\":\"ImageObject\",\"inLanguage\":\"pt-BR\",\"@id\":\"https:\/\/ubanews.com\/site\/2021\/10\/27\/rede-municipal-de-ensino-adota-aulas-100-presenciais-a-partir-de-03-11\/#primaryimage\",\"url\":\"https:\/\/ubanews.com\/site\/wp-content\/uploads\/2021\/10\/869.jpg\",\"contentUrl\":\"https:\/\/ubanews.com\/site\/wp-content\/uploads\/2021\/10\/869.jpg\",\"width\":1000,\"height\":450},{\"@type\":\"BreadcrumbList\",\"@id\":\"https:\/\/ubanews.com\/site\/2021\/10\/27\/rede-municipal-de-ensino-adota-aulas-100-presenciais-a-partir-de-03-11\/#breadcrumb\",\"itemListElement\":[{\"@type\":\"ListItem\",\"position\":1,\"name\":\"Home\",\"item\":\"https:\/\/ubanews.com\/site\/\"},{\"@type\":\"ListItem\",\"position\":2,\"name\":\"Rede Municipal de Ensino adota aulas 100% presenciais a partir de 03\/11\"}]},{\"@type\":\"WebSite\",\"@id\":\"https:\/\/ubanews.com\/site\/#website\",\"url\":\"https:\/\/ubanews.com\/site\/\",\"name\":\"Ub\u00e1 News\",\"description\":\"\",\"publisher\":{\"@id\":\"https:\/\/ubanews.com\/site\/#organization\"},\"potentialAction\":[{\"@type\":\"SearchAction\",\"target\":{\"@type\":\"EntryPoint\",\"urlTemplate\":\"https:\/\/ubanews.com\/site\/?s={search_term_string}\"},\"query-input\":{\"@type\":\"PropertyValueSpecification\",\"valueRequired\":true,\"valueName\":\"search_term_string\"}}],\"inLanguage\":\"pt-BR\"},{\"@type\":\"Organization\",\"@id\":\"https:\/\/ubanews.com\/site\/#organization\",\"name\":\"Ub\u00e1 News\",\"url\":\"https:\/\/ubanews.com\/site\/\",\"logo\":{\"@type\":\"ImageObject\",\"inLanguage\":\"pt-BR\",\"@id\":\"https:\/\/ubanews.com\/site\/#\/schema\/logo\/image\/\",\"url\":\"https:\/\/ubanews.com\/site\/wp-content\/uploads\/2018\/01\/logoubanews.png\",\"contentUrl\":\"https:\/\/ubanews.com\/site\/wp-content\/uploads\/2018\/01\/logoubanews.png\",\"width\":261,\"height\":99,\"caption\":\"Ub\u00e1 News\"},\"image\":{\"@id\":\"https:\/\/ubanews.com\/site\/#\/schema\/logo\/image\/\"},\"sameAs\":[\"https:\/\/www.facebook.com\/Ub\u00e1News-Carlos-Roberto-Sodr\u00e9-418778301977370\"]},{\"@type\":\"Person\",\"@id\":\"https:\/\/ubanews.com\/site\/#\/schema\/person\/d90c9e47252fbb63dcc969fe4c8b9d10\",\"name\":\"Sodr\u00e9\",\"image\":{\"@type\":\"ImageObject\",\"inLanguage\":\"pt-BR\",\"@id\":\"https:\/\/secure.gravatar.com\/avatar\/5ba2793f0590b9dbfad3fdec4ee714485b3eef211c9b32ee53d414060454a56c?s=96&d=mm&r=g\",\"url\":\"https:\/\/secure.gravatar.com\/avatar\/5ba2793f0590b9dbfad3fdec4ee714485b3eef211c9b32ee53d414060454a56c?s=96&d=mm&r=g\",\"contentUrl\":\"https:\/\/secure.gravatar.com\/avatar\/5ba2793f0590b9dbfad3fdec4ee714485b3eef211c9b32ee53d414060454a56c?s=96&d=mm&r=g\",\"caption\":\"Sodr\u00e9\"},\"sameAs\":[\"https:\/\/www.facebook.com\/carosroberto.sodre.5\/\"],\"url\":\"https:\/\/ubanews.com\/site\/author\/felipe\/\"}]}<\/script>\n<!-- \/ Yoast SEO plugin. -->","yoast_head_json":{"title":"Rede Municipal de Ensino adota aulas 100% presenciais a partir de 03\/11 - Ub\u00e1 News","robots":{"index":"index","follow":"follow","max-snippet":"max-snippet:-1","max-image-preview":"max-image-preview:large","max-video-preview":"max-video-preview:-1"},"canonical":"https:\/\/ubanews.com\/site\/2021\/10\/27\/rede-municipal-de-ensino-adota-aulas-100-presenciais-a-partir-de-03-11\/","og_locale":"pt_BR","og_type":"article","og_title":"Rede Municipal de Ensino adota aulas 100% presenciais a partir de 03\/11 - Ub\u00e1 News","og_description":"A partir do dia 3\/11, o retorno \u00e0s aulas presenciais","og_url":"https:\/\/ubanews.com\/site\/2021\/10\/27\/rede-municipal-de-ensino-adota-aulas-100-presenciais-a-partir-de-03-11\/","og_site_name":"Ub\u00e1 News","article_publisher":"https:\/\/www.facebook.com\/Ub%c3%a1News-Carlos-Roberto-Sodr%c3%a9-418778301977370","article_author":"https:\/\/www.facebook.com\/carosroberto.sodre.5\/","article_published_time":"2021-10-27T20:24:27+00:00","og_image":[{"width":1000,"height":450,"url":"https:\/\/ubanews.com\/site\/wp-content\/uploads\/2021\/10\/869.jpg","type":"image\/jpeg"}],"author":"Sodr\u00e9","twitter_card":"summary_large_image","twitter_misc":{"Escrito por":"Sodr\u00e9","Est. tempo de leitura":"1 minuto"},"schema":{"@context":"https:\/\/schema.org","@graph":[{"@type":"Article","@id":"https:\/\/ubanews.com\/site\/2021\/10\/27\/rede-municipal-de-ensino-adota-aulas-100-presenciais-a-partir-de-03-11\/#article","isPartOf":{"@id":"https:\/\/ubanews.com\/site\/2021\/10\/27\/rede-municipal-de-ensino-adota-aulas-100-presenciais-a-partir-de-03-11\/"},"author":{"name":"Sodr\u00e9","@id":"https:\/\/ubanews.com\/site\/#\/schema\/person\/d90c9e47252fbb63dcc969fe4c8b9d10"},"headline":"Rede Municipal de Ensino adota aulas 100% presenciais a partir de 03\/11","datePublished":"2021-10-27T20:24:27+00:00","mainEntityOfPage":{"@id":"https:\/\/ubanews.com\/site\/2021\/10\/27\/rede-municipal-de-ensino-adota-aulas-100-presenciais-a-partir-de-03-11\/"},"wordCount":292,"commentCount":0,"publisher":{"@id":"https:\/\/ubanews.com\/site\/#organization"},"image":{"@id":"https:\/\/ubanews.com\/site\/2021\/10\/27\/rede-municipal-de-ensino-adota-aulas-100-presenciais-a-partir-de-03-11\/#primaryimage"},"thumbnailUrl":"https:\/\/ubanews.com\/site\/wp-content\/uploads\/2021\/10\/869.jpg","articleSection":["Prefeitura Municipal"],"inLanguage":"pt-BR","potentialAction":[{"@type":"CommentAction","name":"Comment","target":["https:\/\/ubanews.com\/site\/2021\/10\/27\/rede-municipal-de-ensino-adota-aulas-100-presenciais-a-partir-de-03-11\/#respond"]}]},{"@type":"WebPage","@id":"https:\/\/ubanews.com\/site\/2021\/10\/27\/rede-municipal-de-ensino-adota-aulas-100-presenciais-a-partir-de-03-11\/","url":"https:\/\/ubanews.com\/site\/2021\/10\/27\/rede-municipal-de-ensino-adota-aulas-100-presenciais-a-partir-de-03-11\/","name":"Rede Municipal de Ensino adota aulas 100% presenciais a partir de 03\/11 - Ub\u00e1 News","isPartOf":{"@id":"https:\/\/ubanews.com\/site\/#website"},"primaryImageOfPage":{"@id":"https:\/\/ubanews.com\/site\/2021\/10\/27\/rede-municipal-de-ensino-adota-aulas-100-presenciais-a-partir-de-03-11\/#primaryimage"},"image":{"@id":"https:\/\/ubanews.com\/site\/2021\/10\/27\/rede-municipal-de-ensino-adota-aulas-100-presenciais-a-partir-de-03-11\/#primaryimage"},"thumbnailUrl":"https:\/\/ubanews.com\/site\/wp-content\/uploads\/2021\/10\/869.jpg","datePublished":"2021-10-27T20:24:27+00:00","breadcrumb":{"@id":"https:\/\/ubanews.com\/site\/2021\/10\/27\/rede-municipal-de-ensino-adota-aulas-100-presenciais-a-partir-de-03-11\/#breadcrumb"},"inLanguage":"pt-BR","potentialAction":[{"@type":"ReadAction","target":["https:\/\/ubanews.com\/site\/2021\/10\/27\/rede-municipal-de-ensino-adota-aulas-100-presenciais-a-partir-de-03-11\/"]}]},{"@type":"ImageObject","inLanguage":"pt-BR","@id":"https:\/\/ubanews.com\/site\/2021\/10\/27\/rede-municipal-de-ensino-adota-aulas-100-presenciais-a-partir-de-03-11\/#primaryimage","url":"https:\/\/ubanews.com\/site\/wp-content\/uploads\/2021\/10\/869.jpg","contentUrl":"https:\/\/ubanews.com\/site\/wp-content\/uploads\/2021\/10\/869.jpg","width":1000,"height":450},{"@type":"BreadcrumbList","@id":"https:\/\/ubanews.com\/site\/2021\/10\/27\/rede-municipal-de-ensino-adota-aulas-100-presenciais-a-partir-de-03-11\/#breadcrumb","itemListElement":[{"@type":"ListItem","position":1,"name":"Home","item":"https:\/\/ubanews.com\/site\/"},{"@type":"ListItem","position":2,"name":"Rede Municipal de Ensino adota aulas 100% presenciais a partir de 03\/11"}]},{"@type":"WebSite","@id":"https:\/\/ubanews.com\/site\/#website","url":"https:\/\/ubanews.com\/site\/","name":"Ub\u00e1 News","description":"","publisher":{"@id":"https:\/\/ubanews.com\/site\/#organization"},"potentialAction":[{"@type":"SearchAction","target":{"@type":"EntryPoint","urlTemplate":"https:\/\/ubanews.com\/site\/?s={search_term_string}"},"query-input":{"@type":"PropertyValueSpecification","valueRequired":true,"valueName":"search_term_string"}}],"inLanguage":"pt-BR"},{"@type":"Organization","@id":"https:\/\/ubanews.com\/site\/#organization","name":"Ub\u00e1 News","url":"https:\/\/ubanews.com\/site\/","logo":{"@type":"ImageObject","inLanguage":"pt-BR","@id":"https:\/\/ubanews.com\/site\/#\/schema\/logo\/image\/","url":"https:\/\/ubanews.com\/site\/wp-content\/uploads\/2018\/01\/logoubanews.png","contentUrl":"https:\/\/ubanews.com\/site\/wp-content\/uploads\/2018\/01\/logoubanews.png","width":261,"height":99,"caption":"Ub\u00e1 News"},"image":{"@id":"https:\/\/ubanews.com\/site\/#\/schema\/logo\/image\/"},"sameAs":["https:\/\/www.facebook.com\/Ub\u00e1News-Carlos-Roberto-Sodr\u00e9-418778301977370"]},{"@type":"Person","@id":"https:\/\/ubanews.com\/site\/#\/schema\/person\/d90c9e47252fbb63dcc969fe4c8b9d10","name":"Sodr\u00e9","image":{"@type":"ImageObject","inLanguage":"pt-BR","@id":"https:\/\/secure.gravatar.com\/avatar\/5ba2793f0590b9dbfad3fdec4ee714485b3eef211c9b32ee53d414060454a56c?s=96&d=mm&r=g","url":"https:\/\/secure.gravatar.com\/avatar\/5ba2793f0590b9dbfad3fdec4ee714485b3eef211c9b32ee53d414060454a56c?s=96&d=mm&r=g","contentUrl":"https:\/\/secure.gravatar.com\/avatar\/5ba2793f0590b9dbfad3fdec4ee714485b3eef211c9b32ee53d414060454a56c?s=96&d=mm&r=g","caption":"Sodr\u00e9"},"sameAs":["https:\/\/www.facebook.com\/carosroberto.sodre.5\/"],"url":"https:\/\/ubanews.com\/site\/author\/felipe\/"}]}},"_links":{"self":[{"href":"https:\/\/ubanews.com\/site\/wp-json\/wp\/v2\/posts\/20885","targetHints":{"allow":["GET"]}}],"collection":[{"href":"https:\/\/ubanews.com\/site\/wp-json\/wp\/v2\/posts"}],"about":[{"href":"https:\/\/ubanews.com\/site\/wp-json\/wp\/v2\/types\/post"}],"author":[{"embeddable":true,"href":"https:\/\/ubanews.com\/site\/wp-json\/wp\/v2\/users\/2"}],"replies":[{"embeddable":true,"href":"https:\/\/ubanews.com\/site\/wp-json\/wp\/v2\/comments?post=20885"}],"version-history":[{"count":0,"href":"https:\/\/ubanews.com\/site\/wp-json\/wp\/v2\/posts\/20885\/revisions"}],"wp:featuredmedia":[{"embeddable":true,"href":"https:\/\/ubanews.com\/site\/wp-json\/wp\/v2\/media\/20886"}],"wp:attachment":[{"href":"https:\/\/ubanews.com\/site\/wp-json\/wp\/v2\/media?parent=20885"}],"wp:term":[{"taxonomy":"category","embeddable":true,"href":"https:\/\/ubanews.com\/site\/wp-json\/wp\/v2\/categories?post=20885"},{"taxonomy":"post_tag","embeddable":true,"href":"https:\/\/ubanews.com\/site\/wp-json\/wp\/v2\/tags?post=20885"}],"curies":[{"name":"wp","href":"https:\/\/api.w.org\/{rel}","templated":true}]}}