{"id":20856,"date":"2021-10-21T19:36:39","date_gmt":"2021-10-21T22:36:39","guid":{"rendered":"http:\/\/ubanews.com\/site\/?p=20856"},"modified":"2021-10-21T19:36:39","modified_gmt":"2021-10-21T22:36:39","slug":"educacao-divulga-edital-de-processo-seletivo-para-contratacao-de-professor-de-apoio","status":"publish","type":"post","link":"https:\/\/ubanews.com\/site\/2021\/10\/21\/educacao-divulga-edital-de-processo-seletivo-para-contratacao-de-professor-de-apoio\/","title":{"rendered":"Educa\u00e7\u00e3o divulga Edital de Processo Seletivo para contrata\u00e7\u00e3o de Professor de Apoio"},"content":{"rendered":"<p style=\"font-weight: 400;\">A Prefeitura de Ub\u00e1, por meio da Secretaria de Educa\u00e7\u00e3o, divulgou o Edital 02\/2021 de Processo Seletivo Simplificado para contrata\u00e7\u00e3o tempor\u00e1ria de Profissional Especializado &#8211; Professor AI de Apoio para atua\u00e7\u00e3o na Rede Municipal de Ensino, &nbsp;a partir do primeiro semestre do ano de 2022. As inscri\u00e7\u00f5es ser\u00e3o realizadas de&nbsp;<strong><u>25 de outubro a 12 de novembro<\/u><\/strong>&nbsp;de 2021.<\/p>\n<p style=\"font-weight: 400;\">O candidato deve preencher o formul\u00e1rio de inscri\u00e7\u00e3o (Anexo IV do Edital) e apresentar os documentos para pontua\u00e7\u00e3o de t\u00edtulos e comprova\u00e7\u00e3o de tempo de servi\u00e7o, juntamente com o comprovante de pagamento da taxa no valor R$70,00 (sessenta e cinco reais), na Secretaria Municipal de Educa\u00e7\u00e3o (situada na rua Cel. Carlos Brand\u00e3o, 108, centro), no hor\u00e1rio de 7h30 \u00e0s 15h30, para confirma\u00e7\u00e3o da inscri\u00e7\u00e3o.<\/p>\n<div id=\"metaslider-id-17652\" style=\"max-width: 1000px;\" class=\"ml-slider-3-106-0 metaslider metaslider-nivo metaslider-17652 ml-slider ms-theme-outline\" role=\"region\" aria-label=\"Texto\" data-height=\"200\" data-width=\"1000\">\n    <div id=\"metaslider_container_17652\">\n        <div class='slider-wrapper theme-default'><div class='ribbon'><\/div><div id='metaslider_17652' class='nivoSlider'><\/div><\/div>\n        \n    <\/div>\n<\/div>\n<p style=\"font-weight: 400;\">O pagamento da taxa de inscri\u00e7\u00e3o dever\u00e1 ser realizado em ag\u00eancia banc\u00e1ria do Banco do Brasil, Ag\u00eancia: 0270 \u2013 4, Conta: 37.238 \u2013 2, atrav\u00e9s de dep\u00f3sito identificado, em nome da Prefeitura Municipal de Ub\u00e1, CNPJ: 18.128.207 \/ 0001 \u2013 01.<\/p>\n<p style=\"font-weight: 400;\">Para participar, o candidato dever\u00e1 comprovar a habilita\u00e7\u00e3o\/escolaridade exigida para o cargo, acrescidas<strong>&nbsp;<\/strong><strong><u>obrigatoriamente<\/u><\/strong>&nbsp;da forma\u00e7\u00e3o especializada. A sele\u00e7\u00e3o dos candidatos ser\u00e1 realizada atrav\u00e9s da an\u00e1lise e da comprova\u00e7\u00e3o dos t\u00edtulos acad\u00eamicos e dos documentos comprobat\u00f3rios do tempo de experi\u00eancia como professor de apoio\/Educa\u00e7\u00e3o Especial na Educa\u00e7\u00e3o B\u00e1sica.<\/p>\n<p style=\"font-weight: 400;\">O resultado final do Processo Seletivo ser\u00e1 divulgado no dia 20 de dezembro de 2021.<\/p>\n<p style=\"font-weight: 400;\">Confira o Edital 02\/2021 e seus anexos&nbsp;<strong><em><a href=\"https:\/\/transparencia.uba.mg.gov.br\/detalhe-do-processo-seletivo\/info\/processo-seletivo-simplificado-2-2021\/41\" data-saferedirecturl=\"https:\/\/www.google.com\/url?q=https:\/\/transparencia.uba.mg.gov.br\/detalhe-do-processo-seletivo\/info\/processo-seletivo-simplificado-2-2021\/41&amp;source=gmail&amp;ust=1634940574230000&amp;usg=AFQjCNFnArZgGOMVpJMCgmEuMw3Et7sCGw\">aqui<\/a><\/em><\/strong><\/p>\n<p><strong>Assessoria de Comunica\u00e7\u00e3o Prefeitura de Ub\u00e1<\/strong><\/p>\n<div style=\"width: 840px;\" class=\"wp-video\"><video class=\"wp-video-shortcode\" id=\"video-20856-1\" width=\"840\" height=\"473\" autoplay preload=\"auto\" controls=\"controls\"><source type=\"video\/mp4\" src=\"https:\/\/ubanews.com\/site\/wp-content\/uploads\/2020\/12\/01020002.00_00_53_25.mp4?_=1\" \/><a href=\"https:\/\/ubanews.com\/site\/wp-content\/uploads\/2020\/12\/01020002.00_00_53_25.mp4\">https:\/\/ubanews.com\/site\/wp-content\/uploads\/2020\/12\/01020002.00_00_53_25.mp4<\/a><\/video><\/div>\n","protected":false},"excerpt":{"rendered":"<p>A Prefeitura de Ub\u00e1, por meio da Secretaria de Educa\u00e7\u00e3o,<\/p>\n","protected":false},"author":2,"featured_media":20857,"comment_status":"open","ping_status":"open","sticky":false,"template":"","format":"standard","meta":{"footnotes":""},"categories":[15],"tags":[],"class_list":["post-20856","post","type-post","status-publish","format-standard","has-post-thumbnail","hentry","category-prefeitura-municipal"],"yoast_head":"<!-- This site is optimized with the Yoast SEO plugin v27.2 - https:\/\/yoast.com\/product\/yoast-seo-wordpress\/ -->\n<title>Educa\u00e7\u00e3o divulga Edital de Processo Seletivo para contrata\u00e7\u00e3o de Professor de Apoio - Ub\u00e1 News<\/title>\n<meta name=\"robots\" content=\"index, follow, max-snippet:-1, max-image-preview:large, max-video-preview:-1\" \/>\n<link rel=\"canonical\" href=\"https:\/\/ubanews.com\/site\/2021\/10\/21\/educacao-divulga-edital-de-processo-seletivo-para-contratacao-de-professor-de-apoio\/\" \/>\n<meta property=\"og:locale\" content=\"pt_BR\" \/>\n<meta property=\"og:type\" content=\"article\" \/>\n<meta property=\"og:title\" content=\"Educa\u00e7\u00e3o divulga Edital de Processo Seletivo para contrata\u00e7\u00e3o de Professor de Apoio - Ub\u00e1 News\" \/>\n<meta property=\"og:description\" content=\"A Prefeitura de Ub\u00e1, por meio da Secretaria de Educa\u00e7\u00e3o,\" \/>\n<meta property=\"og:url\" content=\"https:\/\/ubanews.com\/site\/2021\/10\/21\/educacao-divulga-edital-de-processo-seletivo-para-contratacao-de-professor-de-apoio\/\" \/>\n<meta property=\"og:site_name\" content=\"Ub\u00e1 News\" \/>\n<meta property=\"article:publisher\" content=\"https:\/\/www.facebook.com\/Ub%c3%a1News-Carlos-Roberto-Sodr%c3%a9-418778301977370\" \/>\n<meta property=\"article:author\" content=\"https:\/\/www.facebook.com\/carosroberto.sodre.5\/\" \/>\n<meta property=\"article:published_time\" content=\"2021-10-21T22:36:39+00:00\" \/>\n<meta property=\"og:image\" content=\"https:\/\/ubanews.com\/site\/wp-content\/uploads\/2021\/10\/859.jpg\" \/>\n\t<meta property=\"og:image:width\" content=\"1000\" \/>\n\t<meta property=\"og:image:height\" content=\"450\" \/>\n\t<meta property=\"og:image:type\" content=\"image\/jpeg\" \/>\n<meta name=\"author\" content=\"Sodr\u00e9\" \/>\n<meta name=\"twitter:card\" content=\"summary_large_image\" \/>\n<meta name=\"twitter:label1\" content=\"Escrito por\" \/>\n\t<meta name=\"twitter:data1\" content=\"Sodr\u00e9\" \/>\n\t<meta name=\"twitter:label2\" content=\"Est. tempo de leitura\" \/>\n\t<meta name=\"twitter:data2\" content=\"2 minutos\" \/>\n<script type=\"application\/ld+json\" class=\"yoast-schema-graph\">{\"@context\":\"https:\/\/schema.org\",\"@graph\":[{\"@type\":\"Article\",\"@id\":\"https:\/\/ubanews.com\/site\/2021\/10\/21\/educacao-divulga-edital-de-processo-seletivo-para-contratacao-de-professor-de-apoio\/#article\",\"isPartOf\":{\"@id\":\"https:\/\/ubanews.com\/site\/2021\/10\/21\/educacao-divulga-edital-de-processo-seletivo-para-contratacao-de-professor-de-apoio\/\"},\"author\":{\"name\":\"Sodr\u00e9\",\"@id\":\"https:\/\/ubanews.com\/site\/#\/schema\/person\/d90c9e47252fbb63dcc969fe4c8b9d10\"},\"headline\":\"Educa\u00e7\u00e3o divulga Edital de Processo Seletivo para contrata\u00e7\u00e3o de Professor de Apoio\",\"datePublished\":\"2021-10-21T22:36:39+00:00\",\"mainEntityOfPage\":{\"@id\":\"https:\/\/ubanews.com\/site\/2021\/10\/21\/educacao-divulga-edital-de-processo-seletivo-para-contratacao-de-professor-de-apoio\/\"},\"wordCount\":298,\"commentCount\":0,\"publisher\":{\"@id\":\"https:\/\/ubanews.com\/site\/#organization\"},\"image\":{\"@id\":\"https:\/\/ubanews.com\/site\/2021\/10\/21\/educacao-divulga-edital-de-processo-seletivo-para-contratacao-de-professor-de-apoio\/#primaryimage\"},\"thumbnailUrl\":\"https:\/\/ubanews.com\/site\/wp-content\/uploads\/2021\/10\/859.jpg\",\"articleSection\":[\"Prefeitura Municipal\"],\"inLanguage\":\"pt-BR\",\"potentialAction\":[{\"@type\":\"CommentAction\",\"name\":\"Comment\",\"target\":[\"https:\/\/ubanews.com\/site\/2021\/10\/21\/educacao-divulga-edital-de-processo-seletivo-para-contratacao-de-professor-de-apoio\/#respond\"]}]},{\"@type\":\"WebPage\",\"@id\":\"https:\/\/ubanews.com\/site\/2021\/10\/21\/educacao-divulga-edital-de-processo-seletivo-para-contratacao-de-professor-de-apoio\/\",\"url\":\"https:\/\/ubanews.com\/site\/2021\/10\/21\/educacao-divulga-edital-de-processo-seletivo-para-contratacao-de-professor-de-apoio\/\",\"name\":\"Educa\u00e7\u00e3o divulga Edital de Processo Seletivo para contrata\u00e7\u00e3o de Professor de Apoio - Ub\u00e1 News\",\"isPartOf\":{\"@id\":\"https:\/\/ubanews.com\/site\/#website\"},\"primaryImageOfPage\":{\"@id\":\"https:\/\/ubanews.com\/site\/2021\/10\/21\/educacao-divulga-edital-de-processo-seletivo-para-contratacao-de-professor-de-apoio\/#primaryimage\"},\"image\":{\"@id\":\"https:\/\/ubanews.com\/site\/2021\/10\/21\/educacao-divulga-edital-de-processo-seletivo-para-contratacao-de-professor-de-apoio\/#primaryimage\"},\"thumbnailUrl\":\"https:\/\/ubanews.com\/site\/wp-content\/uploads\/2021\/10\/859.jpg\",\"datePublished\":\"2021-10-21T22:36:39+00:00\",\"breadcrumb\":{\"@id\":\"https:\/\/ubanews.com\/site\/2021\/10\/21\/educacao-divulga-edital-de-processo-seletivo-para-contratacao-de-professor-de-apoio\/#breadcrumb\"},\"inLanguage\":\"pt-BR\",\"potentialAction\":[{\"@type\":\"ReadAction\",\"target\":[\"https:\/\/ubanews.com\/site\/2021\/10\/21\/educacao-divulga-edital-de-processo-seletivo-para-contratacao-de-professor-de-apoio\/\"]}]},{\"@type\":\"ImageObject\",\"inLanguage\":\"pt-BR\",\"@id\":\"https:\/\/ubanews.com\/site\/2021\/10\/21\/educacao-divulga-edital-de-processo-seletivo-para-contratacao-de-professor-de-apoio\/#primaryimage\",\"url\":\"https:\/\/ubanews.com\/site\/wp-content\/uploads\/2021\/10\/859.jpg\",\"contentUrl\":\"https:\/\/ubanews.com\/site\/wp-content\/uploads\/2021\/10\/859.jpg\",\"width\":1000,\"height\":450},{\"@type\":\"BreadcrumbList\",\"@id\":\"https:\/\/ubanews.com\/site\/2021\/10\/21\/educacao-divulga-edital-de-processo-seletivo-para-contratacao-de-professor-de-apoio\/#breadcrumb\",\"itemListElement\":[{\"@type\":\"ListItem\",\"position\":1,\"name\":\"Home\",\"item\":\"https:\/\/ubanews.com\/site\/\"},{\"@type\":\"ListItem\",\"position\":2,\"name\":\"Educa\u00e7\u00e3o divulga Edital de Processo Seletivo para contrata\u00e7\u00e3o de Professor de Apoio\"}]},{\"@type\":\"WebSite\",\"@id\":\"https:\/\/ubanews.com\/site\/#website\",\"url\":\"https:\/\/ubanews.com\/site\/\",\"name\":\"Ub\u00e1 News\",\"description\":\"\",\"publisher\":{\"@id\":\"https:\/\/ubanews.com\/site\/#organization\"},\"potentialAction\":[{\"@type\":\"SearchAction\",\"target\":{\"@type\":\"EntryPoint\",\"urlTemplate\":\"https:\/\/ubanews.com\/site\/?s={search_term_string}\"},\"query-input\":{\"@type\":\"PropertyValueSpecification\",\"valueRequired\":true,\"valueName\":\"search_term_string\"}}],\"inLanguage\":\"pt-BR\"},{\"@type\":\"Organization\",\"@id\":\"https:\/\/ubanews.com\/site\/#organization\",\"name\":\"Ub\u00e1 News\",\"url\":\"https:\/\/ubanews.com\/site\/\",\"logo\":{\"@type\":\"ImageObject\",\"inLanguage\":\"pt-BR\",\"@id\":\"https:\/\/ubanews.com\/site\/#\/schema\/logo\/image\/\",\"url\":\"https:\/\/ubanews.com\/site\/wp-content\/uploads\/2018\/01\/logoubanews.png\",\"contentUrl\":\"https:\/\/ubanews.com\/site\/wp-content\/uploads\/2018\/01\/logoubanews.png\",\"width\":261,\"height\":99,\"caption\":\"Ub\u00e1 News\"},\"image\":{\"@id\":\"https:\/\/ubanews.com\/site\/#\/schema\/logo\/image\/\"},\"sameAs\":[\"https:\/\/www.facebook.com\/Ub\u00e1News-Carlos-Roberto-Sodr\u00e9-418778301977370\"]},{\"@type\":\"Person\",\"@id\":\"https:\/\/ubanews.com\/site\/#\/schema\/person\/d90c9e47252fbb63dcc969fe4c8b9d10\",\"name\":\"Sodr\u00e9\",\"image\":{\"@type\":\"ImageObject\",\"inLanguage\":\"pt-BR\",\"@id\":\"https:\/\/secure.gravatar.com\/avatar\/5ba2793f0590b9dbfad3fdec4ee714485b3eef211c9b32ee53d414060454a56c?s=96&d=mm&r=g\",\"url\":\"https:\/\/secure.gravatar.com\/avatar\/5ba2793f0590b9dbfad3fdec4ee714485b3eef211c9b32ee53d414060454a56c?s=96&d=mm&r=g\",\"contentUrl\":\"https:\/\/secure.gravatar.com\/avatar\/5ba2793f0590b9dbfad3fdec4ee714485b3eef211c9b32ee53d414060454a56c?s=96&d=mm&r=g\",\"caption\":\"Sodr\u00e9\"},\"sameAs\":[\"https:\/\/www.facebook.com\/carosroberto.sodre.5\/\"],\"url\":\"https:\/\/ubanews.com\/site\/author\/felipe\/\"}]}<\/script>\n<!-- \/ Yoast SEO plugin. -->","yoast_head_json":{"title":"Educa\u00e7\u00e3o divulga Edital de Processo Seletivo para contrata\u00e7\u00e3o de Professor de Apoio - Ub\u00e1 News","robots":{"index":"index","follow":"follow","max-snippet":"max-snippet:-1","max-image-preview":"max-image-preview:large","max-video-preview":"max-video-preview:-1"},"canonical":"https:\/\/ubanews.com\/site\/2021\/10\/21\/educacao-divulga-edital-de-processo-seletivo-para-contratacao-de-professor-de-apoio\/","og_locale":"pt_BR","og_type":"article","og_title":"Educa\u00e7\u00e3o divulga Edital de Processo Seletivo para contrata\u00e7\u00e3o de Professor de Apoio - Ub\u00e1 News","og_description":"A Prefeitura de Ub\u00e1, por meio da Secretaria de Educa\u00e7\u00e3o,","og_url":"https:\/\/ubanews.com\/site\/2021\/10\/21\/educacao-divulga-edital-de-processo-seletivo-para-contratacao-de-professor-de-apoio\/","og_site_name":"Ub\u00e1 News","article_publisher":"https:\/\/www.facebook.com\/Ub%c3%a1News-Carlos-Roberto-Sodr%c3%a9-418778301977370","article_author":"https:\/\/www.facebook.com\/carosroberto.sodre.5\/","article_published_time":"2021-10-21T22:36:39+00:00","og_image":[{"width":1000,"height":450,"url":"https:\/\/ubanews.com\/site\/wp-content\/uploads\/2021\/10\/859.jpg","type":"image\/jpeg"}],"author":"Sodr\u00e9","twitter_card":"summary_large_image","twitter_misc":{"Escrito por":"Sodr\u00e9","Est. tempo de leitura":"2 minutos"},"schema":{"@context":"https:\/\/schema.org","@graph":[{"@type":"Article","@id":"https:\/\/ubanews.com\/site\/2021\/10\/21\/educacao-divulga-edital-de-processo-seletivo-para-contratacao-de-professor-de-apoio\/#article","isPartOf":{"@id":"https:\/\/ubanews.com\/site\/2021\/10\/21\/educacao-divulga-edital-de-processo-seletivo-para-contratacao-de-professor-de-apoio\/"},"author":{"name":"Sodr\u00e9","@id":"https:\/\/ubanews.com\/site\/#\/schema\/person\/d90c9e47252fbb63dcc969fe4c8b9d10"},"headline":"Educa\u00e7\u00e3o divulga Edital de Processo Seletivo para contrata\u00e7\u00e3o de Professor de Apoio","datePublished":"2021-10-21T22:36:39+00:00","mainEntityOfPage":{"@id":"https:\/\/ubanews.com\/site\/2021\/10\/21\/educacao-divulga-edital-de-processo-seletivo-para-contratacao-de-professor-de-apoio\/"},"wordCount":298,"commentCount":0,"publisher":{"@id":"https:\/\/ubanews.com\/site\/#organization"},"image":{"@id":"https:\/\/ubanews.com\/site\/2021\/10\/21\/educacao-divulga-edital-de-processo-seletivo-para-contratacao-de-professor-de-apoio\/#primaryimage"},"thumbnailUrl":"https:\/\/ubanews.com\/site\/wp-content\/uploads\/2021\/10\/859.jpg","articleSection":["Prefeitura Municipal"],"inLanguage":"pt-BR","potentialAction":[{"@type":"CommentAction","name":"Comment","target":["https:\/\/ubanews.com\/site\/2021\/10\/21\/educacao-divulga-edital-de-processo-seletivo-para-contratacao-de-professor-de-apoio\/#respond"]}]},{"@type":"WebPage","@id":"https:\/\/ubanews.com\/site\/2021\/10\/21\/educacao-divulga-edital-de-processo-seletivo-para-contratacao-de-professor-de-apoio\/","url":"https:\/\/ubanews.com\/site\/2021\/10\/21\/educacao-divulga-edital-de-processo-seletivo-para-contratacao-de-professor-de-apoio\/","name":"Educa\u00e7\u00e3o divulga Edital de Processo Seletivo para contrata\u00e7\u00e3o de Professor de Apoio - Ub\u00e1 News","isPartOf":{"@id":"https:\/\/ubanews.com\/site\/#website"},"primaryImageOfPage":{"@id":"https:\/\/ubanews.com\/site\/2021\/10\/21\/educacao-divulga-edital-de-processo-seletivo-para-contratacao-de-professor-de-apoio\/#primaryimage"},"image":{"@id":"https:\/\/ubanews.com\/site\/2021\/10\/21\/educacao-divulga-edital-de-processo-seletivo-para-contratacao-de-professor-de-apoio\/#primaryimage"},"thumbnailUrl":"https:\/\/ubanews.com\/site\/wp-content\/uploads\/2021\/10\/859.jpg","datePublished":"2021-10-21T22:36:39+00:00","breadcrumb":{"@id":"https:\/\/ubanews.com\/site\/2021\/10\/21\/educacao-divulga-edital-de-processo-seletivo-para-contratacao-de-professor-de-apoio\/#breadcrumb"},"inLanguage":"pt-BR","potentialAction":[{"@type":"ReadAction","target":["https:\/\/ubanews.com\/site\/2021\/10\/21\/educacao-divulga-edital-de-processo-seletivo-para-contratacao-de-professor-de-apoio\/"]}]},{"@type":"ImageObject","inLanguage":"pt-BR","@id":"https:\/\/ubanews.com\/site\/2021\/10\/21\/educacao-divulga-edital-de-processo-seletivo-para-contratacao-de-professor-de-apoio\/#primaryimage","url":"https:\/\/ubanews.com\/site\/wp-content\/uploads\/2021\/10\/859.jpg","contentUrl":"https:\/\/ubanews.com\/site\/wp-content\/uploads\/2021\/10\/859.jpg","width":1000,"height":450},{"@type":"BreadcrumbList","@id":"https:\/\/ubanews.com\/site\/2021\/10\/21\/educacao-divulga-edital-de-processo-seletivo-para-contratacao-de-professor-de-apoio\/#breadcrumb","itemListElement":[{"@type":"ListItem","position":1,"name":"Home","item":"https:\/\/ubanews.com\/site\/"},{"@type":"ListItem","position":2,"name":"Educa\u00e7\u00e3o divulga Edital de Processo Seletivo para contrata\u00e7\u00e3o de Professor de Apoio"}]},{"@type":"WebSite","@id":"https:\/\/ubanews.com\/site\/#website","url":"https:\/\/ubanews.com\/site\/","name":"Ub\u00e1 News","description":"","publisher":{"@id":"https:\/\/ubanews.com\/site\/#organization"},"potentialAction":[{"@type":"SearchAction","target":{"@type":"EntryPoint","urlTemplate":"https:\/\/ubanews.com\/site\/?s={search_term_string}"},"query-input":{"@type":"PropertyValueSpecification","valueRequired":true,"valueName":"search_term_string"}}],"inLanguage":"pt-BR"},{"@type":"Organization","@id":"https:\/\/ubanews.com\/site\/#organization","name":"Ub\u00e1 News","url":"https:\/\/ubanews.com\/site\/","logo":{"@type":"ImageObject","inLanguage":"pt-BR","@id":"https:\/\/ubanews.com\/site\/#\/schema\/logo\/image\/","url":"https:\/\/ubanews.com\/site\/wp-content\/uploads\/2018\/01\/logoubanews.png","contentUrl":"https:\/\/ubanews.com\/site\/wp-content\/uploads\/2018\/01\/logoubanews.png","width":261,"height":99,"caption":"Ub\u00e1 News"},"image":{"@id":"https:\/\/ubanews.com\/site\/#\/schema\/logo\/image\/"},"sameAs":["https:\/\/www.facebook.com\/Ub\u00e1News-Carlos-Roberto-Sodr\u00e9-418778301977370"]},{"@type":"Person","@id":"https:\/\/ubanews.com\/site\/#\/schema\/person\/d90c9e47252fbb63dcc969fe4c8b9d10","name":"Sodr\u00e9","image":{"@type":"ImageObject","inLanguage":"pt-BR","@id":"https:\/\/secure.gravatar.com\/avatar\/5ba2793f0590b9dbfad3fdec4ee714485b3eef211c9b32ee53d414060454a56c?s=96&d=mm&r=g","url":"https:\/\/secure.gravatar.com\/avatar\/5ba2793f0590b9dbfad3fdec4ee714485b3eef211c9b32ee53d414060454a56c?s=96&d=mm&r=g","contentUrl":"https:\/\/secure.gravatar.com\/avatar\/5ba2793f0590b9dbfad3fdec4ee714485b3eef211c9b32ee53d414060454a56c?s=96&d=mm&r=g","caption":"Sodr\u00e9"},"sameAs":["https:\/\/www.facebook.com\/carosroberto.sodre.5\/"],"url":"https:\/\/ubanews.com\/site\/author\/felipe\/"}]}},"_links":{"self":[{"href":"https:\/\/ubanews.com\/site\/wp-json\/wp\/v2\/posts\/20856","targetHints":{"allow":["GET"]}}],"collection":[{"href":"https:\/\/ubanews.com\/site\/wp-json\/wp\/v2\/posts"}],"about":[{"href":"https:\/\/ubanews.com\/site\/wp-json\/wp\/v2\/types\/post"}],"author":[{"embeddable":true,"href":"https:\/\/ubanews.com\/site\/wp-json\/wp\/v2\/users\/2"}],"replies":[{"embeddable":true,"href":"https:\/\/ubanews.com\/site\/wp-json\/wp\/v2\/comments?post=20856"}],"version-history":[{"count":0,"href":"https:\/\/ubanews.com\/site\/wp-json\/wp\/v2\/posts\/20856\/revisions"}],"wp:featuredmedia":[{"embeddable":true,"href":"https:\/\/ubanews.com\/site\/wp-json\/wp\/v2\/media\/20857"}],"wp:attachment":[{"href":"https:\/\/ubanews.com\/site\/wp-json\/wp\/v2\/media?parent=20856"}],"wp:term":[{"taxonomy":"category","embeddable":true,"href":"https:\/\/ubanews.com\/site\/wp-json\/wp\/v2\/categories?post=20856"},{"taxonomy":"post_tag","embeddable":true,"href":"https:\/\/ubanews.com\/site\/wp-json\/wp\/v2\/tags?post=20856"}],"curies":[{"name":"wp","href":"https:\/\/api.w.org\/{rel}","templated":true}]}}