{"id":2085,"date":"2018-04-14T14:46:34","date_gmt":"2018-04-14T17:46:34","guid":{"rendered":"http:\/\/ubanews.com\/site\/?p=2085"},"modified":"2018-04-27T21:34:44","modified_gmt":"2018-04-28T00:34:44","slug":"professores-dos-cursos-tecnicos-do-raul-realizaram-uma-amostra-para-pais-e-alunos-em-mais-um-sabado-letivo","status":"publish","type":"post","link":"https:\/\/ubanews.com\/site\/2018\/04\/14\/professores-dos-cursos-tecnicos-do-raul-realizaram-uma-amostra-para-pais-e-alunos-em-mais-um-sabado-letivo\/","title":{"rendered":"PROFESSORES DOS CURSOS T\u00c9CNICOS DO RAUL realizARAM UMA AMOSTRA para PAIS e alunos EM MAIS UM S\u00c1BADO LETIVO"},"content":{"rendered":"<p><img decoding=\"async\" class=\"alignnone size-full wp-image-2086 lazyload\" data-src=\"https:\/\/ubanews.com\/site\/wp-content\/uploads\/2018\/04\/DSC1375-c\u00f3pia.jpg\" alt=\"\" width=\"4724\" height=\"2954\" data-srcset=\"https:\/\/ubanews.com\/site\/wp-content\/uploads\/2018\/04\/DSC1375-c\u00f3pia.jpg 4724w, https:\/\/ubanews.com\/site\/wp-content\/uploads\/2018\/04\/DSC1375-c\u00f3pia-300x188.jpg 300w, https:\/\/ubanews.com\/site\/wp-content\/uploads\/2018\/04\/DSC1375-c\u00f3pia-768x480.jpg 768w, https:\/\/ubanews.com\/site\/wp-content\/uploads\/2018\/04\/DSC1375-c\u00f3pia-1024x640.jpg 1024w\" data-sizes=\"(max-width: 4724px) 100vw, 4724px\" src=\"data:image\/svg+xml;base64,PHN2ZyB3aWR0aD0iMSIgaGVpZ2h0PSIxIiB4bWxucz0iaHR0cDovL3d3dy53My5vcmcvMjAwMC9zdmciPjwvc3ZnPg==\" style=\"--smush-placeholder-width: 4724px; --smush-placeholder-aspect-ratio: 4724\/2954;\" \/> <img decoding=\"async\" class=\"alignnone size-full wp-image-2087 lazyload\" data-src=\"https:\/\/ubanews.com\/site\/wp-content\/uploads\/2018\/04\/DSC1382-c\u00f3pia.jpg\" alt=\"\" width=\"4724\" height=\"2954\" data-srcset=\"https:\/\/ubanews.com\/site\/wp-content\/uploads\/2018\/04\/DSC1382-c\u00f3pia.jpg 4724w, https:\/\/ubanews.com\/site\/wp-content\/uploads\/2018\/04\/DSC1382-c\u00f3pia-300x188.jpg 300w, https:\/\/ubanews.com\/site\/wp-content\/uploads\/2018\/04\/DSC1382-c\u00f3pia-768x480.jpg 768w, https:\/\/ubanews.com\/site\/wp-content\/uploads\/2018\/04\/DSC1382-c\u00f3pia-1024x640.jpg 1024w\" data-sizes=\"(max-width: 4724px) 100vw, 4724px\" src=\"data:image\/svg+xml;base64,PHN2ZyB3aWR0aD0iMSIgaGVpZ2h0PSIxIiB4bWxucz0iaHR0cDovL3d3dy53My5vcmcvMjAwMC9zdmciPjwvc3ZnPg==\" style=\"--smush-placeholder-width: 4724px; --smush-placeholder-aspect-ratio: 4724\/2954;\" \/> <img decoding=\"async\" class=\"alignnone size-full wp-image-2089 lazyload\" data-src=\"https:\/\/ubanews.com\/site\/wp-content\/uploads\/2018\/04\/DSC1394-c\u00f3pia.jpg\" alt=\"\" width=\"4724\" height=\"2954\" data-srcset=\"https:\/\/ubanews.com\/site\/wp-content\/uploads\/2018\/04\/DSC1394-c\u00f3pia.jpg 4724w, https:\/\/ubanews.com\/site\/wp-content\/uploads\/2018\/04\/DSC1394-c\u00f3pia-300x188.jpg 300w, https:\/\/ubanews.com\/site\/wp-content\/uploads\/2018\/04\/DSC1394-c\u00f3pia-768x480.jpg 768w, https:\/\/ubanews.com\/site\/wp-content\/uploads\/2018\/04\/DSC1394-c\u00f3pia-1024x640.jpg 1024w\" data-sizes=\"(max-width: 4724px) 100vw, 4724px\" src=\"data:image\/svg+xml;base64,PHN2ZyB3aWR0aD0iMSIgaGVpZ2h0PSIxIiB4bWxucz0iaHR0cDovL3d3dy53My5vcmcvMjAwMC9zdmciPjwvc3ZnPg==\" style=\"--smush-placeholder-width: 4724px; --smush-placeholder-aspect-ratio: 4724\/2954;\" \/> <img decoding=\"async\" class=\"alignnone size-full wp-image-2090 lazyload\" data-src=\"https:\/\/ubanews.com\/site\/wp-content\/uploads\/2018\/04\/DSC1397-Copia-c\u00f3pia.jpg\" alt=\"\" width=\"4724\" height=\"2954\" data-srcset=\"https:\/\/ubanews.com\/site\/wp-content\/uploads\/2018\/04\/DSC1397-Copia-c\u00f3pia.jpg 4724w, https:\/\/ubanews.com\/site\/wp-content\/uploads\/2018\/04\/DSC1397-Copia-c\u00f3pia-300x188.jpg 300w, https:\/\/ubanews.com\/site\/wp-content\/uploads\/2018\/04\/DSC1397-Copia-c\u00f3pia-768x480.jpg 768w, https:\/\/ubanews.com\/site\/wp-content\/uploads\/2018\/04\/DSC1397-Copia-c\u00f3pia-1024x640.jpg 1024w\" data-sizes=\"(max-width: 4724px) 100vw, 4724px\" src=\"data:image\/svg+xml;base64,PHN2ZyB3aWR0aD0iMSIgaGVpZ2h0PSIxIiB4bWxucz0iaHR0cDovL3d3dy53My5vcmcvMjAwMC9zdmciPjwvc3ZnPg==\" style=\"--smush-placeholder-width: 4724px; --smush-placeholder-aspect-ratio: 4724\/2954;\" \/> <img decoding=\"async\" class=\"alignnone size-full wp-image-2091 lazyload\" data-src=\"https:\/\/ubanews.com\/site\/wp-content\/uploads\/2018\/04\/DSC1400-Copia-c\u00f3pia.jpg\" alt=\"\" width=\"4724\" height=\"2954\" data-srcset=\"https:\/\/ubanews.com\/site\/wp-content\/uploads\/2018\/04\/DSC1400-Copia-c\u00f3pia.jpg 4724w, https:\/\/ubanews.com\/site\/wp-content\/uploads\/2018\/04\/DSC1400-Copia-c\u00f3pia-300x188.jpg 300w, https:\/\/ubanews.com\/site\/wp-content\/uploads\/2018\/04\/DSC1400-Copia-c\u00f3pia-768x480.jpg 768w, https:\/\/ubanews.com\/site\/wp-content\/uploads\/2018\/04\/DSC1400-Copia-c\u00f3pia-1024x640.jpg 1024w\" data-sizes=\"(max-width: 4724px) 100vw, 4724px\" src=\"data:image\/svg+xml;base64,PHN2ZyB3aWR0aD0iMSIgaGVpZ2h0PSIxIiB4bWxucz0iaHR0cDovL3d3dy53My5vcmcvMjAwMC9zdmciPjwvc3ZnPg==\" style=\"--smush-placeholder-width: 4724px; --smush-placeholder-aspect-ratio: 4724\/2954;\" \/><img decoding=\"async\" class=\"alignnone size-full wp-image-2088 lazyload\" data-src=\"https:\/\/ubanews.com\/site\/wp-content\/uploads\/2018\/04\/DSC1387-Copia-c\u00f3pia.jpg\" alt=\"\" width=\"4724\" height=\"2954\" data-srcset=\"https:\/\/ubanews.com\/site\/wp-content\/uploads\/2018\/04\/DSC1387-Copia-c\u00f3pia.jpg 4724w, https:\/\/ubanews.com\/site\/wp-content\/uploads\/2018\/04\/DSC1387-Copia-c\u00f3pia-300x188.jpg 300w, https:\/\/ubanews.com\/site\/wp-content\/uploads\/2018\/04\/DSC1387-Copia-c\u00f3pia-768x480.jpg 768w, https:\/\/ubanews.com\/site\/wp-content\/uploads\/2018\/04\/DSC1387-Copia-c\u00f3pia-1024x640.jpg 1024w\" data-sizes=\"(max-width: 4724px) 100vw, 4724px\" src=\"data:image\/svg+xml;base64,PHN2ZyB3aWR0aD0iMSIgaGVpZ2h0PSIxIiB4bWxucz0iaHR0cDovL3d3dy53My5vcmcvMjAwMC9zdmciPjwvc3ZnPg==\" style=\"--smush-placeholder-width: 4724px; --smush-placeholder-aspect-ratio: 4724\/2954;\" \/><\/p>\n<p>&nbsp;&nbsp;&nbsp;&nbsp;&nbsp;&nbsp;&nbsp;&nbsp;&nbsp; Os professores da Escola Estadual Raul Soares, respons\u00e1veis por coordenarem os Cursos T\u00e9cnicos, promoveram na manh\u00e3 deste s\u00e1bado (14), uma amostra do que os seus filhos fazem ou podem fazer, durante o per\u00edodo em que est\u00e3o na sala de aula nesse hor\u00e1rio alternativo. A convoca\u00e7\u00e3o foi feita para pais, alunos, empres\u00e1rios e toda Comunidade Escolar. Conforme previsto, todos chegaram \u00e0 escola a partir das 8h. Foi extremamente importante a presen\u00e7a e participa\u00e7\u00e3o, pois, algumas oficinas ensinaram uma nova profiss\u00e3o e aperfei\u00e7oamento! O professor Salom\u00e3o \u00e9 extremamente habilidoso na hora de receber o curso dessa envergadura, sabe escolher uma equipe de trabalho, onde os resultados s\u00e3o palp\u00e1veis, a cada etapa desenvolvida. &nbsp;<\/p>\n<p>&nbsp;&nbsp;&nbsp;&nbsp;&nbsp;&nbsp;&nbsp;&nbsp;&nbsp; A Escola Estadual Raul Soares oferece, al\u00e9m de tr\u00eas turnos, manh\u00e3, tarde e noite, onde funciona o Ensino Fundamental Regular, Ensino Fundamental EJA, Ensino M\u00e9dio Regular e Ensino M\u00e9dio EJA, ainda disponibiliza mais quatro Cursos T\u00e9cnicos, que s\u00e3o eles: Curso T\u00e9cnico em Log\u00edstica (Coordenador, Modesto Monteiro Filho); Curso T\u00e9cnico em Inform\u00e1tica (Coordenador, Eduardo Luiz J\u00fanior); Curso de Recursos Humanos (Coordenadora Paloma Aparecida Quirino Cioti Palla); Curso de Secretariado (Coordenadora Brenda Riguette Reis).<\/p>\n<p>&nbsp;<\/p>\n","protected":false},"excerpt":{"rendered":"<p>&nbsp;&nbsp;&nbsp;&nbsp;&nbsp;&nbsp;&nbsp;&nbsp;&nbsp; Os professores da Escola Estadual Raul Soares, respons\u00e1veis por<\/p>\n","protected":false},"author":2,"featured_media":2088,"comment_status":"open","ping_status":"open","sticky":false,"template":"","format":"standard","meta":{"footnotes":""},"categories":[1],"tags":[],"class_list":["post-2085","post","type-post","status-publish","format-standard","has-post-thumbnail","hentry","category-sem-categoria"],"yoast_head":"<!-- This site is optimized with the Yoast SEO plugin v27.2 - https:\/\/yoast.com\/product\/yoast-seo-wordpress\/ -->\n<title>PROFESSORES DOS CURSOS T\u00c9CNICOS DO RAUL realizARAM UMA AMOSTRA para PAIS e alunos EM MAIS UM S\u00c1BADO LETIVO - Ub\u00e1 News<\/title>\n<meta name=\"robots\" content=\"index, follow, max-snippet:-1, max-image-preview:large, max-video-preview:-1\" \/>\n<link rel=\"canonical\" href=\"https:\/\/ubanews.com\/site\/2018\/04\/14\/professores-dos-cursos-tecnicos-do-raul-realizaram-uma-amostra-para-pais-e-alunos-em-mais-um-sabado-letivo\/\" \/>\n<meta property=\"og:locale\" content=\"pt_BR\" \/>\n<meta property=\"og:type\" content=\"article\" \/>\n<meta property=\"og:title\" content=\"PROFESSORES DOS CURSOS T\u00c9CNICOS DO RAUL realizARAM UMA AMOSTRA para PAIS e alunos EM MAIS UM S\u00c1BADO LETIVO - Ub\u00e1 News\" \/>\n<meta property=\"og:description\" content=\"&nbsp;&nbsp;&nbsp;&nbsp;&nbsp;&nbsp;&nbsp;&nbsp;&nbsp; Os professores da Escola Estadual Raul Soares, respons\u00e1veis por\" \/>\n<meta property=\"og:url\" content=\"https:\/\/ubanews.com\/site\/2018\/04\/14\/professores-dos-cursos-tecnicos-do-raul-realizaram-uma-amostra-para-pais-e-alunos-em-mais-um-sabado-letivo\/\" \/>\n<meta property=\"og:site_name\" content=\"Ub\u00e1 News\" \/>\n<meta property=\"article:publisher\" content=\"https:\/\/www.facebook.com\/Ub%c3%a1News-Carlos-Roberto-Sodr%c3%a9-418778301977370\" \/>\n<meta property=\"article:author\" content=\"https:\/\/www.facebook.com\/carosroberto.sodre.5\/\" \/>\n<meta property=\"article:published_time\" content=\"2018-04-14T17:46:34+00:00\" \/>\n<meta property=\"article:modified_time\" content=\"2018-04-28T00:34:44+00:00\" \/>\n<meta property=\"og:image\" content=\"https:\/\/ubanews.com\/site\/wp-content\/uploads\/2018\/04\/DSC1387-Copia-c\u00f3pia.jpg\" \/>\n\t<meta property=\"og:image:width\" content=\"4724\" \/>\n\t<meta property=\"og:image:height\" content=\"2954\" \/>\n\t<meta property=\"og:image:type\" content=\"image\/jpeg\" \/>\n<meta name=\"author\" content=\"Sodr\u00e9\" \/>\n<meta name=\"twitter:card\" content=\"summary_large_image\" \/>\n<meta name=\"twitter:label1\" content=\"Escrito por\" \/>\n\t<meta name=\"twitter:data1\" content=\"Sodr\u00e9\" \/>\n\t<meta name=\"twitter:label2\" content=\"Est. tempo de leitura\" \/>\n\t<meta name=\"twitter:data2\" content=\"1 minuto\" \/>\n<script type=\"application\/ld+json\" class=\"yoast-schema-graph\">{\"@context\":\"https:\/\/schema.org\",\"@graph\":[{\"@type\":\"Article\",\"@id\":\"https:\/\/ubanews.com\/site\/2018\/04\/14\/professores-dos-cursos-tecnicos-do-raul-realizaram-uma-amostra-para-pais-e-alunos-em-mais-um-sabado-letivo\/#article\",\"isPartOf\":{\"@id\":\"https:\/\/ubanews.com\/site\/2018\/04\/14\/professores-dos-cursos-tecnicos-do-raul-realizaram-uma-amostra-para-pais-e-alunos-em-mais-um-sabado-letivo\/\"},\"author\":{\"name\":\"Sodr\u00e9\",\"@id\":\"https:\/\/ubanews.com\/site\/#\/schema\/person\/d90c9e47252fbb63dcc969fe4c8b9d10\"},\"headline\":\"PROFESSORES DOS CURSOS T\u00c9CNICOS DO RAUL realizARAM UMA AMOSTRA para PAIS e alunos EM MAIS UM S\u00c1BADO LETIVO\",\"datePublished\":\"2018-04-14T17:46:34+00:00\",\"dateModified\":\"2018-04-28T00:34:44+00:00\",\"mainEntityOfPage\":{\"@id\":\"https:\/\/ubanews.com\/site\/2018\/04\/14\/professores-dos-cursos-tecnicos-do-raul-realizaram-uma-amostra-para-pais-e-alunos-em-mais-um-sabado-letivo\/\"},\"wordCount\":245,\"commentCount\":0,\"publisher\":{\"@id\":\"https:\/\/ubanews.com\/site\/#organization\"},\"image\":{\"@id\":\"https:\/\/ubanews.com\/site\/2018\/04\/14\/professores-dos-cursos-tecnicos-do-raul-realizaram-uma-amostra-para-pais-e-alunos-em-mais-um-sabado-letivo\/#primaryimage\"},\"thumbnailUrl\":\"https:\/\/ubanews.com\/site\/wp-content\/uploads\/2018\/04\/DSC1387-Copia-c\u00f3pia.jpg\",\"articleSection\":[\"Geral\"],\"inLanguage\":\"pt-BR\",\"potentialAction\":[{\"@type\":\"CommentAction\",\"name\":\"Comment\",\"target\":[\"https:\/\/ubanews.com\/site\/2018\/04\/14\/professores-dos-cursos-tecnicos-do-raul-realizaram-uma-amostra-para-pais-e-alunos-em-mais-um-sabado-letivo\/#respond\"]}]},{\"@type\":\"WebPage\",\"@id\":\"https:\/\/ubanews.com\/site\/2018\/04\/14\/professores-dos-cursos-tecnicos-do-raul-realizaram-uma-amostra-para-pais-e-alunos-em-mais-um-sabado-letivo\/\",\"url\":\"https:\/\/ubanews.com\/site\/2018\/04\/14\/professores-dos-cursos-tecnicos-do-raul-realizaram-uma-amostra-para-pais-e-alunos-em-mais-um-sabado-letivo\/\",\"name\":\"PROFESSORES DOS CURSOS T\u00c9CNICOS DO RAUL realizARAM UMA AMOSTRA para PAIS e alunos EM MAIS UM S\u00c1BADO LETIVO - Ub\u00e1 News\",\"isPartOf\":{\"@id\":\"https:\/\/ubanews.com\/site\/#website\"},\"primaryImageOfPage\":{\"@id\":\"https:\/\/ubanews.com\/site\/2018\/04\/14\/professores-dos-cursos-tecnicos-do-raul-realizaram-uma-amostra-para-pais-e-alunos-em-mais-um-sabado-letivo\/#primaryimage\"},\"image\":{\"@id\":\"https:\/\/ubanews.com\/site\/2018\/04\/14\/professores-dos-cursos-tecnicos-do-raul-realizaram-uma-amostra-para-pais-e-alunos-em-mais-um-sabado-letivo\/#primaryimage\"},\"thumbnailUrl\":\"https:\/\/ubanews.com\/site\/wp-content\/uploads\/2018\/04\/DSC1387-Copia-c\u00f3pia.jpg\",\"datePublished\":\"2018-04-14T17:46:34+00:00\",\"dateModified\":\"2018-04-28T00:34:44+00:00\",\"breadcrumb\":{\"@id\":\"https:\/\/ubanews.com\/site\/2018\/04\/14\/professores-dos-cursos-tecnicos-do-raul-realizaram-uma-amostra-para-pais-e-alunos-em-mais-um-sabado-letivo\/#breadcrumb\"},\"inLanguage\":\"pt-BR\",\"potentialAction\":[{\"@type\":\"ReadAction\",\"target\":[\"https:\/\/ubanews.com\/site\/2018\/04\/14\/professores-dos-cursos-tecnicos-do-raul-realizaram-uma-amostra-para-pais-e-alunos-em-mais-um-sabado-letivo\/\"]}]},{\"@type\":\"ImageObject\",\"inLanguage\":\"pt-BR\",\"@id\":\"https:\/\/ubanews.com\/site\/2018\/04\/14\/professores-dos-cursos-tecnicos-do-raul-realizaram-uma-amostra-para-pais-e-alunos-em-mais-um-sabado-letivo\/#primaryimage\",\"url\":\"https:\/\/ubanews.com\/site\/wp-content\/uploads\/2018\/04\/DSC1387-Copia-c\u00f3pia.jpg\",\"contentUrl\":\"https:\/\/ubanews.com\/site\/wp-content\/uploads\/2018\/04\/DSC1387-Copia-c\u00f3pia.jpg\",\"width\":4724,\"height\":2954},{\"@type\":\"BreadcrumbList\",\"@id\":\"https:\/\/ubanews.com\/site\/2018\/04\/14\/professores-dos-cursos-tecnicos-do-raul-realizaram-uma-amostra-para-pais-e-alunos-em-mais-um-sabado-letivo\/#breadcrumb\",\"itemListElement\":[{\"@type\":\"ListItem\",\"position\":1,\"name\":\"Home\",\"item\":\"https:\/\/ubanews.com\/site\/\"},{\"@type\":\"ListItem\",\"position\":2,\"name\":\"PROFESSORES DOS CURSOS T\u00c9CNICOS DO RAUL realizARAM UMA AMOSTRA para PAIS e alunos EM MAIS UM S\u00c1BADO LETIVO\"}]},{\"@type\":\"WebSite\",\"@id\":\"https:\/\/ubanews.com\/site\/#website\",\"url\":\"https:\/\/ubanews.com\/site\/\",\"name\":\"Ub\u00e1 News\",\"description\":\"\",\"publisher\":{\"@id\":\"https:\/\/ubanews.com\/site\/#organization\"},\"potentialAction\":[{\"@type\":\"SearchAction\",\"target\":{\"@type\":\"EntryPoint\",\"urlTemplate\":\"https:\/\/ubanews.com\/site\/?s={search_term_string}\"},\"query-input\":{\"@type\":\"PropertyValueSpecification\",\"valueRequired\":true,\"valueName\":\"search_term_string\"}}],\"inLanguage\":\"pt-BR\"},{\"@type\":\"Organization\",\"@id\":\"https:\/\/ubanews.com\/site\/#organization\",\"name\":\"Ub\u00e1 News\",\"url\":\"https:\/\/ubanews.com\/site\/\",\"logo\":{\"@type\":\"ImageObject\",\"inLanguage\":\"pt-BR\",\"@id\":\"https:\/\/ubanews.com\/site\/#\/schema\/logo\/image\/\",\"url\":\"https:\/\/ubanews.com\/site\/wp-content\/uploads\/2018\/01\/logoubanews.png\",\"contentUrl\":\"https:\/\/ubanews.com\/site\/wp-content\/uploads\/2018\/01\/logoubanews.png\",\"width\":261,\"height\":99,\"caption\":\"Ub\u00e1 News\"},\"image\":{\"@id\":\"https:\/\/ubanews.com\/site\/#\/schema\/logo\/image\/\"},\"sameAs\":[\"https:\/\/www.facebook.com\/Ub\u00e1News-Carlos-Roberto-Sodr\u00e9-418778301977370\"]},{\"@type\":\"Person\",\"@id\":\"https:\/\/ubanews.com\/site\/#\/schema\/person\/d90c9e47252fbb63dcc969fe4c8b9d10\",\"name\":\"Sodr\u00e9\",\"image\":{\"@type\":\"ImageObject\",\"inLanguage\":\"pt-BR\",\"@id\":\"https:\/\/secure.gravatar.com\/avatar\/5ba2793f0590b9dbfad3fdec4ee714485b3eef211c9b32ee53d414060454a56c?s=96&d=mm&r=g\",\"url\":\"https:\/\/secure.gravatar.com\/avatar\/5ba2793f0590b9dbfad3fdec4ee714485b3eef211c9b32ee53d414060454a56c?s=96&d=mm&r=g\",\"contentUrl\":\"https:\/\/secure.gravatar.com\/avatar\/5ba2793f0590b9dbfad3fdec4ee714485b3eef211c9b32ee53d414060454a56c?s=96&d=mm&r=g\",\"caption\":\"Sodr\u00e9\"},\"sameAs\":[\"https:\/\/www.facebook.com\/carosroberto.sodre.5\/\"],\"url\":\"https:\/\/ubanews.com\/site\/author\/felipe\/\"}]}<\/script>\n<!-- \/ Yoast SEO plugin. -->","yoast_head_json":{"title":"PROFESSORES DOS CURSOS T\u00c9CNICOS DO RAUL realizARAM UMA AMOSTRA para PAIS e alunos EM MAIS UM S\u00c1BADO LETIVO - Ub\u00e1 News","robots":{"index":"index","follow":"follow","max-snippet":"max-snippet:-1","max-image-preview":"max-image-preview:large","max-video-preview":"max-video-preview:-1"},"canonical":"https:\/\/ubanews.com\/site\/2018\/04\/14\/professores-dos-cursos-tecnicos-do-raul-realizaram-uma-amostra-para-pais-e-alunos-em-mais-um-sabado-letivo\/","og_locale":"pt_BR","og_type":"article","og_title":"PROFESSORES DOS CURSOS T\u00c9CNICOS DO RAUL realizARAM UMA AMOSTRA para PAIS e alunos EM MAIS UM S\u00c1BADO LETIVO - Ub\u00e1 News","og_description":"&nbsp;&nbsp;&nbsp;&nbsp;&nbsp;&nbsp;&nbsp;&nbsp;&nbsp; Os professores da Escola Estadual Raul Soares, respons\u00e1veis por","og_url":"https:\/\/ubanews.com\/site\/2018\/04\/14\/professores-dos-cursos-tecnicos-do-raul-realizaram-uma-amostra-para-pais-e-alunos-em-mais-um-sabado-letivo\/","og_site_name":"Ub\u00e1 News","article_publisher":"https:\/\/www.facebook.com\/Ub%c3%a1News-Carlos-Roberto-Sodr%c3%a9-418778301977370","article_author":"https:\/\/www.facebook.com\/carosroberto.sodre.5\/","article_published_time":"2018-04-14T17:46:34+00:00","article_modified_time":"2018-04-28T00:34:44+00:00","og_image":[{"width":4724,"height":2954,"url":"https:\/\/ubanews.com\/site\/wp-content\/uploads\/2018\/04\/DSC1387-Copia-c\u00f3pia.jpg","type":"image\/jpeg"}],"author":"Sodr\u00e9","twitter_card":"summary_large_image","twitter_misc":{"Escrito por":"Sodr\u00e9","Est. tempo de leitura":"1 minuto"},"schema":{"@context":"https:\/\/schema.org","@graph":[{"@type":"Article","@id":"https:\/\/ubanews.com\/site\/2018\/04\/14\/professores-dos-cursos-tecnicos-do-raul-realizaram-uma-amostra-para-pais-e-alunos-em-mais-um-sabado-letivo\/#article","isPartOf":{"@id":"https:\/\/ubanews.com\/site\/2018\/04\/14\/professores-dos-cursos-tecnicos-do-raul-realizaram-uma-amostra-para-pais-e-alunos-em-mais-um-sabado-letivo\/"},"author":{"name":"Sodr\u00e9","@id":"https:\/\/ubanews.com\/site\/#\/schema\/person\/d90c9e47252fbb63dcc969fe4c8b9d10"},"headline":"PROFESSORES DOS CURSOS T\u00c9CNICOS DO RAUL realizARAM UMA AMOSTRA para PAIS e alunos EM MAIS UM S\u00c1BADO LETIVO","datePublished":"2018-04-14T17:46:34+00:00","dateModified":"2018-04-28T00:34:44+00:00","mainEntityOfPage":{"@id":"https:\/\/ubanews.com\/site\/2018\/04\/14\/professores-dos-cursos-tecnicos-do-raul-realizaram-uma-amostra-para-pais-e-alunos-em-mais-um-sabado-letivo\/"},"wordCount":245,"commentCount":0,"publisher":{"@id":"https:\/\/ubanews.com\/site\/#organization"},"image":{"@id":"https:\/\/ubanews.com\/site\/2018\/04\/14\/professores-dos-cursos-tecnicos-do-raul-realizaram-uma-amostra-para-pais-e-alunos-em-mais-um-sabado-letivo\/#primaryimage"},"thumbnailUrl":"https:\/\/ubanews.com\/site\/wp-content\/uploads\/2018\/04\/DSC1387-Copia-c\u00f3pia.jpg","articleSection":["Geral"],"inLanguage":"pt-BR","potentialAction":[{"@type":"CommentAction","name":"Comment","target":["https:\/\/ubanews.com\/site\/2018\/04\/14\/professores-dos-cursos-tecnicos-do-raul-realizaram-uma-amostra-para-pais-e-alunos-em-mais-um-sabado-letivo\/#respond"]}]},{"@type":"WebPage","@id":"https:\/\/ubanews.com\/site\/2018\/04\/14\/professores-dos-cursos-tecnicos-do-raul-realizaram-uma-amostra-para-pais-e-alunos-em-mais-um-sabado-letivo\/","url":"https:\/\/ubanews.com\/site\/2018\/04\/14\/professores-dos-cursos-tecnicos-do-raul-realizaram-uma-amostra-para-pais-e-alunos-em-mais-um-sabado-letivo\/","name":"PROFESSORES DOS CURSOS T\u00c9CNICOS DO RAUL realizARAM UMA AMOSTRA para PAIS e alunos EM MAIS UM S\u00c1BADO LETIVO - Ub\u00e1 News","isPartOf":{"@id":"https:\/\/ubanews.com\/site\/#website"},"primaryImageOfPage":{"@id":"https:\/\/ubanews.com\/site\/2018\/04\/14\/professores-dos-cursos-tecnicos-do-raul-realizaram-uma-amostra-para-pais-e-alunos-em-mais-um-sabado-letivo\/#primaryimage"},"image":{"@id":"https:\/\/ubanews.com\/site\/2018\/04\/14\/professores-dos-cursos-tecnicos-do-raul-realizaram-uma-amostra-para-pais-e-alunos-em-mais-um-sabado-letivo\/#primaryimage"},"thumbnailUrl":"https:\/\/ubanews.com\/site\/wp-content\/uploads\/2018\/04\/DSC1387-Copia-c\u00f3pia.jpg","datePublished":"2018-04-14T17:46:34+00:00","dateModified":"2018-04-28T00:34:44+00:00","breadcrumb":{"@id":"https:\/\/ubanews.com\/site\/2018\/04\/14\/professores-dos-cursos-tecnicos-do-raul-realizaram-uma-amostra-para-pais-e-alunos-em-mais-um-sabado-letivo\/#breadcrumb"},"inLanguage":"pt-BR","potentialAction":[{"@type":"ReadAction","target":["https:\/\/ubanews.com\/site\/2018\/04\/14\/professores-dos-cursos-tecnicos-do-raul-realizaram-uma-amostra-para-pais-e-alunos-em-mais-um-sabado-letivo\/"]}]},{"@type":"ImageObject","inLanguage":"pt-BR","@id":"https:\/\/ubanews.com\/site\/2018\/04\/14\/professores-dos-cursos-tecnicos-do-raul-realizaram-uma-amostra-para-pais-e-alunos-em-mais-um-sabado-letivo\/#primaryimage","url":"https:\/\/ubanews.com\/site\/wp-content\/uploads\/2018\/04\/DSC1387-Copia-c\u00f3pia.jpg","contentUrl":"https:\/\/ubanews.com\/site\/wp-content\/uploads\/2018\/04\/DSC1387-Copia-c\u00f3pia.jpg","width":4724,"height":2954},{"@type":"BreadcrumbList","@id":"https:\/\/ubanews.com\/site\/2018\/04\/14\/professores-dos-cursos-tecnicos-do-raul-realizaram-uma-amostra-para-pais-e-alunos-em-mais-um-sabado-letivo\/#breadcrumb","itemListElement":[{"@type":"ListItem","position":1,"name":"Home","item":"https:\/\/ubanews.com\/site\/"},{"@type":"ListItem","position":2,"name":"PROFESSORES DOS CURSOS T\u00c9CNICOS DO RAUL realizARAM UMA AMOSTRA para PAIS e alunos EM MAIS UM S\u00c1BADO LETIVO"}]},{"@type":"WebSite","@id":"https:\/\/ubanews.com\/site\/#website","url":"https:\/\/ubanews.com\/site\/","name":"Ub\u00e1 News","description":"","publisher":{"@id":"https:\/\/ubanews.com\/site\/#organization"},"potentialAction":[{"@type":"SearchAction","target":{"@type":"EntryPoint","urlTemplate":"https:\/\/ubanews.com\/site\/?s={search_term_string}"},"query-input":{"@type":"PropertyValueSpecification","valueRequired":true,"valueName":"search_term_string"}}],"inLanguage":"pt-BR"},{"@type":"Organization","@id":"https:\/\/ubanews.com\/site\/#organization","name":"Ub\u00e1 News","url":"https:\/\/ubanews.com\/site\/","logo":{"@type":"ImageObject","inLanguage":"pt-BR","@id":"https:\/\/ubanews.com\/site\/#\/schema\/logo\/image\/","url":"https:\/\/ubanews.com\/site\/wp-content\/uploads\/2018\/01\/logoubanews.png","contentUrl":"https:\/\/ubanews.com\/site\/wp-content\/uploads\/2018\/01\/logoubanews.png","width":261,"height":99,"caption":"Ub\u00e1 News"},"image":{"@id":"https:\/\/ubanews.com\/site\/#\/schema\/logo\/image\/"},"sameAs":["https:\/\/www.facebook.com\/Ub\u00e1News-Carlos-Roberto-Sodr\u00e9-418778301977370"]},{"@type":"Person","@id":"https:\/\/ubanews.com\/site\/#\/schema\/person\/d90c9e47252fbb63dcc969fe4c8b9d10","name":"Sodr\u00e9","image":{"@type":"ImageObject","inLanguage":"pt-BR","@id":"https:\/\/secure.gravatar.com\/avatar\/5ba2793f0590b9dbfad3fdec4ee714485b3eef211c9b32ee53d414060454a56c?s=96&d=mm&r=g","url":"https:\/\/secure.gravatar.com\/avatar\/5ba2793f0590b9dbfad3fdec4ee714485b3eef211c9b32ee53d414060454a56c?s=96&d=mm&r=g","contentUrl":"https:\/\/secure.gravatar.com\/avatar\/5ba2793f0590b9dbfad3fdec4ee714485b3eef211c9b32ee53d414060454a56c?s=96&d=mm&r=g","caption":"Sodr\u00e9"},"sameAs":["https:\/\/www.facebook.com\/carosroberto.sodre.5\/"],"url":"https:\/\/ubanews.com\/site\/author\/felipe\/"}]}},"_links":{"self":[{"href":"https:\/\/ubanews.com\/site\/wp-json\/wp\/v2\/posts\/2085","targetHints":{"allow":["GET"]}}],"collection":[{"href":"https:\/\/ubanews.com\/site\/wp-json\/wp\/v2\/posts"}],"about":[{"href":"https:\/\/ubanews.com\/site\/wp-json\/wp\/v2\/types\/post"}],"author":[{"embeddable":true,"href":"https:\/\/ubanews.com\/site\/wp-json\/wp\/v2\/users\/2"}],"replies":[{"embeddable":true,"href":"https:\/\/ubanews.com\/site\/wp-json\/wp\/v2\/comments?post=2085"}],"version-history":[{"count":0,"href":"https:\/\/ubanews.com\/site\/wp-json\/wp\/v2\/posts\/2085\/revisions"}],"wp:featuredmedia":[{"embeddable":true,"href":"https:\/\/ubanews.com\/site\/wp-json\/wp\/v2\/media\/2088"}],"wp:attachment":[{"href":"https:\/\/ubanews.com\/site\/wp-json\/wp\/v2\/media?parent=2085"}],"wp:term":[{"taxonomy":"category","embeddable":true,"href":"https:\/\/ubanews.com\/site\/wp-json\/wp\/v2\/categories?post=2085"},{"taxonomy":"post_tag","embeddable":true,"href":"https:\/\/ubanews.com\/site\/wp-json\/wp\/v2\/tags?post=2085"}],"curies":[{"name":"wp","href":"https:\/\/api.w.org\/{rel}","templated":true}]}}