{"id":20801,"date":"2021-10-05T20:26:37","date_gmt":"2021-10-05T23:26:37","guid":{"rendered":"http:\/\/ubanews.com\/site\/?p=20801"},"modified":"2021-10-05T20:26:37","modified_gmt":"2021-10-05T23:26:37","slug":"prefeitura-realiza-vacinacao-nesta-sexta-feira-08-10","status":"publish","type":"post","link":"https:\/\/ubanews.com\/site\/2021\/10\/05\/prefeitura-realiza-vacinacao-nesta-sexta-feira-08-10\/","title":{"rendered":"Prefeitura realiza vacina\u00e7\u00e3o nesta sexta-feira, 08\/10"},"content":{"rendered":"<p align=\"justify\">A Prefeitura de Ub\u00e1 realiza nesta sexta-feira (08\/10), na Policl\u00ednica Regional, no hor\u00e1rio de 7h \u00e0s 11h, a aplica\u00e7\u00e3o de dose de refor\u00e7o (3\u00aa dose) em &nbsp;profissionais de sa\u00fade, com 38 anos ou mais, residentes em Ub\u00e1, que tenham recebido a 2\u00aa dose at\u00e9 08\/04\/2021.<\/p>\n<p align=\"justify\">Tamb\u00e9m haver\u00e1 aplica\u00e7\u00e3o de primeira dose de Pfizer para pessoas com 12 anos ou mais, gestantes e pu\u00e9rperas com at\u00e9 45 dias e de segunda dose para pessoas vacinadas com primeira dose de Pfizer at\u00e9 o dia 06\/08.<\/p>\n<p align=\"justify\">Confira abaixo a programa\u00e7\u00e3o e os documentos obrigat\u00f3rios.<\/p>\n<p align=\"justify\"><strong>PROGRAMA\u00c7\u00c3O&nbsp;<\/strong><strong><u>06 E 08<\/u><\/strong><strong>&nbsp;DE OUTUBRO<\/strong>&nbsp;<\/p>\n<p align=\"justify\"><strong>06\/10 (quarta-feira), de 8h \u00e0s 13h, no Horto Florestal (Drive Thru)<\/strong><\/p>\n<p align=\"justify\">&nbsp;-Vacina\u00e7\u00e3o de dose de refor\u00e7o (3\u00aa dose) de Pfizer para pessoas com 60 anos ou mais, RESIDENTES EM UB\u00c1, vacinados com a 2\u00aa dose at\u00e9 03\/04\/2021 &nbsp;(independente da vacina recebida).<\/p>\n<p align=\"justify\">-Vacina\u00e7\u00e3o de dose de refor\u00e7o (3\u00aa dose) de Pfizer para profissionais de sa\u00fade, RESIDENTES EM UB\u00c1, com 40 anos ou mais, vacinados com a 2\u00aa dose at\u00e9 03\/04\/2021 (independente da vacina recebida).<\/p>\n<p align=\"justify\"><div id=\"metaslider-id-17652\" style=\"max-width: 1000px;\" class=\"ml-slider-3-106-0 metaslider metaslider-nivo metaslider-17652 ml-slider ms-theme-outline\" role=\"region\" aria-label=\"Texto\" data-height=\"200\" data-width=\"1000\">\n    <div id=\"metaslider_container_17652\">\n        <div class='slider-wrapper theme-default'><div class='ribbon'><\/div><div id='metaslider_17652' class='nivoSlider'><\/div><\/div>\n        \n    <\/div>\n<\/div><\/p>\n<p align=\"justify\"><strong>06\/10 (quarta-feira), de 8h \u00e0s 13h, na Policl\u00ednica<\/strong><\/p>\n<p align=\"justify\">-Vacina\u00e7\u00e3o de dose de refor\u00e7o (3\u00aa dose) de Pfizer para profissionais de sa\u00fade, RESIDENTES EM UB\u00c1, com 40 anos ou mais, vacinados com a 2\u00aa dose at\u00e9 03\/04\/2021 (independente da vacina recebida).<\/p>\n<p align=\"justify\"><strong>06\/10 (quarta-feira), de 8h \u00e0s 13h, nas ESF\u2019s Santa Bernadete, Cohab, Cibraci, Eldorado e S\u00e3o Jos\u00e9<\/strong><\/p>\n<p align=\"justify\">&nbsp;-Vacina\u00e7\u00e3o de dose de refor\u00e7o (3\u00aa dose) de Pfizer para pessoas com 60 anos ou mais, RESIDENTES EM UB\u00c1, vacinados com a 2\u00aa dose at\u00e9 03\/04\/2021 &nbsp;(independente da vacina recebida).<\/p>\n<p align=\"justify\">-Vacina\u00e7\u00e3o de dose de refor\u00e7o (3\u00aa dose) de Pfizer para profissionais de sa\u00fade, RESIDENTES EM UB\u00c1, com 40 anos ou mais, vacinados com a 2\u00aa dose at\u00e9 03\/04\/2021 (independente da vacina recebida).<\/p>\n<p align=\"justify\"><strong>08\/10 (sexta-feira), de 7h \u00e0s 11h, na Policl\u00ednica<\/strong><\/p>\n<p align=\"justify\">-Vacina\u00e7\u00e3o de dose de refor\u00e7o (3\u00aa dose) de Pfizer para profissionais de sa\u00fade, RESIDENTES EM UB\u00c1, com 38 anos ou mais, vacinados com a 2\u00aa dose at\u00e9 08\/04\/2021 (independente da vacina recebida).<\/p>\n<p align=\"justify\">-Vacina\u00e7\u00e3o de 1\u00aa dose Pfizer para pessoas com 12 anos ou mais, gestantes e pu\u00e9rperas at\u00e9 45 dias;<\/p>\n<p align=\"justify\">&#8211; Vacina\u00e7\u00e3o de 2\u00b0 dose para pessoas vacinadas com primeira dose de Pfizer at\u00e9 o dia 06\/08\/2021.<\/p>\n<p align=\"justify\"><strong>Importante:&nbsp;<\/strong>\u00c9 exigida a apresenta\u00e7\u00e3o de comprovante de resid\u00eancia tamb\u00e9m para a segunda dose e dose de refor\u00e7o.<\/p>\n<p align=\"justify\"><strong>Importante2:<\/strong>&nbsp;Os acamados que foram contemplados com a 1\u00aa e a 2\u00aa dose em domic\u00edlio, tamb\u00e9m ser\u00e3o imunizados com a dose de refor\u00e7o (3\u00aa dose) em domic\u00edlio, conforme a agenda da equipe da Imuniza\u00e7\u00e3o.<\/p>\n<p align=\"justify\"><strong>Importante3:<\/strong>&nbsp;Para ser vacinada, a pessoa n\u00e3o pode ter recebido nenhum tipo de vacina nos \u00faltimos 14 dias. Se tiver testado positivo para a Covid-19, ter\u00e1 que aguardar 30 dias, a contar do primeiro dia de sintoma, para ser imunizada.<\/p>\n<p align=\"justify\"><strong>Documentos obrigat\u00f3rios para dose de refor\u00e7o (idosos):<\/strong>&nbsp;Documento de identidade com foto, CPF, cart\u00e3o de vacina\u00e7\u00e3o, comprovante de resid\u00eancia em Ub\u00e1 no nome do idosos (ou Declara\u00e7\u00e3o de resid\u00eancia em Ub\u00e1 da ESF a qual pertence, ou Declara\u00e7\u00e3o da Policl\u00ednica para \u00e1reas descobertas).<\/p>\n<p align=\"justify\"><strong>Documentos obrigat\u00f3rios para dose de refor\u00e7o dos profissionais de sa\u00fade:&nbsp;<\/strong>Cart\u00e3o de Vacina, CPF, comprovante de profissional de sa\u00fade e comprovante de resid\u00eancia.<\/p>\n<p align=\"justify\"><strong>Documentos obrigat\u00f3rios para vacina\u00e7\u00e3o por faixa et\u00e1ria:<\/strong>&nbsp;Documento de identidade com foto, CPF, cart\u00e3o de vacina\u00e7\u00e3o, comprovante de resid\u00eancia em Ub\u00e1 no nome da pessoa a ser vacinada (ou Declara\u00e7\u00e3o de resid\u00eancia em Ub\u00e1 da ESF a qual pertence, ou Declara\u00e7\u00e3o da Policl\u00ednica para \u00e1reas descobertas).<\/p>\n<p align=\"justify\"><strong>Documentos obrigat\u00f3rios para adolescentes de 12 a 17 anos:<\/strong>&nbsp;&nbsp;Documento de identidade com foto, CPF ou cart\u00e3o do&nbsp;<dfn id=\"dfn_materia_1_0\" title=\"\" data-trigger=\"hover\" data-toggle=\"popover\" data-placement=\"left\" data-content=\"Sistema \u00danico de Sa\u00fade\" data-original-title=\"\">SUS<\/dfn>, cart\u00e3o de vacina\u00e7\u00e3o, comprovante de resid\u00eancia em Ub\u00e1 em nome dos pais ou respons\u00e1veis.<\/p>\n<p align=\"justify\"><strong>Documentos obrigat\u00f3rios para gestantes e pu\u00e9rperas:<\/strong>&nbsp;Documento de identidade com foto, CPF, cart\u00e3o de vacina\u00e7\u00e3o, comprovante de resid\u00eancia em Ub\u00e1 no nome da pessoa a ser vacinada (ou Declara\u00e7\u00e3o de resid\u00eancia em Ub\u00e1 da ESF a qual pertence, ou Declara\u00e7\u00e3o da Policl\u00ednica para \u00e1reas descobertas), cart\u00e3o da gestante e\/ou certid\u00e3o de nascimento da crian\u00e7a comprovando 45 dias p\u00f3s parto.<\/p>\n<p align=\"justify\"><strong>Assessoria de Comunica\u00e7\u00e3o Prefeitura de Ub\u00e1<\/strong><\/p>\n<div style=\"width: 840px;\" class=\"wp-video\"><video class=\"wp-video-shortcode\" id=\"video-20801-1\" width=\"840\" height=\"473\" autoplay preload=\"auto\" controls=\"controls\"><source type=\"video\/mp4\" src=\"https:\/\/ubanews.com\/site\/wp-content\/uploads\/2020\/12\/01020002.00_00_53_25.mp4?_=1\" \/><a href=\"https:\/\/ubanews.com\/site\/wp-content\/uploads\/2020\/12\/01020002.00_00_53_25.mp4\">https:\/\/ubanews.com\/site\/wp-content\/uploads\/2020\/12\/01020002.00_00_53_25.mp4<\/a><\/video><\/div>\n","protected":false},"excerpt":{"rendered":"<p>A Prefeitura de Ub\u00e1 realiza nesta sexta-feira (08\/10), na Policl\u00ednica<\/p>\n","protected":false},"author":2,"featured_media":19757,"comment_status":"open","ping_status":"open","sticky":false,"template":"","format":"standard","meta":{"footnotes":""},"categories":[15],"tags":[],"class_list":["post-20801","post","type-post","status-publish","format-standard","has-post-thumbnail","hentry","category-prefeitura-municipal"],"yoast_head":"<!-- This site is optimized with the Yoast SEO plugin v27.2 - https:\/\/yoast.com\/product\/yoast-seo-wordpress\/ -->\n<title>Prefeitura realiza vacina\u00e7\u00e3o nesta sexta-feira, 08\/10 - Ub\u00e1 News<\/title>\n<meta name=\"robots\" content=\"index, follow, max-snippet:-1, max-image-preview:large, max-video-preview:-1\" \/>\n<link rel=\"canonical\" href=\"https:\/\/ubanews.com\/site\/2021\/10\/05\/prefeitura-realiza-vacinacao-nesta-sexta-feira-08-10\/\" \/>\n<meta property=\"og:locale\" content=\"pt_BR\" \/>\n<meta property=\"og:type\" content=\"article\" \/>\n<meta property=\"og:title\" content=\"Prefeitura realiza vacina\u00e7\u00e3o nesta sexta-feira, 08\/10 - Ub\u00e1 News\" \/>\n<meta property=\"og:description\" content=\"A Prefeitura de Ub\u00e1 realiza nesta sexta-feira (08\/10), na Policl\u00ednica\" \/>\n<meta property=\"og:url\" content=\"https:\/\/ubanews.com\/site\/2021\/10\/05\/prefeitura-realiza-vacinacao-nesta-sexta-feira-08-10\/\" \/>\n<meta property=\"og:site_name\" content=\"Ub\u00e1 News\" \/>\n<meta property=\"article:publisher\" content=\"https:\/\/www.facebook.com\/Ub%c3%a1News-Carlos-Roberto-Sodr%c3%a9-418778301977370\" \/>\n<meta property=\"article:author\" content=\"https:\/\/www.facebook.com\/carosroberto.sodre.5\/\" \/>\n<meta property=\"article:published_time\" content=\"2021-10-05T23:26:37+00:00\" \/>\n<meta property=\"og:image\" content=\"https:\/\/ubanews.com\/site\/wp-content\/uploads\/2021\/05\/Vacina--scaled.jpg\" \/>\n\t<meta property=\"og:image:width\" content=\"2560\" \/>\n\t<meta property=\"og:image:height\" content=\"1280\" \/>\n\t<meta property=\"og:image:type\" content=\"image\/jpeg\" \/>\n<meta name=\"author\" content=\"Sodr\u00e9\" \/>\n<meta name=\"twitter:card\" content=\"summary_large_image\" \/>\n<meta name=\"twitter:label1\" content=\"Escrito por\" \/>\n\t<meta name=\"twitter:data1\" content=\"Sodr\u00e9\" \/>\n\t<meta name=\"twitter:label2\" content=\"Est. tempo de leitura\" \/>\n\t<meta name=\"twitter:data2\" content=\"3 minutos\" \/>\n<script type=\"application\/ld+json\" class=\"yoast-schema-graph\">{\"@context\":\"https:\/\/schema.org\",\"@graph\":[{\"@type\":\"Article\",\"@id\":\"https:\/\/ubanews.com\/site\/2021\/10\/05\/prefeitura-realiza-vacinacao-nesta-sexta-feira-08-10\/#article\",\"isPartOf\":{\"@id\":\"https:\/\/ubanews.com\/site\/2021\/10\/05\/prefeitura-realiza-vacinacao-nesta-sexta-feira-08-10\/\"},\"author\":{\"name\":\"Sodr\u00e9\",\"@id\":\"https:\/\/ubanews.com\/site\/#\/schema\/person\/d90c9e47252fbb63dcc969fe4c8b9d10\"},\"headline\":\"Prefeitura realiza vacina\u00e7\u00e3o nesta sexta-feira, 08\/10\",\"datePublished\":\"2021-10-05T23:26:37+00:00\",\"mainEntityOfPage\":{\"@id\":\"https:\/\/ubanews.com\/site\/2021\/10\/05\/prefeitura-realiza-vacinacao-nesta-sexta-feira-08-10\/\"},\"wordCount\":746,\"commentCount\":0,\"publisher\":{\"@id\":\"https:\/\/ubanews.com\/site\/#organization\"},\"image\":{\"@id\":\"https:\/\/ubanews.com\/site\/2021\/10\/05\/prefeitura-realiza-vacinacao-nesta-sexta-feira-08-10\/#primaryimage\"},\"thumbnailUrl\":\"https:\/\/ubanews.com\/site\/wp-content\/uploads\/2021\/05\/Vacina--scaled.jpg\",\"articleSection\":[\"Prefeitura Municipal\"],\"inLanguage\":\"pt-BR\",\"potentialAction\":[{\"@type\":\"CommentAction\",\"name\":\"Comment\",\"target\":[\"https:\/\/ubanews.com\/site\/2021\/10\/05\/prefeitura-realiza-vacinacao-nesta-sexta-feira-08-10\/#respond\"]}]},{\"@type\":\"WebPage\",\"@id\":\"https:\/\/ubanews.com\/site\/2021\/10\/05\/prefeitura-realiza-vacinacao-nesta-sexta-feira-08-10\/\",\"url\":\"https:\/\/ubanews.com\/site\/2021\/10\/05\/prefeitura-realiza-vacinacao-nesta-sexta-feira-08-10\/\",\"name\":\"Prefeitura realiza vacina\u00e7\u00e3o nesta sexta-feira, 08\/10 - Ub\u00e1 News\",\"isPartOf\":{\"@id\":\"https:\/\/ubanews.com\/site\/#website\"},\"primaryImageOfPage\":{\"@id\":\"https:\/\/ubanews.com\/site\/2021\/10\/05\/prefeitura-realiza-vacinacao-nesta-sexta-feira-08-10\/#primaryimage\"},\"image\":{\"@id\":\"https:\/\/ubanews.com\/site\/2021\/10\/05\/prefeitura-realiza-vacinacao-nesta-sexta-feira-08-10\/#primaryimage\"},\"thumbnailUrl\":\"https:\/\/ubanews.com\/site\/wp-content\/uploads\/2021\/05\/Vacina--scaled.jpg\",\"datePublished\":\"2021-10-05T23:26:37+00:00\",\"breadcrumb\":{\"@id\":\"https:\/\/ubanews.com\/site\/2021\/10\/05\/prefeitura-realiza-vacinacao-nesta-sexta-feira-08-10\/#breadcrumb\"},\"inLanguage\":\"pt-BR\",\"potentialAction\":[{\"@type\":\"ReadAction\",\"target\":[\"https:\/\/ubanews.com\/site\/2021\/10\/05\/prefeitura-realiza-vacinacao-nesta-sexta-feira-08-10\/\"]}]},{\"@type\":\"ImageObject\",\"inLanguage\":\"pt-BR\",\"@id\":\"https:\/\/ubanews.com\/site\/2021\/10\/05\/prefeitura-realiza-vacinacao-nesta-sexta-feira-08-10\/#primaryimage\",\"url\":\"https:\/\/ubanews.com\/site\/wp-content\/uploads\/2021\/05\/Vacina--scaled.jpg\",\"contentUrl\":\"https:\/\/ubanews.com\/site\/wp-content\/uploads\/2021\/05\/Vacina--scaled.jpg\",\"width\":2560,\"height\":1280},{\"@type\":\"BreadcrumbList\",\"@id\":\"https:\/\/ubanews.com\/site\/2021\/10\/05\/prefeitura-realiza-vacinacao-nesta-sexta-feira-08-10\/#breadcrumb\",\"itemListElement\":[{\"@type\":\"ListItem\",\"position\":1,\"name\":\"Home\",\"item\":\"https:\/\/ubanews.com\/site\/\"},{\"@type\":\"ListItem\",\"position\":2,\"name\":\"Prefeitura realiza vacina\u00e7\u00e3o nesta sexta-feira, 08\/10\"}]},{\"@type\":\"WebSite\",\"@id\":\"https:\/\/ubanews.com\/site\/#website\",\"url\":\"https:\/\/ubanews.com\/site\/\",\"name\":\"Ub\u00e1 News\",\"description\":\"\",\"publisher\":{\"@id\":\"https:\/\/ubanews.com\/site\/#organization\"},\"potentialAction\":[{\"@type\":\"SearchAction\",\"target\":{\"@type\":\"EntryPoint\",\"urlTemplate\":\"https:\/\/ubanews.com\/site\/?s={search_term_string}\"},\"query-input\":{\"@type\":\"PropertyValueSpecification\",\"valueRequired\":true,\"valueName\":\"search_term_string\"}}],\"inLanguage\":\"pt-BR\"},{\"@type\":\"Organization\",\"@id\":\"https:\/\/ubanews.com\/site\/#organization\",\"name\":\"Ub\u00e1 News\",\"url\":\"https:\/\/ubanews.com\/site\/\",\"logo\":{\"@type\":\"ImageObject\",\"inLanguage\":\"pt-BR\",\"@id\":\"https:\/\/ubanews.com\/site\/#\/schema\/logo\/image\/\",\"url\":\"https:\/\/ubanews.com\/site\/wp-content\/uploads\/2018\/01\/logoubanews.png\",\"contentUrl\":\"https:\/\/ubanews.com\/site\/wp-content\/uploads\/2018\/01\/logoubanews.png\",\"width\":261,\"height\":99,\"caption\":\"Ub\u00e1 News\"},\"image\":{\"@id\":\"https:\/\/ubanews.com\/site\/#\/schema\/logo\/image\/\"},\"sameAs\":[\"https:\/\/www.facebook.com\/Ub\u00e1News-Carlos-Roberto-Sodr\u00e9-418778301977370\"]},{\"@type\":\"Person\",\"@id\":\"https:\/\/ubanews.com\/site\/#\/schema\/person\/d90c9e47252fbb63dcc969fe4c8b9d10\",\"name\":\"Sodr\u00e9\",\"image\":{\"@type\":\"ImageObject\",\"inLanguage\":\"pt-BR\",\"@id\":\"https:\/\/secure.gravatar.com\/avatar\/5ba2793f0590b9dbfad3fdec4ee714485b3eef211c9b32ee53d414060454a56c?s=96&d=mm&r=g\",\"url\":\"https:\/\/secure.gravatar.com\/avatar\/5ba2793f0590b9dbfad3fdec4ee714485b3eef211c9b32ee53d414060454a56c?s=96&d=mm&r=g\",\"contentUrl\":\"https:\/\/secure.gravatar.com\/avatar\/5ba2793f0590b9dbfad3fdec4ee714485b3eef211c9b32ee53d414060454a56c?s=96&d=mm&r=g\",\"caption\":\"Sodr\u00e9\"},\"sameAs\":[\"https:\/\/www.facebook.com\/carosroberto.sodre.5\/\"],\"url\":\"https:\/\/ubanews.com\/site\/author\/felipe\/\"}]}<\/script>\n<!-- \/ Yoast SEO plugin. -->","yoast_head_json":{"title":"Prefeitura realiza vacina\u00e7\u00e3o nesta sexta-feira, 08\/10 - Ub\u00e1 News","robots":{"index":"index","follow":"follow","max-snippet":"max-snippet:-1","max-image-preview":"max-image-preview:large","max-video-preview":"max-video-preview:-1"},"canonical":"https:\/\/ubanews.com\/site\/2021\/10\/05\/prefeitura-realiza-vacinacao-nesta-sexta-feira-08-10\/","og_locale":"pt_BR","og_type":"article","og_title":"Prefeitura realiza vacina\u00e7\u00e3o nesta sexta-feira, 08\/10 - Ub\u00e1 News","og_description":"A Prefeitura de Ub\u00e1 realiza nesta sexta-feira (08\/10), na Policl\u00ednica","og_url":"https:\/\/ubanews.com\/site\/2021\/10\/05\/prefeitura-realiza-vacinacao-nesta-sexta-feira-08-10\/","og_site_name":"Ub\u00e1 News","article_publisher":"https:\/\/www.facebook.com\/Ub%c3%a1News-Carlos-Roberto-Sodr%c3%a9-418778301977370","article_author":"https:\/\/www.facebook.com\/carosroberto.sodre.5\/","article_published_time":"2021-10-05T23:26:37+00:00","og_image":[{"width":2560,"height":1280,"url":"https:\/\/ubanews.com\/site\/wp-content\/uploads\/2021\/05\/Vacina--scaled.jpg","type":"image\/jpeg"}],"author":"Sodr\u00e9","twitter_card":"summary_large_image","twitter_misc":{"Escrito por":"Sodr\u00e9","Est. tempo de leitura":"3 minutos"},"schema":{"@context":"https:\/\/schema.org","@graph":[{"@type":"Article","@id":"https:\/\/ubanews.com\/site\/2021\/10\/05\/prefeitura-realiza-vacinacao-nesta-sexta-feira-08-10\/#article","isPartOf":{"@id":"https:\/\/ubanews.com\/site\/2021\/10\/05\/prefeitura-realiza-vacinacao-nesta-sexta-feira-08-10\/"},"author":{"name":"Sodr\u00e9","@id":"https:\/\/ubanews.com\/site\/#\/schema\/person\/d90c9e47252fbb63dcc969fe4c8b9d10"},"headline":"Prefeitura realiza vacina\u00e7\u00e3o nesta sexta-feira, 08\/10","datePublished":"2021-10-05T23:26:37+00:00","mainEntityOfPage":{"@id":"https:\/\/ubanews.com\/site\/2021\/10\/05\/prefeitura-realiza-vacinacao-nesta-sexta-feira-08-10\/"},"wordCount":746,"commentCount":0,"publisher":{"@id":"https:\/\/ubanews.com\/site\/#organization"},"image":{"@id":"https:\/\/ubanews.com\/site\/2021\/10\/05\/prefeitura-realiza-vacinacao-nesta-sexta-feira-08-10\/#primaryimage"},"thumbnailUrl":"https:\/\/ubanews.com\/site\/wp-content\/uploads\/2021\/05\/Vacina--scaled.jpg","articleSection":["Prefeitura Municipal"],"inLanguage":"pt-BR","potentialAction":[{"@type":"CommentAction","name":"Comment","target":["https:\/\/ubanews.com\/site\/2021\/10\/05\/prefeitura-realiza-vacinacao-nesta-sexta-feira-08-10\/#respond"]}]},{"@type":"WebPage","@id":"https:\/\/ubanews.com\/site\/2021\/10\/05\/prefeitura-realiza-vacinacao-nesta-sexta-feira-08-10\/","url":"https:\/\/ubanews.com\/site\/2021\/10\/05\/prefeitura-realiza-vacinacao-nesta-sexta-feira-08-10\/","name":"Prefeitura realiza vacina\u00e7\u00e3o nesta sexta-feira, 08\/10 - Ub\u00e1 News","isPartOf":{"@id":"https:\/\/ubanews.com\/site\/#website"},"primaryImageOfPage":{"@id":"https:\/\/ubanews.com\/site\/2021\/10\/05\/prefeitura-realiza-vacinacao-nesta-sexta-feira-08-10\/#primaryimage"},"image":{"@id":"https:\/\/ubanews.com\/site\/2021\/10\/05\/prefeitura-realiza-vacinacao-nesta-sexta-feira-08-10\/#primaryimage"},"thumbnailUrl":"https:\/\/ubanews.com\/site\/wp-content\/uploads\/2021\/05\/Vacina--scaled.jpg","datePublished":"2021-10-05T23:26:37+00:00","breadcrumb":{"@id":"https:\/\/ubanews.com\/site\/2021\/10\/05\/prefeitura-realiza-vacinacao-nesta-sexta-feira-08-10\/#breadcrumb"},"inLanguage":"pt-BR","potentialAction":[{"@type":"ReadAction","target":["https:\/\/ubanews.com\/site\/2021\/10\/05\/prefeitura-realiza-vacinacao-nesta-sexta-feira-08-10\/"]}]},{"@type":"ImageObject","inLanguage":"pt-BR","@id":"https:\/\/ubanews.com\/site\/2021\/10\/05\/prefeitura-realiza-vacinacao-nesta-sexta-feira-08-10\/#primaryimage","url":"https:\/\/ubanews.com\/site\/wp-content\/uploads\/2021\/05\/Vacina--scaled.jpg","contentUrl":"https:\/\/ubanews.com\/site\/wp-content\/uploads\/2021\/05\/Vacina--scaled.jpg","width":2560,"height":1280},{"@type":"BreadcrumbList","@id":"https:\/\/ubanews.com\/site\/2021\/10\/05\/prefeitura-realiza-vacinacao-nesta-sexta-feira-08-10\/#breadcrumb","itemListElement":[{"@type":"ListItem","position":1,"name":"Home","item":"https:\/\/ubanews.com\/site\/"},{"@type":"ListItem","position":2,"name":"Prefeitura realiza vacina\u00e7\u00e3o nesta sexta-feira, 08\/10"}]},{"@type":"WebSite","@id":"https:\/\/ubanews.com\/site\/#website","url":"https:\/\/ubanews.com\/site\/","name":"Ub\u00e1 News","description":"","publisher":{"@id":"https:\/\/ubanews.com\/site\/#organization"},"potentialAction":[{"@type":"SearchAction","target":{"@type":"EntryPoint","urlTemplate":"https:\/\/ubanews.com\/site\/?s={search_term_string}"},"query-input":{"@type":"PropertyValueSpecification","valueRequired":true,"valueName":"search_term_string"}}],"inLanguage":"pt-BR"},{"@type":"Organization","@id":"https:\/\/ubanews.com\/site\/#organization","name":"Ub\u00e1 News","url":"https:\/\/ubanews.com\/site\/","logo":{"@type":"ImageObject","inLanguage":"pt-BR","@id":"https:\/\/ubanews.com\/site\/#\/schema\/logo\/image\/","url":"https:\/\/ubanews.com\/site\/wp-content\/uploads\/2018\/01\/logoubanews.png","contentUrl":"https:\/\/ubanews.com\/site\/wp-content\/uploads\/2018\/01\/logoubanews.png","width":261,"height":99,"caption":"Ub\u00e1 News"},"image":{"@id":"https:\/\/ubanews.com\/site\/#\/schema\/logo\/image\/"},"sameAs":["https:\/\/www.facebook.com\/Ub\u00e1News-Carlos-Roberto-Sodr\u00e9-418778301977370"]},{"@type":"Person","@id":"https:\/\/ubanews.com\/site\/#\/schema\/person\/d90c9e47252fbb63dcc969fe4c8b9d10","name":"Sodr\u00e9","image":{"@type":"ImageObject","inLanguage":"pt-BR","@id":"https:\/\/secure.gravatar.com\/avatar\/5ba2793f0590b9dbfad3fdec4ee714485b3eef211c9b32ee53d414060454a56c?s=96&d=mm&r=g","url":"https:\/\/secure.gravatar.com\/avatar\/5ba2793f0590b9dbfad3fdec4ee714485b3eef211c9b32ee53d414060454a56c?s=96&d=mm&r=g","contentUrl":"https:\/\/secure.gravatar.com\/avatar\/5ba2793f0590b9dbfad3fdec4ee714485b3eef211c9b32ee53d414060454a56c?s=96&d=mm&r=g","caption":"Sodr\u00e9"},"sameAs":["https:\/\/www.facebook.com\/carosroberto.sodre.5\/"],"url":"https:\/\/ubanews.com\/site\/author\/felipe\/"}]}},"_links":{"self":[{"href":"https:\/\/ubanews.com\/site\/wp-json\/wp\/v2\/posts\/20801","targetHints":{"allow":["GET"]}}],"collection":[{"href":"https:\/\/ubanews.com\/site\/wp-json\/wp\/v2\/posts"}],"about":[{"href":"https:\/\/ubanews.com\/site\/wp-json\/wp\/v2\/types\/post"}],"author":[{"embeddable":true,"href":"https:\/\/ubanews.com\/site\/wp-json\/wp\/v2\/users\/2"}],"replies":[{"embeddable":true,"href":"https:\/\/ubanews.com\/site\/wp-json\/wp\/v2\/comments?post=20801"}],"version-history":[{"count":0,"href":"https:\/\/ubanews.com\/site\/wp-json\/wp\/v2\/posts\/20801\/revisions"}],"wp:featuredmedia":[{"embeddable":true,"href":"https:\/\/ubanews.com\/site\/wp-json\/wp\/v2\/media\/19757"}],"wp:attachment":[{"href":"https:\/\/ubanews.com\/site\/wp-json\/wp\/v2\/media?parent=20801"}],"wp:term":[{"taxonomy":"category","embeddable":true,"href":"https:\/\/ubanews.com\/site\/wp-json\/wp\/v2\/categories?post=20801"},{"taxonomy":"post_tag","embeddable":true,"href":"https:\/\/ubanews.com\/site\/wp-json\/wp\/v2\/tags?post=20801"}],"curies":[{"name":"wp","href":"https:\/\/api.w.org\/{rel}","templated":true}]}}