{"id":20791,"date":"2021-10-03T18:05:23","date_gmt":"2021-10-03T21:05:23","guid":{"rendered":"http:\/\/ubanews.com\/site\/?p=20791"},"modified":"2021-10-03T18:05:23","modified_gmt":"2021-10-03T21:05:23","slug":"luz-de-uba-saiba-como-solicitar-servicos-de-iluminacao-publica","status":"publish","type":"post","link":"https:\/\/ubanews.com\/site\/2021\/10\/03\/luz-de-uba-saiba-como-solicitar-servicos-de-iluminacao-publica\/","title":{"rendered":"Luz de Ub\u00e1: Saiba como solicitar servi\u00e7os de ilumina\u00e7\u00e3o p\u00fablica"},"content":{"rendered":"<p style=\"font-weight: 400;\">Integrado a Se\u00e7\u00e3o de Gest\u00e3o de Projetos, Programas e Concess\u00f5es da Secretaria &nbsp;Municipal de Ambiente e Mobilidade Urbana, o&nbsp;<strong>Programa Luz de Ub\u00e1&nbsp;<\/strong>atende demandas diretas de manuten\u00e7\u00e3o dos pontos de ilumina\u00e7\u00e3o p\u00fablica como trocas de l\u00e2mpadas, lumin\u00e1rias e outros equipamentos em pra\u00e7as, jardins e vias do munic\u00edpio. Al\u00e9m disso, \u00e9 respons\u00e1vel &nbsp;pela expans\u00e3o de redes de ilumina\u00e7\u00e3o, de estudos para moderniza\u00e7\u00e3o do parque de ilumina\u00e7\u00e3o na cidade e faz todo o controle das contas de consumo nas secretarias e \u00f3rg\u00e3os p\u00fablicos da Prefeitura.<\/p>\n<p style=\"font-weight: 400;\">O programa foi criado em virtude da Resolu\u00e7\u00e3o 414\/2010 da Ag\u00eancia Nacional de Energia El\u00e9trica (ANEEL) que transferiu a responsabilidade de investir, manter, operar e prestar servi\u00e7os de atendimento em ilumina\u00e7\u00e3o p\u00fablica aos consumidores e usu\u00e1rios de espa\u00e7os p\u00fablicos e a gest\u00e3o dos ativos de ilumina\u00e7\u00e3o p\u00fablica para os munic\u00edpios.<\/p>\n<p style=\"font-weight: 400;\">Os servi\u00e7os do Luz de Ub\u00e1 s\u00e3o realizados atrav\u00e9s de empresa terceirizada e custeados pela contribui\u00e7\u00e3o de ilumina\u00e7\u00e3o p\u00fablica arrecadada dos usu\u00e1rios atrav\u00e9s das contas de luz.<\/p>\n<p style=\"font-weight: 400;\"><div id=\"metaslider-id-17652\" style=\"max-width: 1000px;\" class=\"ml-slider-3-106-0 metaslider metaslider-nivo metaslider-17652 ml-slider ms-theme-outline\" role=\"region\" aria-label=\"Texto\" data-height=\"200\" data-width=\"1000\">\n    <div id=\"metaslider_container_17652\">\n        <div class='slider-wrapper theme-default'><div class='ribbon'><\/div><div id='metaslider_17652' class='nivoSlider'><\/div><\/div>\n        \n    <\/div>\n<\/div><\/p>\n<p style=\"font-weight: 400;\"><strong>&nbsp;Como solicitar a manuten\u00e7\u00e3o da ilumina\u00e7\u00e3o p\u00fablica?<\/strong><\/p>\n<p style=\"font-weight: 400;\">O mun\u00edcipe deve entrar em contato com o Luz de Ub\u00e1, de segunda a sexta-feira, de 7h \u00e0s 13h, pelo telefone (32) 3532-3319.&nbsp; Tamb\u00e9m \u00e9 poss\u00edvel fazer a solicita\u00e7\u00e3o pelo WhatsApp, atrav\u00e9s do n\u00famero (32) 3532-3319 ou pelo site&nbsp;<a href=\"http:\/\/www.uba.mg.gov.br\/\" data-saferedirecturl=\"https:\/\/www.google.com\/url?q=http:\/\/www.uba.mg.gov.br&amp;source=gmail&amp;ust=1633381180142000&amp;usg=AFQjCNGUzXh4QeTY7klVGQuMdnEnp2_ujQ\"><u>www.uba.mg.gov.br<\/u><\/a>.<\/p>\n<p style=\"font-weight: 400;\">Para solicitar a manuten\u00e7\u00e3o \u00e9 preciso fornecer as seguintes informa\u00e7\u00f5es: nome completo do solicitante, endere\u00e7o completo e indicar um dos tipos de servi\u00e7os: manuten\u00e7\u00e3o do bra\u00e7o da lumin\u00e1ria, manuten\u00e7\u00e3o de l\u00e2mpada acesa durante o dia, manuten\u00e7\u00e3o de l\u00e2mpada queimada\/quebrada, manuten\u00e7\u00e3o de l\u00e2mpada piscando, manuten\u00e7\u00e3o de lumin\u00e1ria aberta, melhoria na ilumina\u00e7\u00e3o p\u00fablica ou solicita\u00e7\u00e3o de ilumina\u00e7\u00e3o p\u00fablica.<\/p>\n<p><strong>Assessoria de Comunica\u00e7\u00e3o Prefeitura de Ub\u00e1<\/strong><\/p>\n<div style=\"width: 840px;\" class=\"wp-video\"><video class=\"wp-video-shortcode\" id=\"video-20791-1\" width=\"840\" height=\"473\" autoplay preload=\"auto\" controls=\"controls\"><source type=\"video\/mp4\" src=\"https:\/\/ubanews.com\/site\/wp-content\/uploads\/2020\/12\/01020002.00_00_53_25.mp4?_=1\" \/><a href=\"https:\/\/ubanews.com\/site\/wp-content\/uploads\/2020\/12\/01020002.00_00_53_25.mp4\">https:\/\/ubanews.com\/site\/wp-content\/uploads\/2020\/12\/01020002.00_00_53_25.mp4<\/a><\/video><\/div>\n","protected":false},"excerpt":{"rendered":"<p>Integrado a Se\u00e7\u00e3o de Gest\u00e3o de Projetos, Programas e Concess\u00f5es<\/p>\n","protected":false},"author":2,"featured_media":20792,"comment_status":"open","ping_status":"open","sticky":false,"template":"","format":"standard","meta":{"footnotes":""},"categories":[15],"tags":[],"class_list":["post-20791","post","type-post","status-publish","format-standard","has-post-thumbnail","hentry","category-prefeitura-municipal"],"yoast_head":"<!-- This site is optimized with the Yoast SEO plugin v27.2 - https:\/\/yoast.com\/product\/yoast-seo-wordpress\/ -->\n<title>Luz de Ub\u00e1: Saiba como solicitar servi\u00e7os de ilumina\u00e7\u00e3o p\u00fablica - Ub\u00e1 News<\/title>\n<meta name=\"robots\" content=\"index, follow, max-snippet:-1, max-image-preview:large, max-video-preview:-1\" \/>\n<link rel=\"canonical\" href=\"https:\/\/ubanews.com\/site\/2021\/10\/03\/luz-de-uba-saiba-como-solicitar-servicos-de-iluminacao-publica\/\" \/>\n<meta property=\"og:locale\" content=\"pt_BR\" \/>\n<meta property=\"og:type\" content=\"article\" \/>\n<meta property=\"og:title\" content=\"Luz de Ub\u00e1: Saiba como solicitar servi\u00e7os de ilumina\u00e7\u00e3o p\u00fablica - Ub\u00e1 News\" \/>\n<meta property=\"og:description\" content=\"Integrado a Se\u00e7\u00e3o de Gest\u00e3o de Projetos, Programas e Concess\u00f5es\" \/>\n<meta property=\"og:url\" content=\"https:\/\/ubanews.com\/site\/2021\/10\/03\/luz-de-uba-saiba-como-solicitar-servicos-de-iluminacao-publica\/\" \/>\n<meta property=\"og:site_name\" content=\"Ub\u00e1 News\" \/>\n<meta property=\"article:publisher\" content=\"https:\/\/www.facebook.com\/Ub%c3%a1News-Carlos-Roberto-Sodr%c3%a9-418778301977370\" \/>\n<meta property=\"article:author\" content=\"https:\/\/www.facebook.com\/carosroberto.sodre.5\/\" \/>\n<meta property=\"article:published_time\" content=\"2021-10-03T21:05:23+00:00\" \/>\n<meta property=\"og:image\" content=\"https:\/\/ubanews.com\/site\/wp-content\/uploads\/2021\/10\/Iluminacao-Publica.jpg\" \/>\n\t<meta property=\"og:image:width\" content=\"1000\" \/>\n\t<meta property=\"og:image:height\" content=\"450\" \/>\n\t<meta property=\"og:image:type\" content=\"image\/jpeg\" \/>\n<meta name=\"author\" content=\"Sodr\u00e9\" \/>\n<meta name=\"twitter:card\" content=\"summary_large_image\" \/>\n<meta name=\"twitter:label1\" content=\"Escrito por\" \/>\n\t<meta name=\"twitter:data1\" content=\"Sodr\u00e9\" \/>\n\t<meta name=\"twitter:label2\" content=\"Est. tempo de leitura\" \/>\n\t<meta name=\"twitter:data2\" content=\"2 minutos\" \/>\n<script type=\"application\/ld+json\" class=\"yoast-schema-graph\">{\"@context\":\"https:\/\/schema.org\",\"@graph\":[{\"@type\":\"Article\",\"@id\":\"https:\/\/ubanews.com\/site\/2021\/10\/03\/luz-de-uba-saiba-como-solicitar-servicos-de-iluminacao-publica\/#article\",\"isPartOf\":{\"@id\":\"https:\/\/ubanews.com\/site\/2021\/10\/03\/luz-de-uba-saiba-como-solicitar-servicos-de-iluminacao-publica\/\"},\"author\":{\"name\":\"Sodr\u00e9\",\"@id\":\"https:\/\/ubanews.com\/site\/#\/schema\/person\/d90c9e47252fbb63dcc969fe4c8b9d10\"},\"headline\":\"Luz de Ub\u00e1: Saiba como solicitar servi\u00e7os de ilumina\u00e7\u00e3o p\u00fablica\",\"datePublished\":\"2021-10-03T21:05:23+00:00\",\"mainEntityOfPage\":{\"@id\":\"https:\/\/ubanews.com\/site\/2021\/10\/03\/luz-de-uba-saiba-como-solicitar-servicos-de-iluminacao-publica\/\"},\"wordCount\":376,\"commentCount\":0,\"publisher\":{\"@id\":\"https:\/\/ubanews.com\/site\/#organization\"},\"image\":{\"@id\":\"https:\/\/ubanews.com\/site\/2021\/10\/03\/luz-de-uba-saiba-como-solicitar-servicos-de-iluminacao-publica\/#primaryimage\"},\"thumbnailUrl\":\"https:\/\/ubanews.com\/site\/wp-content\/uploads\/2021\/10\/Iluminacao-Publica.jpg\",\"articleSection\":[\"Prefeitura Municipal\"],\"inLanguage\":\"pt-BR\",\"potentialAction\":[{\"@type\":\"CommentAction\",\"name\":\"Comment\",\"target\":[\"https:\/\/ubanews.com\/site\/2021\/10\/03\/luz-de-uba-saiba-como-solicitar-servicos-de-iluminacao-publica\/#respond\"]}]},{\"@type\":\"WebPage\",\"@id\":\"https:\/\/ubanews.com\/site\/2021\/10\/03\/luz-de-uba-saiba-como-solicitar-servicos-de-iluminacao-publica\/\",\"url\":\"https:\/\/ubanews.com\/site\/2021\/10\/03\/luz-de-uba-saiba-como-solicitar-servicos-de-iluminacao-publica\/\",\"name\":\"Luz de Ub\u00e1: Saiba como solicitar servi\u00e7os de ilumina\u00e7\u00e3o p\u00fablica - Ub\u00e1 News\",\"isPartOf\":{\"@id\":\"https:\/\/ubanews.com\/site\/#website\"},\"primaryImageOfPage\":{\"@id\":\"https:\/\/ubanews.com\/site\/2021\/10\/03\/luz-de-uba-saiba-como-solicitar-servicos-de-iluminacao-publica\/#primaryimage\"},\"image\":{\"@id\":\"https:\/\/ubanews.com\/site\/2021\/10\/03\/luz-de-uba-saiba-como-solicitar-servicos-de-iluminacao-publica\/#primaryimage\"},\"thumbnailUrl\":\"https:\/\/ubanews.com\/site\/wp-content\/uploads\/2021\/10\/Iluminacao-Publica.jpg\",\"datePublished\":\"2021-10-03T21:05:23+00:00\",\"breadcrumb\":{\"@id\":\"https:\/\/ubanews.com\/site\/2021\/10\/03\/luz-de-uba-saiba-como-solicitar-servicos-de-iluminacao-publica\/#breadcrumb\"},\"inLanguage\":\"pt-BR\",\"potentialAction\":[{\"@type\":\"ReadAction\",\"target\":[\"https:\/\/ubanews.com\/site\/2021\/10\/03\/luz-de-uba-saiba-como-solicitar-servicos-de-iluminacao-publica\/\"]}]},{\"@type\":\"ImageObject\",\"inLanguage\":\"pt-BR\",\"@id\":\"https:\/\/ubanews.com\/site\/2021\/10\/03\/luz-de-uba-saiba-como-solicitar-servicos-de-iluminacao-publica\/#primaryimage\",\"url\":\"https:\/\/ubanews.com\/site\/wp-content\/uploads\/2021\/10\/Iluminacao-Publica.jpg\",\"contentUrl\":\"https:\/\/ubanews.com\/site\/wp-content\/uploads\/2021\/10\/Iluminacao-Publica.jpg\",\"width\":1000,\"height\":450},{\"@type\":\"BreadcrumbList\",\"@id\":\"https:\/\/ubanews.com\/site\/2021\/10\/03\/luz-de-uba-saiba-como-solicitar-servicos-de-iluminacao-publica\/#breadcrumb\",\"itemListElement\":[{\"@type\":\"ListItem\",\"position\":1,\"name\":\"Home\",\"item\":\"https:\/\/ubanews.com\/site\/\"},{\"@type\":\"ListItem\",\"position\":2,\"name\":\"Luz de Ub\u00e1: Saiba como solicitar servi\u00e7os de ilumina\u00e7\u00e3o p\u00fablica\"}]},{\"@type\":\"WebSite\",\"@id\":\"https:\/\/ubanews.com\/site\/#website\",\"url\":\"https:\/\/ubanews.com\/site\/\",\"name\":\"Ub\u00e1 News\",\"description\":\"\",\"publisher\":{\"@id\":\"https:\/\/ubanews.com\/site\/#organization\"},\"potentialAction\":[{\"@type\":\"SearchAction\",\"target\":{\"@type\":\"EntryPoint\",\"urlTemplate\":\"https:\/\/ubanews.com\/site\/?s={search_term_string}\"},\"query-input\":{\"@type\":\"PropertyValueSpecification\",\"valueRequired\":true,\"valueName\":\"search_term_string\"}}],\"inLanguage\":\"pt-BR\"},{\"@type\":\"Organization\",\"@id\":\"https:\/\/ubanews.com\/site\/#organization\",\"name\":\"Ub\u00e1 News\",\"url\":\"https:\/\/ubanews.com\/site\/\",\"logo\":{\"@type\":\"ImageObject\",\"inLanguage\":\"pt-BR\",\"@id\":\"https:\/\/ubanews.com\/site\/#\/schema\/logo\/image\/\",\"url\":\"https:\/\/ubanews.com\/site\/wp-content\/uploads\/2018\/01\/logoubanews.png\",\"contentUrl\":\"https:\/\/ubanews.com\/site\/wp-content\/uploads\/2018\/01\/logoubanews.png\",\"width\":261,\"height\":99,\"caption\":\"Ub\u00e1 News\"},\"image\":{\"@id\":\"https:\/\/ubanews.com\/site\/#\/schema\/logo\/image\/\"},\"sameAs\":[\"https:\/\/www.facebook.com\/Ub\u00e1News-Carlos-Roberto-Sodr\u00e9-418778301977370\"]},{\"@type\":\"Person\",\"@id\":\"https:\/\/ubanews.com\/site\/#\/schema\/person\/d90c9e47252fbb63dcc969fe4c8b9d10\",\"name\":\"Sodr\u00e9\",\"image\":{\"@type\":\"ImageObject\",\"inLanguage\":\"pt-BR\",\"@id\":\"https:\/\/secure.gravatar.com\/avatar\/5ba2793f0590b9dbfad3fdec4ee714485b3eef211c9b32ee53d414060454a56c?s=96&d=mm&r=g\",\"url\":\"https:\/\/secure.gravatar.com\/avatar\/5ba2793f0590b9dbfad3fdec4ee714485b3eef211c9b32ee53d414060454a56c?s=96&d=mm&r=g\",\"contentUrl\":\"https:\/\/secure.gravatar.com\/avatar\/5ba2793f0590b9dbfad3fdec4ee714485b3eef211c9b32ee53d414060454a56c?s=96&d=mm&r=g\",\"caption\":\"Sodr\u00e9\"},\"sameAs\":[\"https:\/\/www.facebook.com\/carosroberto.sodre.5\/\"],\"url\":\"https:\/\/ubanews.com\/site\/author\/felipe\/\"}]}<\/script>\n<!-- \/ Yoast SEO plugin. -->","yoast_head_json":{"title":"Luz de Ub\u00e1: Saiba como solicitar servi\u00e7os de ilumina\u00e7\u00e3o p\u00fablica - Ub\u00e1 News","robots":{"index":"index","follow":"follow","max-snippet":"max-snippet:-1","max-image-preview":"max-image-preview:large","max-video-preview":"max-video-preview:-1"},"canonical":"https:\/\/ubanews.com\/site\/2021\/10\/03\/luz-de-uba-saiba-como-solicitar-servicos-de-iluminacao-publica\/","og_locale":"pt_BR","og_type":"article","og_title":"Luz de Ub\u00e1: Saiba como solicitar servi\u00e7os de ilumina\u00e7\u00e3o p\u00fablica - Ub\u00e1 News","og_description":"Integrado a Se\u00e7\u00e3o de Gest\u00e3o de Projetos, Programas e Concess\u00f5es","og_url":"https:\/\/ubanews.com\/site\/2021\/10\/03\/luz-de-uba-saiba-como-solicitar-servicos-de-iluminacao-publica\/","og_site_name":"Ub\u00e1 News","article_publisher":"https:\/\/www.facebook.com\/Ub%c3%a1News-Carlos-Roberto-Sodr%c3%a9-418778301977370","article_author":"https:\/\/www.facebook.com\/carosroberto.sodre.5\/","article_published_time":"2021-10-03T21:05:23+00:00","og_image":[{"width":1000,"height":450,"url":"https:\/\/ubanews.com\/site\/wp-content\/uploads\/2021\/10\/Iluminacao-Publica.jpg","type":"image\/jpeg"}],"author":"Sodr\u00e9","twitter_card":"summary_large_image","twitter_misc":{"Escrito por":"Sodr\u00e9","Est. tempo de leitura":"2 minutos"},"schema":{"@context":"https:\/\/schema.org","@graph":[{"@type":"Article","@id":"https:\/\/ubanews.com\/site\/2021\/10\/03\/luz-de-uba-saiba-como-solicitar-servicos-de-iluminacao-publica\/#article","isPartOf":{"@id":"https:\/\/ubanews.com\/site\/2021\/10\/03\/luz-de-uba-saiba-como-solicitar-servicos-de-iluminacao-publica\/"},"author":{"name":"Sodr\u00e9","@id":"https:\/\/ubanews.com\/site\/#\/schema\/person\/d90c9e47252fbb63dcc969fe4c8b9d10"},"headline":"Luz de Ub\u00e1: Saiba como solicitar servi\u00e7os de ilumina\u00e7\u00e3o p\u00fablica","datePublished":"2021-10-03T21:05:23+00:00","mainEntityOfPage":{"@id":"https:\/\/ubanews.com\/site\/2021\/10\/03\/luz-de-uba-saiba-como-solicitar-servicos-de-iluminacao-publica\/"},"wordCount":376,"commentCount":0,"publisher":{"@id":"https:\/\/ubanews.com\/site\/#organization"},"image":{"@id":"https:\/\/ubanews.com\/site\/2021\/10\/03\/luz-de-uba-saiba-como-solicitar-servicos-de-iluminacao-publica\/#primaryimage"},"thumbnailUrl":"https:\/\/ubanews.com\/site\/wp-content\/uploads\/2021\/10\/Iluminacao-Publica.jpg","articleSection":["Prefeitura Municipal"],"inLanguage":"pt-BR","potentialAction":[{"@type":"CommentAction","name":"Comment","target":["https:\/\/ubanews.com\/site\/2021\/10\/03\/luz-de-uba-saiba-como-solicitar-servicos-de-iluminacao-publica\/#respond"]}]},{"@type":"WebPage","@id":"https:\/\/ubanews.com\/site\/2021\/10\/03\/luz-de-uba-saiba-como-solicitar-servicos-de-iluminacao-publica\/","url":"https:\/\/ubanews.com\/site\/2021\/10\/03\/luz-de-uba-saiba-como-solicitar-servicos-de-iluminacao-publica\/","name":"Luz de Ub\u00e1: Saiba como solicitar servi\u00e7os de ilumina\u00e7\u00e3o p\u00fablica - Ub\u00e1 News","isPartOf":{"@id":"https:\/\/ubanews.com\/site\/#website"},"primaryImageOfPage":{"@id":"https:\/\/ubanews.com\/site\/2021\/10\/03\/luz-de-uba-saiba-como-solicitar-servicos-de-iluminacao-publica\/#primaryimage"},"image":{"@id":"https:\/\/ubanews.com\/site\/2021\/10\/03\/luz-de-uba-saiba-como-solicitar-servicos-de-iluminacao-publica\/#primaryimage"},"thumbnailUrl":"https:\/\/ubanews.com\/site\/wp-content\/uploads\/2021\/10\/Iluminacao-Publica.jpg","datePublished":"2021-10-03T21:05:23+00:00","breadcrumb":{"@id":"https:\/\/ubanews.com\/site\/2021\/10\/03\/luz-de-uba-saiba-como-solicitar-servicos-de-iluminacao-publica\/#breadcrumb"},"inLanguage":"pt-BR","potentialAction":[{"@type":"ReadAction","target":["https:\/\/ubanews.com\/site\/2021\/10\/03\/luz-de-uba-saiba-como-solicitar-servicos-de-iluminacao-publica\/"]}]},{"@type":"ImageObject","inLanguage":"pt-BR","@id":"https:\/\/ubanews.com\/site\/2021\/10\/03\/luz-de-uba-saiba-como-solicitar-servicos-de-iluminacao-publica\/#primaryimage","url":"https:\/\/ubanews.com\/site\/wp-content\/uploads\/2021\/10\/Iluminacao-Publica.jpg","contentUrl":"https:\/\/ubanews.com\/site\/wp-content\/uploads\/2021\/10\/Iluminacao-Publica.jpg","width":1000,"height":450},{"@type":"BreadcrumbList","@id":"https:\/\/ubanews.com\/site\/2021\/10\/03\/luz-de-uba-saiba-como-solicitar-servicos-de-iluminacao-publica\/#breadcrumb","itemListElement":[{"@type":"ListItem","position":1,"name":"Home","item":"https:\/\/ubanews.com\/site\/"},{"@type":"ListItem","position":2,"name":"Luz de Ub\u00e1: Saiba como solicitar servi\u00e7os de ilumina\u00e7\u00e3o p\u00fablica"}]},{"@type":"WebSite","@id":"https:\/\/ubanews.com\/site\/#website","url":"https:\/\/ubanews.com\/site\/","name":"Ub\u00e1 News","description":"","publisher":{"@id":"https:\/\/ubanews.com\/site\/#organization"},"potentialAction":[{"@type":"SearchAction","target":{"@type":"EntryPoint","urlTemplate":"https:\/\/ubanews.com\/site\/?s={search_term_string}"},"query-input":{"@type":"PropertyValueSpecification","valueRequired":true,"valueName":"search_term_string"}}],"inLanguage":"pt-BR"},{"@type":"Organization","@id":"https:\/\/ubanews.com\/site\/#organization","name":"Ub\u00e1 News","url":"https:\/\/ubanews.com\/site\/","logo":{"@type":"ImageObject","inLanguage":"pt-BR","@id":"https:\/\/ubanews.com\/site\/#\/schema\/logo\/image\/","url":"https:\/\/ubanews.com\/site\/wp-content\/uploads\/2018\/01\/logoubanews.png","contentUrl":"https:\/\/ubanews.com\/site\/wp-content\/uploads\/2018\/01\/logoubanews.png","width":261,"height":99,"caption":"Ub\u00e1 News"},"image":{"@id":"https:\/\/ubanews.com\/site\/#\/schema\/logo\/image\/"},"sameAs":["https:\/\/www.facebook.com\/Ub\u00e1News-Carlos-Roberto-Sodr\u00e9-418778301977370"]},{"@type":"Person","@id":"https:\/\/ubanews.com\/site\/#\/schema\/person\/d90c9e47252fbb63dcc969fe4c8b9d10","name":"Sodr\u00e9","image":{"@type":"ImageObject","inLanguage":"pt-BR","@id":"https:\/\/secure.gravatar.com\/avatar\/5ba2793f0590b9dbfad3fdec4ee714485b3eef211c9b32ee53d414060454a56c?s=96&d=mm&r=g","url":"https:\/\/secure.gravatar.com\/avatar\/5ba2793f0590b9dbfad3fdec4ee714485b3eef211c9b32ee53d414060454a56c?s=96&d=mm&r=g","contentUrl":"https:\/\/secure.gravatar.com\/avatar\/5ba2793f0590b9dbfad3fdec4ee714485b3eef211c9b32ee53d414060454a56c?s=96&d=mm&r=g","caption":"Sodr\u00e9"},"sameAs":["https:\/\/www.facebook.com\/carosroberto.sodre.5\/"],"url":"https:\/\/ubanews.com\/site\/author\/felipe\/"}]}},"_links":{"self":[{"href":"https:\/\/ubanews.com\/site\/wp-json\/wp\/v2\/posts\/20791","targetHints":{"allow":["GET"]}}],"collection":[{"href":"https:\/\/ubanews.com\/site\/wp-json\/wp\/v2\/posts"}],"about":[{"href":"https:\/\/ubanews.com\/site\/wp-json\/wp\/v2\/types\/post"}],"author":[{"embeddable":true,"href":"https:\/\/ubanews.com\/site\/wp-json\/wp\/v2\/users\/2"}],"replies":[{"embeddable":true,"href":"https:\/\/ubanews.com\/site\/wp-json\/wp\/v2\/comments?post=20791"}],"version-history":[{"count":0,"href":"https:\/\/ubanews.com\/site\/wp-json\/wp\/v2\/posts\/20791\/revisions"}],"wp:featuredmedia":[{"embeddable":true,"href":"https:\/\/ubanews.com\/site\/wp-json\/wp\/v2\/media\/20792"}],"wp:attachment":[{"href":"https:\/\/ubanews.com\/site\/wp-json\/wp\/v2\/media?parent=20791"}],"wp:term":[{"taxonomy":"category","embeddable":true,"href":"https:\/\/ubanews.com\/site\/wp-json\/wp\/v2\/categories?post=20791"},{"taxonomy":"post_tag","embeddable":true,"href":"https:\/\/ubanews.com\/site\/wp-json\/wp\/v2\/tags?post=20791"}],"curies":[{"name":"wp","href":"https:\/\/api.w.org\/{rel}","templated":true}]}}