{"id":20784,"date":"2021-09-30T17:02:44","date_gmt":"2021-09-30T20:02:44","guid":{"rendered":"http:\/\/ubanews.com\/site\/?p=20784"},"modified":"2021-09-30T17:02:44","modified_gmt":"2021-09-30T20:02:44","slug":"senador-firmino-policia-militar-prende-autor-por-trafico-ilicito-de-drogas","status":"publish","type":"post","link":"https:\/\/ubanews.com\/site\/2021\/09\/30\/senador-firmino-policia-militar-prende-autor-por-trafico-ilicito-de-drogas\/","title":{"rendered":"SENADOR FIRMINO: POL\u00cdCIA MILITAR PRENDE AUTOR POR TR\u00c1FICO IL\u00cdCITO DE DROGAS"},"content":{"rendered":"<p>29\/09\/2021<\/p>\n<p><strong>SENADOR FIRMINO<\/strong> \u2013 Rua S\u00e3o Miguel, Centro<\/p>\n<p>Durante \u201cOpera\u00e7\u00e3o Batida Policial\u201d, foram recebidas den\u00fancias dando conta de que um indiv\u00edduo estava realizando entrega de drogas nas resid\u00eancias de usu\u00e1rios. De posse das informa\u00e7\u00f5es, os Policiais Militares iniciaram dilig\u00eancias que culminaram com a abordagem do autor, sendo localizado com este 01 tablete de subst\u00e2ncia semelhante \u00e0 maconha e a quantia de R$ 783,00.<\/p>\n<div id=\"metaslider-id-17652\" style=\"max-width: 1000px;\" class=\"ml-slider-3-106-0 metaslider metaslider-nivo metaslider-17652 ml-slider ms-theme-outline\" role=\"region\" aria-label=\"Texto\" data-height=\"200\" data-width=\"1000\">\n    <div id=\"metaslider_container_17652\">\n        <div class='slider-wrapper theme-default'><div class='ribbon'><\/div><div id='metaslider_17652' class='nivoSlider'><\/div><\/div>\n        \n    <\/div>\n<\/div>\n<p>O autor, um homem de 33 anos, foi preso e conduzido para a Delegacia de Pol\u00edcia, assim como o material e dinheiro localizados, que seguiram apreendidos.<\/p>\n<p><strong>ASSESSORIA DE COMUNICA\u00c7\u00c3O ORGANIZACIONAL<\/strong><br \/>\n<strong>Vig\u00e9simo Primeiro Batalh\u00e3o de Pol\u00edcia Militar<\/strong><\/p>\n<div style=\"width: 840px;\" class=\"wp-video\"><video class=\"wp-video-shortcode\" id=\"video-20784-1\" width=\"840\" height=\"473\" autoplay preload=\"auto\" controls=\"controls\"><source type=\"video\/mp4\" src=\"https:\/\/ubanews.com\/site\/wp-content\/uploads\/2020\/12\/01020002.00_00_53_25.mp4?_=1\" \/><a href=\"https:\/\/ubanews.com\/site\/wp-content\/uploads\/2020\/12\/01020002.00_00_53_25.mp4\">https:\/\/ubanews.com\/site\/wp-content\/uploads\/2020\/12\/01020002.00_00_53_25.mp4<\/a><\/video><\/div>\n","protected":false},"excerpt":{"rendered":"<p>29\/09\/2021 SENADOR FIRMINO \u2013 Rua S\u00e3o Miguel, Centro Durante \u201cOpera\u00e7\u00e3o<\/p>\n","protected":false},"author":2,"featured_media":20785,"comment_status":"open","ping_status":"open","sticky":false,"template":"","format":"standard","meta":{"footnotes":""},"categories":[13],"tags":[],"class_list":["post-20784","post","type-post","status-publish","format-standard","has-post-thumbnail","hentry","category-sintese-das-ocorrencias"],"yoast_head":"<!-- This site is optimized with the Yoast SEO plugin v27.2 - https:\/\/yoast.com\/product\/yoast-seo-wordpress\/ -->\n<title>SENADOR FIRMINO: POL\u00cdCIA MILITAR PRENDE AUTOR POR TR\u00c1FICO IL\u00cdCITO DE DROGAS - Ub\u00e1 News<\/title>\n<meta name=\"robots\" content=\"index, follow, max-snippet:-1, max-image-preview:large, max-video-preview:-1\" \/>\n<link rel=\"canonical\" href=\"https:\/\/ubanews.com\/site\/2021\/09\/30\/senador-firmino-policia-militar-prende-autor-por-trafico-ilicito-de-drogas\/\" \/>\n<meta property=\"og:locale\" content=\"pt_BR\" \/>\n<meta property=\"og:type\" content=\"article\" \/>\n<meta property=\"og:title\" content=\"SENADOR FIRMINO: POL\u00cdCIA MILITAR PRENDE AUTOR POR TR\u00c1FICO IL\u00cdCITO DE DROGAS - Ub\u00e1 News\" \/>\n<meta property=\"og:description\" content=\"29\/09\/2021 SENADOR FIRMINO \u2013 Rua S\u00e3o Miguel, Centro Durante \u201cOpera\u00e7\u00e3o\" \/>\n<meta property=\"og:url\" content=\"https:\/\/ubanews.com\/site\/2021\/09\/30\/senador-firmino-policia-militar-prende-autor-por-trafico-ilicito-de-drogas\/\" \/>\n<meta property=\"og:site_name\" content=\"Ub\u00e1 News\" \/>\n<meta property=\"article:publisher\" content=\"https:\/\/www.facebook.com\/Ub%c3%a1News-Carlos-Roberto-Sodr%c3%a9-418778301977370\" \/>\n<meta property=\"article:author\" content=\"https:\/\/www.facebook.com\/carosroberto.sodre.5\/\" \/>\n<meta property=\"article:published_time\" content=\"2021-09-30T20:02:44+00:00\" \/>\n<meta property=\"og:image\" content=\"https:\/\/ubanews.com\/site\/wp-content\/uploads\/2021\/09\/836.jpg\" \/>\n\t<meta property=\"og:image:width\" content=\"1000\" \/>\n\t<meta property=\"og:image:height\" content=\"450\" \/>\n\t<meta property=\"og:image:type\" content=\"image\/jpeg\" \/>\n<meta name=\"author\" content=\"Sodr\u00e9\" \/>\n<meta name=\"twitter:card\" content=\"summary_large_image\" \/>\n<meta name=\"twitter:label1\" content=\"Escrito por\" \/>\n\t<meta name=\"twitter:data1\" content=\"Sodr\u00e9\" \/>\n\t<meta name=\"twitter:label2\" content=\"Est. tempo de leitura\" \/>\n\t<meta name=\"twitter:data2\" content=\"1 minuto\" \/>\n<script type=\"application\/ld+json\" class=\"yoast-schema-graph\">{\"@context\":\"https:\/\/schema.org\",\"@graph\":[{\"@type\":\"Article\",\"@id\":\"https:\/\/ubanews.com\/site\/2021\/09\/30\/senador-firmino-policia-militar-prende-autor-por-trafico-ilicito-de-drogas\/#article\",\"isPartOf\":{\"@id\":\"https:\/\/ubanews.com\/site\/2021\/09\/30\/senador-firmino-policia-militar-prende-autor-por-trafico-ilicito-de-drogas\/\"},\"author\":{\"name\":\"Sodr\u00e9\",\"@id\":\"https:\/\/ubanews.com\/site\/#\/schema\/person\/d90c9e47252fbb63dcc969fe4c8b9d10\"},\"headline\":\"SENADOR FIRMINO: POL\u00cdCIA MILITAR PRENDE AUTOR POR TR\u00c1FICO IL\u00cdCITO DE DROGAS\",\"datePublished\":\"2021-09-30T20:02:44+00:00\",\"mainEntityOfPage\":{\"@id\":\"https:\/\/ubanews.com\/site\/2021\/09\/30\/senador-firmino-policia-militar-prende-autor-por-trafico-ilicito-de-drogas\/\"},\"wordCount\":139,\"commentCount\":0,\"publisher\":{\"@id\":\"https:\/\/ubanews.com\/site\/#organization\"},\"image\":{\"@id\":\"https:\/\/ubanews.com\/site\/2021\/09\/30\/senador-firmino-policia-militar-prende-autor-por-trafico-ilicito-de-drogas\/#primaryimage\"},\"thumbnailUrl\":\"https:\/\/ubanews.com\/site\/wp-content\/uploads\/2021\/09\/836.jpg\",\"articleSection\":[\"S\u00edntese das Ocorr\u00eancias\"],\"inLanguage\":\"pt-BR\",\"potentialAction\":[{\"@type\":\"CommentAction\",\"name\":\"Comment\",\"target\":[\"https:\/\/ubanews.com\/site\/2021\/09\/30\/senador-firmino-policia-militar-prende-autor-por-trafico-ilicito-de-drogas\/#respond\"]}]},{\"@type\":\"WebPage\",\"@id\":\"https:\/\/ubanews.com\/site\/2021\/09\/30\/senador-firmino-policia-militar-prende-autor-por-trafico-ilicito-de-drogas\/\",\"url\":\"https:\/\/ubanews.com\/site\/2021\/09\/30\/senador-firmino-policia-militar-prende-autor-por-trafico-ilicito-de-drogas\/\",\"name\":\"SENADOR FIRMINO: POL\u00cdCIA MILITAR PRENDE AUTOR POR TR\u00c1FICO IL\u00cdCITO DE DROGAS - Ub\u00e1 News\",\"isPartOf\":{\"@id\":\"https:\/\/ubanews.com\/site\/#website\"},\"primaryImageOfPage\":{\"@id\":\"https:\/\/ubanews.com\/site\/2021\/09\/30\/senador-firmino-policia-militar-prende-autor-por-trafico-ilicito-de-drogas\/#primaryimage\"},\"image\":{\"@id\":\"https:\/\/ubanews.com\/site\/2021\/09\/30\/senador-firmino-policia-militar-prende-autor-por-trafico-ilicito-de-drogas\/#primaryimage\"},\"thumbnailUrl\":\"https:\/\/ubanews.com\/site\/wp-content\/uploads\/2021\/09\/836.jpg\",\"datePublished\":\"2021-09-30T20:02:44+00:00\",\"breadcrumb\":{\"@id\":\"https:\/\/ubanews.com\/site\/2021\/09\/30\/senador-firmino-policia-militar-prende-autor-por-trafico-ilicito-de-drogas\/#breadcrumb\"},\"inLanguage\":\"pt-BR\",\"potentialAction\":[{\"@type\":\"ReadAction\",\"target\":[\"https:\/\/ubanews.com\/site\/2021\/09\/30\/senador-firmino-policia-militar-prende-autor-por-trafico-ilicito-de-drogas\/\"]}]},{\"@type\":\"ImageObject\",\"inLanguage\":\"pt-BR\",\"@id\":\"https:\/\/ubanews.com\/site\/2021\/09\/30\/senador-firmino-policia-militar-prende-autor-por-trafico-ilicito-de-drogas\/#primaryimage\",\"url\":\"https:\/\/ubanews.com\/site\/wp-content\/uploads\/2021\/09\/836.jpg\",\"contentUrl\":\"https:\/\/ubanews.com\/site\/wp-content\/uploads\/2021\/09\/836.jpg\",\"width\":1000,\"height\":450},{\"@type\":\"BreadcrumbList\",\"@id\":\"https:\/\/ubanews.com\/site\/2021\/09\/30\/senador-firmino-policia-militar-prende-autor-por-trafico-ilicito-de-drogas\/#breadcrumb\",\"itemListElement\":[{\"@type\":\"ListItem\",\"position\":1,\"name\":\"Home\",\"item\":\"https:\/\/ubanews.com\/site\/\"},{\"@type\":\"ListItem\",\"position\":2,\"name\":\"SENADOR FIRMINO: POL\u00cdCIA MILITAR PRENDE AUTOR POR TR\u00c1FICO IL\u00cdCITO DE DROGAS\"}]},{\"@type\":\"WebSite\",\"@id\":\"https:\/\/ubanews.com\/site\/#website\",\"url\":\"https:\/\/ubanews.com\/site\/\",\"name\":\"Ub\u00e1 News\",\"description\":\"\",\"publisher\":{\"@id\":\"https:\/\/ubanews.com\/site\/#organization\"},\"potentialAction\":[{\"@type\":\"SearchAction\",\"target\":{\"@type\":\"EntryPoint\",\"urlTemplate\":\"https:\/\/ubanews.com\/site\/?s={search_term_string}\"},\"query-input\":{\"@type\":\"PropertyValueSpecification\",\"valueRequired\":true,\"valueName\":\"search_term_string\"}}],\"inLanguage\":\"pt-BR\"},{\"@type\":\"Organization\",\"@id\":\"https:\/\/ubanews.com\/site\/#organization\",\"name\":\"Ub\u00e1 News\",\"url\":\"https:\/\/ubanews.com\/site\/\",\"logo\":{\"@type\":\"ImageObject\",\"inLanguage\":\"pt-BR\",\"@id\":\"https:\/\/ubanews.com\/site\/#\/schema\/logo\/image\/\",\"url\":\"https:\/\/ubanews.com\/site\/wp-content\/uploads\/2018\/01\/logoubanews.png\",\"contentUrl\":\"https:\/\/ubanews.com\/site\/wp-content\/uploads\/2018\/01\/logoubanews.png\",\"width\":261,\"height\":99,\"caption\":\"Ub\u00e1 News\"},\"image\":{\"@id\":\"https:\/\/ubanews.com\/site\/#\/schema\/logo\/image\/\"},\"sameAs\":[\"https:\/\/www.facebook.com\/Ub\u00e1News-Carlos-Roberto-Sodr\u00e9-418778301977370\"]},{\"@type\":\"Person\",\"@id\":\"https:\/\/ubanews.com\/site\/#\/schema\/person\/d90c9e47252fbb63dcc969fe4c8b9d10\",\"name\":\"Sodr\u00e9\",\"image\":{\"@type\":\"ImageObject\",\"inLanguage\":\"pt-BR\",\"@id\":\"https:\/\/secure.gravatar.com\/avatar\/5ba2793f0590b9dbfad3fdec4ee714485b3eef211c9b32ee53d414060454a56c?s=96&d=mm&r=g\",\"url\":\"https:\/\/secure.gravatar.com\/avatar\/5ba2793f0590b9dbfad3fdec4ee714485b3eef211c9b32ee53d414060454a56c?s=96&d=mm&r=g\",\"contentUrl\":\"https:\/\/secure.gravatar.com\/avatar\/5ba2793f0590b9dbfad3fdec4ee714485b3eef211c9b32ee53d414060454a56c?s=96&d=mm&r=g\",\"caption\":\"Sodr\u00e9\"},\"sameAs\":[\"https:\/\/www.facebook.com\/carosroberto.sodre.5\/\"],\"url\":\"https:\/\/ubanews.com\/site\/author\/felipe\/\"}]}<\/script>\n<!-- \/ Yoast SEO plugin. -->","yoast_head_json":{"title":"SENADOR FIRMINO: POL\u00cdCIA MILITAR PRENDE AUTOR POR TR\u00c1FICO IL\u00cdCITO DE DROGAS - Ub\u00e1 News","robots":{"index":"index","follow":"follow","max-snippet":"max-snippet:-1","max-image-preview":"max-image-preview:large","max-video-preview":"max-video-preview:-1"},"canonical":"https:\/\/ubanews.com\/site\/2021\/09\/30\/senador-firmino-policia-militar-prende-autor-por-trafico-ilicito-de-drogas\/","og_locale":"pt_BR","og_type":"article","og_title":"SENADOR FIRMINO: POL\u00cdCIA MILITAR PRENDE AUTOR POR TR\u00c1FICO IL\u00cdCITO DE DROGAS - Ub\u00e1 News","og_description":"29\/09\/2021 SENADOR FIRMINO \u2013 Rua S\u00e3o Miguel, Centro Durante \u201cOpera\u00e7\u00e3o","og_url":"https:\/\/ubanews.com\/site\/2021\/09\/30\/senador-firmino-policia-militar-prende-autor-por-trafico-ilicito-de-drogas\/","og_site_name":"Ub\u00e1 News","article_publisher":"https:\/\/www.facebook.com\/Ub%c3%a1News-Carlos-Roberto-Sodr%c3%a9-418778301977370","article_author":"https:\/\/www.facebook.com\/carosroberto.sodre.5\/","article_published_time":"2021-09-30T20:02:44+00:00","og_image":[{"width":1000,"height":450,"url":"https:\/\/ubanews.com\/site\/wp-content\/uploads\/2021\/09\/836.jpg","type":"image\/jpeg"}],"author":"Sodr\u00e9","twitter_card":"summary_large_image","twitter_misc":{"Escrito por":"Sodr\u00e9","Est. tempo de leitura":"1 minuto"},"schema":{"@context":"https:\/\/schema.org","@graph":[{"@type":"Article","@id":"https:\/\/ubanews.com\/site\/2021\/09\/30\/senador-firmino-policia-militar-prende-autor-por-trafico-ilicito-de-drogas\/#article","isPartOf":{"@id":"https:\/\/ubanews.com\/site\/2021\/09\/30\/senador-firmino-policia-militar-prende-autor-por-trafico-ilicito-de-drogas\/"},"author":{"name":"Sodr\u00e9","@id":"https:\/\/ubanews.com\/site\/#\/schema\/person\/d90c9e47252fbb63dcc969fe4c8b9d10"},"headline":"SENADOR FIRMINO: POL\u00cdCIA MILITAR PRENDE AUTOR POR TR\u00c1FICO IL\u00cdCITO DE DROGAS","datePublished":"2021-09-30T20:02:44+00:00","mainEntityOfPage":{"@id":"https:\/\/ubanews.com\/site\/2021\/09\/30\/senador-firmino-policia-militar-prende-autor-por-trafico-ilicito-de-drogas\/"},"wordCount":139,"commentCount":0,"publisher":{"@id":"https:\/\/ubanews.com\/site\/#organization"},"image":{"@id":"https:\/\/ubanews.com\/site\/2021\/09\/30\/senador-firmino-policia-militar-prende-autor-por-trafico-ilicito-de-drogas\/#primaryimage"},"thumbnailUrl":"https:\/\/ubanews.com\/site\/wp-content\/uploads\/2021\/09\/836.jpg","articleSection":["S\u00edntese das Ocorr\u00eancias"],"inLanguage":"pt-BR","potentialAction":[{"@type":"CommentAction","name":"Comment","target":["https:\/\/ubanews.com\/site\/2021\/09\/30\/senador-firmino-policia-militar-prende-autor-por-trafico-ilicito-de-drogas\/#respond"]}]},{"@type":"WebPage","@id":"https:\/\/ubanews.com\/site\/2021\/09\/30\/senador-firmino-policia-militar-prende-autor-por-trafico-ilicito-de-drogas\/","url":"https:\/\/ubanews.com\/site\/2021\/09\/30\/senador-firmino-policia-militar-prende-autor-por-trafico-ilicito-de-drogas\/","name":"SENADOR FIRMINO: POL\u00cdCIA MILITAR PRENDE AUTOR POR TR\u00c1FICO IL\u00cdCITO DE DROGAS - Ub\u00e1 News","isPartOf":{"@id":"https:\/\/ubanews.com\/site\/#website"},"primaryImageOfPage":{"@id":"https:\/\/ubanews.com\/site\/2021\/09\/30\/senador-firmino-policia-militar-prende-autor-por-trafico-ilicito-de-drogas\/#primaryimage"},"image":{"@id":"https:\/\/ubanews.com\/site\/2021\/09\/30\/senador-firmino-policia-militar-prende-autor-por-trafico-ilicito-de-drogas\/#primaryimage"},"thumbnailUrl":"https:\/\/ubanews.com\/site\/wp-content\/uploads\/2021\/09\/836.jpg","datePublished":"2021-09-30T20:02:44+00:00","breadcrumb":{"@id":"https:\/\/ubanews.com\/site\/2021\/09\/30\/senador-firmino-policia-militar-prende-autor-por-trafico-ilicito-de-drogas\/#breadcrumb"},"inLanguage":"pt-BR","potentialAction":[{"@type":"ReadAction","target":["https:\/\/ubanews.com\/site\/2021\/09\/30\/senador-firmino-policia-militar-prende-autor-por-trafico-ilicito-de-drogas\/"]}]},{"@type":"ImageObject","inLanguage":"pt-BR","@id":"https:\/\/ubanews.com\/site\/2021\/09\/30\/senador-firmino-policia-militar-prende-autor-por-trafico-ilicito-de-drogas\/#primaryimage","url":"https:\/\/ubanews.com\/site\/wp-content\/uploads\/2021\/09\/836.jpg","contentUrl":"https:\/\/ubanews.com\/site\/wp-content\/uploads\/2021\/09\/836.jpg","width":1000,"height":450},{"@type":"BreadcrumbList","@id":"https:\/\/ubanews.com\/site\/2021\/09\/30\/senador-firmino-policia-militar-prende-autor-por-trafico-ilicito-de-drogas\/#breadcrumb","itemListElement":[{"@type":"ListItem","position":1,"name":"Home","item":"https:\/\/ubanews.com\/site\/"},{"@type":"ListItem","position":2,"name":"SENADOR FIRMINO: POL\u00cdCIA MILITAR PRENDE AUTOR POR TR\u00c1FICO IL\u00cdCITO DE DROGAS"}]},{"@type":"WebSite","@id":"https:\/\/ubanews.com\/site\/#website","url":"https:\/\/ubanews.com\/site\/","name":"Ub\u00e1 News","description":"","publisher":{"@id":"https:\/\/ubanews.com\/site\/#organization"},"potentialAction":[{"@type":"SearchAction","target":{"@type":"EntryPoint","urlTemplate":"https:\/\/ubanews.com\/site\/?s={search_term_string}"},"query-input":{"@type":"PropertyValueSpecification","valueRequired":true,"valueName":"search_term_string"}}],"inLanguage":"pt-BR"},{"@type":"Organization","@id":"https:\/\/ubanews.com\/site\/#organization","name":"Ub\u00e1 News","url":"https:\/\/ubanews.com\/site\/","logo":{"@type":"ImageObject","inLanguage":"pt-BR","@id":"https:\/\/ubanews.com\/site\/#\/schema\/logo\/image\/","url":"https:\/\/ubanews.com\/site\/wp-content\/uploads\/2018\/01\/logoubanews.png","contentUrl":"https:\/\/ubanews.com\/site\/wp-content\/uploads\/2018\/01\/logoubanews.png","width":261,"height":99,"caption":"Ub\u00e1 News"},"image":{"@id":"https:\/\/ubanews.com\/site\/#\/schema\/logo\/image\/"},"sameAs":["https:\/\/www.facebook.com\/Ub\u00e1News-Carlos-Roberto-Sodr\u00e9-418778301977370"]},{"@type":"Person","@id":"https:\/\/ubanews.com\/site\/#\/schema\/person\/d90c9e47252fbb63dcc969fe4c8b9d10","name":"Sodr\u00e9","image":{"@type":"ImageObject","inLanguage":"pt-BR","@id":"https:\/\/secure.gravatar.com\/avatar\/5ba2793f0590b9dbfad3fdec4ee714485b3eef211c9b32ee53d414060454a56c?s=96&d=mm&r=g","url":"https:\/\/secure.gravatar.com\/avatar\/5ba2793f0590b9dbfad3fdec4ee714485b3eef211c9b32ee53d414060454a56c?s=96&d=mm&r=g","contentUrl":"https:\/\/secure.gravatar.com\/avatar\/5ba2793f0590b9dbfad3fdec4ee714485b3eef211c9b32ee53d414060454a56c?s=96&d=mm&r=g","caption":"Sodr\u00e9"},"sameAs":["https:\/\/www.facebook.com\/carosroberto.sodre.5\/"],"url":"https:\/\/ubanews.com\/site\/author\/felipe\/"}]}},"_links":{"self":[{"href":"https:\/\/ubanews.com\/site\/wp-json\/wp\/v2\/posts\/20784","targetHints":{"allow":["GET"]}}],"collection":[{"href":"https:\/\/ubanews.com\/site\/wp-json\/wp\/v2\/posts"}],"about":[{"href":"https:\/\/ubanews.com\/site\/wp-json\/wp\/v2\/types\/post"}],"author":[{"embeddable":true,"href":"https:\/\/ubanews.com\/site\/wp-json\/wp\/v2\/users\/2"}],"replies":[{"embeddable":true,"href":"https:\/\/ubanews.com\/site\/wp-json\/wp\/v2\/comments?post=20784"}],"version-history":[{"count":0,"href":"https:\/\/ubanews.com\/site\/wp-json\/wp\/v2\/posts\/20784\/revisions"}],"wp:featuredmedia":[{"embeddable":true,"href":"https:\/\/ubanews.com\/site\/wp-json\/wp\/v2\/media\/20785"}],"wp:attachment":[{"href":"https:\/\/ubanews.com\/site\/wp-json\/wp\/v2\/media?parent=20784"}],"wp:term":[{"taxonomy":"category","embeddable":true,"href":"https:\/\/ubanews.com\/site\/wp-json\/wp\/v2\/categories?post=20784"},{"taxonomy":"post_tag","embeddable":true,"href":"https:\/\/ubanews.com\/site\/wp-json\/wp\/v2\/tags?post=20784"}],"curies":[{"name":"wp","href":"https:\/\/api.w.org\/{rel}","templated":true}]}}