{"id":20761,"date":"2021-09-24T17:31:50","date_gmt":"2021-09-24T20:31:50","guid":{"rendered":"http:\/\/ubanews.com\/site\/?p=20761"},"modified":"2021-09-24T17:31:50","modified_gmt":"2021-09-24T20:31:50","slug":"uba-inicia-dose-de-reforco-para-imunossuprimidos-graves-e-idosos-acima-de-85-anos","status":"publish","type":"post","link":"https:\/\/ubanews.com\/site\/2021\/09\/24\/uba-inicia-dose-de-reforco-para-imunossuprimidos-graves-e-idosos-acima-de-85-anos\/","title":{"rendered":"Ub\u00e1 inicia dose de refor\u00e7o para imunossuprimidos graves e idosos acima de 85 anos"},"content":{"rendered":"<div><span style=\"font-family: arial, sans-serif; font-size: 1.0625rem;\">A Prefeitura de Ub\u00e1 vai dar in\u00edcio, a partir da pr\u00f3xima segunda-feira (27), \u00e0 vacina\u00e7\u00e3o com dose de refor\u00e7o (3\u00aa dose) de idosos acima de 85 anos e imunossuprimidos graves de acordo com os crit\u00e9rios estabelecidos pelo Minist\u00e9rio da Sa\u00fade.<\/span><\/div>\n<div>\n<p align=\"justify\"><span style=\"font-family: arial, sans-serif;\">Al\u00e9m disso, tamb\u00e9m haver\u00e1 aplica\u00e7\u00e3o de 1\u00aa dose para as pessoas acima de 18 anos, gestantes e pu\u00e9rperas (acima de 18 anos) e aplica\u00e7\u00e3o de segundas doses de Pfizer, AstraZeneca e CoronaVac.<\/span><\/p>\n<p align=\"justify\"><span style=\"font-family: arial, sans-serif;\">Nesta quinta (23) e sexta-feira (24), a Secretaria de Sa\u00fade realizou a aplica\u00e7\u00e3o da dose de refor\u00e7o nos idosos,&nbsp;a partir de 60 anos,&nbsp;que vivem em Institui\u00e7\u00f5es de Longa Perman\u00eancia (ILPIs) do munic\u00edpio.<\/span><\/p>\n<p align=\"justify\"><span style=\"font-family: arial, sans-serif;\">Confira abaixo a programa\u00e7\u00e3o e os documentos obrigat\u00f3rios.<\/span><\/p>\n<p align=\"justify\"><strong><span style=\"font-family: arial, sans-serif;\">PROGRAMA\u00c7\u00c3O DE 27 DE SETEMBRO A 1\u00ba DE OUTUBRO<\/span><\/strong><\/p>\n<p align=\"justify\"><span style=\"font-family: arial, sans-serif;\">27\/09 (segunda-feira), de 8h \u00e0s 16h, na Policl\u00ednica Regional<\/span><\/p>\n<p align=\"justify\"><span style=\"font-family: arial, sans-serif;\">&#8211; Vacina\u00e7\u00e3o de dose de refor\u00e7o (3\u00aa dose) de Pfizer para&nbsp;imunossuprimidos graves com 60 anos ou mais vacinados com a 2\u00aa dose at\u00e9 29\/08\/2021 (independente da vacina recebida).<\/span><\/p>\n<p align=\"justify\"><span style=\"font-family: arial, sans-serif;\">27\/09 (segunda-feira), de 8h \u00e0s 14h, no Horto Florestal (Drive Thru)<\/span><\/p>\n<p align=\"justify\"><span style=\"font-family: arial, sans-serif;\">&#8211; Vacina\u00e7\u00e3o de 2\u00b0 dose para pessoas vacinadas com primeira dose de AstraZeneca at\u00e9 o dia 21\/07\/2021.<\/span><\/p>\n<p align=\"justify\"><span style=\"font-family: arial, sans-serif;\">27\/09 (segunda-feira), de 8h \u00e0s 14h, nas ESF\u2019s Santa Bernadete, Cohab, Cibraci, Eldorado e S\u00e3o Jos\u00e9<\/span><\/p>\n<p align=\"justify\"><span style=\"font-family: arial, sans-serif;\">&#8211; Vacina\u00e7\u00e3o de dose de refor\u00e7o (3\u00aa dose) de Pfizer para idosos com 90 anos ou mais vacinados com a com a 2\u00aa dose at\u00e9 26\/03\/2021 &nbsp;(independente da vacina recebida).<\/span><\/p>\n<p align=\"justify\"><span style=\"font-family: arial, sans-serif;\">28\/09 (ter\u00e7a-feira), de 8h \u00e0s 16h, na Policl\u00ednica Regional<\/span><\/p>\n<p align=\"justify\"><span style=\"font-family: arial, sans-serif;\">&#8211; Vacina\u00e7\u00e3o de dose de refor\u00e7o (3\u00aa dose) de Pfizer para imunossuprimidos graves com 55 anos ou mais vacinados com a 2\u00aa dose at\u00e9 29\/08\/2021 (independente da vacina recebida).<\/span><\/p>\n<p align=\"justify\"><span style=\"font-family: arial, sans-serif;\">28\/09 (ter\u00e7a-feira), de 8h \u00e0s 14h, no Horto Florestal (Drive Thru)<\/span><\/p>\n<p align=\"justify\"><span style=\"font-family: arial, sans-serif;\">&#8211; Vacina\u00e7\u00e3o de 2\u00b0 dose para pessoas vacinadas com primeira dose de AstraZeneca at\u00e9 o dia 21\/07\/2021.<\/span><\/p>\n<p align=\"justify\"><span style=\"font-family: arial, sans-serif;\">28\/09 (ter\u00e7a-feira), de 8h \u00e0s 14h, nas ESF\u2019s Santa Bernadete, Cohab, Cibraci, Eldorado e S\u00e3o Jos\u00e9<\/span><\/p>\n<p align=\"justify\"><span style=\"font-family: arial, sans-serif;\">&#8211; Vacina\u00e7\u00e3o de dose de refor\u00e7o (3\u00aa dose) de Pfizer para idosos com 88 anos ou mais vacinados com a com a 2\u00aa dose at\u00e9 26\/03\/2021 &nbsp;(independente da vacina recebida).<\/span><\/p>\n<p align=\"justify\"><span style=\"font-family: arial, sans-serif;\">29\/09 (quarta-feira), de 8h \u00e0s 16h, na Policl\u00ednica Regional<\/span><\/p>\n<p align=\"justify\"><span style=\"font-family: arial, sans-serif;\">&#8211; Vacina\u00e7\u00e3o de dose de refor\u00e7o (3\u00aa dose) de Pfizer para imunossuprimidos graves com 50 anos ou mais vacinados com a 2\u00aa dose at\u00e9 30\/08\/2021 (independente da vacina recebida).<\/span><\/p>\n<p align=\"justify\"><span style=\"font-family: arial, sans-serif;\">29\/09 (quarta-feira), de 8h \u00e0s 14h, no Horto Florestal (Drive Thru)<\/span><\/p>\n<p align=\"justify\"><span style=\"font-family: arial, sans-serif;\">&#8211; Vacina\u00e7\u00e3o de 2\u00b0 dose para pessoas vacinadas com primeira dose de Pfizer at\u00e9 o dia 03\/08\/2021.<\/span><\/p>\n<p align=\"justify\"><span style=\"font-family: arial, sans-serif;\">29\/09 (quarta-feira), de 8h \u00e0s 14h, nas ESF\u2019s Santa Bernadete, Cohab, Cibraci, Eldorado e S\u00e3o Jos\u00e9<\/span><\/p>\n<p align=\"justify\"><span style=\"font-family: arial, sans-serif;\">&#8211; Vacina\u00e7\u00e3o de dose de refor\u00e7o (3\u00aa dose) de Pfizer para idosos com 87 anos ou mais vacinados com a com a 2\u00aa dose at\u00e9 26\/03\/2021 &nbsp;(independente da vacina recebida).<\/span><\/p>\n<p align=\"justify\"><span style=\"font-family: arial, sans-serif;\">30\/09 (quinta-feira), de 8h \u00e0s 16h, na Policl\u00ednica Regional<\/span><\/p>\n<p align=\"justify\"><span style=\"font-family: arial, sans-serif;\">&#8211; Vacina\u00e7\u00e3o de dose de refor\u00e7o (3\u00aa dose) de Pfizer para imunossuprimidos graves com 45 anos ou mais vacinados com a 2\u00aa dose at\u00e9 30\/08\/2021 (independente da vacina recebida).<\/span><\/p>\n<p align=\"justify\"><span style=\"font-family: arial, sans-serif;\">30\/09 (quinta-feira), de 8h \u00e0s 14h, no Horto Florestal (Drive Thru)<\/span><\/p>\n<p align=\"justify\"><span style=\"font-family: arial, sans-serif;\">&#8211; Vacina\u00e7\u00e3o de 2\u00b0 dose para pessoas vacinadas com primeira dose de Pfizer at\u00e9 o dia 03\/08\/2021.<\/span><\/p>\n<p align=\"justify\"><span style=\"font-family: arial, sans-serif;\">30\/09 (quinta-feira), de 8h \u00e0s 14h, nas ESF\u2019s Santa Bernadete, Cohab, Cibraci, Eldorado e S\u00e3o Jos\u00e9<\/span><\/p>\n<p align=\"justify\"><span style=\"font-family: arial, sans-serif;\">&#8211; Vacina\u00e7\u00e3o de dose de refor\u00e7o (3\u00aa dose) de Pfizer para idosos com 86 anos ou mais vacinados com a com a 2\u00aa dose at\u00e9 26\/03\/2021 &nbsp;(independente da vacina recebida).<\/span><\/p>\n<p align=\"justify\"><span style=\"font-family: arial, sans-serif;\">01\/10 (sexta-feira), de 8h \u00e0s 16h, na Policl\u00ednica Regional<\/span><\/p>\n<p align=\"justify\"><span style=\"font-family: arial, sans-serif;\">&#8211; Vacina\u00e7\u00e3o de dose de refor\u00e7o (3\u00aa dose) de Pfizer para imunossuprimidos graves com 40 anos ou mais vacinados com a 2\u00aa dose at\u00e9 30\/08\/2021 (independente da vacina recebida).<\/span><\/p>\n<p align=\"justify\"><span style=\"font-family: arial, sans-serif;\">01\/10 (sexta-feira), de 8h \u00e0s 14h, no Horto Florestal (Drive Thru)<\/span><\/p>\n<p align=\"justify\"><span style=\"font-family: arial, sans-serif;\">&#8211; Vacina\u00e7\u00e3o de 1\u00aa dose para pessoas com 18 anos ou mais;<\/span><\/p>\n<p align=\"justify\"><span style=\"font-family: arial, sans-serif;\">&#8211; Vacina\u00e7\u00e3o de 1\u00aa dose para gestantes e pu\u00e9rperas com 18 anos ou mais;<\/span><\/p>\n<p align=\"justify\"><span style=\"font-family: arial, sans-serif;\">&#8211; Vacina\u00e7\u00e3o de 2\u00b0 dose para pessoas vacinadas com primeira dose de CoronaVac at\u00e9 10\/09\/2021.<\/span><\/p>\n<p align=\"justify\"><span style=\"font-family: arial, sans-serif;\">01\/10 (sexta-feira), de 8h \u00e0s 14h, nas ESF\u2019s Santa Bernadete, Cohab, Cibraci, Eldorado e S\u00e3o Jos\u00e9<\/span><\/p>\n<p align=\"justify\"><span style=\"font-family: arial, sans-serif;\">&#8211; Vacina\u00e7\u00e3o de dose de refor\u00e7o (3\u00aa dose) de Pfizer para idosos com 85 anos ou mais vacinados com a com a 2\u00aa dose at\u00e9 26\/03\/2021 &nbsp;(independente da vacina recebida).<\/span><\/p>\n<p align=\"justify\"><span style=\"font-family: arial, sans-serif;\">Importante:&nbsp;\u00c9 exigida a apresenta\u00e7\u00e3o de comprovante de resid\u00eancia tamb\u00e9m para a segunda dose e dose de refor\u00e7o.<\/span><\/p>\n<p align=\"justify\"><span style=\"font-family: arial, sans-serif;\">Importante2:&nbsp;Os acamados que foram contemplados com a 1\u00aa e a 2\u00aa dose em domic\u00edlio, tamb\u00e9m ser\u00e3o imunizados com a dose de refor\u00e7o (3\u00aa dose) em domic\u00edlio, conforme a agenda da equipe da Imuniza\u00e7\u00e3o.<\/span><\/p>\n<p align=\"justify\"><span style=\"font-family: arial, sans-serif;\">Importante3:&nbsp;Para ser vacinada, a pessoa n\u00e3o pode ter recebido nenhum tipo de vacina nos \u00faltimos 14 dias. Se tiver testado positivo para a Covid-19, ter\u00e1 que aguardar 30 dias, a contar do primeiro dia de sintoma, para ser imunizada.<\/span><\/p>\n<p align=\"justify\"><span style=\"font-family: arial, sans-serif;\">Documentos obrigat\u00f3rios para dose de refor\u00e7o (idosos):&nbsp;Documento de identidade com foto, CPF, cart\u00e3o de vacina\u00e7\u00e3o, comprovante de resid\u00eancia em Ub\u00e1 no nome do idosos (ou Declara\u00e7\u00e3o de resid\u00eancia em Ub\u00e1 da ESF a qual pertence, ou Declara\u00e7\u00e3o da Policl\u00ednica para \u00e1reas descobertas).<\/span><\/p>\n<p align=\"justify\"><span style=\"font-family: arial, sans-serif;\">Documentos obrigat\u00f3rios para dose de refor\u00e7o (imunossuprimidos graves):&nbsp;Documento de identidade com foto, CPF, cart\u00e3o de vacina\u00e7\u00e3o, comprovante de resid\u00eancia em Ub\u00e1 no nome da pessoa a ser vacinada (ou Declara\u00e7\u00e3o de resid\u00eancia em Ub\u00e1 da ESF a qual pertence, ou Declara\u00e7\u00e3o da Policl\u00ednica para \u00e1reas descobertas) e LAUDO M\u00c9DICO COMPROVANDO O ALTO GRAU DE IMUNOSSUPRESS\u00c3O.<\/span><\/p>\n<p align=\"justify\"><span style=\"font-family: arial, sans-serif;\">Documentos obrigat\u00f3rios para vacina\u00e7\u00e3o por faixa et\u00e1ria:&nbsp;Documento de identidade com foto, CPF, cart\u00e3o de vacina\u00e7\u00e3o, comprovante de resid\u00eancia em Ub\u00e1 no nome da pessoa a ser vacinada (ou Declara\u00e7\u00e3o de resid\u00eancia em Ub\u00e1 da ESF a qual pertence, ou Declara\u00e7\u00e3o da Policl\u00ednica para \u00e1reas descobertas).<\/span><\/p>\n<p align=\"justify\"><span style=\"font-family: arial, sans-serif;\">Documentos obrigat\u00f3rios para gestantes e pu\u00e9rperas:&nbsp;Documento de identidade com foto, CPF, cart\u00e3o de vacina\u00e7\u00e3o, comprovante de resid\u00eancia em Ub\u00e1 no nome da pessoa a ser vacinada (ou Declara\u00e7\u00e3o de resid\u00eancia em Ub\u00e1 da ESF a qual pertence, ou Declara\u00e7\u00e3o da Policl\u00ednica para \u00e1reas descobertas), cart\u00e3o da gestante e\/ou certid\u00e3o de nascimento da crian\u00e7a comprovando 45 dias p\u00f3s parto.<\/span><\/p>\n<p align=\"justify\"><u><span style=\"font-family: arial, sans-serif;\">Descri\u00e7\u00e3o das pessoas com alto grau de imunossupress\u00e3o: (DELIBERA\u00c7\u00c3O CIB-<dfn id=\"m_2665318671274508005gmail-dfn_materia_1_0\" title=\"\">SUS<\/dfn>\/MG N\u00ba 3.508, DE 03 DE SETEMBRO DE 2021)<\/span><\/u><\/p>\n<p align=\"justify\"><span style=\"font-family: arial, sans-serif;\">I \u2013 Imunodefici\u00eancia prim\u00e1ria grave;<\/span><\/p>\n<p align=\"justify\"><span style=\"font-family: arial, sans-serif;\">II \u2013 Quimioterapia para c\u00e2ncer;<\/span><\/p>\n<p align=\"justify\"><span style=\"font-family: arial, sans-serif;\">III \u2013 Transplantados de \u00f3rg\u00e3o s\u00f3lido ou de c\u00e9lulas tronco hematopoi\u00e9ticas (TCTH) em uso de drogas imunossupressoras;<\/span><\/p>\n<p align=\"justify\"><span style=\"font-family: arial, sans-serif;\">IV \u2013 Pessoas vivendo com HIV\/<dfn id=\"m_2665318671274508005gmail-dfn_materia_0_0\" title=\"\">Aids<\/dfn>&nbsp;com CD4 &lt;200 c\u00e9ls\/mm3;<\/span><\/p>\n<p align=\"justify\"><span style=\"font-family: arial, sans-serif;\">V \u2013 Uso de corticoides em doses \u226520 mg\/dia de prednisona, ou equivalente, por \u226514 dias;<\/span><\/p>\n<p align=\"justify\"><span style=\"font-family: arial, sans-serif;\">VI \u2013 Uso de drogas modificadoras da resposta imune (Metotrexato; Leflunomida; Micofenolato de mofetila; Azatiprina; Ciclofosfamida; Ciclosporina; Tacrolimus; 6-mercaptopurina; Biol\u00f3gicos em geral : infliximabe, etanercept, humira, adalimumabe, tocilizumabe, Canakinumabe, golimumabe, certolizumabe, abatacepte, Secukinumabe, ustekinumabe) e Inibidores da JAK: Tofacitinibe, baracitinibe e Upadacitinibe);<\/span><\/p>\n<p align=\"justify\"><span style=\"font-family: arial, sans-serif;\">VII \u2013 Pacientes em hemodi\u00e1lise;<\/span><\/p>\n<p align=\"justify\"><span style=\"font-family: arial, sans-serif;\">VIII \u2013 Pacientes com doen\u00e7as imunomediadas inflamat\u00f3rias cr\u00f4nicas (reumatol\u00f3gicas, autoinflamat\u00f3rias, doen\u00e7as intestinais inflamat\u00f3rias).<\/span><\/p>\n<\/div>\n","protected":false},"excerpt":{"rendered":"<p>A Prefeitura de Ub\u00e1 vai dar in\u00edcio, a partir da<\/p>\n","protected":false},"author":2,"featured_media":11243,"comment_status":"open","ping_status":"open","sticky":false,"template":"","format":"standard","meta":{"footnotes":""},"categories":[15],"tags":[],"class_list":["post-20761","post","type-post","status-publish","format-standard","has-post-thumbnail","hentry","category-prefeitura-municipal"],"yoast_head":"<!-- This site is optimized with the Yoast SEO plugin v27.2 - https:\/\/yoast.com\/product\/yoast-seo-wordpress\/ -->\n<title>Ub\u00e1 inicia dose de refor\u00e7o para imunossuprimidos graves e idosos acima de 85 anos - Ub\u00e1 News<\/title>\n<meta name=\"robots\" content=\"index, follow, max-snippet:-1, max-image-preview:large, max-video-preview:-1\" \/>\n<link rel=\"canonical\" href=\"https:\/\/ubanews.com\/site\/2021\/09\/24\/uba-inicia-dose-de-reforco-para-imunossuprimidos-graves-e-idosos-acima-de-85-anos\/\" \/>\n<meta property=\"og:locale\" content=\"pt_BR\" \/>\n<meta property=\"og:type\" content=\"article\" \/>\n<meta property=\"og:title\" content=\"Ub\u00e1 inicia dose de refor\u00e7o para imunossuprimidos graves e idosos acima de 85 anos - Ub\u00e1 News\" \/>\n<meta property=\"og:description\" content=\"A Prefeitura de Ub\u00e1 vai dar in\u00edcio, a partir da\" \/>\n<meta property=\"og:url\" content=\"https:\/\/ubanews.com\/site\/2021\/09\/24\/uba-inicia-dose-de-reforco-para-imunossuprimidos-graves-e-idosos-acima-de-85-anos\/\" \/>\n<meta property=\"og:site_name\" content=\"Ub\u00e1 News\" \/>\n<meta property=\"article:publisher\" content=\"https:\/\/www.facebook.com\/Ub%c3%a1News-Carlos-Roberto-Sodr%c3%a9-418778301977370\" \/>\n<meta property=\"article:author\" content=\"https:\/\/www.facebook.com\/carosroberto.sodre.5\/\" \/>\n<meta property=\"article:published_time\" content=\"2021-09-24T20:31:50+00:00\" \/>\n<meta property=\"og:image\" content=\"https:\/\/ubanews.com\/site\/wp-content\/uploads\/2019\/04\/vacina-gripe.jpg\" \/>\n\t<meta property=\"og:image:width\" content=\"800\" \/>\n\t<meta property=\"og:image:height\" content=\"389\" \/>\n\t<meta property=\"og:image:type\" content=\"image\/jpeg\" \/>\n<meta name=\"author\" content=\"Sodr\u00e9\" \/>\n<meta name=\"twitter:card\" content=\"summary_large_image\" \/>\n<meta name=\"twitter:label1\" content=\"Escrito por\" \/>\n\t<meta name=\"twitter:data1\" content=\"Sodr\u00e9\" \/>\n\t<meta name=\"twitter:label2\" content=\"Est. tempo de leitura\" \/>\n\t<meta name=\"twitter:data2\" content=\"5 minutos\" \/>\n<script type=\"application\/ld+json\" class=\"yoast-schema-graph\">{\"@context\":\"https:\/\/schema.org\",\"@graph\":[{\"@type\":\"Article\",\"@id\":\"https:\/\/ubanews.com\/site\/2021\/09\/24\/uba-inicia-dose-de-reforco-para-imunossuprimidos-graves-e-idosos-acima-de-85-anos\/#article\",\"isPartOf\":{\"@id\":\"https:\/\/ubanews.com\/site\/2021\/09\/24\/uba-inicia-dose-de-reforco-para-imunossuprimidos-graves-e-idosos-acima-de-85-anos\/\"},\"author\":{\"name\":\"Sodr\u00e9\",\"@id\":\"https:\/\/ubanews.com\/site\/#\/schema\/person\/d90c9e47252fbb63dcc969fe4c8b9d10\"},\"headline\":\"Ub\u00e1 inicia dose de refor\u00e7o para imunossuprimidos graves e idosos acima de 85 anos\",\"datePublished\":\"2021-09-24T20:31:50+00:00\",\"mainEntityOfPage\":{\"@id\":\"https:\/\/ubanews.com\/site\/2021\/09\/24\/uba-inicia-dose-de-reforco-para-imunossuprimidos-graves-e-idosos-acima-de-85-anos\/\"},\"wordCount\":1208,\"commentCount\":0,\"publisher\":{\"@id\":\"https:\/\/ubanews.com\/site\/#organization\"},\"image\":{\"@id\":\"https:\/\/ubanews.com\/site\/2021\/09\/24\/uba-inicia-dose-de-reforco-para-imunossuprimidos-graves-e-idosos-acima-de-85-anos\/#primaryimage\"},\"thumbnailUrl\":\"https:\/\/ubanews.com\/site\/wp-content\/uploads\/2019\/04\/vacina-gripe.jpg\",\"articleSection\":[\"Prefeitura Municipal\"],\"inLanguage\":\"pt-BR\",\"potentialAction\":[{\"@type\":\"CommentAction\",\"name\":\"Comment\",\"target\":[\"https:\/\/ubanews.com\/site\/2021\/09\/24\/uba-inicia-dose-de-reforco-para-imunossuprimidos-graves-e-idosos-acima-de-85-anos\/#respond\"]}]},{\"@type\":\"WebPage\",\"@id\":\"https:\/\/ubanews.com\/site\/2021\/09\/24\/uba-inicia-dose-de-reforco-para-imunossuprimidos-graves-e-idosos-acima-de-85-anos\/\",\"url\":\"https:\/\/ubanews.com\/site\/2021\/09\/24\/uba-inicia-dose-de-reforco-para-imunossuprimidos-graves-e-idosos-acima-de-85-anos\/\",\"name\":\"Ub\u00e1 inicia dose de refor\u00e7o para imunossuprimidos graves e idosos acima de 85 anos - Ub\u00e1 News\",\"isPartOf\":{\"@id\":\"https:\/\/ubanews.com\/site\/#website\"},\"primaryImageOfPage\":{\"@id\":\"https:\/\/ubanews.com\/site\/2021\/09\/24\/uba-inicia-dose-de-reforco-para-imunossuprimidos-graves-e-idosos-acima-de-85-anos\/#primaryimage\"},\"image\":{\"@id\":\"https:\/\/ubanews.com\/site\/2021\/09\/24\/uba-inicia-dose-de-reforco-para-imunossuprimidos-graves-e-idosos-acima-de-85-anos\/#primaryimage\"},\"thumbnailUrl\":\"https:\/\/ubanews.com\/site\/wp-content\/uploads\/2019\/04\/vacina-gripe.jpg\",\"datePublished\":\"2021-09-24T20:31:50+00:00\",\"breadcrumb\":{\"@id\":\"https:\/\/ubanews.com\/site\/2021\/09\/24\/uba-inicia-dose-de-reforco-para-imunossuprimidos-graves-e-idosos-acima-de-85-anos\/#breadcrumb\"},\"inLanguage\":\"pt-BR\",\"potentialAction\":[{\"@type\":\"ReadAction\",\"target\":[\"https:\/\/ubanews.com\/site\/2021\/09\/24\/uba-inicia-dose-de-reforco-para-imunossuprimidos-graves-e-idosos-acima-de-85-anos\/\"]}]},{\"@type\":\"ImageObject\",\"inLanguage\":\"pt-BR\",\"@id\":\"https:\/\/ubanews.com\/site\/2021\/09\/24\/uba-inicia-dose-de-reforco-para-imunossuprimidos-graves-e-idosos-acima-de-85-anos\/#primaryimage\",\"url\":\"https:\/\/ubanews.com\/site\/wp-content\/uploads\/2019\/04\/vacina-gripe.jpg\",\"contentUrl\":\"https:\/\/ubanews.com\/site\/wp-content\/uploads\/2019\/04\/vacina-gripe.jpg\",\"width\":800,\"height\":389},{\"@type\":\"BreadcrumbList\",\"@id\":\"https:\/\/ubanews.com\/site\/2021\/09\/24\/uba-inicia-dose-de-reforco-para-imunossuprimidos-graves-e-idosos-acima-de-85-anos\/#breadcrumb\",\"itemListElement\":[{\"@type\":\"ListItem\",\"position\":1,\"name\":\"Home\",\"item\":\"https:\/\/ubanews.com\/site\/\"},{\"@type\":\"ListItem\",\"position\":2,\"name\":\"Ub\u00e1 inicia dose de refor\u00e7o para imunossuprimidos graves e idosos acima de 85 anos\"}]},{\"@type\":\"WebSite\",\"@id\":\"https:\/\/ubanews.com\/site\/#website\",\"url\":\"https:\/\/ubanews.com\/site\/\",\"name\":\"Ub\u00e1 News\",\"description\":\"\",\"publisher\":{\"@id\":\"https:\/\/ubanews.com\/site\/#organization\"},\"potentialAction\":[{\"@type\":\"SearchAction\",\"target\":{\"@type\":\"EntryPoint\",\"urlTemplate\":\"https:\/\/ubanews.com\/site\/?s={search_term_string}\"},\"query-input\":{\"@type\":\"PropertyValueSpecification\",\"valueRequired\":true,\"valueName\":\"search_term_string\"}}],\"inLanguage\":\"pt-BR\"},{\"@type\":\"Organization\",\"@id\":\"https:\/\/ubanews.com\/site\/#organization\",\"name\":\"Ub\u00e1 News\",\"url\":\"https:\/\/ubanews.com\/site\/\",\"logo\":{\"@type\":\"ImageObject\",\"inLanguage\":\"pt-BR\",\"@id\":\"https:\/\/ubanews.com\/site\/#\/schema\/logo\/image\/\",\"url\":\"https:\/\/ubanews.com\/site\/wp-content\/uploads\/2018\/01\/logoubanews.png\",\"contentUrl\":\"https:\/\/ubanews.com\/site\/wp-content\/uploads\/2018\/01\/logoubanews.png\",\"width\":261,\"height\":99,\"caption\":\"Ub\u00e1 News\"},\"image\":{\"@id\":\"https:\/\/ubanews.com\/site\/#\/schema\/logo\/image\/\"},\"sameAs\":[\"https:\/\/www.facebook.com\/Ub\u00e1News-Carlos-Roberto-Sodr\u00e9-418778301977370\"]},{\"@type\":\"Person\",\"@id\":\"https:\/\/ubanews.com\/site\/#\/schema\/person\/d90c9e47252fbb63dcc969fe4c8b9d10\",\"name\":\"Sodr\u00e9\",\"image\":{\"@type\":\"ImageObject\",\"inLanguage\":\"pt-BR\",\"@id\":\"https:\/\/secure.gravatar.com\/avatar\/5ba2793f0590b9dbfad3fdec4ee714485b3eef211c9b32ee53d414060454a56c?s=96&d=mm&r=g\",\"url\":\"https:\/\/secure.gravatar.com\/avatar\/5ba2793f0590b9dbfad3fdec4ee714485b3eef211c9b32ee53d414060454a56c?s=96&d=mm&r=g\",\"contentUrl\":\"https:\/\/secure.gravatar.com\/avatar\/5ba2793f0590b9dbfad3fdec4ee714485b3eef211c9b32ee53d414060454a56c?s=96&d=mm&r=g\",\"caption\":\"Sodr\u00e9\"},\"sameAs\":[\"https:\/\/www.facebook.com\/carosroberto.sodre.5\/\"],\"url\":\"https:\/\/ubanews.com\/site\/author\/felipe\/\"}]}<\/script>\n<!-- \/ Yoast SEO plugin. -->","yoast_head_json":{"title":"Ub\u00e1 inicia dose de refor\u00e7o para imunossuprimidos graves e idosos acima de 85 anos - Ub\u00e1 News","robots":{"index":"index","follow":"follow","max-snippet":"max-snippet:-1","max-image-preview":"max-image-preview:large","max-video-preview":"max-video-preview:-1"},"canonical":"https:\/\/ubanews.com\/site\/2021\/09\/24\/uba-inicia-dose-de-reforco-para-imunossuprimidos-graves-e-idosos-acima-de-85-anos\/","og_locale":"pt_BR","og_type":"article","og_title":"Ub\u00e1 inicia dose de refor\u00e7o para imunossuprimidos graves e idosos acima de 85 anos - Ub\u00e1 News","og_description":"A Prefeitura de Ub\u00e1 vai dar in\u00edcio, a partir da","og_url":"https:\/\/ubanews.com\/site\/2021\/09\/24\/uba-inicia-dose-de-reforco-para-imunossuprimidos-graves-e-idosos-acima-de-85-anos\/","og_site_name":"Ub\u00e1 News","article_publisher":"https:\/\/www.facebook.com\/Ub%c3%a1News-Carlos-Roberto-Sodr%c3%a9-418778301977370","article_author":"https:\/\/www.facebook.com\/carosroberto.sodre.5\/","article_published_time":"2021-09-24T20:31:50+00:00","og_image":[{"width":800,"height":389,"url":"https:\/\/ubanews.com\/site\/wp-content\/uploads\/2019\/04\/vacina-gripe.jpg","type":"image\/jpeg"}],"author":"Sodr\u00e9","twitter_card":"summary_large_image","twitter_misc":{"Escrito por":"Sodr\u00e9","Est. tempo de leitura":"5 minutos"},"schema":{"@context":"https:\/\/schema.org","@graph":[{"@type":"Article","@id":"https:\/\/ubanews.com\/site\/2021\/09\/24\/uba-inicia-dose-de-reforco-para-imunossuprimidos-graves-e-idosos-acima-de-85-anos\/#article","isPartOf":{"@id":"https:\/\/ubanews.com\/site\/2021\/09\/24\/uba-inicia-dose-de-reforco-para-imunossuprimidos-graves-e-idosos-acima-de-85-anos\/"},"author":{"name":"Sodr\u00e9","@id":"https:\/\/ubanews.com\/site\/#\/schema\/person\/d90c9e47252fbb63dcc969fe4c8b9d10"},"headline":"Ub\u00e1 inicia dose de refor\u00e7o para imunossuprimidos graves e idosos acima de 85 anos","datePublished":"2021-09-24T20:31:50+00:00","mainEntityOfPage":{"@id":"https:\/\/ubanews.com\/site\/2021\/09\/24\/uba-inicia-dose-de-reforco-para-imunossuprimidos-graves-e-idosos-acima-de-85-anos\/"},"wordCount":1208,"commentCount":0,"publisher":{"@id":"https:\/\/ubanews.com\/site\/#organization"},"image":{"@id":"https:\/\/ubanews.com\/site\/2021\/09\/24\/uba-inicia-dose-de-reforco-para-imunossuprimidos-graves-e-idosos-acima-de-85-anos\/#primaryimage"},"thumbnailUrl":"https:\/\/ubanews.com\/site\/wp-content\/uploads\/2019\/04\/vacina-gripe.jpg","articleSection":["Prefeitura Municipal"],"inLanguage":"pt-BR","potentialAction":[{"@type":"CommentAction","name":"Comment","target":["https:\/\/ubanews.com\/site\/2021\/09\/24\/uba-inicia-dose-de-reforco-para-imunossuprimidos-graves-e-idosos-acima-de-85-anos\/#respond"]}]},{"@type":"WebPage","@id":"https:\/\/ubanews.com\/site\/2021\/09\/24\/uba-inicia-dose-de-reforco-para-imunossuprimidos-graves-e-idosos-acima-de-85-anos\/","url":"https:\/\/ubanews.com\/site\/2021\/09\/24\/uba-inicia-dose-de-reforco-para-imunossuprimidos-graves-e-idosos-acima-de-85-anos\/","name":"Ub\u00e1 inicia dose de refor\u00e7o para imunossuprimidos graves e idosos acima de 85 anos - Ub\u00e1 News","isPartOf":{"@id":"https:\/\/ubanews.com\/site\/#website"},"primaryImageOfPage":{"@id":"https:\/\/ubanews.com\/site\/2021\/09\/24\/uba-inicia-dose-de-reforco-para-imunossuprimidos-graves-e-idosos-acima-de-85-anos\/#primaryimage"},"image":{"@id":"https:\/\/ubanews.com\/site\/2021\/09\/24\/uba-inicia-dose-de-reforco-para-imunossuprimidos-graves-e-idosos-acima-de-85-anos\/#primaryimage"},"thumbnailUrl":"https:\/\/ubanews.com\/site\/wp-content\/uploads\/2019\/04\/vacina-gripe.jpg","datePublished":"2021-09-24T20:31:50+00:00","breadcrumb":{"@id":"https:\/\/ubanews.com\/site\/2021\/09\/24\/uba-inicia-dose-de-reforco-para-imunossuprimidos-graves-e-idosos-acima-de-85-anos\/#breadcrumb"},"inLanguage":"pt-BR","potentialAction":[{"@type":"ReadAction","target":["https:\/\/ubanews.com\/site\/2021\/09\/24\/uba-inicia-dose-de-reforco-para-imunossuprimidos-graves-e-idosos-acima-de-85-anos\/"]}]},{"@type":"ImageObject","inLanguage":"pt-BR","@id":"https:\/\/ubanews.com\/site\/2021\/09\/24\/uba-inicia-dose-de-reforco-para-imunossuprimidos-graves-e-idosos-acima-de-85-anos\/#primaryimage","url":"https:\/\/ubanews.com\/site\/wp-content\/uploads\/2019\/04\/vacina-gripe.jpg","contentUrl":"https:\/\/ubanews.com\/site\/wp-content\/uploads\/2019\/04\/vacina-gripe.jpg","width":800,"height":389},{"@type":"BreadcrumbList","@id":"https:\/\/ubanews.com\/site\/2021\/09\/24\/uba-inicia-dose-de-reforco-para-imunossuprimidos-graves-e-idosos-acima-de-85-anos\/#breadcrumb","itemListElement":[{"@type":"ListItem","position":1,"name":"Home","item":"https:\/\/ubanews.com\/site\/"},{"@type":"ListItem","position":2,"name":"Ub\u00e1 inicia dose de refor\u00e7o para imunossuprimidos graves e idosos acima de 85 anos"}]},{"@type":"WebSite","@id":"https:\/\/ubanews.com\/site\/#website","url":"https:\/\/ubanews.com\/site\/","name":"Ub\u00e1 News","description":"","publisher":{"@id":"https:\/\/ubanews.com\/site\/#organization"},"potentialAction":[{"@type":"SearchAction","target":{"@type":"EntryPoint","urlTemplate":"https:\/\/ubanews.com\/site\/?s={search_term_string}"},"query-input":{"@type":"PropertyValueSpecification","valueRequired":true,"valueName":"search_term_string"}}],"inLanguage":"pt-BR"},{"@type":"Organization","@id":"https:\/\/ubanews.com\/site\/#organization","name":"Ub\u00e1 News","url":"https:\/\/ubanews.com\/site\/","logo":{"@type":"ImageObject","inLanguage":"pt-BR","@id":"https:\/\/ubanews.com\/site\/#\/schema\/logo\/image\/","url":"https:\/\/ubanews.com\/site\/wp-content\/uploads\/2018\/01\/logoubanews.png","contentUrl":"https:\/\/ubanews.com\/site\/wp-content\/uploads\/2018\/01\/logoubanews.png","width":261,"height":99,"caption":"Ub\u00e1 News"},"image":{"@id":"https:\/\/ubanews.com\/site\/#\/schema\/logo\/image\/"},"sameAs":["https:\/\/www.facebook.com\/Ub\u00e1News-Carlos-Roberto-Sodr\u00e9-418778301977370"]},{"@type":"Person","@id":"https:\/\/ubanews.com\/site\/#\/schema\/person\/d90c9e47252fbb63dcc969fe4c8b9d10","name":"Sodr\u00e9","image":{"@type":"ImageObject","inLanguage":"pt-BR","@id":"https:\/\/secure.gravatar.com\/avatar\/5ba2793f0590b9dbfad3fdec4ee714485b3eef211c9b32ee53d414060454a56c?s=96&d=mm&r=g","url":"https:\/\/secure.gravatar.com\/avatar\/5ba2793f0590b9dbfad3fdec4ee714485b3eef211c9b32ee53d414060454a56c?s=96&d=mm&r=g","contentUrl":"https:\/\/secure.gravatar.com\/avatar\/5ba2793f0590b9dbfad3fdec4ee714485b3eef211c9b32ee53d414060454a56c?s=96&d=mm&r=g","caption":"Sodr\u00e9"},"sameAs":["https:\/\/www.facebook.com\/carosroberto.sodre.5\/"],"url":"https:\/\/ubanews.com\/site\/author\/felipe\/"}]}},"_links":{"self":[{"href":"https:\/\/ubanews.com\/site\/wp-json\/wp\/v2\/posts\/20761","targetHints":{"allow":["GET"]}}],"collection":[{"href":"https:\/\/ubanews.com\/site\/wp-json\/wp\/v2\/posts"}],"about":[{"href":"https:\/\/ubanews.com\/site\/wp-json\/wp\/v2\/types\/post"}],"author":[{"embeddable":true,"href":"https:\/\/ubanews.com\/site\/wp-json\/wp\/v2\/users\/2"}],"replies":[{"embeddable":true,"href":"https:\/\/ubanews.com\/site\/wp-json\/wp\/v2\/comments?post=20761"}],"version-history":[{"count":0,"href":"https:\/\/ubanews.com\/site\/wp-json\/wp\/v2\/posts\/20761\/revisions"}],"wp:featuredmedia":[{"embeddable":true,"href":"https:\/\/ubanews.com\/site\/wp-json\/wp\/v2\/media\/11243"}],"wp:attachment":[{"href":"https:\/\/ubanews.com\/site\/wp-json\/wp\/v2\/media?parent=20761"}],"wp:term":[{"taxonomy":"category","embeddable":true,"href":"https:\/\/ubanews.com\/site\/wp-json\/wp\/v2\/categories?post=20761"},{"taxonomy":"post_tag","embeddable":true,"href":"https:\/\/ubanews.com\/site\/wp-json\/wp\/v2\/tags?post=20761"}],"curies":[{"name":"wp","href":"https:\/\/api.w.org\/{rel}","templated":true}]}}