{"id":20759,"date":"2021-09-23T19:12:03","date_gmt":"2021-09-23T22:12:03","guid":{"rendered":"http:\/\/ubanews.com\/site\/?p=20759"},"modified":"2021-09-23T19:12:03","modified_gmt":"2021-09-23T22:12:03","slug":"funcionando-desde-julho-mas-agora-inaugurada-oficialmente-a-clinica-escola-de-odontologia","status":"publish","type":"post","link":"https:\/\/ubanews.com\/site\/2021\/09\/23\/funcionando-desde-julho-mas-agora-inaugurada-oficialmente-a-clinica-escola-de-odontologia\/","title":{"rendered":"Funcionando desde julho mas agora inaugurada oficialmente a cl\u00ednica escola de odontologia"},"content":{"rendered":"<p>O prefeito Edson Teixeira Filho denominou como parceria do bem.<\/p>\n<p>A prefeitura municipal de Ub\u00e1; UNIFAGOC e o NRVCC (N\u00facleo Regional de Volunt\u00e1rios de Combate ao C\u00e2ncer), contando com as presen\u00e7as do vice-presidente do N\u00facleo do C\u00e2ncer, Guilherme Guilhermino J\u00fanior, o presidente do N\u00facleo do C\u00e2ncer, Renato L\u00facio Andrade Cantarino, o vice-prefeito e secret\u00e1rio municipal de sa\u00fade de Ub\u00e1, doutor Ant\u00f4nio Carlos Jacob, o prefeito de Ub\u00e1, Edson Teixeira Filho, o reitor do UNIFAGOC, Ricardo Belo Couto, o presidente da mantenedora UNIFAGOC, Cl\u00e1udio Azevedo e a diretora do curso de Odontologia do UNIFAGOC, Liliane Carvalho inauguraram oficialmente no \u00faltimo s\u00e1bado (11) a Cl\u00ednica de Odontologia. A iniciativa contou com a participa\u00e7\u00e3o de autoridades da institui\u00e7\u00e3o e da cidade de Ub\u00e1, alunos e colaboradores do Centro Universit\u00e1rio.<\/p>\n<div id=\"metaslider-id-17652\" style=\"max-width: 1000px;\" class=\"ml-slider-3-106-0 metaslider metaslider-nivo metaslider-17652 ml-slider ms-theme-outline\" role=\"region\" aria-label=\"Texto\" data-height=\"200\" data-width=\"1000\">\n    <div id=\"metaslider_container_17652\">\n        <div class='slider-wrapper theme-default'><div class='ribbon'><\/div><div id='metaslider_17652' class='nivoSlider'><\/div><\/div>\n        \n    <\/div>\n<\/div>\n<p>\u201cEnfim inaugurado oficialmente o nosso centro de treinamento para pacientes, a nossa Cl\u00ednica Escola de Odontologia. E agora \u00e9 a gente reproduzir todo o conhecimento que \u00e9 passado de forma cient\u00edfica e te\u00f3rica para os nossos alunos para que eles possam ter a condi\u00e7\u00e3o de reproduzir esses atendimentos aqui em nossa cl\u00ednica. Ent\u00e3o, esse \u00e9 um momento de muita alegria e muita satisfa\u00e7\u00e3o&#8221;, afirma a diretora do curso de Odontologia do UNIFAGOC, Liliane Carvalho.<\/p>\n<p>Vale destacar que os alunos j\u00e1 t\u00eam realizado atendimentos gratuitos diariamente \u00e0 popula\u00e7\u00e3o, com a supervis\u00e3o de professores.<\/p>\n<p>De acordo com Liliane, inicialmente, o novo local conta com cerca de 24 equipos em que ser\u00e3o realizados, no m\u00ednimo, cerca de 60 atendimentos por dia. \u201cHoje, o servi\u00e7o \u00fanico de sa\u00fade da cidade de Ub\u00e1 tem uma demanda reprimida na odontologia. Acredito que a popula\u00e7\u00e3o s\u00f3 tem a ganhar\u201d, destaca a diretora.<\/p>\n<p>A princ\u00edpio, os atendimentos s\u00e3o feitos no per\u00edodo noturno. Os agendamentos podem ser feitos pelos n\u00fameros (32) 9 9905 6391 ou (32) 3531 9309. \u00c0 medida em que h\u00e1 disponibilidade de hor\u00e1rios, os nomes da lista de espera s\u00e3o chamados para a triagem.<\/p>\n<p>\u201cN\u00e3o \u00e9 surpresa que o UNIFAGOC tenha investido em qualidade, o que me impressionou aqui foi a quantidade, o n\u00famero de consult\u00f3rios dent\u00e1rios \u00e0 disposi\u00e7\u00e3o da popula\u00e7\u00e3o. Com certeza, isso vai ajudar em todos os sentidos, ao aluno que precisa da pr\u00e1tica, aos professores que v\u00e3o poder ensinar com mais qualidade, mas, principalmente, \u00e0 popula\u00e7\u00e3o que ser\u00e1 atendida nesse local. Um agradecimento que a gente faz ao UNIFAGOC e ao N\u00facleo do C\u00e2ncer por essa atividade\u201d, destaca o prefeito de Ub\u00e1, Edson Teixeira Filho.<\/p>\n<p><strong>Fonte: Assessoria de imprensa do UNIFAGOC<\/strong><\/p>\n<p><iframe title=\"YouTube video player\" data-src=\"https:\/\/www.youtube.com\/embed\/wpmxKJ2AI4c\" width=\"560\" height=\"315\" frameborder=\"0\" allowfullscreen=\"allowfullscreen\" src=\"data:image\/svg+xml;base64,PHN2ZyB3aWR0aD0iMSIgaGVpZ2h0PSIxIiB4bWxucz0iaHR0cDovL3d3dy53My5vcmcvMjAwMC9zdmciPjwvc3ZnPg==\" class=\"lazyload\" data-load-mode=\"1\"><\/iframe>&nbsp;<\/p>\n<div style=\"width: 840px;\" class=\"wp-video\"><video class=\"wp-video-shortcode\" id=\"video-20759-1\" width=\"840\" height=\"473\" autoplay preload=\"auto\" controls=\"controls\"><source type=\"video\/mp4\" src=\"https:\/\/ubanews.com\/site\/wp-content\/uploads\/2020\/12\/01020002.00_00_53_25.mp4?_=1\" \/><a href=\"https:\/\/ubanews.com\/site\/wp-content\/uploads\/2020\/12\/01020002.00_00_53_25.mp4\">https:\/\/ubanews.com\/site\/wp-content\/uploads\/2020\/12\/01020002.00_00_53_25.mp4<\/a><\/video><\/div>\n","protected":false},"excerpt":{"rendered":"<p>O prefeito Edson Teixeira Filho denominou como parceria do bem.<\/p>\n","protected":false},"author":2,"featured_media":20760,"comment_status":"open","ping_status":"open","sticky":false,"template":"","format":"standard","meta":{"footnotes":""},"categories":[1,3],"tags":[],"class_list":["post-20759","post","type-post","status-publish","format-standard","has-post-thumbnail","hentry","category-sem-categoria","category-slide"],"yoast_head":"<!-- This site is optimized with the Yoast SEO plugin v27.2 - https:\/\/yoast.com\/product\/yoast-seo-wordpress\/ -->\n<title>Funcionando desde julho mas agora inaugurada oficialmente a cl\u00ednica escola de odontologia - Ub\u00e1 News<\/title>\n<meta name=\"robots\" content=\"index, follow, max-snippet:-1, max-image-preview:large, max-video-preview:-1\" \/>\n<link rel=\"canonical\" href=\"https:\/\/ubanews.com\/site\/2021\/09\/23\/funcionando-desde-julho-mas-agora-inaugurada-oficialmente-a-clinica-escola-de-odontologia\/\" \/>\n<meta property=\"og:locale\" content=\"pt_BR\" \/>\n<meta property=\"og:type\" content=\"article\" \/>\n<meta property=\"og:title\" content=\"Funcionando desde julho mas agora inaugurada oficialmente a cl\u00ednica escola de odontologia - Ub\u00e1 News\" \/>\n<meta property=\"og:description\" content=\"O prefeito Edson Teixeira Filho denominou como parceria do bem.\" \/>\n<meta property=\"og:url\" content=\"https:\/\/ubanews.com\/site\/2021\/09\/23\/funcionando-desde-julho-mas-agora-inaugurada-oficialmente-a-clinica-escola-de-odontologia\/\" \/>\n<meta property=\"og:site_name\" content=\"Ub\u00e1 News\" \/>\n<meta property=\"article:publisher\" content=\"https:\/\/www.facebook.com\/Ub%c3%a1News-Carlos-Roberto-Sodr%c3%a9-418778301977370\" \/>\n<meta property=\"article:author\" content=\"https:\/\/www.facebook.com\/carosroberto.sodre.5\/\" \/>\n<meta property=\"article:published_time\" content=\"2021-09-23T22:12:03+00:00\" \/>\n<meta property=\"og:image\" content=\"https:\/\/ubanews.com\/site\/wp-content\/uploads\/2021\/09\/Funcionando-desde-julho-mas-agora-inaugurada-oficialmente-a-clinica-escola-de-odontologia.jpg\" \/>\n\t<meta property=\"og:image:width\" content=\"1000\" \/>\n\t<meta property=\"og:image:height\" content=\"450\" \/>\n\t<meta property=\"og:image:type\" content=\"image\/jpeg\" \/>\n<meta name=\"author\" content=\"Sodr\u00e9\" \/>\n<meta name=\"twitter:card\" content=\"summary_large_image\" \/>\n<meta name=\"twitter:label1\" content=\"Escrito por\" \/>\n\t<meta name=\"twitter:data1\" content=\"Sodr\u00e9\" \/>\n\t<meta name=\"twitter:label2\" content=\"Est. tempo de leitura\" \/>\n\t<meta name=\"twitter:data2\" content=\"2 minutos\" \/>\n<script type=\"application\/ld+json\" class=\"yoast-schema-graph\">{\"@context\":\"https:\/\/schema.org\",\"@graph\":[{\"@type\":\"Article\",\"@id\":\"https:\/\/ubanews.com\/site\/2021\/09\/23\/funcionando-desde-julho-mas-agora-inaugurada-oficialmente-a-clinica-escola-de-odontologia\/#article\",\"isPartOf\":{\"@id\":\"https:\/\/ubanews.com\/site\/2021\/09\/23\/funcionando-desde-julho-mas-agora-inaugurada-oficialmente-a-clinica-escola-de-odontologia\/\"},\"author\":{\"name\":\"Sodr\u00e9\",\"@id\":\"https:\/\/ubanews.com\/site\/#\/schema\/person\/d90c9e47252fbb63dcc969fe4c8b9d10\"},\"headline\":\"Funcionando desde julho mas agora inaugurada oficialmente a cl\u00ednica escola de odontologia\",\"datePublished\":\"2021-09-23T22:12:03+00:00\",\"mainEntityOfPage\":{\"@id\":\"https:\/\/ubanews.com\/site\/2021\/09\/23\/funcionando-desde-julho-mas-agora-inaugurada-oficialmente-a-clinica-escola-de-odontologia\/\"},\"wordCount\":469,\"commentCount\":0,\"publisher\":{\"@id\":\"https:\/\/ubanews.com\/site\/#organization\"},\"image\":{\"@id\":\"https:\/\/ubanews.com\/site\/2021\/09\/23\/funcionando-desde-julho-mas-agora-inaugurada-oficialmente-a-clinica-escola-de-odontologia\/#primaryimage\"},\"thumbnailUrl\":\"https:\/\/ubanews.com\/site\/wp-content\/uploads\/2021\/09\/Funcionando-desde-julho-mas-agora-inaugurada-oficialmente-a-clinica-escola-de-odontologia.jpg\",\"articleSection\":[\"Geral\",\"Slide\"],\"inLanguage\":\"pt-BR\",\"potentialAction\":[{\"@type\":\"CommentAction\",\"name\":\"Comment\",\"target\":[\"https:\/\/ubanews.com\/site\/2021\/09\/23\/funcionando-desde-julho-mas-agora-inaugurada-oficialmente-a-clinica-escola-de-odontologia\/#respond\"]}]},{\"@type\":\"WebPage\",\"@id\":\"https:\/\/ubanews.com\/site\/2021\/09\/23\/funcionando-desde-julho-mas-agora-inaugurada-oficialmente-a-clinica-escola-de-odontologia\/\",\"url\":\"https:\/\/ubanews.com\/site\/2021\/09\/23\/funcionando-desde-julho-mas-agora-inaugurada-oficialmente-a-clinica-escola-de-odontologia\/\",\"name\":\"Funcionando desde julho mas agora inaugurada oficialmente a cl\u00ednica escola de odontologia - Ub\u00e1 News\",\"isPartOf\":{\"@id\":\"https:\/\/ubanews.com\/site\/#website\"},\"primaryImageOfPage\":{\"@id\":\"https:\/\/ubanews.com\/site\/2021\/09\/23\/funcionando-desde-julho-mas-agora-inaugurada-oficialmente-a-clinica-escola-de-odontologia\/#primaryimage\"},\"image\":{\"@id\":\"https:\/\/ubanews.com\/site\/2021\/09\/23\/funcionando-desde-julho-mas-agora-inaugurada-oficialmente-a-clinica-escola-de-odontologia\/#primaryimage\"},\"thumbnailUrl\":\"https:\/\/ubanews.com\/site\/wp-content\/uploads\/2021\/09\/Funcionando-desde-julho-mas-agora-inaugurada-oficialmente-a-clinica-escola-de-odontologia.jpg\",\"datePublished\":\"2021-09-23T22:12:03+00:00\",\"breadcrumb\":{\"@id\":\"https:\/\/ubanews.com\/site\/2021\/09\/23\/funcionando-desde-julho-mas-agora-inaugurada-oficialmente-a-clinica-escola-de-odontologia\/#breadcrumb\"},\"inLanguage\":\"pt-BR\",\"potentialAction\":[{\"@type\":\"ReadAction\",\"target\":[\"https:\/\/ubanews.com\/site\/2021\/09\/23\/funcionando-desde-julho-mas-agora-inaugurada-oficialmente-a-clinica-escola-de-odontologia\/\"]}]},{\"@type\":\"ImageObject\",\"inLanguage\":\"pt-BR\",\"@id\":\"https:\/\/ubanews.com\/site\/2021\/09\/23\/funcionando-desde-julho-mas-agora-inaugurada-oficialmente-a-clinica-escola-de-odontologia\/#primaryimage\",\"url\":\"https:\/\/ubanews.com\/site\/wp-content\/uploads\/2021\/09\/Funcionando-desde-julho-mas-agora-inaugurada-oficialmente-a-clinica-escola-de-odontologia.jpg\",\"contentUrl\":\"https:\/\/ubanews.com\/site\/wp-content\/uploads\/2021\/09\/Funcionando-desde-julho-mas-agora-inaugurada-oficialmente-a-clinica-escola-de-odontologia.jpg\",\"width\":1000,\"height\":450},{\"@type\":\"BreadcrumbList\",\"@id\":\"https:\/\/ubanews.com\/site\/2021\/09\/23\/funcionando-desde-julho-mas-agora-inaugurada-oficialmente-a-clinica-escola-de-odontologia\/#breadcrumb\",\"itemListElement\":[{\"@type\":\"ListItem\",\"position\":1,\"name\":\"Home\",\"item\":\"https:\/\/ubanews.com\/site\/\"},{\"@type\":\"ListItem\",\"position\":2,\"name\":\"Funcionando desde julho mas agora inaugurada oficialmente a cl\u00ednica escola de odontologia\"}]},{\"@type\":\"WebSite\",\"@id\":\"https:\/\/ubanews.com\/site\/#website\",\"url\":\"https:\/\/ubanews.com\/site\/\",\"name\":\"Ub\u00e1 News\",\"description\":\"\",\"publisher\":{\"@id\":\"https:\/\/ubanews.com\/site\/#organization\"},\"potentialAction\":[{\"@type\":\"SearchAction\",\"target\":{\"@type\":\"EntryPoint\",\"urlTemplate\":\"https:\/\/ubanews.com\/site\/?s={search_term_string}\"},\"query-input\":{\"@type\":\"PropertyValueSpecification\",\"valueRequired\":true,\"valueName\":\"search_term_string\"}}],\"inLanguage\":\"pt-BR\"},{\"@type\":\"Organization\",\"@id\":\"https:\/\/ubanews.com\/site\/#organization\",\"name\":\"Ub\u00e1 News\",\"url\":\"https:\/\/ubanews.com\/site\/\",\"logo\":{\"@type\":\"ImageObject\",\"inLanguage\":\"pt-BR\",\"@id\":\"https:\/\/ubanews.com\/site\/#\/schema\/logo\/image\/\",\"url\":\"https:\/\/ubanews.com\/site\/wp-content\/uploads\/2018\/01\/logoubanews.png\",\"contentUrl\":\"https:\/\/ubanews.com\/site\/wp-content\/uploads\/2018\/01\/logoubanews.png\",\"width\":261,\"height\":99,\"caption\":\"Ub\u00e1 News\"},\"image\":{\"@id\":\"https:\/\/ubanews.com\/site\/#\/schema\/logo\/image\/\"},\"sameAs\":[\"https:\/\/www.facebook.com\/Ub\u00e1News-Carlos-Roberto-Sodr\u00e9-418778301977370\"]},{\"@type\":\"Person\",\"@id\":\"https:\/\/ubanews.com\/site\/#\/schema\/person\/d90c9e47252fbb63dcc969fe4c8b9d10\",\"name\":\"Sodr\u00e9\",\"image\":{\"@type\":\"ImageObject\",\"inLanguage\":\"pt-BR\",\"@id\":\"https:\/\/secure.gravatar.com\/avatar\/5ba2793f0590b9dbfad3fdec4ee714485b3eef211c9b32ee53d414060454a56c?s=96&d=mm&r=g\",\"url\":\"https:\/\/secure.gravatar.com\/avatar\/5ba2793f0590b9dbfad3fdec4ee714485b3eef211c9b32ee53d414060454a56c?s=96&d=mm&r=g\",\"contentUrl\":\"https:\/\/secure.gravatar.com\/avatar\/5ba2793f0590b9dbfad3fdec4ee714485b3eef211c9b32ee53d414060454a56c?s=96&d=mm&r=g\",\"caption\":\"Sodr\u00e9\"},\"sameAs\":[\"https:\/\/www.facebook.com\/carosroberto.sodre.5\/\"],\"url\":\"https:\/\/ubanews.com\/site\/author\/felipe\/\"}]}<\/script>\n<!-- \/ Yoast SEO plugin. -->","yoast_head_json":{"title":"Funcionando desde julho mas agora inaugurada oficialmente a cl\u00ednica escola de odontologia - Ub\u00e1 News","robots":{"index":"index","follow":"follow","max-snippet":"max-snippet:-1","max-image-preview":"max-image-preview:large","max-video-preview":"max-video-preview:-1"},"canonical":"https:\/\/ubanews.com\/site\/2021\/09\/23\/funcionando-desde-julho-mas-agora-inaugurada-oficialmente-a-clinica-escola-de-odontologia\/","og_locale":"pt_BR","og_type":"article","og_title":"Funcionando desde julho mas agora inaugurada oficialmente a cl\u00ednica escola de odontologia - Ub\u00e1 News","og_description":"O prefeito Edson Teixeira Filho denominou como parceria do bem.","og_url":"https:\/\/ubanews.com\/site\/2021\/09\/23\/funcionando-desde-julho-mas-agora-inaugurada-oficialmente-a-clinica-escola-de-odontologia\/","og_site_name":"Ub\u00e1 News","article_publisher":"https:\/\/www.facebook.com\/Ub%c3%a1News-Carlos-Roberto-Sodr%c3%a9-418778301977370","article_author":"https:\/\/www.facebook.com\/carosroberto.sodre.5\/","article_published_time":"2021-09-23T22:12:03+00:00","og_image":[{"width":1000,"height":450,"url":"https:\/\/ubanews.com\/site\/wp-content\/uploads\/2021\/09\/Funcionando-desde-julho-mas-agora-inaugurada-oficialmente-a-clinica-escola-de-odontologia.jpg","type":"image\/jpeg"}],"author":"Sodr\u00e9","twitter_card":"summary_large_image","twitter_misc":{"Escrito por":"Sodr\u00e9","Est. tempo de leitura":"2 minutos"},"schema":{"@context":"https:\/\/schema.org","@graph":[{"@type":"Article","@id":"https:\/\/ubanews.com\/site\/2021\/09\/23\/funcionando-desde-julho-mas-agora-inaugurada-oficialmente-a-clinica-escola-de-odontologia\/#article","isPartOf":{"@id":"https:\/\/ubanews.com\/site\/2021\/09\/23\/funcionando-desde-julho-mas-agora-inaugurada-oficialmente-a-clinica-escola-de-odontologia\/"},"author":{"name":"Sodr\u00e9","@id":"https:\/\/ubanews.com\/site\/#\/schema\/person\/d90c9e47252fbb63dcc969fe4c8b9d10"},"headline":"Funcionando desde julho mas agora inaugurada oficialmente a cl\u00ednica escola de odontologia","datePublished":"2021-09-23T22:12:03+00:00","mainEntityOfPage":{"@id":"https:\/\/ubanews.com\/site\/2021\/09\/23\/funcionando-desde-julho-mas-agora-inaugurada-oficialmente-a-clinica-escola-de-odontologia\/"},"wordCount":469,"commentCount":0,"publisher":{"@id":"https:\/\/ubanews.com\/site\/#organization"},"image":{"@id":"https:\/\/ubanews.com\/site\/2021\/09\/23\/funcionando-desde-julho-mas-agora-inaugurada-oficialmente-a-clinica-escola-de-odontologia\/#primaryimage"},"thumbnailUrl":"https:\/\/ubanews.com\/site\/wp-content\/uploads\/2021\/09\/Funcionando-desde-julho-mas-agora-inaugurada-oficialmente-a-clinica-escola-de-odontologia.jpg","articleSection":["Geral","Slide"],"inLanguage":"pt-BR","potentialAction":[{"@type":"CommentAction","name":"Comment","target":["https:\/\/ubanews.com\/site\/2021\/09\/23\/funcionando-desde-julho-mas-agora-inaugurada-oficialmente-a-clinica-escola-de-odontologia\/#respond"]}]},{"@type":"WebPage","@id":"https:\/\/ubanews.com\/site\/2021\/09\/23\/funcionando-desde-julho-mas-agora-inaugurada-oficialmente-a-clinica-escola-de-odontologia\/","url":"https:\/\/ubanews.com\/site\/2021\/09\/23\/funcionando-desde-julho-mas-agora-inaugurada-oficialmente-a-clinica-escola-de-odontologia\/","name":"Funcionando desde julho mas agora inaugurada oficialmente a cl\u00ednica escola de odontologia - Ub\u00e1 News","isPartOf":{"@id":"https:\/\/ubanews.com\/site\/#website"},"primaryImageOfPage":{"@id":"https:\/\/ubanews.com\/site\/2021\/09\/23\/funcionando-desde-julho-mas-agora-inaugurada-oficialmente-a-clinica-escola-de-odontologia\/#primaryimage"},"image":{"@id":"https:\/\/ubanews.com\/site\/2021\/09\/23\/funcionando-desde-julho-mas-agora-inaugurada-oficialmente-a-clinica-escola-de-odontologia\/#primaryimage"},"thumbnailUrl":"https:\/\/ubanews.com\/site\/wp-content\/uploads\/2021\/09\/Funcionando-desde-julho-mas-agora-inaugurada-oficialmente-a-clinica-escola-de-odontologia.jpg","datePublished":"2021-09-23T22:12:03+00:00","breadcrumb":{"@id":"https:\/\/ubanews.com\/site\/2021\/09\/23\/funcionando-desde-julho-mas-agora-inaugurada-oficialmente-a-clinica-escola-de-odontologia\/#breadcrumb"},"inLanguage":"pt-BR","potentialAction":[{"@type":"ReadAction","target":["https:\/\/ubanews.com\/site\/2021\/09\/23\/funcionando-desde-julho-mas-agora-inaugurada-oficialmente-a-clinica-escola-de-odontologia\/"]}]},{"@type":"ImageObject","inLanguage":"pt-BR","@id":"https:\/\/ubanews.com\/site\/2021\/09\/23\/funcionando-desde-julho-mas-agora-inaugurada-oficialmente-a-clinica-escola-de-odontologia\/#primaryimage","url":"https:\/\/ubanews.com\/site\/wp-content\/uploads\/2021\/09\/Funcionando-desde-julho-mas-agora-inaugurada-oficialmente-a-clinica-escola-de-odontologia.jpg","contentUrl":"https:\/\/ubanews.com\/site\/wp-content\/uploads\/2021\/09\/Funcionando-desde-julho-mas-agora-inaugurada-oficialmente-a-clinica-escola-de-odontologia.jpg","width":1000,"height":450},{"@type":"BreadcrumbList","@id":"https:\/\/ubanews.com\/site\/2021\/09\/23\/funcionando-desde-julho-mas-agora-inaugurada-oficialmente-a-clinica-escola-de-odontologia\/#breadcrumb","itemListElement":[{"@type":"ListItem","position":1,"name":"Home","item":"https:\/\/ubanews.com\/site\/"},{"@type":"ListItem","position":2,"name":"Funcionando desde julho mas agora inaugurada oficialmente a cl\u00ednica escola de odontologia"}]},{"@type":"WebSite","@id":"https:\/\/ubanews.com\/site\/#website","url":"https:\/\/ubanews.com\/site\/","name":"Ub\u00e1 News","description":"","publisher":{"@id":"https:\/\/ubanews.com\/site\/#organization"},"potentialAction":[{"@type":"SearchAction","target":{"@type":"EntryPoint","urlTemplate":"https:\/\/ubanews.com\/site\/?s={search_term_string}"},"query-input":{"@type":"PropertyValueSpecification","valueRequired":true,"valueName":"search_term_string"}}],"inLanguage":"pt-BR"},{"@type":"Organization","@id":"https:\/\/ubanews.com\/site\/#organization","name":"Ub\u00e1 News","url":"https:\/\/ubanews.com\/site\/","logo":{"@type":"ImageObject","inLanguage":"pt-BR","@id":"https:\/\/ubanews.com\/site\/#\/schema\/logo\/image\/","url":"https:\/\/ubanews.com\/site\/wp-content\/uploads\/2018\/01\/logoubanews.png","contentUrl":"https:\/\/ubanews.com\/site\/wp-content\/uploads\/2018\/01\/logoubanews.png","width":261,"height":99,"caption":"Ub\u00e1 News"},"image":{"@id":"https:\/\/ubanews.com\/site\/#\/schema\/logo\/image\/"},"sameAs":["https:\/\/www.facebook.com\/Ub\u00e1News-Carlos-Roberto-Sodr\u00e9-418778301977370"]},{"@type":"Person","@id":"https:\/\/ubanews.com\/site\/#\/schema\/person\/d90c9e47252fbb63dcc969fe4c8b9d10","name":"Sodr\u00e9","image":{"@type":"ImageObject","inLanguage":"pt-BR","@id":"https:\/\/secure.gravatar.com\/avatar\/5ba2793f0590b9dbfad3fdec4ee714485b3eef211c9b32ee53d414060454a56c?s=96&d=mm&r=g","url":"https:\/\/secure.gravatar.com\/avatar\/5ba2793f0590b9dbfad3fdec4ee714485b3eef211c9b32ee53d414060454a56c?s=96&d=mm&r=g","contentUrl":"https:\/\/secure.gravatar.com\/avatar\/5ba2793f0590b9dbfad3fdec4ee714485b3eef211c9b32ee53d414060454a56c?s=96&d=mm&r=g","caption":"Sodr\u00e9"},"sameAs":["https:\/\/www.facebook.com\/carosroberto.sodre.5\/"],"url":"https:\/\/ubanews.com\/site\/author\/felipe\/"}]}},"_links":{"self":[{"href":"https:\/\/ubanews.com\/site\/wp-json\/wp\/v2\/posts\/20759","targetHints":{"allow":["GET"]}}],"collection":[{"href":"https:\/\/ubanews.com\/site\/wp-json\/wp\/v2\/posts"}],"about":[{"href":"https:\/\/ubanews.com\/site\/wp-json\/wp\/v2\/types\/post"}],"author":[{"embeddable":true,"href":"https:\/\/ubanews.com\/site\/wp-json\/wp\/v2\/users\/2"}],"replies":[{"embeddable":true,"href":"https:\/\/ubanews.com\/site\/wp-json\/wp\/v2\/comments?post=20759"}],"version-history":[{"count":0,"href":"https:\/\/ubanews.com\/site\/wp-json\/wp\/v2\/posts\/20759\/revisions"}],"wp:featuredmedia":[{"embeddable":true,"href":"https:\/\/ubanews.com\/site\/wp-json\/wp\/v2\/media\/20760"}],"wp:attachment":[{"href":"https:\/\/ubanews.com\/site\/wp-json\/wp\/v2\/media?parent=20759"}],"wp:term":[{"taxonomy":"category","embeddable":true,"href":"https:\/\/ubanews.com\/site\/wp-json\/wp\/v2\/categories?post=20759"},{"taxonomy":"post_tag","embeddable":true,"href":"https:\/\/ubanews.com\/site\/wp-json\/wp\/v2\/tags?post=20759"}],"curies":[{"name":"wp","href":"https:\/\/api.w.org\/{rel}","templated":true}]}}