{"id":20708,"date":"2021-09-21T18:04:47","date_gmt":"2021-09-21T21:04:47","guid":{"rendered":"http:\/\/ubanews.com\/site\/?p=20708"},"modified":"2021-09-21T18:04:47","modified_gmt":"2021-09-21T21:04:47","slug":"nova-programacao-de-vacinacao-ate-24-09","status":"publish","type":"post","link":"https:\/\/ubanews.com\/site\/2021\/09\/21\/nova-programacao-de-vacinacao-ate-24-09\/","title":{"rendered":"Nova programa\u00e7\u00e3o de vacina\u00e7\u00e3o at\u00e9 24\/09"},"content":{"rendered":"<div>\n<p><span style=\"font-family: arial, sans-serif; font-size: 1.0625rem;\">Com a chegada de nova remessa de doses, a Prefeitura de Ub\u00e1 divulga nova programa\u00e7\u00e3o de vacina\u00e7\u00e3o contra a Covid-19 at\u00e9 esta sexta-feira, 24\/09.<\/span><\/p>\n<\/div>\n<div>\n<p><span style=\"font-family: arial, sans-serif;\">Ser\u00e3o vacinados adolescentes de 12 a 17 anos, inclu\u00eddos os com defici\u00eancia permanente ou comorbidade, gestantes e pu\u00e9rperas. Para se imunizar, os adolescentes de 12 a 15 anos precisam estar acompanhados dos pais ou respons\u00e1veis legais. J\u00e1 os jovens de 16 e 17 anos n\u00e3o precisam de acompanhante.<\/span><\/p>\n<p><em><span style=\"font-family: arial, sans-serif;\">Importante: fique atento aos documentos obrigat\u00f3rios para este p\u00fablico. Caso o adolescente n\u00e3o possua documenta\u00e7\u00e3o (CPF ou Cart\u00e3o do&nbsp;<dfn id=\"m_-5560214476767413161gmail-dfn_materia_0_0\" title=\"\">SUS<\/dfn>, e cart\u00e3o de vacina), ser\u00e1 necess\u00e1rio emitir.<\/span><\/em><\/p>\n<p><span style=\"font-family: arial, sans-serif;\">A programa\u00e7\u00e3o de vacina\u00e7\u00e3o tamb\u00e9m inclui a repescagem de aplica\u00e7\u00e3o de 1\u00aa dose para as pessoas acima de 18 anos e aplica\u00e7\u00e3o de segundas doses de Pfizer, AstraZeneca e CoronaVac.<\/span><\/p>\n<p><span style=\"font-family: arial, sans-serif;\">Confira abaixo a programa\u00e7\u00e3o e os documentos obrigat\u00f3rios.<\/span><\/p>\n<div id=\"metaslider-id-17652\" style=\"max-width: 1000px;\" class=\"ml-slider-3-106-0 metaslider metaslider-nivo metaslider-17652 ml-slider ms-theme-outline\" role=\"region\" aria-label=\"Texto\" data-height=\"200\" data-width=\"1000\">\n    <div id=\"metaslider_container_17652\">\n        <div class='slider-wrapper theme-default'><div class='ribbon'><\/div><div id='metaslider_17652' class='nivoSlider'><\/div><\/div>\n        \n    <\/div>\n<\/div>\n<p><strong><span style=\"font-family: arial, sans-serif;\">PROGRAMA\u00c7\u00c3O DE 22 A 24 DE SETEMBRO<\/span><\/strong><\/p>\n<p><span style=\"font-family: arial, sans-serif;\">22\/09 (quarta-feira), de 8h \u00e0s 14h, no Horto Florestal (Drive Thru)<\/span><\/p>\n<p><span style=\"font-family: arial, sans-serif;\">&#8211; Vacina\u00e7\u00e3o de 1\u00aa dose de Pfizer para adolescentes de 12 a 17 anos;<\/span><\/p>\n<p><span style=\"font-family: arial, sans-serif;\">&#8211; Vacina\u00e7\u00e3o de 1\u00aa dose de Pfizer para adolescentes de 12 a 17 anos com defici\u00eancia permanente ou comorbidade;<\/span><\/p>\n<p><span style=\"font-family: arial, sans-serif;\">-Vacina\u00e7\u00e3o de 1\u00aa dose de Pfizer para adolescentes de 12 a 17 anos gestantes e pu\u00e9rperas (at\u00e9 45 dias ap\u00f3s o parto);<\/span><\/p>\n<p><span style=\"font-family: arial, sans-serif;\">&#8211; Vacina\u00e7\u00e3o de 2\u00aa dose para pessoas vacinadas com primeira dose de Pfizer at\u00e9 27\/07.<\/span><\/p>\n<p><span style=\"font-family: arial, sans-serif;\">22\/09 (quarta-feira), de 8h \u00e0s 16h, na Policl\u00ednica Regional<\/span><\/p>\n<p><span style=\"font-family: arial, sans-serif;\">&#8211; Vacina\u00e7\u00e3o de 1\u00aa dose para pessoas com 18 anos completos ou mais;<\/span><\/p>\n<p><span style=\"font-family: arial, sans-serif;\">&#8211; Vacina\u00e7\u00e3o de 1\u00aa dose de CoronaVac para &nbsp;gestantes e pu\u00e9rperas (at\u00e9 45 dias ap\u00f3s o parto) com 18 anos completos ou mais;<\/span><\/p>\n<p><span style=\"font-family: arial, sans-serif;\">&#8211; Vacina\u00e7\u00e3o de 2\u00aa dose para pessoas vacinadas com primeira dose de CoronaVac at\u00e9 07\/09.<\/span><\/p>\n<p><span style=\"font-family: arial, sans-serif;\">22\/09 (quarta-feira), de 8h \u00e0s 14h, nas ESF\u2019s Santa Bernadete, Cohab, Eldorado e S\u00e3o Jos\u00e9<\/span><\/p>\n<p><span style=\"font-family: arial, sans-serif;\">&#8211; Vacina\u00e7\u00e3o de 1\u00aa dose de Pfizer para adolescentes de 12 a 17 anos;<\/span><\/p>\n<p><span style=\"font-family: arial, sans-serif;\">&#8211; Vacina\u00e7\u00e3o de 1\u00aa dose de Pfizer para adolescentes de 12 a 17 anos com defici\u00eancia permanente ou comorbidade;<\/span><\/p>\n<p><span style=\"font-family: arial, sans-serif;\">-Vacina\u00e7\u00e3o de 1\u00aa dose de Pfizer para adolescentes de 12 a 17 anos gestantes e pu\u00e9rperas (at\u00e9 45 dias ap\u00f3s o parto);<\/span><\/p>\n<p><span style=\"font-family: arial, sans-serif;\">&#8211; Vacina\u00e7\u00e3o de 2\u00aa dose para pessoas vacinadas com primeira dose de Pfizer at\u00e9 27\/07.<\/span><\/p>\n<p><span style=\"font-family: arial, sans-serif;\">23\/09 (quinta-feira), de 8h \u00e0s 14h, no Horto Florestal (Drive Thru)<\/span><\/p>\n<p><span style=\"font-family: arial, sans-serif;\">&#8211; Vacina\u00e7\u00e3o de 2\u00aa dose para pessoas vacinadas com primeira dose de AstraZeneca at\u00e9 14\/07.<\/span><\/p>\n<p><span style=\"font-family: arial, sans-serif;\">23\/09 (quinta-feira), de 8h \u00e0s 16h, na Policl\u00ednica Regional<\/span><\/p>\n<p><span style=\"font-family: arial, sans-serif;\">&#8211; Vacina\u00e7\u00e3o de 2\u00aa dose para pessoas vacinadas com primeira dose de AstraZeneca at\u00e9 14\/07.<\/span><\/p>\n<p><span style=\"font-family: arial, sans-serif;\">23\/09 (quinta-feira), de 8h \u00e0s 14h, nas ESF\u2019s Santa Bernadete, Cohab, Eldorado e S\u00e3o Jos\u00e9<\/span><\/p>\n<p><span style=\"font-family: arial, sans-serif;\">&#8211; Vacina\u00e7\u00e3o de 1\u00aa dose de Pfizer para adolescentes de 12 a 17 anos;<\/span><\/p>\n<p><span style=\"font-family: arial, sans-serif;\">&#8211; Vacina\u00e7\u00e3o de 1\u00aa dose de Pfizer para adolescentes de 12 a 17 anos com defici\u00eancia permanente ou comorbidade;<\/span><\/p>\n<p><span style=\"font-family: arial, sans-serif;\">-Vacina\u00e7\u00e3o de 1\u00aa dose de Pfizer para adolescentes de 12 a 17 anos gestantes e pu\u00e9rperas (at\u00e9 45 dias ap\u00f3s o parto);<\/span><\/p>\n<p><span style=\"font-family: arial, sans-serif;\">&#8211; Vacina\u00e7\u00e3o de 2\u00aa dose para pessoas vacinadas com primeira dose de Pfizer at\u00e9 27\/07.<\/span><\/p>\n<p><span style=\"font-family: arial, sans-serif;\">23\/09 (quinta-feira), de 8h \u00e0s 12h, no Asilo S\u00e3o Vicente de Paulo<\/span><\/p>\n<p><span style=\"font-family: arial, sans-serif;\">&#8211; Vacina\u00e7\u00e3o de dose de refor\u00e7o para popula\u00e7\u00e3o em Institui\u00e7\u00f5es de Longa Perman\u00eancia (ILP) acima de 60 anos com intervalo de 6 meses da 2\u00aa dose.<\/span><\/p>\n<p><span style=\"font-family: arial, sans-serif;\">24\/09 (sexta-feira), de 8h \u00e0s 14h, no Horto Florestal (Drive Thru)<\/span><\/p>\n<p><span style=\"font-family: arial, sans-serif;\">&#8211; Vacina\u00e7\u00e3o de 2\u00aa dose para pessoas vacinadas com primeira dose de AstraZeneca at\u00e9 14\/07.<\/span><\/p>\n<p><span style=\"font-family: arial, sans-serif;\">24\/09 (sexta-feira), de 8h \u00e0s 16h, na Policl\u00ednica Regional<\/span><\/p>\n<p><span style=\"font-family: arial, sans-serif;\">&#8211; Vacina\u00e7\u00e3o de 2\u00aa dose para pessoas vacinadas com primeira dose de AstraZeneca at\u00e9 14\/07.<\/span><\/p>\n<p><span style=\"font-family: arial, sans-serif;\">24\/09 (sexta-feira), de 8h \u00e0s 14h, nas ESF\u2019s Santa Bernadete, Cohab, Eldorado e S\u00e3o Jos\u00e9<\/span><\/p>\n<p><span style=\"font-family: arial, sans-serif;\">&#8211; Vacina\u00e7\u00e3o de 1\u00aa dose de Pfizer para adolescentes de 12 a 17 anos;<\/span><\/p>\n<p><span style=\"font-family: arial, sans-serif;\">&#8211; Vacina\u00e7\u00e3o de 1\u00aa dose de Pfizer para adolescentes de 12 a 17 anos com defici\u00eancia permanente ou comorbidade;<\/span><\/p>\n<p><span style=\"font-family: arial, sans-serif;\">-Vacina\u00e7\u00e3o de 1\u00aa dose de Pfizer para adolescentes de 12 a 17 anos gestantes e pu\u00e9rperas (at\u00e9 45 dias ap\u00f3s o parto);<\/span><\/p>\n<p><span style=\"font-family: arial, sans-serif;\">&#8211; Vacina\u00e7\u00e3o de 2\u00b0 dose para pessoas vacinadas com primeira dose de Pfizer at\u00e9 27\/07.<\/span><\/p>\n<p><span style=\"font-family: arial, sans-serif;\">24\/09 (sexta-feira), de 8h \u00e0s 12h, no Asilo Lar Jo\u00e3o de Freitas<\/span><\/p>\n<p><span style=\"font-family: arial, sans-serif;\">&#8211; Vacina\u00e7\u00e3o de dose de refor\u00e7o para popula\u00e7\u00e3o em Institui\u00e7\u00f5es de Longa Perman\u00eancia (ILP) acima de 60 anos com intervalo de 6 meses da 2\u00aa dose.<\/span><\/p>\n<p><em><span style=\"font-family: arial, sans-serif;\">Importante:&nbsp;\u00c9 exigida a apresenta\u00e7\u00e3o de comprovante de resid\u00eancia tamb\u00e9m para a segunda dose.<\/span><\/em><\/p>\n<p><span style=\"font-family: arial, sans-serif;\">Documentos obrigat\u00f3rios para adolescentes de 12 a 17 anos:&nbsp;&nbsp;Documento de identidade com foto, CPF ou cart\u00e3o do&nbsp;<dfn id=\"m_-5560214476767413161gmail-dfn_materia_0_1\" title=\"\">SUS<\/dfn>, cart\u00e3o de vacina\u00e7\u00e3o, comprovante de resid\u00eancia em Ub\u00e1 em nome dos pais ou respons\u00e1veis.<\/span><\/p>\n<p><span style=\"font-family: arial, sans-serif;\">Documentos obrigat\u00f3rios para gestantes e pu\u00e9rperas de 12 a 17 anos:&nbsp;Documento de identidade com foto, CPF ou cart\u00e3o do&nbsp;<dfn id=\"m_-5560214476767413161gmail-dfn_materia_0_2\" title=\"\">SUS<\/dfn>, cart\u00e3o de vacina\u00e7\u00e3o, comprovante de resid\u00eancia em Ub\u00e1 em nome dos pais ou respons\u00e1veis, cart\u00e3o da gestante e\/ou certid\u00e3o de nascimento da crian\u00e7a comprovando 45 dias p\u00f3s parto.<\/span><\/p>\n<p><span style=\"font-family: arial, sans-serif;\">Documentos obrigat\u00f3rios para adolescentes com defici\u00eancia permanente ou comorbidade de 12 a 17 anos:&nbsp;Documento de identidade com foto, CPF ou cart\u00e3o do&nbsp;<dfn id=\"m_-5560214476767413161gmail-dfn_materia_0_3\" title=\"\">SUS<\/dfn>, cart\u00e3o de vacina\u00e7\u00e3o, comprovante de resid\u00eancia em Ub\u00e1 em nome dos pais ou respons\u00e1veis e LAUDO M\u00c9DICO COMPROVANDO A DEFICI\u00caNCIA OU A COMORBIDADE.<\/span><\/p>\n<p><span style=\"font-family: arial, sans-serif;\">Documentos obrigat\u00f3rios para gestantes e pu\u00e9rperas:&nbsp;Documento de identidade com foto, CPF, cart\u00e3o de vacina\u00e7\u00e3o, comprovante de resid\u00eancia em Ub\u00e1 no nome da pessoa a ser vacinada (ou Declara\u00e7\u00e3o de resid\u00eancia em Ub\u00e1 da ESF a qual pertence, ou Declara\u00e7\u00e3o da Policl\u00ednica para \u00e1reas descobertas),&nbsp;cart\u00e3o da gestante e\/ou certid\u00e3o de nascimento da crian\u00e7a comprovando 45 dias p\u00f3s parto.<\/span><\/p>\n<p><span style=\"font-family: arial, sans-serif;\">Documentos obrigat\u00f3rios para vacina\u00e7\u00e3o por faixa et\u00e1ria:&nbsp;Documento de identidade com foto, CPF, cart\u00e3o de vacina\u00e7\u00e3o, comprovante de resid\u00eancia em Ub\u00e1 no nome da pessoa a ser vacinada (ou Declara\u00e7\u00e3o de resid\u00eancia em Ub\u00e1 da ESF a qual pertence, ou Declara\u00e7\u00e3o da Policl\u00ednica para \u00e1reas descobertas).<\/span><\/p>\n<p><strong>Assessoria de Comunica\u00e7\u00e3o Prefeitura de Ub\u00e1<\/strong><\/p>\n<div style=\"width: 840px;\" class=\"wp-video\"><video class=\"wp-video-shortcode\" id=\"video-20708-1\" width=\"840\" height=\"473\" autoplay preload=\"auto\" controls=\"controls\"><source type=\"video\/mp4\" src=\"https:\/\/ubanews.com\/site\/wp-content\/uploads\/2020\/12\/01020002.00_00_53_25.mp4?_=1\" \/><a href=\"https:\/\/ubanews.com\/site\/wp-content\/uploads\/2020\/12\/01020002.00_00_53_25.mp4\">https:\/\/ubanews.com\/site\/wp-content\/uploads\/2020\/12\/01020002.00_00_53_25.mp4<\/a><\/video><\/div>\n<\/div>\n","protected":false},"excerpt":{"rendered":"<p>Com a chegada de nova remessa de doses, a Prefeitura<\/p>\n","protected":false},"author":2,"featured_media":20710,"comment_status":"open","ping_status":"open","sticky":false,"template":"","format":"standard","meta":{"footnotes":""},"categories":[15],"tags":[],"class_list":["post-20708","post","type-post","status-publish","format-standard","has-post-thumbnail","hentry","category-prefeitura-municipal"],"yoast_head":"<!-- This site is optimized with the Yoast SEO plugin v27.2 - https:\/\/yoast.com\/product\/yoast-seo-wordpress\/ -->\n<title>Nova programa\u00e7\u00e3o de vacina\u00e7\u00e3o at\u00e9 24\/09 - Ub\u00e1 News<\/title>\n<meta name=\"robots\" content=\"index, follow, max-snippet:-1, max-image-preview:large, max-video-preview:-1\" \/>\n<link rel=\"canonical\" href=\"https:\/\/ubanews.com\/site\/2021\/09\/21\/nova-programacao-de-vacinacao-ate-24-09\/\" \/>\n<meta property=\"og:locale\" content=\"pt_BR\" \/>\n<meta property=\"og:type\" content=\"article\" \/>\n<meta property=\"og:title\" content=\"Nova programa\u00e7\u00e3o de vacina\u00e7\u00e3o at\u00e9 24\/09 - Ub\u00e1 News\" \/>\n<meta property=\"og:description\" content=\"Com a chegada de nova remessa de doses, a Prefeitura\" \/>\n<meta property=\"og:url\" content=\"https:\/\/ubanews.com\/site\/2021\/09\/21\/nova-programacao-de-vacinacao-ate-24-09\/\" \/>\n<meta property=\"og:site_name\" content=\"Ub\u00e1 News\" \/>\n<meta property=\"article:publisher\" content=\"https:\/\/www.facebook.com\/Ub%c3%a1News-Carlos-Roberto-Sodr%c3%a9-418778301977370\" \/>\n<meta property=\"article:author\" content=\"https:\/\/www.facebook.com\/carosroberto.sodre.5\/\" \/>\n<meta property=\"article:published_time\" content=\"2021-09-21T21:04:47+00:00\" \/>\n<meta property=\"og:image\" content=\"https:\/\/ubanews.com\/site\/wp-content\/uploads\/2021\/09\/821.jpg\" \/>\n\t<meta property=\"og:image:width\" content=\"1000\" \/>\n\t<meta property=\"og:image:height\" content=\"450\" \/>\n\t<meta property=\"og:image:type\" content=\"image\/jpeg\" \/>\n<meta name=\"author\" content=\"Sodr\u00e9\" \/>\n<meta name=\"twitter:card\" content=\"summary_large_image\" \/>\n<meta name=\"twitter:label1\" content=\"Escrito por\" \/>\n\t<meta name=\"twitter:data1\" content=\"Sodr\u00e9\" \/>\n\t<meta name=\"twitter:label2\" content=\"Est. tempo de leitura\" \/>\n\t<meta name=\"twitter:data2\" content=\"5 minutos\" \/>\n<script type=\"application\/ld+json\" class=\"yoast-schema-graph\">{\"@context\":\"https:\/\/schema.org\",\"@graph\":[{\"@type\":\"Article\",\"@id\":\"https:\/\/ubanews.com\/site\/2021\/09\/21\/nova-programacao-de-vacinacao-ate-24-09\/#article\",\"isPartOf\":{\"@id\":\"https:\/\/ubanews.com\/site\/2021\/09\/21\/nova-programacao-de-vacinacao-ate-24-09\/\"},\"author\":{\"name\":\"Sodr\u00e9\",\"@id\":\"https:\/\/ubanews.com\/site\/#\/schema\/person\/d90c9e47252fbb63dcc969fe4c8b9d10\"},\"headline\":\"Nova programa\u00e7\u00e3o de vacina\u00e7\u00e3o at\u00e9 24\/09\",\"datePublished\":\"2021-09-21T21:04:47+00:00\",\"mainEntityOfPage\":{\"@id\":\"https:\/\/ubanews.com\/site\/2021\/09\/21\/nova-programacao-de-vacinacao-ate-24-09\/\"},\"wordCount\":1044,\"commentCount\":0,\"publisher\":{\"@id\":\"https:\/\/ubanews.com\/site\/#organization\"},\"image\":{\"@id\":\"https:\/\/ubanews.com\/site\/2021\/09\/21\/nova-programacao-de-vacinacao-ate-24-09\/#primaryimage\"},\"thumbnailUrl\":\"https:\/\/ubanews.com\/site\/wp-content\/uploads\/2021\/09\/821.jpg\",\"articleSection\":[\"Prefeitura Municipal\"],\"inLanguage\":\"pt-BR\",\"potentialAction\":[{\"@type\":\"CommentAction\",\"name\":\"Comment\",\"target\":[\"https:\/\/ubanews.com\/site\/2021\/09\/21\/nova-programacao-de-vacinacao-ate-24-09\/#respond\"]}]},{\"@type\":\"WebPage\",\"@id\":\"https:\/\/ubanews.com\/site\/2021\/09\/21\/nova-programacao-de-vacinacao-ate-24-09\/\",\"url\":\"https:\/\/ubanews.com\/site\/2021\/09\/21\/nova-programacao-de-vacinacao-ate-24-09\/\",\"name\":\"Nova programa\u00e7\u00e3o de vacina\u00e7\u00e3o at\u00e9 24\/09 - Ub\u00e1 News\",\"isPartOf\":{\"@id\":\"https:\/\/ubanews.com\/site\/#website\"},\"primaryImageOfPage\":{\"@id\":\"https:\/\/ubanews.com\/site\/2021\/09\/21\/nova-programacao-de-vacinacao-ate-24-09\/#primaryimage\"},\"image\":{\"@id\":\"https:\/\/ubanews.com\/site\/2021\/09\/21\/nova-programacao-de-vacinacao-ate-24-09\/#primaryimage\"},\"thumbnailUrl\":\"https:\/\/ubanews.com\/site\/wp-content\/uploads\/2021\/09\/821.jpg\",\"datePublished\":\"2021-09-21T21:04:47+00:00\",\"breadcrumb\":{\"@id\":\"https:\/\/ubanews.com\/site\/2021\/09\/21\/nova-programacao-de-vacinacao-ate-24-09\/#breadcrumb\"},\"inLanguage\":\"pt-BR\",\"potentialAction\":[{\"@type\":\"ReadAction\",\"target\":[\"https:\/\/ubanews.com\/site\/2021\/09\/21\/nova-programacao-de-vacinacao-ate-24-09\/\"]}]},{\"@type\":\"ImageObject\",\"inLanguage\":\"pt-BR\",\"@id\":\"https:\/\/ubanews.com\/site\/2021\/09\/21\/nova-programacao-de-vacinacao-ate-24-09\/#primaryimage\",\"url\":\"https:\/\/ubanews.com\/site\/wp-content\/uploads\/2021\/09\/821.jpg\",\"contentUrl\":\"https:\/\/ubanews.com\/site\/wp-content\/uploads\/2021\/09\/821.jpg\",\"width\":1000,\"height\":450},{\"@type\":\"BreadcrumbList\",\"@id\":\"https:\/\/ubanews.com\/site\/2021\/09\/21\/nova-programacao-de-vacinacao-ate-24-09\/#breadcrumb\",\"itemListElement\":[{\"@type\":\"ListItem\",\"position\":1,\"name\":\"Home\",\"item\":\"https:\/\/ubanews.com\/site\/\"},{\"@type\":\"ListItem\",\"position\":2,\"name\":\"Nova programa\u00e7\u00e3o de vacina\u00e7\u00e3o at\u00e9 24\/09\"}]},{\"@type\":\"WebSite\",\"@id\":\"https:\/\/ubanews.com\/site\/#website\",\"url\":\"https:\/\/ubanews.com\/site\/\",\"name\":\"Ub\u00e1 News\",\"description\":\"\",\"publisher\":{\"@id\":\"https:\/\/ubanews.com\/site\/#organization\"},\"potentialAction\":[{\"@type\":\"SearchAction\",\"target\":{\"@type\":\"EntryPoint\",\"urlTemplate\":\"https:\/\/ubanews.com\/site\/?s={search_term_string}\"},\"query-input\":{\"@type\":\"PropertyValueSpecification\",\"valueRequired\":true,\"valueName\":\"search_term_string\"}}],\"inLanguage\":\"pt-BR\"},{\"@type\":\"Organization\",\"@id\":\"https:\/\/ubanews.com\/site\/#organization\",\"name\":\"Ub\u00e1 News\",\"url\":\"https:\/\/ubanews.com\/site\/\",\"logo\":{\"@type\":\"ImageObject\",\"inLanguage\":\"pt-BR\",\"@id\":\"https:\/\/ubanews.com\/site\/#\/schema\/logo\/image\/\",\"url\":\"https:\/\/ubanews.com\/site\/wp-content\/uploads\/2018\/01\/logoubanews.png\",\"contentUrl\":\"https:\/\/ubanews.com\/site\/wp-content\/uploads\/2018\/01\/logoubanews.png\",\"width\":261,\"height\":99,\"caption\":\"Ub\u00e1 News\"},\"image\":{\"@id\":\"https:\/\/ubanews.com\/site\/#\/schema\/logo\/image\/\"},\"sameAs\":[\"https:\/\/www.facebook.com\/Ub\u00e1News-Carlos-Roberto-Sodr\u00e9-418778301977370\"]},{\"@type\":\"Person\",\"@id\":\"https:\/\/ubanews.com\/site\/#\/schema\/person\/d90c9e47252fbb63dcc969fe4c8b9d10\",\"name\":\"Sodr\u00e9\",\"image\":{\"@type\":\"ImageObject\",\"inLanguage\":\"pt-BR\",\"@id\":\"https:\/\/secure.gravatar.com\/avatar\/5ba2793f0590b9dbfad3fdec4ee714485b3eef211c9b32ee53d414060454a56c?s=96&d=mm&r=g\",\"url\":\"https:\/\/secure.gravatar.com\/avatar\/5ba2793f0590b9dbfad3fdec4ee714485b3eef211c9b32ee53d414060454a56c?s=96&d=mm&r=g\",\"contentUrl\":\"https:\/\/secure.gravatar.com\/avatar\/5ba2793f0590b9dbfad3fdec4ee714485b3eef211c9b32ee53d414060454a56c?s=96&d=mm&r=g\",\"caption\":\"Sodr\u00e9\"},\"sameAs\":[\"https:\/\/www.facebook.com\/carosroberto.sodre.5\/\"],\"url\":\"https:\/\/ubanews.com\/site\/author\/felipe\/\"}]}<\/script>\n<!-- \/ Yoast SEO plugin. -->","yoast_head_json":{"title":"Nova programa\u00e7\u00e3o de vacina\u00e7\u00e3o at\u00e9 24\/09 - Ub\u00e1 News","robots":{"index":"index","follow":"follow","max-snippet":"max-snippet:-1","max-image-preview":"max-image-preview:large","max-video-preview":"max-video-preview:-1"},"canonical":"https:\/\/ubanews.com\/site\/2021\/09\/21\/nova-programacao-de-vacinacao-ate-24-09\/","og_locale":"pt_BR","og_type":"article","og_title":"Nova programa\u00e7\u00e3o de vacina\u00e7\u00e3o at\u00e9 24\/09 - Ub\u00e1 News","og_description":"Com a chegada de nova remessa de doses, a Prefeitura","og_url":"https:\/\/ubanews.com\/site\/2021\/09\/21\/nova-programacao-de-vacinacao-ate-24-09\/","og_site_name":"Ub\u00e1 News","article_publisher":"https:\/\/www.facebook.com\/Ub%c3%a1News-Carlos-Roberto-Sodr%c3%a9-418778301977370","article_author":"https:\/\/www.facebook.com\/carosroberto.sodre.5\/","article_published_time":"2021-09-21T21:04:47+00:00","og_image":[{"width":1000,"height":450,"url":"https:\/\/ubanews.com\/site\/wp-content\/uploads\/2021\/09\/821.jpg","type":"image\/jpeg"}],"author":"Sodr\u00e9","twitter_card":"summary_large_image","twitter_misc":{"Escrito por":"Sodr\u00e9","Est. tempo de leitura":"5 minutos"},"schema":{"@context":"https:\/\/schema.org","@graph":[{"@type":"Article","@id":"https:\/\/ubanews.com\/site\/2021\/09\/21\/nova-programacao-de-vacinacao-ate-24-09\/#article","isPartOf":{"@id":"https:\/\/ubanews.com\/site\/2021\/09\/21\/nova-programacao-de-vacinacao-ate-24-09\/"},"author":{"name":"Sodr\u00e9","@id":"https:\/\/ubanews.com\/site\/#\/schema\/person\/d90c9e47252fbb63dcc969fe4c8b9d10"},"headline":"Nova programa\u00e7\u00e3o de vacina\u00e7\u00e3o at\u00e9 24\/09","datePublished":"2021-09-21T21:04:47+00:00","mainEntityOfPage":{"@id":"https:\/\/ubanews.com\/site\/2021\/09\/21\/nova-programacao-de-vacinacao-ate-24-09\/"},"wordCount":1044,"commentCount":0,"publisher":{"@id":"https:\/\/ubanews.com\/site\/#organization"},"image":{"@id":"https:\/\/ubanews.com\/site\/2021\/09\/21\/nova-programacao-de-vacinacao-ate-24-09\/#primaryimage"},"thumbnailUrl":"https:\/\/ubanews.com\/site\/wp-content\/uploads\/2021\/09\/821.jpg","articleSection":["Prefeitura Municipal"],"inLanguage":"pt-BR","potentialAction":[{"@type":"CommentAction","name":"Comment","target":["https:\/\/ubanews.com\/site\/2021\/09\/21\/nova-programacao-de-vacinacao-ate-24-09\/#respond"]}]},{"@type":"WebPage","@id":"https:\/\/ubanews.com\/site\/2021\/09\/21\/nova-programacao-de-vacinacao-ate-24-09\/","url":"https:\/\/ubanews.com\/site\/2021\/09\/21\/nova-programacao-de-vacinacao-ate-24-09\/","name":"Nova programa\u00e7\u00e3o de vacina\u00e7\u00e3o at\u00e9 24\/09 - Ub\u00e1 News","isPartOf":{"@id":"https:\/\/ubanews.com\/site\/#website"},"primaryImageOfPage":{"@id":"https:\/\/ubanews.com\/site\/2021\/09\/21\/nova-programacao-de-vacinacao-ate-24-09\/#primaryimage"},"image":{"@id":"https:\/\/ubanews.com\/site\/2021\/09\/21\/nova-programacao-de-vacinacao-ate-24-09\/#primaryimage"},"thumbnailUrl":"https:\/\/ubanews.com\/site\/wp-content\/uploads\/2021\/09\/821.jpg","datePublished":"2021-09-21T21:04:47+00:00","breadcrumb":{"@id":"https:\/\/ubanews.com\/site\/2021\/09\/21\/nova-programacao-de-vacinacao-ate-24-09\/#breadcrumb"},"inLanguage":"pt-BR","potentialAction":[{"@type":"ReadAction","target":["https:\/\/ubanews.com\/site\/2021\/09\/21\/nova-programacao-de-vacinacao-ate-24-09\/"]}]},{"@type":"ImageObject","inLanguage":"pt-BR","@id":"https:\/\/ubanews.com\/site\/2021\/09\/21\/nova-programacao-de-vacinacao-ate-24-09\/#primaryimage","url":"https:\/\/ubanews.com\/site\/wp-content\/uploads\/2021\/09\/821.jpg","contentUrl":"https:\/\/ubanews.com\/site\/wp-content\/uploads\/2021\/09\/821.jpg","width":1000,"height":450},{"@type":"BreadcrumbList","@id":"https:\/\/ubanews.com\/site\/2021\/09\/21\/nova-programacao-de-vacinacao-ate-24-09\/#breadcrumb","itemListElement":[{"@type":"ListItem","position":1,"name":"Home","item":"https:\/\/ubanews.com\/site\/"},{"@type":"ListItem","position":2,"name":"Nova programa\u00e7\u00e3o de vacina\u00e7\u00e3o at\u00e9 24\/09"}]},{"@type":"WebSite","@id":"https:\/\/ubanews.com\/site\/#website","url":"https:\/\/ubanews.com\/site\/","name":"Ub\u00e1 News","description":"","publisher":{"@id":"https:\/\/ubanews.com\/site\/#organization"},"potentialAction":[{"@type":"SearchAction","target":{"@type":"EntryPoint","urlTemplate":"https:\/\/ubanews.com\/site\/?s={search_term_string}"},"query-input":{"@type":"PropertyValueSpecification","valueRequired":true,"valueName":"search_term_string"}}],"inLanguage":"pt-BR"},{"@type":"Organization","@id":"https:\/\/ubanews.com\/site\/#organization","name":"Ub\u00e1 News","url":"https:\/\/ubanews.com\/site\/","logo":{"@type":"ImageObject","inLanguage":"pt-BR","@id":"https:\/\/ubanews.com\/site\/#\/schema\/logo\/image\/","url":"https:\/\/ubanews.com\/site\/wp-content\/uploads\/2018\/01\/logoubanews.png","contentUrl":"https:\/\/ubanews.com\/site\/wp-content\/uploads\/2018\/01\/logoubanews.png","width":261,"height":99,"caption":"Ub\u00e1 News"},"image":{"@id":"https:\/\/ubanews.com\/site\/#\/schema\/logo\/image\/"},"sameAs":["https:\/\/www.facebook.com\/Ub\u00e1News-Carlos-Roberto-Sodr\u00e9-418778301977370"]},{"@type":"Person","@id":"https:\/\/ubanews.com\/site\/#\/schema\/person\/d90c9e47252fbb63dcc969fe4c8b9d10","name":"Sodr\u00e9","image":{"@type":"ImageObject","inLanguage":"pt-BR","@id":"https:\/\/secure.gravatar.com\/avatar\/5ba2793f0590b9dbfad3fdec4ee714485b3eef211c9b32ee53d414060454a56c?s=96&d=mm&r=g","url":"https:\/\/secure.gravatar.com\/avatar\/5ba2793f0590b9dbfad3fdec4ee714485b3eef211c9b32ee53d414060454a56c?s=96&d=mm&r=g","contentUrl":"https:\/\/secure.gravatar.com\/avatar\/5ba2793f0590b9dbfad3fdec4ee714485b3eef211c9b32ee53d414060454a56c?s=96&d=mm&r=g","caption":"Sodr\u00e9"},"sameAs":["https:\/\/www.facebook.com\/carosroberto.sodre.5\/"],"url":"https:\/\/ubanews.com\/site\/author\/felipe\/"}]}},"_links":{"self":[{"href":"https:\/\/ubanews.com\/site\/wp-json\/wp\/v2\/posts\/20708","targetHints":{"allow":["GET"]}}],"collection":[{"href":"https:\/\/ubanews.com\/site\/wp-json\/wp\/v2\/posts"}],"about":[{"href":"https:\/\/ubanews.com\/site\/wp-json\/wp\/v2\/types\/post"}],"author":[{"embeddable":true,"href":"https:\/\/ubanews.com\/site\/wp-json\/wp\/v2\/users\/2"}],"replies":[{"embeddable":true,"href":"https:\/\/ubanews.com\/site\/wp-json\/wp\/v2\/comments?post=20708"}],"version-history":[{"count":0,"href":"https:\/\/ubanews.com\/site\/wp-json\/wp\/v2\/posts\/20708\/revisions"}],"wp:featuredmedia":[{"embeddable":true,"href":"https:\/\/ubanews.com\/site\/wp-json\/wp\/v2\/media\/20710"}],"wp:attachment":[{"href":"https:\/\/ubanews.com\/site\/wp-json\/wp\/v2\/media?parent=20708"}],"wp:term":[{"taxonomy":"category","embeddable":true,"href":"https:\/\/ubanews.com\/site\/wp-json\/wp\/v2\/categories?post=20708"},{"taxonomy":"post_tag","embeddable":true,"href":"https:\/\/ubanews.com\/site\/wp-json\/wp\/v2\/tags?post=20708"}],"curies":[{"name":"wp","href":"https:\/\/api.w.org\/{rel}","templated":true}]}}