{"id":20627,"date":"2021-09-17T18:31:47","date_gmt":"2021-09-17T21:31:47","guid":{"rendered":"http:\/\/ubanews.com\/site\/?p=20627"},"modified":"2021-09-17T18:31:47","modified_gmt":"2021-09-17T21:31:47","slug":"acontece-neste-sabado-dia-18-de-setembro-a-ultima-rodada-da-campanha-de-vacinacao-antirrabica","status":"publish","type":"post","link":"https:\/\/ubanews.com\/site\/2021\/09\/17\/acontece-neste-sabado-dia-18-de-setembro-a-ultima-rodada-da-campanha-de-vacinacao-antirrabica\/","title":{"rendered":"Acontece neste s\u00e1bado, dia 18 de setembro, a \u00faltima rodada da Campanha de Vacina\u00e7\u00e3o Antirr\u00e1bica"},"content":{"rendered":"<p style=\"font-weight: 400;\">&nbsp;Etapa Rural nos seguintes hor\u00e1rios e locais:<\/p>\n<p style=\"font-weight: 400;\"><strong><b>Dia 18\/09 (s\u00e1bado), de 7h30 \u00e0s 15h30, vacina\u00e7\u00e3o de casa em casa nos seguintes locais:&nbsp;<\/b><\/strong>Rodovia Ub\u00e1 X Rodeiro, C\u00f3rrego S\u00e3o Pedro, C\u00f3rrego Alegre, Diamante, V\u00e1rzea do Piment\u00e3o at\u00e9 a divisa com Sobral Pinto; C\u00f3rrego Braguinhas; proximidades da APAE Rural; Ubeba; Liga\u00e7\u00e3o; Quebra C\u00f4co; regi\u00e3o do Aterro Sanit\u00e1rio; C\u00f3rrego S\u00e3o Domingos; Col\u00f4nia Padre Dami\u00e3o; Povoado S\u00e3o Domingos e Povoado Boa Vista.<\/p>\n<p style=\"font-weight: 400;\"><strong><b>Dia 18\/09 (s\u00e1bado), vacina\u00e7\u00e3o em pontos fixos no seguinte locais:<\/b><\/strong><\/p>\n<p style=\"font-weight: 400;\">&#8211; Diamante: de 12h30 \u00e0s 14h30;<\/p>\n<p style=\"font-weight: 400;\">&#8211; Povoado Boa Vista: de 11h30 \u00e0s 15h30 Horas;<\/p>\n<p style=\"font-weight: 400;\">&#8211; Col\u00f4nia Padre Dami\u00e3o: de 07h30 \u00e0s 15h30;<\/p>\n<p style=\"font-weight: 400;\">&#8211; Povoado S\u00e3o Domingos: de 11h30 \u00e0s 15h30.<\/p>\n<div id=\"metaslider-id-17652\" style=\"max-width: 1000px;\" class=\"ml-slider-3-106-0 metaslider metaslider-nivo metaslider-17652 ml-slider ms-theme-outline\" role=\"region\" aria-label=\"Texto\" data-height=\"200\" data-width=\"1000\">\n    <div id=\"metaslider_container_17652\">\n        <div class='slider-wrapper theme-default'><div class='ribbon'><\/div><div id='metaslider_17652' class='nivoSlider'><\/div><\/div>\n        \n    <\/div>\n<\/div>\n<p style=\"font-weight: 400;\"><strong><b>Orienta\u00e7\u00f5es:<\/b><\/strong><\/p>\n<p style=\"font-weight: 400;\"><strong><b>&nbsp;<\/b><\/strong>&#8211; Os cachorros devem ser levados presos por guias e\/ou coleiras e conduzidos, preferencialmente, por pessoas maiores de 18 anos;<\/p>\n<p style=\"font-weight: 400;\">&#8211; Os gatos devem ser transportados em seguran\u00e7a;<\/p>\n<p style=\"font-weight: 400;\">&#8211; Ser\u00e3o vacinados c\u00e3es e gatos saud\u00e1veis, acima de 3 meses de idade;<\/p>\n<p style=\"font-weight: 400;\">&#8211; \u00c9 obrigat\u00f3rio manter o distanciamento e o uso de m\u00e1scara por todos os tutores que levarem os animais para vacinar.<\/p>\n<p>OBS: Em caso de chuva, a campanha ser\u00e1 cancelada.<\/p>\n<p><strong>Assessoria de Comunica\u00e7\u00e3o Prefeitura de Ub\u00e1<\/strong><\/p>\n<div style=\"width: 840px;\" class=\"wp-video\"><video class=\"wp-video-shortcode\" id=\"video-20627-1\" width=\"840\" height=\"473\" autoplay preload=\"auto\" controls=\"controls\"><source type=\"video\/mp4\" src=\"https:\/\/ubanews.com\/site\/wp-content\/uploads\/2020\/12\/01020002.00_00_53_25.mp4?_=1\" \/><a href=\"https:\/\/ubanews.com\/site\/wp-content\/uploads\/2020\/12\/01020002.00_00_53_25.mp4\">https:\/\/ubanews.com\/site\/wp-content\/uploads\/2020\/12\/01020002.00_00_53_25.mp4<\/a><\/video><\/div>\n","protected":false},"excerpt":{"rendered":"<p>&nbsp;Etapa Rural nos seguintes hor\u00e1rios e locais: Dia 18\/09 (s\u00e1bado),<\/p>\n","protected":false},"author":2,"featured_media":20628,"comment_status":"open","ping_status":"open","sticky":false,"template":"","format":"standard","meta":{"footnotes":""},"categories":[15],"tags":[],"class_list":["post-20627","post","type-post","status-publish","format-standard","has-post-thumbnail","hentry","category-prefeitura-municipal"],"yoast_head":"<!-- This site is optimized with the Yoast SEO plugin v27.2 - https:\/\/yoast.com\/product\/yoast-seo-wordpress\/ -->\n<title>Acontece neste s\u00e1bado, dia 18 de setembro, a \u00faltima rodada da Campanha de Vacina\u00e7\u00e3o Antirr\u00e1bica - Ub\u00e1 News<\/title>\n<meta name=\"robots\" content=\"index, follow, max-snippet:-1, max-image-preview:large, max-video-preview:-1\" \/>\n<link rel=\"canonical\" href=\"https:\/\/ubanews.com\/site\/2021\/09\/17\/acontece-neste-sabado-dia-18-de-setembro-a-ultima-rodada-da-campanha-de-vacinacao-antirrabica\/\" \/>\n<meta property=\"og:locale\" content=\"pt_BR\" \/>\n<meta property=\"og:type\" content=\"article\" \/>\n<meta property=\"og:title\" content=\"Acontece neste s\u00e1bado, dia 18 de setembro, a \u00faltima rodada da Campanha de Vacina\u00e7\u00e3o Antirr\u00e1bica - Ub\u00e1 News\" \/>\n<meta property=\"og:description\" content=\"&nbsp;Etapa Rural nos seguintes hor\u00e1rios e locais: Dia 18\/09 (s\u00e1bado),\" \/>\n<meta property=\"og:url\" content=\"https:\/\/ubanews.com\/site\/2021\/09\/17\/acontece-neste-sabado-dia-18-de-setembro-a-ultima-rodada-da-campanha-de-vacinacao-antirrabica\/\" \/>\n<meta property=\"og:site_name\" content=\"Ub\u00e1 News\" \/>\n<meta property=\"article:publisher\" content=\"https:\/\/www.facebook.com\/Ub%c3%a1News-Carlos-Roberto-Sodr%c3%a9-418778301977370\" \/>\n<meta property=\"article:author\" content=\"https:\/\/www.facebook.com\/carosroberto.sodre.5\/\" \/>\n<meta property=\"article:published_time\" content=\"2021-09-17T21:31:47+00:00\" \/>\n<meta property=\"og:image\" content=\"https:\/\/ubanews.com\/site\/wp-content\/uploads\/2021\/09\/Antirrabica.jpg\" \/>\n\t<meta property=\"og:image:width\" content=\"1000\" \/>\n\t<meta property=\"og:image:height\" content=\"450\" \/>\n\t<meta property=\"og:image:type\" content=\"image\/jpeg\" \/>\n<meta name=\"author\" content=\"Sodr\u00e9\" \/>\n<meta name=\"twitter:card\" content=\"summary_large_image\" \/>\n<meta name=\"twitter:label1\" content=\"Escrito por\" \/>\n\t<meta name=\"twitter:data1\" content=\"Sodr\u00e9\" \/>\n\t<meta name=\"twitter:label2\" content=\"Est. tempo de leitura\" \/>\n\t<meta name=\"twitter:data2\" content=\"1 minuto\" \/>\n<script type=\"application\/ld+json\" class=\"yoast-schema-graph\">{\"@context\":\"https:\/\/schema.org\",\"@graph\":[{\"@type\":\"Article\",\"@id\":\"https:\/\/ubanews.com\/site\/2021\/09\/17\/acontece-neste-sabado-dia-18-de-setembro-a-ultima-rodada-da-campanha-de-vacinacao-antirrabica\/#article\",\"isPartOf\":{\"@id\":\"https:\/\/ubanews.com\/site\/2021\/09\/17\/acontece-neste-sabado-dia-18-de-setembro-a-ultima-rodada-da-campanha-de-vacinacao-antirrabica\/\"},\"author\":{\"name\":\"Sodr\u00e9\",\"@id\":\"https:\/\/ubanews.com\/site\/#\/schema\/person\/d90c9e47252fbb63dcc969fe4c8b9d10\"},\"headline\":\"Acontece neste s\u00e1bado, dia 18 de setembro, a \u00faltima rodada da Campanha de Vacina\u00e7\u00e3o Antirr\u00e1bica\",\"datePublished\":\"2021-09-17T21:31:47+00:00\",\"mainEntityOfPage\":{\"@id\":\"https:\/\/ubanews.com\/site\/2021\/09\/17\/acontece-neste-sabado-dia-18-de-setembro-a-ultima-rodada-da-campanha-de-vacinacao-antirrabica\/\"},\"wordCount\":252,\"commentCount\":0,\"publisher\":{\"@id\":\"https:\/\/ubanews.com\/site\/#organization\"},\"image\":{\"@id\":\"https:\/\/ubanews.com\/site\/2021\/09\/17\/acontece-neste-sabado-dia-18-de-setembro-a-ultima-rodada-da-campanha-de-vacinacao-antirrabica\/#primaryimage\"},\"thumbnailUrl\":\"https:\/\/ubanews.com\/site\/wp-content\/uploads\/2021\/09\/Antirrabica.jpg\",\"articleSection\":[\"Prefeitura Municipal\"],\"inLanguage\":\"pt-BR\",\"potentialAction\":[{\"@type\":\"CommentAction\",\"name\":\"Comment\",\"target\":[\"https:\/\/ubanews.com\/site\/2021\/09\/17\/acontece-neste-sabado-dia-18-de-setembro-a-ultima-rodada-da-campanha-de-vacinacao-antirrabica\/#respond\"]}]},{\"@type\":\"WebPage\",\"@id\":\"https:\/\/ubanews.com\/site\/2021\/09\/17\/acontece-neste-sabado-dia-18-de-setembro-a-ultima-rodada-da-campanha-de-vacinacao-antirrabica\/\",\"url\":\"https:\/\/ubanews.com\/site\/2021\/09\/17\/acontece-neste-sabado-dia-18-de-setembro-a-ultima-rodada-da-campanha-de-vacinacao-antirrabica\/\",\"name\":\"Acontece neste s\u00e1bado, dia 18 de setembro, a \u00faltima rodada da Campanha de Vacina\u00e7\u00e3o Antirr\u00e1bica - Ub\u00e1 News\",\"isPartOf\":{\"@id\":\"https:\/\/ubanews.com\/site\/#website\"},\"primaryImageOfPage\":{\"@id\":\"https:\/\/ubanews.com\/site\/2021\/09\/17\/acontece-neste-sabado-dia-18-de-setembro-a-ultima-rodada-da-campanha-de-vacinacao-antirrabica\/#primaryimage\"},\"image\":{\"@id\":\"https:\/\/ubanews.com\/site\/2021\/09\/17\/acontece-neste-sabado-dia-18-de-setembro-a-ultima-rodada-da-campanha-de-vacinacao-antirrabica\/#primaryimage\"},\"thumbnailUrl\":\"https:\/\/ubanews.com\/site\/wp-content\/uploads\/2021\/09\/Antirrabica.jpg\",\"datePublished\":\"2021-09-17T21:31:47+00:00\",\"breadcrumb\":{\"@id\":\"https:\/\/ubanews.com\/site\/2021\/09\/17\/acontece-neste-sabado-dia-18-de-setembro-a-ultima-rodada-da-campanha-de-vacinacao-antirrabica\/#breadcrumb\"},\"inLanguage\":\"pt-BR\",\"potentialAction\":[{\"@type\":\"ReadAction\",\"target\":[\"https:\/\/ubanews.com\/site\/2021\/09\/17\/acontece-neste-sabado-dia-18-de-setembro-a-ultima-rodada-da-campanha-de-vacinacao-antirrabica\/\"]}]},{\"@type\":\"ImageObject\",\"inLanguage\":\"pt-BR\",\"@id\":\"https:\/\/ubanews.com\/site\/2021\/09\/17\/acontece-neste-sabado-dia-18-de-setembro-a-ultima-rodada-da-campanha-de-vacinacao-antirrabica\/#primaryimage\",\"url\":\"https:\/\/ubanews.com\/site\/wp-content\/uploads\/2021\/09\/Antirrabica.jpg\",\"contentUrl\":\"https:\/\/ubanews.com\/site\/wp-content\/uploads\/2021\/09\/Antirrabica.jpg\",\"width\":1000,\"height\":450},{\"@type\":\"BreadcrumbList\",\"@id\":\"https:\/\/ubanews.com\/site\/2021\/09\/17\/acontece-neste-sabado-dia-18-de-setembro-a-ultima-rodada-da-campanha-de-vacinacao-antirrabica\/#breadcrumb\",\"itemListElement\":[{\"@type\":\"ListItem\",\"position\":1,\"name\":\"Home\",\"item\":\"https:\/\/ubanews.com\/site\/\"},{\"@type\":\"ListItem\",\"position\":2,\"name\":\"Acontece neste s\u00e1bado, dia 18 de setembro, a \u00faltima rodada da Campanha de Vacina\u00e7\u00e3o Antirr\u00e1bica\"}]},{\"@type\":\"WebSite\",\"@id\":\"https:\/\/ubanews.com\/site\/#website\",\"url\":\"https:\/\/ubanews.com\/site\/\",\"name\":\"Ub\u00e1 News\",\"description\":\"\",\"publisher\":{\"@id\":\"https:\/\/ubanews.com\/site\/#organization\"},\"potentialAction\":[{\"@type\":\"SearchAction\",\"target\":{\"@type\":\"EntryPoint\",\"urlTemplate\":\"https:\/\/ubanews.com\/site\/?s={search_term_string}\"},\"query-input\":{\"@type\":\"PropertyValueSpecification\",\"valueRequired\":true,\"valueName\":\"search_term_string\"}}],\"inLanguage\":\"pt-BR\"},{\"@type\":\"Organization\",\"@id\":\"https:\/\/ubanews.com\/site\/#organization\",\"name\":\"Ub\u00e1 News\",\"url\":\"https:\/\/ubanews.com\/site\/\",\"logo\":{\"@type\":\"ImageObject\",\"inLanguage\":\"pt-BR\",\"@id\":\"https:\/\/ubanews.com\/site\/#\/schema\/logo\/image\/\",\"url\":\"https:\/\/ubanews.com\/site\/wp-content\/uploads\/2018\/01\/logoubanews.png\",\"contentUrl\":\"https:\/\/ubanews.com\/site\/wp-content\/uploads\/2018\/01\/logoubanews.png\",\"width\":261,\"height\":99,\"caption\":\"Ub\u00e1 News\"},\"image\":{\"@id\":\"https:\/\/ubanews.com\/site\/#\/schema\/logo\/image\/\"},\"sameAs\":[\"https:\/\/www.facebook.com\/Ub\u00e1News-Carlos-Roberto-Sodr\u00e9-418778301977370\"]},{\"@type\":\"Person\",\"@id\":\"https:\/\/ubanews.com\/site\/#\/schema\/person\/d90c9e47252fbb63dcc969fe4c8b9d10\",\"name\":\"Sodr\u00e9\",\"image\":{\"@type\":\"ImageObject\",\"inLanguage\":\"pt-BR\",\"@id\":\"https:\/\/secure.gravatar.com\/avatar\/5ba2793f0590b9dbfad3fdec4ee714485b3eef211c9b32ee53d414060454a56c?s=96&d=mm&r=g\",\"url\":\"https:\/\/secure.gravatar.com\/avatar\/5ba2793f0590b9dbfad3fdec4ee714485b3eef211c9b32ee53d414060454a56c?s=96&d=mm&r=g\",\"contentUrl\":\"https:\/\/secure.gravatar.com\/avatar\/5ba2793f0590b9dbfad3fdec4ee714485b3eef211c9b32ee53d414060454a56c?s=96&d=mm&r=g\",\"caption\":\"Sodr\u00e9\"},\"sameAs\":[\"https:\/\/www.facebook.com\/carosroberto.sodre.5\/\"],\"url\":\"https:\/\/ubanews.com\/site\/author\/felipe\/\"}]}<\/script>\n<!-- \/ Yoast SEO plugin. -->","yoast_head_json":{"title":"Acontece neste s\u00e1bado, dia 18 de setembro, a \u00faltima rodada da Campanha de Vacina\u00e7\u00e3o Antirr\u00e1bica - Ub\u00e1 News","robots":{"index":"index","follow":"follow","max-snippet":"max-snippet:-1","max-image-preview":"max-image-preview:large","max-video-preview":"max-video-preview:-1"},"canonical":"https:\/\/ubanews.com\/site\/2021\/09\/17\/acontece-neste-sabado-dia-18-de-setembro-a-ultima-rodada-da-campanha-de-vacinacao-antirrabica\/","og_locale":"pt_BR","og_type":"article","og_title":"Acontece neste s\u00e1bado, dia 18 de setembro, a \u00faltima rodada da Campanha de Vacina\u00e7\u00e3o Antirr\u00e1bica - Ub\u00e1 News","og_description":"&nbsp;Etapa Rural nos seguintes hor\u00e1rios e locais: Dia 18\/09 (s\u00e1bado),","og_url":"https:\/\/ubanews.com\/site\/2021\/09\/17\/acontece-neste-sabado-dia-18-de-setembro-a-ultima-rodada-da-campanha-de-vacinacao-antirrabica\/","og_site_name":"Ub\u00e1 News","article_publisher":"https:\/\/www.facebook.com\/Ub%c3%a1News-Carlos-Roberto-Sodr%c3%a9-418778301977370","article_author":"https:\/\/www.facebook.com\/carosroberto.sodre.5\/","article_published_time":"2021-09-17T21:31:47+00:00","og_image":[{"width":1000,"height":450,"url":"https:\/\/ubanews.com\/site\/wp-content\/uploads\/2021\/09\/Antirrabica.jpg","type":"image\/jpeg"}],"author":"Sodr\u00e9","twitter_card":"summary_large_image","twitter_misc":{"Escrito por":"Sodr\u00e9","Est. tempo de leitura":"1 minuto"},"schema":{"@context":"https:\/\/schema.org","@graph":[{"@type":"Article","@id":"https:\/\/ubanews.com\/site\/2021\/09\/17\/acontece-neste-sabado-dia-18-de-setembro-a-ultima-rodada-da-campanha-de-vacinacao-antirrabica\/#article","isPartOf":{"@id":"https:\/\/ubanews.com\/site\/2021\/09\/17\/acontece-neste-sabado-dia-18-de-setembro-a-ultima-rodada-da-campanha-de-vacinacao-antirrabica\/"},"author":{"name":"Sodr\u00e9","@id":"https:\/\/ubanews.com\/site\/#\/schema\/person\/d90c9e47252fbb63dcc969fe4c8b9d10"},"headline":"Acontece neste s\u00e1bado, dia 18 de setembro, a \u00faltima rodada da Campanha de Vacina\u00e7\u00e3o Antirr\u00e1bica","datePublished":"2021-09-17T21:31:47+00:00","mainEntityOfPage":{"@id":"https:\/\/ubanews.com\/site\/2021\/09\/17\/acontece-neste-sabado-dia-18-de-setembro-a-ultima-rodada-da-campanha-de-vacinacao-antirrabica\/"},"wordCount":252,"commentCount":0,"publisher":{"@id":"https:\/\/ubanews.com\/site\/#organization"},"image":{"@id":"https:\/\/ubanews.com\/site\/2021\/09\/17\/acontece-neste-sabado-dia-18-de-setembro-a-ultima-rodada-da-campanha-de-vacinacao-antirrabica\/#primaryimage"},"thumbnailUrl":"https:\/\/ubanews.com\/site\/wp-content\/uploads\/2021\/09\/Antirrabica.jpg","articleSection":["Prefeitura Municipal"],"inLanguage":"pt-BR","potentialAction":[{"@type":"CommentAction","name":"Comment","target":["https:\/\/ubanews.com\/site\/2021\/09\/17\/acontece-neste-sabado-dia-18-de-setembro-a-ultima-rodada-da-campanha-de-vacinacao-antirrabica\/#respond"]}]},{"@type":"WebPage","@id":"https:\/\/ubanews.com\/site\/2021\/09\/17\/acontece-neste-sabado-dia-18-de-setembro-a-ultima-rodada-da-campanha-de-vacinacao-antirrabica\/","url":"https:\/\/ubanews.com\/site\/2021\/09\/17\/acontece-neste-sabado-dia-18-de-setembro-a-ultima-rodada-da-campanha-de-vacinacao-antirrabica\/","name":"Acontece neste s\u00e1bado, dia 18 de setembro, a \u00faltima rodada da Campanha de Vacina\u00e7\u00e3o Antirr\u00e1bica - Ub\u00e1 News","isPartOf":{"@id":"https:\/\/ubanews.com\/site\/#website"},"primaryImageOfPage":{"@id":"https:\/\/ubanews.com\/site\/2021\/09\/17\/acontece-neste-sabado-dia-18-de-setembro-a-ultima-rodada-da-campanha-de-vacinacao-antirrabica\/#primaryimage"},"image":{"@id":"https:\/\/ubanews.com\/site\/2021\/09\/17\/acontece-neste-sabado-dia-18-de-setembro-a-ultima-rodada-da-campanha-de-vacinacao-antirrabica\/#primaryimage"},"thumbnailUrl":"https:\/\/ubanews.com\/site\/wp-content\/uploads\/2021\/09\/Antirrabica.jpg","datePublished":"2021-09-17T21:31:47+00:00","breadcrumb":{"@id":"https:\/\/ubanews.com\/site\/2021\/09\/17\/acontece-neste-sabado-dia-18-de-setembro-a-ultima-rodada-da-campanha-de-vacinacao-antirrabica\/#breadcrumb"},"inLanguage":"pt-BR","potentialAction":[{"@type":"ReadAction","target":["https:\/\/ubanews.com\/site\/2021\/09\/17\/acontece-neste-sabado-dia-18-de-setembro-a-ultima-rodada-da-campanha-de-vacinacao-antirrabica\/"]}]},{"@type":"ImageObject","inLanguage":"pt-BR","@id":"https:\/\/ubanews.com\/site\/2021\/09\/17\/acontece-neste-sabado-dia-18-de-setembro-a-ultima-rodada-da-campanha-de-vacinacao-antirrabica\/#primaryimage","url":"https:\/\/ubanews.com\/site\/wp-content\/uploads\/2021\/09\/Antirrabica.jpg","contentUrl":"https:\/\/ubanews.com\/site\/wp-content\/uploads\/2021\/09\/Antirrabica.jpg","width":1000,"height":450},{"@type":"BreadcrumbList","@id":"https:\/\/ubanews.com\/site\/2021\/09\/17\/acontece-neste-sabado-dia-18-de-setembro-a-ultima-rodada-da-campanha-de-vacinacao-antirrabica\/#breadcrumb","itemListElement":[{"@type":"ListItem","position":1,"name":"Home","item":"https:\/\/ubanews.com\/site\/"},{"@type":"ListItem","position":2,"name":"Acontece neste s\u00e1bado, dia 18 de setembro, a \u00faltima rodada da Campanha de Vacina\u00e7\u00e3o Antirr\u00e1bica"}]},{"@type":"WebSite","@id":"https:\/\/ubanews.com\/site\/#website","url":"https:\/\/ubanews.com\/site\/","name":"Ub\u00e1 News","description":"","publisher":{"@id":"https:\/\/ubanews.com\/site\/#organization"},"potentialAction":[{"@type":"SearchAction","target":{"@type":"EntryPoint","urlTemplate":"https:\/\/ubanews.com\/site\/?s={search_term_string}"},"query-input":{"@type":"PropertyValueSpecification","valueRequired":true,"valueName":"search_term_string"}}],"inLanguage":"pt-BR"},{"@type":"Organization","@id":"https:\/\/ubanews.com\/site\/#organization","name":"Ub\u00e1 News","url":"https:\/\/ubanews.com\/site\/","logo":{"@type":"ImageObject","inLanguage":"pt-BR","@id":"https:\/\/ubanews.com\/site\/#\/schema\/logo\/image\/","url":"https:\/\/ubanews.com\/site\/wp-content\/uploads\/2018\/01\/logoubanews.png","contentUrl":"https:\/\/ubanews.com\/site\/wp-content\/uploads\/2018\/01\/logoubanews.png","width":261,"height":99,"caption":"Ub\u00e1 News"},"image":{"@id":"https:\/\/ubanews.com\/site\/#\/schema\/logo\/image\/"},"sameAs":["https:\/\/www.facebook.com\/Ub\u00e1News-Carlos-Roberto-Sodr\u00e9-418778301977370"]},{"@type":"Person","@id":"https:\/\/ubanews.com\/site\/#\/schema\/person\/d90c9e47252fbb63dcc969fe4c8b9d10","name":"Sodr\u00e9","image":{"@type":"ImageObject","inLanguage":"pt-BR","@id":"https:\/\/secure.gravatar.com\/avatar\/5ba2793f0590b9dbfad3fdec4ee714485b3eef211c9b32ee53d414060454a56c?s=96&d=mm&r=g","url":"https:\/\/secure.gravatar.com\/avatar\/5ba2793f0590b9dbfad3fdec4ee714485b3eef211c9b32ee53d414060454a56c?s=96&d=mm&r=g","contentUrl":"https:\/\/secure.gravatar.com\/avatar\/5ba2793f0590b9dbfad3fdec4ee714485b3eef211c9b32ee53d414060454a56c?s=96&d=mm&r=g","caption":"Sodr\u00e9"},"sameAs":["https:\/\/www.facebook.com\/carosroberto.sodre.5\/"],"url":"https:\/\/ubanews.com\/site\/author\/felipe\/"}]}},"_links":{"self":[{"href":"https:\/\/ubanews.com\/site\/wp-json\/wp\/v2\/posts\/20627","targetHints":{"allow":["GET"]}}],"collection":[{"href":"https:\/\/ubanews.com\/site\/wp-json\/wp\/v2\/posts"}],"about":[{"href":"https:\/\/ubanews.com\/site\/wp-json\/wp\/v2\/types\/post"}],"author":[{"embeddable":true,"href":"https:\/\/ubanews.com\/site\/wp-json\/wp\/v2\/users\/2"}],"replies":[{"embeddable":true,"href":"https:\/\/ubanews.com\/site\/wp-json\/wp\/v2\/comments?post=20627"}],"version-history":[{"count":0,"href":"https:\/\/ubanews.com\/site\/wp-json\/wp\/v2\/posts\/20627\/revisions"}],"wp:featuredmedia":[{"embeddable":true,"href":"https:\/\/ubanews.com\/site\/wp-json\/wp\/v2\/media\/20628"}],"wp:attachment":[{"href":"https:\/\/ubanews.com\/site\/wp-json\/wp\/v2\/media?parent=20627"}],"wp:term":[{"taxonomy":"category","embeddable":true,"href":"https:\/\/ubanews.com\/site\/wp-json\/wp\/v2\/categories?post=20627"},{"taxonomy":"post_tag","embeddable":true,"href":"https:\/\/ubanews.com\/site\/wp-json\/wp\/v2\/tags?post=20627"}],"curies":[{"name":"wp","href":"https:\/\/api.w.org\/{rel}","templated":true}]}}