{"id":20602,"date":"2021-09-14T17:13:53","date_gmt":"2021-09-14T20:13:53","guid":{"rendered":"http:\/\/ubanews.com\/site\/?p=20602"},"modified":"2021-09-14T17:13:53","modified_gmt":"2021-09-14T20:13:53","slug":"vacinacao-de-adolescentes-sera-concluida-na-quinta-feira-em-uba","status":"publish","type":"post","link":"https:\/\/ubanews.com\/site\/2021\/09\/14\/vacinacao-de-adolescentes-sera-concluida-na-quinta-feira-em-uba\/","title":{"rendered":"Vacina\u00e7\u00e3o de adolescentes ser\u00e1 conclu\u00edda na quinta-feira em Ub\u00e1!"},"content":{"rendered":"<div class=\"kvgmc6g5 cxmmr5t8 oygrvhab hcukyx3x c1et5uql ii04i59q\">\n<div dir=\"auto\"><span style=\"font-size: 1.0625rem;\">A vacina\u00e7\u00e3o contra a COVID-19 em Ub\u00e1 continua com agilidade, planejamento e responsabilidade. Nesta quinta-feira (16) o munic\u00edpio atinge a faixa et\u00e1ria de 12 anos de idade, concluindo desta forma o p\u00fablico alvo adolescente. A repescagem ser\u00e1 realizada na sexta. Na programa\u00e7\u00e3o h\u00e1 tamb\u00e9m aplica\u00e7\u00e3o de segundas doses de AstraZeneca, CoronaVac e Pfizer.<\/span><\/div>\n<\/div>\n<div dir=\"auto\">&nbsp;<\/div>\n<div dir=\"auto\"><div id=\"metaslider-id-17652\" style=\"max-width: 1000px;\" class=\"ml-slider-3-110-0 metaslider metaslider-nivo metaslider-17652 ml-slider ms-theme-outline\" role=\"region\" aria-label=\"Texto\" data-height=\"200\" data-width=\"1000\">\n    <div id=\"metaslider_container_17652\">\n        <div class='slider-wrapper theme-default'><div class='ribbon'><\/div><div id='metaslider_17652' class='nivoSlider'><\/div><\/div>\n        \n    <\/div>\n<\/div><\/div>\n<div dir=\"auto\">&nbsp;<\/div>\n<div class=\"o9v6fnle cxmmr5t8 oygrvhab hcukyx3x c1et5uql ii04i59q\">\n<div dir=\"auto\">Aten\u00e7\u00e3o: A vacina\u00e7\u00e3o agora tamb\u00e9m acontece, de segunda a sexta-feira, em 3 Unidades B\u00e1sicas de Sa\u00fade. Confira a programa\u00e7\u00e3o e escolha o ponto mais perto da sua casa!<\/div>\n<\/div>\n<div dir=\"auto\">&nbsp;<\/div>\n<div dir=\"auto\"><a href=\"https:\/\/ubanews.com\/site\/wp-content\/uploads\/2021\/09\/Vacina-contra-a-covid-19-para-adolescentes-em-Uba-01.jpg\"><img loading=\"lazy\" decoding=\"async\" class=\"aligncenter size-full wp-image-20603\" src=\"https:\/\/ubanews.com\/site\/wp-content\/uploads\/2021\/09\/Vacina-contra-a-covid-19-para-adolescentes-em-Uba-01.jpg\" alt=\"\" width=\"1261\" height=\"1280\" srcset=\"https:\/\/ubanews.com\/site\/wp-content\/uploads\/2021\/09\/Vacina-contra-a-covid-19-para-adolescentes-em-Uba-01.jpg 1261w, https:\/\/ubanews.com\/site\/wp-content\/uploads\/2021\/09\/Vacina-contra-a-covid-19-para-adolescentes-em-Uba-01-296x300.jpg 296w, https:\/\/ubanews.com\/site\/wp-content\/uploads\/2021\/09\/Vacina-contra-a-covid-19-para-adolescentes-em-Uba-01-1009x1024.jpg 1009w, https:\/\/ubanews.com\/site\/wp-content\/uploads\/2021\/09\/Vacina-contra-a-covid-19-para-adolescentes-em-Uba-01-768x780.jpg 768w\" sizes=\"auto, (max-width: 1261px) 100vw, 1261px\" \/><\/a><\/div>\n<div dir=\"auto\">&nbsp;<\/div>\n<div dir=\"auto\"><a href=\"https:\/\/ubanews.com\/site\/wp-content\/uploads\/2021\/09\/Vacina-contra-a-covid-19-para-adolescentes-em-Uba-02.jpg\"><img loading=\"lazy\" decoding=\"async\" class=\"aligncenter size-full wp-image-20604\" src=\"https:\/\/ubanews.com\/site\/wp-content\/uploads\/2021\/09\/Vacina-contra-a-covid-19-para-adolescentes-em-Uba-02.jpg\" alt=\"\" width=\"1261\" height=\"1280\" srcset=\"https:\/\/ubanews.com\/site\/wp-content\/uploads\/2021\/09\/Vacina-contra-a-covid-19-para-adolescentes-em-Uba-02.jpg 1261w, https:\/\/ubanews.com\/site\/wp-content\/uploads\/2021\/09\/Vacina-contra-a-covid-19-para-adolescentes-em-Uba-02-296x300.jpg 296w, https:\/\/ubanews.com\/site\/wp-content\/uploads\/2021\/09\/Vacina-contra-a-covid-19-para-adolescentes-em-Uba-02-1009x1024.jpg 1009w, https:\/\/ubanews.com\/site\/wp-content\/uploads\/2021\/09\/Vacina-contra-a-covid-19-para-adolescentes-em-Uba-02-768x780.jpg 768w\" sizes=\"auto, (max-width: 1261px) 100vw, 1261px\" \/><\/a><\/div>\n<div dir=\"auto\">&nbsp;<\/div>\n<div dir=\"auto\"><a href=\"https:\/\/ubanews.com\/site\/wp-content\/uploads\/2021\/09\/Vacina-contra-a-covid-19-para-adolescentes-em-Uba-03.jpg\"><img loading=\"lazy\" decoding=\"async\" class=\"aligncenter size-full wp-image-20605\" src=\"https:\/\/ubanews.com\/site\/wp-content\/uploads\/2021\/09\/Vacina-contra-a-covid-19-para-adolescentes-em-Uba-03.jpg\" alt=\"\" width=\"1261\" height=\"1280\" srcset=\"https:\/\/ubanews.com\/site\/wp-content\/uploads\/2021\/09\/Vacina-contra-a-covid-19-para-adolescentes-em-Uba-03.jpg 1261w, https:\/\/ubanews.com\/site\/wp-content\/uploads\/2021\/09\/Vacina-contra-a-covid-19-para-adolescentes-em-Uba-03-296x300.jpg 296w, https:\/\/ubanews.com\/site\/wp-content\/uploads\/2021\/09\/Vacina-contra-a-covid-19-para-adolescentes-em-Uba-03-1009x1024.jpg 1009w, https:\/\/ubanews.com\/site\/wp-content\/uploads\/2021\/09\/Vacina-contra-a-covid-19-para-adolescentes-em-Uba-03-768x780.jpg 768w\" sizes=\"auto, (max-width: 1261px) 100vw, 1261px\" \/><\/a><\/div>\n<div dir=\"auto\">&nbsp;<\/div>\n<div dir=\"auto\"><a href=\"https:\/\/ubanews.com\/site\/wp-content\/uploads\/2021\/09\/Vacina-contra-a-covid-19-para-adolescentes-em-Uba-04.jpg\"><img loading=\"lazy\" decoding=\"async\" class=\"aligncenter size-full wp-image-20606\" src=\"https:\/\/ubanews.com\/site\/wp-content\/uploads\/2021\/09\/Vacina-contra-a-covid-19-para-adolescentes-em-Uba-04.jpg\" alt=\"\" width=\"1261\" height=\"1280\" srcset=\"https:\/\/ubanews.com\/site\/wp-content\/uploads\/2021\/09\/Vacina-contra-a-covid-19-para-adolescentes-em-Uba-04.jpg 1261w, https:\/\/ubanews.com\/site\/wp-content\/uploads\/2021\/09\/Vacina-contra-a-covid-19-para-adolescentes-em-Uba-04-296x300.jpg 296w, https:\/\/ubanews.com\/site\/wp-content\/uploads\/2021\/09\/Vacina-contra-a-covid-19-para-adolescentes-em-Uba-04-1009x1024.jpg 1009w, https:\/\/ubanews.com\/site\/wp-content\/uploads\/2021\/09\/Vacina-contra-a-covid-19-para-adolescentes-em-Uba-04-768x780.jpg 768w\" sizes=\"auto, (max-width: 1261px) 100vw, 1261px\" \/><\/a><\/div>\n<div dir=\"auto\">&nbsp;<\/div>\n<div dir=\"auto\"><a href=\"https:\/\/ubanews.com\/site\/wp-content\/uploads\/2021\/09\/Vacina-contra-a-covid-19-para-adolescentes-em-Uba-05.jpg\"><img loading=\"lazy\" decoding=\"async\" class=\"aligncenter size-full wp-image-20607\" src=\"https:\/\/ubanews.com\/site\/wp-content\/uploads\/2021\/09\/Vacina-contra-a-covid-19-para-adolescentes-em-Uba-05.jpg\" alt=\"\" width=\"1261\" height=\"1280\" srcset=\"https:\/\/ubanews.com\/site\/wp-content\/uploads\/2021\/09\/Vacina-contra-a-covid-19-para-adolescentes-em-Uba-05.jpg 1261w, https:\/\/ubanews.com\/site\/wp-content\/uploads\/2021\/09\/Vacina-contra-a-covid-19-para-adolescentes-em-Uba-05-296x300.jpg 296w, https:\/\/ubanews.com\/site\/wp-content\/uploads\/2021\/09\/Vacina-contra-a-covid-19-para-adolescentes-em-Uba-05-1009x1024.jpg 1009w, https:\/\/ubanews.com\/site\/wp-content\/uploads\/2021\/09\/Vacina-contra-a-covid-19-para-adolescentes-em-Uba-05-768x780.jpg 768w\" sizes=\"auto, (max-width: 1261px) 100vw, 1261px\" \/><\/a><\/div>\n<div dir=\"auto\">&nbsp;<\/div>\n<div dir=\"auto\"><a href=\"https:\/\/ubanews.com\/site\/wp-content\/uploads\/2021\/09\/Vacina-contra-a-covid-19-para-adolescentes-em-Uba-06.jpg\"><img loading=\"lazy\" decoding=\"async\" class=\"aligncenter size-full wp-image-20608\" src=\"https:\/\/ubanews.com\/site\/wp-content\/uploads\/2021\/09\/Vacina-contra-a-covid-19-para-adolescentes-em-Uba-06.jpg\" alt=\"\" width=\"1261\" height=\"1280\" srcset=\"https:\/\/ubanews.com\/site\/wp-content\/uploads\/2021\/09\/Vacina-contra-a-covid-19-para-adolescentes-em-Uba-06.jpg 1261w, https:\/\/ubanews.com\/site\/wp-content\/uploads\/2021\/09\/Vacina-contra-a-covid-19-para-adolescentes-em-Uba-06-296x300.jpg 296w, https:\/\/ubanews.com\/site\/wp-content\/uploads\/2021\/09\/Vacina-contra-a-covid-19-para-adolescentes-em-Uba-06-1009x1024.jpg 1009w, https:\/\/ubanews.com\/site\/wp-content\/uploads\/2021\/09\/Vacina-contra-a-covid-19-para-adolescentes-em-Uba-06-768x780.jpg 768w\" sizes=\"auto, (max-width: 1261px) 100vw, 1261px\" \/><\/a><\/div>\n<div dir=\"auto\">&nbsp;<\/div>\n<div dir=\"auto\"><a href=\"https:\/\/ubanews.com\/site\/wp-content\/uploads\/2021\/09\/Vacina-contra-a-covid-19-para-adolescentes-em-Uba-07.jpg\"><img loading=\"lazy\" decoding=\"async\" class=\"aligncenter size-full wp-image-20609\" src=\"https:\/\/ubanews.com\/site\/wp-content\/uploads\/2021\/09\/Vacina-contra-a-covid-19-para-adolescentes-em-Uba-07.jpg\" alt=\"\" width=\"1261\" height=\"1280\" srcset=\"https:\/\/ubanews.com\/site\/wp-content\/uploads\/2021\/09\/Vacina-contra-a-covid-19-para-adolescentes-em-Uba-07.jpg 1261w, https:\/\/ubanews.com\/site\/wp-content\/uploads\/2021\/09\/Vacina-contra-a-covid-19-para-adolescentes-em-Uba-07-296x300.jpg 296w, https:\/\/ubanews.com\/site\/wp-content\/uploads\/2021\/09\/Vacina-contra-a-covid-19-para-adolescentes-em-Uba-07-1009x1024.jpg 1009w, https:\/\/ubanews.com\/site\/wp-content\/uploads\/2021\/09\/Vacina-contra-a-covid-19-para-adolescentes-em-Uba-07-768x780.jpg 768w\" sizes=\"auto, (max-width: 1261px) 100vw, 1261px\" \/><\/a><\/div>\n<div dir=\"auto\">&nbsp;<\/div>\n<div dir=\"auto\"><a href=\"https:\/\/ubanews.com\/site\/wp-content\/uploads\/2021\/09\/Vacina-contra-a-covid-19-para-adolescentes-em-Uba-08.jpg\"><img loading=\"lazy\" decoding=\"async\" class=\"aligncenter size-full wp-image-20610\" src=\"https:\/\/ubanews.com\/site\/wp-content\/uploads\/2021\/09\/Vacina-contra-a-covid-19-para-adolescentes-em-Uba-08.jpg\" alt=\"\" width=\"1264\" height=\"1280\" srcset=\"https:\/\/ubanews.com\/site\/wp-content\/uploads\/2021\/09\/Vacina-contra-a-covid-19-para-adolescentes-em-Uba-08.jpg 1264w, https:\/\/ubanews.com\/site\/wp-content\/uploads\/2021\/09\/Vacina-contra-a-covid-19-para-adolescentes-em-Uba-08-296x300.jpg 296w, https:\/\/ubanews.com\/site\/wp-content\/uploads\/2021\/09\/Vacina-contra-a-covid-19-para-adolescentes-em-Uba-08-1011x1024.jpg 1011w, https:\/\/ubanews.com\/site\/wp-content\/uploads\/2021\/09\/Vacina-contra-a-covid-19-para-adolescentes-em-Uba-08-768x778.jpg 768w\" sizes=\"auto, (max-width: 1264px) 100vw, 1264px\" \/><\/a><\/div>\n<div dir=\"auto\">&nbsp;<\/div>\n<div dir=\"auto\"><strong>Assessoria de Comunica\u00e7\u00e3o Prefeitura de Ub\u00e1<\/strong><\/div>\n<div dir=\"auto\">&nbsp;<\/div>\n<div dir=\"auto\">\n<div style=\"width: 840px;\" class=\"wp-video\"><video class=\"wp-video-shortcode\" id=\"video-20602-1\" width=\"840\" height=\"473\" autoplay preload=\"auto\" controls=\"controls\"><source type=\"video\/mp4\" src=\"https:\/\/ubanews.com\/site\/wp-content\/uploads\/2020\/12\/01020002.00_00_53_25.mp4?_=1\" \/><a href=\"https:\/\/ubanews.com\/site\/wp-content\/uploads\/2020\/12\/01020002.00_00_53_25.mp4\">https:\/\/ubanews.com\/site\/wp-content\/uploads\/2020\/12\/01020002.00_00_53_25.mp4<\/a><\/video><\/div>\n<\/div>\n","protected":false},"excerpt":{"rendered":"<p>A vacina\u00e7\u00e3o contra a COVID-19 em Ub\u00e1 continua com agilidade,<\/p>\n","protected":false},"author":2,"featured_media":11243,"comment_status":"open","ping_status":"open","sticky":false,"template":"","format":"standard","meta":{"footnotes":""},"categories":[15],"tags":[],"class_list":["post-20602","post","type-post","status-publish","format-standard","has-post-thumbnail","hentry","category-prefeitura-municipal"],"_links":{"self":[{"href":"https:\/\/ubanews.com\/site\/wp-json\/wp\/v2\/posts\/20602","targetHints":{"allow":["GET"]}}],"collection":[{"href":"https:\/\/ubanews.com\/site\/wp-json\/wp\/v2\/posts"}],"about":[{"href":"https:\/\/ubanews.com\/site\/wp-json\/wp\/v2\/types\/post"}],"author":[{"embeddable":true,"href":"https:\/\/ubanews.com\/site\/wp-json\/wp\/v2\/users\/2"}],"replies":[{"embeddable":true,"href":"https:\/\/ubanews.com\/site\/wp-json\/wp\/v2\/comments?post=20602"}],"version-history":[{"count":0,"href":"https:\/\/ubanews.com\/site\/wp-json\/wp\/v2\/posts\/20602\/revisions"}],"wp:featuredmedia":[{"embeddable":true,"href":"https:\/\/ubanews.com\/site\/wp-json\/wp\/v2\/media\/11243"}],"wp:attachment":[{"href":"https:\/\/ubanews.com\/site\/wp-json\/wp\/v2\/media?parent=20602"}],"wp:term":[{"taxonomy":"category","embeddable":true,"href":"https:\/\/ubanews.com\/site\/wp-json\/wp\/v2\/categories?post=20602"},{"taxonomy":"post_tag","embeddable":true,"href":"https:\/\/ubanews.com\/site\/wp-json\/wp\/v2\/tags?post=20602"}],"curies":[{"name":"wp","href":"https:\/\/api.w.org\/{rel}","templated":true}]}}